{"id":97911,"date":"2019-09-10T17:23:36","date_gmt":"2019-09-10T15:23:36","guid":{"rendered":"http:\/\/www.radiopiu.net\/wordpress\/?p=97911"},"modified":"2019-09-11T13:02:30","modified_gmt":"2019-09-11T11:02:30","slug":"97911-2","status":"publish","type":"post","link":"https:\/\/www.radiopiu.net\/wordpress\/97911-2\/","title":{"rendered":"GRAVE INCIDENTE STRADALE TRA CENCENIGHE E AVOSCAN"},"content":{"rendered":"<h2><\/h2>\n<p>&nbsp;<\/p>\n<h2>DA FODOM ALLA VALLE DEL BIOIS, STRAZIANTE URLO DI DOLORE<\/h2>\n<p><a class=\"dt-pswp-item\" href=\"http:\/\/www.radiopiu.net\/wordpress\/wp-content\/uploads\/2019\/09\/WhatsApp-Image-2019-09-10-at-16.56.44.jpeg\" data-dt-img-description=\"\" data-large_image_width=\"200\" data-large_image_height=\"200\"><img loading=\"lazy\" decoding=\"async\" class=\"size-full wp-image-98046 alignright\" src=\"http:\/\/www.radiopiu.net\/wordpress\/wp-content\/uploads\/2019\/09\/WhatsApp-Image-2019-09-10-at-16.56.44.jpeg\" alt=\"\" width=\"200\" height=\"200\" srcset=\"https:\/\/www.radiopiu.net\/wordpress\/wp-content\/uploads\/2019\/09\/WhatsApp-Image-2019-09-10-at-16.56.44.jpeg 200w, https:\/\/www.radiopiu.net\/wordpress\/wp-content\/uploads\/2019\/09\/WhatsApp-Image-2019-09-10-at-16.56.44-150x150.jpeg 150w\" sizes=\"auto, (max-width: 200px) 100vw, 200px\" \/><\/a>Vanessa \u00e8 volata in cielo&#8221;,\u00a0 abbiamo sperato per tutta la giornata di ricevere una bella notizia dal C\u00e0 Foncello di Treviso dove \u00e8 stata portata ieri mattina con l&#8217;elicottero del Suem, perch\u00e9 in tanti si sono prodigati per salvargli la vita, dai primi interventi sulla strada a quella rianimazione dalla quale purtroppo non \u00e8 uscita con le sue gambe. Lo speravamo, lo abbiamo sperato in tanti, quasi una catena anche sulle pagine facebook con la parola FORZA scritta a caratteri cubitali, condivisa, ripetuta, urlata. Amici, conoscenti, chiunque nell&#8217;arco dolomitico ha saputo del terribile schianto ha voluto stringersi in un abbraccio con chi resta, con chi la piange. I suoi parenti, il compagno che probabilmente l&#8217;ha salutata con un bacio prima che si mettesse in viaggio, l&#8217;autista del furgone dove l&#8217;auto si \u00e8 schiantata e che ad ogni scatto dell&#8217;orologio ha continuato a chiedere informazioni e sperare. Chiunque abbia un cuore non ha potuto elevare un pensiero al cielo, alla sorte, invocando un aiuto, la fortuna se necessario. Ma la fortuna non ha risposto. Vanessa se n\u00e8 andata con i suoi 22 anni, il suo sorriso e la sua forza. A Falcade il vuoto \u00e8 palpabile, in territorio Fodom\u00a0 \u00e8 sceso il buio come da sempre quando una giovane vita viene strappata in questo modo. Rimangono le foto con le colleghe di lavoro e tanta voglia di piangere e imprecare contro un destino dalla crudelt\u00e0 assoluta. &#8220;Un disegno&#8221; dir\u00e0\u00a0 qualcuno e lo ripeter\u00e0 invocando chiss\u00e0 che e, di certo uno scarabocchio pi\u00f9 che un disegno, \u00e8 sempre cos\u00ec quando dobbiamo raccontare una vicenda come questa, che purtroppo non \u00e8 la prima perch\u00e9 di figli ne abbiamo salutati tanti lungo le nostre strade e ogni volta il dolore che si mescola alla rabbia \u00e8 sempre lo stesso, devastante. Non ci resta che il &#8220;ciao, guardaci da lass\u00f9&#8221;, non ci resta altro. (mm)<\/p>\n<p>&nbsp;<\/p>\n<p><strong>LA CRONACA<\/strong><\/p>\n<p><a class=\"dt-pswp-item\" href=\"http:\/\/www.radiopiu.net\/wordpress\/wp-content\/uploads\/2019\/09\/43c68959-cdd0-4ae5-b3eb-9cd7dd0e2773-1.jpg\" data-dt-img-description=\"\" data-large_image_width=\"1600\" data-large_image_height=\"1200\"><img loading=\"lazy\" decoding=\"async\" class=\"size-medium wp-image-97979 alignleft\" src=\"http:\/\/www.radiopiu.net\/wordpress\/wp-content\/uploads\/2019\/09\/43c68959-cdd0-4ae5-b3eb-9cd7dd0e2773-1-300x225.jpg\" alt=\"\" width=\"300\" height=\"225\" srcset=\"https:\/\/www.radiopiu.net\/wordpress\/wp-content\/uploads\/2019\/09\/43c68959-cdd0-4ae5-b3eb-9cd7dd0e2773-1-300x225.jpg 300w, https:\/\/www.radiopiu.net\/wordpress\/wp-content\/uploads\/2019\/09\/43c68959-cdd0-4ae5-b3eb-9cd7dd0e2773-1-768x576.jpg 768w, https:\/\/www.radiopiu.net\/wordpress\/wp-content\/uploads\/2019\/09\/43c68959-cdd0-4ae5-b3eb-9cd7dd0e2773-1-1024x768.jpg 1024w, https:\/\/www.radiopiu.net\/wordpress\/wp-content\/uploads\/2019\/09\/43c68959-cdd0-4ae5-b3eb-9cd7dd0e2773-1.jpg 1600w\" sizes=\"auto, (max-width: 300px) 100vw, 300px\" \/><\/a>Grave incidente stradale stamane lungo la regionale 203 agordina in prossimit\u00e0 del bivio per la localit\u00e0 Ghisel tra Cencenighe ed Avoscan di San Tomaso,\u00a0 strada chiusa per gran parte della mattinata non esistendo possibilit\u00e0 di viabilit\u00e0 alternativa. Sono entrate in collisione un&#8217;auto citroen C3 con a bordo Vanessa Masarei, 22 anni originaria\u00a0 di Livinallongo del Col di Lana partita da Falcade e un Fiat Ducato di una ditta locale condotto da A.P.\u00a0 di 62 anni. La ragazza ha avuto la peggio e l&#8217;elicottero del Suem atterrato sulla sede stradale l&#8217;ha portata all&#8217;ospedale di Treviso in gravi condizioni. Lievi ferite per il conducente del mezzo furgonato medicato all&#8217;ospedale di Agordo e dimesso con 7 giorni di prognorsi. Dalle prime indicazioni dei Carabinieri di Falcade intervenuti per i rilievi sembrerebbe che\u00a0 la ragazza abbia perso il controllo del mezzo andando a collidere con il furgone. Come detto la strada \u00e8 rimasta chiusa a lungo per le operazioni di soccorso, rilievi e sgombero mezzi. La provinciale per Avoscan \u00e8 chiusa dai giorni di Vaia, mentre sulla provinciale per San Tomaso sono in corso lavori.<\/p>\n<p>&nbsp;<\/p>\n<p>&nbsp;<\/p>\n<p>&nbsp;<\/p>\n","protected":false},"excerpt":{"rendered":"<p>&nbsp; DA FODOM ALLA VALLE DEL BIOIS, STRAZIANTE URLO DI DOLORE Vanessa \u00e8 volata in cielo&#8221;,\u00a0 abbiamo sperato per tutta la giornata di ricevere una bella notizia dal C\u00e0 Foncello di Treviso dove \u00e8 stata portata ieri mattina con l&#8217;elicottero del Suem, perch\u00e9 in tanti si sono prodigati per salvargli la vita, dai primi interventi&hellip;<\/p>\n","protected":false},"author":1,"featured_media":97979,"comment_status":"closed","ping_status":"closed","sticky":false,"template":"","format":"standard","meta":{"_monsterinsights_skip_tracking":false,"_monsterinsights_sitenote_active":false,"_monsterinsights_sitenote_note":"","_monsterinsights_sitenote_category":0,"footnotes":""},"categories":[1],"tags":[],"class_list":["post-97911","post","type-post","status-publish","format-standard","has-post-thumbnail","hentry","category-senza-categoria","category-1","description-off"],"img_url":"https:\/\/www.radiopiu.net\/wordpress\/wp-content\/uploads\/2019\/09\/43c68959-cdd0-4ae5-b3eb-9cd7dd0e2773-1.jpg","_links":{"self":[{"href":"https:\/\/www.radiopiu.net\/wordpress\/wp-json\/wp\/v2\/posts\/97911","targetHints":{"allow":["GET"]}}],"collection":[{"href":"https:\/\/www.radiopiu.net\/wordpress\/wp-json\/wp\/v2\/posts"}],"about":[{"href":"https:\/\/www.radiopiu.net\/wordpress\/wp-json\/wp\/v2\/types\/post"}],"author":[{"embeddable":true,"href":"https:\/\/www.radiopiu.net\/wordpress\/wp-json\/wp\/v2\/users\/1"}],"replies":[{"embeddable":true,"href":"https:\/\/www.radiopiu.net\/wordpress\/wp-json\/wp\/v2\/comments?post=97911"}],"version-history":[{"count":0,"href":"https:\/\/www.radiopiu.net\/wordpress\/wp-json\/wp\/v2\/posts\/97911\/revisions"}],"wp:featuredmedia":[{"embeddable":true,"href":"https:\/\/www.radiopiu.net\/wordpress\/wp-json\/wp\/v2\/media\/97979"}],"wp:attachment":[{"href":"https:\/\/www.radiopiu.net\/wordpress\/wp-json\/wp\/v2\/media?parent=97911"}],"wp:term":[{"taxonomy":"category","embeddable":true,"href":"https:\/\/www.radiopiu.net\/wordpress\/wp-json\/wp\/v2\/categories?post=97911"},{"taxonomy":"post_tag","embeddable":true,"href":"https:\/\/www.radiopiu.net\/wordpress\/wp-json\/wp\/v2\/tags?post=97911"}],"curies":[{"name":"wp","href":"https:\/\/api.w.org\/{rel}","templated":true}]}}