{"id":97955,"date":"2019-09-10T23:59:44","date_gmt":"2019-09-10T21:59:44","guid":{"rendered":"http:\/\/www.radiopiu.net\/wordpress\/?p=97955"},"modified":"2019-09-11T09:04:41","modified_gmt":"2019-09-11T07:04:41","slug":"trovata-una-immagine-della-bisnonna-propone-una-casa-delle-foto-antiche-di-renato-bona","status":"publish","type":"post","link":"https:\/\/www.radiopiu.net\/wordpress\/trovata-una-immagine-della-bisnonna-propone-una-casa-delle-foto-antiche-di-renato-bona\/","title":{"rendered":"TROVATA UNA IMMAGINE DELLA BISNONNA PROPONE UNA \u201cCASA DELLE FOTO ANTICHE\u201d di RENATO BONA"},"content":{"rendered":"<p><a class=\"dt-pswp-item\" href=\"http:\/\/www.radiopiu.net\/wordpress\/wp-content\/uploads\/2019\/09\/70468485_744107462714996_7962952478696144896_n.jpg\" data-dt-img-description=\"\" data-large_image_width=\"473\" data-large_image_height=\"960\"><img loading=\"lazy\" decoding=\"async\" class=\" wp-image-97957 alignleft\" src=\"http:\/\/www.radiopiu.net\/wordpress\/wp-content\/uploads\/2019\/09\/70468485_744107462714996_7962952478696144896_n-148x300.jpg\" alt=\"\" width=\"102\" height=\"207\" srcset=\"https:\/\/www.radiopiu.net\/wordpress\/wp-content\/uploads\/2019\/09\/70468485_744107462714996_7962952478696144896_n-148x300.jpg 148w, https:\/\/www.radiopiu.net\/wordpress\/wp-content\/uploads\/2019\/09\/70468485_744107462714996_7962952478696144896_n.jpg 473w\" sizes=\"auto, (max-width: 102px) 100vw, 102px\" \/><\/a>Avendo letto su un quotidiano il servizio dal titolo \u201cLa casa delle foto antiche\u201d, l\u2019amica Vilma Tabiadon, originaria per parte di padre del di paesino\u2026 Tabiadon! (4 anime secondo i dati pi\u00f9 recenti \u2013 ndr.) nella Valle del Biois, ma nata e residente a Belluno, si \u00e8 entusiasmata all\u2019iniziativa di una specifica mostra allestita a Vittorio Veneto e si \u00e8 detta convinta che \u201csarebbe bello, interessante, utile che anche dalle nostre parti si facesse qualcosa di analogo, e che iniziative come la recente mostra fotografica che ha proposto il quartiere e la sua gente nelle immagini storiche \u2018Mussoi fra storia e rico<a class=\"dt-pswp-item\" href=\"http:\/\/www.radiopiu.net\/wordpress\/wp-content\/uploads\/2019\/09\/69968560_2301456813517441_8869548877208879104_n.jpg\" data-dt-img-description=\"\" data-large_image_width=\"696\" data-large_image_height=\"960\"><img loading=\"lazy\" decoding=\"async\" class=\"size-medium wp-image-97956 alignright\" src=\"http:\/\/www.radiopiu.net\/wordpress\/wp-content\/uploads\/2019\/09\/69968560_2301456813517441_8869548877208879104_n-218x300.jpg\" alt=\"\" width=\"218\" height=\"300\" srcset=\"https:\/\/www.radiopiu.net\/wordpress\/wp-content\/uploads\/2019\/09\/69968560_2301456813517441_8869548877208879104_n-218x300.jpg 218w, https:\/\/www.radiopiu.net\/wordpress\/wp-content\/uploads\/2019\/09\/69968560_2301456813517441_8869548877208879104_n.jpg 696w\" sizes=\"auto, (max-width: 218px) 100vw, 218px\" \/><\/a>rdi\u2019, solo per citarne una, vanno secondo me nella giusta direzione\u201d. Alcuni album di famiglia che capitano o capiteranno tra le mani di nipoti, pronipoti, e anche oltre, di persone immortalate nelle vecchie fotografie, acquisterebbero un valore decisamente importante se si riuscisse a dare a donne, uomini, luoghi, situazioni, una connotazione temporale precisa ed un\u2019illustrazione dei vari siti e dei soggetti. Si concorrerebbe, secondo Vilma Tabiadon, ad arricchire pagine di storia locale che non sono meno preziose di quelle legate a personaggi, localit\u00e0 ed accadimenti di livello nazionale o internazionale. Il Comune di Vittorio Veneto nel marzo di quest\u2019anno ha lanciato un pubblico appello alla cittadinanza proprio perch\u00e9 concorra a dare un nome alle persone finite negli scatti (il riferimento \u00e8 a ben 505 lastre di vetro trovate nel 2003 durante i restauri di un edificio cinquecentesco a Ceneda; erano murate e ritraggono volti, persone. episodi della societ\u00e0 borghese e contadina che sono stati appunto oggetto della mostra in terra vittoriese. La signora Tabiadon ha colto l\u2019occasione per trarre dai cassetti, o prelevare dai muri dove erano appese come quadretti, una ventina di immagini che ritraggono suoi familiari, o parenti, o amici o anche semplici conoscenti e cos\u00ec, osservandole attentamente e commentandole, ha maturato la convinzione di suggerire un bis di Ceneda anche a Belluno. Abbiamo parlato con Vilma la quale ci ha precisato a proposito di Tabiadon: \u201cCi sono persone che portano il mio stesso cognome, probabilmente parenti molto alla lontana, ma mancano notizie in merito, e chiss\u00e0 quali piacevoli sorprese potremmo registrare\u2026; lass\u00f9, in Val Biois, sono andata per qualche periodo di vacanza ma non ho avuto modo e occasione di approfondire le situazioni, le attivit\u00e0, i modi di vivere, dei giovani di una volta\u2026\u201d. Il mio interesse per la storia e la cultura bellunese? \u201cNasce proprio dalla passione per le cose antiche, qualsiasi esse siano e, lo ammetto, anche per la saggezza che tante persone semplici ci hanno trasmesso. Qui a Belluno per vari motivi non ho potuto come avrei voluto approfondire questa mia passione, magari dedicandomi allo studio dell\u2019archeologia!\u201d. Che ne penso dello spopolamento della montagna? \u201cRitengo che sia uno dei problemi principali della nostra realt\u00e0 per molti versi marginale. Penso ai giovani, alla loro creativit\u00e0 e disponibilit\u00e0, ritengo che aiutarli nei loro progetti sia un modo concreto per dare loro la speranza di un\u2019occupazione nella loro terra e per concorrere, come chiedono, alla sua valorizzazione. Credo insomma che sia possibile offrire loro occasioni anche nel campo dell\u2019attivit\u00e0 artigianale e \u2013 \u00e8 il mio pallino \u2013 in quello della cultura che ha moltissimo da offrire\u201d. In conclusione, la mostra delle fotografie e-o documenti del passato come strumento per concorrere alla valorizzazione di Belluno? \u201cS\u00ec. Detto che quella del Piave \u00e8 la mia citt\u00e0 e la amo profondamente, condivido appieno quanto scrivono annualmente, in base a specifiche indagini, i grandi organi di informazione a proposito della buona qualit\u00e0 della vita dalle nostre parti\u201d. E quanto alla domanda su quale sia la foto pi\u00f9 bella tra quelle che ho a disposizione in casa, scelgo quella che \u00e8 anche la pi\u00f9 vecchia, che ritrae la mia bisnonna con la nonna e la sorella. Quanto possono ancora dirci e darci, anche con la semplice loro immagine in bianconero, i nostri vecchi!\u201d.<\/p>\n<p>&nbsp;<\/p>\n<p>&nbsp;<\/p>\n\n\t\t\t<style type='text\/css'>\n\t\t\t\t#gallery-1 {\n\t\t\t\t\tmargin: auto;\n\t\t\t\t}\n\t\t\t\t#gallery-1 .gallery-item {\n\t\t\t\t\tfloat: left;\n\t\t\t\t\tmargin-top: 10px;\n\t\t\t\t\ttext-align: center;\n\t\t\t\t\twidth: 33%;\n\t\t\t\t}\n\t\t\t\t#gallery-1 img {\n\t\t\t\t\tborder: 2px solid #cfcfcf;\n\t\t\t\t}\n\t\t\t\t#gallery-1 .gallery-caption {\n\t\t\t\t\tmargin-left: 0;\n\t\t\t\t}\n\t\t\t\t\/* see gallery_shortcode() in wp-includes\/media.php *\/\n\t\t\t<\/style>\n\t\t<div id='gallery-1' class='dt-gallery-container gallery galleryid-97955 gallery-columns-3 gallery-size-thumbnail'><dl class='gallery-item'>\n\t\t\t\t<dt class='gallery-icon landscape'>\n\t\t\t\t\t<a class=\"rollover\" href='https:\/\/www.radiopiu.net\/wordpress\/trovata-una-immagine-della-bisnonna-propone-una-casa-delle-foto-antiche-di-renato-bona\/69857823_682630782215853_2568268607670714368_n\/'><img loading=\"lazy\" decoding=\"async\" width=\"150\" height=\"150\" src=\"https:\/\/www.radiopiu.net\/wordpress\/wp-content\/uploads\/2019\/09\/69857823_682630782215853_2568268607670714368_n-150x150.jpg\" class=\"attachment-thumbnail size-thumbnail\" alt=\"\" \/><\/a>\n\t\t\t\t<\/dt><\/dl><dl class='gallery-item'>\n\t\t\t\t<dt class='gallery-icon landscape'>\n\t\t\t\t\t<a class=\"rollover\" href='https:\/\/www.radiopiu.net\/wordpress\/trovata-una-immagine-della-bisnonna-propone-una-casa-delle-foto-antiche-di-renato-bona\/69822938_511412509617799_1503782640057057280_n\/'><img loading=\"lazy\" decoding=\"async\" width=\"150\" height=\"150\" src=\"https:\/\/www.radiopiu.net\/wordpress\/wp-content\/uploads\/2019\/09\/69822938_511412509617799_1503782640057057280_n-150x150.jpg\" class=\"attachment-thumbnail size-thumbnail\" alt=\"\" \/><\/a>\n\t\t\t\t<\/dt><\/dl><dl class='gallery-item'>\n\t\t\t\t<dt class='gallery-icon portrait'>\n\t\t\t\t\t<a class=\"rollover\" href='https:\/\/www.radiopiu.net\/wordpress\/trovata-una-immagine-della-bisnonna-propone-una-casa-delle-foto-antiche-di-renato-bona\/69498628_1499332623537875_2952559745623392256_n\/'><img loading=\"lazy\" decoding=\"async\" width=\"150\" height=\"150\" src=\"https:\/\/www.radiopiu.net\/wordpress\/wp-content\/uploads\/2019\/09\/69498628_1499332623537875_2952559745623392256_n-150x150.jpg\" class=\"attachment-thumbnail size-thumbnail\" alt=\"\" \/><\/a>\n\t\t\t\t<\/dt><\/dl><br style=\"clear: both\" \/><dl class='gallery-item'>\n\t\t\t\t<dt class='gallery-icon landscape'>\n\t\t\t\t\t<a class=\"rollover\" href='https:\/\/www.radiopiu.net\/wordpress\/trovata-una-immagine-della-bisnonna-propone-una-casa-delle-foto-antiche-di-renato-bona\/69790300_781771852240774_6877373892332093440_n\/'><img loading=\"lazy\" decoding=\"async\" width=\"150\" height=\"150\" src=\"https:\/\/www.radiopiu.net\/wordpress\/wp-content\/uploads\/2019\/09\/69790300_781771852240774_6877373892332093440_n-150x150.jpg\" class=\"attachment-thumbnail size-thumbnail\" alt=\"\" \/><\/a>\n\t\t\t\t<\/dt><\/dl><dl class='gallery-item'>\n\t\t\t\t<dt class='gallery-icon portrait'>\n\t\t\t\t\t<a class=\"rollover\" href='https:\/\/www.radiopiu.net\/wordpress\/trovata-una-immagine-della-bisnonna-propone-una-casa-delle-foto-antiche-di-renato-bona\/69497458_1167242506806189_7534170693647204352_n\/'><img loading=\"lazy\" decoding=\"async\" width=\"150\" height=\"150\" src=\"https:\/\/www.radiopiu.net\/wordpress\/wp-content\/uploads\/2019\/09\/69497458_1167242506806189_7534170693647204352_n-150x150.jpg\" class=\"attachment-thumbnail size-thumbnail\" alt=\"\" \/><\/a>\n\t\t\t\t<\/dt><\/dl><dl class='gallery-item'>\n\t\t\t\t<dt class='gallery-icon landscape'>\n\t\t\t\t\t<a class=\"rollover\" href='https:\/\/www.radiopiu.net\/wordpress\/trovata-una-immagine-della-bisnonna-propone-una-casa-delle-foto-antiche-di-renato-bona\/69884923_373643343304609_897167777066909696_n\/'><img loading=\"lazy\" decoding=\"async\" width=\"150\" height=\"150\" src=\"https:\/\/www.radiopiu.net\/wordpress\/wp-content\/uploads\/2019\/09\/69884923_373643343304609_897167777066909696_n-150x150.jpg\" class=\"attachment-thumbnail size-thumbnail\" alt=\"\" \/><\/a>\n\t\t\t\t<\/dt><\/dl><br style=\"clear: both\" \/><dl class='gallery-item'>\n\t\t\t\t<dt class='gallery-icon landscape'>\n\t\t\t\t\t<a class=\"rollover\" href='https:\/\/www.radiopiu.net\/wordpress\/trovata-una-immagine-della-bisnonna-propone-una-casa-delle-foto-antiche-di-renato-bona\/69646523_853544018363902_6890186110488543232_n\/'><img loading=\"lazy\" decoding=\"async\" width=\"150\" height=\"150\" src=\"https:\/\/www.radiopiu.net\/wordpress\/wp-content\/uploads\/2019\/09\/69646523_853544018363902_6890186110488543232_n-150x150.jpg\" class=\"attachment-thumbnail size-thumbnail\" alt=\"\" \/><\/a>\n\t\t\t\t<\/dt><\/dl><dl class='gallery-item'>\n\t\t\t\t<dt class='gallery-icon portrait'>\n\t\t\t\t\t<a class=\"rollover\" href='https:\/\/www.radiopiu.net\/wordpress\/trovata-una-immagine-della-bisnonna-propone-una-casa-delle-foto-antiche-di-renato-bona\/70146937_745374499224732_2275310898455248896_n\/'><img loading=\"lazy\" decoding=\"async\" width=\"150\" height=\"150\" src=\"https:\/\/www.radiopiu.net\/wordpress\/wp-content\/uploads\/2019\/09\/70146937_745374499224732_2275310898455248896_n-150x150.jpg\" class=\"attachment-thumbnail size-thumbnail\" alt=\"\" \/><\/a>\n\t\t\t\t<\/dt><\/dl><dl class='gallery-item'>\n\t\t\t\t<dt class='gallery-icon landscape'>\n\t\t\t\t\t<a class=\"rollover\" href='https:\/\/www.radiopiu.net\/wordpress\/trovata-una-immagine-della-bisnonna-propone-una-casa-delle-foto-antiche-di-renato-bona\/69904612_1308034022707938_5339390500711432192_n\/'><img loading=\"lazy\" decoding=\"async\" width=\"150\" height=\"150\" src=\"https:\/\/www.radiopiu.net\/wordpress\/wp-content\/uploads\/2019\/09\/69904612_1308034022707938_5339390500711432192_n-150x150.jpg\" class=\"attachment-thumbnail size-thumbnail\" alt=\"\" \/><\/a>\n\t\t\t\t<\/dt><\/dl><br style=\"clear: both\" \/><dl class='gallery-item'>\n\t\t\t\t<dt class='gallery-icon portrait'>\n\t\t\t\t\t<a class=\"rollover\" href='https:\/\/www.radiopiu.net\/wordpress\/trovata-una-immagine-della-bisnonna-propone-una-casa-delle-foto-antiche-di-renato-bona\/69726433_489018641933955_8064919911450804224_n\/'><img loading=\"lazy\" decoding=\"async\" width=\"150\" height=\"150\" src=\"https:\/\/www.radiopiu.net\/wordpress\/wp-content\/uploads\/2019\/09\/69726433_489018641933955_8064919911450804224_n-150x150.jpg\" class=\"attachment-thumbnail size-thumbnail\" alt=\"\" \/><\/a>\n\t\t\t\t<\/dt><\/dl><dl class='gallery-item'>\n\t\t\t\t<dt class='gallery-icon portrait'>\n\t\t\t\t\t<a class=\"rollover\" href='https:\/\/www.radiopiu.net\/wordpress\/trovata-una-immagine-della-bisnonna-propone-una-casa-delle-foto-antiche-di-renato-bona\/69853699_2605670946149758_1140224254134976512_n\/'><img loading=\"lazy\" decoding=\"async\" width=\"150\" height=\"150\" src=\"https:\/\/www.radiopiu.net\/wordpress\/wp-content\/uploads\/2019\/09\/69853699_2605670946149758_1140224254134976512_n-150x150.jpg\" class=\"attachment-thumbnail size-thumbnail\" alt=\"\" \/><\/a>\n\t\t\t\t<\/dt><\/dl><dl class='gallery-item'>\n\t\t\t\t<dt class='gallery-icon portrait'>\n\t\t\t\t\t<a class=\"rollover\" href='https:\/\/www.radiopiu.net\/wordpress\/trovata-una-immagine-della-bisnonna-propone-una-casa-delle-foto-antiche-di-renato-bona\/70001417_2393762187366103_5624222960731553792_n\/'><img loading=\"lazy\" decoding=\"async\" width=\"150\" height=\"150\" src=\"https:\/\/www.radiopiu.net\/wordpress\/wp-content\/uploads\/2019\/09\/70001417_2393762187366103_5624222960731553792_n-150x150.jpg\" class=\"attachment-thumbnail size-thumbnail\" alt=\"\" \/><\/a>\n\t\t\t\t<\/dt><\/dl><br style=\"clear: both\" \/><dl class='gallery-item'>\n\t\t\t\t<dt class='gallery-icon portrait'>\n\t\t\t\t\t<a class=\"rollover\" href='https:\/\/www.radiopiu.net\/wordpress\/trovata-una-immagine-della-bisnonna-propone-una-casa-delle-foto-antiche-di-renato-bona\/70437971_527572057992815_4720431519460491264_n\/'><img loading=\"lazy\" decoding=\"async\" width=\"150\" height=\"150\" src=\"https:\/\/www.radiopiu.net\/wordpress\/wp-content\/uploads\/2019\/09\/70437971_527572057992815_4720431519460491264_n-150x150.jpg\" class=\"attachment-thumbnail size-thumbnail\" alt=\"\" \/><\/a>\n\t\t\t\t<\/dt><\/dl><dl class='gallery-item'>\n\t\t\t\t<dt class='gallery-icon portrait'>\n\t\t\t\t\t<a class=\"rollover\" href='https:\/\/www.radiopiu.net\/wordpress\/trovata-una-immagine-della-bisnonna-propone-una-casa-delle-foto-antiche-di-renato-bona\/70384891_380493969518642_5967336842763173888_n\/'><img loading=\"lazy\" decoding=\"async\" width=\"150\" height=\"150\" src=\"https:\/\/www.radiopiu.net\/wordpress\/wp-content\/uploads\/2019\/09\/70384891_380493969518642_5967336842763173888_n-150x150.jpg\" class=\"attachment-thumbnail size-thumbnail\" alt=\"\" \/><\/a>\n\t\t\t\t<\/dt><\/dl><dl class='gallery-item'>\n\t\t\t\t<dt class='gallery-icon portrait'>\n\t\t\t\t\t<a class=\"rollover\" href='https:\/\/www.radiopiu.net\/wordpress\/trovata-una-immagine-della-bisnonna-propone-una-casa-delle-foto-antiche-di-renato-bona\/69663098_2485645141712217_4205582287766552576_n\/'><img loading=\"lazy\" decoding=\"async\" width=\"150\" height=\"150\" src=\"https:\/\/www.radiopiu.net\/wordpress\/wp-content\/uploads\/2019\/09\/69663098_2485645141712217_4205582287766552576_n-150x150.jpg\" class=\"attachment-thumbnail size-thumbnail\" alt=\"\" \/><\/a>\n\t\t\t\t<\/dt><\/dl><br style=\"clear: both\" \/><dl class='gallery-item'>\n\t\t\t\t<dt class='gallery-icon portrait'>\n\t\t\t\t\t<a class=\"rollover\" href='https:\/\/www.radiopiu.net\/wordpress\/trovata-una-immagine-della-bisnonna-propone-una-casa-delle-foto-antiche-di-renato-bona\/69666733_510898729737532_2246480586883465216_n\/'><img loading=\"lazy\" decoding=\"async\" width=\"150\" height=\"150\" src=\"https:\/\/www.radiopiu.net\/wordpress\/wp-content\/uploads\/2019\/09\/69666733_510898729737532_2246480586883465216_n-150x150.jpg\" class=\"attachment-thumbnail size-thumbnail\" alt=\"\" \/><\/a>\n\t\t\t\t<\/dt><\/dl><dl class='gallery-item'>\n\t\t\t\t<dt class='gallery-icon portrait'>\n\t\t\t\t\t<a class=\"rollover\" href='https:\/\/www.radiopiu.net\/wordpress\/trovata-una-immagine-della-bisnonna-propone-una-casa-delle-foto-antiche-di-renato-bona\/69600104_1149526175243996_1957325134905737216_n\/'><img loading=\"lazy\" decoding=\"async\" width=\"150\" height=\"150\" src=\"https:\/\/www.radiopiu.net\/wordpress\/wp-content\/uploads\/2019\/09\/69600104_1149526175243996_1957325134905737216_n-150x150.jpg\" class=\"attachment-thumbnail size-thumbnail\" alt=\"\" \/><\/a>\n\t\t\t\t<\/dt><\/dl><dl class='gallery-item'>\n\t\t\t\t<dt class='gallery-icon landscape'>\n\t\t\t\t\t<a class=\"rollover\" href='https:\/\/www.radiopiu.net\/wordpress\/trovata-una-immagine-della-bisnonna-propone-una-casa-delle-foto-antiche-di-renato-bona\/69983222_2497448970294164_3149656533571207168_n\/'><img loading=\"lazy\" decoding=\"async\" width=\"150\" height=\"150\" src=\"https:\/\/www.radiopiu.net\/wordpress\/wp-content\/uploads\/2019\/09\/69983222_2497448970294164_3149656533571207168_n-150x150.jpg\" class=\"attachment-thumbnail size-thumbnail\" alt=\"\" \/><\/a>\n\t\t\t\t<\/dt><\/dl><br style=\"clear: both\" \/>\n\t\t\t<\/div>\n\n","protected":false},"excerpt":{"rendered":"<p>Avendo letto su un quotidiano il servizio dal titolo \u201cLa casa delle foto antiche\u201d, l\u2019amica Vilma Tabiadon, originaria per parte di padre del di paesino\u2026 Tabiadon! (4 anime secondo i dati pi\u00f9 recenti \u2013 ndr.) nella Valle del Biois, ma nata e residente a Belluno, si \u00e8 entusiasmata all\u2019iniziativa di una specifica mostra allestita a&hellip;<\/p>\n","protected":false},"author":1,"featured_media":97956,"comment_status":"closed","ping_status":"closed","sticky":false,"template":"","format":"standard","meta":{"_monsterinsights_skip_tracking":false,"_monsterinsights_sitenote_active":false,"_monsterinsights_sitenote_note":"","_monsterinsights_sitenote_category":0,"footnotes":""},"categories":[103,49],"tags":[],"class_list":["post-97955","post","type-post","status-publish","format-standard","has-post-thumbnail","hentry","category-evidenza_2","category-news-18","category-103","category-49","description-off"],"img_url":"https:\/\/www.radiopiu.net\/wordpress\/wp-content\/uploads\/2019\/09\/69968560_2301456813517441_8869548877208879104_n.jpg","_links":{"self":[{"href":"https:\/\/www.radiopiu.net\/wordpress\/wp-json\/wp\/v2\/posts\/97955","targetHints":{"allow":["GET"]}}],"collection":[{"href":"https:\/\/www.radiopiu.net\/wordpress\/wp-json\/wp\/v2\/posts"}],"about":[{"href":"https:\/\/www.radiopiu.net\/wordpress\/wp-json\/wp\/v2\/types\/post"}],"author":[{"embeddable":true,"href":"https:\/\/www.radiopiu.net\/wordpress\/wp-json\/wp\/v2\/users\/1"}],"replies":[{"embeddable":true,"href":"https:\/\/www.radiopiu.net\/wordpress\/wp-json\/wp\/v2\/comments?post=97955"}],"version-history":[{"count":0,"href":"https:\/\/www.radiopiu.net\/wordpress\/wp-json\/wp\/v2\/posts\/97955\/revisions"}],"wp:featuredmedia":[{"embeddable":true,"href":"https:\/\/www.radiopiu.net\/wordpress\/wp-json\/wp\/v2\/media\/97956"}],"wp:attachment":[{"href":"https:\/\/www.radiopiu.net\/wordpress\/wp-json\/wp\/v2\/media?parent=97955"}],"wp:term":[{"taxonomy":"category","embeddable":true,"href":"https:\/\/www.radiopiu.net\/wordpress\/wp-json\/wp\/v2\/categories?post=97955"},{"taxonomy":"post_tag","embeddable":true,"href":"https:\/\/www.radiopiu.net\/wordpress\/wp-json\/wp\/v2\/tags?post=97955"}],"curies":[{"name":"wp","href":"https:\/\/api.w.org\/{rel}","templated":true}]}}