{"id":98012,"date":"2019-09-11T05:25:31","date_gmt":"2019-09-11T03:25:31","guid":{"rendered":"http:\/\/www.radiopiu.net\/wordpress\/?p=98012"},"modified":"2019-09-11T05:25:31","modified_gmt":"2019-09-11T03:25:31","slug":"di-ballo-in-ballo-2","status":"publish","type":"post","link":"https:\/\/www.radiopiu.net\/wordpress\/di-ballo-in-ballo-2\/","title":{"rendered":"DI BALLO IN BALLO"},"content":{"rendered":"<p>&nbsp;<\/p>\n<h2><\/h2>\n<p><a class=\"dt-pswp-item\" href=\"http:\/\/www.radiopiu.net\/wordpress\/wp-content\/uploads\/2019\/09\/DiBalloInBallo1.jpg\" data-dt-img-description=\"\" data-large_image_width=\"1367\" data-large_image_height=\"958\"><img loading=\"lazy\" decoding=\"async\" class=\" wp-image-97930 alignleft\" src=\"http:\/\/www.radiopiu.net\/wordpress\/wp-content\/uploads\/2019\/09\/DiBalloInBallo1-300x210.jpg\" alt=\"\" width=\"170\" height=\"119\" srcset=\"https:\/\/www.radiopiu.net\/wordpress\/wp-content\/uploads\/2019\/09\/DiBalloInBallo1-300x210.jpg 300w, https:\/\/www.radiopiu.net\/wordpress\/wp-content\/uploads\/2019\/09\/DiBalloInBallo1-768x538.jpg 768w, https:\/\/www.radiopiu.net\/wordpress\/wp-content\/uploads\/2019\/09\/DiBalloInBallo1-1024x718.jpg 1024w, https:\/\/www.radiopiu.net\/wordpress\/wp-content\/uploads\/2019\/09\/DiBalloInBallo1.jpg 1367w\" sizes=\"auto, (max-width: 170px) 100vw, 170px\" \/><\/a><strong>VOLTAGO<\/strong> Dopo il successo ottenuto con le prime due edizioni di \u201cDI BALLO IN BALLO\u201d l\u2019Union dei Ladin de Oltach (Voltago Agordino) organizza per domenica pomeriggio del 13 ottobre, la terza edizione di questo stage di balli tradizionali che vuole riscoprire le danze di coppia nello spirito della tradizione. L\u2019iniziativa si rivolge a tutti, principianti o esperti del ballo, giovani o meno giovani, per promuovere il modo antico di ballare in coppia. Il corso si propone di recuperare una dimensione pi\u00f9 libera e originaria del ballo per dare la possibilit\u00e0 alle persone di esprimersi e di interagire in modo pi\u00f9 creativo e divertente. La seconda parte del pomeriggio sar\u00e0 dedicata alla festa da ballo in cui verranno insegnati ed eseguiti balli di gruppo. Lo stage si svolger\u00e0 nella sala \u201cGianni De Col\u201d di Voltago Agordino (a 200 metri dalla chiesa parrocchiale in direzione Rivamonte), il 13 ottobre, dalle 14.30 alle 18.30, sotto la guida di Attilio Baccarin, ricercatore e ottimo conoscitore dei balli tradizionali italiani. La partecipazione \u00e8 aperta a tutti, fino ad esaurimento posti. Si consiglia la prenotazione al 349.4934799.<\/p>\n<p>&nbsp;<\/p>\n","protected":false},"excerpt":{"rendered":"<p>&nbsp; VOLTAGO Dopo il successo ottenuto con le prime due edizioni di \u201cDI BALLO IN BALLO\u201d l\u2019Union dei Ladin de Oltach (Voltago Agordino) organizza per domenica pomeriggio del 13 ottobre, la terza edizione di questo stage di balli tradizionali che vuole riscoprire le danze di coppia nello spirito della tradizione. L\u2019iniziativa si rivolge a tutti,&hellip;<\/p>\n","protected":false},"author":1,"featured_media":97929,"comment_status":"closed","ping_status":"closed","sticky":false,"template":"","format":"standard","meta":{"_monsterinsights_skip_tracking":false,"_monsterinsights_sitenote_active":false,"_monsterinsights_sitenote_note":"","_monsterinsights_sitenote_category":0,"footnotes":""},"categories":[49],"tags":[],"class_list":["post-98012","post","type-post","status-publish","format-standard","has-post-thumbnail","hentry","category-news-18","category-49","description-off"],"img_url":"https:\/\/www.radiopiu.net\/wordpress\/wp-content\/uploads\/2019\/09\/DiBalloInBallo.jpg","_links":{"self":[{"href":"https:\/\/www.radiopiu.net\/wordpress\/wp-json\/wp\/v2\/posts\/98012","targetHints":{"allow":["GET"]}}],"collection":[{"href":"https:\/\/www.radiopiu.net\/wordpress\/wp-json\/wp\/v2\/posts"}],"about":[{"href":"https:\/\/www.radiopiu.net\/wordpress\/wp-json\/wp\/v2\/types\/post"}],"author":[{"embeddable":true,"href":"https:\/\/www.radiopiu.net\/wordpress\/wp-json\/wp\/v2\/users\/1"}],"replies":[{"embeddable":true,"href":"https:\/\/www.radiopiu.net\/wordpress\/wp-json\/wp\/v2\/comments?post=98012"}],"version-history":[{"count":0,"href":"https:\/\/www.radiopiu.net\/wordpress\/wp-json\/wp\/v2\/posts\/98012\/revisions"}],"wp:featuredmedia":[{"embeddable":true,"href":"https:\/\/www.radiopiu.net\/wordpress\/wp-json\/wp\/v2\/media\/97929"}],"wp:attachment":[{"href":"https:\/\/www.radiopiu.net\/wordpress\/wp-json\/wp\/v2\/media?parent=98012"}],"wp:term":[{"taxonomy":"category","embeddable":true,"href":"https:\/\/www.radiopiu.net\/wordpress\/wp-json\/wp\/v2\/categories?post=98012"},{"taxonomy":"post_tag","embeddable":true,"href":"https:\/\/www.radiopiu.net\/wordpress\/wp-json\/wp\/v2\/tags?post=98012"}],"curies":[{"name":"wp","href":"https:\/\/api.w.org\/{rel}","templated":true}]}}