{"id":98074,"date":"2019-09-12T00:39:05","date_gmt":"2019-09-11T22:39:05","guid":{"rendered":"http:\/\/www.radiopiu.net\/wordpress\/?p=98074"},"modified":"2019-09-13T05:12:27","modified_gmt":"2019-09-13T03:12:27","slug":"a-vanessa","status":"publish","type":"post","link":"https:\/\/www.radiopiu.net\/wordpress\/a-vanessa\/","title":{"rendered":"A VANESSA&#8230;ex parrucchiera, barista, amica dal sorriso contagioso."},"content":{"rendered":"<p><a class=\"dt-pswp-item\" href=\"http:\/\/www.radiopiu.net\/wordpress\/wp-content\/uploads\/2019\/09\/d59c2119-c77c-424b-b393-719a332e154e.jpg\" data-dt-img-description=\"\" data-large_image_width=\"720\" data-large_image_height=\"1440\"><img loading=\"lazy\" decoding=\"async\" class=\" wp-image-98073 alignleft\" src=\"http:\/\/www.radiopiu.net\/wordpress\/wp-content\/uploads\/2019\/09\/d59c2119-c77c-424b-b393-719a332e154e-150x300.jpg\" alt=\"\" width=\"133\" height=\"266\" srcset=\"https:\/\/www.radiopiu.net\/wordpress\/wp-content\/uploads\/2019\/09\/d59c2119-c77c-424b-b393-719a332e154e-150x300.jpg 150w, https:\/\/www.radiopiu.net\/wordpress\/wp-content\/uploads\/2019\/09\/d59c2119-c77c-424b-b393-719a332e154e-512x1024.jpg 512w, https:\/\/www.radiopiu.net\/wordpress\/wp-content\/uploads\/2019\/09\/d59c2119-c77c-424b-b393-719a332e154e.jpg 720w\" sizes=\"auto, (max-width: 133px) 100vw, 133px\" \/><\/a><strong>LIVINALLONGO<\/strong> Tante carezze, per asciugare le lacrime di mamma Martina, nonna Linda e lo zio chiusi nel loro dolore. Continue testimonianze di affetto da parte di chi vorrebbe fare qualche cosa, vorrebbe fare tanto per alleviare il dolore e con le parole scalda il cuore, sar\u00e0 anche per un attimo, ma sono attimi importanti di immenso amore. Dolore immenso in Valle del Biois dove il sorriso di Vanessa era quotidiano, prima\u00a0 al Salone Sandra di Caviola tra le sue colleghe parrucchiere, recentemente anche in un locale di Canale d&#8217;Agordo dove aveva cambiato radicalmente professione passando dal phon al bancone del bar. Dolore immenso tra gli amici della ZInghenesta di Canale d&#8217;Agordo che la ricordano sulle loro pagine social. Tramortita la vallata Fodom.<\/p>\n<p>&#8220;<em>Ti ho conosciuta da bimba alle mie lezioni, ti ho rivista tanti anni dopo al &#8220;debutto&#8221; nella vita da adulta. Mi fa male pensare a quanto \u00e8 successo. <\/em><em>Condoglianze alla famiglia e a chi lasci e che ti voleva bene&#8221;, <strong>ha scritto Irene,<\/strong> <\/em><\/p>\n<p><em>Cosa si pu\u00f2 <strong><a class=\"dt-pswp-item\" href=\"http:\/\/www.radiopiu.net\/wordpress\/wp-content\/uploads\/2019\/09\/4d14669d-6ac5-429b-a7a6-b9bca8d3f186-e1568239537459.jpg\" data-dt-img-description=\"\" data-large_image_width=\"333\" data-large_image_height=\"491\"><img loading=\"lazy\" decoding=\"async\" class=\" wp-image-98135 alignright\" src=\"http:\/\/www.radiopiu.net\/wordpress\/wp-content\/uploads\/2019\/09\/4d14669d-6ac5-429b-a7a6-b9bca8d3f186-e1568239537459-203x300.jpg\" alt=\"\" width=\"136\" height=\"200\" srcset=\"https:\/\/www.radiopiu.net\/wordpress\/wp-content\/uploads\/2019\/09\/4d14669d-6ac5-429b-a7a6-b9bca8d3f186-e1568239537459-203x300.jpg 203w, https:\/\/www.radiopiu.net\/wordpress\/wp-content\/uploads\/2019\/09\/4d14669d-6ac5-429b-a7a6-b9bca8d3f186-e1568239537459.jpg 333w\" sizes=\"auto, (max-width: 136px) 100vw, 136px\" \/><\/a><\/strong>dire ad una madre in questi casi? Non ci sono parole, sono una mamma, conosco Martina e la bellezza di Vanessa&#8230; Manca il fiato&#8221; <\/em><strong>ha sottolineato Teresa.<\/strong><\/p>\n<p><em><span dir=\"ltr\"><span class=\"_3l3x _1n4g\">&#8220;Vanessa,\u00a0 Il nome di una farfalla volata via verso l&#8217;infinito. Come si pu\u00f2 morire ad una cos\u00ec giovane et\u00e0? Lei che\u00a0 aveva tutta una vita davanti.Una sferzata di un qualcosa di imponderabile le ha tarpato le ali. Vanessa la pi\u00f9 longeva delle farfalle appena uscita dalla crisalide. Per spiccare il volo verso la vita. Una ventata sbieca l&#8217;ha fatta cadere. Si \u00e8 il dolore e lo strazio di chi resta, vogliamo pensarla lass\u00f9 non s\u00f2 dove tra le stelle brillanti. Lei che pass\u00f2 per di qu\u00ec come una meteora. Di lass\u00f9 infondi coraggio ai superstiti. Riposa in pace&#8221;<\/span><\/span><\/em><strong><em><span dir=\"ltr\"><span class=\"_3l3x _1n4g\">Gaetano.\u00a0<\/span><\/span><\/em><\/strong><\/p>\n<p>Vanessa manca gi\u00e0, agli amici, ai conoscenti a chi l&#8217;ha conosciuta per nome solo in seguito alla drammatica mattinata di martedi. Un&#8217;agonia straziante al C\u00e0 Foncello di Treviso, tanto dolore, per tutti, anche per il sindaco del paese Leandro Grones.<\/p>\n<audio class=\"wp-audio-shortcode\" id=\"audio-98074-1\" preload=\"none\" style=\"width: 100%;\" controls=\"controls\"><source type=\"audio\/mpeg\" src=\"http:\/\/www.radiopiu.net\/wordpress\/wp-content\/uploads\/2019\/09\/leandro-1.mp3?_=1\" \/><a href=\"http:\/\/www.radiopiu.net\/wordpress\/wp-content\/uploads\/2019\/09\/leandro-1.mp3\">http:\/\/www.radiopiu.net\/wordpress\/wp-content\/uploads\/2019\/09\/leandro-1.mp3<\/a><\/audio>\n<p>&nbsp;<\/p>\n<p>A Monsignor Giorgio Lise, Arcidiacono di Agordo abbiamo chiesto un messaggio, eccolo direttamente dal cuore, al cuore di mamma Martina. <em>&#8220;Da un sacerdote che in questo momento\u00a0 si sente ancor di pi\u00f9 uomo&#8221;<\/em><\/p>\n<audio class=\"wp-audio-shortcode\" id=\"audio-98074-2\" preload=\"none\" style=\"width: 100%;\" controls=\"controls\"><source type=\"audio\/mpeg\" src=\"http:\/\/www.radiopiu.net\/wordpress\/wp-content\/uploads\/2019\/09\/giorgi1.mp3?_=2\" \/><a href=\"http:\/\/www.radiopiu.net\/wordpress\/wp-content\/uploads\/2019\/09\/giorgi1.mp3\">http:\/\/www.radiopiu.net\/wordpress\/wp-content\/uploads\/2019\/09\/giorgi1.mp3<\/a><\/audio>\n<p>&nbsp;<\/p>\n<p>&nbsp;<\/p>\n<blockquote><p><em>Cuante feste, cuanti bai auna che on fat. E ades coi vuoge luster e cuor pien de rabia e tristeza te salude. Canche l bon Dio volar\u00e0 se vedaron e magari se fajaron danuof n bal..<\/em>.<strong>Valerio<\/strong><\/p>\n<p><span dir=\"ltr\"><span class=\"_3l3x\"><em>Pausa en pes vane<\/em><strong> Roberto<\/strong><\/span><\/span><\/p>\n<p><span dir=\"ltr\"><span class=\"_3l3x\"><em>Questa mattina ho lasciato Arabba direzione Firenze. Ho visto i ragazzi che attendevano lo scuolabus, uno spettacolo, primo giorno di scuola, che bello, loro sono il futuro. Poi sono transitato da Avoscan, che tristezza.<\/em> <strong>Daniele<\/strong><\/span><\/span><\/p>\n<p><em>chi perde una persona cara&#8230; non importa come&#8230; ma la perde. Resta lo sconforto, la rabbia, l&#8217;impotenza di fronte al destino&#8230; ma rimane il ricordo&#8230; il sorriso&#8230; il piacere del contatto. E, soprattutto, resta la speranza che ovunque sia, stia bene! Prima o poi ci sar\u00e0 un reincontro. E sar\u00e0 bellissimo!<\/em>\u00a0 <strong>Arturo<\/strong><\/p>\n<p><em>Duc \u00e0 sper\u00e0 fin in ultima che la jovena de 22 agn Vanessa Masarei la se la cavasse da chel burt incidente suzed\u00f9 inier intor le nuof da doman su la strada tra Zenzenie e Avoscan nanter suo auto e n furgon Ducato. Portada de corsa col elicotero al ospedal de Treviso, incuoi da doman l&#8217;\u00e9 ruada la trista nuova de sua mort. Parruchiera de mestier, Vanessa l&#8217;eva neoda del cugness\u00f9<strong> maestro Sergio Masarei, per agn redador da Fodom de la Usc di Ladins.<\/strong> Nte sto trist momento de dolor, duta la jent la se strenz dintor al dolor de la famea e incia da banda de La Usc dei Ladins rue le pi sentude condolianze a duc i suoi parenc.<\/em><strong>LA USC DI LADINS<\/strong><\/p><\/blockquote>\n<p>&nbsp;<\/p>\n<p>&nbsp;<\/p>\n<h3>DALLA PAGINA FACEBOOK &#8220;la zinghenesta&#8221; di Canale d&#8217;Agordo<\/h3>\n<p>Purtroppo te ne sei andata troppo presto. Eri sempre sorridente e di ottima compagnia. Cos\u00ec ti vogliamo ricordare. Le nostre pi\u00f9 sentite condoglianze alla famiglia e chi le ha voluto bene<\/p>\n<div class=\"s_p1864b9ox g_p1864h5kg clearfix\">\n<div class=\"clearfix v_p1864b7y4\">\n<div class=\"clearfix _42ef\">\n<div class=\"c_p1864b7y3\">\n<div class=\"_6a _5u5j\">\n<div class=\"_6a _5u5j _6b\"><a class=\"dt-pswp-item\" href=\"http:\/\/www.radiopiu.net\/wordpress\/wp-content\/uploads\/2019\/09\/70496521_2371729622862920_7181391284068679680_n.jpg\" data-dt-img-description=\"\" data-large_image_width=\"960\" data-large_image_height=\"711\"><img loading=\"lazy\" decoding=\"async\" class=\"alignnone wp-image-98157\" src=\"http:\/\/www.radiopiu.net\/wordpress\/wp-content\/uploads\/2019\/09\/70496521_2371729622862920_7181391284068679680_n-300x222.jpg\" alt=\"\" width=\"385\" height=\"285\" srcset=\"https:\/\/www.radiopiu.net\/wordpress\/wp-content\/uploads\/2019\/09\/70496521_2371729622862920_7181391284068679680_n-300x222.jpg 300w, https:\/\/www.radiopiu.net\/wordpress\/wp-content\/uploads\/2019\/09\/70496521_2371729622862920_7181391284068679680_n-768x569.jpg 768w, https:\/\/www.radiopiu.net\/wordpress\/wp-content\/uploads\/2019\/09\/70496521_2371729622862920_7181391284068679680_n.jpg 960w\" sizes=\"auto, (max-width: 385px) 100vw, 385px\" \/><\/a><\/div>\n<\/div>\n<\/div>\n<\/div>\n<\/div>\n<\/div>\n<div id=\"js_45\" class=\"_5pbx userContent _3576\" data-testid=\"post_message\" data-ft=\"{&quot;tn&quot;:&quot;K&quot;}\">\n<p>&nbsp;<\/p>\n<\/div>\n<p>&nbsp;<\/p>\n<p>&nbsp;<\/p>\n<h2>IERI ALLA RADIO<\/h2>\n<blockquote class=\"wp-embedded-content\" data-secret=\"P85TL0cemM\"><p><a href=\"http:\/\/www.radiopiu.net\/wordpress\/da-fodom-alla-valle-del-biois-straziante-urlo-di-dolore\/\">DA FODOM ALLA VALLE DEL BIOIS, STRAZIANTE URLO DI DOLORE<\/a><\/p><\/blockquote>\n<p><iframe loading=\"lazy\" title=\"&#8220;DA FODOM ALLA VALLE DEL BIOIS, STRAZIANTE URLO DI DOLORE&#8221; &#8212; Radio Pi\u00f9\" class=\"wp-embedded-content\" sandbox=\"allow-scripts\" security=\"restricted\" style=\"position: absolute; clip: rect(1px, 1px, 1px, 1px);\" src=\"http:\/\/www.radiopiu.net\/wordpress\/da-fodom-alla-valle-del-biois-straziante-urlo-di-dolore\/embed\/#?secret=P85TL0cemM\" data-secret=\"P85TL0cemM\" width=\"600\" height=\"338\" frameborder=\"0\" marginwidth=\"0\" marginheight=\"0\" scrolling=\"no\"><\/iframe><\/p>\n","protected":false},"excerpt":{"rendered":"<p>LIVINALLONGO Tante carezze, per asciugare le lacrime di mamma Martina, nonna Linda e lo zio chiusi nel loro dolore. Continue testimonianze di affetto da parte di chi vorrebbe fare qualche cosa, vorrebbe fare tanto per alleviare il dolore e con le parole scalda il cuore, sar\u00e0 anche per un attimo, ma sono attimi importanti di&hellip;<\/p>\n","protected":false},"author":1,"featured_media":98078,"comment_status":"closed","ping_status":"closed","sticky":false,"template":"","format":"standard","meta":{"_monsterinsights_skip_tracking":false,"_monsterinsights_sitenote_active":false,"_monsterinsights_sitenote_note":"","_monsterinsights_sitenote_category":0,"footnotes":""},"categories":[49],"tags":[],"class_list":["post-98074","post","type-post","status-publish","format-standard","has-post-thumbnail","hentry","category-news-18","category-49","description-off"],"img_url":"https:\/\/www.radiopiu.net\/wordpress\/wp-content\/uploads\/2019\/09\/c27fe292-652d-43d3-8d67-30e5a4f739ac.jpg","_links":{"self":[{"href":"https:\/\/www.radiopiu.net\/wordpress\/wp-json\/wp\/v2\/posts\/98074","targetHints":{"allow":["GET"]}}],"collection":[{"href":"https:\/\/www.radiopiu.net\/wordpress\/wp-json\/wp\/v2\/posts"}],"about":[{"href":"https:\/\/www.radiopiu.net\/wordpress\/wp-json\/wp\/v2\/types\/post"}],"author":[{"embeddable":true,"href":"https:\/\/www.radiopiu.net\/wordpress\/wp-json\/wp\/v2\/users\/1"}],"replies":[{"embeddable":true,"href":"https:\/\/www.radiopiu.net\/wordpress\/wp-json\/wp\/v2\/comments?post=98074"}],"version-history":[{"count":0,"href":"https:\/\/www.radiopiu.net\/wordpress\/wp-json\/wp\/v2\/posts\/98074\/revisions"}],"wp:featuredmedia":[{"embeddable":true,"href":"https:\/\/www.radiopiu.net\/wordpress\/wp-json\/wp\/v2\/media\/98078"}],"wp:attachment":[{"href":"https:\/\/www.radiopiu.net\/wordpress\/wp-json\/wp\/v2\/media?parent=98074"}],"wp:term":[{"taxonomy":"category","embeddable":true,"href":"https:\/\/www.radiopiu.net\/wordpress\/wp-json\/wp\/v2\/categories?post=98074"},{"taxonomy":"post_tag","embeddable":true,"href":"https:\/\/www.radiopiu.net\/wordpress\/wp-json\/wp\/v2\/tags?post=98074"}],"curies":[{"name":"wp","href":"https:\/\/api.w.org\/{rel}","templated":true}]}}