{"id":98214,"date":"2019-09-12T16:33:56","date_gmt":"2019-09-12T14:33:56","guid":{"rendered":"http:\/\/www.radiopiu.net\/wordpress\/?p=98214"},"modified":"2019-09-12T16:34:18","modified_gmt":"2019-09-12T14:34:18","slug":"estate-partecipando-e-scuole-in-rete-premiati-una-sessantina-di-giovani","status":"publish","type":"post","link":"https:\/\/www.radiopiu.net\/wordpress\/estate-partecipando-e-scuole-in-rete-premiati-una-sessantina-di-giovani\/","title":{"rendered":"ESTATE PARTECIPANDO E SCUOLE IN RETE, PREMIATI UNA SESSANTINA DI GIOVANI"},"content":{"rendered":"<p><strong><a class=\"dt-pswp-item\" href=\"http:\/\/www.radiopiu.net\/wordpress\/wp-content\/uploads\/2019\/09\/Ragazzi-Estate-Partecipando-e-Scuole-in-rete-1.jpg\" data-dt-img-description=\"\" data-large_image_width=\"5184\" data-large_image_height=\"3456\"><img loading=\"lazy\" decoding=\"async\" class=\"size-medium wp-image-98216 alignleft\" src=\"http:\/\/www.radiopiu.net\/wordpress\/wp-content\/uploads\/2019\/09\/Ragazzi-Estate-Partecipando-e-Scuole-in-rete-1-300x200.jpg\" alt=\"\" width=\"300\" height=\"200\" srcset=\"https:\/\/www.radiopiu.net\/wordpress\/wp-content\/uploads\/2019\/09\/Ragazzi-Estate-Partecipando-e-Scuole-in-rete-1-300x200.jpg 300w, https:\/\/www.radiopiu.net\/wordpress\/wp-content\/uploads\/2019\/09\/Ragazzi-Estate-Partecipando-e-Scuole-in-rete-1-768x512.jpg 768w, https:\/\/www.radiopiu.net\/wordpress\/wp-content\/uploads\/2019\/09\/Ragazzi-Estate-Partecipando-e-Scuole-in-rete-1-1024x683.jpg 1024w\" sizes=\"auto, (max-width: 300px) 100vw, 300px\" \/><\/a>BELLUNO<\/strong>\u00a0 Dopo un&#8217;estate di lavoro, ecco il momento del riconoscimento: sono stati premiati questo pomeriggio dal Sindaco di Belluno, Jacopo Massaro, gli oltre sessanta ragazzi impegnati nelle attivit\u00e0 di Estate Partecipando e nei progetti di Scuole in Rete. Una trentina i ragazzi che, con Scuole in Rete, hanno tenuto i corsi di informatica per anziani negli spazi dell&#8217;Istituto Pier Fortunato Calvi, mentre sono stati 32 i giovani tra i 16 e i 17 anni impegnati in Estate Partecipando: nei tre diversi turni &#8211; , che hanno visto ciascuno operativi i ragazzi per un periodo di tre settimane, con 20 ore settimanali, ripartite su cinque giorni alla settimana \u2013 i giovani volontari si sono messi alla prova in attivit\u00e0 al Centro estivo comunale, all&#8217;asilo nido comunale, alla Sportivamente Belluno, agli uffici demografici e protocollo, alla Polizia locale e alla Protezione civile. Particolarmente apprezzato il lavoro di alcuni di loro, che si sono resi protagonisti di interventi come la pittura dei cestini dei rifiuti in citt\u00e0 o la pulizia dai rifiuti delle scale mobili di Lambioi. Per loro, oltre all&#8217;attestato utile per il riconoscimento di eventuali crediti formativi scolastici, anche un buono dal valore di 200 euro per l\u2019acquisto di libri scolastici, libri di <a class=\"dt-pswp-item\" href=\"http:\/\/www.radiopiu.net\/wordpress\/wp-content\/uploads\/2019\/09\/Ragazzi-Estate-Partecipando-e-Scuole-in-rete-2.jpg\" data-dt-img-description=\"\" data-large_image_width=\"5141\" data-large_image_height=\"3143\"><img loading=\"lazy\" decoding=\"async\" class=\"size-medium wp-image-98217 alignright\" src=\"http:\/\/www.radiopiu.net\/wordpress\/wp-content\/uploads\/2019\/09\/Ragazzi-Estate-Partecipando-e-Scuole-in-rete-2-300x183.jpg\" alt=\"\" width=\"300\" height=\"183\" srcset=\"https:\/\/www.radiopiu.net\/wordpress\/wp-content\/uploads\/2019\/09\/Ragazzi-Estate-Partecipando-e-Scuole-in-rete-2-300x183.jpg 300w, https:\/\/www.radiopiu.net\/wordpress\/wp-content\/uploads\/2019\/09\/Ragazzi-Estate-Partecipando-e-Scuole-in-rete-2-768x470.jpg 768w, https:\/\/www.radiopiu.net\/wordpress\/wp-content\/uploads\/2019\/09\/Ragazzi-Estate-Partecipando-e-Scuole-in-rete-2-1024x626.jpg 1024w\" sizes=\"auto, (max-width: 300px) 100vw, 300px\" \/><\/a>narrativa, saggistica o materiale di corredo scolastico.<\/p>\n<blockquote><p><em>\u00abPenso che iniziative come queste siano molto importanti per i giovani: &#8211; ha spiegato Massaro \u2013 possono vedere da vicino come funziona un Comune, si prendono cura dei beni comuni e si assumono responsabilit\u00e0 nei confronti della loro comunit\u00e0. Credo che Estate Partecipando, la azioni di Scuole in rete e altre simili attivit\u00e0 acquisiscano ora ancora pi\u00f9 importanza, visto lo slittamento al 2020 della \u201creintroduzione\u201d dell&#8217;educazione civica nelle scuole\u00bb.<\/em><\/p><\/blockquote>\n<p>&nbsp;<\/p>\n","protected":false},"excerpt":{"rendered":"<p>BELLUNO\u00a0 Dopo un&#8217;estate di lavoro, ecco il momento del riconoscimento: sono stati premiati questo pomeriggio dal Sindaco di Belluno, Jacopo Massaro, gli oltre sessanta ragazzi impegnati nelle attivit\u00e0 di Estate Partecipando e nei progetti di Scuole in Rete. Una trentina i ragazzi che, con Scuole in Rete, hanno tenuto i corsi di informatica per anziani&hellip;<\/p>\n","protected":false},"author":1,"featured_media":98217,"comment_status":"closed","ping_status":"closed","sticky":false,"template":"","format":"standard","meta":{"_monsterinsights_skip_tracking":false,"_monsterinsights_sitenote_active":false,"_monsterinsights_sitenote_note":"","_monsterinsights_sitenote_category":0,"footnotes":""},"categories":[49],"tags":[],"class_list":["post-98214","post","type-post","status-publish","format-standard","has-post-thumbnail","hentry","category-news-18","category-49","description-off"],"img_url":"https:\/\/www.radiopiu.net\/wordpress\/wp-content\/uploads\/2019\/09\/Ragazzi-Estate-Partecipando-e-Scuole-in-rete-2.jpg","_links":{"self":[{"href":"https:\/\/www.radiopiu.net\/wordpress\/wp-json\/wp\/v2\/posts\/98214","targetHints":{"allow":["GET"]}}],"collection":[{"href":"https:\/\/www.radiopiu.net\/wordpress\/wp-json\/wp\/v2\/posts"}],"about":[{"href":"https:\/\/www.radiopiu.net\/wordpress\/wp-json\/wp\/v2\/types\/post"}],"author":[{"embeddable":true,"href":"https:\/\/www.radiopiu.net\/wordpress\/wp-json\/wp\/v2\/users\/1"}],"replies":[{"embeddable":true,"href":"https:\/\/www.radiopiu.net\/wordpress\/wp-json\/wp\/v2\/comments?post=98214"}],"version-history":[{"count":0,"href":"https:\/\/www.radiopiu.net\/wordpress\/wp-json\/wp\/v2\/posts\/98214\/revisions"}],"wp:featuredmedia":[{"embeddable":true,"href":"https:\/\/www.radiopiu.net\/wordpress\/wp-json\/wp\/v2\/media\/98217"}],"wp:attachment":[{"href":"https:\/\/www.radiopiu.net\/wordpress\/wp-json\/wp\/v2\/media?parent=98214"}],"wp:term":[{"taxonomy":"category","embeddable":true,"href":"https:\/\/www.radiopiu.net\/wordpress\/wp-json\/wp\/v2\/categories?post=98214"},{"taxonomy":"post_tag","embeddable":true,"href":"https:\/\/www.radiopiu.net\/wordpress\/wp-json\/wp\/v2\/tags?post=98214"}],"curies":[{"name":"wp","href":"https:\/\/api.w.org\/{rel}","templated":true}]}}