{"id":98221,"date":"2019-09-12T16:45:57","date_gmt":"2019-09-12T14:45:57","guid":{"rendered":"http:\/\/www.radiopiu.net\/wordpress\/?p=98221"},"modified":"2019-09-13T05:12:09","modified_gmt":"2019-09-13T03:12:09","slug":"il-lupo-a-le-ronce-lassessore-ganz-dopo-lincontro","status":"publish","type":"post","link":"https:\/\/www.radiopiu.net\/wordpress\/il-lupo-a-le-ronce-lassessore-ganz-dopo-lincontro\/","title":{"rendered":"Incontro sul lupo alle Ronce"},"content":{"rendered":"<p><a class=\"dt-pswp-item\" href=\"http:\/\/www.radiopiu.net\/wordpress\/wp-content\/uploads\/2019\/09\/69786174_10214776303505455_8554799616330039296_n.jpg\" data-dt-img-description=\"\" data-large_image_width=\"640\" data-large_image_height=\"913\"><img loading=\"lazy\" decoding=\"async\" class=\" wp-image-98222 alignleft\" src=\"http:\/\/www.radiopiu.net\/wordpress\/wp-content\/uploads\/2019\/09\/69786174_10214776303505455_8554799616330039296_n-210x300.jpg\" alt=\"\" width=\"97\" height=\"139\" srcset=\"https:\/\/www.radiopiu.net\/wordpress\/wp-content\/uploads\/2019\/09\/69786174_10214776303505455_8554799616330039296_n-210x300.jpg 210w, https:\/\/www.radiopiu.net\/wordpress\/wp-content\/uploads\/2019\/09\/69786174_10214776303505455_8554799616330039296_n.jpg 640w\" sizes=\"auto, (max-width: 97px) 100vw, 97px\" \/><\/a><\/p>\n<h1>Incontro sul lupo alle Ronce<\/h1>\n<blockquote><p><em>\u00abProvvedimenti da rivedere; Comune intermediario tra allevatori e Regione \u00bb<\/em><\/p><\/blockquote>\n<p><strong>BELLUNO<\/strong> Partecipato e affollato l&#8217;incontro di ieri sera organizzato <a class=\"dt-pswp-item\" href=\"http:\/\/www.radiopiu.net\/wordpress\/wp-content\/uploads\/2019\/09\/Incontro-lupo-Ronce-2.jpeg\" data-dt-img-description=\"\" data-large_image_width=\"1600\" data-large_image_height=\"1200\"><img loading=\"lazy\" decoding=\"async\" class=\" wp-image-98233 alignright\" src=\"http:\/\/www.radiopiu.net\/wordpress\/wp-content\/uploads\/2019\/09\/Incontro-lupo-Ronce-2-300x225.jpeg\" alt=\"\" width=\"205\" height=\"154\" srcset=\"https:\/\/www.radiopiu.net\/wordpress\/wp-content\/uploads\/2019\/09\/Incontro-lupo-Ronce-2-300x225.jpeg 300w, https:\/\/www.radiopiu.net\/wordpress\/wp-content\/uploads\/2019\/09\/Incontro-lupo-Ronce-2-768x576.jpeg 768w, https:\/\/www.radiopiu.net\/wordpress\/wp-content\/uploads\/2019\/09\/Incontro-lupo-Ronce-2-1024x768.jpeg 1024w, https:\/\/www.radiopiu.net\/wordpress\/wp-content\/uploads\/2019\/09\/Incontro-lupo-Ronce-2.jpeg 1600w\" sizes=\"auto, (max-width: 205px) 100vw, 205px\" \/><\/a>dall&#8217;associazione Belluno Alpina alle Ronce sul tema del lupo: decine tra residenti e allevatori si sono confrontati con l&#8217;amministrazione per illustrare la situazione, raccontare le problematiche e cercare possibili soluzioni. Presente all&#8217;incontro anche l&#8217;assessore alle politiche ambientali, Stefania Ganz, che ricorda come da inizio 2017 sia accertata la presenza in Visentin di un branco di lupi (inizialmente solo una coppia, a cui poi si sono aggiunti i cuccioli) che spazia dall&#8217;area del Nevegal e delle Ronce fino a Valmorel e le zone alte della Valbelluna. Il rischio \u00e8 l&#8217;abbandono delle terre, si va verso la mancata gestione del territorio. Quali le strategie pi\u00f9 adatte? Il Sindaco Massaro afferma che quanto messo a disposizione dalla Regione non \u00e8 adatto alle esigenze dei piccoli allevatori.<em> &#8220;Il ritorno del lupo andava preparato, il progetto non ha dato gli esiti sperati, abbiamo perso tempo e dobbiamo recuperare. Non vogliamo soluzioni &#8220;veneziane&#8221; ma studiate con gli allevatori&#8221;<\/em><\/p>\n<p><strong>L&#8217;ASSESSORE STEFANIA GANZ<\/strong><\/p>\n<audio class=\"wp-audio-shortcode\" id=\"audio-98221-1\" preload=\"none\" style=\"width: 100%;\" controls=\"controls\"><source type=\"audio\/mpeg\" src=\"http:\/\/www.radiopiu.net\/wordpress\/wp-content\/uploads\/2019\/09\/STEFANI-AGANZ.mp3?_=1\" \/><a href=\"http:\/\/www.radiopiu.net\/wordpress\/wp-content\/uploads\/2019\/09\/STEFANI-AGANZ.mp3\">http:\/\/www.radiopiu.net\/wordpress\/wp-content\/uploads\/2019\/09\/STEFANI-AGANZ.mp3<\/a><\/audio>\n<p>&nbsp;<\/p>\n<p><strong>IL SINDACO JACOPO MASSARO <\/strong><\/p>\n<audio class=\"wp-audio-shortcode\" id=\"audio-98221-2\" preload=\"none\" style=\"width: 100%;\" controls=\"controls\"><source type=\"audio\/mpeg\" src=\"http:\/\/www.radiopiu.net\/wordpress\/wp-content\/uploads\/2019\/09\/dalvit-1.mp3?_=2\" \/><a href=\"http:\/\/www.radiopiu.net\/wordpress\/wp-content\/uploads\/2019\/09\/dalvit-1.mp3\">http:\/\/www.radiopiu.net\/wordpress\/wp-content\/uploads\/2019\/09\/dalvit-1.mp3<\/a><\/audio>\n<p>&nbsp;<\/p>\n<p>&nbsp;<\/p>\n<p>&nbsp;<\/p>\n<p>&nbsp;<\/p>\n","protected":false},"excerpt":{"rendered":"<p>Incontro sul lupo alle Ronce \u00abProvvedimenti da rivedere; Comune intermediario tra allevatori e Regione \u00bb BELLUNO Partecipato e affollato l&#8217;incontro di ieri sera organizzato dall&#8217;associazione Belluno Alpina alle Ronce sul tema del lupo: decine tra residenti e allevatori si sono confrontati con l&#8217;amministrazione per illustrare la situazione, raccontare le problematiche e cercare possibili soluzioni. Presente&hellip;<\/p>\n","protected":false},"author":1,"featured_media":98222,"comment_status":"closed","ping_status":"closed","sticky":false,"template":"","format":"standard","meta":{"_monsterinsights_skip_tracking":false,"_monsterinsights_sitenote_active":false,"_monsterinsights_sitenote_note":"","_monsterinsights_sitenote_category":0,"footnotes":""},"categories":[49],"tags":[],"class_list":["post-98221","post","type-post","status-publish","format-standard","has-post-thumbnail","hentry","category-news-18","category-49","description-off"],"img_url":"https:\/\/www.radiopiu.net\/wordpress\/wp-content\/uploads\/2019\/09\/69786174_10214776303505455_8554799616330039296_n.jpg","_links":{"self":[{"href":"https:\/\/www.radiopiu.net\/wordpress\/wp-json\/wp\/v2\/posts\/98221","targetHints":{"allow":["GET"]}}],"collection":[{"href":"https:\/\/www.radiopiu.net\/wordpress\/wp-json\/wp\/v2\/posts"}],"about":[{"href":"https:\/\/www.radiopiu.net\/wordpress\/wp-json\/wp\/v2\/types\/post"}],"author":[{"embeddable":true,"href":"https:\/\/www.radiopiu.net\/wordpress\/wp-json\/wp\/v2\/users\/1"}],"replies":[{"embeddable":true,"href":"https:\/\/www.radiopiu.net\/wordpress\/wp-json\/wp\/v2\/comments?post=98221"}],"version-history":[{"count":0,"href":"https:\/\/www.radiopiu.net\/wordpress\/wp-json\/wp\/v2\/posts\/98221\/revisions"}],"wp:featuredmedia":[{"embeddable":true,"href":"https:\/\/www.radiopiu.net\/wordpress\/wp-json\/wp\/v2\/media\/98222"}],"wp:attachment":[{"href":"https:\/\/www.radiopiu.net\/wordpress\/wp-json\/wp\/v2\/media?parent=98221"}],"wp:term":[{"taxonomy":"category","embeddable":true,"href":"https:\/\/www.radiopiu.net\/wordpress\/wp-json\/wp\/v2\/categories?post=98221"},{"taxonomy":"post_tag","embeddable":true,"href":"https:\/\/www.radiopiu.net\/wordpress\/wp-json\/wp\/v2\/tags?post=98221"}],"curies":[{"name":"wp","href":"https:\/\/api.w.org\/{rel}","templated":true}]}}