{"id":98280,"date":"2019-09-13T04:47:12","date_gmt":"2019-09-13T02:47:12","guid":{"rendered":"http:\/\/www.radiopiu.net\/wordpress\/?p=98280"},"modified":"2019-09-13T06:10:01","modified_gmt":"2019-09-13T04:10:01","slug":"chissale","status":"publish","type":"post","link":"https:\/\/www.radiopiu.net\/wordpress\/chissale\/","title":{"rendered":"PROGETTI E PROGRAMMI DELLA NUOVA AMMINISTRAZIONE IN CARICA  DA  15 SETTIMANE."},"content":{"rendered":"<h2>SOLDI IN ARRIVO AD AGORDO ANCHE PER LA CONVENZIONE CON LUXOTTICA E PER L&#8217;AVANZO DI AMMINISTRAZIONE. COSA ENTRA E COSA ESCE.<\/h2>\n<p><strong>AGORDO<\/strong> Ieri sera il consiglio comunale,\u00a0 Programmi e investimenti. Il cambiamento rispetto al programma dell&#8217;amministrazione precedente. Critica la minoranza per la scelta delle priorit\u00e0 e in apertura Claudio Sito tesse le lodi al suo gruppo di lavoro in attivit\u00e0 nonostante le ferie &#8220;Ci siamo piaciuti&#8221;. Stoccate alla Giunta precedente. Per Sergio De Riva non era n\u00e8 il luogo, n\u00e8 il momento<\/p>\n<p><strong>DI GIANNI SANTOMASO\u00a0<\/strong><\/p>\n<audio class=\"wp-audio-shortcode\" id=\"audio-98280-1\" preload=\"none\" style=\"width: 100%;\" controls=\"controls\"><source type=\"audio\/mpeg\" src=\"http:\/\/www.radiopiu.net\/wordpress\/wp-content\/uploads\/2019\/09\/GIANNI-COMUNE.mp3?_=1\" \/><a href=\"http:\/\/www.radiopiu.net\/wordpress\/wp-content\/uploads\/2019\/09\/GIANNI-COMUNE.mp3\">http:\/\/www.radiopiu.net\/wordpress\/wp-content\/uploads\/2019\/09\/GIANNI-COMUNE.mp3<\/a><\/audio>\n<p>&nbsp;<\/p>\n<p><strong>&#8230;.PER CHI ERA IN FERIE.<\/strong><\/p>\n<p>&nbsp;<\/p>\n<audio class=\"wp-audio-shortcode\" id=\"audio-98280-2\" preload=\"none\" style=\"width: 100%;\" controls=\"controls\"><source type=\"audio\/mpeg\" src=\"http:\/\/www.radiopiu.net\/wordpress\/wp-content\/uploads\/2019\/09\/GIANNI-FERIE.mp3?_=2\" \/><a href=\"http:\/\/www.radiopiu.net\/wordpress\/wp-content\/uploads\/2019\/09\/GIANNI-FERIE.mp3\">http:\/\/www.radiopiu.net\/wordpress\/wp-content\/uploads\/2019\/09\/GIANNI-FERIE.mp3<\/a><\/audio>\n<h3><\/h3>\n<h3>LA DIRETTA DI RADIO PIU, ULTIMI 12\u00a0 MINUTI LE INTERVISTE AL SINDACO ROBERTO CHISSALE&#8217;, AL CONSIGLIERE CAPOGRUPPO DI MINORANZA PAOLO SELVA MORETTI<\/h3>\n<div id=\"fb-root\"><\/div>\n<p><script async=\"1\" defer=\"1\" crossorigin=\"anonymous\" src=\"https:\/\/connect.facebook.net\/it_IT\/sdk.js#xfbml=1&amp;version=v6.0\"><\/script><\/p>\n<div class=\"fb-video\" data-href=\"https:\/\/www.facebook.com\/mirko.mezzacasa\/videos\/10220734020887233\/\" data-width=\"1200\">\n<blockquote cite=\"https:\/\/www.facebook.com\/mirko.mezzacasa\/videos\/10220734020887233\/\" class=\"fb-xfbml-parse-ignore\"><p><a href=\"https:\/\/www.facebook.com\/mirko.mezzacasa\/videos\/10220734020887233\/\"><\/a><\/p>\n<p>consiglio comunale di AGORDO<\/p>\n<p>Pubblicato da <a href=\"https:\/\/www.facebook.com\/mirko.mezzacasa\">Mirko Mezzacasa<\/a> su Gioved\u00ec 12 settembre 2019<\/p><\/blockquote>\n<\/div>\n<p>&nbsp;<\/p>\n<p>&nbsp;<\/p>\n<p>&nbsp;<\/p>\n<h3>AUTORIZZATI GLI ESPLODITORI A ROCCA PIETORE E LA SISTEMAZIONE DELLE PISTE A FORCELLA AURINE<\/h3>\n<p><em>IMPIANTI A FUNE E PISTE DA S<\/em><\/p>\n","protected":false},"excerpt":{"rendered":"<p>SOLDI IN ARRIVO AD AGORDO ANCHE PER LA CONVENZIONE CON LUXOTTICA E PER L&#8217;AVANZO DI AMMINISTRAZIONE. COSA ENTRA E COSA ESCE. AGORDO Ieri sera il consiglio comunale,\u00a0 Programmi e investimenti. Il cambiamento rispetto al programma dell&#8217;amministrazione precedente. Critica la minoranza per la scelta delle priorit\u00e0 e in apertura Claudio Sito tesse le lodi al suo&hellip;<\/p>\n","protected":false},"author":1,"featured_media":98302,"comment_status":"closed","ping_status":"closed","sticky":false,"template":"","format":"standard","meta":{"_monsterinsights_skip_tracking":false,"_monsterinsights_sitenote_active":false,"_monsterinsights_sitenote_note":"","_monsterinsights_sitenote_category":0,"footnotes":""},"categories":[51,49],"tags":[],"class_list":["post-98280","post","type-post","status-publish","format-standard","has-post-thumbnail","hentry","category-evidenza-top","category-news-18","category-51","category-49","description-off"],"img_url":"https:\/\/www.radiopiu.net\/wordpress\/wp-content\/uploads\/2019\/09\/WhatsApp-Image-2019-09-12-at-22.49.32.jpeg","_links":{"self":[{"href":"https:\/\/www.radiopiu.net\/wordpress\/wp-json\/wp\/v2\/posts\/98280","targetHints":{"allow":["GET"]}}],"collection":[{"href":"https:\/\/www.radiopiu.net\/wordpress\/wp-json\/wp\/v2\/posts"}],"about":[{"href":"https:\/\/www.radiopiu.net\/wordpress\/wp-json\/wp\/v2\/types\/post"}],"author":[{"embeddable":true,"href":"https:\/\/www.radiopiu.net\/wordpress\/wp-json\/wp\/v2\/users\/1"}],"replies":[{"embeddable":true,"href":"https:\/\/www.radiopiu.net\/wordpress\/wp-json\/wp\/v2\/comments?post=98280"}],"version-history":[{"count":0,"href":"https:\/\/www.radiopiu.net\/wordpress\/wp-json\/wp\/v2\/posts\/98280\/revisions"}],"wp:featuredmedia":[{"embeddable":true,"href":"https:\/\/www.radiopiu.net\/wordpress\/wp-json\/wp\/v2\/media\/98302"}],"wp:attachment":[{"href":"https:\/\/www.radiopiu.net\/wordpress\/wp-json\/wp\/v2\/media?parent=98280"}],"wp:term":[{"taxonomy":"category","embeddable":true,"href":"https:\/\/www.radiopiu.net\/wordpress\/wp-json\/wp\/v2\/categories?post=98280"},{"taxonomy":"post_tag","embeddable":true,"href":"https:\/\/www.radiopiu.net\/wordpress\/wp-json\/wp\/v2\/tags?post=98280"}],"curies":[{"name":"wp","href":"https:\/\/api.w.org\/{rel}","templated":true}]}}