{"id":98305,"date":"2019-09-13T06:34:24","date_gmt":"2019-09-13T04:34:24","guid":{"rendered":"http:\/\/www.radiopiu.net\/wordpress\/?p=98305"},"modified":"2019-09-13T08:30:29","modified_gmt":"2019-09-13T06:30:29","slug":"il-saluto-di-monsignor-giorgio-lise-il-29-settembre-lultima-messa-in-diretta-alla-radio","status":"publish","type":"post","link":"https:\/\/www.radiopiu.net\/wordpress\/il-saluto-di-monsignor-giorgio-lise-il-29-settembre-lultima-messa-in-diretta-alla-radio\/","title":{"rendered":"IL SALUTO DI MONSIGNOR GIORGIO LISE, il 29 SETTEMBRE L&#8217;ULTIMA MESSA IN DIRETTA ALLA RADIO"},"content":{"rendered":"<p>&nbsp;<\/p>\n<h3><\/h3>\n<h3>IL SALUTO DI MONSIGNOR GIORGIO LISE, il 29 SETTEMBRE L&#8217;ULTIMA MESSA IN DIRETTA ALLA RADIO<\/h3>\n<p><strong><a class=\"dt-pswp-item\" href=\"http:\/\/www.radiopiu.net\/wordpress\/wp-content\/uploads\/2015\/09\/don_giorgio2.jpg\" data-dt-img-description=\"\" data-large_image_width=\"216\" data-large_image_height=\"137\"><img loading=\"lazy\" decoding=\"async\" class=\" wp-image-10391 alignleft\" src=\"http:\/\/www.radiopiu.net\/wordpress\/wp-content\/uploads\/2015\/09\/don_giorgio2.jpg\" alt=\"\" width=\"153\" height=\"97\" \/><\/a>AGORDO<\/strong> A 10 anni dal suo arrivo ad Agordo, l&#8217;Arcidiacono Lise lascia la parrocchia per altro importante incarico\u00a0 presso il seminario vescovile e accanto al vescovo di Belluno e Feltre Renato Marangoni. Domenica 29 settembre Don Giorgio saluter\u00e0 la sua comunit\u00e0 nella messa del mattino alle 10 che sar\u00e0 trasmessa in diretta da Radio Pi\u00f9. Tra Don Giorgio e l&#8217;emittente agordina si \u00e8 sviluppata una forte collaborazione in questi anni con molti interventi del parroco negli spazi mattutini &#8220;Due minuti per te&#8221; e con la trasmissione in diretta delle funzioni di Natale, Pasqua, Santi Pietro e Paolo patroni di Agordo e la messa dei Caduti in montagna di novembre. Al posto di Lise sono stati chiamati nel capoluogo di vallata Don Cesare Lasen e Don Francesco Silvestri che si occuperanno anche delle parrocchie di Taibon e La Valle.<\/p>\n<p>&nbsp;<\/p>\n<p>&nbsp;<\/p>\n","protected":false},"excerpt":{"rendered":"<p>&nbsp; IL SALUTO DI MONSIGNOR GIORGIO LISE, il 29 SETTEMBRE L&#8217;ULTIMA MESSA IN DIRETTA ALLA RADIO AGORDO A 10 anni dal suo arrivo ad Agordo, l&#8217;Arcidiacono Lise lascia la parrocchia per altro importante incarico\u00a0 presso il seminario vescovile e accanto al vescovo di Belluno e Feltre Renato Marangoni. Domenica 29 settembre Don Giorgio saluter\u00e0 la&hellip;<\/p>\n","protected":false},"author":1,"featured_media":52771,"comment_status":"closed","ping_status":"closed","sticky":false,"template":"","format":"standard","meta":{"_monsterinsights_skip_tracking":false,"_monsterinsights_sitenote_active":false,"_monsterinsights_sitenote_note":"","_monsterinsights_sitenote_category":0,"footnotes":""},"categories":[49],"tags":[],"class_list":["post-98305","post","type-post","status-publish","format-standard","has-post-thumbnail","hentry","category-news-18","category-49","description-off"],"img_url":"https:\/\/www.radiopiu.net\/wordpress\/wp-content\/uploads\/2018\/07\/IMG_2134_1.jpg","_links":{"self":[{"href":"https:\/\/www.radiopiu.net\/wordpress\/wp-json\/wp\/v2\/posts\/98305","targetHints":{"allow":["GET"]}}],"collection":[{"href":"https:\/\/www.radiopiu.net\/wordpress\/wp-json\/wp\/v2\/posts"}],"about":[{"href":"https:\/\/www.radiopiu.net\/wordpress\/wp-json\/wp\/v2\/types\/post"}],"author":[{"embeddable":true,"href":"https:\/\/www.radiopiu.net\/wordpress\/wp-json\/wp\/v2\/users\/1"}],"replies":[{"embeddable":true,"href":"https:\/\/www.radiopiu.net\/wordpress\/wp-json\/wp\/v2\/comments?post=98305"}],"version-history":[{"count":0,"href":"https:\/\/www.radiopiu.net\/wordpress\/wp-json\/wp\/v2\/posts\/98305\/revisions"}],"wp:featuredmedia":[{"embeddable":true,"href":"https:\/\/www.radiopiu.net\/wordpress\/wp-json\/wp\/v2\/media\/52771"}],"wp:attachment":[{"href":"https:\/\/www.radiopiu.net\/wordpress\/wp-json\/wp\/v2\/media?parent=98305"}],"wp:term":[{"taxonomy":"category","embeddable":true,"href":"https:\/\/www.radiopiu.net\/wordpress\/wp-json\/wp\/v2\/categories?post=98305"},{"taxonomy":"post_tag","embeddable":true,"href":"https:\/\/www.radiopiu.net\/wordpress\/wp-json\/wp\/v2\/tags?post=98305"}],"curies":[{"name":"wp","href":"https:\/\/api.w.org\/{rel}","templated":true}]}}