{"id":98368,"date":"2019-09-14T05:00:42","date_gmt":"2019-09-14T03:00:42","guid":{"rendered":"http:\/\/www.radiopiu.net\/wordpress\/?p=98368"},"modified":"2019-09-14T05:36:30","modified_gmt":"2019-09-14T03:36:30","slug":"la-ulss1-acquista-nuova-apparecchiatura-per-la-radiologia-ma-il-radiologo-in-sostituzione-del-professionista-prossimo-alla-pensione","status":"publish","type":"post","link":"https:\/\/www.radiopiu.net\/wordpress\/la-ulss1-acquista-nuova-apparecchiatura-per-la-radiologia-ma-il-radiologo-in-sostituzione-del-professionista-prossimo-alla-pensione\/","title":{"rendered":"LA ULSS1 ACQUISTA NUOVA APPARECCHIATURA PER LA RADIOLOGIA, MA IL RADIOLOGO IN SOSTITUZIONE DEL PROFESSIONISTA PROSSIMO ALLA PENSIONE?"},"content":{"rendered":"<blockquote><p><strong>AGORDO\u00a0<\/strong> Benvenga il nuovo acquisto che come di consueto la Ulss1 strombazza in pompa magna, grazie per l&#8217;attenzione da parte dell&#8217;Agordino tutto. Ma la domanda che abbiamo posto alcuni giorni fa a tutt&#8217;oggi senza risposta? Ovvero che accadr\u00e0 ad Agordo in piena stagione invernale (febbraio) quando ci sar\u00e0 il pensionamento di uno dei due radiologi? Il terzo sale da Belluno per\u00a0 dare manforte e per completare l&#8217;organico. A febbraio se ne andr\u00e0 tra l&#8217;altro l&#8217;esperto della mammografia, quindi chi far\u00e0 quelle visite? Ci sar\u00e0 un &#8220;esperto&#8221; per evitare il pellegrinaggio a Belluno?\u00a0 Allora partiamo da qui, riproponendo il servizio di pochi giorni fa affinche&#8217; non passi inosservato e poi ampio spazio alle notizie dell&#8217;Ulss1.<\/p><\/blockquote>\n<p>&nbsp;<\/p>\n<p><strong>AGORDO<\/strong> Del Pronto Soccorso non se ne parla pi\u00f9 da tempo. Silenzio su tutti i fronti, nessun amministratore affronta pi\u00f9 il problema dei famosi 2,5 milioni dei fondi di confine per la sua ristrutturazione, n\u00e8 i sindaci pro (Lega Nord) ne i contro che un tempo erano la maggioranza. Il gruppo sanit\u00e0 \u00e8 scomparso, probabilmente si attendono le nuove nomine in Unione Montana, il presidente Fabio Luchetta \u00e8 uscito di scena con relativi assessori e alcuni consiglieri che non si sono pi\u00f9 ripresentati alle elezioni e si attende di conoscere il nome del nuovo presidente, come anticipato da tempo il pi\u00f9 papabile \u00e8 il sindaco di Falcade Michele Costa, ma questa \u00e8 un&#8217;altra storia e un&#8217;altra partita da giocare. Ci sar\u00e0 un altro gruppo che si occuper\u00e0 della sanit\u00e0? E&#8217; auspicabile, per risolvere finalmente il nodo del Pronto Soccorso, per non farsi prendere in giro da chi comanda per affrontare la nuova emergenza che da oggi chiameremo l&#8217;emergenza di carnevale, ma solo perch\u00e9 sar\u00e0 attuale nei primi giorni di febbraio quando andr\u00e0 in pensione \u00a0il medico\u00a0 radiologo Alessandro De Faveri e in reparto rimarr\u00e0 solo il dottor Matteo Spiezia e pare non siano stati previsti bandi per la sostituzione, non ancora o almeno non abbiamo notizie in proposito. In organico ci sono 3 medici,\u00a0 il terzo in effetti c&#8217;e&#8217; ma part time nel senso che ogni tanto sale da Belluno, si tratta del dottor Matteo Mazzoli. A febbraio pertanto in piena stagione sciistica tra gambe fratturate e braccia ingessate l&#8217;ospedale di Agordo rischia di trovarsi con un solo medico, Matteo Spiezia con tutte le conseguenze immaginabili e non potr\u00e0 nemmeno ammalarsi o prendersi qualche giorno di riposo se la situazione \u00e8 quella che si prospetta. Tra l&#8217;altro il dottor Alessandro De Faveri\u00a0 \u00e8 lo specialista della mammografia, da febbraio saranno fatti comunque gli esami ma non pi\u00f9 refertati ad Agordo con conseguenze per le pazienti anche in merito all&#8217;immediata risposta. E&#8217; anche vero che ormai ci hanno abituato alle &#8220;assenze&#8221; da cambiamento, l&#8217;ultimo esempio in ordine di tempo \u00e8 quello del laboratorio analisi.\u00a0 Mi chiedevo se i nostri amministratori sono informati, se si stanno interessando, se hanno gi\u00e0 chiesto informazioni al direttore generale, se hanno gi\u00e0 nel cassetto qualche promessa (quelle non mancano mai) ma soprattutto fatti, fatti concreti. (mm)<\/p>\n<p>&nbsp;<\/p>\n<p>IL COMUNICATO DI OGGI<\/p>\n<p>E&#8217; stata assegnata la fornitura di un apparecchio radiologico digitale diretto polifunzionale per lA Radiologia dell\u2019Ospedale di Agordo, per un importo complessivo di oltre 387.000 euro. Nel prezzo \u00e8 compreso lo smaltimento della precedente apparecchiatura e la garanzia full risk per ogni problema dovesse sorgere, per la durata di 5 anni. I lavori inizieranno dopo la met\u00e0 di settembre e si prevede di concludere il collaudo all\u2019inizio di dicembre perch\u00e9 il sistema possa essere operativo in previsione del consueto aumento dell\u2019attivit\u00e0 dovuta all\u2019afflusso turistico invernale. Il nuovo sistema digitale per l\u2019esecuzione di raggi muscolo scheletrici trasmette direttamente le immagini al Sistema aziendale, migliora di molto la qualit\u00e0 dell\u2019immagine per la refertazione da parte del Radiologo e riduce l\u2019esposizione radiologica per il paziente, perch\u00e9 l\u2019esecuzione dell\u2019esame \u00e8 pi\u00f9 veloce e vengono utilizzate dosi pi\u00f9 basse. Con questa acquisizione il Servizio di Radiologia presso l\u2019ospedale di Agordo completa l\u2019ammodernamento e il potenziamento delle grandi attrezzature.<\/p>\n<p>Attualmente ad Agordo si eseguono circa 19.500 prestazioni di radiologia convenzionale annue, di cui 9.900 provenienti dal Pronto Soccorso, 8.500 da esterni e 1.100 da interni. Con la nuova apparecchiatura sar\u00e0 possibile un incremento delle prestazioni, oltre che qualitativo, anche quantitativo perch\u00e9 si prevede un aumento dell\u2019 attivit\u00e0 di circa 1500 esami annui. Per il direttore generale un\u2019ulteriore tappa nel programma di investimenti per l\u2019Ospedale di Agordo.<\/p>\n","protected":false},"excerpt":{"rendered":"<p>AGORDO\u00a0 Benvenga il nuovo acquisto che come di consueto la Ulss1 strombazza in pompa magna, grazie per l&#8217;attenzione da parte dell&#8217;Agordino tutto. Ma la domanda che abbiamo posto alcuni giorni fa a tutt&#8217;oggi senza risposta? Ovvero che accadr\u00e0 ad Agordo in piena stagione invernale (febbraio) quando ci sar\u00e0 il pensionamento di uno dei due radiologi?&hellip;<\/p>\n","protected":false},"author":1,"featured_media":0,"comment_status":"closed","ping_status":"closed","sticky":false,"template":"","format":"standard","meta":{"_monsterinsights_skip_tracking":false,"_monsterinsights_sitenote_active":false,"_monsterinsights_sitenote_note":"","_monsterinsights_sitenote_category":0,"footnotes":""},"categories":[103,49],"tags":[],"class_list":["post-98368","post","type-post","status-publish","format-standard","hentry","category-evidenza_2","category-news-18","category-103","category-49","description-off"],"img_url":false,"_links":{"self":[{"href":"https:\/\/www.radiopiu.net\/wordpress\/wp-json\/wp\/v2\/posts\/98368","targetHints":{"allow":["GET"]}}],"collection":[{"href":"https:\/\/www.radiopiu.net\/wordpress\/wp-json\/wp\/v2\/posts"}],"about":[{"href":"https:\/\/www.radiopiu.net\/wordpress\/wp-json\/wp\/v2\/types\/post"}],"author":[{"embeddable":true,"href":"https:\/\/www.radiopiu.net\/wordpress\/wp-json\/wp\/v2\/users\/1"}],"replies":[{"embeddable":true,"href":"https:\/\/www.radiopiu.net\/wordpress\/wp-json\/wp\/v2\/comments?post=98368"}],"version-history":[{"count":0,"href":"https:\/\/www.radiopiu.net\/wordpress\/wp-json\/wp\/v2\/posts\/98368\/revisions"}],"wp:attachment":[{"href":"https:\/\/www.radiopiu.net\/wordpress\/wp-json\/wp\/v2\/media?parent=98368"}],"wp:term":[{"taxonomy":"category","embeddable":true,"href":"https:\/\/www.radiopiu.net\/wordpress\/wp-json\/wp\/v2\/categories?post=98368"},{"taxonomy":"post_tag","embeddable":true,"href":"https:\/\/www.radiopiu.net\/wordpress\/wp-json\/wp\/v2\/tags?post=98368"}],"curies":[{"name":"wp","href":"https:\/\/api.w.org\/{rel}","templated":true}]}}