{"id":98391,"date":"2019-09-13T16:48:34","date_gmt":"2019-09-13T14:48:34","guid":{"rendered":"http:\/\/www.radiopiu.net\/wordpress\/?p=98391"},"modified":"2019-09-13T16:50:26","modified_gmt":"2019-09-13T14:50:26","slug":"98391-2","status":"publish","type":"post","link":"https:\/\/www.radiopiu.net\/wordpress\/98391-2\/","title":{"rendered":"GLI AMMINISTRATORI HANNO LA MEMORIA CORTA. DA ROIT SUI GIORNI DI VAIA E L&#8217;OPERATO DELL&#8217;EX AMMINISTRAZIONE"},"content":{"rendered":"<p align=\"JUSTIFY\"><strong>AGORDO<\/strong> Nell&#8217;ultimo consiglio comunale \u00e8 stata chiamata in causa la precedente amministrazione a proposito\u00a0 delle ferie del responsabile dell\u2019ufficio tecnico, Sergio Benvegn\u00f9, e per la ventilata incapacit\u00e0 dell\u2019amministrazione del sindaco Sisto Da Roit\u00a0 di programmarne l\u2019usufruibilit\u00e0 delle giornate da parte del medesimo. Da Roit ha chiesto di poter dire la sua opinione.<\/p>\n<blockquote>\n<p align=\"JUSTIFY\"><em>&#8220;Ci si \u00e8 dimenticati di un paio di elementi &#8211; attaca l&#8217;ex sindaco &#8211;\u00a0 si \u00e8 scordato ci\u00f2 che \u00e8 successo il 28 ottobre 2018 e in febbraio 2019 e non si ha avuta la consapevolezza di cosa abbia significato per gli uffici comunali, in particolare per l\u2019ufficio tecnico, e per la amministrazione comunale la gestione di quegli eventi. Tuttavia se i vari Soggetti Attuatori hanno a disposizione elenchi degli interventi necessari per il territorio del comune, con indicate priorit\u00e0 e stime di costi, base necessaria per i finanziamenti ricevuti e per quelli che si potranno avere, lo si deve al lavoro, fatto in quei mesi, dagli uffici comunali, in particolare da quello tecnico, dalla squadra operai del comune e dall\u2019amministrazione; se infrastrutture, beni immobili comunali, viabilit\u00e0, sono stati resi nuovamente agibili, frequentabili e transitabili in tempi, che si possono definire brevi, lo si deve all\u2019attivit\u00e0 eseguita in quel periodo dai soggetti ricordati; se la nuova amministrazione pu\u00f2 avvisare della chiusura delle strade silvo pastorali \u201cRif-Don-Framont\u201d e della \u201cNagol-Dugon-Bojem\u201d, due interventi da . 400.000 euro l\u2019uno, lo si deve all\u2019impegno profuso, in quei tempi, dagli uffici comunali e da altri enti; se vi saranno interventi sulle aste torrentizie, lo si deve a quanto fatto dalle medesime professionalit\u00e0 presenti negli uffici e non solo; se oggi l\u2019amministrazione comunale pu\u00f2 introitare pi\u00f9 di . 300.000 euro dalla vendita dei terreni di Valcozzena, lo deve al lavoro fatto, sempre nel medesimo periodo temporale, costantemente dalle medesime persone; se l\u2019ente introita oneri di urbanizzazione per il capannone in costruzione nell\u2019area artigianale, \u00e8 sempre per l\u2019uguale motivo; se il consiglio comunale pu\u00f2 deliberare l\u2019alienazione del ramo di strada comunale a Brugnach e se introiter\u00e0 oneri per l\u2019ampliamento dello stabilimento Luxottica, lo deve anche all\u2019attivit\u00e0 svolta allora dagli uffici e dall\u2019amministrazione, dato che gli incontri propedeutici tra uffici tecnici dell\u2019azienda e del comune e tra amministrazione e societ\u00e0, sono iniziati ben prima del 26 maggio. La delibera di giunta della precedente amministrazione, pertanto &#8211; conclude Sisto Da Roit &#8211;\u00a0 \u00e8 stato un atto praticamente obbligato dagli eventi e dalle disposizioni di legge in materia di godimento delle ferie, ma \u00e8 stata adottata anche perch\u00e9 rassicurata dal tecnico che sarebbe stato presente in comune per ogni necessit\u00e0. Cosa che, a giudizio della stessa amministrazione, \u00e8 avvenuta.<\/em><\/p>\n<\/blockquote>\n<p align=\"JUSTIFY\"><strong>IL SINDACO SISTO DA ROIT E&#8217; STATO CHIAMATO IN CAUSA IN APERTURA DI CONSIGLIO COMUNALE DALL&#8217;ASSESSORE CLAUDIO SITO, PRIMI MINUTI DELLA DIRETTA FACEBOOK DI RADIO PIU&#8217; CHE RIPROPONIAMO<\/strong><\/p>\n<div id=\"fb-root\"><\/div>\n<p><script async=\"1\" defer=\"1\" crossorigin=\"anonymous\" src=\"https:\/\/connect.facebook.net\/it_IT\/sdk.js#xfbml=1&amp;version=v6.0\"><\/script><\/p>\n<div class=\"fb-video\" data-href=\"https:\/\/www.facebook.com\/mirko.mezzacasa\/videos\/10220734020887233\/\" data-width=\"1200\">\n<blockquote cite=\"https:\/\/www.facebook.com\/mirko.mezzacasa\/videos\/10220734020887233\/\" class=\"fb-xfbml-parse-ignore\"><p><a href=\"https:\/\/www.facebook.com\/mirko.mezzacasa\/videos\/10220734020887233\/\"><\/a><\/p>\n<p>consiglio comunale di AGORDO<\/p>\n<p>Pubblicato da <a href=\"https:\/\/www.facebook.com\/mirko.mezzacasa\">Mirko Mezzacasa<\/a> su Gioved\u00ec 12 settembre 2019<\/p><\/blockquote>\n<\/div>\n","protected":false},"excerpt":{"rendered":"<p>AGORDO Nell&#8217;ultimo consiglio comunale \u00e8 stata chiamata in causa la precedente amministrazione a proposito\u00a0 delle ferie del responsabile dell\u2019ufficio tecnico, Sergio Benvegn\u00f9, e per la ventilata incapacit\u00e0 dell\u2019amministrazione del sindaco Sisto Da Roit\u00a0 di programmarne l\u2019usufruibilit\u00e0 delle giornate da parte del medesimo. Da Roit ha chiesto di poter dire la sua opinione. &#8220;Ci si \u00e8&hellip;<\/p>\n","protected":false},"author":1,"featured_media":0,"comment_status":"closed","ping_status":"closed","sticky":false,"template":"","format":"standard","meta":{"_monsterinsights_skip_tracking":false,"_monsterinsights_sitenote_active":false,"_monsterinsights_sitenote_note":"","_monsterinsights_sitenote_category":0,"footnotes":""},"categories":[51,49],"tags":[],"class_list":["post-98391","post","type-post","status-publish","format-standard","hentry","category-evidenza-top","category-news-18","category-51","category-49","description-off"],"img_url":false,"_links":{"self":[{"href":"https:\/\/www.radiopiu.net\/wordpress\/wp-json\/wp\/v2\/posts\/98391","targetHints":{"allow":["GET"]}}],"collection":[{"href":"https:\/\/www.radiopiu.net\/wordpress\/wp-json\/wp\/v2\/posts"}],"about":[{"href":"https:\/\/www.radiopiu.net\/wordpress\/wp-json\/wp\/v2\/types\/post"}],"author":[{"embeddable":true,"href":"https:\/\/www.radiopiu.net\/wordpress\/wp-json\/wp\/v2\/users\/1"}],"replies":[{"embeddable":true,"href":"https:\/\/www.radiopiu.net\/wordpress\/wp-json\/wp\/v2\/comments?post=98391"}],"version-history":[{"count":0,"href":"https:\/\/www.radiopiu.net\/wordpress\/wp-json\/wp\/v2\/posts\/98391\/revisions"}],"wp:attachment":[{"href":"https:\/\/www.radiopiu.net\/wordpress\/wp-json\/wp\/v2\/media?parent=98391"}],"wp:term":[{"taxonomy":"category","embeddable":true,"href":"https:\/\/www.radiopiu.net\/wordpress\/wp-json\/wp\/v2\/categories?post=98391"},{"taxonomy":"post_tag","embeddable":true,"href":"https:\/\/www.radiopiu.net\/wordpress\/wp-json\/wp\/v2\/tags?post=98391"}],"curies":[{"name":"wp","href":"https:\/\/api.w.org\/{rel}","templated":true}]}}