{"id":98443,"date":"2019-09-14T05:50:01","date_gmt":"2019-09-14T03:50:01","guid":{"rendered":"http:\/\/www.radiopiu.net\/wordpress\/?p=98443"},"modified":"2019-09-15T08:33:15","modified_gmt":"2019-09-15T06:33:15","slug":"la-medaglia-doro-per-la-resistenza-e-polemiche-per-una-frase-cambiata-di-renato-bona","status":"publish","type":"post","link":"https:\/\/www.radiopiu.net\/wordpress\/la-medaglia-doro-per-la-resistenza-e-polemiche-per-una-frase-cambiata-di-renato-bona\/","title":{"rendered":"LA MEDAGLIA D\u2019ORO PER LA RESISTENZA E POLEMICHE PER UNA FRASE CAMBIATA di RENATO BONA"},"content":{"rendered":"<p>Per la lotta di liberazione della Provincia, Belluno si \u00e8 vista attribuire la medaglia d\u2019oro assegnata nella pubblica cerimonia del 25 aprile 1947. Nel prezioso volumetto \u201cLe medaglie d\u2019oro bellunesi al valor militare\u201d stampato dalla tipografia Tiziano di Pieve di Cadore nel 1993, lo storico Emanuele D\u2019Andrea, dopo aver richiamato la motivazione aggiunge una nota per ricordare che non mancarono nell\u2019occasione le polemiche, infatti \u201cFeltre (medaglia d\u2019argento) e la Deputazione provinciale protestarono fieramente per l\u2019attribuzione al Capoluogo. Si addusse a giustificazione che l\u2019entit\u00e0 \u2018Provincia\u2019 non poteva essere insignita (ma in realt\u00e0 per la stessa lotta fu decorato il Friuli e per esso la citt\u00e0 di Udine, cos\u00ec la \u2018provincia di Apuania\u2019. Mancava inoltre nella motivazione un cenno alla popolazione civile che molto aveva resistito e sofferto nel frangente della guerra\u201d. Ed eccola la motivazione contestata: \u201cDue volte invasa nel corso di venticinque anni, due volte la sua nobile ed intrepida gente si ergeva decisa, le armi in pugno, a combattere l\u2019odiato tedesco. Subito dopo l\u2019armistizio del settembre 1943 i suoi figli si organizzano in formazioni partigiane. E gli 86 impiccati, i 227 fucilati, i 7 arsi vivi, gli 11 morti per sevizie, i 5654 caduti in combattimento, assieme ai 301 feriti, ai 667 deportati e ai 7000 internati, costituiscono il tributo di sangue e di eroismo dato alla lotta di liberazione. Nei giorni di gloria dell\u2019insurrezione i suoi volontari della libert\u00e0 si opponevano arditamente senza misurare il numero del nemico e il suo armamento, al X corpo d\u2019armata corazzato tedesco forte di tre divisioni, attestato a Ponte nelle Alpi gli precludevano ogni via di scampo e lo attaccavano di concerto con le sopraggiunte forze alleate ottenendone la resa a discrezione. Dalle rive sacre del Piave arrossato ancora una volta dall\u2019italo sangue i suoi partigiani, che per primi ebbero il privilegio d\u2019imbracciare le armi contro l\u2019invasore, marciano oggi alla testa delle formazioni dei martiri e degli eroi di tutte le lotte per l\u2019Italia una e libera e ci additano la via del dovere e del sacrificio. Settembre 1943 &#8211; aprile 1945\u201d. D\u2019Andrea ricorda che \u201cI fatti avvennero sin dal 13 settembre (dunque 76 anni or sono come ieri \u2013 ndr.) quando i tedeschi entrarono in Belluno, occupando immediatamente l\u2019intera provincia e dislocando nei centri anche minori le truppe a controllo totale del territorio. Nell\u2019autunno si costituivano i primi Comitati di Liberazione \u2018cospirativi\u2019 e si formavano in montagna i primi gruppi armati. Il giorno 10 dello stesso mese Hitler istituiva una zona speciale comprendente le provincie di Trento, Bolzano e Belluno, denominata \u2018Alpenvorland\u2019 (preludio all\u2019annessione con la Germania) sottratta ad ogni potere della Rsi (interdetta alla persona di Mussolini e alle altre organizzazioni fasciste). Nell\u2019area pedemontana bellunese giungevano combattenti ricercati dalle zone dell\u2019Emilia e del veneziano. Dalla primavera all\u2019autunno si susseguivano attacchi armati ai tedeschi e le feroci risposte di costoro, non sempre per rappresaglia, ma deliberatamente. I capi partigiani catturati venivano torturati e i nemici peggiori erano le spie e i delatori. In quest\u2019ultimo periodo si strutturava un Comando militare in Belluno, con la ripartizione e il controllo dell\u2019area provinciale da parte di due Divisioni (\u2018Nannetti\u2019 e \u2018Belluno\u2019). Il 2 maggio la Provincia veniva liberata\u201d. Torniamo sulla motivazione della medaglia d\u2019oro perch\u00e9 nelle prime righe &#8211; come conferma la lapide apposta sul lato ovest di Palazzo Rosso sede del Municipio di Belluno \u2013 la frase \u201c\u2026 la sua intrepida gente si ergeva decisa, le armi in pugno a combattere l\u2019odiato tedesco\u201d \u00e8 stata sostituita da quella meno forte: \u201c\u2026la sua intrepida gente si ergeva, le armi in pugno a combattere il tracotante straniero\u201d. La grande lapide, 230&#215;150, \u00e8 stata collocata per iniziativa dell\u2019amministrazione comunale retta allora dall\u2019ing. Adriano Barcelloni Corte, del partito della Democrazia cristiana. Venne inaugurata il 25 aprile 1955. In proposito, lo scomparso comandante partigiano Aldo Sirena, autore del libro \u201cLa memoria delle pietre. Lapidi e monumenti ai partigiani in provincia di Belluno\u201d ebbe modo di scrivere: \u201c\u2026 Fu solo qualche tempo dopo lo scoprimento della lapide che i responsabili dell\u2019Anpi, Associazione nazionale partigiani d\u2019Italia, provinciale di Belluno notarono che il testo inciso non corrispondeva pienamente a quello del decreto di concessione dell\u2019alta onorificenza\u2026 Non solo tale iniziativa si raffigurava come violazione della legge ma atto che veniva a snaturare sul piano culturale e storico le caratteristiche e le motivazioni che, sia pure in parte, avevano sollecitato e sostenuto la lotta popolare contro l\u2019invasore tedesco\u2026 Il 14 settembre 1955, dopo un mese dalla pressante richiesta di chiarimenti da parte dell\u2019Anpi, il Sindaco ribadiva che \u2018la motivazione della medaglia d\u2019oro concessa a questo comune capoluogo \u00e8 quella originale risultante dal decreto di concessione\u2026 e non potr\u00e0 subire alcuna modificazione se non in forza di altro decreto ministeriale\u2019, e aggiungeva che \u2018Tutte le riproduzioni della motivazione\u2026 possono subire nel tempo, per motivi di opportunit\u00e0 e di convenienza, piccole modificazioni che non alterino la parte sostanziale\u2026 e soprattutto la verit\u00e0 storica\u2026\u2019\u201d. Totalmente insoddisfatta, l\u2019Anpi che non ebbe pi\u00f9 contatti con il Comune e registr\u00f2 amareggiata che i giornali non pubblicarono la lettera con richiesta di chiarimenti e che \u201cnon \u00e8 stata riparata la ferita fatta alla lapide ed alla Resistenza bellunese\u201d.<\/p>\n<p><a class=\"dt-pswp-item\" href=\"http:\/\/www.radiopiu.net\/wordpress\/wp-content\/uploads\/2019\/09\/70091050_857906897937647_8488461780564049920_n.jpg\" data-dt-img-description=\"\" data-large_image_width=\"720\" data-large_image_height=\"960\"><img loading=\"lazy\" decoding=\"async\" class=\"alignnone size-medium wp-image-98444\" src=\"http:\/\/www.radiopiu.net\/wordpress\/wp-content\/uploads\/2019\/09\/70091050_857906897937647_8488461780564049920_n-225x300.jpg\" alt=\"\" width=\"225\" height=\"300\" srcset=\"https:\/\/www.radiopiu.net\/wordpress\/wp-content\/uploads\/2019\/09\/70091050_857906897937647_8488461780564049920_n-225x300.jpg 225w, https:\/\/www.radiopiu.net\/wordpress\/wp-content\/uploads\/2019\/09\/70091050_857906897937647_8488461780564049920_n.jpg 720w\" sizes=\"auto, (max-width: 225px) 100vw, 225px\" \/><\/a><a class=\"dt-pswp-item\" href=\"http:\/\/www.radiopiu.net\/wordpress\/wp-content\/uploads\/2019\/09\/70339524_765530023875942_8214920106665312256_n.jpg\" data-dt-img-description=\"\" data-large_image_width=\"686\" data-large_image_height=\"960\"><img loading=\"lazy\" decoding=\"async\" class=\"alignnone size-medium wp-image-98445\" src=\"http:\/\/www.radiopiu.net\/wordpress\/wp-content\/uploads\/2019\/09\/70339524_765530023875942_8214920106665312256_n-214x300.jpg\" alt=\"\" width=\"214\" height=\"300\" srcset=\"https:\/\/www.radiopiu.net\/wordpress\/wp-content\/uploads\/2019\/09\/70339524_765530023875942_8214920106665312256_n-214x300.jpg 214w, https:\/\/www.radiopiu.net\/wordpress\/wp-content\/uploads\/2019\/09\/70339524_765530023875942_8214920106665312256_n.jpg 686w\" sizes=\"auto, (max-width: 214px) 100vw, 214px\" \/><\/a><a class=\"dt-pswp-item\" href=\"http:\/\/www.radiopiu.net\/wordpress\/wp-content\/uploads\/2019\/09\/70514306_631344850607662_3357535755311251456_n.jpg\" data-dt-img-description=\"\" data-large_image_width=\"2048\" data-large_image_height=\"878\"><img loading=\"lazy\" decoding=\"async\" class=\"alignnone  wp-image-98446\" src=\"http:\/\/www.radiopiu.net\/wordpress\/wp-content\/uploads\/2019\/09\/70514306_631344850607662_3357535755311251456_n-300x129.jpg\" alt=\"\" width=\"693\" height=\"299\" \/><\/a><a class=\"dt-pswp-item\" href=\"http:\/\/www.radiopiu.net\/wordpress\/wp-content\/uploads\/2019\/09\/70212294_527682627821834_8360009509288017920_n.jpg\" data-dt-img-description=\"\" data-large_image_width=\"300\" data-large_image_height=\"182\"><img loading=\"lazy\" decoding=\"async\" class=\"alignnone  wp-image-98447\" src=\"http:\/\/www.radiopiu.net\/wordpress\/wp-content\/uploads\/2019\/09\/70212294_527682627821834_8360009509288017920_n-300x182.jpg\" alt=\"\" width=\"496\" height=\"301\" \/><\/a><a class=\"dt-pswp-item\" href=\"http:\/\/www.radiopiu.net\/wordpress\/wp-content\/uploads\/2019\/09\/69921167_387039108885512_6951759994299613184_n.jpg\" data-dt-img-description=\"\" data-large_image_width=\"671\" data-large_image_height=\"960\"><img loading=\"lazy\" decoding=\"async\" class=\"alignnone size-medium wp-image-98448\" src=\"http:\/\/www.radiopiu.net\/wordpress\/wp-content\/uploads\/2019\/09\/69921167_387039108885512_6951759994299613184_n-210x300.jpg\" alt=\"\" width=\"210\" height=\"300\" srcset=\"https:\/\/www.radiopiu.net\/wordpress\/wp-content\/uploads\/2019\/09\/69921167_387039108885512_6951759994299613184_n-210x300.jpg 210w, https:\/\/www.radiopiu.net\/wordpress\/wp-content\/uploads\/2019\/09\/69921167_387039108885512_6951759994299613184_n.jpg 671w\" sizes=\"auto, (max-width: 210px) 100vw, 210px\" \/><\/a><a class=\"dt-pswp-item\" href=\"http:\/\/www.radiopiu.net\/wordpress\/wp-content\/uploads\/2019\/09\/69890090_2380229972250855_3918230026268442624_n.jpg\" data-dt-img-description=\"\" data-large_image_width=\"259\" data-large_image_height=\"194\"><img loading=\"lazy\" decoding=\"async\" class=\"alignnone  wp-image-98449\" src=\"http:\/\/www.radiopiu.net\/wordpress\/wp-content\/uploads\/2019\/09\/69890090_2380229972250855_3918230026268442624_n.jpg\" alt=\"\" width=\"397\" height=\"297\" \/><\/a><a class=\"dt-pswp-item\" href=\"http:\/\/www.radiopiu.net\/wordpress\/wp-content\/uploads\/2019\/09\/70423542_2423181804675185_4509338356512980992_n.jpg\" data-dt-img-description=\"\" data-large_image_width=\"2048\" data-large_image_height=\"1536\"><img loading=\"lazy\" decoding=\"async\" class=\"alignnone  wp-image-98450\" src=\"http:\/\/www.radiopiu.net\/wordpress\/wp-content\/uploads\/2019\/09\/70423542_2423181804675185_4509338356512980992_n-300x225.jpg\" alt=\"\" width=\"396\" height=\"297\" srcset=\"https:\/\/www.radiopiu.net\/wordpress\/wp-content\/uploads\/2019\/09\/70423542_2423181804675185_4509338356512980992_n-300x225.jpg 300w, https:\/\/www.radiopiu.net\/wordpress\/wp-content\/uploads\/2019\/09\/70423542_2423181804675185_4509338356512980992_n-768x576.jpg 768w, https:\/\/www.radiopiu.net\/wordpress\/wp-content\/uploads\/2019\/09\/70423542_2423181804675185_4509338356512980992_n-1024x768.jpg 1024w, https:\/\/www.radiopiu.net\/wordpress\/wp-content\/uploads\/2019\/09\/70423542_2423181804675185_4509338356512980992_n.jpg 2048w\" sizes=\"auto, (max-width: 396px) 100vw, 396px\" \/><\/a><a class=\"dt-pswp-item\" href=\"http:\/\/www.radiopiu.net\/wordpress\/wp-content\/uploads\/2019\/09\/70509785_2427302140924618_1226661810996772864_n.jpg\" data-dt-img-description=\"\" data-large_image_width=\"772\" data-large_image_height=\"960\"><img loading=\"lazy\" decoding=\"async\" class=\"alignnone size-medium wp-image-98451\" src=\"http:\/\/www.radiopiu.net\/wordpress\/wp-content\/uploads\/2019\/09\/70509785_2427302140924618_1226661810996772864_n-241x300.jpg\" alt=\"\" width=\"241\" height=\"300\" srcset=\"https:\/\/www.radiopiu.net\/wordpress\/wp-content\/uploads\/2019\/09\/70509785_2427302140924618_1226661810996772864_n-241x300.jpg 241w, https:\/\/www.radiopiu.net\/wordpress\/wp-content\/uploads\/2019\/09\/70509785_2427302140924618_1226661810996772864_n-768x955.jpg 768w, https:\/\/www.radiopiu.net\/wordpress\/wp-content\/uploads\/2019\/09\/70509785_2427302140924618_1226661810996772864_n.jpg 772w\" sizes=\"auto, (max-width: 241px) 100vw, 241px\" \/><\/a><\/p>\n<p>NELLE FOTO (Renato Bona, Archivio Isbrec, ): la facciata ovest di Palazzo Rosso; la lapide con la scritta modificata rispetto alla motivazione ufficiale di concessione della medaglia d\u2019oro; la sfilata in occasione della solenne cerimonia per il conferimento dell\u2019onorificenza; particolare del monumento alla Resistenza realizzato da Augusto Murer per la Piazza dei Martiri di Belluno; disegni del grande artista feltrino Bruno Milano, anch\u2019egli scomparso, a corredo del libro \u201cLe ragioni della Resistenza bellunese\u201d con interviste raccolte dal compianto Ferruccio Vendramini, edito dalla Libreria Moderna Pilotto di Feltre nell\u2019aprile 1968.<\/p>\n","protected":false},"excerpt":{"rendered":"<p>Per la lotta di liberazione della Provincia, Belluno si \u00e8 vista attribuire la medaglia d\u2019oro assegnata nella pubblica cerimonia del 25 aprile 1947. Nel prezioso volumetto \u201cLe medaglie d\u2019oro bellunesi al valor militare\u201d stampato dalla tipografia Tiziano di Pieve di Cadore nel 1993, lo storico Emanuele D\u2019Andrea, dopo aver richiamato la motivazione aggiunge una nota&hellip;<\/p>\n","protected":false},"author":1,"featured_media":98451,"comment_status":"closed","ping_status":"closed","sticky":false,"template":"","format":"standard","meta":{"_monsterinsights_skip_tracking":false,"_monsterinsights_sitenote_active":false,"_monsterinsights_sitenote_note":"","_monsterinsights_sitenote_category":0,"footnotes":""},"categories":[103,49],"tags":[],"class_list":["post-98443","post","type-post","status-publish","format-standard","has-post-thumbnail","hentry","category-evidenza_2","category-news-18","category-103","category-49","description-off"],"img_url":"https:\/\/www.radiopiu.net\/wordpress\/wp-content\/uploads\/2019\/09\/70509785_2427302140924618_1226661810996772864_n.jpg","_links":{"self":[{"href":"https:\/\/www.radiopiu.net\/wordpress\/wp-json\/wp\/v2\/posts\/98443","targetHints":{"allow":["GET"]}}],"collection":[{"href":"https:\/\/www.radiopiu.net\/wordpress\/wp-json\/wp\/v2\/posts"}],"about":[{"href":"https:\/\/www.radiopiu.net\/wordpress\/wp-json\/wp\/v2\/types\/post"}],"author":[{"embeddable":true,"href":"https:\/\/www.radiopiu.net\/wordpress\/wp-json\/wp\/v2\/users\/1"}],"replies":[{"embeddable":true,"href":"https:\/\/www.radiopiu.net\/wordpress\/wp-json\/wp\/v2\/comments?post=98443"}],"version-history":[{"count":0,"href":"https:\/\/www.radiopiu.net\/wordpress\/wp-json\/wp\/v2\/posts\/98443\/revisions"}],"wp:featuredmedia":[{"embeddable":true,"href":"https:\/\/www.radiopiu.net\/wordpress\/wp-json\/wp\/v2\/media\/98451"}],"wp:attachment":[{"href":"https:\/\/www.radiopiu.net\/wordpress\/wp-json\/wp\/v2\/media?parent=98443"}],"wp:term":[{"taxonomy":"category","embeddable":true,"href":"https:\/\/www.radiopiu.net\/wordpress\/wp-json\/wp\/v2\/categories?post=98443"},{"taxonomy":"post_tag","embeddable":true,"href":"https:\/\/www.radiopiu.net\/wordpress\/wp-json\/wp\/v2\/tags?post=98443"}],"curies":[{"name":"wp","href":"https:\/\/api.w.org\/{rel}","templated":true}]}}