{"id":98605,"date":"2019-09-15T13:12:31","date_gmt":"2019-09-15T11:12:31","guid":{"rendered":"http:\/\/www.radiopiu.net\/wordpress\/?p=98605"},"modified":"2019-09-16T10:38:08","modified_gmt":"2019-09-16T08:38:08","slug":"giornale-radiopiu-16-settembre-2019-direttore-mirko-mezzacasa","status":"publish","type":"post","link":"https:\/\/www.radiopiu.net\/wordpress\/giornale-radiopiu-16-settembre-2019-direttore-mirko-mezzacasa\/","title":{"rendered":"GIORNALE RADIOPIU 16 SETTEMBRE 2019 DIRETTORE MIRKO MEZZACASA"},"content":{"rendered":"<p>&nbsp;<\/p>\n<h1><\/h1>\n<h1>BRUCIA IL MAGAZZINO ANNESSO ALL&#8217;ABITAZIONE, LA TASK FORCE DEI VIGILI DEL FUOCO E GLI IDRANTI FRAZIONALI PER\u00a0 SALVARE LA CASA<\/h1>\n<p><strong><a class=\"dt-pswp-item\" href=\"http:\/\/www.radiopiu.net\/wordpress\/wp-content\/uploads\/2019\/09\/WhatsApp-Image-2019-09-15-at-15.50.07.jpeg\" data-dt-img-description=\"\" data-large_image_width=\"1200\" data-large_image_height=\"1599\"><img loading=\"lazy\" decoding=\"async\" class=\"size-medium wp-image-98660 alignleft\" src=\"http:\/\/www.radiopiu.net\/wordpress\/wp-content\/uploads\/2019\/09\/WhatsApp-Image-2019-09-15-at-15.50.07-225x300.jpeg\" alt=\"\" width=\"225\" height=\"300\" srcset=\"https:\/\/www.radiopiu.net\/wordpress\/wp-content\/uploads\/2019\/09\/WhatsApp-Image-2019-09-15-at-15.50.07-225x300.jpeg 225w, https:\/\/www.radiopiu.net\/wordpress\/wp-content\/uploads\/2019\/09\/WhatsApp-Image-2019-09-15-at-15.50.07-768x1024.jpeg 768w, https:\/\/www.radiopiu.net\/wordpress\/wp-content\/uploads\/2019\/09\/WhatsApp-Image-2019-09-15-at-15.50.07.jpeg 1200w\" sizes=\"auto, (max-width: 225px) 100vw, 225px\" \/><\/a>ALLEGHE<\/strong> Si \u00e8 temuto il peggio ieri alle 15 quando da Alleghe alzando gli occhi si \u00e8 vista la densa colonna di fumo alzarsi dalla frazione Cordella in prossimit\u00e0 di un&#8217;abitazione. Subito intuita la gravit\u00e0 della situazione, l\u00ec le case sono a contatto di gomito e gli incendi non sono caso raro nel tempo. Anche per questo le amministrazioni con intelligenza hanno dotato la frazione di idranti che si sono rivelati fondamentali per lo spegnimento delle fiamme. Non \u00e8 bruciata nessuna casa, fortunatamente, alle fiamme la legnaia-magazzino di SIlvano Da Pian per cause da accertare. I vigili del fuoco volontari di Caprile, e Colle Santa Lucia con\u00a0 i permanenti di Agordo sono arrivati sul posto in tempo record e hanno avuto ragione sulle fiamme prima che intaccassero l&#8217;abitazione principale. I pompieri (6 mezzi, 21 uomini e il carro aria salito da Belluno)\u00a0 hanno lavorato a lungo per lo smassamento. Tra le possibili cause un corto circuito, le fiamme si sono sviluppate mentre i proprietari erano al piano superiore dell&#8217;abitazione, gli stessi hanno allertato i VIgili del fuoco mettendosi subito al lavoro per tentare di contenere le fiamme. Notevoli i danni, da quantificare.<\/p>\n<h3>IL SERVIZIO IN DIRETTA DI IERI POMERIGGIO<\/h3>\n<audio class=\"wp-audio-shortcode\" id=\"audio-98605-1\" preload=\"none\" style=\"width: 100%;\" controls=\"controls\"><source type=\"audio\/mpeg\" src=\"http:\/\/www.radiopiu.net\/wordpress\/wp-content\/uploads\/2019\/09\/INCENDIO-ALLEGHE.mp3?_=1\" \/><a href=\"http:\/\/www.radiopiu.net\/wordpress\/wp-content\/uploads\/2019\/09\/INCENDIO-ALLEGHE.mp3\">http:\/\/www.radiopiu.net\/wordpress\/wp-content\/uploads\/2019\/09\/INCENDIO-ALLEGHE.mp3<\/a><\/audio>\n<h3>IL VIDEO<\/h3>\n<div id=\"fb-root\"><\/div>\n<p><script async=\"1\" defer=\"1\" crossorigin=\"anonymous\" src=\"https:\/\/connect.facebook.net\/it_IT\/sdk.js#xfbml=1&amp;version=v6.0\"><\/script><\/p>\n<div class=\"fb-video\" data-href=\"https:\/\/www.facebook.com\/mirko.mezzacasa\/videos\/10220758791866492\/\" data-width=\"1200\">\n<blockquote cite=\"https:\/\/www.facebook.com\/mirko.mezzacasa\/videos\/10220758791866492\/\" class=\"fb-xfbml-parse-ignore\"><p><a href=\"https:\/\/www.facebook.com\/mirko.mezzacasa\/videos\/10220758791866492\/\"><\/a><\/p>\n<p>INCENDIO A CORDELLA DI ALLEGHE, BRUCIA LA LEGNAIA MAGAZZINO, ,SALVA LA CASA<\/p>\n<p>Pubblicato da <a href=\"https:\/\/www.facebook.com\/mirko.mezzacasa\">Mirko Mezzacasa<\/a> su Domenica 15 settembre 2019<\/p><\/blockquote>\n<\/div>\n<h3>LE FOTO<\/h3>\n<p><a class=\"dt-pswp-item\" href=\"http:\/\/www.radiopiu.net\/wordpress\/wp-content\/uploads\/2019\/09\/WhatsApp-Image-2019-09-15-at-19.42.19-2.jpeg\" data-dt-img-description=\"\" data-large_image_width=\"1600\" data-large_image_height=\"960\"><img loading=\"lazy\" decoding=\"async\" class=\"alignnone wp-image-98687\" src=\"http:\/\/www.radiopiu.net\/wordpress\/wp-content\/uploads\/2019\/09\/WhatsApp-Image-2019-09-15-at-19.42.19-2-300x180.jpeg\" alt=\"\" width=\"375\" height=\"225\" srcset=\"https:\/\/www.radiopiu.net\/wordpress\/wp-content\/uploads\/2019\/09\/WhatsApp-Image-2019-09-15-at-19.42.19-2-300x180.jpeg 300w, https:\/\/www.radiopiu.net\/wordpress\/wp-content\/uploads\/2019\/09\/WhatsApp-Image-2019-09-15-at-19.42.19-2-768x461.jpeg 768w, https:\/\/www.radiopiu.net\/wordpress\/wp-content\/uploads\/2019\/09\/WhatsApp-Image-2019-09-15-at-19.42.19-2-1024x614.jpeg 1024w, https:\/\/www.radiopiu.net\/wordpress\/wp-content\/uploads\/2019\/09\/WhatsApp-Image-2019-09-15-at-19.42.19-2.jpeg 1600w\" sizes=\"auto, (max-width: 375px) 100vw, 375px\" \/><\/a><a class=\"dt-pswp-item\" href=\"http:\/\/www.radiopiu.net\/wordpress\/wp-content\/uploads\/2019\/09\/WhatsApp-Image-2019-09-15-at-19.42.19.jpeg\" data-dt-img-description=\"\" data-large_image_width=\"1600\" data-large_image_height=\"1200\"><img loading=\"lazy\" decoding=\"async\" class=\"alignnone size-medium wp-image-98689\" src=\"http:\/\/www.radiopiu.net\/wordpress\/wp-content\/uploads\/2019\/09\/WhatsApp-Image-2019-09-15-at-19.42.19-300x225.jpeg\" alt=\"\" width=\"300\" height=\"225\" srcset=\"https:\/\/www.radiopiu.net\/wordpress\/wp-content\/uploads\/2019\/09\/WhatsApp-Image-2019-09-15-at-19.42.19-300x225.jpeg 300w, https:\/\/www.radiopiu.net\/wordpress\/wp-content\/uploads\/2019\/09\/WhatsApp-Image-2019-09-15-at-19.42.19-768x576.jpeg 768w, https:\/\/www.radiopiu.net\/wordpress\/wp-content\/uploads\/2019\/09\/WhatsApp-Image-2019-09-15-at-19.42.19-1024x768.jpeg 1024w, https:\/\/www.radiopiu.net\/wordpress\/wp-content\/uploads\/2019\/09\/WhatsApp-Image-2019-09-15-at-19.42.19.jpeg 1600w\" sizes=\"auto, (max-width: 300px) 100vw, 300px\" \/><\/a><a class=\"dt-pswp-item\" href=\"http:\/\/www.radiopiu.net\/wordpress\/wp-content\/uploads\/2019\/09\/WhatsApp-Image-2019-09-15-at-19.42.20-1.jpeg\" data-dt-img-description=\"\" data-large_image_width=\"1600\" data-large_image_height=\"1200\"><img loading=\"lazy\" decoding=\"async\" class=\"alignnone size-medium wp-image-98691\" src=\"http:\/\/www.radiopiu.net\/wordpress\/wp-content\/uploads\/2019\/09\/WhatsApp-Image-2019-09-15-at-19.42.20-1-300x225.jpeg\" alt=\"\" width=\"300\" height=\"225\" srcset=\"https:\/\/www.radiopiu.net\/wordpress\/wp-content\/uploads\/2019\/09\/WhatsApp-Image-2019-09-15-at-19.42.20-1-300x225.jpeg 300w, https:\/\/www.radiopiu.net\/wordpress\/wp-content\/uploads\/2019\/09\/WhatsApp-Image-2019-09-15-at-19.42.20-1-768x576.jpeg 768w, https:\/\/www.radiopiu.net\/wordpress\/wp-content\/uploads\/2019\/09\/WhatsApp-Image-2019-09-15-at-19.42.20-1-1024x768.jpeg 1024w, https:\/\/www.radiopiu.net\/wordpress\/wp-content\/uploads\/2019\/09\/WhatsApp-Image-2019-09-15-at-19.42.20-1.jpeg 1600w\" sizes=\"auto, (max-width: 300px) 100vw, 300px\" \/><\/a><a class=\"dt-pswp-item\" href=\"http:\/\/www.radiopiu.net\/wordpress\/wp-content\/uploads\/2019\/09\/WhatsApp-Image-2019-09-15-at-19.42.20.jpeg\" data-dt-img-description=\"\" data-large_image_width=\"1600\" data-large_image_height=\"1200\"><img loading=\"lazy\" decoding=\"async\" class=\"alignnone wp-image-98692\" src=\"http:\/\/www.radiopiu.net\/wordpress\/wp-content\/uploads\/2019\/09\/WhatsApp-Image-2019-09-15-at-19.42.20-300x225.jpeg\" alt=\"\" width=\"323\" height=\"242\" srcset=\"https:\/\/www.radiopiu.net\/wordpress\/wp-content\/uploads\/2019\/09\/WhatsApp-Image-2019-09-15-at-19.42.20-300x225.jpeg 300w, https:\/\/www.radiopiu.net\/wordpress\/wp-content\/uploads\/2019\/09\/WhatsApp-Image-2019-09-15-at-19.42.20-768x576.jpeg 768w, https:\/\/www.radiopiu.net\/wordpress\/wp-content\/uploads\/2019\/09\/WhatsApp-Image-2019-09-15-at-19.42.20-1024x768.jpeg 1024w, https:\/\/www.radiopiu.net\/wordpress\/wp-content\/uploads\/2019\/09\/WhatsApp-Image-2019-09-15-at-19.42.20.jpeg 1600w\" sizes=\"auto, (max-width: 323px) 100vw, 323px\" \/> <\/a><a class=\"dt-pswp-item\" href=\"http:\/\/www.radiopiu.net\/wordpress\/wp-content\/uploads\/2019\/09\/photo_2019-09-15_20-45-14.jpg\" data-dt-img-description=\"\" data-large_image_width=\"1280\" data-large_image_height=\"960\"><img loading=\"lazy\" decoding=\"async\" class=\"alignnone wp-image-98708\" src=\"http:\/\/www.radiopiu.net\/wordpress\/wp-content\/uploads\/2019\/09\/photo_2019-09-15_20-45-14-300x225.jpg\" alt=\"\" width=\"323\" height=\"242\" srcset=\"https:\/\/www.radiopiu.net\/wordpress\/wp-content\/uploads\/2019\/09\/photo_2019-09-15_20-45-14-300x225.jpg 300w, https:\/\/www.radiopiu.net\/wordpress\/wp-content\/uploads\/2019\/09\/photo_2019-09-15_20-45-14-768x576.jpg 768w, https:\/\/www.radiopiu.net\/wordpress\/wp-content\/uploads\/2019\/09\/photo_2019-09-15_20-45-14-1024x768.jpg 1024w, https:\/\/www.radiopiu.net\/wordpress\/wp-content\/uploads\/2019\/09\/photo_2019-09-15_20-45-14.jpg 1280w\" sizes=\"auto, (max-width: 323px) 100vw, 323px\" \/><\/a><a class=\"dt-pswp-item\" href=\"http:\/\/www.radiopiu.net\/wordpress\/wp-content\/uploads\/2019\/09\/photo_2019-09-15_20-44-34.jpg\" data-dt-img-description=\"\" data-large_image_width=\"1280\" data-large_image_height=\"960\"><img loading=\"lazy\" decoding=\"async\" class=\"alignnone wp-image-98707\" src=\"http:\/\/www.radiopiu.net\/wordpress\/wp-content\/uploads\/2019\/09\/photo_2019-09-15_20-44-34-300x225.jpg\" alt=\"\" width=\"323\" height=\"242\" srcset=\"https:\/\/www.radiopiu.net\/wordpress\/wp-content\/uploads\/2019\/09\/photo_2019-09-15_20-44-34-300x225.jpg 300w, https:\/\/www.radiopiu.net\/wordpress\/wp-content\/uploads\/2019\/09\/photo_2019-09-15_20-44-34-768x576.jpg 768w, https:\/\/www.radiopiu.net\/wordpress\/wp-content\/uploads\/2019\/09\/photo_2019-09-15_20-44-34-1024x768.jpg 1024w, https:\/\/www.radiopiu.net\/wordpress\/wp-content\/uploads\/2019\/09\/photo_2019-09-15_20-44-34.jpg 1280w\" sizes=\"auto, (max-width: 323px) 100vw, 323px\" \/><\/a><a class=\"dt-pswp-item\" href=\"http:\/\/www.radiopiu.net\/wordpress\/wp-content\/uploads\/2019\/09\/photo_2019-09-15_20-44-57.jpg\" data-dt-img-description=\"\" data-large_image_width=\"1280\" data-large_image_height=\"960\"><img loading=\"lazy\" decoding=\"async\" class=\"alignnone wp-image-98706\" src=\"http:\/\/www.radiopiu.net\/wordpress\/wp-content\/uploads\/2019\/09\/photo_2019-09-15_20-44-57-300x225.jpg\" alt=\"\" width=\"335\" height=\"251\" srcset=\"https:\/\/www.radiopiu.net\/wordpress\/wp-content\/uploads\/2019\/09\/photo_2019-09-15_20-44-57-300x225.jpg 300w, https:\/\/www.radiopiu.net\/wordpress\/wp-content\/uploads\/2019\/09\/photo_2019-09-15_20-44-57-768x576.jpg 768w, https:\/\/www.radiopiu.net\/wordpress\/wp-content\/uploads\/2019\/09\/photo_2019-09-15_20-44-57-1024x768.jpg 1024w, https:\/\/www.radiopiu.net\/wordpress\/wp-content\/uploads\/2019\/09\/photo_2019-09-15_20-44-57.jpg 1280w\" sizes=\"auto, (max-width: 335px) 100vw, 335px\" \/><\/a><a class=\"dt-pswp-item\" href=\"http:\/\/www.radiopiu.net\/wordpress\/wp-content\/uploads\/2019\/09\/WhatsApp-Image-2019-09-15-at-16.48.21-1.jpeg\" data-dt-img-description=\"\" data-large_image_width=\"1599\" data-large_image_height=\"1200\"><img loading=\"lazy\" decoding=\"async\" class=\"alignnone wp-image-98655\" src=\"http:\/\/www.radiopiu.net\/wordpress\/wp-content\/uploads\/2019\/09\/WhatsApp-Image-2019-09-15-at-16.48.21-1-300x225.jpeg\" alt=\"\" width=\"323\" height=\"241\" srcset=\"https:\/\/www.radiopiu.net\/wordpress\/wp-content\/uploads\/2019\/09\/WhatsApp-Image-2019-09-15-at-16.48.21-1-300x225.jpeg 300w, https:\/\/www.radiopiu.net\/wordpress\/wp-content\/uploads\/2019\/09\/WhatsApp-Image-2019-09-15-at-16.48.21-1-768x576.jpeg 768w, https:\/\/www.radiopiu.net\/wordpress\/wp-content\/uploads\/2019\/09\/WhatsApp-Image-2019-09-15-at-16.48.21-1-1024x768.jpeg 1024w, https:\/\/www.radiopiu.net\/wordpress\/wp-content\/uploads\/2019\/09\/WhatsApp-Image-2019-09-15-at-16.48.21-1.jpeg 1599w\" sizes=\"auto, (max-width: 323px) 100vw, 323px\" \/><\/a><a class=\"dt-pswp-item\" href=\"http:\/\/www.radiopiu.net\/wordpress\/wp-content\/uploads\/2019\/09\/WhatsApp-Image-2019-09-15-at-16.48.21-4.jpeg\" data-dt-img-description=\"\" data-large_image_width=\"1599\" data-large_image_height=\"1200\"><img loading=\"lazy\" decoding=\"async\" class=\"alignnone wp-image-98652\" src=\"http:\/\/www.radiopiu.net\/wordpress\/wp-content\/uploads\/2019\/09\/WhatsApp-Image-2019-09-15-at-16.48.21-4-300x225.jpeg\" alt=\"\" width=\"323\" height=\"242\" srcset=\"https:\/\/www.radiopiu.net\/wordpress\/wp-content\/uploads\/2019\/09\/WhatsApp-Image-2019-09-15-at-16.48.21-4-300x225.jpeg 300w, https:\/\/www.radiopiu.net\/wordpress\/wp-content\/uploads\/2019\/09\/WhatsApp-Image-2019-09-15-at-16.48.21-4-768x576.jpeg 768w, https:\/\/www.radiopiu.net\/wordpress\/wp-content\/uploads\/2019\/09\/WhatsApp-Image-2019-09-15-at-16.48.21-4-1024x768.jpeg 1024w, https:\/\/www.radiopiu.net\/wordpress\/wp-content\/uploads\/2019\/09\/WhatsApp-Image-2019-09-15-at-16.48.21-4.jpeg 1599w\" sizes=\"auto, (max-width: 323px) 100vw, 323px\" \/><\/a><\/p>\n<p><a class=\"dt-pswp-item\" href=\"http:\/\/www.radiopiu.net\/wordpress\/wp-content\/uploads\/2019\/09\/WhatsApp-Image-2019-09-15-at-16.48.44.jpeg\" data-dt-img-description=\"\" data-large_image_width=\"1600\" data-large_image_height=\"1200\"><img loading=\"lazy\" decoding=\"async\" class=\"alignnone wp-image-98650\" src=\"http:\/\/www.radiopiu.net\/wordpress\/wp-content\/uploads\/2019\/09\/WhatsApp-Image-2019-09-15-at-16.48.44-300x225.jpeg\" alt=\"\" width=\"325\" height=\"244\" srcset=\"https:\/\/www.radiopiu.net\/wordpress\/wp-content\/uploads\/2019\/09\/WhatsApp-Image-2019-09-15-at-16.48.44-300x225.jpeg 300w, https:\/\/www.radiopiu.net\/wordpress\/wp-content\/uploads\/2019\/09\/WhatsApp-Image-2019-09-15-at-16.48.44-768x576.jpeg 768w, https:\/\/www.radiopiu.net\/wordpress\/wp-content\/uploads\/2019\/09\/WhatsApp-Image-2019-09-15-at-16.48.44-1024x768.jpeg 1024w, https:\/\/www.radiopiu.net\/wordpress\/wp-content\/uploads\/2019\/09\/WhatsApp-Image-2019-09-15-at-16.48.44.jpeg 1600w\" sizes=\"auto, (max-width: 325px) 100vw, 325px\" \/><\/a><a class=\"dt-pswp-item\" href=\"http:\/\/www.radiopiu.net\/wordpress\/wp-content\/uploads\/2019\/09\/WhatsApp-Image-2019-09-15-at-16.48.22.jpeg\" data-dt-img-description=\"\" data-large_image_width=\"1599\" data-large_image_height=\"1200\"><img loading=\"lazy\" decoding=\"async\" class=\"alignnone wp-image-98651\" src=\"http:\/\/www.radiopiu.net\/wordpress\/wp-content\/uploads\/2019\/09\/WhatsApp-Image-2019-09-15-at-16.48.22-300x225.jpeg\" alt=\"\" width=\"328\" height=\"245\" srcset=\"https:\/\/www.radiopiu.net\/wordpress\/wp-content\/uploads\/2019\/09\/WhatsApp-Image-2019-09-15-at-16.48.22-300x225.jpeg 300w, https:\/\/www.radiopiu.net\/wordpress\/wp-content\/uploads\/2019\/09\/WhatsApp-Image-2019-09-15-at-16.48.22-768x576.jpeg 768w, https:\/\/www.radiopiu.net\/wordpress\/wp-content\/uploads\/2019\/09\/WhatsApp-Image-2019-09-15-at-16.48.22-1024x768.jpeg 1024w, https:\/\/www.radiopiu.net\/wordpress\/wp-content\/uploads\/2019\/09\/WhatsApp-Image-2019-09-15-at-16.48.22.jpeg 1599w\" sizes=\"auto, (max-width: 328px) 100vw, 328px\" \/><\/a> <a class=\"dt-pswp-item\" href=\"http:\/\/www.radiopiu.net\/wordpress\/wp-content\/uploads\/2019\/09\/WhatsApp-Image-2019-09-15-at-16.48.21-3.jpeg\" data-dt-img-description=\"\" data-large_image_width=\"1599\" data-large_image_height=\"1200\"><img loading=\"lazy\" decoding=\"async\" class=\"alignnone wp-image-98653\" src=\"http:\/\/www.radiopiu.net\/wordpress\/wp-content\/uploads\/2019\/09\/WhatsApp-Image-2019-09-15-at-16.48.21-3-300x225.jpeg\" alt=\"\" width=\"328\" height=\"246\" srcset=\"https:\/\/www.radiopiu.net\/wordpress\/wp-content\/uploads\/2019\/09\/WhatsApp-Image-2019-09-15-at-16.48.21-3-300x225.jpeg 300w, https:\/\/www.radiopiu.net\/wordpress\/wp-content\/uploads\/2019\/09\/WhatsApp-Image-2019-09-15-at-16.48.21-3-768x576.jpeg 768w, https:\/\/www.radiopiu.net\/wordpress\/wp-content\/uploads\/2019\/09\/WhatsApp-Image-2019-09-15-at-16.48.21-3-1024x768.jpeg 1024w, https:\/\/www.radiopiu.net\/wordpress\/wp-content\/uploads\/2019\/09\/WhatsApp-Image-2019-09-15-at-16.48.21-3.jpeg 1599w\" sizes=\"auto, (max-width: 328px) 100vw, 328px\" \/><\/a><\/p>\n<p>&nbsp;<\/p>\n<p>&nbsp;<\/p>\n<h3>INCENDIO A CIMA GOGNA<\/h3>\n<p><strong>AURONZO<\/strong>\u00a0 Incendio di sterpaglia ieri pomeriggio a Cima Gogna, \u00e8 stato causato da un uomo che ha perso il controllo del fuoco, per riportare la situazione alla normalit\u00e0 sono intervenuti i vigili del fuoco di Santo Stefano di Cadore.<\/p>\n<p>&nbsp;<\/p>\n<p>&nbsp;<\/p>\n<h2>SCONTRO DI PRIMO MATTINO A FORTOGNA SULLA STRADA PER LONGARONE<\/h2>\n<p><strong>LONGARONE<\/strong> Incidente nella mattinata di ieri\u00a0 tra una autovettura infinity Q30 condotta da A.F. 46enne di Longarone e una motocicletta vespa condotta da P.l. 76enne di Milano. Ad avere la peggio il motociclista trasportato ospedale di Belluno non in pericolo di vita.\u00a0 Non \u00e8 escluso si tratti di\u00a0 una mancata precedenza da parte dell&#8217;auto. Rilievi\u00a0 dei Carabinieri della stazione dell&#8217;Alpago, sul posto i vigili del fuoco.<\/p>\n<p><a class=\"dt-pswp-item\" href=\"http:\/\/www.radiopiu.net\/wordpress\/wp-content\/uploads\/2019\/09\/fortogna-incidente.jpg\" data-dt-img-description=\"\" data-large_image_width=\"874\" data-large_image_height=\"622\"><img loading=\"lazy\" decoding=\"async\" class=\"alignnone wp-image-98663\" src=\"http:\/\/www.radiopiu.net\/wordpress\/wp-content\/uploads\/2019\/09\/fortogna-incidente-300x214.jpg\" alt=\"\" width=\"390\" height=\"278\" srcset=\"https:\/\/www.radiopiu.net\/wordpress\/wp-content\/uploads\/2019\/09\/fortogna-incidente-300x214.jpg 300w, https:\/\/www.radiopiu.net\/wordpress\/wp-content\/uploads\/2019\/09\/fortogna-incidente-768x547.jpg 768w, https:\/\/www.radiopiu.net\/wordpress\/wp-content\/uploads\/2019\/09\/fortogna-incidente.jpg 874w\" sizes=\"auto, (max-width: 390px) 100vw, 390px\" \/><\/a><\/p>\n<p>&nbsp;<\/p>\n<h2><\/h2>\n<p>&nbsp;<\/p>\n<h2><a class=\"dt-pswp-item\" href=\"http:\/\/www.radiopiu.net\/wordpress\/wp-content\/uploads\/2019\/09\/IMG-20190915-WA0013.jpg\" data-dt-img-description=\"\" data-large_image_width=\"1600\" data-large_image_height=\"1200\"><img loading=\"lazy\" decoding=\"async\" class=\" wp-image-98700 alignleft\" src=\"http:\/\/www.radiopiu.net\/wordpress\/wp-content\/uploads\/2019\/09\/IMG-20190915-WA0013-300x225.jpg\" alt=\"\" width=\"229\" height=\"172\" srcset=\"https:\/\/www.radiopiu.net\/wordpress\/wp-content\/uploads\/2019\/09\/IMG-20190915-WA0013-300x225.jpg 300w, https:\/\/www.radiopiu.net\/wordpress\/wp-content\/uploads\/2019\/09\/IMG-20190915-WA0013-768x576.jpg 768w, https:\/\/www.radiopiu.net\/wordpress\/wp-content\/uploads\/2019\/09\/IMG-20190915-WA0013-1024x768.jpg 1024w, https:\/\/www.radiopiu.net\/wordpress\/wp-content\/uploads\/2019\/09\/IMG-20190915-WA0013.jpg 1600w\" sizes=\"auto, (max-width: 229px) 100vw, 229px\" \/><\/a>SOCCORSA COPPIA SUL CRISTALLO<\/h2>\n<p><strong>CORTINA<\/strong> Ieri\u00a0 verso le 16.30 l&#8217;elicottero del Suem di Pieve di Cadore \u00e8 volato sul Cristallo, dove, dopo essere uscita dalla Ferrata Dibona, una coppia di Spinea (VE), aveva perso la traccia del sentiero di rientro, finendo bloccata a 2.200 metri di quota. Individuati dall&#8217;equipaggio dopo essere stati geolocalizzati, i due, 45 anni lei, 53 lui, sono stati recuperati dal tecnico del Soccorso alpino di bordo con un verricello di 10 metri. Gli escursionisti, che erano illesi, sono poi stati trasportati a Rio Gere.<\/p>\n<p>&nbsp;<\/p>\n<p>&nbsp;<\/p>\n<p>&nbsp;<\/p>\n<p>&nbsp;<\/p>\n<p>&nbsp;<\/p>\n<p>&nbsp;<\/p>\n<h2><a class=\"dt-pswp-item\" href=\"http:\/\/www.radiopiu.net\/wordpress\/wp-content\/uploads\/2019\/09\/d59c2119-c77c-424b-b393-719a332e154e.jpg\" data-dt-img-description=\"\" data-large_image_width=\"720\" data-large_image_height=\"1440\"><img loading=\"lazy\" decoding=\"async\" class=\"size-medium wp-image-98073 alignleft\" src=\"http:\/\/www.radiopiu.net\/wordpress\/wp-content\/uploads\/2019\/09\/d59c2119-c77c-424b-b393-719a332e154e-150x300.jpg\" alt=\"\" width=\"150\" height=\"300\" srcset=\"https:\/\/www.radiopiu.net\/wordpress\/wp-content\/uploads\/2019\/09\/d59c2119-c77c-424b-b393-719a332e154e-150x300.jpg 150w, https:\/\/www.radiopiu.net\/wordpress\/wp-content\/uploads\/2019\/09\/d59c2119-c77c-424b-b393-719a332e154e-512x1024.jpg 512w, https:\/\/www.radiopiu.net\/wordpress\/wp-content\/uploads\/2019\/09\/d59c2119-c77c-424b-b393-719a332e154e.jpg 720w\" sizes=\"auto, (max-width: 150px) 100vw, 150px\" \/><\/a><\/h2>\n<h2><\/h2>\n<h2><\/h2>\n<h2><\/h2>\n<h2>&#8220;E CANTERA&#8217; PIU&#8217; ALTA DELLE STELLE E SUONERA&#8217; CON L&#8217;ARPA DELLA LUNA&#8221;\u00a0 BUON VIAGGIO VANESSA VERSO IL CIELO E NONNO SERGIO<\/h2>\n<p><span style=\"color: #ff0000;\"><strong>DI LORENZO SORATROI\u00a0<\/strong><\/span><\/p>\n<p><strong>LIVINALLONGO\u00a0<\/strong><\/p>\n<audio class=\"wp-audio-shortcode\" id=\"audio-98605-2\" preload=\"none\" style=\"width: 100%;\" controls=\"controls\"><source type=\"audio\/mpeg\" src=\"http:\/\/www.radiopiu.net\/wordpress\/wp-content\/uploads\/2019\/09\/LORENZO.mp3?_=2\" \/><a href=\"http:\/\/www.radiopiu.net\/wordpress\/wp-content\/uploads\/2019\/09\/LORENZO.mp3\">http:\/\/www.radiopiu.net\/wordpress\/wp-content\/uploads\/2019\/09\/LORENZO.mp3<\/a><\/audio>\n<h3><\/h3>\n<p>&nbsp;<\/p>\n<p>&nbsp;<\/p>\n<p>&nbsp;<\/p>\n<h2>203 AGORDINA, CENCENIGHE-MASARE&#8217;: TROPPI INCIDENTI<\/h2>\n<blockquote>\n<h3><em>Una\u00a0 riflessione e un provvedimento da parte di chi di dovere sarebbe necessario,\u00a0 visto che la sicurezza \u00e8 una priorit\u00e0 assoluta.<\/em><\/h3>\n<\/blockquote>\n<p><strong>DI LUISA MANFROI<\/strong><\/p>\n<p><strong><a class=\"dt-pswp-item\" href=\"http:\/\/www.radiopiu.net\/wordpress\/wp-content\/uploads\/2019\/09\/Tratto-di-SR-203-da-Cencenighe-verso-Masar\u00e8-visto-dallalto-1-e1568561391518.jpg\" data-dt-img-description=\"\" data-large_image_width=\"1836\" data-large_image_height=\"3264\"><img loading=\"lazy\" decoding=\"async\" class=\" wp-image-98664 alignleft\" src=\"http:\/\/www.radiopiu.net\/wordpress\/wp-content\/uploads\/2019\/09\/Tratto-di-SR-203-da-Cencenighe-verso-Masar\u00e8-visto-dallalto-1-e1568561391518-169x300.jpg\" alt=\"\" width=\"198\" height=\"351\" srcset=\"https:\/\/www.radiopiu.net\/wordpress\/wp-content\/uploads\/2019\/09\/Tratto-di-SR-203-da-Cencenighe-verso-Masar\u00e8-visto-dallalto-1-e1568561391518-169x300.jpg 169w, https:\/\/www.radiopiu.net\/wordpress\/wp-content\/uploads\/2019\/09\/Tratto-di-SR-203-da-Cencenighe-verso-Masar\u00e8-visto-dallalto-1-e1568561391518-768x1365.jpg 768w, https:\/\/www.radiopiu.net\/wordpress\/wp-content\/uploads\/2019\/09\/Tratto-di-SR-203-da-Cencenighe-verso-Masar\u00e8-visto-dallalto-1-e1568561391518-576x1024.jpg 576w, https:\/\/www.radiopiu.net\/wordpress\/wp-content\/uploads\/2019\/09\/Tratto-di-SR-203-da-Cencenighe-verso-Masar\u00e8-visto-dallalto-1-e1568561391518.jpg 1836w\" sizes=\"auto, (max-width: 198px) 100vw, 198px\" \/><\/a>CENCENIGHE\u00a0<\/strong> Cominciano ad essere tanti, troppi gli incidenti lungo la SR 203 Agordina. Il riferimento \u00e8 nel tratto che da Cencenighe sale verso Alleghe. L\u2019ultimo, in ordine di tempo, quello mortale costato la vita alla giovane Vanessa Masarei. Purtroppo non \u00e8 stato il solo. Altri gravi sinistri, alcuni dei quali mortali, si sono verificati sempre lungo la regionale che da Cencenighe sale verso Alleghe. Neanche un anno fa, ai primi di dicembre, a Masar\u00e8, a farne le spese era stato Raffaele Agostini, falegname di Colle Santa Lucia, abitante a Cencenighe. Una delle tante vittime\u00a0 della strada che si vanno ad aggiungere ad altre: automobilisti e centauri in sella a moto\u00a0 che hanno perso la vita in punti diversi del tracciato. \u00c8 di pochi anni fa la morte di un motociclista agordino, nel tratto sottostante la frazione di Fontanelle, senza voler dimenticarne altri. A questi incidenti si vanno ad aggiungere quelli fortunatamente meno gravi, ma che dovrebbero far riflettere e\u00a0 prendere in seria considerazione il fatto di dover intervenire per trovare qualche soluzione al problema. Se si considera, lungo questa strada transitano i mezzi che da Cencenighe si spostano\u00a0 da e per i comuni dell\u2019alto Cordevole. La densit\u00e0 di traffico \u00e8 meno sostenuta rispetto al tratto della 203 Agordina da Mas di Sedico a Agordo e da Agordo a Cencenighe, punto di snodo per i comuni della Valle del Biois.\u00a0 Tra Mas e Agordo, ad esempio,\u00a0 sono stati collocati degli autovelox. Uno di questi \u00e8 quello nei pressi della caserma del Corpo Forestale lungo il rettilineo di Candaten. Anche tra Alleghe e Caprile sono stati messi dei rilevatori di velocit\u00e0. Altre considerazioni: lasciato Cencenighe, non si trovano altri cartelli di limite di velocit\u00e0 fino a Vare, in comune di San Tomaso, dove da qualche tempo c\u2019\u00e8 l\u2019autovelox. Esiste un bivio per l\u2019abitato di Ghisel, ma in tanti anni non \u00e8 mai stato collocato un cartello che segnalasse la sua presenza invitando a rallentare, cosa pi\u00f9 importante. Pazienza ora che la tempesta Vaia ha reso impraticabile il sentiero per Ghisel, ma fino a un anno fa, specialmente d\u2019estate, da quella strada sterrata che porta al sentiero uscivano automezzi che si immettevano nella regionale. E questo in vicinanza del rettilineo in sopraelevata, uno dei punti\u00a0 che, per le sue caratteristiche,\u00a0 invitano\u00a0 a correre e a sorpassare. Da qualche tempo, poi, sono stati fissati dei <em>cartelli<\/em> verticali con <em>lampeggianti<\/em>\u00a0 di pericolo attraversamento dei cervi, sicuramente pi\u00f9 visibili di quelli tradizionali. Collocarne qualcuno in pi\u00f9, in sostituzione di quelli classici non lampeggianti, non sarebbe male.<\/p>\n<p>&nbsp;<\/p>\n<p>&nbsp;<\/p>\n<blockquote><p><strong>IMPIANTI DI SCI, IL PROGETTO MARMOLADA<\/strong>, ne parla oggi approfonditamente il Corriere delle Alpi. Si tratta di un circuito di impianti ad anello da Passo Fedaia a Punta Rocca. E&#8217; un progetto tutto di marca trentina. Le novit\u00e0 sono emerse ieri in un incontro a Capanna Piz Fassa in occasione defi 50 anni del rifugio dove si \u00e8 parlato di sviluppo della Marmolada<\/p><\/blockquote>\n<p>&nbsp;<\/p>\n<p>&nbsp;<\/p>\n<h3>EMORRAGIA CONTINUA E NESSUNO SI MUOVE, COME NULLA FOSSE MENTRE SI ATTENDE L&#8217;APERTURA DEL SESTO SUPERMERCATO IN SOLI 10 CHILOMETRI TRA LA VALLE E CENCENIGHE<\/h3>\n<p><span style=\"color: #ff0000;\"><strong>SABATO LA DIRETTA FACEBOOK<\/strong><\/span><\/p>\n<div id=\"fb-root\"><\/div>\n<p><script async=\"1\" defer=\"1\" crossorigin=\"anonymous\" src=\"https:\/\/connect.facebook.net\/it_IT\/sdk.js#xfbml=1&amp;version=v6.0\"><\/script><\/p>\n<div class=\"fb-video\" data-href=\"https:\/\/www.facebook.com\/mirko.mezzacasa\/videos\/10220748141560241\/\" data-width=\"1200\">\n<blockquote cite=\"https:\/\/www.facebook.com\/mirko.mezzacasa\/videos\/10220748141560241\/\" class=\"fb-xfbml-parse-ignore\"><p><a href=\"https:\/\/www.facebook.com\/mirko.mezzacasa\/videos\/10220748141560241\/\"><\/a><\/p>\n<p>Dal Mila Market di Agordo con Claudio e PaolaUn&#039;altra serranda che si abbassa ad Agordo &#8230;.<\/p>\n<p>Pubblicato da <a href=\"https:\/\/www.facebook.com\/mirko.mezzacasa\">Mirko Mezzacasa<\/a> su Sabato 14 settembre 2019<\/p><\/blockquote>\n<\/div>\n<p><strong>AGORDO<\/strong> Claudio SIto dopo 31 anni di &#8220;coop&#8221; al Mila Market e altri precedenti con la bottiglieria Favretti ha arrossato gli occhi e abbassato la serranda, per sempre. Tra poche settimane Gabriella Apollonia far\u00e0 altrettanto con l&#8217;edicola libreria di Piazza Libert\u00e0 e purtroppo non saranno gli unici perch\u00e9 a breve altri ne seguiranno anche perch\u00e9 le nuove imposizioni fiscali e non solo da citt\u00e0 metropolitana invitano a prendere gli scivoli, andare in pensione e chiudere per sempre. A fronte di queste chiusure nell&#8217;isola pedonale si informa dell&#8217;apertura di un ufficio immobiliare, almeno una notizia positiva per una via sempre pi\u00f9 buia e abbandonata a s\u00e8 stessa tra episodi di vandalismo e molto altro che non \u00e8 da raccontare. Ma il paese con la sua gente ha fatto qualche cosa per evitare questa emorragia che \u00e8 iniziata molto tempo fa? Le amministrazioni del passato\u00a0 non hanno esitato a staccare permessi a costruire, rilasciare licenze per la grande distribuzione e incassare oneri di urbanizzazione poi ogni tanto si sono concesse il lusso di premiare gli imprenditori dell&#8217;anno dimenticandone una gran parte. Ma a parte questo,\u00a0 oltre a chiacchierare dimostrando o forse fingendo emozione ben cullati nel loro posto pubblico che hanno fatto di concreto?<\/p>\n<blockquote><p><em>Radio Pi\u00f9 ne parler\u00e0 MERCOLEDI alle 15.10 e alle 21.05 con Gianni Santomaso che ospita in studio Claudio Sito, la registrazione \u00e8 prevista per questa sera alle 18.30 e se qualcuno volesse aggiungere del suo&#8230;: radiopiu@radiopiu.it, in audio o messaggio whatsup 348 4757041<\/em><\/p>\n<p>&nbsp;<\/p><\/blockquote>\n<p>&nbsp;<\/p>\n<p>&nbsp;<\/p>\n<p>&nbsp;<\/p>\n<h3><a class=\"dt-pswp-item\" href=\"http:\/\/www.radiopiu.net\/wordpress\/wp-content\/uploads\/2019\/09\/Challenge-Day-InLab-2.jpg\" data-dt-img-description=\"\" data-large_image_width=\"5184\" data-large_image_height=\"3456\"><img loading=\"lazy\" decoding=\"async\" class=\" wp-image-97942 alignleft\" src=\"http:\/\/www.radiopiu.net\/wordpress\/wp-content\/uploads\/2019\/09\/Challenge-Day-InLab-2-300x200.jpg\" alt=\"\" width=\"234\" height=\"157\" srcset=\"https:\/\/www.radiopiu.net\/wordpress\/wp-content\/uploads\/2019\/09\/Challenge-Day-InLab-2-300x200.jpg 300w, https:\/\/www.radiopiu.net\/wordpress\/wp-content\/uploads\/2019\/09\/Challenge-Day-InLab-2-768x512.jpg 768w, https:\/\/www.radiopiu.net\/wordpress\/wp-content\/uploads\/2019\/09\/Challenge-Day-InLab-2-1024x683.jpg 1024w\" sizes=\"auto, (max-width: 234px) 100vw, 234px\" \/><\/a>IL SINDACO MASSARO REPLICA ALLE MINORANZE &#8220;NORMALE DIALETTICA&#8221;<\/h3>\n<p><em>&#8220;Massaro si dimetta&#8221;\u00a0 hanno chiosato le minoranze dopo che il sindaco di Belluno \u00e8 finito nel mirino per la gestione del progetto InLab affidato a Societ\u00e0 Nuova diretta da un consigliere comunale di maggioranza dove vi lavora l&#8217;ex assessore Valentina Tomasi.<\/em><\/p>\n<p><span style=\"color: #0000ff;\">L&#8217; INTERVENTO ALLA RADIO, AUDIO<\/span><\/p>\n<audio class=\"wp-audio-shortcode\" id=\"audio-98605-3\" preload=\"none\" style=\"width: 100%;\" controls=\"controls\"><source type=\"audio\/mpeg\" src=\"http:\/\/www.radiopiu.net\/wordpress\/wp-content\/uploads\/2019\/09\/massaro-2.mp3?_=3\" \/><a href=\"http:\/\/www.radiopiu.net\/wordpress\/wp-content\/uploads\/2019\/09\/massaro-2.mp3\">http:\/\/www.radiopiu.net\/wordpress\/wp-content\/uploads\/2019\/09\/massaro-2.mp3<\/a><\/audio>\n<p>&nbsp;<\/p>\n<p>&nbsp;<\/p>\n<h3><\/h3>\n<p><span style=\"color: #ff0000;\"><strong>E CHI LO DICE A VALPE AMBIENTE? NOI CI PROVIAMO<\/strong><\/span><\/p>\n<p><strong>AGORDO<\/strong>\u00a0 Se Valpe Ambiente e i soci dell&#8217;Unione Montana prendessero qualche spunto dal vicino territorio autonomo (e qui non sono certo i soldi a fare la differenza) dove l&#8217;organizzazione pare sia sempre la migliore? Copiare non significa essere da meno, piuttosto intelligentemente capire e essere pi\u00f9 vicini ai clienti delle bollette da pagare, dei turisti, dell&#8217;ambiente. Lo diceva anche Vasco Rossi poeta dei nostri giorni\u00a0 <em>&#8220;Fottitene dell&#8217;orgoglio ne ha rovinati pi\u00f9 lui che il petrolio&#8221;.<\/em><\/p>\n<p><a class=\"dt-pswp-item\" href=\"http:\/\/www.radiopiu.net\/wordpress\/wp-content\/uploads\/2019\/09\/WhatsApp-Image-2019-09-15-at-11.09.33.jpeg\" data-dt-img-description=\"\" data-large_image_width=\"1200\" data-large_image_height=\"1600\"><img loading=\"lazy\" decoding=\"async\" class=\"alignnone size-medium wp-image-98608\" src=\"http:\/\/www.radiopiu.net\/wordpress\/wp-content\/uploads\/2019\/09\/WhatsApp-Image-2019-09-15-at-11.09.33-225x300.jpeg\" alt=\"\" width=\"225\" height=\"300\" srcset=\"https:\/\/www.radiopiu.net\/wordpress\/wp-content\/uploads\/2019\/09\/WhatsApp-Image-2019-09-15-at-11.09.33-225x300.jpeg 225w, https:\/\/www.radiopiu.net\/wordpress\/wp-content\/uploads\/2019\/09\/WhatsApp-Image-2019-09-15-at-11.09.33-768x1024.jpeg 768w, https:\/\/www.radiopiu.net\/wordpress\/wp-content\/uploads\/2019\/09\/WhatsApp-Image-2019-09-15-at-11.09.33.jpeg 1200w\" sizes=\"auto, (max-width: 225px) 100vw, 225px\" \/><\/a><a class=\"dt-pswp-item\" href=\"http:\/\/www.radiopiu.net\/wordpress\/wp-content\/uploads\/2019\/09\/WhatsApp-Image-2019-09-15-at-11.09.34.jpeg\" data-dt-img-description=\"\" data-large_image_width=\"1600\" data-large_image_height=\"1200\"><img loading=\"lazy\" decoding=\"async\" class=\"alignnone wp-image-98609\" src=\"http:\/\/www.radiopiu.net\/wordpress\/wp-content\/uploads\/2019\/09\/WhatsApp-Image-2019-09-15-at-11.09.34-300x225.jpeg\" alt=\"\" width=\"400\" height=\"301\" srcset=\"https:\/\/www.radiopiu.net\/wordpress\/wp-content\/uploads\/2019\/09\/WhatsApp-Image-2019-09-15-at-11.09.34-300x225.jpeg 300w, https:\/\/www.radiopiu.net\/wordpress\/wp-content\/uploads\/2019\/09\/WhatsApp-Image-2019-09-15-at-11.09.34-768x576.jpeg 768w, https:\/\/www.radiopiu.net\/wordpress\/wp-content\/uploads\/2019\/09\/WhatsApp-Image-2019-09-15-at-11.09.34-1024x768.jpeg 1024w, https:\/\/www.radiopiu.net\/wordpress\/wp-content\/uploads\/2019\/09\/WhatsApp-Image-2019-09-15-at-11.09.34.jpeg 1600w\" sizes=\"auto, (max-width: 400px) 100vw, 400px\" \/><\/a><\/p>\n<p>&nbsp;<\/p>\n<blockquote><p><span style=\"color: #ff0000;\"><strong>L&#8217;OPINIONE<\/strong><\/span><\/p>\n<p><strong>RIVAMONTE\u00a0<\/strong> Ho visto il trafiletto su Valpe e relativa foto del cassonetto. Ti ricordi quando sulla curva di Paluch c&#8217;erano i vecchi cassonetti della frazione che ho dovuto farli spostare perch\u00e9 veniva scaricarti di tutto? Stessa cosa all&#8217;area pic-nic di lac a Rivamonte. Purtroppo alcune persone mancano di senso civico e di educazione e se sul territorio venissero posizionati dei cassonetti\u00a0 a disposizione di tutti questi diventerebbero delle discariche. Guarda ancora quanti sacchetti buttati nelle scarpate adiacenti alle strade, nei boschi e nelle valli. Mi chiedo come mai qui non riusciamo a farlo. Mi viene in mente che quando andiamo altrove accettiamo di pagare i posteggi, rispettiamo i limiti di velocit\u00e0 e &#8230;. invece qui &#8230;.<br \/>\nWalter.<\/p><\/blockquote>\n<p>&nbsp;<\/p>\n<p>&nbsp;<\/p>\n<p>&nbsp;<\/p>\n<h3><a class=\"dt-pswp-item\" href=\"http:\/\/www.radiopiu.net\/wordpress\/wp-content\/uploads\/2019\/09\/WhatsApp-Image-2019-09-14-at-17.28.01.jpeg\" data-dt-img-description=\"\" data-large_image_width=\"768\" data-large_image_height=\"1024\"><img loading=\"lazy\" decoding=\"async\" class=\" wp-image-98575 alignleft\" src=\"http:\/\/www.radiopiu.net\/wordpress\/wp-content\/uploads\/2019\/09\/WhatsApp-Image-2019-09-14-at-17.28.01-225x300.jpeg\" alt=\"\" width=\"138\" height=\"184\" srcset=\"https:\/\/www.radiopiu.net\/wordpress\/wp-content\/uploads\/2019\/09\/WhatsApp-Image-2019-09-14-at-17.28.01-225x300.jpeg 225w, https:\/\/www.radiopiu.net\/wordpress\/wp-content\/uploads\/2019\/09\/WhatsApp-Image-2019-09-14-at-17.28.01.jpeg 768w\" sizes=\"auto, (max-width: 138px) 100vw, 138px\" \/><\/a><\/h3>\n<h3><\/h3>\n<h3>I MAGNIFICI 10 AL FALIER,\u00a0 SECONDO GIORNO<\/h3>\n<p><strong>ROCCA PIETORE\u00a0<\/strong> Mauro Vattai , guida di mezza montagna e del programma Recharge in Nature. Suo compito ovviamente \u00e8\u00a0 farli camminare e conoscere la montagna. Un&#8217;altra attivit\u00e0 di successo<\/p>\n<p>Stamane prevista la diretta televisiva su RAI3 programma Agor\u00e0, dalle 8 alle 10. Il primo collegamento\u00a0 alle 9-9.15. \u00a0Tema il livello di stress e aggressivit\u00e0 della classe politica contrapposto alla forza edificante di questa esperienza di recharge in Nature. L\u2019Agordino si candida a fare scuola?<\/p>\n<p><strong>AGORA <\/strong>L&#8217;appuntamento quotidiano con il racconto della politica e le notizie nella mattinata di Rai3. L&#8217;Agor\u00e0 guidata da Serena Bortone punta ogni giorno a offrire un racconto ampio, chiaro e approfondito dell&#8217;attualit\u00e0, aprendo continue finestre sulla realt\u00e0 tra servizi e collegamenti in diretta, sempre sulla notizia.<\/p>\n<audio class=\"wp-audio-shortcode\" id=\"audio-98605-4\" preload=\"none\" style=\"width: 100%;\" controls=\"controls\"><source type=\"audio\/mpeg\" src=\"http:\/\/www.radiopiu.net\/wordpress\/wp-content\/uploads\/2019\/09\/mauro\u00f9.mp3?_=4\" \/><a href=\"http:\/\/www.radiopiu.net\/wordpress\/wp-content\/uploads\/2019\/09\/mauro\u00f9.mp3\">http:\/\/www.radiopiu.net\/wordpress\/wp-content\/uploads\/2019\/09\/mauro\u00f9.mp3<\/a><\/audio>\n<p>&nbsp;<\/p>\n<p>&nbsp;<\/p>\n<p>&nbsp;<\/p>\n<p>&nbsp;<\/p>\n<h3>UNA COMUNITA&#8217; NEL RICORDO DI BEPPINO&#8230;. PENSANDO A VANESSA. A CENCENIGHE SUCCESSO PER I GIOCHI DI UNA VOLTA<\/h3>\n<p><strong><a class=\"dt-pswp-item\" href=\"http:\/\/www.radiopiu.net\/wordpress\/wp-content\/uploads\/2019\/09\/WhatsApp-Image-2019-09-14-at-20.36.22.jpeg\" data-dt-img-description=\"\" data-large_image_width=\"1600\" data-large_image_height=\"777\"><img loading=\"lazy\" decoding=\"async\" class=\"wp-image-98572 alignleft\" src=\"http:\/\/www.radiopiu.net\/wordpress\/wp-content\/uploads\/2019\/09\/WhatsApp-Image-2019-09-14-at-20.36.22-300x146.jpeg\" alt=\"\" width=\"267\" height=\"130\" srcset=\"https:\/\/www.radiopiu.net\/wordpress\/wp-content\/uploads\/2019\/09\/WhatsApp-Image-2019-09-14-at-20.36.22-300x146.jpeg 300w, https:\/\/www.radiopiu.net\/wordpress\/wp-content\/uploads\/2019\/09\/WhatsApp-Image-2019-09-14-at-20.36.22-768x373.jpeg 768w, https:\/\/www.radiopiu.net\/wordpress\/wp-content\/uploads\/2019\/09\/WhatsApp-Image-2019-09-14-at-20.36.22-1024x497.jpeg 1024w, https:\/\/www.radiopiu.net\/wordpress\/wp-content\/uploads\/2019\/09\/WhatsApp-Image-2019-09-14-at-20.36.22.jpeg 1600w\" sizes=\"auto, (max-width: 267px) 100vw, 267px\" \/><\/a>CANALE D&#8217;AGORDO<\/strong> La comunit\u00e0 si \u00e8 rimboccata le maniche e la gente \u00e8 salita a Fregona per la festa, per ricordare Giuseppe De Ventura, per correre con il campione di casa Lorenzo Cagnati. Una bella festa di paese con il pensiero fisso a Vanessa che per un po&#8217; \u00e8 stata parte attiva della comunit\u00e0 e se l&#8217;incidente di Cencenighe non ce l&#8217;avesse strappata dagli affetti pi\u00f9 cari sarebbe stata l\u00ec, ad aiutare, a sorridere come sempre &#8220;forza della natura&#8221;.<\/p>\n<p>&nbsp;<\/p>\n<p><strong>CENCENIGHE\u00a0<\/strong> CHE SUCCESSO I GIOCHI DI UNA VOLTA A CENCENIGHE<br \/>\nBRAVI TUTTI<br \/>\n<span style=\"color: #ff0000;\"><strong>IL SINDACO DI CENCENIGHE, MAURO SOPPELSA<\/strong><\/span><\/p>\n<audio class=\"wp-audio-shortcode\" id=\"audio-98605-5\" preload=\"none\" style=\"width: 100%;\" controls=\"controls\"><source type=\"audio\/mpeg\" src=\"http:\/\/www.radiopiu.net\/wordpress\/wp-content\/uploads\/2019\/09\/mauro.mp3?_=5\" \/><a href=\"http:\/\/www.radiopiu.net\/wordpress\/wp-content\/uploads\/2019\/09\/mauro.mp3\">http:\/\/www.radiopiu.net\/wordpress\/wp-content\/uploads\/2019\/09\/mauro.mp3<\/a><\/audio>\n<p>&nbsp;<\/p>\n<div style=\"width: 848px;\" class=\"wp-video\"><video class=\"wp-video-shortcode\" id=\"video-98605-1\" width=\"848\" height=\"480\" preload=\"metadata\" controls=\"controls\"><source type=\"video\/mp4\" src=\"http:\/\/www.radiopiu.net\/wordpress\/wp-content\/uploads\/2019\/09\/WhatsApp-Video-2019-09-15-at-13.37.07.mp4?_=1\" \/><a href=\"http:\/\/www.radiopiu.net\/wordpress\/wp-content\/uploads\/2019\/09\/WhatsApp-Video-2019-09-15-at-13.37.07.mp4\">http:\/\/www.radiopiu.net\/wordpress\/wp-content\/uploads\/2019\/09\/WhatsApp-Video-2019-09-15-at-13.37.07.mp4<\/a><\/video><\/div>\n<div style=\"width: 848px;\" class=\"wp-video\"><video class=\"wp-video-shortcode\" id=\"video-98605-2\" width=\"848\" height=\"480\" preload=\"metadata\" controls=\"controls\"><source type=\"video\/mp4\" src=\"http:\/\/www.radiopiu.net\/wordpress\/wp-content\/uploads\/2019\/09\/WhatsApp-Video-2019-09-14-at-15.30.01-1.mp4?_=2\" \/><a href=\"http:\/\/www.radiopiu.net\/wordpress\/wp-content\/uploads\/2019\/09\/WhatsApp-Video-2019-09-14-at-15.30.01-1.mp4\">http:\/\/www.radiopiu.net\/wordpress\/wp-content\/uploads\/2019\/09\/WhatsApp-Video-2019-09-14-at-15.30.01-1.mp4<\/a><\/video><\/div>\n<p>&nbsp;<\/p>\n<p>&nbsp;<\/p>\n<p>&nbsp;<\/p>\n<h3>AGORDO PAESE DEL GRAFFITO, OPPORTUNITA&#8217; TURISTICA<\/h3>\n<p><strong><a class=\"dt-pswp-item\" href=\"http:\/\/www.radiopiu.net\/wordpress\/wp-content\/uploads\/2019\/09\/WhatsApp-Image-2019-09-15-at-09.01.28-1.jpeg\" data-dt-img-description=\"\" data-large_image_width=\"1536\" data-large_image_height=\"1152\"><img loading=\"lazy\" decoding=\"async\" class=\" wp-image-98553 alignleft\" src=\"http:\/\/www.radiopiu.net\/wordpress\/wp-content\/uploads\/2019\/09\/WhatsApp-Image-2019-09-15-at-09.01.28-1-300x225.jpeg\" alt=\"\" width=\"175\" height=\"131\" srcset=\"https:\/\/www.radiopiu.net\/wordpress\/wp-content\/uploads\/2019\/09\/WhatsApp-Image-2019-09-15-at-09.01.28-1-300x225.jpeg 300w, https:\/\/www.radiopiu.net\/wordpress\/wp-content\/uploads\/2019\/09\/WhatsApp-Image-2019-09-15-at-09.01.28-1-768x576.jpeg 768w, https:\/\/www.radiopiu.net\/wordpress\/wp-content\/uploads\/2019\/09\/WhatsApp-Image-2019-09-15-at-09.01.28-1-1024x768.jpeg 1024w, https:\/\/www.radiopiu.net\/wordpress\/wp-content\/uploads\/2019\/09\/WhatsApp-Image-2019-09-15-at-09.01.28-1.jpeg 1536w\" sizes=\"auto, (max-width: 175px) 100vw, 175px\" \/><\/a>AGORDO<\/strong> Paese del graffito ha avuto il piacere di ospitare il gruppo turistico &#8220;I viandanti&#8221; di Mozzo (Bergamo). Il gruppo di 45 persone<span class=\"text_exposed_show\">, coordinate dal sig. Vincenzo Pelliccioli, \u00e8 stato accompagnato dalla maestra Barbara De Menech, da Dunio Piccolin e dal presidente dell&#8217; U.S.Le Ville Andrea Rumor. Il folto gruppo ha visitato i graffiti sparsi per le varie &#8220;canesele&#8221; di Toccol, Parech e Prompicai e la chiesetta di San Vincenzo. \u00c8 stato un piacere aver ospitato la comitiva bergamasca segno che &#8220;Agordo Paese del graffito&#8221; desta interesse e curiosit\u00e0. Un ringraziamento va anche ad Alice della Pro Loco che ha confezionato un pacchetto informativo per ogni componente del gruppo.<\/span><\/p>\n<p>DUNIO PICCOLIN<\/p>\n<audio class=\"wp-audio-shortcode\" id=\"audio-98605-6\" preload=\"none\" style=\"width: 100%;\" controls=\"controls\"><source type=\"audio\/mpeg\" src=\"http:\/\/www.radiopiu.net\/wordpress\/wp-content\/uploads\/2019\/09\/duniop.mp3?_=6\" \/><a href=\"http:\/\/www.radiopiu.net\/wordpress\/wp-content\/uploads\/2019\/09\/duniop.mp3\">http:\/\/www.radiopiu.net\/wordpress\/wp-content\/uploads\/2019\/09\/duniop.mp3<\/a><\/audio>\n<p>&nbsp;<\/p>\n<p>&nbsp;<\/p>\n<p>&nbsp;<\/p>\n<p>&nbsp;<\/p>\n<div class=\"gmail-art-postmetadataheader\">\n<h2 class=\"gmail-art-postheader entry-title\"><a title=\"SOCI PREMIATI AL CONCORSO NAZIONALE MIELI D\u2019ITALIA\" href=\"https:\/\/www.apidolomiti.com\/sito\/soci-premiati-al-concorso-nazionale-mieli-ditalia\/\" rel=\"bookmark\">SOCI PREMIATI AL CONCORSO NAZIONALE MIELI D\u2019ITALIA<\/a><\/h2>\n<\/div>\n<div class=\"gmail-art-postheadericons gmail-art-metadata-icons\">Nell\u2019edizione 2019 del Concorso Nazionale \u201cGrandi Mieli d\u2019Italia\u201d di Castel San Pietro Terme (BO) sono 3 gli Apicoltori premiati della provincia di Belluno e con grande piacere riscontriamo che sono tutti Soci Apidolomiti. Ci complimentiamo vivamente con Fausto BOGO, Lorenzo DE CANDIDO e Claudio MIORANZA per le due gocce d\u2019oro che hanno ricevuto domenica 15\/09\/2019 per i mieli di seguito descritti.<\/div>\n<div>\n<div>\n<div class=\"gmail-art-postcontent gmail-clearfix\">\n<table class=\"gmail-mieli\">\n<thead>\n<tr>\n<th class=\"gmail-header gmail-headerSortDown\">N\u00b0 gocce assegnate<\/th>\n<th class=\"gmail-header\">Apicoltore<\/th>\n<th class=\"gmail-header\">Anno<\/th>\n<th class=\"gmail-header\">Categoria<\/th>\n<th class=\"gmail-header\">Zona Produzione<\/th>\n<th class=\"gmail-header\">Citt\u00e0 di Residenza<\/th>\n<th class=\"gmail-header\">Provincia<\/th>\n<\/tr>\n<\/thead>\n<tbody>\n<tr class=\"gmail-prodotti\">\n<td><img decoding=\"async\" src=\"https:\/\/qr.informamiele.it\/media\/com_miele\/images\/2-stelle.png\" \/><\/td>\n<td><a href=\"http:\/\/qr.informamiele.it\/index.php?option=com_miele&amp;view=product&amp;id=2111\" target=\"_blank\" rel=\"noopener noreferrer\">Apicoltura<br \/>\nDe Candido Lorenzo<\/a><\/td>\n<td>2019<\/td>\n<td>Rododendro<\/td>\n<td>Santo Stefano<br \/>\ndi Cadore<\/td>\n<td>Santo Stefano<br \/>\ndi Cadore<\/td>\n<td>Belluno<\/td>\n<\/tr>\n<tr class=\"gmail-prodotti\">\n<td><img decoding=\"async\" src=\"https:\/\/qr.informamiele.it\/media\/com_miele\/images\/2-stelle.png\" \/><\/td>\n<td><a href=\"http:\/\/qr.informamiele.it\/index.php?option=com_miele&amp;view=product&amp;id=2279\" target=\"_blank\" rel=\"noopener noreferrer\">La Piccola Arnia<br \/>\ndi Claudio Mioranza<\/a><\/td>\n<td>2019<\/td>\n<td>Tarassaco<\/td>\n<td>Trichiana<\/td>\n<td>Santa Giustina<\/td>\n<td>Belluno<\/td>\n<\/tr>\n<tr class=\"gmail-prodotti\">\n<td><img decoding=\"async\" src=\"https:\/\/qr.informamiele.it\/media\/com_miele\/images\/2-stelle.png\" \/><\/td>\n<td><a href=\"http:\/\/qr.informamiele.it\/index.php?option=com_miele&amp;view=product&amp;id=2280\" target=\"_blank\" rel=\"noopener noreferrer\">La Piccola Arnia<br \/>\ndi Claudio Mioranza<\/a><\/td>\n<td>2019<\/td>\n<td>Rododendro<\/td>\n<td>Comelico Superiore<\/td>\n<td>Santa Giustina<\/td>\n<td>Belluno<\/td>\n<\/tr>\n<tr class=\"gmail-prodotti\">\n<td><img decoding=\"async\" src=\"https:\/\/qr.informamiele.it\/media\/com_miele\/images\/2-stelle.png\" \/><\/td>\n<td><a href=\"http:\/\/qr.informamiele.it\/index.php?option=com_miele&amp;view=product&amp;id=2696\" target=\"_blank\" rel=\"noopener noreferrer\">Fausto Bogo<\/a><\/td>\n<td>2019<\/td>\n<td>Millefiori<\/td>\n<td>Limana<\/td>\n<td>Limana<\/td>\n<td>Belluno<\/td>\n<\/tr>\n<\/tbody>\n<\/table>\n<\/div>\n<\/div>\n<div>______________________________________________________________<\/div>\n<\/div>\n<div><\/div>\n<div><\/div>\n<div><\/div>\n<div><\/div>\n<p>&nbsp;<\/p>\n<p>&nbsp;<\/p>\n<blockquote><p>&nbsp;<\/p><\/blockquote>\n<h2>IERI AD AGORDO CON MOTORI, BUONA CUCINA E TANTO SOLE. PROSSIMO EVENTO MOTORISTICO 4-5-6 OTTOBRE CON DOLOMITES STREET<\/h2>\n<p><span style=\"color: #0000ff;\"><strong>DI ROBERTO BONA<\/strong><\/span><\/p>\n<audio class=\"wp-audio-shortcode\" id=\"audio-98605-7\" preload=\"none\" style=\"width: 100%;\" controls=\"controls\"><source type=\"audio\/mpeg\" src=\"http:\/\/www.radiopiu.net\/wordpress\/wp-content\/uploads\/2019\/09\/ROBERTO-BONA.mp3?_=7\" \/><a href=\"http:\/\/www.radiopiu.net\/wordpress\/wp-content\/uploads\/2019\/09\/ROBERTO-BONA.mp3\">http:\/\/www.radiopiu.net\/wordpress\/wp-content\/uploads\/2019\/09\/ROBERTO-BONA.mp3<\/a><\/audio>\n<p>&nbsp;<\/p>\n<p><strong><span style=\"color: #ff0000;\">DIRETTA FACEBOOK RADIO PIU<\/span><\/strong><\/p>\n<div id=\"fb-root\"><\/div>\n<p><script async=\"1\" defer=\"1\" crossorigin=\"anonymous\" src=\"https:\/\/connect.facebook.net\/it_IT\/sdk.js#xfbml=1&amp;version=v6.0\"><\/script><\/p>\n<div class=\"fb-video\" data-href=\"https:\/\/www.facebook.com\/mirko.mezzacasa\/videos\/10220757267268378\/\" data-width=\"1200\">\n<blockquote cite=\"https:\/\/www.facebook.com\/mirko.mezzacasa\/videos\/10220757267268378\/\" class=\"fb-xfbml-parse-ignore\"><p><a href=\"https:\/\/www.facebook.com\/mirko.mezzacasa\/videos\/10220757267268378\/\"><\/a><\/p>\n<p>AGORDO VALCOZZENA&#8230;. MOTORI<\/p>\n<p>Pubblicato da <a href=\"https:\/\/www.facebook.com\/mirko.mezzacasa\">Mirko Mezzacasa<\/a> su Domenica 15 settembre 2019<\/p><\/blockquote>\n<\/div>\n<p>&nbsp;<\/p>\n<p>&nbsp;<\/p>\n<p>&nbsp;<\/p>\n<h3>INAUGURATO IL PONTE A CORDE RICOSTRUITO CON IL CONTRIBUTO DELLA PROLOCO DI ALTIVOLE<\/h3>\n<p><strong><a class=\"dt-pswp-item\" href=\"http:\/\/www.radiopiu.net\/wordpress\/wp-content\/uploads\/2019\/09\/WhatsApp-Image-2019-09-14-at-18.20.25.jpeg\" data-dt-img-description=\"\" data-large_image_width=\"1600\" data-large_image_height=\"901\"><img loading=\"lazy\" decoding=\"async\" class=\"size-medium wp-image-98573 alignleft\" src=\"http:\/\/www.radiopiu.net\/wordpress\/wp-content\/uploads\/2019\/09\/WhatsApp-Image-2019-09-14-at-18.20.25-300x169.jpeg\" alt=\"\" width=\"300\" height=\"169\" srcset=\"https:\/\/www.radiopiu.net\/wordpress\/wp-content\/uploads\/2019\/09\/WhatsApp-Image-2019-09-14-at-18.20.25-300x169.jpeg 300w, https:\/\/www.radiopiu.net\/wordpress\/wp-content\/uploads\/2019\/09\/WhatsApp-Image-2019-09-14-at-18.20.25-768x432.jpeg 768w, https:\/\/www.radiopiu.net\/wordpress\/wp-content\/uploads\/2019\/09\/WhatsApp-Image-2019-09-14-at-18.20.25-1024x577.jpeg 1024w, https:\/\/www.radiopiu.net\/wordpress\/wp-content\/uploads\/2019\/09\/WhatsApp-Image-2019-09-14-at-18.20.25.jpeg 1600w\" sizes=\"auto, (max-width: 300px) 100vw, 300px\" \/><\/a><\/strong><\/p>\n<p>&nbsp;<\/p>\n<p><strong>TAIBON<\/strong> In 1500 sotto ad un tendone per cenare ma soprattutto per dare un contributo sostanzioso alle comunit\u00e0 di Taibon e Gosaldo. E&#8217; successo nei giorni immediatamente successivi all&#8217;urgano Vaia ad Altivole. Uomini e donne della Proloco si sono fatti in quattro per aiutare l&#8217;Agordino e il risultato si \u00e8 concretizzato nella ricostruzione in tempi record del ponte che collega Listolade alla sua campagna. Ieri la festa in paese, lo scoprimento della targa, il grazie della comunit\u00e0 e tanta allegria in piazza.<\/p>\n<p><strong>DI GIANNI SANTOMASO\u00a0<\/strong><\/p>\n<audio class=\"wp-audio-shortcode\" id=\"audio-98605-8\" preload=\"none\" style=\"width: 100%;\" controls=\"controls\"><source type=\"audio\/mpeg\" src=\"http:\/\/www.radiopiu.net\/wordpress\/wp-content\/uploads\/2019\/09\/LISTOLADE-GIANNI.mp3?_=8\" \/><a href=\"http:\/\/www.radiopiu.net\/wordpress\/wp-content\/uploads\/2019\/09\/LISTOLADE-GIANNI.mp3\">http:\/\/www.radiopiu.net\/wordpress\/wp-content\/uploads\/2019\/09\/LISTOLADE-GIANNI.mp3<\/a><\/audio>\n<p>&nbsp;<\/p>\n<p><span style=\"color: #ff0000;\"><strong>DIRETTA FACEBOOK RADIOPIU<\/strong><\/span><\/p>\n<div id=\"fb-root\"><\/div>\n<p><script async=\"1\" defer=\"1\" crossorigin=\"anonymous\" src=\"https:\/\/connect.facebook.net\/it_IT\/sdk.js#xfbml=1&amp;version=v6.0\"><\/script><\/p>\n<div class=\"fb-video\" data-href=\"https:\/\/www.facebook.com\/mirko.mezzacasa\/videos\/10220750122409761\/\" data-width=\"1200\">\n<blockquote cite=\"https:\/\/www.facebook.com\/mirko.mezzacasa\/videos\/10220750122409761\/\" class=\"fb-xfbml-parse-ignore\"><p><a href=\"https:\/\/www.facebook.com\/mirko.mezzacasa\/videos\/10220750122409761\/\"><\/a><\/p>\n<p>METTERSI INSIEME E&#039; UN INIZIORIMANERE INSIEME E&#039; UN PROGRESSOLAVORARE INSIEME E&#039; UN SUCCESSO (H.F.)Comune di Altivole e gruppi aderenti alla Proloco. Ponte distrutto da Vaia il 29 ottobre 2018, ricostruito grazie all&#039;immediato impegno e mirabile genorosit\u00e0 della Proloco di AltivoleREALIZZATO DALLA BURIGO DI LONGARONE, COLLABORAZIONE LENA TAIBONSOTPIAN LISTOLADE, UNA GRANDE FESTA CON GLI AMICI DI ALTIVOLE PER L&#039;INAUGURAZIONE DEL PONTE A CORDE SUL CORDEVOLE TRAVOLTO DALLA FURIA DI VAIA. DIRETTAsperiamo sia di buon auspicio per gli amici del Peron che meritano la nuova passerella sul Cordevole&#8230;incanto dei miei anni migliori quando con il mio &quot;Saiok&quot; pap\u00e0 Adone arrivavo prima dagli zii Vittorio, Agnese e dai miei cugini Barp&#8230;.SPECIAL GUEST FELICINO E GLI AMIGHI DI LISTOLADE&#8230; E TANTA BELLA GENTE DI LISTOLADE<\/p>\n<p>Pubblicato da <a href=\"https:\/\/www.facebook.com\/mirko.mezzacasa\">Mirko Mezzacasa<\/a> su Sabato 14 settembre 2019<\/p><\/blockquote>\n<\/div>\n<p>&nbsp;<\/p>\n<p>&nbsp;<\/p>\n<h3><\/h3>\n<p>&nbsp;<\/p>\n<blockquote><p>&nbsp;<\/p><\/blockquote>\n<h2><a class=\"dt-pswp-item\" href=\"http:\/\/www.radiopiu.net\/wordpress\/wp-content\/uploads\/2018\/07\/olimp.jpg\" data-dt-img-description=\"\" data-large_image_width=\"1280\" data-large_image_height=\"720\"><img loading=\"lazy\" decoding=\"async\" class=\" wp-image-53375 alignleft\" src=\"http:\/\/www.radiopiu.net\/wordpress\/wp-content\/uploads\/2018\/07\/olimp-300x169.jpg\" alt=\"\" width=\"307\" height=\"173\" \/><\/a>CORTINA 2021 E OLIMPIADI 2026 \u2013 ARCHITETTI, INGEGNERI E TECNICI A CONFRONTO<\/h2>\n<p><strong>VEDELAGO<\/strong> E\u2019 un vero e proprio appello al mondo della politica e delle Istituzioni quello lanciato\u00a0 da Villa Emo\u00a0 da architetti, ingegneri, impiantisti del Veneto che si sono ritrovati per un workshop dedicato alla rigenerazione urbana nell\u2019ambito di Cvbexpo2019, fiera del settore idrotermosanitario. Inevitabile guardare ai grandi eventi del futuro prossimo, e quindi ai Mondiali di Cortina 2021 e alle Olimpiadi del 2026.\u00a0 Al convegno sulla rigenerazione urbana erano presenti oltre 150 professionisti provenienti da tutto il Veneto<\/p>\n<p><span style=\"color: #ff0000;\"><strong>Il presidente dell\u2019Ance di Padova Mauro Cazzaro<\/strong><\/span><\/p>\n<audio class=\"wp-audio-shortcode\" id=\"audio-98605-9\" preload=\"none\" style=\"width: 100%;\" controls=\"controls\"><source type=\"audio\/mpeg\" src=\"http:\/\/www.radiopiu.net\/wordpress\/wp-content\/uploads\/2019\/09\/Mauro-Cazzaro-Presidente-Associazione-Nazionale-Costruttori-Edili-Padova.mp3?_=9\" \/><a href=\"http:\/\/www.radiopiu.net\/wordpress\/wp-content\/uploads\/2019\/09\/Mauro-Cazzaro-Presidente-Associazione-Nazionale-Costruttori-Edili-Padova.mp3\">http:\/\/www.radiopiu.net\/wordpress\/wp-content\/uploads\/2019\/09\/Mauro-Cazzaro-Presidente-Associazione-Nazionale-Costruttori-Edili-Padova.mp3<\/a><\/audio>\n<p><span style=\"color: #ff0000;\"><strong>La responsabile comunicazione dello studio Boeri di Milano, Maria Francesca Tatarella<\/strong><\/span><\/p>\n<audio class=\"wp-audio-shortcode\" id=\"audio-98605-10\" preload=\"none\" style=\"width: 100%;\" controls=\"controls\"><source type=\"audio\/mpeg\" src=\"http:\/\/www.radiopiu.net\/wordpress\/wp-content\/uploads\/2019\/09\/Maria-Francesca-Tatarella-Architetto-Studio-Stefano-Boeri-Architetti.mp3?_=10\" \/><a href=\"http:\/\/www.radiopiu.net\/wordpress\/wp-content\/uploads\/2019\/09\/Maria-Francesca-Tatarella-Architetto-Studio-Stefano-Boeri-Architetti.mp3\">http:\/\/www.radiopiu.net\/wordpress\/wp-content\/uploads\/2019\/09\/Maria-Francesca-Tatarella-Architetto-Studio-Stefano-Boeri-Architetti.mp3<\/a><\/audio>\n<p>&nbsp;<\/p>\n<p>&nbsp;<\/p>\n<p>&nbsp;<\/p>\n<p>&nbsp;<\/p>\n<h2><a class=\"dt-pswp-item\" href=\"http:\/\/www.radiopiu.net\/wordpress\/wp-content\/uploads\/2019\/09\/2668644a-5b8a-4bcd-9206-58d796abfec0.jpg\" data-dt-img-description=\"\" data-large_image_width=\"1599\" data-large_image_height=\"799\"><img loading=\"lazy\" decoding=\"async\" class=\" wp-image-98636 alignleft\" src=\"http:\/\/www.radiopiu.net\/wordpress\/wp-content\/uploads\/2019\/09\/2668644a-5b8a-4bcd-9206-58d796abfec0-300x150.jpg\" alt=\"\" width=\"304\" height=\"152\" srcset=\"https:\/\/www.radiopiu.net\/wordpress\/wp-content\/uploads\/2019\/09\/2668644a-5b8a-4bcd-9206-58d796abfec0-300x150.jpg 300w, https:\/\/www.radiopiu.net\/wordpress\/wp-content\/uploads\/2019\/09\/2668644a-5b8a-4bcd-9206-58d796abfec0-768x384.jpg 768w, https:\/\/www.radiopiu.net\/wordpress\/wp-content\/uploads\/2019\/09\/2668644a-5b8a-4bcd-9206-58d796abfec0-1024x512.jpg 1024w, https:\/\/www.radiopiu.net\/wordpress\/wp-content\/uploads\/2019\/09\/2668644a-5b8a-4bcd-9206-58d796abfec0.jpg 1599w\" sizes=\"auto, (max-width: 304px) 100vw, 304px\" \/><\/a>VIZArt CONCLUSO L&#8217;EVENTO IN VALGRANDE<\/h2>\n<p><strong>COMELICO<\/strong> \u00a0SI \u00e8 concluso\u00a0 sabato l&#8217;evento\u00a0 \u00abArte e musica per far riflettere sulla risorsa bosco\u00bb,\u00a0 \u00a0con il concerto finale dell&#8217;Orchestra \u201cLa Sorgente Classic Ensemble\u201d, VIZArt, l&#8217;iniziativa di arte e musica che ha animato questa settimana la \u201cViza da Fabrica\u201d del bosco di Valgrande, a Comelico Superiore. Numerose le persone che hanno raggiunto l&#8217;area per assistere al concerto e ammirare da vicino le opere di land-art, realizzate da quattro coppie di artisti con il legno degli schianti della tempesta Vaia recuperato dalla Val Visdende.<\/p>\n<p><span style=\"color: #ff0000;\"><strong>Sebastiano Grosselle &#8211; Segretario FLAI CGIL Belluno <\/strong><\/span><\/p>\n<audio class=\"wp-audio-shortcode\" id=\"audio-98605-11\" preload=\"none\" style=\"width: 100%;\" controls=\"controls\"><source type=\"audio\/mpeg\" src=\"http:\/\/www.radiopiu.net\/wordpress\/wp-content\/uploads\/2019\/09\/Sebastiano-Grosselle-Segretario-FLAI-CGIL-Belluno-Conclusione-VIZArt.mp3?_=11\" \/><a href=\"http:\/\/www.radiopiu.net\/wordpress\/wp-content\/uploads\/2019\/09\/Sebastiano-Grosselle-Segretario-FLAI-CGIL-Belluno-Conclusione-VIZArt.mp3\">http:\/\/www.radiopiu.net\/wordpress\/wp-content\/uploads\/2019\/09\/Sebastiano-Grosselle-Segretario-FLAI-CGIL-Belluno-Conclusione-VIZArt.mp3<\/a><\/audio>\n<p><span style=\"color: #ff0000;\"><strong>Daniela Zambelli &#8211; Coordinatrice progetto <\/strong><\/span><\/p>\n<audio class=\"wp-audio-shortcode\" id=\"audio-98605-12\" preload=\"none\" style=\"width: 100%;\" controls=\"controls\"><source type=\"audio\/mpeg\" src=\"http:\/\/www.radiopiu.net\/wordpress\/wp-content\/uploads\/2019\/09\/Daniela-Zambelli-Coordinatrice-progetto-Conclusione-VIZArt.mp3?_=12\" \/><a href=\"http:\/\/www.radiopiu.net\/wordpress\/wp-content\/uploads\/2019\/09\/Daniela-Zambelli-Coordinatrice-progetto-Conclusione-VIZArt.mp3\">http:\/\/www.radiopiu.net\/wordpress\/wp-content\/uploads\/2019\/09\/Daniela-Zambelli-Coordinatrice-progetto-Conclusione-VIZArt.mp3<\/a><\/audio>\n<p>&nbsp;<\/p>\n<p>&nbsp;<\/p>\n<p>&nbsp;<\/p>\n<h2><span style=\"color: #00000a;\"><span style=\"font-family: Calibri, serif;\"><span style=\"font-size: large;\"><b>FIERA E FESTIVAL DELLE FORESTE, BILANCIO PIU&#8217; CHE POSITIVO. PARTECIPAZIONE ECCEZIONALE\u00a0<\/b><\/span><\/span><\/span><\/h2>\n<blockquote><p><em><span style=\"color: #00000a;\"><span style=\"font-family: Calibri, serif;\"><span style=\"font-size: medium;\"><b>Nella due giorni l\u2019esperienza fieristica si \u00e8 arricchita di un festival di altissima qualit\u00e0. <\/b><\/span><\/span><\/span><\/em><\/p><\/blockquote>\n<p align=\"JUSTIFY\"><strong><a class=\"dt-pswp-item\" href=\"http:\/\/www.radiopiu.net\/wordpress\/wp-content\/uploads\/2019\/09\/Gianni-Rigoni-Stern-e-Raffaele-Cavalli.jpg\" data-dt-img-description=\"\" data-large_image_width=\"1917\" data-large_image_height=\"1185\"><img loading=\"lazy\" decoding=\"async\" class=\"size-medium wp-image-98725 alignleft\" src=\"http:\/\/www.radiopiu.net\/wordpress\/wp-content\/uploads\/2019\/09\/Gianni-Rigoni-Stern-e-Raffaele-Cavalli-300x185.jpg\" alt=\"\" width=\"300\" height=\"185\" srcset=\"https:\/\/www.radiopiu.net\/wordpress\/wp-content\/uploads\/2019\/09\/Gianni-Rigoni-Stern-e-Raffaele-Cavalli-300x185.jpg 300w, https:\/\/www.radiopiu.net\/wordpress\/wp-content\/uploads\/2019\/09\/Gianni-Rigoni-Stern-e-Raffaele-Cavalli-768x475.jpg 768w, https:\/\/www.radiopiu.net\/wordpress\/wp-content\/uploads\/2019\/09\/Gianni-Rigoni-Stern-e-Raffaele-Cavalli-1024x633.jpg 1024w, https:\/\/www.radiopiu.net\/wordpress\/wp-content\/uploads\/2019\/09\/Gianni-Rigoni-Stern-e-Raffaele-Cavalli.jpg 1917w\" sizes=\"auto, (max-width: 300px) 100vw, 300px\" \/><\/a>LONGARONE<\/strong> Grande partecipazione anche oggi, nella sua seconda e conclusiva giornata, per la <b>Fiera &amp; Festival delle Foreste<\/b> organizzati da Longarone Fiere in collaborazione con il <b>Ministero delle Politiche agricole, ambientali, forestali e del turismo<\/b>, la <b>Regione del Veneto<\/b>, la <b>Provincia di Belluno<\/b>, numerosi enti locali, associazioni di categoria e di volontariato e un nutrito gruppo di imprese del settore, come occasione di riflessione e confronto per riprendere la pianificazione e la gestione forestale della montagna. Tra gli eventi di oggi, una menzione particolare merita la presentazione del libro \u201cTi ho sconfitto felce aquilina\u201d, di <b>Gianni Rigoni Stern<\/b>, figlio dell\u2019indimenticabile Mario, e il Concerto Alpino del Coro femminile <b>Plinius<\/b> tenutosi nell\u2019anfiteatro della chiesa monumentale di Longarone, diretto dalla <b>Maestra Antonella Pavan<\/b> con i canti del maestro <b>Bepi De Marzi<\/b> \u2013 tra cui il celeberrimo \u201c<b>Signore delle cime<\/b>\u201d \u2013 presentati dallo stesso De Marzi, sempre applauditissimo, come tutti, dal pubblico presente. Accanto alla parte fieristica, il bilancio \u00e8 pi\u00f9 che soddisfacente anche per quanto riguarda il Festival. \u201cPrendendo in considerazione le sue varie componenti, il risultato \u00e8 assolutamente positivo, grazie anche alla ricchezza e variet\u00e0 della proposta culturale e scientifica \u2013 spiega <b>Giustino Mezzalira<\/b>, coordinatore del Comitato scientifico \u2013 Decisiva \u00e8 stata la collaborazione con i numerosi partner di assoluto rilievo nel settore forestale, che hanno ritenuto fina da subito d\u2019identificarsi nella manifestazione. \u00c8 stato messo a punto un programma ambizioso per una prima edizione, ma che si \u00e8 riusciti a portare a termine al meglio: non solo per il numero delle iniziative proposte, ma anche per la loro qualit\u00e0, a dimostrazione che il format del <a class=\"dt-pswp-item\" href=\"http:\/\/www.radiopiu.net\/wordpress\/wp-content\/uploads\/2019\/09\/Assemblea-Conaibo.jpg\" data-dt-img-description=\"\" data-large_image_width=\"3000\" data-large_image_height=\"1132\"><img loading=\"lazy\" decoding=\"async\" class=\"size-medium wp-image-98724 alignright\" src=\"http:\/\/www.radiopiu.net\/wordpress\/wp-content\/uploads\/2019\/09\/Assemblea-Conaibo-300x113.jpg\" alt=\"\" width=\"300\" height=\"113\" srcset=\"https:\/\/www.radiopiu.net\/wordpress\/wp-content\/uploads\/2019\/09\/Assemblea-Conaibo-300x113.jpg 300w, https:\/\/www.radiopiu.net\/wordpress\/wp-content\/uploads\/2019\/09\/Assemblea-Conaibo-768x290.jpg 768w, https:\/\/www.radiopiu.net\/wordpress\/wp-content\/uploads\/2019\/09\/Assemblea-Conaibo-1024x386.jpg 1024w\" sizes=\"auto, (max-width: 300px) 100vw, 300px\" \/><\/a>Festival ha saputo centrare gli obiettivi offrendo in poco tempo un ampio spettro di opportunit\u00e0 e di approfondimenti per un vasto numero di operatori\u201d. Durante la due giorni \u2013 a ingresso libero \u2013 si \u00e8 tenuta una dozzina di convegni e workshop a tema, dedicati alla valorizzazione del legno, alla riqualificazione fluviale, allo sviluppo dei territori montani e specificamente alla ricostruzione dei boschi distrutti dalla tempesta Vaia nella notte tra il 29 e il 30 ottobre dell\u2019anno scorso. La Fiera e il Festival sono stati arricchiti dalla sezione artistica a cura di Arte in Fiera Dolomiti, mostre fotografiche e didattico-informative e un\u2019area ludica per famiglie e scuole, con percorso sensoriale e laboratori. Nell\u2019area dimostrativa esterna, il pubblico ha potuto assistere a prove di movimentazione e selezione dei tronchi, di classificazione a vista del legno strutturale, dimostrazione della realizzazione di tavoli e panche con ausilio della segheria mobile, cippatura degli scarti. <a name=\"_GoBack\"><\/a>Oggi, inoltre, dopo il convegno dal titolo \u201cL\u2019operatore forestale \u2013 Dalla sicurezza alle opportunit\u00e0 economiche\u201d, nella sala del Consiglio di Longarone Fiere \u00e8 stata ospitata per la prima volta l\u2019assemblea ordinaria annuale di <b>Conaibo<\/b>, Coordinamento nazionale delle imprese boschive, guidata dal presidente <b>Livio Bozzolo<\/b>. \u201cSiamo molto soddisfatti di questa prima edizione \u2013 dichiara il presidente di Longarone Fiere <b>Gian Angelo Bellati<\/b> \u2013 La Fiera e il Festival delle foreste ha favorito anche l\u2019incontro tra il mondo tecnico e gli amministratori pubblici, un risultato ulteriore che permetter\u00e0 di aprire delle dinamiche di sviluppo per il futuro sicuramente pi\u00f9 organiche e di successo. L\u2019appuntamento \u00e8 sicuramente al prossimo anno\u201d.<\/p>\n<p>&nbsp;<\/p>\n<p>&nbsp;<\/p>\n<p>&nbsp;<\/p>\n<p>&nbsp;<\/p>\n<h2><a class=\"dt-pswp-item\" href=\"http:\/\/www.radiopiu.net\/wordpress\/wp-content\/uploads\/2018\/06\/IC-FELTRE-Sportivamente-5.jpg\" data-dt-img-description=\"\" data-large_image_width=\"3096\" data-large_image_height=\"4128\"><img loading=\"lazy\" decoding=\"async\" class=\"wp-image-50678 alignleft\" src=\"http:\/\/www.radiopiu.net\/wordpress\/wp-content\/uploads\/2018\/06\/IC-FELTRE-Sportivamente-5-225x300.jpg\" alt=\"\" width=\"119\" height=\"159\" srcset=\"https:\/\/www.radiopiu.net\/wordpress\/wp-content\/uploads\/2018\/06\/IC-FELTRE-Sportivamente-5-225x300.jpg 225w, https:\/\/www.radiopiu.net\/wordpress\/wp-content\/uploads\/2018\/06\/IC-FELTRE-Sportivamente-5-768x1024.jpg 768w\" sizes=\"auto, (max-width: 119px) 100vw, 119px\" \/><\/a>COME INCORAGGIARE I GIOVANI A PRATICARE L&#8217;ATTIVITA&#8217; SPORTIVA, SEDICO INSEGNA<\/h2>\n<p><strong>SEDICO<\/strong> Appuntamento per sabato 28 settembre, per provare le pratiche sportive.<\/p>\n<p><strong>DI DAMIANO TORMEN\u00a0<\/strong><\/p>\n<audio class=\"wp-audio-shortcode\" id=\"audio-98605-13\" preload=\"none\" style=\"width: 100%;\" controls=\"controls\"><source type=\"audio\/mpeg\" src=\"http:\/\/www.radiopiu.net\/wordpress\/wp-content\/uploads\/2019\/09\/DAMIANOSEDICO.mp3?_=13\" \/><a href=\"http:\/\/www.radiopiu.net\/wordpress\/wp-content\/uploads\/2019\/09\/DAMIANOSEDICO.mp3\">http:\/\/www.radiopiu.net\/wordpress\/wp-content\/uploads\/2019\/09\/DAMIANOSEDICO.mp3<\/a><\/audio>\n<p>&nbsp;<\/p>\n<p>&nbsp;<\/p>\n<p>&nbsp;<\/p>\n<blockquote><p>&nbsp;<\/p><\/blockquote>\n<h2>GLI APPUNTAMENTI CON LA ULSS DI FELTRE<\/h2>\n<p><strong><a class=\"dt-pswp-item\" href=\"http:\/\/www.radiopiu.net\/wordpress\/wp-content\/uploads\/2018\/07\/ospedale-feltre.jpg\" data-dt-img-description=\"\" data-large_image_width=\"798\" data-large_image_height=\"457\"><img loading=\"lazy\" decoding=\"async\" class=\" wp-image-53812 alignleft\" src=\"http:\/\/www.radiopiu.net\/wordpress\/wp-content\/uploads\/2018\/07\/ospedale-feltre-300x172.jpg\" alt=\"\" width=\"256\" height=\"147\" srcset=\"https:\/\/www.radiopiu.net\/wordpress\/wp-content\/uploads\/2018\/07\/ospedale-feltre-300x172.jpg 300w, https:\/\/www.radiopiu.net\/wordpress\/wp-content\/uploads\/2018\/07\/ospedale-feltre-768x440.jpg 768w, https:\/\/www.radiopiu.net\/wordpress\/wp-content\/uploads\/2018\/07\/ospedale-feltre.jpg 798w\" sizes=\"auto, (max-width: 256px) 100vw, 256px\" \/><\/a>FELTRE<\/strong>. Continuano le attivit\u00e0 collegate al mese della demenza. Dopo gli apprezzati incontri serali dei Mercoled\u00ec e di Gioved\u00ec della Salute, dal 16 al 20 settembre dalle 15 alle 17 nell\u2019atrio dell\u2019ospedale di Feltre saranno proposte alcune attivit\u00e0 per insegnare a mantenere in allenamento il cervello e prevenire la demenza, grazie alla collaborazione con i Centri Servizio del Distretto di Feltre. Tutte le persone con pi\u00f9 di 65 anni sono invitate. Ecco il programma:<strong> Luned\u00ec 16 settembre<\/strong> 2019 15.00 \u2013 15.30 cruciverba (con il CDS di Arsi\u00e8) 15.30 \u2013 16.00 pet therapy (in collaborazione con il CDS di Arsi\u00e8) 16.00 \u2013 17.00 giochi di stimolazione cognitiva (con il CDS di Seren del Grappa) <strong>Marted\u00ec 17 settembre<\/strong> 2019 15.00 \u2013 16.00 \u201cin Viaggio\u201d: attivit\u00e0 esperienziale con assaggi (con il CDS di Fonzaso) 16.00 \u2013 17.00 giochi linguistici (con il CDS di Sedico) <strong>Mercoled\u00ec 18 settembre<\/strong> 15.00 \u2013 15.30 gioco con cognitivo musicale (con il CDS di Feltre) 15.30 \u2013 16.00 ginnastica psicomotoria (con il CDS di Feltre) 16.00 \u2013 17.00 \u201c5 sensi\u201d: attivit\u00e0 di stimolazione sensoriale (con il CDS di Fonzaso) <strong>Gioved\u00ec 19 settembre<\/strong> 15.00 \u2013 16.00 ortoterapia (con il CDS di Lamon) 16.00 \u2013 17.00 pet therapy e musica (con il CDS di Alano di Piave)<strong> Venerd\u00ec 20 settembre<\/strong> 15.00 \u2013 16.00 attivit\u00e0 motoria (con il CDS di Pedavena) 16.00 \u2013 17.00 lettura (con il CDS di Trichiana \u2013 Mel &#8211; Lentiai)<\/p>\n<p>Continuano, inoltre, gli appuntamenti nelle piazze dei Comuni. Gli psicologi dei centri di Servizio di Feltre saranno a disposizione nelle piazze di diversi comuni della Provincia per un test per la memoria. Per il Feltrino, i gazebi con gli psicologi saranno allestiti dalle 10 alle 12 nelle seguenti date e comuni:<strong> ALANO<\/strong>: venerd\u00ec 20 settembre<strong> ARSI\u00c8<\/strong>: gioved\u00ec 19 settembre <strong>CESIO<\/strong>: gioved\u00ec 19 settembre\u00a0 <strong>FELTRE:<\/strong> marted\u00ec 17 settembre <strong>FONZASO:<\/strong> luned\u00ec 16 settembre\u00a0 <strong>LENTIAI:<\/strong> mercoled\u00ec 18 settembre (in casa di riposo) <strong>MEL:<\/strong> luned\u00ec 16 settembre\u00a0 (in casa di riposo) <strong>PEDAVENA:<\/strong> marted\u00ec 17 settembre\u00a0 <strong>SANTA GIUSTINA<\/strong>:\u00a0 venerd\u00ec 20 settembre <strong>QUERO<\/strong>: gioved\u00ec 19 settembre <strong>SEDICO<\/strong>: gioved\u00ec 19 settembre<strong> SEREN<\/strong>: venerd\u00ec 20 settembre <strong>TRICHIANA<\/strong>: mercoled\u00ec 18 settembre Feltre,14 settembre 2019<\/p>\n<p>&nbsp;<\/p>\n<p>&nbsp;<\/p>\n<p>&nbsp;<\/p>\n<p>&nbsp;<\/p>\n<h3>DA OGGI ALLE 10.30 E 1900\u00a0 \u00a0A RADIO PIU&#8217; IL RITORNO DI 007 IN CONDOTTA CON LA PROF. MARIA ROSA SALMAZO E LO STUDENTE CLAUDIO FONTANIVE. OTTAVA STAGIONE.<\/h3>\n<p><strong>TAIBON<\/strong>\u00a0 A modo nostro il saluto al nuovo anno con la professoressa Maria Rosa Salmazo e lo &#8220;studente&#8221; Claudio Fontanive che dalla prossima settimana daranno vita all&#8217;ottava stagione di 007 in condotta.<\/p>\n<audio class=\"wp-audio-shortcode\" id=\"audio-98605-14\" preload=\"none\" style=\"width: 100%;\" controls=\"controls\"><source type=\"audio\/mpeg\" src=\"http:\/\/www.radiopiu.net\/wordpress\/wp-content\/uploads\/2019\/09\/007-primo-giorno-di-scuola-per-gr.mp3?_=14\" \/><a href=\"http:\/\/www.radiopiu.net\/wordpress\/wp-content\/uploads\/2019\/09\/007-primo-giorno-di-scuola-per-gr.mp3\">http:\/\/www.radiopiu.net\/wordpress\/wp-content\/uploads\/2019\/09\/007-primo-giorno-di-scuola-per-gr.mp3<\/a><\/audio>\n<p>&nbsp;<\/p>\n<blockquote><p>&nbsp;<\/p><\/blockquote>\n<p>&nbsp;<\/p>\n<p>&nbsp;<\/p>\n<p>&nbsp;<\/p>\n<p><a class=\"dt-pswp-item\" href=\"http:\/\/www.radiopiu.net\/wordpress\/wp-content\/uploads\/2018\/09\/appuntamenti.jpeg\" data-dt-img-description=\"\" data-large_image_width=\"800\" data-large_image_height=\"100\"><img loading=\"lazy\" decoding=\"async\" class=\"aligncenter wp-image-61958 size-full\" src=\"http:\/\/www.radiopiu.net\/wordpress\/wp-content\/uploads\/2018\/09\/appuntamenti.jpeg\" alt=\"\" width=\"800\" height=\"100\" srcset=\"https:\/\/www.radiopiu.net\/wordpress\/wp-content\/uploads\/2018\/09\/appuntamenti.jpeg 800w, https:\/\/www.radiopiu.net\/wordpress\/wp-content\/uploads\/2018\/09\/appuntamenti-300x38.jpeg 300w, https:\/\/www.radiopiu.net\/wordpress\/wp-content\/uploads\/2018\/09\/appuntamenti-768x96.jpeg 768w\" sizes=\"auto, (max-width: 800px) 100vw, 800px\" \/><\/a><\/p>\n<p>&nbsp;<\/p>\n<p>&nbsp;<\/p>\n<h2>MENDRANZE N POEJIA X EDIZIONE<\/h2>\n<p><a class=\"dt-pswp-item\" href=\"http:\/\/www.radiopiu.net\/wordpress\/wp-content\/uploads\/2019\/09\/69863732_1256446051192767_3975798260370505728_n.jpg\" data-dt-img-description=\"\" data-large_image_width=\"800\" data-large_image_height=\"800\"><img loading=\"lazy\" decoding=\"async\" class=\" wp-image-97811 alignleft\" src=\"http:\/\/www.radiopiu.net\/wordpress\/wp-content\/uploads\/2019\/09\/69863732_1256446051192767_3975798260370505728_n-300x300.jpg\" alt=\"\" width=\"130\" height=\"130\" srcset=\"https:\/\/www.radiopiu.net\/wordpress\/wp-content\/uploads\/2019\/09\/69863732_1256446051192767_3975798260370505728_n-300x300.jpg 300w, https:\/\/www.radiopiu.net\/wordpress\/wp-content\/uploads\/2019\/09\/69863732_1256446051192767_3975798260370505728_n-150x150.jpg 150w, https:\/\/www.radiopiu.net\/wordpress\/wp-content\/uploads\/2019\/09\/69863732_1256446051192767_3975798260370505728_n-768x768.jpg 768w, https:\/\/www.radiopiu.net\/wordpress\/wp-content\/uploads\/2019\/09\/69863732_1256446051192767_3975798260370505728_n.jpg 800w\" sizes=\"auto, (max-width: 130px) 100vw, 130px\" \/><\/a><strong>LIVINALLONGO<\/strong> In occasione del 15 anni di fondazione dell&#8217;Istitut Cultural Ladin Cesa de Jan sabato 21 settembre alle 20.30 in sala congressi di Arabba viene organizzata la premiazione della decima edizione del concorso nazionale Mendanze n Poejia. Suoner\u00e0 la banda da Fodom diretta da Giuliano Federa, sketch teatrale dei ragazzi della scuola e consegna dei riconoscimenti alle persone meritevoli. Presenta Gianpaolo Soratroi.<\/p>\n<p>LO SPOT ALLA RADIO<\/p>\n<audio class=\"wp-audio-shortcode\" id=\"audio-98605-15\" preload=\"none\" style=\"width: 100%;\" controls=\"controls\"><source type=\"audio\/mpeg\" src=\"http:\/\/www.radiopiu.net\/wordpress\/wp-content\/uploads\/2019\/09\/Mendr\u00e1nze_Pubblicit\u00e0.mp3?_=15\" \/><a href=\"http:\/\/www.radiopiu.net\/wordpress\/wp-content\/uploads\/2019\/09\/Mendr\u00e1nze_Pubblicit\u00e0.mp3\">http:\/\/www.radiopiu.net\/wordpress\/wp-content\/uploads\/2019\/09\/Mendr\u00e1nze_Pubblicit\u00e0.mp3<\/a><\/audio>\n<p>&nbsp;<\/p>\n<p>&nbsp;<\/p>\n<p>&nbsp;<\/p>\n<p><strong><a class=\"dt-pswp-item\" href=\"http:\/\/www.radiopiu.net\/wordpress\/wp-content\/uploads\/2019\/09\/autunnoA4.png\" data-dt-img-description=\"\" data-large_image_width=\"1123\" data-large_image_height=\"793\"><img loading=\"lazy\" decoding=\"async\" class=\"size-medium wp-image-98461 alignleft\" src=\"http:\/\/www.radiopiu.net\/wordpress\/wp-content\/uploads\/2019\/09\/autunnoA4-300x212.png\" alt=\"\" width=\"300\" height=\"212\" srcset=\"https:\/\/www.radiopiu.net\/wordpress\/wp-content\/uploads\/2019\/09\/autunnoA4-300x212.png 300w, https:\/\/www.radiopiu.net\/wordpress\/wp-content\/uploads\/2019\/09\/autunnoA4-768x542.png 768w, https:\/\/www.radiopiu.net\/wordpress\/wp-content\/uploads\/2019\/09\/autunnoA4-1024x723.png 1024w, https:\/\/www.radiopiu.net\/wordpress\/wp-content\/uploads\/2019\/09\/autunnoA4.png 1123w\" sizes=\"auto, (max-width: 300px) 100vw, 300px\" \/><\/a><\/strong><\/p>\n<p><strong>LIVINALLONGO<\/strong> Avvicinandoci alla fine della stagione estiva si comunica che il Castello di Andraz sar\u00e0 aperto, dopo il 15 settembre, anche nei seguenti weekend (sabato e domenica): 21-22 e 28-29 settembre, 5-6 e 12-13 ottobre, dalle 10.00 alle 13.00 e dalle 14.30 alle 17.30.<\/p>\n<p>&nbsp;<\/p>\n<p>&nbsp;<\/p>\n<p>&nbsp;<\/p>\n<p>&nbsp;<\/p>\n<p>&nbsp;<\/p>\n<p>&nbsp;<\/p>\n<p>&nbsp;<\/p>\n<blockquote class=\"wp-embedded-content\" data-secret=\"hrKfjqh0IL\"><p><a href=\"http:\/\/www.radiopiu.net\/wordpress\/piu-sprechi-che-evasione-linefficienza-della-nostra-pa-e-un-freno-allo-sviluppo\/\">PIU\u2019 SPRECHI CHE EVASIONE. L\u2019INEFFICIENZA DELLA NOSTRA PA E\u2019 UN FRENO ALLO SVILUPPO<\/a><\/p><\/blockquote>\n<p><iframe loading=\"lazy\" title=\"&#8220;PIU\u2019 SPRECHI CHE EVASIONE. L\u2019INEFFICIENZA DELLA NOSTRA PA E\u2019 UN FRENO ALLO SVILUPPO&#8221; &#8212; Radio Pi\u00f9\" class=\"wp-embedded-content\" sandbox=\"allow-scripts\" security=\"restricted\" style=\"position: absolute; clip: rect(1px, 1px, 1px, 1px);\" src=\"http:\/\/www.radiopiu.net\/wordpress\/piu-sprechi-che-evasione-linefficienza-della-nostra-pa-e-un-freno-allo-sviluppo\/embed\/#?secret=hrKfjqh0IL\" data-secret=\"hrKfjqh0IL\" width=\"600\" height=\"338\" frameborder=\"0\" marginwidth=\"0\" marginheight=\"0\" scrolling=\"no\"><\/iframe><\/p>\n<p>&nbsp;<\/p>\n<p>&nbsp;<\/p>\n<h1>LO SPECIALE DI RADIO PIU<\/h1>\n<h2>SALESIANO, LAICA E CANOSSIANA: COMPLEANNO PER TRE MISSIONARI di RENATO BONA<\/h2>\n<p><strong>BELLUNO <\/strong>In questo mese di settembre 2019 compiono gli anni tre missionari: don Luciano Cibien, Emanuela Mondin e suor Maria Antonietta Marcon, facenti capo al Centro missionario della diocesi di Belluno-Ferltre alla cui guida vi \u00e8 don Luigi Canal che pure ha vissuto l\u2019 esperienza della missione per anni. L\u2019occasione \u00e8 propizia per formulare sinceri, affettuosi auguri e per esprimere ancora una volta il ringraziamento riconoscente per l\u2019attivit\u00e0 preziosa, meglio: insostituibile, che donne e uomini di chiesa o laici svolgono in favore dei meno fortunati in ogni parte del mondo. CIBIEN don Luciano, missionario salesiano, \u00e8 nato a Castion di Belluno il 13 settembre 1934; in Argentina dal 1964, prima in un collegio di giovani e dal 1975 in Patagonia per l\u2019opera di evangelizzazione in diverse parrocchie. Ecco un ricordo personale: \u201c\u2026 Il 4 dicembre 1952, dopo aver ricevuto la vestizione e la croce di missionario, sbarcavo a Buenos Aires, nella terra che sognavo e che era nei sogni di Don Bosco\u2026 Da Belluno ci \u00e8 arrivato il container con tutto quel ben di Dio. Man mano che portavamo nel salone i pacchi e leggevo \u2018Castion\u2019, mi pareva di trovarmi tra voi e sentire la vostra carit\u00e0. Tutto ci\u00f2 mi \u00e8 servito per far capire ai miei parrocchiani che la mia parrocchia di origine e questa di Viedma affidata alla mia missione sono un\u2019unica realt\u00e0\u2026 Qui sembra inverosimile che un Paese cos\u00ec ricco di carne e di frumento ora non possa sfamare a sufficienza i suoi abitanti; eppure aumentano sempre di pi\u00f9 coloro che chiedono l\u2019elemosina\u2026 La situazione qua \u00e8 sempre pi\u00f9 difficile, sia per la parte religiosa (cristiana), perch\u00e9 mancano sacerdoti e le sette approfittano dell\u2019ignoranza religiosa, sia per quanto riguarda la povert\u00e0 di molte famiglie, poich\u00e9 sono sempre meno quelli che hanno di pi\u00f9, e sempre di pi\u00f9 quelli che hanno di meno o molto poco\u2026\u201d. MONDIN Emanuela &#8211; Missionaria laica fidei donum della diocesi di Belluno-Feltre, \u00e8 bellunese d\u2019origine anche se nata a Milano il 24 settembre del 1964, ed \u00e8 residente a Quero. Nel 2011 ha vissuto una esperienza di volontariato in Per\u00f9 della durata di 4 mesi. Nel novembre del 2016 \u00e8 partita come missionaria laica inviata dalla diocesi bellunese al servizio di quella di Guadalajara in Messico. La Mondin ha avuto modo di testimoniare per il periodico \u201cDalle nostre sorgenti\u201d edito dal Centro missionario di Belluno-Feltre a capo del quale vi \u00e8 don Luigi Canal: \u201cVilla Infantil \u00e8 una casa che accoglie bambini, neonati, abbandonati o orfani, con prospettive di futura adozione. Si trova nella diocesi di Guadalajara, sulle rive del lago Chapala, a circa 72 chilometri dalla capitale. E\u2019 una grande \u2018casa famiglia\u2019 sostenuta da una piccola comunit\u00e0 di suore messicane e dal volontariato locale. A quest\u2019opera collabora anche il vicino monastero delle benedettine, dove la bellunese suor Maria Renata Quariglio \u00e8 madre priora. Vivo all\u2019interno della struttura e collaboro con le suore in tutto quello che serve per il benessere dei bimbi: dalla cura al sostegno scolastico, al gioco e alle pulizie. La mia giornata inizia alle 6 del mattino e termina alle 20 quando grandi e piccini vanno a dormire\u2026\u201d. MARCON suor Antonietta, canossiana, \u00e8 nata a Gosaldo, in Agordino, il 25 settembre 1938, Missionaria dal 1992, ha operato in varie parrocchie di Kenya, Uganda e Tanzania, istruendo fanciulli e catecumeni adulti nella preparazione ai sacramenti. Della sua esperienza in particolare in Tanzania ha detto fra l\u2019altro: \u201cLa parrocchia dove \u00e8 inserita la nostra casa \u00e8 gestita dai Padri Cappuccini (toscani), che hanno aperto la missione, all\u2019inizio per gli italiani, ma ora per tutti quelli che sono cattolici e vivono nell\u2019area. La popolazione \u00e8 un misto di borghesi, ricchi, poveri e poverissimi&#8230; Come canossiane siamo anche in altri due centri. In uno c\u2019\u00e8 un dispensario molto efficiente e rinomato. L\u2019altra presenza \u00e8 in una zona di povert\u00e0 poco distante dal dispensario, dove abbiamo aperto una scuola elementare e la secondaria. Vi affluiscono i poveri, cio\u00e8 coloro che la scuola governativa o altra di classe rifiutano, perch\u00e9 poveri in tutti i sensi\u201d.<\/p>\n<p><a class=\"dt-pswp-item\" href=\"http:\/\/www.radiopiu.net\/wordpress\/wp-content\/uploads\/2019\/09\/69333038_459621888280017_3759542611157712896_n.jpg\" data-dt-img-description=\"\" data-large_image_width=\"201\" data-large_image_height=\"300\"><img loading=\"lazy\" decoding=\"async\" class=\"alignnone size-medium wp-image-98713\" src=\"http:\/\/www.radiopiu.net\/wordpress\/wp-content\/uploads\/2019\/09\/69333038_459621888280017_3759542611157712896_n-201x300.jpg\" alt=\"\" width=\"201\" height=\"300\" \/><\/a><a class=\"dt-pswp-item\" href=\"http:\/\/www.radiopiu.net\/wordpress\/wp-content\/uploads\/2019\/09\/70797023_2649408041756144_1703724229658148864_n.jpg\" data-dt-img-description=\"\" data-large_image_width=\"953\" data-large_image_height=\"960\"><img loading=\"lazy\" decoding=\"async\" class=\"alignnone size-medium wp-image-98714\" src=\"http:\/\/www.radiopiu.net\/wordpress\/wp-content\/uploads\/2019\/09\/70797023_2649408041756144_1703724229658148864_n-298x300.jpg\" alt=\"\" width=\"298\" height=\"300\" srcset=\"https:\/\/www.radiopiu.net\/wordpress\/wp-content\/uploads\/2019\/09\/70797023_2649408041756144_1703724229658148864_n-298x300.jpg 298w, https:\/\/www.radiopiu.net\/wordpress\/wp-content\/uploads\/2019\/09\/70797023_2649408041756144_1703724229658148864_n-150x150.jpg 150w, https:\/\/www.radiopiu.net\/wordpress\/wp-content\/uploads\/2019\/09\/70797023_2649408041756144_1703724229658148864_n-768x774.jpg 768w, https:\/\/www.radiopiu.net\/wordpress\/wp-content\/uploads\/2019\/09\/70797023_2649408041756144_1703724229658148864_n.jpg 953w\" sizes=\"auto, (max-width: 298px) 100vw, 298px\" \/><\/a><a class=\"dt-pswp-item\" href=\"http:\/\/www.radiopiu.net\/wordpress\/wp-content\/uploads\/2019\/09\/71540474_381677342761171_7431063483946369024_n.jpg\" data-dt-img-description=\"\" data-large_image_width=\"202\" data-large_image_height=\"300\"><img loading=\"lazy\" decoding=\"async\" class=\"alignnone size-medium wp-image-98712\" src=\"http:\/\/www.radiopiu.net\/wordpress\/wp-content\/uploads\/2019\/09\/71540474_381677342761171_7431063483946369024_n-202x300.jpg\" alt=\"\" width=\"202\" height=\"300\" \/><\/a><\/p>\n<p>NELLE FOTO (Centro missionario di Belluno-Feltre): don Luciano Cibien, Emanuela Mondin, suor Antonietta Marcon.<\/p>\n<p>&nbsp;<\/p>\n<p>&nbsp;<\/p>\n<p>&nbsp;<\/p>\n<p>&nbsp;<\/p>\n<p>&nbsp;<\/p>\n<p>&nbsp;<\/p>\n<p>&nbsp;<\/p>\n<h3><a class=\"dt-pswp-item\" href=\"http:\/\/www.radiopiu.net\/wordpress\/wp-content\/uploads\/2018\/09\/sport.jpg\" data-dt-img-description=\"\" data-large_image_width=\"800\" data-large_image_height=\"100\"><img loading=\"lazy\" decoding=\"async\" class=\"aligncenter wp-image-60761 size-full\" src=\"http:\/\/www.radiopiu.net\/wordpress\/wp-content\/uploads\/2018\/09\/sport.jpg\" alt=\"\" width=\"800\" height=\"100\" srcset=\"https:\/\/www.radiopiu.net\/wordpress\/wp-content\/uploads\/2018\/09\/sport.jpg 800w, https:\/\/www.radiopiu.net\/wordpress\/wp-content\/uploads\/2018\/09\/sport-300x38.jpg 300w, https:\/\/www.radiopiu.net\/wordpress\/wp-content\/uploads\/2018\/09\/sport-768x96.jpg 768w\" sizes=\"auto, (max-width: 800px) 100vw, 800px\" \/><\/a><\/h3>\n<h2><\/h2>\n<h2>DALLA DOMENICA SPORT PIU&#8217;, IL PROGRAMMA DI MARCO GAZ, OGNI DOMENICA DALLE 15.30 LO SPORT DALL&#8217;AGORDINO E PROVINCIA.<\/h2>\n<p class=\"p1\"><span class=\"s1\"><b>CALCIO <\/b><\/span><span class=\"s1\"><b>TERZA CATEGORIA<\/b><\/span><\/p>\n<p class=\"p1\"><span class=\"s1\">AGORDINA &#8211; FELTRESE 1910 2-0 <\/span><span class=\"s1\">GOL: st. 33\u2019 Andrea De Lazzer, 43\u2019 Filippo Cancel<\/span><\/p>\n<p class=\"p1\"><span class=\"s1\">Buona la prima per la squadra di Agordo. Una vittoria importante per l\u2019Agordina che supera la Feltrese con due gol nella ripresa. 3 punti contro una squadra che punta alla promozione e diretta concorrente della formazione di Agordo. <\/span><span class=\"s1\">Fase iniziale di stanca con le formazioni che si studiano a lungo. Le due compagini prendono le misure ma non vogliono scoprirsi. Unica vera azione dei primi 10\u2019 un lancio lungo per Lacetera dove l\u2019attaccante dell\u2019Agordina non riesce a finalizzare. La Feltrese prova a rispondere ma il pallone non centra i pali. Zannoni ci prova su punizione ma la sfera termina fuori. Le squadre si scoprono ma si va al riposo a reti inviolate. Dopo la pausa Lorenzi prova a cambiare le carte in tavola inserendo Dal Don. La squadra di Agordo ingrana la marcia giusta e mette in difficolt\u00e0 i feltrini. A sbloccare il punteggio ci pensa Andrea De Lazzer. Punizione al centro per Cancel che prova a calciare servendo De Lazzer che insacca. A fine partita l\u2019Agordina riesce a raddoppiare. Tutto nasce da un tiro di Filippo Cancel che termina in fondo al sacco. Feltrese che spegne la luce e Dal Don che rischia di mettere a segno anche il terzo gol. <\/span><\/p>\n<p class=\"p1\"><span class=\"s1\"><b>CALCIO PRIMA CATEGORIA<\/b><\/span><\/p>\n<p class=\"p1\"><span class=\"s1\">SANTA LUCIA SUSEGANA &#8211; FIORI BARP 4-3 <\/span><span class=\"s1\">Dopo la bella vittoria nella prima di campionato, il Fiori Barp perde in trasferta contro il Santa Lucia Susegana. Trevigiani che strappano 3 punti dopo una partita pirotecnica con le difese molto ballerine. Ben 5 i gol messi a segno nella prima frazione e ripresa pi\u00f9 soporifera anche a causa del caldo. <\/span><span class=\"s1\">Padroni di casa che sbloccano il punteggio dopo appena 4\u2019 con Modenese che trova la punizione perfetta. Squadra del Mas che pareggia i conti poco dopo con Saine bravo a trovare il pertugio giusto. Santa Lucia che risponde poco dopo riportandosi in vantaggio ma il Fiori Barp non ci sta e trova il pareggio con Ibrahim. I trevigiani non ci stanno e prima della pausa ritornano in vantaggio con Niakasso. Nella ripresa poche emozioni e ancora un gol per parte. Per la squadra di Mas a segno Zoldan<\/span><\/p>\n<p class=\"p1\"><span class=\"s1\"><b>CALCIO GIOVANILI AGORDINA <\/b><\/span><\/p>\n<p class=\"p1\"><span class=\"s1\">ALLIEVI PROVINCIALI <\/span><span class=\"s1\">PLAVIS &#8211; AGORDINA 1-0 <\/span><span class=\"s1\">Sconfitta di misura per gli Allievi dell\u2019Agordina che sul campo della Plavis non inaugurano al meglio la stagione. Tante occasioni sprecate per gli agordini che hanno giocato bene la prima frazione per poi crollare nel secondo tempo. A fare la differenza \u00e8 stata la preparazione atletica con i ragazzi della Plavis che hanno iniziato gli allenamenti prima rispetto all\u2019Agordina. <\/span><\/p>\n<p class=\"p1\"><span class=\"s1\"><b>CALCIO GIOVANILE SAN GIORGIO<\/b><\/span><\/p>\n<p class=\"p1\"><span class=\"s1\">ALLIEVI REGIONALI <\/span><span class=\"s1\">CASSOLA &#8211; SAN GIORGIO SEDICO 4-0 <\/span><span class=\"s1\">Ancora una sconfitta per i giovani del San Giorgio Sedico che in terra trevigiana non riescono a racimolare punti contro un Cassola che incamera la prima vittoria in campionato. Nessuna rete messa a segno e 6 gol subiti nelle prime due uscite per la squadra sedicense. Subito in vantaggio il Cassola che dopo 4\u2019 sblocca la sfida. L\u2019Union risponde colpendo la traversa poco dopo. la squadra di Sedico non gioca male ma al 40\u2019 arriva il raddoppio dei padroni di casa. Nella ripresa il Cassola chiude definitivamente il match mettendo a segno altre 2 marcature. <\/span><\/p>\n<p class=\"p1\"><span class=\"s1\"><b>CALCIO CAMPIONATI CSI<\/b><\/span><\/p>\n<p class=\"p1\"><span class=\"s1\">OPEN A1 <\/span><span class=\"s1\">LE VILLE &#8211; SOCCHER 5-1 <\/span><span class=\"s1\">GOL LE VILLE: Matthias Crepaz, Daniel Bogo, Andrea Favero e 2 Jari Monferone <\/span><span class=\"s1\">COPPA OVER <\/span><span class=\"s1\">BAR LA SOSTA &#8211; LA VALLE 3-2 <\/span><span class=\"s1\">GOL LA VALLE: Roberto De Col, Davide Malacarne<\/span><\/p>\n<p class=\"p1\"><span class=\"s1\"><b>HOCKEY <\/b><\/span><span class=\"s1\"><b>UNDER 19<\/b><\/span><\/p>\n<p class=\"p1\"><span class=\"s1\">VAL PUSTERIA &#8211; ALLEGHE 10-2 <\/span><span class=\"s1\">PARZIALI: 4-0, 4-1, 2-1 <\/span><span class=\"s1\">GOL ALLEGHE: st. 13\u201916\u201d Rossi. tt. 3\u201943\u201d Rossi <\/span><span class=\"s1\">L\u2019under 19 alleghese crolla in terra altoatesina. Seconda sconfitta consecutiva per i giovani allenati da Matikainen che contro il Val Pusteria non entrano mai in partita. Prima frazione che si chiude con i padroni di casa in vantaggio per 4 a 0. Nel drittel centrale i pusteresi mettono a segno altre 4 marcature e per l\u2019Alleghe va a segno Rossi. Ultimo tempo con le civette che accorciano ancora con Rossi ma il Val Pusteria incrementa.<\/span><\/p>\n<p class=\"p1\"><span class=\"s1\"><b>HOCKEY UNDER 17<\/b><\/span><\/p>\n<p class=\"p1\">FASSA\/ALLEGHE &#8211; AOSTA 0-3 <span class=\"s1\">PARZIALI: 0-2, 0-1, 0-0 <\/span><span class=\"s1\">Non inizia bene la stagione per il Fassa\/Alleghe under 17 che sul ghiaccio di casa crolla contro l\u2019Aosta. Match da dimenticare in fretta con gli ospiti che chiudono la partita in poco pi\u00f9 di 20\u2019. Fassa\/Alleghe mai stato in partita specialmente nel secondo tempo. Una sconfitta che brucia con l\u2019Aosta che vince meritatamente dopo aver attaccato per tutti i 60\u2019 di gara.<\/span><\/p>\n<p>&nbsp;<\/p>\n<p>&nbsp;<\/p>\n<h2>SOCCOL-CAMPAGNA VINCE IL 27 MEMORIAL DANILO SIBILLON<\/h2>\n<p><strong><a class=\"dt-pswp-item\" href=\"http:\/\/www.radiopiu.net\/wordpress\/wp-content\/uploads\/2019\/09\/WhatsApp-Image-2019-09-15-at-20.12.31-e1568572370670.jpeg\" data-dt-img-description=\"\" data-large_image_width=\"1600\" data-large_image_height=\"1200\"><img loading=\"lazy\" decoding=\"async\" class=\" wp-image-98682 alignleft\" src=\"http:\/\/www.radiopiu.net\/wordpress\/wp-content\/uploads\/2019\/09\/WhatsApp-Image-2019-09-15-at-20.12.31-e1568572370670-300x225.jpeg\" alt=\"\" width=\"251\" height=\"187\" srcset=\"https:\/\/www.radiopiu.net\/wordpress\/wp-content\/uploads\/2019\/09\/WhatsApp-Image-2019-09-15-at-20.12.31-e1568572370670-300x225.jpeg 300w, https:\/\/www.radiopiu.net\/wordpress\/wp-content\/uploads\/2019\/09\/WhatsApp-Image-2019-09-15-at-20.12.31-e1568572370670-768x576.jpeg 768w, https:\/\/www.radiopiu.net\/wordpress\/wp-content\/uploads\/2019\/09\/WhatsApp-Image-2019-09-15-at-20.12.31-e1568572370670-1024x768.jpeg 1024w, https:\/\/www.radiopiu.net\/wordpress\/wp-content\/uploads\/2019\/09\/WhatsApp-Image-2019-09-15-at-20.12.31-e1568572370670.jpeg 1600w\" sizes=\"auto, (max-width: 251px) 100vw, 251px\" \/><\/a><\/strong><\/p>\n<p>&nbsp;<\/p>\n<p><strong>TAIBON<\/strong> Una grande festa di paese nel ricordo di Danilo SIbillon socio fondatore di Radio Pi\u00f9, un successo per Interclub Comune Radio Pi\u00f9 e Gruppo Sportivo. Sul campo giovani e adulti di un intero paese in rappresentanza delle frazioni, padri con i figli, morosi, parenti.. uno spettacolo come sarebbe piaciuto a Danilo. Occhi rossi nel momento del ricordo e un sorriso dal cuore mentre Paolo e Paola consegnano il mermorial. E&#8217; finita cos\u00ec: 1. Soccol Campagna, 2. Centro-Peden, 3. Villanova-Coi, 4. Listolade-San Cipriano. Capocannoniere Gianluca Paganin.<br \/>\nNella cerimonia di premiazioni i pensieri di Antimo Savaris\u00a0 del Gruppo Sportivo, Ferdinando Soccol vice sindaco di Taibon e Mirko Mezzacasa direttore di Radio Pi\u00f9.<\/p>\n<p><strong>LE PREMIAZIONI&#8230;. AUDIO<\/strong><\/p>\n<p>&nbsp;<\/p>\n<audio class=\"wp-audio-shortcode\" id=\"audio-98605-16\" preload=\"none\" style=\"width: 100%;\" controls=\"controls\"><source type=\"audio\/mpeg\" src=\"http:\/\/www.radiopiu.net\/wordpress\/wp-content\/uploads\/2019\/09\/premiazioni.mp3?_=16\" \/><a href=\"http:\/\/www.radiopiu.net\/wordpress\/wp-content\/uploads\/2019\/09\/premiazioni.mp3\">http:\/\/www.radiopiu.net\/wordpress\/wp-content\/uploads\/2019\/09\/premiazioni.mp3<\/a><\/audio>\n<p>FOTO<\/p>\n<p><a class=\"dt-pswp-item\" href=\"http:\/\/www.radiopiu.net\/wordpress\/wp-content\/uploads\/2019\/09\/WhatsApp-Image-2019-09-15-at-20.12.29.jpeg\" data-dt-img-description=\"\" data-large_image_width=\"1600\" data-large_image_height=\"1200\"><img loading=\"lazy\" decoding=\"async\" class=\"alignnone size-medium wp-image-98686\" src=\"http:\/\/www.radiopiu.net\/wordpress\/wp-content\/uploads\/2019\/09\/WhatsApp-Image-2019-09-15-at-20.12.29-300x225.jpeg\" alt=\"\" width=\"300\" height=\"225\" srcset=\"https:\/\/www.radiopiu.net\/wordpress\/wp-content\/uploads\/2019\/09\/WhatsApp-Image-2019-09-15-at-20.12.29-300x225.jpeg 300w, https:\/\/www.radiopiu.net\/wordpress\/wp-content\/uploads\/2019\/09\/WhatsApp-Image-2019-09-15-at-20.12.29-768x576.jpeg 768w, https:\/\/www.radiopiu.net\/wordpress\/wp-content\/uploads\/2019\/09\/WhatsApp-Image-2019-09-15-at-20.12.29-1024x768.jpeg 1024w, https:\/\/www.radiopiu.net\/wordpress\/wp-content\/uploads\/2019\/09\/WhatsApp-Image-2019-09-15-at-20.12.29.jpeg 1600w\" sizes=\"auto, (max-width: 300px) 100vw, 300px\" \/><\/a><a class=\"dt-pswp-item\" href=\"http:\/\/www.radiopiu.net\/wordpress\/wp-content\/uploads\/2019\/09\/WhatsApp-Image-2019-09-15-at-20.12.30.jpeg\" data-dt-img-description=\"\" data-large_image_width=\"1600\" data-large_image_height=\"1200\"><img loading=\"lazy\" decoding=\"async\" class=\"alignnone size-medium wp-image-98685\" src=\"http:\/\/www.radiopiu.net\/wordpress\/wp-content\/uploads\/2019\/09\/WhatsApp-Image-2019-09-15-at-20.12.30-300x225.jpeg\" alt=\"\" width=\"300\" height=\"225\" srcset=\"https:\/\/www.radiopiu.net\/wordpress\/wp-content\/uploads\/2019\/09\/WhatsApp-Image-2019-09-15-at-20.12.30-300x225.jpeg 300w, https:\/\/www.radiopiu.net\/wordpress\/wp-content\/uploads\/2019\/09\/WhatsApp-Image-2019-09-15-at-20.12.30-768x576.jpeg 768w, https:\/\/www.radiopiu.net\/wordpress\/wp-content\/uploads\/2019\/09\/WhatsApp-Image-2019-09-15-at-20.12.30-1024x768.jpeg 1024w, https:\/\/www.radiopiu.net\/wordpress\/wp-content\/uploads\/2019\/09\/WhatsApp-Image-2019-09-15-at-20.12.30.jpeg 1600w\" sizes=\"auto, (max-width: 300px) 100vw, 300px\" \/><\/a><a class=\"dt-pswp-item\" href=\"http:\/\/www.radiopiu.net\/wordpress\/wp-content\/uploads\/2019\/09\/WhatsApp-Image-2019-09-15-at-20.12.30-1.jpeg\" data-dt-img-description=\"\" data-large_image_width=\"1600\" data-large_image_height=\"1200\"><img loading=\"lazy\" decoding=\"async\" class=\"alignnone size-medium wp-image-98684\" src=\"http:\/\/www.radiopiu.net\/wordpress\/wp-content\/uploads\/2019\/09\/WhatsApp-Image-2019-09-15-at-20.12.30-1-300x225.jpeg\" alt=\"\" width=\"300\" height=\"225\" srcset=\"https:\/\/www.radiopiu.net\/wordpress\/wp-content\/uploads\/2019\/09\/WhatsApp-Image-2019-09-15-at-20.12.30-1-300x225.jpeg 300w, https:\/\/www.radiopiu.net\/wordpress\/wp-content\/uploads\/2019\/09\/WhatsApp-Image-2019-09-15-at-20.12.30-1-768x576.jpeg 768w, https:\/\/www.radiopiu.net\/wordpress\/wp-content\/uploads\/2019\/09\/WhatsApp-Image-2019-09-15-at-20.12.30-1-1024x768.jpeg 1024w, https:\/\/www.radiopiu.net\/wordpress\/wp-content\/uploads\/2019\/09\/WhatsApp-Image-2019-09-15-at-20.12.30-1.jpeg 1600w\" sizes=\"auto, (max-width: 300px) 100vw, 300px\" \/><\/a><a class=\"dt-pswp-item\" href=\"http:\/\/www.radiopiu.net\/wordpress\/wp-content\/uploads\/2019\/09\/WhatsApp-Image-2019-09-15-at-20.12.30-2.jpeg\" data-dt-img-description=\"\" data-large_image_width=\"1600\" data-large_image_height=\"1200\"><img loading=\"lazy\" decoding=\"async\" class=\"alignnone wp-image-98683\" src=\"http:\/\/www.radiopiu.net\/wordpress\/wp-content\/uploads\/2019\/09\/WhatsApp-Image-2019-09-15-at-20.12.30-2-300x225.jpeg\" alt=\"\" width=\"396\" height=\"297\" srcset=\"https:\/\/www.radiopiu.net\/wordpress\/wp-content\/uploads\/2019\/09\/WhatsApp-Image-2019-09-15-at-20.12.30-2-300x225.jpeg 300w, https:\/\/www.radiopiu.net\/wordpress\/wp-content\/uploads\/2019\/09\/WhatsApp-Image-2019-09-15-at-20.12.30-2-768x576.jpeg 768w, https:\/\/www.radiopiu.net\/wordpress\/wp-content\/uploads\/2019\/09\/WhatsApp-Image-2019-09-15-at-20.12.30-2-1024x768.jpeg 1024w, https:\/\/www.radiopiu.net\/wordpress\/wp-content\/uploads\/2019\/09\/WhatsApp-Image-2019-09-15-at-20.12.30-2.jpeg 1600w\" sizes=\"auto, (max-width: 396px) 100vw, 396px\" \/><\/a> <a class=\"dt-pswp-item\" href=\"http:\/\/www.radiopiu.net\/wordpress\/wp-content\/uploads\/2019\/09\/WhatsApp-Image-2019-09-15-at-20.12.31-1.jpeg\" data-dt-img-description=\"\" data-large_image_width=\"1376\" data-large_image_height=\"1600\"><img loading=\"lazy\" decoding=\"async\" class=\"alignnone size-medium wp-image-98681\" src=\"http:\/\/www.radiopiu.net\/wordpress\/wp-content\/uploads\/2019\/09\/WhatsApp-Image-2019-09-15-at-20.12.31-1-258x300.jpeg\" alt=\"\" width=\"258\" height=\"300\" srcset=\"https:\/\/www.radiopiu.net\/wordpress\/wp-content\/uploads\/2019\/09\/WhatsApp-Image-2019-09-15-at-20.12.31-1-258x300.jpeg 258w, https:\/\/www.radiopiu.net\/wordpress\/wp-content\/uploads\/2019\/09\/WhatsApp-Image-2019-09-15-at-20.12.31-1-768x893.jpeg 768w, https:\/\/www.radiopiu.net\/wordpress\/wp-content\/uploads\/2019\/09\/WhatsApp-Image-2019-09-15-at-20.12.31-1-881x1024.jpeg 881w, https:\/\/www.radiopiu.net\/wordpress\/wp-content\/uploads\/2019\/09\/WhatsApp-Image-2019-09-15-at-20.12.31-1.jpeg 1376w\" sizes=\"auto, (max-width: 258px) 100vw, 258px\" \/><\/a><a class=\"dt-pswp-item\" href=\"http:\/\/www.radiopiu.net\/wordpress\/wp-content\/uploads\/2019\/09\/WhatsApp-Image-2019-09-15-at-20.14.37-1.jpeg\" data-dt-img-description=\"\" data-large_image_width=\"1599\" data-large_image_height=\"1200\"><img loading=\"lazy\" decoding=\"async\" class=\"alignnone wp-image-98680\" src=\"http:\/\/www.radiopiu.net\/wordpress\/wp-content\/uploads\/2019\/09\/WhatsApp-Image-2019-09-15-at-20.14.37-1-300x225.jpeg\" alt=\"\" width=\"361\" height=\"271\" srcset=\"https:\/\/www.radiopiu.net\/wordpress\/wp-content\/uploads\/2019\/09\/WhatsApp-Image-2019-09-15-at-20.14.37-1-300x225.jpeg 300w, https:\/\/www.radiopiu.net\/wordpress\/wp-content\/uploads\/2019\/09\/WhatsApp-Image-2019-09-15-at-20.14.37-1-768x576.jpeg 768w, https:\/\/www.radiopiu.net\/wordpress\/wp-content\/uploads\/2019\/09\/WhatsApp-Image-2019-09-15-at-20.14.37-1-1024x768.jpeg 1024w, https:\/\/www.radiopiu.net\/wordpress\/wp-content\/uploads\/2019\/09\/WhatsApp-Image-2019-09-15-at-20.14.37-1.jpeg 1599w\" sizes=\"auto, (max-width: 361px) 100vw, 361px\" \/><\/a><a class=\"dt-pswp-item\" href=\"http:\/\/www.radiopiu.net\/wordpress\/wp-content\/uploads\/2019\/09\/WhatsApp-Image-2019-09-15-at-20.14.38-1.jpeg\" data-dt-img-description=\"\" data-large_image_width=\"1599\" data-large_image_height=\"1200\"><img loading=\"lazy\" decoding=\"async\" class=\"alignnone wp-image-98679 size-large\" src=\"http:\/\/www.radiopiu.net\/wordpress\/wp-content\/uploads\/2019\/09\/WhatsApp-Image-2019-09-15-at-20.14.38-1-1024x768.jpeg\" alt=\"\" width=\"1024\" height=\"768\" srcset=\"https:\/\/www.radiopiu.net\/wordpress\/wp-content\/uploads\/2019\/09\/WhatsApp-Image-2019-09-15-at-20.14.38-1-1024x768.jpeg 1024w, https:\/\/www.radiopiu.net\/wordpress\/wp-content\/uploads\/2019\/09\/WhatsApp-Image-2019-09-15-at-20.14.38-1-300x225.jpeg 300w, https:\/\/www.radiopiu.net\/wordpress\/wp-content\/uploads\/2019\/09\/WhatsApp-Image-2019-09-15-at-20.14.38-1-768x576.jpeg 768w, https:\/\/www.radiopiu.net\/wordpress\/wp-content\/uploads\/2019\/09\/WhatsApp-Image-2019-09-15-at-20.14.38-1.jpeg 1599w\" sizes=\"auto, (max-width: 1024px) 100vw, 1024px\" \/><\/a><\/p>\n<p>&nbsp;<\/p>\n<p>&nbsp;<\/p>\n<p>&nbsp;<\/p>\n<p>&nbsp;<\/p>\n<h2>IL LE VILLE SI AGGIUDICA IL MEMORIAL DANILO MANFROI<\/h2>\n<p>Al campo sportivo di Taibon Agordino \u00e8 andato in scena il Memorial Danilo Manfroi, triangolare di calcio femminile organizzato dal Gruppo Sportivo Taibon e Radio Pi\u00f9. Taibon, Fodom e Le Ville le squadre partecipanti al torneo. Dopo le partite di qualificazione, in finale si sono scontrate Le Ville e Taibon con la compagine di Agordo che l&#8217;ha spuntata con il risultato finale di 3 a 1. <strong>I RISULTATI <\/strong>Taibon \u2013 Le Ville 4-5 dcr, Taibon \u2013 Fodom 3-1 dcr,\u00a0 Le Ville \u2013 Fodom 5-3 dcr,\u00a0 <strong>CLASSIFICA FINALE:<\/strong> Le Ville 4, Taibon 3, Fodom 2,\u00a0 <strong>FINALE:<\/strong> Le Ville \u2013 Taibon 3-1<\/p>\n<h2><strong>LA FOTOGALLERY DEL MEMORIAL DANILO MANFROI<\/strong><\/h2>\n<p><a class=\"dt-pswp-item\" href=\"http:\/\/www.radiopiu.net\/wordpress\/wp-content\/uploads\/2019\/09\/MEMORIAL-MANFROI-2019-07.jpg\" data-dt-img-description=\"\" data-large_image_width=\"1024\" data-large_image_height=\"768\"><img loading=\"lazy\" decoding=\"async\" class=\"alignnone size-medium wp-image-98645\" src=\"http:\/\/www.radiopiu.net\/wordpress\/wp-content\/uploads\/2019\/09\/MEMORIAL-MANFROI-2019-07-300x225.jpg\" alt=\"\" width=\"300\" height=\"225\" srcset=\"https:\/\/www.radiopiu.net\/wordpress\/wp-content\/uploads\/2019\/09\/MEMORIAL-MANFROI-2019-07-300x225.jpg 300w, https:\/\/www.radiopiu.net\/wordpress\/wp-content\/uploads\/2019\/09\/MEMORIAL-MANFROI-2019-07-768x576.jpg 768w, https:\/\/www.radiopiu.net\/wordpress\/wp-content\/uploads\/2019\/09\/MEMORIAL-MANFROI-2019-07.jpg 1024w\" sizes=\"auto, (max-width: 300px) 100vw, 300px\" \/><\/a><a class=\"dt-pswp-item\" href=\"http:\/\/www.radiopiu.net\/wordpress\/wp-content\/uploads\/2019\/09\/MEMORIAL-MANFROI-2019-06.jpg\" data-dt-img-description=\"\" data-large_image_width=\"1024\" data-large_image_height=\"768\"><img loading=\"lazy\" decoding=\"async\" class=\"alignnone size-medium wp-image-98644\" src=\"http:\/\/www.radiopiu.net\/wordpress\/wp-content\/uploads\/2019\/09\/MEMORIAL-MANFROI-2019-06-300x225.jpg\" alt=\"\" width=\"300\" height=\"225\" srcset=\"https:\/\/www.radiopiu.net\/wordpress\/wp-content\/uploads\/2019\/09\/MEMORIAL-MANFROI-2019-06-300x225.jpg 300w, https:\/\/www.radiopiu.net\/wordpress\/wp-content\/uploads\/2019\/09\/MEMORIAL-MANFROI-2019-06-768x576.jpg 768w, https:\/\/www.radiopiu.net\/wordpress\/wp-content\/uploads\/2019\/09\/MEMORIAL-MANFROI-2019-06.jpg 1024w\" sizes=\"auto, (max-width: 300px) 100vw, 300px\" \/><\/a><a class=\"dt-pswp-item\" href=\"http:\/\/www.radiopiu.net\/wordpress\/wp-content\/uploads\/2019\/09\/MEMORIAL-MANFROI-2019-05.jpg\" data-dt-img-description=\"\" data-large_image_width=\"1024\" data-large_image_height=\"768\"><img loading=\"lazy\" decoding=\"async\" class=\"alignnone size-medium wp-image-98643\" src=\"http:\/\/www.radiopiu.net\/wordpress\/wp-content\/uploads\/2019\/09\/MEMORIAL-MANFROI-2019-05-300x225.jpg\" alt=\"\" width=\"300\" height=\"225\" srcset=\"https:\/\/www.radiopiu.net\/wordpress\/wp-content\/uploads\/2019\/09\/MEMORIAL-MANFROI-2019-05-300x225.jpg 300w, https:\/\/www.radiopiu.net\/wordpress\/wp-content\/uploads\/2019\/09\/MEMORIAL-MANFROI-2019-05-768x576.jpg 768w, https:\/\/www.radiopiu.net\/wordpress\/wp-content\/uploads\/2019\/09\/MEMORIAL-MANFROI-2019-05.jpg 1024w\" sizes=\"auto, (max-width: 300px) 100vw, 300px\" \/><\/a><a class=\"dt-pswp-item\" href=\"http:\/\/www.radiopiu.net\/wordpress\/wp-content\/uploads\/2019\/09\/MEMORIAL-MANFROI-2019-04.jpg\" data-dt-img-description=\"\" data-large_image_width=\"1024\" data-large_image_height=\"768\"><img loading=\"lazy\" decoding=\"async\" class=\"alignnone size-medium wp-image-98642\" src=\"http:\/\/www.radiopiu.net\/wordpress\/wp-content\/uploads\/2019\/09\/MEMORIAL-MANFROI-2019-04-300x225.jpg\" alt=\"\" width=\"300\" height=\"225\" srcset=\"https:\/\/www.radiopiu.net\/wordpress\/wp-content\/uploads\/2019\/09\/MEMORIAL-MANFROI-2019-04-300x225.jpg 300w, https:\/\/www.radiopiu.net\/wordpress\/wp-content\/uploads\/2019\/09\/MEMORIAL-MANFROI-2019-04-768x576.jpg 768w, https:\/\/www.radiopiu.net\/wordpress\/wp-content\/uploads\/2019\/09\/MEMORIAL-MANFROI-2019-04.jpg 1024w\" sizes=\"auto, (max-width: 300px) 100vw, 300px\" \/><\/a><a class=\"dt-pswp-item\" href=\"http:\/\/www.radiopiu.net\/wordpress\/wp-content\/uploads\/2019\/09\/MEMORIAL-MANFROI-2019-03.jpg\" data-dt-img-description=\"\" data-large_image_width=\"768\" data-large_image_height=\"1024\"><img loading=\"lazy\" decoding=\"async\" class=\"alignnone wp-image-98641\" src=\"http:\/\/www.radiopiu.net\/wordpress\/wp-content\/uploads\/2019\/09\/MEMORIAL-MANFROI-2019-03-225x300.jpg\" alt=\"\" width=\"169\" height=\"226\" srcset=\"https:\/\/www.radiopiu.net\/wordpress\/wp-content\/uploads\/2019\/09\/MEMORIAL-MANFROI-2019-03-225x300.jpg 225w, https:\/\/www.radiopiu.net\/wordpress\/wp-content\/uploads\/2019\/09\/MEMORIAL-MANFROI-2019-03.jpg 768w\" sizes=\"auto, (max-width: 169px) 100vw, 169px\" \/><\/a><a class=\"dt-pswp-item\" href=\"http:\/\/www.radiopiu.net\/wordpress\/wp-content\/uploads\/2019\/09\/MEMORIAL-MANFROI-2019-02.jpg\" data-dt-img-description=\"\" data-large_image_width=\"1024\" data-large_image_height=\"768\"><img loading=\"lazy\" decoding=\"async\" class=\"alignnone wp-image-98640\" src=\"http:\/\/www.radiopiu.net\/wordpress\/wp-content\/uploads\/2019\/09\/MEMORIAL-MANFROI-2019-02-300x225.jpg\" alt=\"\" width=\"300\" height=\"224\" srcset=\"https:\/\/www.radiopiu.net\/wordpress\/wp-content\/uploads\/2019\/09\/MEMORIAL-MANFROI-2019-02-300x225.jpg 300w, https:\/\/www.radiopiu.net\/wordpress\/wp-content\/uploads\/2019\/09\/MEMORIAL-MANFROI-2019-02-768x576.jpg 768w, https:\/\/www.radiopiu.net\/wordpress\/wp-content\/uploads\/2019\/09\/MEMORIAL-MANFROI-2019-02.jpg 1024w\" sizes=\"auto, (max-width: 300px) 100vw, 300px\" \/><\/a><a class=\"dt-pswp-item\" href=\"http:\/\/www.radiopiu.net\/wordpress\/wp-content\/uploads\/2019\/09\/MEMORIAL-MANFROI-2019-01.jpg\" data-dt-img-description=\"\" data-large_image_width=\"1024\" data-large_image_height=\"768\"><img loading=\"lazy\" decoding=\"async\" class=\"alignnone size-medium wp-image-98639\" src=\"http:\/\/www.radiopiu.net\/wordpress\/wp-content\/uploads\/2019\/09\/MEMORIAL-MANFROI-2019-01-300x225.jpg\" alt=\"\" width=\"300\" height=\"225\" srcset=\"https:\/\/www.radiopiu.net\/wordpress\/wp-content\/uploads\/2019\/09\/MEMORIAL-MANFROI-2019-01-300x225.jpg 300w, https:\/\/www.radiopiu.net\/wordpress\/wp-content\/uploads\/2019\/09\/MEMORIAL-MANFROI-2019-01-768x576.jpg 768w, https:\/\/www.radiopiu.net\/wordpress\/wp-content\/uploads\/2019\/09\/MEMORIAL-MANFROI-2019-01.jpg 1024w\" sizes=\"auto, (max-width: 300px) 100vw, 300px\" \/><\/a><\/p>\n<p>&nbsp;<\/p>\n<p>&nbsp;<\/p>\n<p>&nbsp;<\/p>\n<p>&nbsp;<\/p>\n<p>&nbsp;<\/p>\n<h2>UN ALTRO STRANIERO ALL&#8217;ALLEGHE<\/h2>\n<p><a class=\"dt-pswp-item\" href=\"http:\/\/www.radiopiu.net\/wordpress\/wp-content\/uploads\/2019\/09\/Jussi-Viitanen.jpg\" data-dt-img-description=\"\" data-large_image_width=\"240\" data-large_image_height=\"300\"><img loading=\"lazy\" decoding=\"async\" class=\" wp-image-98498 alignleft\" src=\"http:\/\/www.radiopiu.net\/wordpress\/wp-content\/uploads\/2019\/09\/Jussi-Viitanen-240x300.jpg\" alt=\"\" width=\"170\" height=\"213\" \/><\/a> L&#8217;Alleghe Hockey, ad una settimana esatta dall&#8217;inizio del campionato, ha pensato ad un nuovo innesto in squadra. La compagine allenata da Matikainen, dopo l&#8217;arrivo di Burzacca e Kiviranta, ha optato per aggiungere un&#8217;altra pedina al roster in vista della stagione 2019\/2020. Il finlandese Jussi Viitanen \u00e8 delle civette. Classe 1992, 188 centimetri per 94 kg. Stecca destra che ha gi\u00e0 disputato nella scorsa stagione l&#8217;Alps League con il Garedena. Dopo una lunga carriera in Finlandia, Viitanen ha partecipato anche al campionato francese e giocato nella prima divisione svedese. Il giocatore arriva in riva al lago in prova per due settimane.<\/p>\n<p><strong>AI MICROFONI DI RADIO PIU L&#8217;AMMINISTRATORE DELEGATO DELL&#8217;ALLEGHE ADRIANO LEVIS<\/strong><\/p>\n<audio class=\"wp-audio-shortcode\" id=\"audio-98605-17\" preload=\"none\" style=\"width: 100%;\" controls=\"controls\"><source type=\"audio\/mpeg\" src=\"http:\/\/www.radiopiu.net\/wordpress\/wp-content\/uploads\/2019\/09\/ADRIANO-LEVIS-14-SETTEMBRE-2019.mp3?_=17\" \/><a href=\"http:\/\/www.radiopiu.net\/wordpress\/wp-content\/uploads\/2019\/09\/ADRIANO-LEVIS-14-SETTEMBRE-2019.mp3\">http:\/\/www.radiopiu.net\/wordpress\/wp-content\/uploads\/2019\/09\/ADRIANO-LEVIS-14-SETTEMBRE-2019.mp3<\/a><\/audio>\n<p>&nbsp;<\/p>\n<p>&nbsp;<\/p>\n<p>&nbsp;<\/p>\n<p>&nbsp;<\/p>\n<blockquote class=\"wp-embedded-content\" data-secret=\"VoGmWeqa4v\"><p><a href=\"http:\/\/www.radiopiu.net\/wordpress\/lorenzo-cagnati-vince-la-doi-varec-entorn-frena\/\">LORENZO CAGNATI VINCE LA DOI VAREC ENTORN FRENA<\/a><\/p><\/blockquote>\n<p><iframe loading=\"lazy\" title=\"&#8220;LORENZO CAGNATI VINCE LA DOI VAREC ENTORN FRENA&#8221; &#8212; Radio Pi\u00f9\" class=\"wp-embedded-content\" sandbox=\"allow-scripts\" security=\"restricted\" style=\"position: absolute; clip: rect(1px, 1px, 1px, 1px);\" src=\"http:\/\/www.radiopiu.net\/wordpress\/lorenzo-cagnati-vince-la-doi-varec-entorn-frena\/embed\/#?secret=VoGmWeqa4v\" data-secret=\"VoGmWeqa4v\" width=\"600\" height=\"338\" frameborder=\"0\" marginwidth=\"0\" marginheight=\"0\" scrolling=\"no\"><\/iframe><\/p>\n<p>&nbsp;<\/p>\n<p>&nbsp;<\/p>\n<p><a class=\"dt-pswp-item\" href=\"http:\/\/www.radiopiu.net\/wordpress\/wp-content\/uploads\/2018\/09\/WhatsApp-Image-2018-09-20-at-16.04.06.jpeg\" data-dt-img-description=\"\" data-large_image_width=\"800\" data-large_image_height=\"100\"><img loading=\"lazy\" decoding=\"async\" class=\"aligncenter wp-image-61378 size-full\" src=\"http:\/\/www.radiopiu.net\/wordpress\/wp-content\/uploads\/2018\/09\/WhatsApp-Image-2018-09-20-at-16.04.06.jpeg\" alt=\"\" width=\"800\" height=\"100\" srcset=\"https:\/\/www.radiopiu.net\/wordpress\/wp-content\/uploads\/2018\/09\/WhatsApp-Image-2018-09-20-at-16.04.06.jpeg 800w, https:\/\/www.radiopiu.net\/wordpress\/wp-content\/uploads\/2018\/09\/WhatsApp-Image-2018-09-20-at-16.04.06-300x38.jpeg 300w, https:\/\/www.radiopiu.net\/wordpress\/wp-content\/uploads\/2018\/09\/WhatsApp-Image-2018-09-20-at-16.04.06-768x96.jpeg 768w\" sizes=\"auto, (max-width: 800px) 100vw, 800px\" \/><\/a><\/p>\n<p>&nbsp;<\/p>\n<p>&nbsp;<\/p>\n<p><center><b>Lunedi 16<\/b><\/center><b>Tempo atteso: <\/b>Nella prima met\u00e0 di giornata cielo sereno o poco nuvoloso, nel pomeriggio nuvolosit\u00e0 in aumento fino anche a cielo nuvoloso a tratti pi\u00f9 probabilmente sulle Dolomiti, di sera nuvolosit\u00e0 in diminuzione.<br \/>\n<b>Precipitazioni: <\/b>Assenti fino al mattino e di sera; nel pomeriggio probabilit\u00e0 medio-bassa (25-50%) per rovesci\/temporali locali sulle Prealpi e sparsi sulle Dolomiti.<br \/>\n<b>Temperature: <\/b>Rispetto a domenica fino al mattino saranno pi\u00f9 basse anche sensibilmente, dal pomeriggio senza variazioni di rilievo; valori sopra la media, anche di molto nelle ore diurne. Min\/max: sulle Prealpi 15\/18 \u00b0C a 1500 m e 13\/15 \u00b0C a 2000 m, sulle Dolomiti 13\/15 \u00b0C a 2000 m e 5\/6 \u00b0C a 3000 m.<br \/>\n<b>Venti: <\/b>Nelle valli a regime di brezza, in quota da deboli a moderati col passar delle ore da nord-ovest; 5-15 km\/h a 2000 m, 15-25 km\/h a 3000 m.<\/p>\n<hr \/>\n<p><center><b>Martedi 17<\/b><\/center><b>Tempo atteso: <\/b>Nella prima met\u00e0 di giornata cielo sereno o poco nuvoloso, nel pomeriggio nuvolosit\u00e0 in aumento fino anche a cielo nuvoloso a tratti pi\u00f9 probabilmente sulle Dolomiti, di sera nuvolosit\u00e0 in diminuzione.<br \/>\n<b>Precipitazioni: <\/b>Fino al mattino assenti, nel pomeriggio probabilit\u00e0 medio-bassa (25-50%) per rovesci\/temporali locali sulle Prealpi e sparsi sulle Dolomiti, di sera probabilit\u00e0 bassa (5-25%) per rovesci\/temporali locali.<br \/>\n<b>Temperature: <\/b>Simili a luned\u00ec. Min\/max: sulle Prealpi 15\/18 \u00b0C a 1500 m e 12\/15 \u00b0C a 2000 m, sulle Dolomiti 11\/15 \u00b0C a 2000 m e 4\/5 \u00b0C a 3000 m.<br \/>\n<b>Venti: <\/b>Nelle valli a regime di brezza, in quota da moderati a tesi col passar delle ore da nord-ovest; 15-25 km\/h a 2000 m, 25-40 km\/h a 3000 m.<\/p>\n<hr \/>\n<p><center><b>Mercoledi 18<\/b><\/center>Nuvolosit\u00e0 in aumento con varie piogge gi\u00e0 nella prima met\u00e0 di giornata sulle Prealpi e dal pomeriggio anche sulle Dolomiti, temperature in calo.<\/p>\n<hr \/>\n<p><center><b>Giovedi 19<\/b><\/center>Alternanza di nuvole e rasserenamenti, qualche pioggia fino al mattino, temperature in calo. Previsore: SV<\/p>\n<p>&nbsp;<\/p>\n","protected":false},"excerpt":{"rendered":"<p>&nbsp; BRUCIA IL MAGAZZINO ANNESSO ALL&#8217;ABITAZIONE, LA TASK FORCE DEI VIGILI DEL FUOCO E GLI IDRANTI FRAZIONALI PER\u00a0 SALVARE LA CASA ALLEGHE Si \u00e8 temuto il peggio ieri alle 15 quando da Alleghe alzando gli occhi si \u00e8 vista la densa colonna di fumo alzarsi dalla frazione Cordella in prossimit\u00e0 di un&#8217;abitazione. Subito intuita la&hellip;<\/p>\n","protected":false},"author":1,"featured_media":98692,"comment_status":"closed","ping_status":"closed","sticky":false,"template":"","format":"standard","meta":{"_monsterinsights_skip_tracking":false,"_monsterinsights_sitenote_active":false,"_monsterinsights_sitenote_note":"","_monsterinsights_sitenote_category":0,"footnotes":""},"categories":[86],"tags":[],"class_list":["post-98605","post","type-post","status-publish","format-standard","has-post-thumbnail","hentry","category-gr","category-86","description-off"],"img_url":"https:\/\/www.radiopiu.net\/wordpress\/wp-content\/uploads\/2019\/09\/WhatsApp-Image-2019-09-15-at-19.42.20.jpeg","_links":{"self":[{"href":"https:\/\/www.radiopiu.net\/wordpress\/wp-json\/wp\/v2\/posts\/98605","targetHints":{"allow":["GET"]}}],"collection":[{"href":"https:\/\/www.radiopiu.net\/wordpress\/wp-json\/wp\/v2\/posts"}],"about":[{"href":"https:\/\/www.radiopiu.net\/wordpress\/wp-json\/wp\/v2\/types\/post"}],"author":[{"embeddable":true,"href":"https:\/\/www.radiopiu.net\/wordpress\/wp-json\/wp\/v2\/users\/1"}],"replies":[{"embeddable":true,"href":"https:\/\/www.radiopiu.net\/wordpress\/wp-json\/wp\/v2\/comments?post=98605"}],"version-history":[{"count":0,"href":"https:\/\/www.radiopiu.net\/wordpress\/wp-json\/wp\/v2\/posts\/98605\/revisions"}],"wp:featuredmedia":[{"embeddable":true,"href":"https:\/\/www.radiopiu.net\/wordpress\/wp-json\/wp\/v2\/media\/98692"}],"wp:attachment":[{"href":"https:\/\/www.radiopiu.net\/wordpress\/wp-json\/wp\/v2\/media?parent=98605"}],"wp:term":[{"taxonomy":"category","embeddable":true,"href":"https:\/\/www.radiopiu.net\/wordpress\/wp-json\/wp\/v2\/categories?post=98605"},{"taxonomy":"post_tag","embeddable":true,"href":"https:\/\/www.radiopiu.net\/wordpress\/wp-json\/wp\/v2\/tags?post=98605"}],"curies":[{"name":"wp","href":"https:\/\/api.w.org\/{rel}","templated":true}]}}