{"id":98626,"date":"2019-09-16T05:00:39","date_gmt":"2019-09-16T03:00:39","guid":{"rendered":"http:\/\/www.radiopiu.net\/wordpress\/?p=98626"},"modified":"2019-09-16T05:45:15","modified_gmt":"2019-09-16T03:45:15","slug":"aprono-i-supermercati-le-amministrazioni-incassano-e-il-territorio-si-spopola","status":"publish","type":"post","link":"https:\/\/www.radiopiu.net\/wordpress\/aprono-i-supermercati-le-amministrazioni-incassano-e-il-territorio-si-spopola\/","title":{"rendered":"APRONO I SUPERMERCATI, LE AMMINISTRAZIONI INCASSANO E IL TERRITORIO SI SPOPOLA"},"content":{"rendered":"<p>&nbsp;<\/p>\n<h3>EMORRAGIA CONTINUA E NESSUNO SI MUOVE, COME NULLA FOSSE MENTRE SI ATTENDE L&#8217;APERTURA DEL SESTO SUPERMERCATO IN SOLI 10 CHILOMETRI TRA LA VALLE E CENCENIGHE<\/h3>\n<p><span style=\"color: #ff0000;\"><strong>SABATO LA DIRETTA FACEBOOK<\/strong><\/span><\/p>\n<div id=\"fb-root\"><\/div>\n<p><script async=\"1\" defer=\"1\" crossorigin=\"anonymous\" src=\"https:\/\/connect.facebook.net\/it_IT\/sdk.js#xfbml=1&amp;version=v6.0\"><\/script><\/p>\n<div class=\"fb-video\" data-href=\"https:\/\/www.facebook.com\/mirko.mezzacasa\/videos\/10220748141560241\/\" data-width=\"1200\">\n<blockquote cite=\"https:\/\/www.facebook.com\/mirko.mezzacasa\/videos\/10220748141560241\/\" class=\"fb-xfbml-parse-ignore\"><p><a href=\"https:\/\/www.facebook.com\/mirko.mezzacasa\/videos\/10220748141560241\/\"><\/a><\/p>\n<p>Dal Mila Market di Agordo con Claudio e PaolaUn&#039;altra serranda che si abbassa ad Agordo &#8230;.<\/p>\n<p>Pubblicato da <a href=\"https:\/\/www.facebook.com\/mirko.mezzacasa\">Mirko Mezzacasa<\/a> su Sabato 14 settembre 2019<\/p><\/blockquote>\n<\/div>\n<p><strong><a class=\"dt-pswp-item\" href=\"http:\/\/www.radiopiu.net\/wordpress\/wp-content\/uploads\/2019\/09\/th-2.jpg\" data-dt-img-description=\"\" data-large_image_width=\"251\" data-large_image_height=\"177\"><img loading=\"lazy\" decoding=\"async\" class=\" wp-image-98627 alignleft\" src=\"http:\/\/www.radiopiu.net\/wordpress\/wp-content\/uploads\/2019\/09\/th-2.jpg\" alt=\"\" width=\"155\" height=\"109\" \/><\/a>AGORDO<\/strong> Claudio SIto dopo 31 anni di &#8220;coop&#8221; al Mila Market e altri precedenti con la bottiglieria Favretti ha arrossato gli occhi e abbassato la serranda, per sempre. Tra poche settimane Gabriella Apollonia far\u00e0 altrettanto con l&#8217;edicola libreria di Piazza Libert\u00e0 e purtroppo non saranno gli unici perch\u00e9 a breve altri ne seguiranno anche perch\u00e9 le nuove imposizioni fiscali e non solo da citt\u00e0 metropolitana invitano a prendere gli scivoli, andare in pensione e chiudere per sempre. A fronte di queste chiusure nell&#8217;isola pedonale si informa dell&#8217;apertura di un ufficio immobiliare, almeno una notizia positiva per una via sempre pi\u00f9 buia a abbandonata a s\u00e8 stessa tra episodi di vandalismo e molto altro che non \u00e8 da raccontare. Ma il paese con la sua gente ha fatto qualche cosa per evitare questa emorragia che \u00e8 iniziata molto tempo fa? Le amministrazioni del passato\u00a0 non hanno esitato a staccare permessi a costruire, rilasciare licenze per la grande distribuzione e incassare oneri di urbanizzazione poi ogni tanto si sono concesse il lusso di premiare gli imprenditori dell&#8217;anno dimenticandone una gran parte. Ma a parte questo,\u00a0 \u00a0oltre a chiacchierare dimostrando o forse fingendo emozione ben cullati nel loro posto pubblico che hanno fatto di concreto?<\/p>\n<blockquote><p><em>Radio Pi\u00f9 ne parler\u00e0 domani alle 15.10 e alle 21.05 con Gianni Santomaso che ospita in studio Claudio Sito, la registrazione \u00e8 prevista per questa sera alle 18.30 e se qualcuno volesse aggiungere del suo&#8230;: radiopiu@radiopiu.it, in audio o messaggio whatsup 348 4757041<\/em><\/p>\n<p>&nbsp;<\/p><\/blockquote>\n<p>&nbsp;<\/p>\n","protected":false},"excerpt":{"rendered":"<p>&nbsp; EMORRAGIA CONTINUA E NESSUNO SI MUOVE, COME NULLA FOSSE MENTRE SI ATTENDE L&#8217;APERTURA DEL SESTO SUPERMERCATO IN SOLI 10 CHILOMETRI TRA LA VALLE E CENCENIGHE SABATO LA DIRETTA FACEBOOK Dal Mila Market di Agordo con Claudio e PaolaUn&#039;altra serranda che si abbassa ad Agordo &#8230;. Pubblicato da Mirko Mezzacasa su Sabato 14 settembre 2019&hellip;<\/p>\n","protected":false},"author":1,"featured_media":98627,"comment_status":"closed","ping_status":"closed","sticky":false,"template":"","format":"standard","meta":{"_monsterinsights_skip_tracking":false,"_monsterinsights_sitenote_active":false,"_monsterinsights_sitenote_note":"","_monsterinsights_sitenote_category":0,"footnotes":""},"categories":[51,49],"tags":[],"class_list":["post-98626","post","type-post","status-publish","format-standard","has-post-thumbnail","hentry","category-evidenza-top","category-news-18","category-51","category-49","description-off"],"img_url":"https:\/\/www.radiopiu.net\/wordpress\/wp-content\/uploads\/2019\/09\/th-2.jpg","_links":{"self":[{"href":"https:\/\/www.radiopiu.net\/wordpress\/wp-json\/wp\/v2\/posts\/98626","targetHints":{"allow":["GET"]}}],"collection":[{"href":"https:\/\/www.radiopiu.net\/wordpress\/wp-json\/wp\/v2\/posts"}],"about":[{"href":"https:\/\/www.radiopiu.net\/wordpress\/wp-json\/wp\/v2\/types\/post"}],"author":[{"embeddable":true,"href":"https:\/\/www.radiopiu.net\/wordpress\/wp-json\/wp\/v2\/users\/1"}],"replies":[{"embeddable":true,"href":"https:\/\/www.radiopiu.net\/wordpress\/wp-json\/wp\/v2\/comments?post=98626"}],"version-history":[{"count":0,"href":"https:\/\/www.radiopiu.net\/wordpress\/wp-json\/wp\/v2\/posts\/98626\/revisions"}],"wp:featuredmedia":[{"embeddable":true,"href":"https:\/\/www.radiopiu.net\/wordpress\/wp-json\/wp\/v2\/media\/98627"}],"wp:attachment":[{"href":"https:\/\/www.radiopiu.net\/wordpress\/wp-json\/wp\/v2\/media?parent=98626"}],"wp:term":[{"taxonomy":"category","embeddable":true,"href":"https:\/\/www.radiopiu.net\/wordpress\/wp-json\/wp\/v2\/categories?post=98626"},{"taxonomy":"post_tag","embeddable":true,"href":"https:\/\/www.radiopiu.net\/wordpress\/wp-json\/wp\/v2\/tags?post=98626"}],"curies":[{"name":"wp","href":"https:\/\/api.w.org\/{rel}","templated":true}]}}