{"id":98711,"date":"2019-09-16T05:16:48","date_gmt":"2019-09-16T03:16:48","guid":{"rendered":"http:\/\/www.radiopiu.net\/wordpress\/?p=98711"},"modified":"2019-09-16T05:49:30","modified_gmt":"2019-09-16T03:49:30","slug":"salesiano-laica-e-canossiana-compleanno-per-tre-missionari-di-renato-bona","status":"publish","type":"post","link":"https:\/\/www.radiopiu.net\/wordpress\/salesiano-laica-e-canossiana-compleanno-per-tre-missionari-di-renato-bona\/","title":{"rendered":"SALESIANO, LAICA E CANOSSIANA: COMPLEANNO PER TRE MISSIONARI  di RENATO BONA"},"content":{"rendered":"<p>In questo mese di settembre 2019 compiono gli anni tre missionari: don Luciano Cibien, Emanuela Mondin e suor Maria Antonietta Marcon, facenti capo al Centro missionario della diocesi di Belluno-Ferltre alla cui guida vi \u00e8 don Luigi Canal che pure ha vissuto l\u2019 esperienza della missione per anni. L\u2019occasione \u00e8 propizia per formulare sinceri, affettuosi auguri e per esprimere ancora una volta il ringraziamento riconoscente per l\u2019attivit\u00e0 preziosa, meglio: insostituibile, che donne e uomini di chiesa o laici svolgono in favore dei meno fortunati in ogni parte del mondo. CIBIEN don Luciano, missionario salesiano, \u00e8 nato a Castion di Belluno il 13 settembre 1934; in Argentina dal 1964, prima in un collegio di giovani e dal 1975 in Patagonia per l\u2019opera di evangelizzazione in diverse parrocchie. Ecco un ricordo personale: \u201c\u2026 Il 4 dicembre 1952, dopo aver ricevuto la vestizione e la croce di missionario, sbarcavo a Buenos Aires, nella terra che sognavo e che era nei sogni di Don Bosco\u2026 Da Belluno ci \u00e8 arrivato il container con tutto quel ben di Dio. Man mano che portavamo nel salone i pacchi e leggevo \u2018Castion\u2019, mi pareva di trovarmi tra voi e sentire la vostra carit\u00e0. Tutto ci\u00f2 mi \u00e8 servito per far capire ai miei parrocchiani che la mia parrocchia di origine e questa di Viedma affidata alla mia missione sono un\u2019unica realt\u00e0\u2026 Qui sembra inverosimile che un Paese cos\u00ec ricco di carne e di frumento ora non possa sfamare a sufficienza i suoi abitanti; eppure aumentano sempre di pi\u00f9 coloro che chiedono l\u2019elemosina\u2026 La situazione qua \u00e8 sempre pi\u00f9 difficile, sia per la parte religiosa (cristiana), perch\u00e9 mancano sacerdoti e le sette approfittano dell\u2019ignoranza religiosa, sia per quanto riguarda la povert\u00e0 di molte famiglie, poich\u00e9 sono sempre meno quelli che hanno di pi\u00f9, e sempre di pi\u00f9 quelli che hanno di meno o molto poco\u2026\u201d. MONDIN Emanuela &#8211; Missionaria laica fidei donum della diocesi di Belluno-Feltre, \u00e8 bellunese d\u2019origine anche se nata a Milano il 24 settembre del 1964, ed \u00e8 residente a Quero. Nel 2011 ha vissuto una esperienza di volontariato in Per\u00f9 della durata di 4 mesi. Nel novembre del 2016 \u00e8 partita come missionaria laica inviata dalla diocesi bellunese al servizio di quella di Guadalajara in Messico. La Mondin ha avuto modo di testimoniare per il periodico \u201cDalle nostre sorgenti\u201d edito dal Centro missionario di Belluno-Feltre a capo del quale vi \u00e8 don Luigi Canal: \u201cVilla Infantil \u00e8 una casa che accoglie bambini, neonati, abbandonati o orfani, con prospettive di futura adozione. Si trova nella diocesi di Guadalajara, sulle rive del lago Chapala, a circa 72 chilometri dalla capitale. E\u2019 una grande \u2018casa famiglia\u2019 sostenuta da una piccola comunit\u00e0 di suore messicane e dal volontariato locale. A quest\u2019opera collabora anche il vicino monastero delle benedettine, dove la bellunese suor Maria Renata Quariglio \u00e8 madre priora. Vivo all\u2019interno della struttura e collaboro con le suore in tutto quello che serve per il benessere dei bimbi: dalla cura al sostegno scolastico, al gioco e alle pulizie. La mia giornata inizia alle 6 del mattino e termina alle 20 quando grandi e piccini vanno a dormire\u2026\u201d. MARCON suor Antonietta, canossiana, \u00e8 nata a Gosaldo, in Agordino, il 25 settembre 1938, Missionaria dal 1992, ha operato in varie parrocchie di Kenya, Uganda e Tanzania, istruendo fanciulli e catecumeni adulti nella preparazione ai sacramenti. Della sua esperienza in particolare in Tanzania ha detto fra l\u2019altro: \u201cLa parrocchia dove \u00e8 inserita la nostra casa \u00e8 gestita dai Padri Cappuccini (toscani), che hanno aperto la missione, all\u2019inizio per gli italiani, ma ora per tutti quelli che sono cattolici e vivono nell\u2019area. La popolazione \u00e8 un misto di borghesi, ricchi, poveri e poverissimi&#8230; Come canossiane siamo anche in altri due centri. In uno c\u2019\u00e8 un dispensario molto efficiente e rinomato. L\u2019altra presenza \u00e8 in una zona di povert\u00e0 poco distante dal dispensario, dove abbiamo aperto una scuola elementare e la secondaria. Vi affluiscono i poveri, cio\u00e8 coloro che la scuola governativa o altra di classe rifiutano, perch\u00e9 poveri in tutti i sensi\u201d.<\/p>\n<p><a class=\"dt-pswp-item\" href=\"http:\/\/www.radiopiu.net\/wordpress\/wp-content\/uploads\/2019\/09\/69333038_459621888280017_3759542611157712896_n.jpg\" data-dt-img-description=\"\" data-large_image_width=\"201\" data-large_image_height=\"300\"><img loading=\"lazy\" decoding=\"async\" class=\"alignnone size-medium wp-image-98713\" src=\"http:\/\/www.radiopiu.net\/wordpress\/wp-content\/uploads\/2019\/09\/69333038_459621888280017_3759542611157712896_n-201x300.jpg\" alt=\"\" width=\"201\" height=\"300\" \/><\/a><a class=\"dt-pswp-item\" href=\"http:\/\/www.radiopiu.net\/wordpress\/wp-content\/uploads\/2019\/09\/70797023_2649408041756144_1703724229658148864_n.jpg\" data-dt-img-description=\"\" data-large_image_width=\"953\" data-large_image_height=\"960\"><img loading=\"lazy\" decoding=\"async\" class=\"alignnone size-medium wp-image-98714\" src=\"http:\/\/www.radiopiu.net\/wordpress\/wp-content\/uploads\/2019\/09\/70797023_2649408041756144_1703724229658148864_n-298x300.jpg\" alt=\"\" width=\"298\" height=\"300\" srcset=\"https:\/\/www.radiopiu.net\/wordpress\/wp-content\/uploads\/2019\/09\/70797023_2649408041756144_1703724229658148864_n-298x300.jpg 298w, https:\/\/www.radiopiu.net\/wordpress\/wp-content\/uploads\/2019\/09\/70797023_2649408041756144_1703724229658148864_n-150x150.jpg 150w, https:\/\/www.radiopiu.net\/wordpress\/wp-content\/uploads\/2019\/09\/70797023_2649408041756144_1703724229658148864_n-768x774.jpg 768w, https:\/\/www.radiopiu.net\/wordpress\/wp-content\/uploads\/2019\/09\/70797023_2649408041756144_1703724229658148864_n.jpg 953w\" sizes=\"auto, (max-width: 298px) 100vw, 298px\" \/><\/a><a class=\"dt-pswp-item\" href=\"http:\/\/www.radiopiu.net\/wordpress\/wp-content\/uploads\/2019\/09\/71540474_381677342761171_7431063483946369024_n.jpg\" data-dt-img-description=\"\" data-large_image_width=\"202\" data-large_image_height=\"300\"><img loading=\"lazy\" decoding=\"async\" class=\"alignnone size-medium wp-image-98712\" src=\"http:\/\/www.radiopiu.net\/wordpress\/wp-content\/uploads\/2019\/09\/71540474_381677342761171_7431063483946369024_n-202x300.jpg\" alt=\"\" width=\"202\" height=\"300\" \/><\/a><\/p>\n<p>NELLE FOTO (Centro missionario di Belluno-Feltre): don Luciano Cibien, Emanuela Mondin, suor Antonietta Marcon.<\/p>\n","protected":false},"excerpt":{"rendered":"<p>In questo mese di settembre 2019 compiono gli anni tre missionari: don Luciano Cibien, Emanuela Mondin e suor Maria Antonietta Marcon, facenti capo al Centro missionario della diocesi di Belluno-Ferltre alla cui guida vi \u00e8 don Luigi Canal che pure ha vissuto l\u2019 esperienza della missione per anni. L\u2019occasione \u00e8 propizia per formulare sinceri, affettuosi&hellip;<\/p>\n","protected":false},"author":1,"featured_media":98714,"comment_status":"closed","ping_status":"closed","sticky":false,"template":"","format":"standard","meta":{"_monsterinsights_skip_tracking":false,"_monsterinsights_sitenote_active":false,"_monsterinsights_sitenote_note":"","_monsterinsights_sitenote_category":0,"footnotes":""},"categories":[49],"tags":[],"class_list":["post-98711","post","type-post","status-publish","format-standard","has-post-thumbnail","hentry","category-news-18","category-49","description-off"],"img_url":"https:\/\/www.radiopiu.net\/wordpress\/wp-content\/uploads\/2019\/09\/70797023_2649408041756144_1703724229658148864_n.jpg","_links":{"self":[{"href":"https:\/\/www.radiopiu.net\/wordpress\/wp-json\/wp\/v2\/posts\/98711","targetHints":{"allow":["GET"]}}],"collection":[{"href":"https:\/\/www.radiopiu.net\/wordpress\/wp-json\/wp\/v2\/posts"}],"about":[{"href":"https:\/\/www.radiopiu.net\/wordpress\/wp-json\/wp\/v2\/types\/post"}],"author":[{"embeddable":true,"href":"https:\/\/www.radiopiu.net\/wordpress\/wp-json\/wp\/v2\/users\/1"}],"replies":[{"embeddable":true,"href":"https:\/\/www.radiopiu.net\/wordpress\/wp-json\/wp\/v2\/comments?post=98711"}],"version-history":[{"count":0,"href":"https:\/\/www.radiopiu.net\/wordpress\/wp-json\/wp\/v2\/posts\/98711\/revisions"}],"wp:featuredmedia":[{"embeddable":true,"href":"https:\/\/www.radiopiu.net\/wordpress\/wp-json\/wp\/v2\/media\/98714"}],"wp:attachment":[{"href":"https:\/\/www.radiopiu.net\/wordpress\/wp-json\/wp\/v2\/media?parent=98711"}],"wp:term":[{"taxonomy":"category","embeddable":true,"href":"https:\/\/www.radiopiu.net\/wordpress\/wp-json\/wp\/v2\/categories?post=98711"},{"taxonomy":"post_tag","embeddable":true,"href":"https:\/\/www.radiopiu.net\/wordpress\/wp-json\/wp\/v2\/tags?post=98711"}],"curies":[{"name":"wp","href":"https:\/\/api.w.org\/{rel}","templated":true}]}}