{"id":98731,"date":"2019-09-16T07:25:44","date_gmt":"2019-09-16T05:25:44","guid":{"rendered":"http:\/\/www.radiopiu.net\/wordpress\/?p=98731"},"modified":"2019-09-16T09:53:17","modified_gmt":"2019-09-16T07:53:17","slug":"stamane-dal-falier-la-diretta-agora-lagordino-si-candida-a-fare-scuola","status":"publish","type":"post","link":"https:\/\/www.radiopiu.net\/wordpress\/stamane-dal-falier-la-diretta-agora-lagordino-si-candida-a-fare-scuola\/","title":{"rendered":"STAMANE DAL FALIER LA DIRETTA &#8220;AGORA'&#8221;&#8230;. L&#8217;AGORDINO SI CANDIDA A FARE SCUOLA?"},"content":{"rendered":"<p>&nbsp;<\/p>\n<h3><a class=\"dt-pswp-item\" href=\"http:\/\/www.radiopiu.net\/wordpress\/wp-content\/uploads\/2019\/09\/WhatsApp-Image-2019-09-14-at-17.28.01.jpeg\" data-dt-img-description=\"\" data-large_image_width=\"768\" data-large_image_height=\"1024\"><img loading=\"lazy\" decoding=\"async\" class=\" wp-image-98575 alignleft\" src=\"http:\/\/www.radiopiu.net\/wordpress\/wp-content\/uploads\/2019\/09\/WhatsApp-Image-2019-09-14-at-17.28.01-225x300.jpeg\" alt=\"\" width=\"138\" height=\"184\" srcset=\"https:\/\/www.radiopiu.net\/wordpress\/wp-content\/uploads\/2019\/09\/WhatsApp-Image-2019-09-14-at-17.28.01-225x300.jpeg 225w, https:\/\/www.radiopiu.net\/wordpress\/wp-content\/uploads\/2019\/09\/WhatsApp-Image-2019-09-14-at-17.28.01.jpeg 768w\" sizes=\"auto, (max-width: 138px) 100vw, 138px\" \/><\/a><\/h3>\n<h3><\/h3>\n<h3>I MAGNIFICI 10 AL FALIER,\u00a0 SECONDO GIORNO<\/h3>\n<p><strong>ROCCA PIETORE\u00a0<\/strong> Mauro Vattai , guida di mezza montagna e del programma Recharge in Nature. Suo compito ovviamente \u00e8\u00a0 farli camminare e conoscere la montagna. Un&#8217;altra attivit\u00e0 di successo<\/p>\n<p>Stamane prevista la diretta televisiva su RAI3 programma Agor\u00e0, dalle 8 alle 10. Il primo collegamento\u00a0 alle 9-9.15. \u00a0Tema il livello di stress e aggressivit\u00e0 della classe politica contrapposto alla forza edificante di questa esperienza di recharge in Nature. L\u2019Agordino si candida a fare scuola?<\/p>\n<p><strong>AGORA<\/strong>L&#8217;appuntamento quotidiano con il racconto della politica e le notizie nella mattinata di Rai3. L&#8217;Agor\u00e0 guidata da Serena Bortone punta ogni giorno a offrire un racconto ampio, chiaro e approfondito dell&#8217;attualit\u00e0, aprendo continue finestre sulla realt\u00e0 tra servizi e collegamenti in diretta, sempre sulla notizia.<\/p>\n<audio class=\"wp-audio-shortcode\" id=\"audio-98731-1\" preload=\"none\" style=\"width: 100%;\" controls=\"controls\"><source type=\"audio\/mpeg\" src=\"http:\/\/www.radiopiu.net\/wordpress\/wp-content\/uploads\/2019\/09\/mauro\u00f9.mp3?_=1\" \/><a href=\"http:\/\/www.radiopiu.net\/wordpress\/wp-content\/uploads\/2019\/09\/mauro\u00f9.mp3\">http:\/\/www.radiopiu.net\/wordpress\/wp-content\/uploads\/2019\/09\/mauro\u00f9.mp3<\/a><\/audio>\n<p>&nbsp;<\/p>\n","protected":false},"excerpt":{"rendered":"<p>&nbsp; I MAGNIFICI 10 AL FALIER,\u00a0 SECONDO GIORNO ROCCA PIETORE\u00a0 Mauro Vattai , guida di mezza montagna e del programma Recharge in Nature. Suo compito ovviamente \u00e8\u00a0 farli camminare e conoscere la montagna. Un&#8217;altra attivit\u00e0 di successo Stamane prevista la diretta televisiva su RAI3 programma Agor\u00e0, dalle 8 alle 10. Il primo collegamento\u00a0 alle 9-9.15.&hellip;<\/p>\n","protected":false},"author":1,"featured_media":98578,"comment_status":"closed","ping_status":"closed","sticky":false,"template":"","format":"standard","meta":{"_monsterinsights_skip_tracking":false,"_monsterinsights_sitenote_active":false,"_monsterinsights_sitenote_note":"","_monsterinsights_sitenote_category":0,"footnotes":""},"categories":[49],"tags":[],"class_list":["post-98731","post","type-post","status-publish","format-standard","has-post-thumbnail","hentry","category-news-18","category-49","description-off"],"img_url":"https:\/\/www.radiopiu.net\/wordpress\/wp-content\/uploads\/2019\/09\/WhatsApp-Image-2019-09-14-at-17.28.00.jpeg","_links":{"self":[{"href":"https:\/\/www.radiopiu.net\/wordpress\/wp-json\/wp\/v2\/posts\/98731","targetHints":{"allow":["GET"]}}],"collection":[{"href":"https:\/\/www.radiopiu.net\/wordpress\/wp-json\/wp\/v2\/posts"}],"about":[{"href":"https:\/\/www.radiopiu.net\/wordpress\/wp-json\/wp\/v2\/types\/post"}],"author":[{"embeddable":true,"href":"https:\/\/www.radiopiu.net\/wordpress\/wp-json\/wp\/v2\/users\/1"}],"replies":[{"embeddable":true,"href":"https:\/\/www.radiopiu.net\/wordpress\/wp-json\/wp\/v2\/comments?post=98731"}],"version-history":[{"count":0,"href":"https:\/\/www.radiopiu.net\/wordpress\/wp-json\/wp\/v2\/posts\/98731\/revisions"}],"wp:featuredmedia":[{"embeddable":true,"href":"https:\/\/www.radiopiu.net\/wordpress\/wp-json\/wp\/v2\/media\/98578"}],"wp:attachment":[{"href":"https:\/\/www.radiopiu.net\/wordpress\/wp-json\/wp\/v2\/media?parent=98731"}],"wp:term":[{"taxonomy":"category","embeddable":true,"href":"https:\/\/www.radiopiu.net\/wordpress\/wp-json\/wp\/v2\/categories?post=98731"},{"taxonomy":"post_tag","embeddable":true,"href":"https:\/\/www.radiopiu.net\/wordpress\/wp-json\/wp\/v2\/tags?post=98731"}],"curies":[{"name":"wp","href":"https:\/\/api.w.org\/{rel}","templated":true}]}}