{"id":98815,"date":"2019-09-17T05:59:12","date_gmt":"2019-09-17T03:59:12","guid":{"rendered":"http:\/\/www.radiopiu.net\/wordpress\/?p=98815"},"modified":"2019-09-17T05:58:53","modified_gmt":"2019-09-17T03:58:53","slug":"la-ulss1-ha-fatto-un-grande-regalo-alla-radiologia-di-agordo-piuttosto-e-un-dovere","status":"publish","type":"post","link":"https:\/\/www.radiopiu.net\/wordpress\/la-ulss1-ha-fatto-un-grande-regalo-alla-radiologia-di-agordo-piuttosto-e-un-dovere\/","title":{"rendered":"LA ULSS1 HA FATTO UN GRANDE REGALO ALLA RADIOLOGIA DI AGORDO, PIUTTOSTO E&#8217; UN DOVERE."},"content":{"rendered":"<p>AGORDO Pochi giorni fa la Ulss1 ha comunicato ai mezzi di informazione dell&#8217;ultima apparecchiatura acquistata per l&#8217;ospedale di Agordo, per la radiologia in particolare. Noi invece siamo sempre in attesa di consocere che ne sar\u00e0 di quel reparto dopo che il radiologo (uno dei 2, il terzo sale da Belluno quando serve) andr\u00e0 in pensione. Insistiamo e riproponiamo il servizio per la terza volta. Nel frattempo abbiamo raccolto qualche informazione al reparto di radiologia da chi ovviamente conosce peculiarit\u00e0 e problematiche. Precisiamo che in qualsiasi momento chiunque volesse controbattere o smentire quanto riportato trover\u00e0 a Radio Pi\u00f9 microfoni aperti e lo spazio per esprimere le proprie opinioni.<\/p>\n<blockquote><p><strong>Caro Direttore,<\/strong><\/p>\n<p><em>In merito all&#8217;articolo sulla nuova apparecchiatura acquistata per la Radiologia di Agordo preciso: attualmente il Reparto dispone di 2 apparecchiature, una digitale ed una analogica. La digitale ha pi\u00f9 di 10 anni, \u00e8 soggetta a rotture sopportanto un carico di lavoro notevole. Quella analogica viene usata in caso di rottura della digitale o per qualche esame interno, le immagini sono di scarsa qualit\u00e0. In sostanza era giocoforza che l&#8217;apparecchiatura analogica dovesse essere sostituita, in quanto non riusciva pi\u00f9\u00a0 a garantire elevati standard di qualit\u00e0. Su altra stampa ho letto \u00a0&#8220;Finora gli operatori si sono serviti di uno strumento analogico&#8221;&#8230; In realt\u00e0 dispongono gi\u00e0 da anni anche dell&#8217;apparecchiatura digitale;\u00a0 la refertazione via Pacs con miglioramento della qualit\u00e0 delle immagini non \u00e8 una novit\u00e0. Certo che pretendere di incrementare l&#8217;attivit\u00e0 quando a febbraio rimarr\u00e0 un medico e uno part time che sale da Belluno fa pensare (se non ci saranno novit\u00e0 in merito ad assunzioni ndr.)\u00a0<\/em><\/p><\/blockquote>\n<p>ARTICOLI PRECEDENTI<\/p>\n<blockquote class=\"wp-embedded-content\" data-secret=\"ghND6hvSqS\"><p><a href=\"http:\/\/www.radiopiu.net\/wordpress\/la-ulss1-acquista-nuova-apparecchiatura-per-la-radiologia-ma-il-radiologo-in-sostituzione-del-professionista-prossimo-alla-pensione\/\">LA ULSS1 ACQUISTA NUOVA APPARECCHIATURA PER LA RADIOLOGIA, MA IL RADIOLOGO IN SOSTITUZIONE DEL PROFESSIONISTA PROSSIMO ALLA PENSIONE?<\/a><\/p><\/blockquote>\n<p><iframe loading=\"lazy\" title=\"&#8220;LA ULSS1 ACQUISTA NUOVA APPARECCHIATURA PER LA RADIOLOGIA, MA IL RADIOLOGO IN SOSTITUZIONE DEL PROFESSIONISTA PROSSIMO ALLA PENSIONE?&#8221; &#8212; Radio Pi\u00f9\" class=\"wp-embedded-content\" sandbox=\"allow-scripts\" security=\"restricted\" style=\"position: absolute; clip: rect(1px, 1px, 1px, 1px);\" src=\"http:\/\/www.radiopiu.net\/wordpress\/la-ulss1-acquista-nuova-apparecchiatura-per-la-radiologia-ma-il-radiologo-in-sostituzione-del-professionista-prossimo-alla-pensione\/embed\/#?secret=ghND6hvSqS\" data-secret=\"ghND6hvSqS\" width=\"600\" height=\"338\" frameborder=\"0\" marginwidth=\"0\" marginheight=\"0\" scrolling=\"no\"><\/iframe><\/p>\n<blockquote><p>&nbsp;<\/p><\/blockquote>\n","protected":false},"excerpt":{"rendered":"<p>AGORDO Pochi giorni fa la Ulss1 ha comunicato ai mezzi di informazione dell&#8217;ultima apparecchiatura acquistata per l&#8217;ospedale di Agordo, per la radiologia in particolare. Noi invece siamo sempre in attesa di consocere che ne sar\u00e0 di quel reparto dopo che il radiologo (uno dei 2, il terzo sale da Belluno quando serve) andr\u00e0 in pensione.&hellip;<\/p>\n","protected":false},"author":1,"featured_media":0,"comment_status":"closed","ping_status":"closed","sticky":false,"template":"","format":"standard","meta":{"_monsterinsights_skip_tracking":false,"_monsterinsights_sitenote_active":false,"_monsterinsights_sitenote_note":"","_monsterinsights_sitenote_category":0,"footnotes":""},"categories":[51,49],"tags":[],"class_list":["post-98815","post","type-post","status-publish","format-standard","hentry","category-evidenza-top","category-news-18","category-51","category-49","description-off"],"img_url":false,"_links":{"self":[{"href":"https:\/\/www.radiopiu.net\/wordpress\/wp-json\/wp\/v2\/posts\/98815","targetHints":{"allow":["GET"]}}],"collection":[{"href":"https:\/\/www.radiopiu.net\/wordpress\/wp-json\/wp\/v2\/posts"}],"about":[{"href":"https:\/\/www.radiopiu.net\/wordpress\/wp-json\/wp\/v2\/types\/post"}],"author":[{"embeddable":true,"href":"https:\/\/www.radiopiu.net\/wordpress\/wp-json\/wp\/v2\/users\/1"}],"replies":[{"embeddable":true,"href":"https:\/\/www.radiopiu.net\/wordpress\/wp-json\/wp\/v2\/comments?post=98815"}],"version-history":[{"count":0,"href":"https:\/\/www.radiopiu.net\/wordpress\/wp-json\/wp\/v2\/posts\/98815\/revisions"}],"wp:attachment":[{"href":"https:\/\/www.radiopiu.net\/wordpress\/wp-json\/wp\/v2\/media?parent=98815"}],"wp:term":[{"taxonomy":"category","embeddable":true,"href":"https:\/\/www.radiopiu.net\/wordpress\/wp-json\/wp\/v2\/categories?post=98815"},{"taxonomy":"post_tag","embeddable":true,"href":"https:\/\/www.radiopiu.net\/wordpress\/wp-json\/wp\/v2\/tags?post=98815"}],"curies":[{"name":"wp","href":"https:\/\/api.w.org\/{rel}","templated":true}]}}