{"id":98821,"date":"2019-09-16T18:48:36","date_gmt":"2019-09-16T16:48:36","guid":{"rendered":"http:\/\/www.radiopiu.net\/wordpress\/?p=98821"},"modified":"2019-09-17T15:14:49","modified_gmt":"2019-09-17T13:14:49","slug":"giornale-radiopiu-17-settembre-2019-direttore-mirko-mezzacasa","status":"publish","type":"post","link":"https:\/\/www.radiopiu.net\/wordpress\/giornale-radiopiu-17-settembre-2019-direttore-mirko-mezzacasa\/","title":{"rendered":"GIORNALE RADIOPIU 17 SETTEMBRE 2019 DIRETTORE MIRKO MEZZACASA"},"content":{"rendered":"<p>&nbsp;<\/p>\n<h2>AGORDO-BELLUNO VIAGGI A RISCHIO TRA SASSI CHE CADONO, PARASASSI DAI LEGNI MARCI, CERVI IN LIBERTA&#8217;. CHE SI FA?<\/h2>\n<p><em>Terza frana di sassi in pochi giorni lungo la regionale 203 agordina,\u00a0 da dieci giorni lo stiamo ripetendo: partire da Agordo per Belluno \u00e8 un rischio e ieri ne \u00e8 stata l&#8217;ennesima dimostrazione fortunatamente nessuno \u00e8 rimasto coinvolto diversamente dai due episodi precedenti. Ieri mattina poco prima delle 12\u00a0 gli automobilisti non si sono\u00a0 pianti addosso,\u00a0 sono scesi dalle vetture e hanno\u00a0 tolto i sassi poi l&#8217;intervento di Veneto Strade. Tra loro il\u00a0 maggiore dei carabinieri di Belluno, Emanuela Cervellera che stava salendo ad Agordo che non ha esistato a sporcarsi le mani\u00a0 contribuendo\u00a0 a spostare i detriti insieme con gli altri automobilisti. \u00abEffettivamente &#8211; dir\u00e0 poco poco &#8211;\u00a0 passavo di l\u00e0, eravamo la seconda auto in coda,\u00a0 per fortuna non \u00e8 successo nulla&#8221;.\u00a0<\/em><\/p>\n<p>&nbsp;<\/p>\n<p>&nbsp;<\/p>\n<p>&nbsp;<\/p>\n<blockquote><p><strong>REGIONALE 203 AGORDINA, SENSO UNICO FINO AL 2 OTTOBRE.<\/strong><br \/>\n<strong>SEDICO<\/strong> <em>Dal 23 settembre al 2 ottobre (escluso sabato, domenica e festivi infrasettimanali) senso unico alternato regolato da movieri in localit\u00e0 La Stanga e La Muda<\/em><\/p>\n<p><strong>REGIONALE 641 DI PASSO FEDAIA, SENSO UNICO FINO AL 9 OTTOBRE<\/strong><br \/>\n<strong>ROCCA PIETORE<\/strong> Da oggi al 9 ottobre (sabato, domenica e festivi compresi) senso unico atlternato regolato da semaforo per la messa in sicurezza della strada.<\/p><\/blockquote>\n<p>&nbsp;<\/p>\n<p>&nbsp;<\/p>\n<h3>IMPAURITO PER LA PRESENZA DI CAVALLI SCIVOLA NEL DIRUPO<\/h3>\n<p><strong>CORTINA<\/strong>Un escursionista straniero ha perso la vita dopo un volo di 15 metri. I Carabinieri di Cortina stanno indagando per cercare di capire cosa possa essere successo. Dalle prime indicazioni pare che l&#8217;uomo Thestrup Svend, turista danese di 70 anni, mentre camminava lungo il sentiero 105 sulle Tre Cime di Lavaredo abbia preso paura per la presenza di alcuni cavalli liberi, spostandosi verso il margine del sentiero ha quindi perso l&#8217;equilibrio. L&#8217;uomo \u00e8 morto in seguito alle gravi ferite riportate sbattendo tra i sassi, i soccorsi sono stati chiamati dalla moglie che lo stava seguendo lungo il sentiero. Immediato l&#8217;intervento dell&#8217;elisoccorso del Suem, l&#8217;uomo \u00e8 morto per politraumi attorno alle 13.30, una mezz&#8217;ora dopo il suo ritrovamento.<\/p>\n<p>&nbsp;<\/p>\n<p>&nbsp;<\/p>\n<h2>SI SCHIANTA CON IL PARAPENDIO IN MARMOLADA, MUORE UN POLACCO 46ENNE<\/h2>\n<p><strong>VAL DI FASSA<\/strong> L&#8217;incidente ieri mattina in Trentino, l&#8217;uomo era partito dal Col Rodella sopra Canazei con l&#8217;intenzione di raggiungere la Marmolada, ma si \u00e8 schiantato contro la parete nella zona di Punta Penia &#8211; Passo Ombretta. E&#8217; la seconda tragedia in sole 24 ore. L&#8217;uomo \u00e8 stata recuperato dal Soccorso Alpino della Val di Fassa.<\/p>\n<p>&nbsp;<\/p>\n<p>&nbsp;<\/p>\n<h2>SOCCORSI RAGAZZI IN DIFFICOLT\u00c0<\/h2>\n<p><strong>COMELICO\u00a0<\/strong> Ieri sera Alle 18.40\u00a0 l&#8217;elicottero del Suem di Pieve di Cadore \u00e8 intervenuto sotto il Passo della Sentinella, sul versante che d\u00e0 verso il Rifugio Berti, poich\u00e9 due ventenni tedeschi, dopo un giro lungo e impegnativo superando pi\u00f9 ferrate, scendendo dalla Croda Rossa non erano pi\u00f9 in grado di proseguire, finiti dalla stanchezza. Geolocalizzati, i due giovani sono stati imbarcati con un verricello di 15 metri e trasportati a Sesto.<\/p>\n<p>&nbsp;<\/p>\n<p>&nbsp;<\/p>\n<h3>SOCCORSO CERCATORE DI FUNGHI<\/h3>\n<p><strong>VALLE DI CADORE<\/strong> Attorno alle 12.30 il Soccorso alpino di Pieve di Cadore \u00e8 stato allertato per un cercatore di funghi, che si era fatto male nei boschi sopra la sterrata che dal ponte di Cibiana di Cadore conduce a Vodo di Cadore. P.Z., 63 anni, di Bovolone (PD), che era scivolato sul terreno bagnato sbattendo la schiena e riportando un probabile trauma spinale, pur dolorante era sceso fino sulla strada, dove, grazie alle indicazioni date al cellulare dalla moglie, si \u00e8 portata una squadra, con il supporto dei soccorritori di San Vito di Cadore e Centro Cadore. Immobilizzato e caricato sulla barella spinale, l&#8217;infortunato \u00e8 stato portato in fuoristrada fino all&#8217;ambulanza della Croce bianca, che lo ha poi accompagnato all&#8217;ospedale di Pieve.<\/p>\n<p>&nbsp;<\/p>\n<p>&nbsp;<\/p>\n<h3>ALTRI DUE NTERVENTI IN MONTAGNA<\/h3>\n<p><strong>CORTINA<\/strong> Verso mezzogiorno l&#8217;elicottero del Suem di Pieve di Cadore \u00e8 decollato in direzione di Cortina d&#8217;Ampezzo. Sotto la Grande delle Cinque Torri, a circa 150 metri dal Rifugio Scoiattoli, infatti, un&#8217;escursionista lettone, L.R., 64 anni, che si trovava con il marito, messo male un piede aveva riportato la probabile frattura di una caviglia. Atterrati nelle vicinanze, equipe medica e tecnico del Soccorso alpino hanno prestato le prime cure alla donna, assistita anche dal gestore del rifugio. Dopo essere stata imbarellata, l&#8217;infortunata \u00e8 stata caricata a bordo e trasportata all&#8217;ospedale di Belluno.<\/p>\n<p><strong>VAL DI ZOLDO<\/strong> Alle 15.45 l&#8217;eliambulanza \u00e8 volata in cima al Civetta, in Val di Zoldo, dove una coppia di escursionisti mantovani, ormai quasi alla fine della Ferrata degli alleghesi, era in difficolt\u00e0. Sugli ultimi cavi, a causa di stanchezza e paura, la donna, R.M., 58 anni, non era pi\u00f9 in grado di proseguire. Lei e il marito, G.D., 60 anni, entrambi di Castellucchio, sono stati recuperati in due rotazioni dal tecnico di elisoccorso che li ha imbarcati con un verricello di 15 metri. I due sono stati poi accompagnati in cima al Col dei Baldi.<\/p>\n<p>&nbsp;<\/p>\n<p>&nbsp;<\/p>\n<p>&nbsp;<\/p>\n<h3>LA POLIZIA PROVINCIALE ARRESTA UN AGORDINO PER DETENZIONE DI ARMI<\/h3>\n<p><a class=\"dt-pswp-item\" href=\"http:\/\/www.radiopiu.net\/wordpress\/wp-content\/uploads\/2018\/10\/Volante-Questura-2.jpg\" data-dt-img-description=\"\" data-large_image_width=\"200\" data-large_image_height=\"200\"><img loading=\"lazy\" decoding=\"async\" class=\"size-full wp-image-63841 alignleft\" src=\"http:\/\/www.radiopiu.net\/wordpress\/wp-content\/uploads\/2018\/10\/Volante-Questura-2.jpg\" alt=\"\" width=\"200\" height=\"200\" srcset=\"https:\/\/www.radiopiu.net\/wordpress\/wp-content\/uploads\/2018\/10\/Volante-Questura-2.jpg 200w, https:\/\/www.radiopiu.net\/wordpress\/wp-content\/uploads\/2018\/10\/Volante-Questura-2-150x150.jpg 150w\" sizes=\"auto, (max-width: 200px) 100vw, 200px\" \/><\/a><strong>ROCCA PIETORE<\/strong>\u00a0 Gli uomini della Polizia Provinciale di concerto con gli agenti della Questura di Belluno hanno arrestato un uomo di 62 anni di Rocca Pietore per detenzione illegale d&#8217;armi. Si \u00e8 trattato di un&#8217;operazione anti bracconaggio volta al controllo e alla gestione in sicurezza delle armi da sparo. Dopo una perquisizione in casa dell&#8217;uomo ritrovate due carabine calibro 22, un revolver con matricola illeggibile, una daga di 57 centimetri, due silenziatori per fucili da caccia e 502 munizioni calibro 22. Tutte le armi erano conservata nella camera da letto dell&#8217;uomo, detenute illegalmente. I poliziotti hanno sequestrato il materiale e arrestato l&#8217;uomo E.P. (le iniziali) ora a disposizione dell&#8217;autorit\u00e0 giudiziaria. Sono in corso le indagini della Polizia per risalire alla provenienza della armi sequestrate e accertare il loro utilizzo<\/p>\n<p>&nbsp;<\/p>\n<p>&nbsp;<\/p>\n<p>&nbsp;<\/p>\n<p>&nbsp;<\/p>\n<p>&nbsp;<\/p>\n<p>&nbsp;<\/p>\n<h3>DARIO BOND: \u00abINTERVENTI SERI E IMMEDIATI SULLA SR 203 AGORDINA\u00bb<\/h3>\n<p><a class=\"dt-pswp-item\" href=\"http:\/\/www.radiopiu.net\/wordpress\/wp-content\/uploads\/2019\/09\/WhatsApp-Image-2019-09-16-at-11.57.54.jpeg\" data-dt-img-description=\"\" data-large_image_width=\"1200\" data-large_image_height=\"1599\"><img loading=\"lazy\" decoding=\"async\" class=\" wp-image-98812 alignleft\" src=\"http:\/\/www.radiopiu.net\/wordpress\/wp-content\/uploads\/2019\/09\/WhatsApp-Image-2019-09-16-at-11.57.54-225x300.jpeg\" alt=\"\" width=\"168\" height=\"224\" srcset=\"https:\/\/www.radiopiu.net\/wordpress\/wp-content\/uploads\/2019\/09\/WhatsApp-Image-2019-09-16-at-11.57.54-225x300.jpeg 225w, https:\/\/www.radiopiu.net\/wordpress\/wp-content\/uploads\/2019\/09\/WhatsApp-Image-2019-09-16-at-11.57.54-768x1024.jpeg 768w, https:\/\/www.radiopiu.net\/wordpress\/wp-content\/uploads\/2019\/09\/WhatsApp-Image-2019-09-16-at-11.57.54.jpeg 1200w\" sizes=\"auto, (max-width: 168px) 100vw, 168px\" \/><\/a><em>\u00abHo visto le fotografie di quello che \u00e8 successo sulla Regionale 203 Agordina. Ho visto l\u2019ennesimo crollo di sassi sulla sede stradale, pericolosissimi. Anche stavolta \u00e8 andata bene, perch\u00e9 non ci sono stati danni alle persone e alle auto. Per\u00f2 non \u00e8 possibile chiudere gli occhi e lasciare perdere\u00bb.<\/em> \u00c8 quanto afferma il deputato di Forza Italia, Dario Bond, a seguito della frana che stamattina ha interessato la strada, all\u2019altezza di Peron. \u00abChiedo una mobilitazione di tutti i sindaci della vallata agordina, verso Veneto Strade\u00bb afferma Dario Bond. \u00abIo vengo per primo a chiedere un intervento immediato sull\u2019asse stradale che collega Agordo a Belluno, <a class=\"dt-pswp-item\" href=\"http:\/\/www.radiopiu.net\/wordpress\/wp-content\/uploads\/2019\/09\/a2f9b443-a16c-497a-9cd8-87ab832beec1.jpg\" data-dt-img-description=\"\" data-large_image_width=\"1599\" data-large_image_height=\"1200\"><img loading=\"lazy\" decoding=\"async\" class=\" wp-image-98347 alignright\" src=\"http:\/\/www.radiopiu.net\/wordpress\/wp-content\/uploads\/2019\/09\/a2f9b443-a16c-497a-9cd8-87ab832beec1-300x225.jpg\" alt=\"\" width=\"255\" height=\"191\" srcset=\"https:\/\/www.radiopiu.net\/wordpress\/wp-content\/uploads\/2019\/09\/a2f9b443-a16c-497a-9cd8-87ab832beec1-300x225.jpg 300w, https:\/\/www.radiopiu.net\/wordpress\/wp-content\/uploads\/2019\/09\/a2f9b443-a16c-497a-9cd8-87ab832beec1-768x576.jpg 768w, https:\/\/www.radiopiu.net\/wordpress\/wp-content\/uploads\/2019\/09\/a2f9b443-a16c-497a-9cd8-87ab832beec1-1024x768.jpg 1024w, https:\/\/www.radiopiu.net\/wordpress\/wp-content\/uploads\/2019\/09\/a2f9b443-a16c-497a-9cd8-87ab832beec1.jpg 1599w\" sizes=\"auto, (max-width: 255px) 100vw, 255px\" \/><\/a>compreso il ponte del Cristo, che presenta assi in legno ormai marce. Chiedo un\u2019attenzione importante verso questo collegamento fondamentale per tutta la provincia di Belluno. Non lo chiedo per ordinaria amministrazione: lo chiedo dopo quello che \u00e8 accaduto con la tempesta Vaia. Lo chiedo anche perch\u00e9 questa strada ha avuto interventi nel passato, ma adesso \u00e8 dimenticata. Una strada in cui si toglie il masso che cade, si fa finta che non accada nulla e avanti cos\u00ec. I fondi ci sono e vanno allocati specificatamente\u00bb. \u00abQuella agordina \u00e8 una comunit\u00e0 vitale, con un\u2019azienda estremamente importante per l\u2019economia provinciale; senza contare il traffico turistico\u00bb prosegue il deputato di Forza Italia. \u00abSe passa voce che la Regionale 203 non \u00e8 sicura, allontaniamo i turisti e le attivit\u00e0 produttive. Non \u00e8 possibile. Con Veneto Strade, fin quando non vedo i cantieri, non moller\u00f2 la presa\u00bb.<\/p>\n<p>&nbsp;<\/p>\n<p>&nbsp;<\/p>\n<p>&nbsp;<\/p>\n<div class=\"page-title-head hgroup\">\n<h3 class=\"entry-title\">IERI, SASSI SULLA 203, TERZO EPISODIO IN POCHI GIORNI<\/h3>\n<\/div>\n<div class=\"page-title-breadcrumbs\">\n<p><strong>SEDICO<\/strong> Dopo il sassi su due auto che hanno sfondato i cristalli un altro episodio, grossi macigni sono caduti in strada al Peron di Sedico e la dea bendata c&#8217;era, nessun coinvolto nonostante il gran traffico del lunedi mattina (erano le 11.40). I sassi sono stati spostati dagli automobilisti in transito,\u00a0 Carabinieri di Santa Giutinapresenti sul posto. E&#8217; andata bene&#8230; ma fino a quando?<\/p>\n<p><a class=\"dt-pswp-item\" href=\"http:\/\/www.radiopiu.net\/wordpress\/wp-content\/uploads\/2019\/09\/WhatsApp-Image-2019-09-16-at-12.00.07.jpeg\" data-dt-img-description=\"\" data-large_image_width=\"1600\" data-large_image_height=\"777\"><img loading=\"lazy\" decoding=\"async\" class=\"alignnone wp-image-98808\" src=\"http:\/\/www.radiopiu.net\/wordpress\/wp-content\/uploads\/2019\/09\/WhatsApp-Image-2019-09-16-at-12.00.07-300x146.jpeg\" alt=\"\" width=\"417\" height=\"203\" srcset=\"https:\/\/www.radiopiu.net\/wordpress\/wp-content\/uploads\/2019\/09\/WhatsApp-Image-2019-09-16-at-12.00.07-300x146.jpeg 300w, https:\/\/www.radiopiu.net\/wordpress\/wp-content\/uploads\/2019\/09\/WhatsApp-Image-2019-09-16-at-12.00.07-768x373.jpeg 768w, https:\/\/www.radiopiu.net\/wordpress\/wp-content\/uploads\/2019\/09\/WhatsApp-Image-2019-09-16-at-12.00.07-1024x497.jpeg 1024w, https:\/\/www.radiopiu.net\/wordpress\/wp-content\/uploads\/2019\/09\/WhatsApp-Image-2019-09-16-at-12.00.07.jpeg 1600w\" sizes=\"auto, (max-width: 417px) 100vw, 417px\" \/><\/a><a class=\"dt-pswp-item\" href=\"http:\/\/www.radiopiu.net\/wordpress\/wp-content\/uploads\/2019\/09\/WhatsApp-Image-2019-09-16-at-11.57.53.jpeg\" data-dt-img-description=\"\" data-large_image_width=\"1599\" data-large_image_height=\"1200\"><img loading=\"lazy\" decoding=\"async\" class=\"alignnone wp-image-98811\" src=\"http:\/\/www.radiopiu.net\/wordpress\/wp-content\/uploads\/2019\/09\/WhatsApp-Image-2019-09-16-at-11.57.53-300x225.jpeg\" alt=\"\" width=\"271\" height=\"203\" srcset=\"https:\/\/www.radiopiu.net\/wordpress\/wp-content\/uploads\/2019\/09\/WhatsApp-Image-2019-09-16-at-11.57.53-300x225.jpeg 300w, https:\/\/www.radiopiu.net\/wordpress\/wp-content\/uploads\/2019\/09\/WhatsApp-Image-2019-09-16-at-11.57.53-768x576.jpeg 768w, https:\/\/www.radiopiu.net\/wordpress\/wp-content\/uploads\/2019\/09\/WhatsApp-Image-2019-09-16-at-11.57.53-1024x768.jpeg 1024w, https:\/\/www.radiopiu.net\/wordpress\/wp-content\/uploads\/2019\/09\/WhatsApp-Image-2019-09-16-at-11.57.53.jpeg 1599w\" sizes=\"auto, (max-width: 271px) 100vw, 271px\" \/><\/a><\/p>\n<\/div>\n<p>&nbsp;<\/p>\n<p>&nbsp;<\/p>\n<p>&nbsp;<\/p>\n<h3>DUE FERITI NON GRAVI NELL&#8217;INCIDENTE DI FELTRE<\/h3>\n<p><strong><a class=\"dt-pswp-item\" href=\"http:\/\/www.radiopiu.net\/wordpress\/wp-content\/uploads\/2019\/09\/photo_2019-09-16_10-38-35logo.jpg\" data-dt-img-description=\"\" data-large_image_width=\"1280\" data-large_image_height=\"720\"><img loading=\"lazy\" decoding=\"async\" class=\"wp-image-98798 alignleft\" src=\"http:\/\/www.radiopiu.net\/wordpress\/wp-content\/uploads\/2019\/09\/photo_2019-09-16_10-38-35logo-300x169.jpg\" alt=\"\" width=\"248\" height=\"140\" srcset=\"https:\/\/www.radiopiu.net\/wordpress\/wp-content\/uploads\/2019\/09\/photo_2019-09-16_10-38-35logo-300x169.jpg 300w, https:\/\/www.radiopiu.net\/wordpress\/wp-content\/uploads\/2019\/09\/photo_2019-09-16_10-38-35logo-768x432.jpg 768w, https:\/\/www.radiopiu.net\/wordpress\/wp-content\/uploads\/2019\/09\/photo_2019-09-16_10-38-35logo-1024x576.jpg 1024w, https:\/\/www.radiopiu.net\/wordpress\/wp-content\/uploads\/2019\/09\/photo_2019-09-16_10-38-35logo.jpg 1280w\" sizes=\"auto, (max-width: 248px) 100vw, 248px\" \/><\/a>QUERO VAS<\/strong> Personale Dei Vigili del Fuoco del Comando di Belluno sono intervenuti\u00a0 alle 10.15 sulla S.R. 348 in frazione Santa Maria localit\u00e0 Carpen\u00a0 per un incidente stradale che ha coinvolto un furgoncino condotto da E.S. di Baselga di Pin\u00e8 (Trento) ed un vettura SUV condotta da A.M.\u00a0 79 anni di Feltre che procedeva verso Treviso in direzione opposta dal Dobl\u00f2. Nell&#8217;impatto \u00e8 rimasto ferito il conducente del furgoncino ma anche il feltrino a bordo dalla Land Rover Freelander, entrambi trasportati al Pronto Soccorso di Feltre con ferite di media gravit\u00e0. Sul Posto per i rilievi di legge i Carabinieri\u00a0 di Feltre.<\/p>\n<p>&nbsp;<\/p>\n<h3><\/h3>\n<p>&nbsp;<\/p>\n<p>&nbsp;<\/p>\n<h3>FUORI STRADA A MEL, CONDUCENTE FERITO<\/h3>\n<p><a class=\"dt-pswp-item\" href=\"http:\/\/www.radiopiu.net\/wordpress\/wp-content\/uploads\/2019\/09\/photo_2019-09-16_16-38-29logo.jpg\" data-dt-img-description=\"\" data-large_image_width=\"960\" data-large_image_height=\"954\"><img loading=\"lazy\" decoding=\"async\" class=\" wp-image-98859 alignleft\" src=\"http:\/\/www.radiopiu.net\/wordpress\/wp-content\/uploads\/2019\/09\/photo_2019-09-16_16-38-29logo-300x298.jpg\" alt=\"\" width=\"169\" height=\"167\" srcset=\"https:\/\/www.radiopiu.net\/wordpress\/wp-content\/uploads\/2019\/09\/photo_2019-09-16_16-38-29logo-300x298.jpg 300w, https:\/\/www.radiopiu.net\/wordpress\/wp-content\/uploads\/2019\/09\/photo_2019-09-16_16-38-29logo-768x763.jpg 768w, https:\/\/www.radiopiu.net\/wordpress\/wp-content\/uploads\/2019\/09\/photo_2019-09-16_16-38-29logo.jpg 960w\" sizes=\"auto, (max-width: 169px) 100vw, 169px\" \/><\/a><strong>BORGOVALBELLUNA<\/strong> Uscita autonoma in localilt\u00e0 Mel lungo la provinciale 1, il conducente ha riportato ferite di media gravit\u00e0 e per questo trasportato al pronto soccorso di Feltre, \u00e8 intervenuta la Polizia Stradale di Belluno<\/p>\n<p>&nbsp;<\/p>\n<p>&nbsp;<\/p>\n<p>&nbsp;<\/p>\n<p>&nbsp;<\/p>\n<p>&nbsp;<\/p>\n<p>&nbsp;<\/p>\n<p>&nbsp;<\/p>\n<p>&nbsp;<\/p>\n<h3>VIGILI DEL FUOCO SPENGONO L&#8217;INCENDIO BOSCHIVO<\/h3>\n<p><strong><a class=\"dt-pswp-item\" href=\"http:\/\/www.radiopiu.net\/wordpress\/wp-content\/uploads\/2019\/09\/f7c9d236-f6da-4c1e-8017-71fe86154276.jpg\" data-dt-img-description=\"\" data-large_image_width=\"720\" data-large_image_height=\"1280\"><img loading=\"lazy\" decoding=\"async\" class=\" wp-image-98887 alignleft\" src=\"http:\/\/www.radiopiu.net\/wordpress\/wp-content\/uploads\/2019\/09\/f7c9d236-f6da-4c1e-8017-71fe86154276-169x300.jpg\" alt=\"\" width=\"105\" height=\"186\" srcset=\"https:\/\/www.radiopiu.net\/wordpress\/wp-content\/uploads\/2019\/09\/f7c9d236-f6da-4c1e-8017-71fe86154276-169x300.jpg 169w, https:\/\/www.radiopiu.net\/wordpress\/wp-content\/uploads\/2019\/09\/f7c9d236-f6da-4c1e-8017-71fe86154276-576x1024.jpg 576w, https:\/\/www.radiopiu.net\/wordpress\/wp-content\/uploads\/2019\/09\/f7c9d236-f6da-4c1e-8017-71fe86154276.jpg 720w\" sizes=\"auto, (max-width: 105px) 100vw, 105px\" \/><\/a>PEDAVENA<\/strong> Ieri poco prima delle 12:30, i vigili del fuoco sono intervenuti nei boschi prossimi a passo Croce d\u2019Aune nel comune di Pedavena per l\u2019incendio di un carrello pescante per esbosco con teleferica. La squadra dei pompieri accorsi da Feltre e Belluno con due mezzi fuoristrada e hanno spento il macchinario, utilizzato per i lavori boschivi che si stanno effettuando in zona a seguito della tempesta Vaia. Le operazioni di soccorso sono terminate dopo circa un\u2019ora e mezza. Le cause dell\u2019incendio sono al vaglio dei vigili del fuoco.<\/p>\n<p>&nbsp;<\/p>\n<p>&nbsp;<\/p>\n<p>&nbsp;<\/p>\n<p>&nbsp;<\/p>\n<p>&nbsp;<\/p>\n<p>&nbsp;<\/p>\n<p>&nbsp;<\/p>\n<h3>LA ULSS1 HA FATTO UN GRANDE REGALO ALLA RADIOLOGIA DI AGORDO, PIUTTOSTO E&#8217; UN DOVERE.<\/h3>\n<p><strong><a class=\"dt-pswp-item\" href=\"http:\/\/www.radiopiu.net\/wordpress\/wp-content\/uploads\/2015\/10\/Entrata-Agordo-300x225.jpg\" data-dt-img-description=\"\" data-large_image_width=\"300\" data-large_image_height=\"225\"><img loading=\"lazy\" decoding=\"async\" class=\" wp-image-11952 alignleft\" src=\"http:\/\/www.radiopiu.net\/wordpress\/wp-content\/uploads\/2015\/10\/Entrata-Agordo-300x225-300x225.jpg\" alt=\"\" width=\"196\" height=\"147\" \/><\/a>AGORDO<\/strong> Pochi giorni fa la Ulss1 ha comunicato ai mezzi di informazione dell&#8217;ultima apparecchiatura acquistata per l&#8217;ospedale di Agordo, per la radiologia in particolare. Noi invece siamo sempre in attesa di consocere che ne sar\u00e0 di quel reparto dopo che il radiologo (uno dei 2, il terzo sale da Belluno quando serve) andr\u00e0 in pensione. Insistiamo e riproponiamo il servizio per la terza volta. Nel frattempo abbiamo raccolto qualche informazione al reparto di radiologia da chi ovviamente conosce peculiarit\u00e0 e problematiche. Precisiamo che in qualsiasi momento chiunque volesse controbattere o smentire quanto riportato trover\u00e0 a Radio Pi\u00f9 microfoni aperti e lo spazio per esprimere le proprie opinioni.<\/p>\n<blockquote><p><strong>Caro Direttore,<\/strong><\/p>\n<p><em>In merito all&#8217;articolo sulla nuova apparecchiatura acquistata per la Radiologia di Agordo preciso: attualmente il Reparto dispone di 2 apparecchiature, una digitale ed una analogica. La digitale ha pi\u00f9 di 10 anni, \u00e8 soggetta a rotture sopportanto un carico di lavoro notevole. Quella analogica viene usata in caso di rottura della digitale o per qualche esame interno, le immagini sono di scarsa qualit\u00e0. In sostanza era giocoforza che l&#8217;apparecchiatura analogica dovesse essere sostituita, in quanto non riusciva pi\u00f9\u00a0 a garantire elevati standard di qualit\u00e0. Su altra stampa ho letto \u00a0&#8220;Finora gli operatori si sono serviti di uno strumento analogico&#8221;&#8230; In realt\u00e0 dispongono gi\u00e0 da anni anche dell&#8217;apparecchiatura digitale;\u00a0 la refertazione via Pacs con miglioramento della qualit\u00e0 delle immagini non \u00e8 una novit\u00e0. Certo che pretendere di incrementare l&#8217;attivit\u00e0 quando a febbraio rimarr\u00e0 un medico e uno part time che sale da Belluno fa pensare (se non ci saranno novit\u00e0 in merito ad assunzioni ndr.)\u00a0<\/em><\/p><\/blockquote>\n<p><strong>ARTICOLI PRECEDENTI<\/strong><\/p>\n<blockquote class=\"wp-embedded-content\" data-secret=\"RuHD9b7vh8\"><p><a href=\"http:\/\/www.radiopiu.net\/wordpress\/la-ulss1-acquista-nuova-apparecchiatura-per-la-radiologia-ma-il-radiologo-in-sostituzione-del-professionista-prossimo-alla-pensione\/\">LA ULSS1 ACQUISTA NUOVA APPARECCHIATURA PER LA RADIOLOGIA, MA IL RADIOLOGO IN SOSTITUZIONE DEL PROFESSIONISTA PROSSIMO ALLA PENSIONE?<\/a><\/p><\/blockquote>\n<p><iframe loading=\"lazy\" title=\"&#8220;LA ULSS1 ACQUISTA NUOVA APPARECCHIATURA PER LA RADIOLOGIA, MA IL RADIOLOGO IN SOSTITUZIONE DEL PROFESSIONISTA PROSSIMO ALLA PENSIONE?&#8221; &#8212; Radio Pi\u00f9\" class=\"wp-embedded-content\" sandbox=\"allow-scripts\" security=\"restricted\" style=\"position: absolute; clip: rect(1px, 1px, 1px, 1px);\" src=\"http:\/\/www.radiopiu.net\/wordpress\/la-ulss1-acquista-nuova-apparecchiatura-per-la-radiologia-ma-il-radiologo-in-sostituzione-del-professionista-prossimo-alla-pensione\/embed\/#?secret=RuHD9b7vh8\" data-secret=\"RuHD9b7vh8\" width=\"600\" height=\"338\" frameborder=\"0\" marginwidth=\"0\" marginheight=\"0\" scrolling=\"no\"><\/iframe><\/p>\n<p>&nbsp;<\/p>\n<p>&nbsp;<\/p>\n<p>&nbsp;<\/p>\n<h2>ECONCENTRI, DOPO I PROBLEMI DELL&#8217;ESTATE INCONTRI E PROGETTI PIU&#8217; O MENO CONDIVISI<\/h2>\n<blockquote>\n<h3><em>Taibon rinuncia all&#8217;ecocentro e tratta con Agordo, a Gosaldo la soluzione dell&#8217;unione potrebbe non essere la migliore\u00a0<\/em><\/h3>\n<\/blockquote>\n<p><strong><a class=\"dt-pswp-item\" href=\"http:\/\/www.radiopiu.net\/wordpress\/wp-content\/uploads\/2017\/03\/ECOCENTRO.jpg\" data-dt-img-description=\"\" data-large_image_width=\"593\" data-large_image_height=\"334\"><img loading=\"lazy\" decoding=\"async\" class=\"alignnone size-medium wp-image-30104\" src=\"http:\/\/www.radiopiu.net\/wordpress\/wp-content\/uploads\/2017\/03\/ECOCENTRO-300x169.jpg\" alt=\"\" width=\"300\" height=\"169\" \/> <\/a><\/strong><\/p>\n<p><strong>DI GIANNI SANTOMASO\u00a0<\/strong><\/p>\n<audio class=\"wp-audio-shortcode\" id=\"audio-98821-1\" preload=\"none\" style=\"width: 100%;\" controls=\"controls\"><source type=\"audio\/mpeg\" src=\"http:\/\/www.radiopiu.net\/wordpress\/wp-content\/uploads\/2019\/09\/ECOCENTRO.mp3?_=1\" \/><a href=\"http:\/\/www.radiopiu.net\/wordpress\/wp-content\/uploads\/2019\/09\/ECOCENTRO.mp3\">http:\/\/www.radiopiu.net\/wordpress\/wp-content\/uploads\/2019\/09\/ECOCENTRO.mp3<\/a><\/audio>\n<p>&nbsp;<\/p>\n<p>&nbsp;<\/p>\n<p>&nbsp;<\/p>\n<h2><span style=\"color: #ff0000;\"><strong>L&#8217;OPINIONE di Damiano Tormen<\/strong><\/span><\/h2>\n<h2>LE SETTE VITE DEL NEVEGAL, PARVENZA DI RISPOSTE<\/h2>\n<audio class=\"wp-audio-shortcode\" id=\"audio-98821-2\" preload=\"none\" style=\"width: 100%;\" controls=\"controls\"><source type=\"audio\/mpeg\" src=\"http:\/\/www.radiopiu.net\/wordpress\/wp-content\/uploads\/2019\/09\/nevegal-damiano.mp3?_=2\" \/><a href=\"http:\/\/www.radiopiu.net\/wordpress\/wp-content\/uploads\/2019\/09\/nevegal-damiano.mp3\">http:\/\/www.radiopiu.net\/wordpress\/wp-content\/uploads\/2019\/09\/nevegal-damiano.mp3<\/a><\/audio>\n<p>&nbsp;<\/p>\n<h2>NEVEGAL: PER LA REGIONE 12 MILIONI D&#8217;EURO CHE E&#8217; IMPENSABILE, PER MASSARO IL PIANO &#8220;B&#8221;<\/h2>\n<blockquote>\n<h3><em><strong>\u00abNevegal, proficui contatti con imprenditori per una cordata <\/strong><strong>Tre proposte alla Regione per il rilancio del Colle\u00bb<\/strong><\/em><\/h3>\n<\/blockquote>\n<p><strong><a class=\"dt-pswp-item\" href=\"http:\/\/www.radiopiu.net\/wordpress\/wp-content\/uploads\/2018\/10\/NEVEGAL.jpg\" data-dt-img-description=\"\" data-large_image_width=\"275\" data-large_image_height=\"183\"><img loading=\"lazy\" decoding=\"async\" class=\"size-full wp-image-62712 alignleft\" src=\"http:\/\/www.radiopiu.net\/wordpress\/wp-content\/uploads\/2018\/10\/NEVEGAL.jpg\" alt=\"\" width=\"275\" height=\"183\" \/><\/a>\u00a0BELLUNO\u00a0<\/strong> Il lavoro del Comune di Belluno e del Sindaco Jacopo Massaro per il rilancio del Nevegal proseguono a ritmo serrato: l&#8217;ultimo incontro, a precedere quello di\u00a0 con Regione Veneto e privati,\u00a0 con l&#8217;Alpe del Nevegal e due imprenditori bellunesi, rappresentanti della cordata che si sta formando per entrare nella nuova societ\u00e0 che si former\u00e0 grazie all&#8217;impegno di 500mila euro da parte del Comune. Al tavolo convocato nel pomeriggio dalla Regione Veneto, Massaro ha portato tre richieste precise. C&#8217;\u00e8 poi la questione dell&#8217;innevamento artificiale. Infine, uno sguardo all&#8217;accoglienza.<\/p>\n<p>&nbsp;<\/p>\n<p><strong>IL SINDACO DI BELLUNO JACOPO MASSARO<\/strong><\/p>\n<p>&nbsp;<\/p>\n<audio class=\"wp-audio-shortcode\" id=\"audio-98821-3\" preload=\"none\" style=\"width: 100%;\" controls=\"controls\"><source type=\"audio\/mpeg\" src=\"http:\/\/www.radiopiu.net\/wordpress\/wp-content\/uploads\/2019\/09\/MASSARO-1.mp3?_=3\" \/><a href=\"http:\/\/www.radiopiu.net\/wordpress\/wp-content\/uploads\/2019\/09\/MASSARO-1.mp3\">http:\/\/www.radiopiu.net\/wordpress\/wp-content\/uploads\/2019\/09\/MASSARO-1.mp3<\/a><\/audio>\n<p>&nbsp;<\/p>\n<p>&nbsp;<\/p>\n<p><strong>\u00a0<\/strong><\/p>\n<p>&nbsp;<\/p>\n<h2>WELFARE LUXOTTICA E LA SALUTE DELLE MAESTRANZE IN BLU, NOVITA&#8217; PER I NEO 40ENNE<\/h2>\n<p><strong><a class=\"dt-pswp-item\" href=\"http:\/\/www.radiopiu.net\/wordpress\/wp-content\/uploads\/2019\/05\/LUX-ELI-7.jpg\" data-dt-img-description=\"\" data-large_image_width=\"1280\" data-large_image_height=\"853\"><img loading=\"lazy\" decoding=\"async\" class=\" wp-image-85094 alignleft\" src=\"http:\/\/www.radiopiu.net\/wordpress\/wp-content\/uploads\/2019\/05\/LUX-ELI-7-300x200.jpg\" alt=\"\" width=\"207\" height=\"138\" srcset=\"https:\/\/www.radiopiu.net\/wordpress\/wp-content\/uploads\/2019\/05\/LUX-ELI-7-300x200.jpg 300w, https:\/\/www.radiopiu.net\/wordpress\/wp-content\/uploads\/2019\/05\/LUX-ELI-7-768x512.jpg 768w, https:\/\/www.radiopiu.net\/wordpress\/wp-content\/uploads\/2019\/05\/LUX-ELI-7-1024x682.jpg 1024w, https:\/\/www.radiopiu.net\/wordpress\/wp-content\/uploads\/2019\/05\/LUX-ELI-7.jpg 1280w\" sizes=\"auto, (max-width: 207px) 100vw, 207px\" \/><\/a>AGORDO<\/strong> Salute e benessere, check-up, la prevenzione prima di tutto \u00e8 il motto di Luxottica nel capitolo Welfare. Da settembre il check-up viene esteso anche a chi ha compiuto 40 anni. Una gamma completa di esami diagnostici e strumentali e una serie di visite specialistiche per tutelare al meglio la salute. Il check-up comprende: esami di laboratorio, esami strumentali compresa l&#8217;ecografia completa dell&#8217;addome, visite specialistiche dermatologiche, cardiologiche, internistiche e una visita specialistica a scelta. Il via dal 30 settembre con la possibilit\u00e0 di ripeterlo dopo 24 mesi per chi ha superato i 40 anni e ogni anno per chi ha compiuto i 50 anni.\u00a0 E&#8217; sufficiente accedere alla sezione Welfare OneLuxottica e dall&#8217;area riservata prenotare il check-up presso una delle strutture presenti nella piattaforma. Il lavoratore sar\u00e0 contattato nel giro di 224 ore per fissare date e orari.<\/p>\n<p>&nbsp;<\/p>\n<p>&nbsp;<\/p>\n<p>&nbsp;<\/p>\n<p>&nbsp;<\/p>\n<h2>COLCERGNAN AUTORIZZATO A COSTITUIRSI IN GIUDIZIO, SUL PIATTO 200 MILA EURO<\/h2>\n<div id=\"attachment_8420\" style=\"width: 346px\" class=\"wp-caption alignleft\"><a class=\"dt-pswp-item\" href=\"http:\/\/www.radiopiu.net\/wordpress\/wp-content\/uploads\/2015\/07\/Chiesa-Canale.jpg\" data-dt-img-description=\"OLYMPUS DIGITAL CAMERA\" data-large_image_width=\"336\" data-large_image_height=\"423\"><img loading=\"lazy\" decoding=\"async\" aria-describedby=\"caption-attachment-8420\" class=\" wp-image-8420\" src=\"http:\/\/www.radiopiu.net\/wordpress\/wp-content\/uploads\/2015\/07\/Chiesa-Canale-238x300.jpg\" alt=\"\" width=\"187\" height=\"236\" \/><\/a><p id=\"caption-attachment-8420\" class=\"wp-caption-text\">OLYMPUS DIGITAL CAMERA<\/p><\/div>\n<p>&nbsp;<\/p>\n<p>&nbsp;<\/p>\n<p>&nbsp;<\/p>\n<p><strong>CANALE D&#8217;AGORDO\u00a0<\/strong><\/p>\n<p><strong>DI GIANNI SANTOMASO\u00a0<\/strong><\/p>\n<audio class=\"wp-audio-shortcode\" id=\"audio-98821-4\" preload=\"none\" style=\"width: 100%;\" controls=\"controls\"><source type=\"audio\/mpeg\" src=\"http:\/\/www.radiopiu.net\/wordpress\/wp-content\/uploads\/2019\/09\/CANALE.mp3?_=4\" \/><a href=\"http:\/\/www.radiopiu.net\/wordpress\/wp-content\/uploads\/2019\/09\/CANALE.mp3\">http:\/\/www.radiopiu.net\/wordpress\/wp-content\/uploads\/2019\/09\/CANALE.mp3<\/a><\/audio>\n<p>&nbsp;<\/p>\n<p>&nbsp;<\/p>\n<p>&nbsp;<\/p>\n<p>&nbsp;<\/p>\n<h3><a class=\"dt-pswp-item\" href=\"http:\/\/www.radiopiu.net\/wordpress\/wp-content\/uploads\/2019\/09\/WhatsApp-Image-2019-06-28-at-18.40.45.jpeg\" data-dt-img-description=\"\" data-large_image_width=\"1111\" data-large_image_height=\"540\"><img loading=\"lazy\" decoding=\"async\" class=\"wp-image-98897 alignleft\" src=\"http:\/\/www.radiopiu.net\/wordpress\/wp-content\/uploads\/2019\/09\/WhatsApp-Image-2019-06-28-at-18.40.45-300x146.jpeg\" alt=\"\" width=\"240\" height=\"117\" srcset=\"https:\/\/www.radiopiu.net\/wordpress\/wp-content\/uploads\/2019\/09\/WhatsApp-Image-2019-06-28-at-18.40.45-300x146.jpeg 300w, https:\/\/www.radiopiu.net\/wordpress\/wp-content\/uploads\/2019\/09\/WhatsApp-Image-2019-06-28-at-18.40.45-768x373.jpeg 768w, https:\/\/www.radiopiu.net\/wordpress\/wp-content\/uploads\/2019\/09\/WhatsApp-Image-2019-06-28-at-18.40.45-1024x498.jpeg 1024w, https:\/\/www.radiopiu.net\/wordpress\/wp-content\/uploads\/2019\/09\/WhatsApp-Image-2019-06-28-at-18.40.45.jpeg 1111w\" sizes=\"auto, (max-width: 240px) 100vw, 240px\" \/><\/a>L&#8217;OSPITE, MASSIMO BORTOLUZZI CONSIGLIERE PROVINCIALE CON DELEGA ALLA PROTEZIONE CIVILE.<\/h3>\n<p><strong>TAIBON<\/strong>\u00a0Sassi lungo la regionale 203 agordina pericolo costante, il sopralluogo a Sottoguda Livinel e i progetti per Cancia che saranno presentati venerdi in conferenza stampa a Borca di Cadore.<\/p>\n<p>&nbsp;<\/p>\n<audio class=\"wp-audio-shortcode\" id=\"audio-98821-5\" preload=\"none\" style=\"width: 100%;\" controls=\"controls\"><source type=\"audio\/mpeg\" src=\"http:\/\/www.radiopiu.net\/wordpress\/wp-content\/uploads\/2019\/09\/MASSIMO-BORTOLUZZI.mp3?_=5\" \/><a href=\"http:\/\/www.radiopiu.net\/wordpress\/wp-content\/uploads\/2019\/09\/MASSIMO-BORTOLUZZI.mp3\">http:\/\/www.radiopiu.net\/wordpress\/wp-content\/uploads\/2019\/09\/MASSIMO-BORTOLUZZI.mp3<\/a><\/audio>\n<p>&nbsp;<\/p>\n<p>&nbsp;<\/p>\n<p>&nbsp;<\/p>\n<h3>MAGNIFICI 10 AL FALIER,\u00a0 UN ALTRO GIORNO E&#8217; ANDATO<\/h3>\n<p><strong><a class=\"dt-pswp-item\" href=\"http:\/\/www.radiopiu.net\/wordpress\/wp-content\/uploads\/2019\/09\/602b07c6-0dfb-4251-9835-c8bf11e32640.jpg\" data-dt-img-description=\"\" data-large_image_width=\"1600\" data-large_image_height=\"1200\"><img loading=\"lazy\" decoding=\"async\" class=\" wp-image-98420 alignleft\" src=\"http:\/\/www.radiopiu.net\/wordpress\/wp-content\/uploads\/2019\/09\/602b07c6-0dfb-4251-9835-c8bf11e32640-300x225.jpg\" alt=\"\" width=\"229\" height=\"172\" srcset=\"https:\/\/www.radiopiu.net\/wordpress\/wp-content\/uploads\/2019\/09\/602b07c6-0dfb-4251-9835-c8bf11e32640-300x225.jpg 300w, https:\/\/www.radiopiu.net\/wordpress\/wp-content\/uploads\/2019\/09\/602b07c6-0dfb-4251-9835-c8bf11e32640-768x576.jpg 768w, https:\/\/www.radiopiu.net\/wordpress\/wp-content\/uploads\/2019\/09\/602b07c6-0dfb-4251-9835-c8bf11e32640-1024x768.jpg 1024w, https:\/\/www.radiopiu.net\/wordpress\/wp-content\/uploads\/2019\/09\/602b07c6-0dfb-4251-9835-c8bf11e32640.jpg 1600w\" sizes=\"auto, (max-width: 229px) 100vw, 229px\" \/><\/a>ROCCA PIETORE<\/strong> Un altra giornata senza collegamenti con il mondo esterno, ma con la diretta televisiva su Agor\u00e0. Continua la vacanza di &#8220;ricarica&#8221; al rifugio sulla Marmolada.\u00a0 Amina De Biasio di recharge in Nature ci racconta il penultimo giorno di vita da disconnessi al rifugio Falier in valle Ombretta prima del ritorno a valle dei nostri magnifici 10<\/p>\n<audio class=\"wp-audio-shortcode\" id=\"audio-98821-6\" preload=\"none\" style=\"width: 100%;\" controls=\"controls\"><source type=\"audio\/mpeg\" src=\"http:\/\/www.radiopiu.net\/wordpress\/wp-content\/uploads\/2019\/09\/AMINA.mp3?_=6\" \/><a href=\"http:\/\/www.radiopiu.net\/wordpress\/wp-content\/uploads\/2019\/09\/AMINA.mp3\">http:\/\/www.radiopiu.net\/wordpress\/wp-content\/uploads\/2019\/09\/AMINA.mp3<\/a><\/audio>\n<p>&nbsp;<\/p>\n<p>&nbsp;<\/p>\n<p>&nbsp;<\/p>\n<h3>AGORA&#8217; SULLE DOLOMITI AL FALIER<\/h3>\n<blockquote><p><em>Andiamo poi sulle Dolomiti dove sette comuni dell&#8217;Agordino, in provincia di Belluno, offrono un soggiorno di 5 giorni completamente gratuito, a patto per\u00f2 di lasciare a casa smartphone e computer.<\/em><\/p><\/blockquote>\n<p><strong>ROCCA PIETORE<\/strong> Diretta televisiva dal Falie tra i magnifici 10, spettacolare a partire dalla presentazione con l&#8217;Agordino collocato nella giusta Provincia e Regione come molto spesso non capita. Emma Taveri ha presentato l&#8217;iniziativa con lo psicologo Alberto Fistarollo. La trasmissione ha conosciuto i protagonisti<\/p>\n<h3>DI GIANNI SANTOMASO<\/h3>\n<audio class=\"wp-audio-shortcode\" id=\"audio-98821-7\" preload=\"none\" style=\"width: 100%;\" controls=\"controls\"><source type=\"audio\/mpeg\" src=\"http:\/\/www.radiopiu.net\/wordpress\/wp-content\/uploads\/2019\/09\/GIANNI-AGORA.mp3?_=7\" \/><a href=\"http:\/\/www.radiopiu.net\/wordpress\/wp-content\/uploads\/2019\/09\/GIANNI-AGORA.mp3\">http:\/\/www.radiopiu.net\/wordpress\/wp-content\/uploads\/2019\/09\/GIANNI-AGORA.mp3<\/a><\/audio>\n<p>&nbsp;<\/p>\n<h3>EMMA TAVERI<\/h3>\n<audio class=\"wp-audio-shortcode\" id=\"audio-98821-8\" preload=\"none\" style=\"width: 100%;\" controls=\"controls\"><source type=\"audio\/mpeg\" src=\"http:\/\/www.radiopiu.net\/wordpress\/wp-content\/uploads\/2019\/09\/TAVERI.mp3?_=8\" \/><a href=\"http:\/\/www.radiopiu.net\/wordpress\/wp-content\/uploads\/2019\/09\/TAVERI.mp3\">http:\/\/www.radiopiu.net\/wordpress\/wp-content\/uploads\/2019\/09\/TAVERI.mp3<\/a><\/audio>\n<p>&nbsp;<\/p>\n<p><strong><a class=\"dt-pswp-item\" href=\"http:\/\/www.radiopiu.net\/wordpress\/wp-content\/uploads\/2019\/09\/WhatsApp-Image-2019-09-16-at-14.39.15-2.jpeg\" data-dt-img-description=\"\" data-large_image_width=\"1024\" data-large_image_height=\"768\"><img loading=\"lazy\" decoding=\"async\" class=\"alignnone size-medium wp-image-98835\" src=\"http:\/\/www.radiopiu.net\/wordpress\/wp-content\/uploads\/2019\/09\/WhatsApp-Image-2019-09-16-at-14.39.15-2-300x225.jpeg\" alt=\"\" width=\"300\" height=\"225\" srcset=\"https:\/\/www.radiopiu.net\/wordpress\/wp-content\/uploads\/2019\/09\/WhatsApp-Image-2019-09-16-at-14.39.15-2-300x225.jpeg 300w, https:\/\/www.radiopiu.net\/wordpress\/wp-content\/uploads\/2019\/09\/WhatsApp-Image-2019-09-16-at-14.39.15-2-768x576.jpeg 768w, https:\/\/www.radiopiu.net\/wordpress\/wp-content\/uploads\/2019\/09\/WhatsApp-Image-2019-09-16-at-14.39.15-2.jpeg 1024w\" sizes=\"auto, (max-width: 300px) 100vw, 300px\" \/><\/a><a class=\"dt-pswp-item\" href=\"http:\/\/www.radiopiu.net\/wordpress\/wp-content\/uploads\/2019\/09\/WhatsApp-Image-2019-09-16-at-14.39.15-1.jpeg\" data-dt-img-description=\"\" data-large_image_width=\"1024\" data-large_image_height=\"768\"><img loading=\"lazy\" decoding=\"async\" class=\"alignnone size-medium wp-image-98834\" src=\"http:\/\/www.radiopiu.net\/wordpress\/wp-content\/uploads\/2019\/09\/WhatsApp-Image-2019-09-16-at-14.39.15-1-300x225.jpeg\" alt=\"\" width=\"300\" height=\"225\" srcset=\"https:\/\/www.radiopiu.net\/wordpress\/wp-content\/uploads\/2019\/09\/WhatsApp-Image-2019-09-16-at-14.39.15-1-300x225.jpeg 300w, https:\/\/www.radiopiu.net\/wordpress\/wp-content\/uploads\/2019\/09\/WhatsApp-Image-2019-09-16-at-14.39.15-1-768x576.jpeg 768w, https:\/\/www.radiopiu.net\/wordpress\/wp-content\/uploads\/2019\/09\/WhatsApp-Image-2019-09-16-at-14.39.15-1.jpeg 1024w\" sizes=\"auto, (max-width: 300px) 100vw, 300px\" \/><\/a><\/strong><\/p>\n<p><strong>SINTESI AUDIO DA AGORA&#8217;<\/strong><\/p>\n<audio class=\"wp-audio-shortcode\" id=\"audio-98821-9\" preload=\"none\" style=\"width: 100%;\" controls=\"controls\"><source type=\"audio\/mpeg\" src=\"http:\/\/www.radiopiu.net\/wordpress\/wp-content\/uploads\/2019\/09\/AGORA.mp3?_=9\" \/><a href=\"http:\/\/www.radiopiu.net\/wordpress\/wp-content\/uploads\/2019\/09\/AGORA.mp3\">http:\/\/www.radiopiu.net\/wordpress\/wp-content\/uploads\/2019\/09\/AGORA.mp3<\/a><\/audio>\n<p>&nbsp;<\/p>\n<div class=\"\" data-block=\"true\" data-editor=\"98pu0\" data-offset-key=\"6kebh-0-0\">\n<div class=\"_1mf _1mj\" data-offset-key=\"6kebh-0-0\"><strong><a class=\"dt-pswp-item\" href=\"http:\/\/www.radiopiu.net\/wordpress\/wp-content\/uploads\/2019\/09\/WhatsApp-Image-2019-09-16-at-14.39.15.jpeg\" data-dt-img-description=\"\" data-large_image_width=\"1024\" data-large_image_height=\"768\"><img loading=\"lazy\" decoding=\"async\" class=\"alignnone wp-image-98833\" src=\"http:\/\/www.radiopiu.net\/wordpress\/wp-content\/uploads\/2019\/09\/WhatsApp-Image-2019-09-16-at-14.39.15-300x225.jpeg\" alt=\"\" width=\"242\" height=\"181\" srcset=\"https:\/\/www.radiopiu.net\/wordpress\/wp-content\/uploads\/2019\/09\/WhatsApp-Image-2019-09-16-at-14.39.15-300x225.jpeg 300w, https:\/\/www.radiopiu.net\/wordpress\/wp-content\/uploads\/2019\/09\/WhatsApp-Image-2019-09-16-at-14.39.15-768x576.jpeg 768w, https:\/\/www.radiopiu.net\/wordpress\/wp-content\/uploads\/2019\/09\/WhatsApp-Image-2019-09-16-at-14.39.15.jpeg 1024w\" sizes=\"auto, (max-width: 242px) 100vw, 242px\" \/><\/a><a class=\"dt-pswp-item\" href=\"http:\/\/www.radiopiu.net\/wordpress\/wp-content\/uploads\/2019\/09\/WhatsApp-Image-2019-09-16-at-14.39.15-4.jpeg\" data-dt-img-description=\"\" data-large_image_width=\"563\" data-large_image_height=\"339\"><img loading=\"lazy\" decoding=\"async\" class=\"alignnone size-medium wp-image-98831\" src=\"http:\/\/www.radiopiu.net\/wordpress\/wp-content\/uploads\/2019\/09\/WhatsApp-Image-2019-09-16-at-14.39.15-4-300x181.jpeg\" alt=\"\" width=\"300\" height=\"181\" srcset=\"https:\/\/www.radiopiu.net\/wordpress\/wp-content\/uploads\/2019\/09\/WhatsApp-Image-2019-09-16-at-14.39.15-4-300x181.jpeg 300w, https:\/\/www.radiopiu.net\/wordpress\/wp-content\/uploads\/2019\/09\/WhatsApp-Image-2019-09-16-at-14.39.15-4.jpeg 563w\" sizes=\"auto, (max-width: 300px) 100vw, 300px\" \/><\/a><\/strong><\/div>\n<div data-offset-key=\"6kebh-0-0\"><\/div>\n<div class=\"_1mf _1mj\" data-offset-key=\"6kebh-0-0\"><strong>TRASMISSIONE COMPLETA\u00a0\u00a0<\/strong><\/div>\n<\/div>\n<div class=\"\" data-block=\"true\" data-editor=\"98pu0\" data-offset-key=\"frkd2-0-0\">\n<div class=\"_1mf _1mj\" data-offset-key=\"frkd2-0-0\">DA RAI PLAY <a href=\"https:\/\/www.raiplay.it\/video\/2019\/09\/Agora-7ed65046-cc69-4f69-9807-2ce2c6d35b2f.html\">CLICCA QUI\u00a0<\/a><\/div>\n<\/div>\n<div data-offset-key=\"frkd2-0-0\"><\/div>\n<div data-offset-key=\"frkd2-0-0\"><\/div>\n<blockquote>\n<div data-offset-key=\"frkd2-0-0\"><\/div>\n<div data-offset-key=\"frkd2-0-0\"><\/div>\n<\/blockquote>\n<div data-offset-key=\"frkd2-0-0\"><\/div>\n<div data-offset-key=\"frkd2-0-0\"><\/div>\n<div data-offset-key=\"frkd2-0-0\">\n<h2>LEGNAME SCHIANTATO, PRECISAZIONI IN MERITO DI VENETO AGRICOLTURA<\/h2>\n<p style=\"text-align: left;\"><strong><a class=\"dt-pswp-item\" href=\"http:\/\/www.radiopiu.net\/wordpress\/wp-content\/uploads\/2018\/11\/592e8570-c742-4e3f-8539-8220b1587da8.jpg\" data-dt-img-description=\"\" data-large_image_width=\"1600\" data-large_image_height=\"1066\"><img loading=\"lazy\" decoding=\"async\" class=\" wp-image-67821 alignleft\" src=\"http:\/\/www.radiopiu.net\/wordpress\/wp-content\/uploads\/2018\/11\/592e8570-c742-4e3f-8539-8220b1587da8-300x200.jpg\" alt=\"\" width=\"191\" height=\"127\" srcset=\"https:\/\/www.radiopiu.net\/wordpress\/wp-content\/uploads\/2018\/11\/592e8570-c742-4e3f-8539-8220b1587da8-300x200.jpg 300w, https:\/\/www.radiopiu.net\/wordpress\/wp-content\/uploads\/2018\/11\/592e8570-c742-4e3f-8539-8220b1587da8-768x512.jpg 768w, https:\/\/www.radiopiu.net\/wordpress\/wp-content\/uploads\/2018\/11\/592e8570-c742-4e3f-8539-8220b1587da8-1024x682.jpg 1024w, https:\/\/www.radiopiu.net\/wordpress\/wp-content\/uploads\/2018\/11\/592e8570-c742-4e3f-8539-8220b1587da8.jpg 1600w\" sizes=\"auto, (max-width: 191px) 100vw, 191px\" \/><\/a>VENEZIA<\/strong>\u00a0 Si \u00e8 tenuta nello scorso fine settimana, ieri e sabato, presso i padiglioni di LongaroneFiere, \u201cFiera&amp;Festival delle Foreste\u201d, interessante manifestazione che ha acceso un faro sulle buone pratiche forestali, gli operatori di settore e la filiera legno. Giocoforza, visto che tra poco scadr\u00e0 un anno dal terribile evento, nei convegni, negli stand e nei corridoi della fiera, si \u00e8 parlato molto della tempesta VAIA che ha sconvolto i boschi del nord Italia, specie a NordEst, nel fine ottobre 2018. Alcuni organi di stampa hanno riportato le dichiarazioni della dr.ssa Paola Berto gi\u00e0 dirigente del Settore forestale dell\u2019Agenzia fino ad agosto 2018, ora in pensione, e con la quale Veneto Agricoltura non ha attivo alcun rapporto di consulenza. Nel merito, l\u2019Agenzia regionale ci tiene a precisare che il proprio pensiero non \u00e8 coincidente con quello della dr.ssa Berto, specie relativamente alla raccolta e vendita del legname schiantato dalla tempesta VAIA. In effetti, subito dopo l\u2019evento di fine ottobre 2018, l\u2019Agenzia si \u00e8 velocemente attivata nelle foreste in gestione (in particolare la foresta demaniale del Cansiglio) e gi\u00e0 solo un mese dopo era stato individuato tutto il legname schiantato e assegnati i lotti alle ditte, le quali avevano immediatamente e meritoriamente sottoscritto con Veneto Agricoltura un protocollo per l\u2019acquisto e la pronta estrazione del legname. \u201cUn\u2019attivit\u00e0 che\u00a0 prevediamo, precisa il Commissario straordinario ing. Albert Negro,\u00a0 si concluda entro la fine del corrente anno cos\u00ec da salvaguardare, per quanto possibile, eventuali conseguenti fitopatie\u201d.<\/p>\n<\/div>\n<p>&nbsp;<\/p>\n<p>&nbsp;<\/p>\n<blockquote><p>&nbsp;<\/p><\/blockquote>\n<p>&nbsp;<\/p>\n<blockquote><p>&nbsp;<\/p><\/blockquote>\n<p>&nbsp;<\/p>\n<p>&nbsp;<\/p>\n<blockquote><p>&nbsp;<\/p><\/blockquote>\n<h3>CASA CANTONIERA DI MISURINA, VERSO LA CESSIONE DA PARTE DELLA PROVINCIA<\/h3>\n<p><strong>DALLA RASSEGNA STAMPA, IL CONSIGLIERE DELGATO IVAN MINELLA<\/strong><\/p>\n<audio class=\"wp-audio-shortcode\" id=\"audio-98821-10\" preload=\"none\" style=\"width: 100%;\" controls=\"controls\"><source type=\"audio\/mpeg\" src=\"http:\/\/www.radiopiu.net\/wordpress\/wp-content\/uploads\/2019\/09\/MINELLA.mp3?_=10\" \/><a href=\"http:\/\/www.radiopiu.net\/wordpress\/wp-content\/uploads\/2019\/09\/MINELLA.mp3\">http:\/\/www.radiopiu.net\/wordpress\/wp-content\/uploads\/2019\/09\/MINELLA.mp3<\/a><\/audio>\n<p><strong><a class=\"dt-pswp-item\" href=\"http:\/\/www.radiopiu.net\/wordpress\/wp-content\/uploads\/2019\/09\/94582779-139b-496e-bd9a-c09fe022e96a.jpg\" data-dt-img-description=\"\" data-large_image_width=\"1024\" data-large_image_height=\"768\"><img loading=\"lazy\" decoding=\"async\" class=\" wp-image-98880 alignleft\" src=\"http:\/\/www.radiopiu.net\/wordpress\/wp-content\/uploads\/2019\/09\/94582779-139b-496e-bd9a-c09fe022e96a-300x225.jpg\" alt=\"\" width=\"195\" height=\"146\" srcset=\"https:\/\/www.radiopiu.net\/wordpress\/wp-content\/uploads\/2019\/09\/94582779-139b-496e-bd9a-c09fe022e96a-300x225.jpg 300w, https:\/\/www.radiopiu.net\/wordpress\/wp-content\/uploads\/2019\/09\/94582779-139b-496e-bd9a-c09fe022e96a-768x576.jpg 768w, https:\/\/www.radiopiu.net\/wordpress\/wp-content\/uploads\/2019\/09\/94582779-139b-496e-bd9a-c09fe022e96a.jpg 1024w\" sizes=\"auto, (max-width: 195px) 100vw, 195px\" \/><\/a>BELLUNO<\/strong> La Provincia di Belluno ha predisposto la cessione al Comune di Auronzo dell\u2019ex casa cantoniera di Misurina. L\u2019operazione rappresenta un importante segmento dell\u2019ampio piano di \u201cCompletamento della rete primaria di ciclabile e integrazione di sistemi di mobilit\u00e0 sostenibile\u201d proposto dall\u2019Unione Montana Centro Cadore all\u2019interno dei progetti strategici finanziati dal Fondo Comuni di confine. Infatti, l\u2019immobile situato sulla SP49 rientra tra le linee strategiche del ripristino delle sponde del lago, azione fondamentale nel progetto di completamento della rete di ciclabili (che prevede la costruzione di un percorso pedonale, di aiuole a verde e di aree attrezzate, la posa di arredo urbano e la realizzazione dell\u2019impianto di pubblica illuminazione lungo il sentiero lungolago). La posizione dell\u2019ex casa cantoniera si presta perfettamente alla trasformazione in punto informativo e culturale connesso alle attivit\u00e0 della ciclabile. Motivo per cui la Provincia di Belluno, oggi proprietaria dell\u2019immobile e attenta ai piani di mobilit\u00e0 sostenibile e di valorizzazione turistica del territorio, ha deciso di cedere il bene a prezzo agevolato, per una cifra vicina ai 300mila euro (le perizie pi\u00f9 recenti davano un valore sui 600mila euro). L\u2019atto di cessione, preliminare al contratto vero e proprio sar\u00e0 portato in consiglio provinciale marted\u00ec 24 settembre (il Comune di Auronzo ha gi\u00e0 predisposto gli atti amministrativi necessari). I lavori di riqualificazione sono previsti per il prossimo anno.<\/p>\n<blockquote><p><em>\u00abLa grande attivit\u00e0 di valorizzazione immobiliare fatta in questi anni dalla Provincia punta anche a dare valore e aiutare i territori nel loro sviluppo &#8211; commenta il consigliere provinciale delegato, Ivan Minella -. Questa operazione, insieme a molte altre in programma, metter\u00e0 a disposizione del territorio importanti spazi utili per la crescita culturale ed economica\u00bb.<\/em><\/p>\n<div data-offset-key=\"frkd2-0-0\"><\/div>\n<\/blockquote>\n<div data-offset-key=\"frkd2-0-0\"><\/div>\n<div data-offset-key=\"frkd2-0-0\"><\/div>\n<blockquote>\n<div data-offset-key=\"frkd2-0-0\"><\/div>\n<\/blockquote>\n<div data-offset-key=\"frkd2-0-0\"><\/div>\n<div data-offset-key=\"frkd2-0-0\"><\/div>\n<div data-offset-key=\"frkd2-0-0\"><\/div>\n<blockquote>\n<div data-offset-key=\"frkd2-0-0\"><\/div>\n<\/blockquote>\n<div data-offset-key=\"frkd2-0-0\"><\/div>\n<div data-offset-key=\"frkd2-0-0\">\n<h3>SETTIMANA EUROPEA ELLA MOBILITA&#8217; SOSTENIBILE.<\/h3>\n<blockquote><p><em>Sabato 21 autobus gratis in citt\u00e0<\/em><\/p><\/blockquote>\n<p><a class=\"dt-pswp-item\" href=\"http:\/\/www.radiopiu.net\/wordpress\/wp-content\/uploads\/2019\/09\/DolomitiBus-\u2022-Walk-with-us.jpg\" data-dt-img-description=\"\" data-large_image_width=\"2386\" data-large_image_height=\"3355\"><img loading=\"lazy\" decoding=\"async\" class=\"wp-image-98851 alignleft\" src=\"http:\/\/www.radiopiu.net\/wordpress\/wp-content\/uploads\/2019\/09\/DolomitiBus-\u2022-Walk-with-us-213x300.jpg\" alt=\"\" width=\"173\" height=\"244\" srcset=\"https:\/\/www.radiopiu.net\/wordpress\/wp-content\/uploads\/2019\/09\/DolomitiBus-\u2022-Walk-with-us-213x300.jpg 213w, https:\/\/www.radiopiu.net\/wordpress\/wp-content\/uploads\/2019\/09\/DolomitiBus-\u2022-Walk-with-us-768x1080.jpg 768w, https:\/\/www.radiopiu.net\/wordpress\/wp-content\/uploads\/2019\/09\/DolomitiBus-\u2022-Walk-with-us-728x1024.jpg 728w\" sizes=\"auto, (max-width: 173px) 100vw, 173px\" \/><\/a><strong>BELLUNO<\/strong> Si apre\u00a0 la \u201cSettimana europea della mobilit\u00e0 sostenibile\u201d, giunta quest&#8217;anno alla 18esima edizione e promossa dalla Commissione Europea in tutti i Paesi aderenti all&#8217;Unione. Anche il Comune di Belluno partecipa all&#8217;evento con due diverse iniziative: \u00abGrazie alla collaborazione con Dolomitibus, &#8211; annuncia l&#8217;assessore alle politiche ambientali, Stefania Ganz \u2013 sabato 21 i mezzi pubblici in citt\u00e0 saranno gratuiti per tutta la giornata. Con questa proposta, come gi\u00e0 accaduto in altre occasioni, intendiamo avvicinare ulteriormente i cittadini al servizio di trasporto pubblico locale\u00bb. Domenica 22, invece, l&#8217;attenzione sar\u00e0 per gli utenti delle due ruote, con un rinfresco organizzato per i ciclisti della \u201cPedalata della Valbelluna\u201d, organizzata da FIAB Belluno: \u00abMuoversi in bicicletta o a piedi aiuta a migliorare la nostra salute e la qualit\u00e0 dell&#8217;ambiente che ci circonda; per questo vogliamo \u201cpremiare\u201d cos\u00ec i partecipanti a questa manifestazione\u00bb, commenta l&#8217;assessore.<\/p>\n<blockquote><p><em>\u00abLo slogan della settimana europea per quest&#8217;anno \u00e8 \u201cWalk With Us\u201d, \u201cCammina con noi\u201d, e quindi, nell&#8217;arco di questa settimana, rivolgiamo l&#8217;invito a tutta la cittadinanza a provare a lasciare a casa l&#8217;auto, a camminare per la citt\u00e0, a usare la bicicletta o gli autobus. &#8211; conclude Ganz \u2013 Partecipiamo alla Settimana europea della mobilit\u00e0 sostenibile perch\u00e9 le alternative al mezzo privato sono diverse, cambiano a seconda delle esigenze delle persone e l&#8217;obbiettivo comune \u00e8 togliere dalla strada quante pi\u00f9 auto possibile: la qualit\u00e0 della vita migliora, cos\u00ec come l&#8217;aria delle nostre citt\u00e0, e contribuiamo anche a ridurre le emissioni di gas serra in un momento di evidente emergenza climatica globale\u00bb.<\/em><\/p><\/blockquote>\n<\/div>\n<blockquote>\n<div data-offset-key=\"frkd2-0-0\"><\/div>\n<\/blockquote>\n<div data-offset-key=\"frkd2-0-0\"><\/div>\n<div data-offset-key=\"frkd2-0-0\"><\/div>\n<blockquote>\n<div data-offset-key=\"frkd2-0-0\"><\/div>\n<\/blockquote>\n<div data-offset-key=\"frkd2-0-0\"><\/div>\n<div data-offset-key=\"frkd2-0-0\"><\/div>\n<blockquote>\n<div data-offset-key=\"frkd2-0-0\"><\/div>\n<\/blockquote>\n<div data-offset-key=\"frkd2-0-0\"><\/div>\n<h2 data-offset-key=\"frkd2-0-0\"><a class=\"dt-pswp-item\" href=\"http:\/\/www.radiopiu.net\/wordpress\/wp-content\/uploads\/2019\/09\/70180024_434847480459667_2743724700386459648_n-1.jpg\" data-dt-img-description=\"\" data-large_image_width=\"474\" data-large_image_height=\"175\"><img loading=\"lazy\" decoding=\"async\" class=\"size-medium wp-image-98936 alignleft\" src=\"http:\/\/www.radiopiu.net\/wordpress\/wp-content\/uploads\/2019\/09\/70180024_434847480459667_2743724700386459648_n-1-300x111.jpg\" alt=\"\" width=\"300\" height=\"111\" srcset=\"https:\/\/www.radiopiu.net\/wordpress\/wp-content\/uploads\/2019\/09\/70180024_434847480459667_2743724700386459648_n-1-300x111.jpg 300w, https:\/\/www.radiopiu.net\/wordpress\/wp-content\/uploads\/2019\/09\/70180024_434847480459667_2743724700386459648_n-1.jpg 474w\" sizes=\"auto, (max-width: 300px) 100vw, 300px\" \/><\/a><\/h2>\n<h2 data-offset-key=\"frkd2-0-0\"><\/h2>\n<h2 data-offset-key=\"frkd2-0-0\">&#8220;SFIDA ALLA STELLE&#8221; BELLUNO ALLA MANIFESTAZIONE DEL CENTRO DESTRA<\/h2>\n<div data-offset-key=\"frkd2-0-0\"><\/div>\n<div data-offset-key=\"frkd2-0-0\"><strong>DI DAMIANO TORMEN\u00a0<\/strong><\/div>\n<div data-offset-key=\"frkd2-0-0\">\n<audio class=\"wp-audio-shortcode\" id=\"audio-98821-11\" preload=\"none\" style=\"width: 100%;\" controls=\"controls\"><source type=\"audio\/mpeg\" src=\"http:\/\/www.radiopiu.net\/wordpress\/wp-content\/uploads\/2019\/09\/roma-tiberina-camiano.mp3?_=11\" \/><a href=\"http:\/\/www.radiopiu.net\/wordpress\/wp-content\/uploads\/2019\/09\/roma-tiberina-camiano.mp3\">http:\/\/www.radiopiu.net\/wordpress\/wp-content\/uploads\/2019\/09\/roma-tiberina-camiano.mp3<\/a><\/audio>\n<\/div>\n<blockquote>\n<div data-offset-key=\"frkd2-0-0\"><\/div>\n<\/blockquote>\n<div data-offset-key=\"frkd2-0-0\"><\/div>\n<div data-offset-key=\"frkd2-0-0\"><\/div>\n<div data-offset-key=\"frkd2-0-0\"><\/div>\n<div data-offset-key=\"frkd2-0-0\"><\/div>\n<blockquote>\n<div data-offset-key=\"frkd2-0-0\"><\/div>\n<\/blockquote>\n<div data-offset-key=\"frkd2-0-0\"><\/div>\n<blockquote>\n<div data-offset-key=\"frkd2-0-0\"><\/div>\n<\/blockquote>\n<div data-offset-key=\"frkd2-0-0\"><\/div>\n<div data-offset-key=\"frkd2-0-0\"><strong><span style=\"color: #ff0000;\">LA SODDISFAZIONE<\/span><\/strong><\/div>\n<div data-offset-key=\"frkd2-0-0\"><\/div>\n<div data-offset-key=\"frkd2-0-0\"><strong>TAIBON<\/strong> Orazio Zanin si complimenta con Taibon ed Altivole per la realizzazione del ponte a corte sul Cordevole. Un po&#8217; di merito va anche a lui visto che nel dopo Vaia\u00a0 ricevette da una persona amica un consiglio a chi dare un contributo economico in occasione di una cena solidale ad Altivole. <em>&#8220;Ci misi poco ad indicare Taibon per 2 motivi.\u00a0 Prima l\u2019 incendio e dopo Vaia e , il fatto che la comunit\u00e0 \u00e8 una piccola comunit\u00e0 , dove le necessit\u00e0 seppur grandi , anche con un piccolo contributo \u00e8 una manna dal cielo come mi diceva la segretaria quando chiamai in comune . <\/em><br \/>\n<em>Una segretaria ( originaria di San Gregorio nelle alpi ) quindi a me vicina che mi disse che le avrebbe riferito di questa iniziativa e dell\u2019 eventuale contributo&#8221;.<\/em><\/div>\n<div data-offset-key=\"frkd2-0-0\">Da Zanin al sindaco di Taibon il\u00a0 \u00a0grazie per avere visto realizzato un manufatto che \u00e8 ben visibile ed \u00e8 un grande segnale per chi lo percorre che tutto questo \u00e8 un dono della solidariet\u00e0 del popolo Veneto e di Altivole in particolare.<\/div>\n<div data-offset-key=\"frkd2-0-0\"><\/div>\n<div data-offset-key=\"frkd2-0-0\">LA DIRETTA DI RADIO PIU<\/div>\n<div data-offset-key=\"frkd2-0-0\"><\/div>\n<div data-offset-key=\"frkd2-0-0\">https:\/\/www.facebook.com\/mirko.mezzacasa\/videos\/10220750122409761\/<\/div>\n<div data-offset-key=\"frkd2-0-0\"><\/div>\n<blockquote>\n<div data-offset-key=\"frkd2-0-0\"><\/div>\n<\/blockquote>\n<div data-offset-key=\"frkd2-0-0\"><\/div>\n<div data-offset-key=\"frkd2-0-0\"><\/div>\n<blockquote>\n<div data-offset-key=\"frkd2-0-0\"><\/div>\n<\/blockquote>\n<div data-offset-key=\"frkd2-0-0\"><\/div>\n<div data-offset-key=\"frkd2-0-0\"><\/div>\n<blockquote>\n<div data-offset-key=\"frkd2-0-0\"><\/div>\n<\/blockquote>\n<div data-offset-key=\"frkd2-0-0\"><\/div>\n<div data-offset-key=\"frkd2-0-0\"><strong><span style=\"color: #ff0000;\">IMPORTANTE PRECISAZIONE<\/span><\/strong><\/div>\n<div data-offset-key=\"frkd2-0-0\"><\/div>\n<div data-offset-key=\"frkd2-0-0\">In seguito ai ringraziamenti fatti a tutto il personale medico che ci ha aiutato nell\u2019incidente del 1 settembre zona Passo S.Pellegrino, volevamo ringraziare anche di cuore la signora Andreina di Agordo per l\u2019aiuto che ci ha dato. Un caro saluto dalla famiglia Genna<\/div>\n<div data-offset-key=\"frkd2-0-0\"><span style=\"color: #ff0000;\">IL PRECEDENTE<\/span><\/div>\n<div data-offset-key=\"frkd2-0-0\">\n<p>Riceviamo e volentieri pubblichiamo i ringraziamenti della famiglia Genna coinvolta nel grave incidente di domenica 1 settembre a Passo San Pellegrino<\/p>\n<blockquote><p>Vogliamo ringraziare di cuore tutti coloro che ci hanno aiutato nell\u2019incidente avvenuto il 1 settembre zona Passo S.Pellegrino. Dai primi soccorsi dell\u2019ambulanza, all\u2019ospedale di Agordo, sono state tutte quante delle persone eccezionali e professionali soprattutto verso i nostri figli di 13 e 18 anni. Ringraziando nuovamente mandiamo un caloroso abbraccio a tutto il personale che ci ha assistito in quel brutto momento.<br \/>\n<strong>Famiglia Genna<\/strong><\/p><\/blockquote>\n<\/div>\n<blockquote>\n<div data-offset-key=\"frkd2-0-0\"><\/div>\n<\/blockquote>\n<h2 data-offset-key=\"frkd2-0-0\"><\/h2>\n<p>&nbsp;<\/p>\n<p>&nbsp;<\/p>\n<blockquote><p>&nbsp;<\/p><\/blockquote>\n<p>&nbsp;<\/p>\n<blockquote><p>&nbsp;<\/p><\/blockquote>\n<h2 data-offset-key=\"frkd2-0-0\">IL LUTTO<\/h2>\n<div data-offset-key=\"frkd2-0-0\"><strong>BELLUNO<\/strong> L\u2019Azienda ULSS 1 Dolomiti esprime cordoglio per la scomparsa del prof. Giambattista Marson.Nato a Vittorio Veneto nel 1927, \u00a0si laure\u00f2 in Medicina e Chirurgia all\u2019Universit\u00e0 di Padova nel 1951. Sempre a Padova\u00a0 \u00a0ottenne nel 1953 \u00a0il Diploma di perfezionamento in clinica dermosifilopatica e nel 1955 in Radiologia. Nel \u00a01960 consegu\u00ec inoltre \u00a0l\u2019abilitazione alla Libera Docenza in Clinica Dermosifilopatica.\u00a0 \u00a0Il prof. Marson prest\u00f2 servizio \u00a0alle dipendenze dell\u2019Ospedale civile di Belluno in qualit\u00e0 Primario della Divisione di Dermatologia dal\u00a0 1962 al 1997, anno nel quale cess\u00f2 l\u2019attivit\u00e0 ospedaliera per quiescenza. Durante il lungo primariato, \u00a0il prof. Marson si dedic\u00f2 alla crescita del reparto di dermatologia\u00a0 di Belluno che, sotto la Sua direzione, divenne un \u00a0importante punto di riferimento per i pazienti della branca specialistica,\u00a0 anche a livello nazionale. Nel 1990 fu eletto\u00a0 Presidente dell\u2019 Associazione Dermatologi Ospedalieri Italiani. <em>\u201cPorgiamo alla Famiglia del prof. Marson\u00a0 le pi\u00f9 sentite condoglianze, per la scomparsa \u00a0di un esimio specialista che con il Suo lavoro \u00a0e le Sue spiccate \u00a0doti \u00a0professionali ed umane ha contribuito\u00a0 in modo significativo ad affermare la sanit\u00e0 bellunese ben oltre i confini provinciali\u201d<\/em> \u2013 le parole del Direttore Generale.<\/div>\n<blockquote>\n<div data-offset-key=\"frkd2-0-0\"><\/div>\n<\/blockquote>\n<div data-offset-key=\"frkd2-0-0\"><\/div>\n<div data-offset-key=\"frkd2-0-0\"><\/div>\n<blockquote>\n<div data-offset-key=\"frkd2-0-0\"><\/div>\n<\/blockquote>\n<div data-offset-key=\"frkd2-0-0\"><\/div>\n<div data-offset-key=\"frkd2-0-0\"><\/div>\n<div data-offset-key=\"frkd2-0-0\"><\/div>\n<div data-offset-key=\"frkd2-0-0\"><\/div>\n<blockquote>\n<div data-offset-key=\"frkd2-0-0\"><\/div>\n<\/blockquote>\n<h3 data-offset-key=\"frkd2-0-0\">OGGI AD ALLEGHE TURISMO E NATURA, DA OPPORTUNITA&#8217; A VISIONE PER IL TERRITORIO.<\/h3>\n<div data-offset-key=\"frkd2-0-0\">\n<blockquote><p><strong><em>Alleghe \/ centro Congressi 17.30\/18.30<\/em><\/strong><\/p><\/blockquote>\n<p><strong><a class=\"dt-pswp-item\" href=\"http:\/\/www.radiopiu.net\/wordpress\/wp-content\/uploads\/2018\/11\/Orsetto_MAADNESS.png\" data-dt-img-description=\"\" data-large_image_width=\"1201\" data-large_image_height=\"1201\"><img loading=\"lazy\" decoding=\"async\" class=\" wp-image-67219 alignleft\" src=\"http:\/\/www.radiopiu.net\/wordpress\/wp-content\/uploads\/2018\/11\/Orsetto_MAADNESS-300x300.png\" alt=\"\" width=\"162\" height=\"162\" srcset=\"https:\/\/www.radiopiu.net\/wordpress\/wp-content\/uploads\/2018\/11\/Orsetto_MAADNESS-300x300.png 300w, https:\/\/www.radiopiu.net\/wordpress\/wp-content\/uploads\/2018\/11\/Orsetto_MAADNESS-150x150.png 150w, https:\/\/www.radiopiu.net\/wordpress\/wp-content\/uploads\/2018\/11\/Orsetto_MAADNESS-768x768.png 768w, https:\/\/www.radiopiu.net\/wordpress\/wp-content\/uploads\/2018\/11\/Orsetto_MAADNESS-1024x1024.png 1024w, https:\/\/www.radiopiu.net\/wordpress\/wp-content\/uploads\/2018\/11\/Orsetto_MAADNESS.png 1201w\" sizes=\"auto, (max-width: 162px) 100vw, 162px\" \/><\/a>ALLEGHE<\/strong>\u00a0 Evento di aggiornamento sugli importanti risultati raggiunti ad oggi dal progetto di sviluppo e valorizzazione territoriale su infrastrutture, nuova ospitalit\u00e0 e attivit\u00e0 di marketing.\u00a0 Gli interventi descriveranno il percorso intrapreso, i risultati in termini di progettazione, trasformazione e visibilit\u00e0, con particolare attenzione per l&#8217;iniziativa di promozione turistica Recharge in Nature, divenuta virale su tutti i principali media nazionali e all&#8217;estero, con pi\u00f9 di 19.000 candidature giunte da tutto il mondo per vivere un soggiorno di disconnessione e resilienza in un nostro rifugio nel Cuore delle Dolomiti. L\u2019evento \u00e8 aperto a tutti e sar\u00e0 un&#8217;occasione per incontrare professionisti e amministratori coinvolti a quasi un anno e mezzo dall&#8217;avvio delle attivit\u00e0 e rispondere alle vostre domande in merito a quanto realizzato e a quanto ancora da realizzare.<\/p>\n<blockquote><p><em>PROGRAMMA: &#8211; Saluti del Sindaco di Alleghe, Danilo De Toni &#8211; Introduzione del Sindaco di Rocca Pietore, Andrea De Bernardin &#8211; Intervento del Project Manager, Denis dal Soler &#8211; Intervento della Marketing Manager, Emma Taveri &#8211; Intervento SL&amp;A Centro Congressi \u201cA. Franceschini\u201d<\/em><\/p><\/blockquote>\n<\/div>\n<blockquote><p>&nbsp;<\/p><\/blockquote>\n<p>&nbsp;<\/p>\n<p>&nbsp;<\/p>\n<blockquote><p>&nbsp;<\/p><\/blockquote>\n<p>&nbsp;<\/p>\n<h2>Giovani \u201cimprenditori di se stessi\u201d: gioved\u00ec 19 il Workshop finale del percorso SIparte.<br \/>\nRisultati raggiunti e prospettive future sull\u2019innovazione sociale nei territori montani.<\/h2>\n<p><strong><a class=\"dt-pswp-item\" href=\"http:\/\/www.radiopiu.net\/wordpress\/wp-content\/uploads\/2019\/09\/siparte_evento01_img3.jpg\" data-dt-img-description=\"\" data-large_image_width=\"1500\" data-large_image_height=\"1000\"><img loading=\"lazy\" decoding=\"async\" class=\" wp-image-98928 alignleft\" src=\"http:\/\/www.radiopiu.net\/wordpress\/wp-content\/uploads\/2019\/09\/siparte_evento01_img3-300x200.jpg\" alt=\"\" width=\"255\" height=\"170\" srcset=\"https:\/\/www.radiopiu.net\/wordpress\/wp-content\/uploads\/2019\/09\/siparte_evento01_img3-300x200.jpg 300w, https:\/\/www.radiopiu.net\/wordpress\/wp-content\/uploads\/2019\/09\/siparte_evento01_img3-768x512.jpg 768w, https:\/\/www.radiopiu.net\/wordpress\/wp-content\/uploads\/2019\/09\/siparte_evento01_img3-1024x683.jpg 1024w, https:\/\/www.radiopiu.net\/wordpress\/wp-content\/uploads\/2019\/09\/siparte_evento01_img3.jpg 1500w\" sizes=\"auto, (max-width: 255px) 100vw, 255px\" \/><\/a>FELTRE<\/strong> Durante i mesi scorsi decine di giovani del territorio del GAL Prealpi e Dolomiti hanno approfondito i temi dell\u2019imprenditorialit\u00e0 giovanile e dell\u2019innovazione sociale grazie al percorso di SIparte, realizzato dal GAL in collaborazione con il Dipartimento TESAF dell\u2019Universit\u00e0 di Padova e con Etifor.\u00a0 \u201cSIparte!\u201d \u00e8 un\u2019esortazione a liberare la creativit\u00e0, ad avere il coraggio di mettersi in gioco e iniziare insieme un viaggio che, partendo dai problemi riscontrati da chi vive in zone montane, propone soluzioni innovative nel rispetto del benessere delle persone. Un percorso strutturato in una serie di incontri e un hackathon rurale, iniziati nel 2018, che ha fornito ai partecipanti gli strumenti pi\u00f9 opportuni per imparare a strutturare la propria idea imprenditoriale.\u00a0 Gioved\u00ec 19 settembre, dalle ore 17.30 presso l\u2019Aula Magna dell\u2019Istituto I.I.S. Catullo (via Garibaldi 10, Belluno), si terr\u00e0 il workshop finale del percorso; un\u2019ottima occasione per discutere dei risultati raggiunti e delle prospettive future dell\u2019innovazione sociale nei territori montani.<\/p>\n<blockquote>\n<h3 data-offset-key=\"frkd2-0-0\"><\/h3>\n<\/blockquote>\n<h3 data-offset-key=\"frkd2-0-0\"><\/h3>\n<p>&nbsp;<\/p>\n<blockquote><p>&nbsp;<\/p>\n<p>&nbsp;<\/p><\/blockquote>\n<div data-offset-key=\"frkd2-0-0\">\n<h3>NUOVA OFFERTA FORMATIVA DEL MUSEO ETNOGRAFICO DELLA PROVINCIA DI BELLUNO<\/h3>\n<p><strong>BELLUNO<\/strong> Dopo il successo dell\u2019anno scorso, con l\u2019adesione di circa 80 classi ai percorsi e laboratori da parte di scuole di ogni ordine e grado provenienti da tutta la provincia e non solo, il Museo Etnografico della Provincia di Belluno e l&#8217;associazione Isoipse presentano le nuove proposte. L&#8217;offerta didattica, che quest\u2019anno \u00e8 davvero ricca di novit\u00e0, comprende circa 30 diversi percorsi tematici, una decina di laboratori manuali, e la possibilit\u00e0 di fare approfondimenti specifici sui vari temi ed elaborarli con la realizzazione di prodotti digitali. Il tema speciale di quest\u2019anno \u00e8 &#8220;Museo all&#8217;aria aperta. Outodoor education nel giardino del Museo&#8221; Per tutte le informazioni\u00a0 seravella@isoipse.it. Per scaricare il pdf delle proposte didattiche consultare il sito web: www.museoetnograficodolomiti.it e la pagina facebook Amici Museo Seravella<\/p>\n<\/div>\n<p>&nbsp;<\/p>\n<p>&nbsp;<\/p>\n<div data-offset-key=\"frkd2-0-0\">\n<p>&nbsp;<\/p>\n<p><a class=\"dt-pswp-item\" href=\"http:\/\/www.radiopiu.net\/wordpress\/wp-content\/uploads\/2018\/09\/appuntamenti.jpeg\" data-dt-img-description=\"\" data-large_image_width=\"800\" data-large_image_height=\"100\"><img loading=\"lazy\" decoding=\"async\" class=\"aligncenter wp-image-61958 size-full\" src=\"http:\/\/www.radiopiu.net\/wordpress\/wp-content\/uploads\/2018\/09\/appuntamenti.jpeg\" alt=\"\" width=\"800\" height=\"100\" srcset=\"https:\/\/www.radiopiu.net\/wordpress\/wp-content\/uploads\/2018\/09\/appuntamenti.jpeg 800w, https:\/\/www.radiopiu.net\/wordpress\/wp-content\/uploads\/2018\/09\/appuntamenti-300x38.jpeg 300w, https:\/\/www.radiopiu.net\/wordpress\/wp-content\/uploads\/2018\/09\/appuntamenti-768x96.jpeg 768w\" sizes=\"auto, (max-width: 800px) 100vw, 800px\" \/><\/a><\/p>\n<p>&nbsp;<\/p>\n<p>&nbsp;<\/p>\n<h2>MENDRANZE N POEJIA X EDIZIONE<\/h2>\n<p><a class=\"dt-pswp-item\" href=\"http:\/\/www.radiopiu.net\/wordpress\/wp-content\/uploads\/2019\/09\/69863732_1256446051192767_3975798260370505728_n.jpg\" data-dt-img-description=\"\" data-large_image_width=\"800\" data-large_image_height=\"800\"><img loading=\"lazy\" decoding=\"async\" class=\" wp-image-97811 alignleft\" src=\"http:\/\/www.radiopiu.net\/wordpress\/wp-content\/uploads\/2019\/09\/69863732_1256446051192767_3975798260370505728_n-300x300.jpg\" alt=\"\" width=\"130\" height=\"130\" srcset=\"https:\/\/www.radiopiu.net\/wordpress\/wp-content\/uploads\/2019\/09\/69863732_1256446051192767_3975798260370505728_n-300x300.jpg 300w, https:\/\/www.radiopiu.net\/wordpress\/wp-content\/uploads\/2019\/09\/69863732_1256446051192767_3975798260370505728_n-150x150.jpg 150w, https:\/\/www.radiopiu.net\/wordpress\/wp-content\/uploads\/2019\/09\/69863732_1256446051192767_3975798260370505728_n-768x768.jpg 768w, https:\/\/www.radiopiu.net\/wordpress\/wp-content\/uploads\/2019\/09\/69863732_1256446051192767_3975798260370505728_n.jpg 800w\" sizes=\"auto, (max-width: 130px) 100vw, 130px\" \/><\/a><strong>LIVINALLONGO<\/strong> In occasione del 15 anni di fondazione dell&#8217;Istitut Cultural Ladin Cesa de Jan sabato 21 settembre alle 20.30 in sala congressi di Arabba viene organizzata la premiazione della decima edizione del concorso nazionale Mendanze n Poejia. Suoner\u00e0 la banda da Fodom diretta da Giuliano Federa, sketch teatrale dei ragazzi della scuola e consegna dei riconoscimenti alle persone meritevoli. Presenta Gianpaolo Soratroi.<\/p>\n<p>LO SPOT ALLA RADIO<\/p>\n<p>&nbsp;<\/p>\n<p>&nbsp;<\/p>\n<\/div>\n<p>&nbsp;<\/p>\n<p>&nbsp;<\/p>\n<div data-offset-key=\"frkd2-0-0\">\n<p><strong><a class=\"dt-pswp-item\" href=\"http:\/\/www.radiopiu.net\/wordpress\/wp-content\/uploads\/2019\/09\/autunnoA4.png\" data-dt-img-description=\"\" data-large_image_width=\"1123\" data-large_image_height=\"793\"><img loading=\"lazy\" decoding=\"async\" class=\"size-medium wp-image-98461 alignleft\" src=\"http:\/\/www.radiopiu.net\/wordpress\/wp-content\/uploads\/2019\/09\/autunnoA4-300x212.png\" alt=\"\" width=\"300\" height=\"212\" srcset=\"https:\/\/www.radiopiu.net\/wordpress\/wp-content\/uploads\/2019\/09\/autunnoA4-300x212.png 300w, https:\/\/www.radiopiu.net\/wordpress\/wp-content\/uploads\/2019\/09\/autunnoA4-768x542.png 768w, https:\/\/www.radiopiu.net\/wordpress\/wp-content\/uploads\/2019\/09\/autunnoA4-1024x723.png 1024w, https:\/\/www.radiopiu.net\/wordpress\/wp-content\/uploads\/2019\/09\/autunnoA4.png 1123w\" sizes=\"auto, (max-width: 300px) 100vw, 300px\" \/><\/a><\/strong><\/p>\n<p><strong>LIVINALLONGO<\/strong> Avvicinandoci alla fine della stagione estiva si comunica che il Castello di Andraz sar\u00e0 aperto, dopo il 15 settembre, anche nei seguenti weekend (sabato e domenica): 21-22 e 28-29 settembre, 5-6 e 12-13 ottobre, dalle 10.00 alle 13.00 e dalle 14.30 alle 17.30.<\/p>\n<p>&nbsp;<\/p>\n<p>&nbsp;<\/p>\n<\/div>\n<p>&nbsp;<\/p>\n<p>&nbsp;<\/p>\n<p>&nbsp;<\/p>\n<p>&nbsp;<\/p>\n<div data-offset-key=\"frkd2-0-0\"><\/div>\n<div data-offset-key=\"frkd2-0-0\"><\/div>\n<div data-offset-key=\"frkd2-0-0\">\n<h3>PRESENZE E STORIE DI UN PARCO STORICO MONUMENTALE<\/h3>\n<p><a class=\"dt-pswp-item\" href=\"http:\/\/www.radiopiu.net\/wordpress\/wp-content\/uploads\/2019\/09\/18.jpg\" data-dt-img-description=\"\" data-large_image_width=\"1020\" data-large_image_height=\"680\"><img loading=\"lazy\" decoding=\"async\" class=\"alignnone wp-image-98844\" src=\"http:\/\/www.radiopiu.net\/wordpress\/wp-content\/uploads\/2019\/09\/18-300x200.jpg\" alt=\"\" width=\"210\" height=\"140\" srcset=\"https:\/\/www.radiopiu.net\/wordpress\/wp-content\/uploads\/2019\/09\/18-300x200.jpg 300w, https:\/\/www.radiopiu.net\/wordpress\/wp-content\/uploads\/2019\/09\/18-768x512.jpg 768w, https:\/\/www.radiopiu.net\/wordpress\/wp-content\/uploads\/2019\/09\/18.jpg 1020w\" sizes=\"auto, (max-width: 210px) 100vw, 210px\" \/><\/a><a class=\"dt-pswp-item\" href=\"http:\/\/www.radiopiu.net\/wordpress\/wp-content\/uploads\/2019\/09\/36.jpg\" data-dt-img-description=\"\" data-large_image_width=\"1048\" data-large_image_height=\"786\"><img loading=\"lazy\" decoding=\"async\" class=\"alignnone wp-image-98843\" src=\"http:\/\/www.radiopiu.net\/wordpress\/wp-content\/uploads\/2019\/09\/36-300x225.jpg\" alt=\"\" width=\"186\" height=\"139\" srcset=\"https:\/\/www.radiopiu.net\/wordpress\/wp-content\/uploads\/2019\/09\/36-300x225.jpg 300w, https:\/\/www.radiopiu.net\/wordpress\/wp-content\/uploads\/2019\/09\/36-768x576.jpg 768w, https:\/\/www.radiopiu.net\/wordpress\/wp-content\/uploads\/2019\/09\/36-1024x768.jpg 1024w, https:\/\/www.radiopiu.net\/wordpress\/wp-content\/uploads\/2019\/09\/36.jpg 1048w\" sizes=\"auto, (max-width: 186px) 100vw, 186px\" \/><\/a><\/p>\n<p><strong><a class=\"dt-pswp-item\" href=\"http:\/\/www.radiopiu.net\/wordpress\/wp-content\/uploads\/2019\/09\/facebook_1568526868863-2.jpg\" data-dt-img-description=\"\" data-large_image_width=\"720\" data-large_image_height=\"1017\"><img loading=\"lazy\" decoding=\"async\" class=\"wp-image-98846 alignleft\" src=\"http:\/\/www.radiopiu.net\/wordpress\/wp-content\/uploads\/2019\/09\/facebook_1568526868863-2-212x300.jpg\" alt=\"\" width=\"142\" height=\"201\" srcset=\"https:\/\/www.radiopiu.net\/wordpress\/wp-content\/uploads\/2019\/09\/facebook_1568526868863-2-212x300.jpg 212w, https:\/\/www.radiopiu.net\/wordpress\/wp-content\/uploads\/2019\/09\/facebook_1568526868863-2.jpg 720w\" sizes=\"auto, (max-width: 142px) 100vw, 142px\" \/><\/a>BELLUNO<\/strong> Nel programma della settimana di Azione per il Clima \u00e8 prevista una visita guidata al Parco Storico di Mussoi, il pi\u00f9 grande polmone verde della citt\u00e0 di Belluno, dotato di un\u2019eccezionale quantit\u00e0 e variet\u00e0 di alberi secolari. Il titolo dell\u2019iniziativa ATTENTI A QUEI GIGANTI, luci e ombre nella \u201cselva oscura\u201d \u00e8 indicativo del taglio che verr\u00e0 dato dal naturalista Anacleto Boranga nel condurre i partecipanti, unendo in modo avvincente alla descrizione botanica, simbologie, miti e leggende legate al mondo arboreo. La partecipazione \u00e8 libera e gratuita. Appuntamento domenica alle 10 all\u2019entrata del Parco in via Travazzoi 25. In caso di maltempo l&#8217;evento si terr\u00e0 presso la sala parrocchiale di Mussoi di via Gregorio XVI<\/p>\n<\/div>\n<p>&nbsp;<\/p>\n<p>&nbsp;<\/p>\n<p>&nbsp;<\/p>\n<p>&nbsp;<\/p>\n<p>&nbsp;<\/p>\n<p>&nbsp;<\/p>\n<h2><strong>PREVENZIONE DEL DECLINO COGNITIVO, DOMANI AD AGORDO\u00a0\u00a0<\/strong><\/h2>\n<p><strong>AGORDO<\/strong> Dopo l\u2019incontro di gioved\u00ec scorso al San Martino \u00a0per I Gioved\u00ec della salute dal titolo \u201cLa demenza tra cura e relazione\u201c, \u00a0continuano gli appuntamenti\u00a0 \u201cParliamo di Memoria \u201cdurante i quali gli psicologi dei centri di Servizio residenziali di Feltre e Belluno, l\u2019ASCA, la SERSA e la Cooperativa Le Valli e l\u2019associazione Pettirosso sono \u00a0a disposizione dei cittadini con dei gazebi \u00a0nelle piazze di vari comuni \u00a0per l\u2019esecuzione di un <strong>test per la memoria<\/strong>. Per il Distretto 1 di Belluno, l\u2019iniziativa che \u00a0ha avuto il via a\u00a0 partire dallo scorso 7 settembre, \u00a0proseguir\u00e0\u00a0 Ad Agordo domani dalle 10<\/p>\n<p>&nbsp;<\/p>\n<p>&nbsp;<\/p>\n<h2><\/h2>\n<h2>SABATO AL PR RANCH IL SAGGIO A CAVALLO<\/h2>\n<p><strong>LA VALLE<\/strong> Sabato presso gli impianti sportivi il saggio del PR Ranch\u00a0 per dar modo a parenti, amici e\u00a0 tutti gli interessati di poter vedere le giovani atlete agordine all&#8217; opera. Il tema \u00e8 &#8220;NON SOLO VAIA&#8221;<\/p>\n<p>PAGINA FACEBOOK <span style=\"color: #0000ff;\"><strong><a style=\"color: #0000ff;\" href=\"https:\/\/m.facebook.com\/story.php?story_fbid=1397356577083250&amp;id=100004267626931&amp;sfnsn=mo\">CLICCA QUI\u00a0<\/a><\/strong><\/span><\/p>\n<p>&nbsp;<\/p>\n<p>&nbsp;<\/p>\n<h2>IN PIAZZA A BELLUNO (DOMENICA 22) TORNA \u201cBABY\u2019S BAZAR DEI BAMBINI\u201d di RENATO BONA<\/h2>\n<p><strong><a class=\"dt-pswp-item\" href=\"http:\/\/www.radiopiu.net\/wordpress\/wp-content\/uploads\/2019\/09\/70833840_390424388322355_3319665216186220544_n.jpg\" data-dt-img-description=\"\" data-large_image_width=\"678\" data-large_image_height=\"506\"><img loading=\"lazy\" decoding=\"async\" class=\"size-medium wp-image-98921 alignleft\" src=\"http:\/\/www.radiopiu.net\/wordpress\/wp-content\/uploads\/2019\/09\/70833840_390424388322355_3319665216186220544_n-300x224.jpg\" alt=\"\" width=\"300\" height=\"224\" srcset=\"https:\/\/www.radiopiu.net\/wordpress\/wp-content\/uploads\/2019\/09\/70833840_390424388322355_3319665216186220544_n-300x224.jpg 300w, https:\/\/www.radiopiu.net\/wordpress\/wp-content\/uploads\/2019\/09\/70833840_390424388322355_3319665216186220544_n.jpg 678w\" sizes=\"auto, (max-width: 300px) 100vw, 300px\" \/><\/a>BELLUNO<\/strong> Ventiduesima edizione a Belluno del \u201cBaby\u2019s bazar dei bambini\u201d, mostra-mercato-scambio riservata ad \u201caspiranti commercianti\u201d di et\u00e0 compresa fra i 6 ed i 14 anni. L\u2019iniziativa \u00e8 proposta domenica 22 settembre, nella suggestiva cornice di Piazza dei Martiri, dalle 10 alle 18, dal Circolo ricreativo Vigili del fuoco in collaborazione con Unicef, Comando provinciale Vigili del fuoco e Comune di Belluno. Nel pieghevole che \u00e8 in distribuzione per propagandare l\u2019evento, si sottolinea fra l\u2019altro che \u201cQuesta manifestazione che negli anni \u00e8 cresciuta sempre pi\u00f9, grazie soprattutto alla collaborazione e all\u2019impegno di numerosi volontari, richiama una nutrita folla di curiosi attirati anche dall\u2019interesse di scoprire quale sar\u00e0 l\u2019affare pi\u00f9 propizio che si potr\u00e0 realizzare\u2026\u201d e si sottolinea che \u201ctutto il nostro <a class=\"dt-pswp-item\" href=\"http:\/\/www.radiopiu.net\/wordpress\/wp-content\/uploads\/2019\/09\/71280587_462266651046555_1382156742556647424_n.jpg\" data-dt-img-description=\"\" data-large_image_width=\"747\" data-large_image_height=\"511\"><img loading=\"lazy\" decoding=\"async\" class=\"size-medium wp-image-98920 alignright\" src=\"http:\/\/www.radiopiu.net\/wordpress\/wp-content\/uploads\/2019\/09\/71280587_462266651046555_1382156742556647424_n-300x205.jpg\" alt=\"\" width=\"300\" height=\"205\" srcset=\"https:\/\/www.radiopiu.net\/wordpress\/wp-content\/uploads\/2019\/09\/71280587_462266651046555_1382156742556647424_n-300x205.jpg 300w, https:\/\/www.radiopiu.net\/wordpress\/wp-content\/uploads\/2019\/09\/71280587_462266651046555_1382156742556647424_n.jpg 747w\" sizes=\"auto, (max-width: 300px) 100vw, 300px\" \/><\/a>ricavato andr\u00e0 in beneficenza per cercare di aiutare bambini e ragazzi meno fortunati di voi, Associazioni ed Enti in difficolt\u00e0\u201d. La presidente provinciale dell\u2019Unicef, Cristina Zoleo dal canto suo ricorda: \u201cQuest\u2019anno ricorre il 30. Anniversario della Convenzione sui diritti dell\u2019infanzia e dell\u2019adolescenza: sono convinta che anche questo appuntamento rappresenti un tassello importante per festeggiare degnamente il compleanno!\u201d. A sua volta il comandante provinciale dei Vigili del fuoco sottolinea che \u201cLo scopo benefico per il quale la manifestazione nasce, quest\u2019anno consegue l\u2019obiettivo con l\u2019acquisto e la donazione di apparecchiature elettro-medicali all\u2019Unit\u00e0 pediatrica dell\u2019ospedale San Martino di Belluno\u201d. E aggiunge fra l\u2019altro: \u201cLa festosa giornata sar\u00e0 anche quest\u2019anno associata a un momento ludico-educativo rappresentato dalla \u2018Pompieropoli VF\u2019 dove i bambini possano vivere per un girono l\u2019esperienza di essere un \u2018pompiere\u2019 e mettere alla prova il loro coraggio e la loro abilit\u00e0, acquisendo le basilari informazioni sulle tematiche della sicurezza\u201d. Detto che \u201cBaby\u2019s bazar dei bambini\u201d \u00e8 un momento di libero scambio, acquisto e vendita di giornali, libri, giocattoli ed altri oggetti per ragazzi, vecchi e nuovi, gestito esclusivamente da loro, e non \u00e8 dunque una iniziativa a scopo di lucro ma piuttosto un punto d\u2019incontro e di gioco con fini non solo aggregativi ma di promozione per i pi\u00f9 giovani che possono cos\u00ec ritrovarsi nel mondo e nella mentalit\u00e0 del commercio e del libero scambio, ecco il programma della manifestazione (che si svolger\u00e0 con qualsiasi tempo): alle 8 ritrovo in Piazza dei Martiri e consegna della postazione con successiva preparazione della bancarella; alle 10 inizio; dalle 13 pranzo a Porta Dante; alle 18 conclusione.<\/p>\n<p>&nbsp;<\/p>\n<p>&nbsp;<\/p>\n<h3><a class=\"dt-pswp-item\" href=\"http:\/\/www.radiopiu.net\/wordpress\/wp-content\/uploads\/2018\/09\/sport.jpg\" data-dt-img-description=\"\" data-large_image_width=\"800\" data-large_image_height=\"100\"><img loading=\"lazy\" decoding=\"async\" class=\"aligncenter wp-image-60761 size-full\" src=\"http:\/\/www.radiopiu.net\/wordpress\/wp-content\/uploads\/2018\/09\/sport.jpg\" alt=\"\" width=\"800\" height=\"100\" srcset=\"https:\/\/www.radiopiu.net\/wordpress\/wp-content\/uploads\/2018\/09\/sport.jpg 800w, https:\/\/www.radiopiu.net\/wordpress\/wp-content\/uploads\/2018\/09\/sport-300x38.jpg 300w, https:\/\/www.radiopiu.net\/wordpress\/wp-content\/uploads\/2018\/09\/sport-768x96.jpg 768w\" sizes=\"auto, (max-width: 800px) 100vw, 800px\" \/><\/a><\/h3>\n<h3 data-block=\"true\" data-editor=\"98pu0\" data-offset-key=\"frkd2-0-0\">AL VIA NEL FINE SETTIMANA IL CAMPIONATO VETERANI CSI<\/h3>\n<p><a class=\"dt-pswp-item\" href=\"http:\/\/www.radiopiu.net\/wordpress\/wp-content\/uploads\/2016\/09\/csiscritta-web.jpg\" data-dt-img-description=\"\" data-large_image_width=\"300\" data-large_image_height=\"340\"><img loading=\"lazy\" decoding=\"async\" class=\"size-medium wp-image-23030 alignright\" src=\"http:\/\/www.radiopiu.net\/wordpress\/wp-content\/uploads\/2016\/09\/csiscritta-web-265x300.jpg\" alt=\"\" width=\"265\" height=\"300\" \/><\/a>Con 7 giorni di ritardo rispetto al campionato Open, nel prossimo fine settimana anche i veterani inizieranno il loro campionato CSI. \u00c8 uscito ieri il calendario con le prime 5 gare in programma e tra le squadre iscritte spicca anche il La Valle Calcio, unica formazione agordina al via. La squadra partecipa al torneo dal 2016 e quest&#8217;anno \u00e8 stata affidata a Dario Mezzacasa. Tanti i nomi noti nella rosa che hanno partecipato al Campionato Agordino oltre che a giocare nei campionati FIGC negli anni scorsi. Tra loro spiccano i nomi di Antonio Gaiardo, Daniele De Dea, Giorgio Valcozzena, Roberto De Col, Luca Latti, Nicola Carrera, Cristian De Luca, Luca Soccol, Sandro Buffa, Davide Malacarne e Umberto Viel. Insomma, una squadra con del potenziale che pu\u00f2 fare una bella figura in questa manifestazione dedicata ai pi\u00f9 \u201cvecchi\u201d del calcio giocato.<\/p>\n<p><strong>AI MICROFONI DI RADIO PIU&#8217; IL MISTER DARIO MEZZACASA<\/strong><\/p>\n<audio class=\"wp-audio-shortcode\" id=\"audio-98821-12\" preload=\"none\" style=\"width: 100%;\" controls=\"controls\"><source type=\"audio\/mpeg\" src=\"http:\/\/www.radiopiu.net\/wordpress\/wp-content\/uploads\/2019\/09\/DARIO-MEZZACASA-VETERANI-CSI.mp3?_=12\" \/><a href=\"http:\/\/www.radiopiu.net\/wordpress\/wp-content\/uploads\/2019\/09\/DARIO-MEZZACASA-VETERANI-CSI.mp3\">http:\/\/www.radiopiu.net\/wordpress\/wp-content\/uploads\/2019\/09\/DARIO-MEZZACASA-VETERANI-CSI.mp3<\/a><\/audio>\n<p>&nbsp;<\/p>\n<p><strong>IL CALENDARIO DELLE PRIME 5 GIORNATE<\/strong><\/p>\n<p><a class=\"dt-pswp-item\" href=\"http:\/\/www.radiopiu.net\/wordpress\/wp-content\/uploads\/2019\/09\/CALENDARIO-VETERANI-CSI.jpeg\" data-dt-img-description=\"\" data-large_image_width=\"775\" data-large_image_height=\"852\"><img loading=\"lazy\" decoding=\"async\" class=\"aligncenter wp-image-98864 size-full\" src=\"http:\/\/www.radiopiu.net\/wordpress\/wp-content\/uploads\/2019\/09\/CALENDARIO-VETERANI-CSI.jpeg\" alt=\"\" width=\"775\" height=\"852\" srcset=\"https:\/\/www.radiopiu.net\/wordpress\/wp-content\/uploads\/2019\/09\/CALENDARIO-VETERANI-CSI.jpeg 775w, https:\/\/www.radiopiu.net\/wordpress\/wp-content\/uploads\/2019\/09\/CALENDARIO-VETERANI-CSI-273x300.jpeg 273w, https:\/\/www.radiopiu.net\/wordpress\/wp-content\/uploads\/2019\/09\/CALENDARIO-VETERANI-CSI-768x844.jpeg 768w\" sizes=\"auto, (max-width: 775px) 100vw, 775px\" \/><\/a><\/p>\n<p>&nbsp;<\/p>\n<p>&nbsp;<\/p>\n<p>&nbsp;<\/p>\n<p>&nbsp;<\/p>\n<p><a class=\"dt-pswp-item\" href=\"http:\/\/www.radiopiu.net\/wordpress\/wp-content\/uploads\/2018\/09\/WhatsApp-Image-2018-09-20-at-16.04.06.jpeg\" data-dt-img-description=\"\" data-large_image_width=\"800\" data-large_image_height=\"100\"><img loading=\"lazy\" decoding=\"async\" class=\"aligncenter wp-image-61378 size-full\" src=\"http:\/\/www.radiopiu.net\/wordpress\/wp-content\/uploads\/2018\/09\/WhatsApp-Image-2018-09-20-at-16.04.06.jpeg\" alt=\"\" width=\"800\" height=\"100\" srcset=\"https:\/\/www.radiopiu.net\/wordpress\/wp-content\/uploads\/2018\/09\/WhatsApp-Image-2018-09-20-at-16.04.06.jpeg 800w, https:\/\/www.radiopiu.net\/wordpress\/wp-content\/uploads\/2018\/09\/WhatsApp-Image-2018-09-20-at-16.04.06-300x38.jpeg 300w, https:\/\/www.radiopiu.net\/wordpress\/wp-content\/uploads\/2018\/09\/WhatsApp-Image-2018-09-20-at-16.04.06-768x96.jpeg 768w\" sizes=\"auto, (max-width: 800px) 100vw, 800px\" \/><\/a><\/p>\n<p><center><b>Martedi 17<\/b><\/center><b>Tempo atteso: <\/b>Al mattino tempo ben soleggiato dopo l&#8217;allontanamento delle residue velature notturne. Potr\u00e0 fare eccezione qualche fondovalle prealpino dove nelle ore pi\u00f9 fredde potranno formarsi locali banchi di nubi basse, eventualmente in dissolvimento. Tra il pomeriggio e la sera modesto sviluppo di cumuli, solo localmente moderato, con lieve incremento della probabilit\u00e0 di fenomeni di instabilit\u00e0.<br \/>\n<b>Precipitazioni: <\/b>Al mattino assenti (0%); nel pomeriggio non esclusi del tutto isolati e brevi rovesci (10\/30%), che potrebbero diventare un po&#8217; pi\u00f9 diffusi in serata sui settori prealpini (30\/50%).<br \/>\n<b>Temperature: <\/b>Senza notevoli variazioni, con lieve calo termico serale in quota. Su Prealpi a 1500 m min 13\u00b0C max 18\u00b0C, a 2000 m min 11\u00b0C max 14\u00b0C. Su Dolomiti a 2000 m min 9\u00b0C max 15\u00b0C, a 3000 m min 4\u00b0C max 6\u00b0C.<br \/>\n<b>Venti: <\/b>Nelle valli deboli a regime di brezza; in quota perlopi\u00f9 moderati da Nord-Ovest, a 10-25 km\/h a 2000 m, 20-35 km\/h a 3000 m.<\/p>\n<hr \/>\n<p><center><b>Mercoledi 18<\/b><\/center><b>Tempo atteso: <\/b>Sulle Prealpi possibile instabilit\u00e0 notturna e in parte mattutina, con nuvolosit\u00e0 irregolare anche intensa e fenomeni in esaurimento al pomeriggio\/sera. Sulle Dolomiti maggiori schiarite mattutine e possibile aumento della nuvolosit\u00e0 cumuliforme al pomeriggio\/sera, con qualche isolato fenomeno non escluso. Clima pi\u00f9 fresco.<br \/>\n<b>Precipitazioni: <\/b>Nella notte e al mattino possibili rovesci sparsi e qualche temporale sulle Prealpi (40\/60%), perlopi\u00f9 assenti sulle Dolomiti (0\/20%); al pomeriggio residui fenomeni sulle Prealpi, possibili isolati rovesci sulle Dolomiti (10\/30%). In serata assenti ovunque (0%).<br \/>\n<b>Temperature: <\/b>In calo, con minime alla sera pressoch\u00e8 ovunque. Su Prealpi a 1500 m min 11\u00b0C max 15\u00b0C, a 2000 m min 8\u00b0C max 11\u00b0C. Su Dolomiti a 2000 m min 7\u00b0C max 12\u00b0C, a 3000 m min 3\u00b0C max 5\u00b0C.<br \/>\n<b>Venti: <\/b>Nelle valli deboli a regime di brezza; in quota deboli\/moderati da Ovest Nord-Ovest, a 5-15 km\/h a 2000 m, 15-25 km\/h a 3000 m.<\/p>\n<hr \/>\n<p><center><b>Giovedi 19<\/b><\/center>Tempo in miglioramento, con nubi basse probabili sulle Prealpi al mattino, in dissolvimento in giornata fino a cielo del tutto sereno in serata; sulle Dolomiti le schiarite saranno prevalenti gi\u00e0 in mattinata, mantenendosi il tempo perlopi\u00f9 soleggiato in giornata. Clima decisamente pi\u00f9 fresco in quota, anche nelle valli nonostante il soleggiamento diurno. Venti deboli nord-occidentali in quota.<\/p>\n<hr \/>\n<p><center><b>Venerdi 20<\/b><\/center>Tempo perlopi\u00f9 soleggiato e stabile, con l&#8217;insidia di qualche banco di nubi basse mattutine, modesti cumuli diurni e qualche velatura. Clima fresco, specie al mattino. Venti deboli settentrionali in quota. Previsore: G.M.<\/p>\n","protected":false},"excerpt":{"rendered":"<p>&nbsp; AGORDO-BELLUNO VIAGGI A RISCHIO TRA SASSI CHE CADONO, PARASASSI DAI LEGNI MARCI, CERVI IN LIBERTA&#8217;. CHE SI FA? Terza frana di sassi in pochi giorni lungo la regionale 203 agordina,\u00a0 da dieci giorni lo stiamo ripetendo: partire da Agordo per Belluno \u00e8 un rischio e ieri ne \u00e8 stata l&#8217;ennesima dimostrazione fortunatamente nessuno \u00e8&hellip;<\/p>\n","protected":false},"author":1,"featured_media":98876,"comment_status":"closed","ping_status":"closed","sticky":false,"template":"","format":"standard","meta":{"_monsterinsights_skip_tracking":false,"_monsterinsights_sitenote_active":false,"_monsterinsights_sitenote_note":"","_monsterinsights_sitenote_category":0,"footnotes":""},"categories":[86],"tags":[],"class_list":["post-98821","post","type-post","status-publish","format-standard","has-post-thumbnail","hentry","category-gr","category-86","description-off"],"img_url":"https:\/\/www.radiopiu.net\/wordpress\/wp-content\/uploads\/2019\/09\/43cfe364-7e76-47d6-8e4d-a7ef2efc76aa.jpg","_links":{"self":[{"href":"https:\/\/www.radiopiu.net\/wordpress\/wp-json\/wp\/v2\/posts\/98821","targetHints":{"allow":["GET"]}}],"collection":[{"href":"https:\/\/www.radiopiu.net\/wordpress\/wp-json\/wp\/v2\/posts"}],"about":[{"href":"https:\/\/www.radiopiu.net\/wordpress\/wp-json\/wp\/v2\/types\/post"}],"author":[{"embeddable":true,"href":"https:\/\/www.radiopiu.net\/wordpress\/wp-json\/wp\/v2\/users\/1"}],"replies":[{"embeddable":true,"href":"https:\/\/www.radiopiu.net\/wordpress\/wp-json\/wp\/v2\/comments?post=98821"}],"version-history":[{"count":0,"href":"https:\/\/www.radiopiu.net\/wordpress\/wp-json\/wp\/v2\/posts\/98821\/revisions"}],"wp:featuredmedia":[{"embeddable":true,"href":"https:\/\/www.radiopiu.net\/wordpress\/wp-json\/wp\/v2\/media\/98876"}],"wp:attachment":[{"href":"https:\/\/www.radiopiu.net\/wordpress\/wp-json\/wp\/v2\/media?parent=98821"}],"wp:term":[{"taxonomy":"category","embeddable":true,"href":"https:\/\/www.radiopiu.net\/wordpress\/wp-json\/wp\/v2\/categories?post=98821"},{"taxonomy":"post_tag","embeddable":true,"href":"https:\/\/www.radiopiu.net\/wordpress\/wp-json\/wp\/v2\/tags?post=98821"}],"curies":[{"name":"wp","href":"https:\/\/api.w.org\/{rel}","templated":true}]}}