{"id":98848,"date":"2019-09-16T16:19:19","date_gmt":"2019-09-16T14:19:19","guid":{"rendered":"http:\/\/www.radiopiu.net\/wordpress\/?p=98848"},"modified":"2019-09-16T16:19:19","modified_gmt":"2019-09-16T14:19:19","slug":"presenze-e-storie-di-un-parco-storico-monumentale","status":"publish","type":"post","link":"https:\/\/www.radiopiu.net\/wordpress\/presenze-e-storie-di-un-parco-storico-monumentale\/","title":{"rendered":"PRESENZE E STORIE DI UN PARCO STORICO MONUMENTALE"},"content":{"rendered":"<div data-offset-key=\"frkd2-0-0\"><\/div>\n<div data-offset-key=\"frkd2-0-0\">\n<p><a class=\"dt-pswp-item\" href=\"http:\/\/www.radiopiu.net\/wordpress\/wp-content\/uploads\/2019\/09\/Quercia-di-170-anni.jpg\" data-dt-img-description=\"\" data-large_image_width=\"1020\" data-large_image_height=\"1360\"><img loading=\"lazy\" decoding=\"async\" class=\"alignnone  wp-image-98845\" src=\"http:\/\/www.radiopiu.net\/wordpress\/wp-content\/uploads\/2019\/09\/Quercia-di-170-anni-225x300.jpg\" alt=\"\" width=\"117\" height=\"156\" srcset=\"https:\/\/www.radiopiu.net\/wordpress\/wp-content\/uploads\/2019\/09\/Quercia-di-170-anni-225x300.jpg 225w, https:\/\/www.radiopiu.net\/wordpress\/wp-content\/uploads\/2019\/09\/Quercia-di-170-anni-768x1024.jpg 768w, https:\/\/www.radiopiu.net\/wordpress\/wp-content\/uploads\/2019\/09\/Quercia-di-170-anni.jpg 1020w\" sizes=\"auto, (max-width: 117px) 100vw, 117px\" \/><\/a><a class=\"dt-pswp-item\" href=\"http:\/\/www.radiopiu.net\/wordpress\/wp-content\/uploads\/2019\/09\/18.jpg\" data-dt-img-description=\"\" data-large_image_width=\"1020\" data-large_image_height=\"680\"><img loading=\"lazy\" decoding=\"async\" class=\"alignnone  wp-image-98844\" src=\"http:\/\/www.radiopiu.net\/wordpress\/wp-content\/uploads\/2019\/09\/18-300x200.jpg\" alt=\"\" width=\"233\" height=\"155\" srcset=\"https:\/\/www.radiopiu.net\/wordpress\/wp-content\/uploads\/2019\/09\/18-300x200.jpg 300w, https:\/\/www.radiopiu.net\/wordpress\/wp-content\/uploads\/2019\/09\/18-768x512.jpg 768w, https:\/\/www.radiopiu.net\/wordpress\/wp-content\/uploads\/2019\/09\/18.jpg 1020w\" sizes=\"auto, (max-width: 233px) 100vw, 233px\" \/><\/a><a class=\"dt-pswp-item\" href=\"http:\/\/www.radiopiu.net\/wordpress\/wp-content\/uploads\/2019\/09\/36.jpg\" data-dt-img-description=\"\" data-large_image_width=\"1048\" data-large_image_height=\"786\"><img loading=\"lazy\" decoding=\"async\" class=\"alignnone  wp-image-98843\" src=\"http:\/\/www.radiopiu.net\/wordpress\/wp-content\/uploads\/2019\/09\/36-300x225.jpg\" alt=\"\" width=\"204\" height=\"153\" srcset=\"https:\/\/www.radiopiu.net\/wordpress\/wp-content\/uploads\/2019\/09\/36-300x225.jpg 300w, https:\/\/www.radiopiu.net\/wordpress\/wp-content\/uploads\/2019\/09\/36-768x576.jpg 768w, https:\/\/www.radiopiu.net\/wordpress\/wp-content\/uploads\/2019\/09\/36-1024x768.jpg 1024w, https:\/\/www.radiopiu.net\/wordpress\/wp-content\/uploads\/2019\/09\/36.jpg 1048w\" sizes=\"auto, (max-width: 204px) 100vw, 204px\" \/><\/a><\/p>\n<p><strong><a class=\"dt-pswp-item\" href=\"http:\/\/www.radiopiu.net\/wordpress\/wp-content\/uploads\/2019\/09\/facebook_1568526868863-2.jpg\" data-dt-img-description=\"\" data-large_image_width=\"720\" data-large_image_height=\"1017\"><img loading=\"lazy\" decoding=\"async\" class=\"wp-image-98846 alignleft\" src=\"http:\/\/www.radiopiu.net\/wordpress\/wp-content\/uploads\/2019\/09\/facebook_1568526868863-2-212x300.jpg\" alt=\"\" width=\"142\" height=\"201\" srcset=\"https:\/\/www.radiopiu.net\/wordpress\/wp-content\/uploads\/2019\/09\/facebook_1568526868863-2-212x300.jpg 212w, https:\/\/www.radiopiu.net\/wordpress\/wp-content\/uploads\/2019\/09\/facebook_1568526868863-2.jpg 720w\" sizes=\"auto, (max-width: 142px) 100vw, 142px\" \/><\/a>BELLUNO<\/strong> Nel programma della settimana di Azione per il Clima \u00e8 prevista una visita guidata al Parco Storico di Mussoi, il pi\u00f9 grande polmone verde della citt\u00e0 di Belluno, dotato di un\u2019eccezionale quantit\u00e0 e variet\u00e0 di alberi secolari. Il titolo dell\u2019iniziativa ATTENTI A QUEI GIGANTI, luci e ombre nella \u201cselva oscura\u201d \u00e8 indicativo del taglio che verr\u00e0 dato dal naturalista Anacleto Boranga nel condurre i partecipanti, unendo in modo avvincente alla descrizione botanica, simbologie, miti e leggende legate al mondo arboreo. La partecipazione \u00e8 libera e gratuita. Appuntamento domenica alle 10 all\u2019entrata del Parco in via Travazzoi 25. In caso di maltempo l&#8217;evento si terr\u00e0 presso la sala parrocchiale di Mussoi di via Gregorio XVI,<\/p>\n<\/div>\n","protected":false},"excerpt":{"rendered":"<p>BELLUNO Nel programma della settimana di Azione per il Clima \u00e8 prevista una visita guidata al Parco Storico di Mussoi, il pi\u00f9 grande polmone verde della citt\u00e0 di Belluno, dotato di un\u2019eccezionale quantit\u00e0 e variet\u00e0 di alberi secolari. Il titolo dell\u2019iniziativa ATTENTI A QUEI GIGANTI, luci e ombre nella \u201cselva oscura\u201d \u00e8 indicativo del taglio&hellip;<\/p>\n","protected":false},"author":1,"featured_media":98843,"comment_status":"closed","ping_status":"closed","sticky":false,"template":"","format":"standard","meta":{"_monsterinsights_skip_tracking":false,"_monsterinsights_sitenote_active":false,"_monsterinsights_sitenote_note":"","_monsterinsights_sitenote_category":0,"footnotes":""},"categories":[1,49],"tags":[],"class_list":["post-98848","post","type-post","status-publish","format-standard","has-post-thumbnail","hentry","category-senza-categoria","category-news-18","category-1","category-49","description-off"],"img_url":"https:\/\/www.radiopiu.net\/wordpress\/wp-content\/uploads\/2019\/09\/36.jpg","_links":{"self":[{"href":"https:\/\/www.radiopiu.net\/wordpress\/wp-json\/wp\/v2\/posts\/98848","targetHints":{"allow":["GET"]}}],"collection":[{"href":"https:\/\/www.radiopiu.net\/wordpress\/wp-json\/wp\/v2\/posts"}],"about":[{"href":"https:\/\/www.radiopiu.net\/wordpress\/wp-json\/wp\/v2\/types\/post"}],"author":[{"embeddable":true,"href":"https:\/\/www.radiopiu.net\/wordpress\/wp-json\/wp\/v2\/users\/1"}],"replies":[{"embeddable":true,"href":"https:\/\/www.radiopiu.net\/wordpress\/wp-json\/wp\/v2\/comments?post=98848"}],"version-history":[{"count":0,"href":"https:\/\/www.radiopiu.net\/wordpress\/wp-json\/wp\/v2\/posts\/98848\/revisions"}],"wp:featuredmedia":[{"embeddable":true,"href":"https:\/\/www.radiopiu.net\/wordpress\/wp-json\/wp\/v2\/media\/98843"}],"wp:attachment":[{"href":"https:\/\/www.radiopiu.net\/wordpress\/wp-json\/wp\/v2\/media?parent=98848"}],"wp:term":[{"taxonomy":"category","embeddable":true,"href":"https:\/\/www.radiopiu.net\/wordpress\/wp-json\/wp\/v2\/categories?post=98848"},{"taxonomy":"post_tag","embeddable":true,"href":"https:\/\/www.radiopiu.net\/wordpress\/wp-json\/wp\/v2\/tags?post=98848"}],"curies":[{"name":"wp","href":"https:\/\/api.w.org\/{rel}","templated":true}]}}