{"id":98968,"date":"2019-09-17T10:16:07","date_gmt":"2019-09-17T08:16:07","guid":{"rendered":"http:\/\/www.radiopiu.net\/wordpress\/?p=98968"},"modified":"2019-09-17T14:21:26","modified_gmt":"2019-09-17T12:21:26","slug":"ritrovato","status":"publish","type":"post","link":"https:\/\/www.radiopiu.net\/wordpress\/ritrovato\/","title":{"rendered":"RITROVATO MAURO CASERA, SOPRA FELTRE IN UN BIVACCO TRANQUILLO E IN SALUTE"},"content":{"rendered":"<p><strong>FELTRE<\/strong> Mauro Casera 68 anni di Voltago Agordino amante delle passeggiate in montagna mancava da ieri sera. L&#8217;allarme \u00e8 stato dato attorno alla mezzanotte, all&#8217;una ritrovata la sua\u00a0 vettura in Val Canzoi di Cesiomaggiore.<br \/>\nLe ricerche sono proseguite ininterrottamente per tutta la notte e questa mattina anche con l&#8217;ausilio di elicottero e gruppi cinofili. All&#8217;opera uomini del Soccorso Alpino, Vigili del Fuoco, Carabinieri. L&#8217;ingegnere noto professore e gi\u00e0 sindaco di Rivamonte ma anche volto noto dell&#8217;allora emittente televisiva degli anni 80 &#8220;Teleriva 14&#8221; \u00e8 stato ritrovato sano salvo e sorpreso del clamore. Non era a conoscenza lo stessero cercando tra Sospirolo, Valle del Mis e Feltre. E&#8217; stato ritrovato in un bivacco proprio sopra Feltre Presente alle ricerche\u00a0 anche il Centro mobile di coordinamento del Soccorso alpino, posto nei pressi del Lago della Stua.<\/p>\n<p>&nbsp;<\/p>\n<h2>DAL SOCCORSO ALPINO<\/h2>\n<p><strong>FELTRE<\/strong> \u00c8 stato ritrovato, e sta bene, M.C., 68 anni, l&#8217;escursionista di Voltago Agordino (BL), per il cui mancato rientro dalla Val Canzoi ieri in tarda serata era scattato l&#8217;allarme. Dopo l&#8217;allertamento attorno a mezzanotte, rinvenuta la sua auto ancora parcheggiata, il Soccorso alpino di Feltre aveva perlustrato nella notte strade e sentieri senza rinvenirne traccia. Posto il campo base con il Centro mobile di coordinamento al Lago della Stua, questa mattina alle 8 l&#8217;elicottero del Suem di Pieve di Cadore aveva trasportato in quota le squadre &#8211; che avevano iniziato a battere i percorsi a partire dall&#8217;alto &#8211; e aveva effettuato due lunghi sorvoli. Fortunatamente verso le 10 un amico era riuscito a contattarlo al telefono &#8211; tutta l&#8217;area \u00e8 senza copertura &#8211; e lui gli aveva detto di essere al Bivacco Feltre, dove i soccorritori erano passati una volta a piedi e due con l&#8217;elicottero, interrogando anche dei turisti presenti e visionando il diario delle presenze senza trovarlo. Poich\u00e9 la nebbia impediva l&#8217;avvicinamento dell&#8217;elicottero, una squadra si \u00e8 portata a piedi al bivacco, lo ha ritrovato poco pi\u00f9 sotto e sta rientrando assieme a lui. Dalle prime informazioni, l&#8217;escursionista ha detto ai soccorritori di aver cambiato destinazione del proprio giro senza avvertire. Alla ricerca hanno preso parte 13 volontari del Soccorso alpino di Feltre, 6 soccorritori del Sagf di Cortina, due unit\u00e0 cinofile molecolari, i Vigili del fuoco con il proprio elicottero.<\/p>\n","protected":false},"excerpt":{"rendered":"<p>FELTRE Mauro Casera 68 anni di Voltago Agordino amante delle passeggiate in montagna mancava da ieri sera. L&#8217;allarme \u00e8 stato dato attorno alla mezzanotte, all&#8217;una ritrovata la sua\u00a0 vettura in Val Canzoi di Cesiomaggiore. Le ricerche sono proseguite ininterrottamente per tutta la notte e questa mattina anche con l&#8217;ausilio di elicottero e gruppi cinofili. All&#8217;opera&hellip;<\/p>\n","protected":false},"author":1,"featured_media":86182,"comment_status":"closed","ping_status":"closed","sticky":false,"template":"","format":"standard","meta":{"_monsterinsights_skip_tracking":false,"_monsterinsights_sitenote_active":false,"_monsterinsights_sitenote_note":"","_monsterinsights_sitenote_category":0,"footnotes":""},"categories":[51,49],"tags":[],"class_list":["post-98968","post","type-post","status-publish","format-standard","has-post-thumbnail","hentry","category-evidenza-top","category-news-18","category-51","category-49","description-off"],"img_url":"https:\/\/www.radiopiu.net\/wordpress\/wp-content\/uploads\/2019\/05\/ELI-SUEM-SOCC-4.jpg","_links":{"self":[{"href":"https:\/\/www.radiopiu.net\/wordpress\/wp-json\/wp\/v2\/posts\/98968","targetHints":{"allow":["GET"]}}],"collection":[{"href":"https:\/\/www.radiopiu.net\/wordpress\/wp-json\/wp\/v2\/posts"}],"about":[{"href":"https:\/\/www.radiopiu.net\/wordpress\/wp-json\/wp\/v2\/types\/post"}],"author":[{"embeddable":true,"href":"https:\/\/www.radiopiu.net\/wordpress\/wp-json\/wp\/v2\/users\/1"}],"replies":[{"embeddable":true,"href":"https:\/\/www.radiopiu.net\/wordpress\/wp-json\/wp\/v2\/comments?post=98968"}],"version-history":[{"count":0,"href":"https:\/\/www.radiopiu.net\/wordpress\/wp-json\/wp\/v2\/posts\/98968\/revisions"}],"wp:featuredmedia":[{"embeddable":true,"href":"https:\/\/www.radiopiu.net\/wordpress\/wp-json\/wp\/v2\/media\/86182"}],"wp:attachment":[{"href":"https:\/\/www.radiopiu.net\/wordpress\/wp-json\/wp\/v2\/media?parent=98968"}],"wp:term":[{"taxonomy":"category","embeddable":true,"href":"https:\/\/www.radiopiu.net\/wordpress\/wp-json\/wp\/v2\/categories?post=98968"},{"taxonomy":"post_tag","embeddable":true,"href":"https:\/\/www.radiopiu.net\/wordpress\/wp-json\/wp\/v2\/tags?post=98968"}],"curies":[{"name":"wp","href":"https:\/\/api.w.org\/{rel}","templated":true}]}}