{"id":98987,"date":"2019-09-17T14:00:41","date_gmt":"2019-09-17T12:00:41","guid":{"rendered":"http:\/\/www.radiopiu.net\/wordpress\/?p=98987"},"modified":"2019-09-17T14:00:41","modified_gmt":"2019-09-17T12:00:41","slug":"il-lupo-nel-bellunese-attenzione-da-parte-delle-istituzioni-interessate","status":"publish","type":"post","link":"https:\/\/www.radiopiu.net\/wordpress\/il-lupo-nel-bellunese-attenzione-da-parte-delle-istituzioni-interessate\/","title":{"rendered":"IL LUPO NEL BELLUNESE: ATTENZIONE DA PARTE DELLE ISTITUZIONI INTERESSATE"},"content":{"rendered":"<blockquote><p><em><strong>Si \u00e8 riunito in Prefettura il tavolo tecnico per il monitoraggio del fenomeno. <\/strong><\/em><\/p><\/blockquote>\n<p><strong><a class=\"dt-pswp-item\" href=\"http:\/\/www.radiopiu.net\/wordpress\/wp-content\/uploads\/2015\/12\/20151218_lupo.jpg\" data-dt-img-description=\"\" data-large_image_width=\"880\" data-large_image_height=\"304\"><img loading=\"lazy\" decoding=\"async\" class=\"size-medium wp-image-14049 alignleft\" src=\"http:\/\/www.radiopiu.net\/wordpress\/wp-content\/uploads\/2015\/12\/20151218_lupo-300x104.jpg\" alt=\"\" width=\"300\" height=\"104\" \/><\/a>BELLUNO\u00a0<\/strong> Il ritorno del lupo nelle montagne bellunesi non rappresenta un pericolo per la pubblica incolumit\u00e0 ma \u00e8 un fenomeno che occorre continuare a monitorare con attenzione per i danni che esso provoca alle attivit\u00e0 zootecniche, fondamentali per la tutela dell\u2019ambiente montano, e per la preoccupazione che essa ingenera in alcune comunit\u00e0 locali. E\u2019 questo l\u2019esito del tavolo tecnico tenutosi oggi in Prefettura, alla presenza della Provincia di Belluno, dei Carabinieri Forestali e dei rappresentanti dei Comuni di Alano di Piave, Alleghe, Alpago, Arsi\u00e8, Belluno, Borgo Valbelluna, Cesiomaggiore Chies d\u2019Alpago, Colle S. Lucia, Cortina d\u2019Ampezzo, Falcade, Feltre, Fonzaso, Lamon, Limana, Livinallongo del Col di Lana, Ponte nelle Alpi, Quero Vas, Rocca Pietore, Selva di Cadore, Seren del Grappa, Sovramonte, Tambre. Durante l\u2019incontro la Polizia Provinciale ed i Carabinieri Forestali hanno fornito un aggiornamento della situazione che fa registrare un aumento della presenza di lupi nel territorio provinciale. A fronte di ci\u00f2, \u00e8 stato confermato che il ritorno del predatore non costituisce un pericolo per la pubblica incolumit\u00e0, sebbene alcuni degli amministratori presenti abbiano sottolineato la preoccupazione delle rispettive comunit\u00e0, specie quelle residenti nelle zone pi\u00f9 isolate. Difatti, dal secondo dopoguerra ad oggi, non si registrano casi documentati di aggressione o uccisione di persone da parte del lupo. Sotto la lente d\u2019ingrandimento anche il fenomeno della c.d. ibridazione (dovuta all\u2019incrocio tra il lupo ed il cane). Sebbene gli studi scientifici sull\u2019argomento siano tuttora in corso, il rappresentante dei Carabinieri Forestali ha evidenziato che non vi sono, ad oggi, elementi per affermare che l\u2019animale \u201cibrido\u201d possa avere, nel proprio patrimonio genetico, caratteristiche tali da renderlo pi\u00f9 pericoloso per l\u2019uomo. Al contrario, tale incrocio potrebbe incidere negativamente sulla preservazione del lupo. I rappresentanti della Provincia e delle amministrazioni comunali hanno poi illustrato le molteplici iniziative di comunicazione che si sono svolte sul tema, molte delle quali dedicate agli allevatori, categoria maggiormente danneggiata dal ritorno del predatore. Al riguardo, \u00e8 emerso che le iniziative assunte grazie ai contributi regionali, tra le quali l\u2019installazione di recinti elettrici ed acquisto di cani da guardiania, si sono dimostrate efficaci. Infatti, a fronte del maggior numero di lupi, nei primi due quadrimestri dell\u2019anno si \u00e8 registrato un calo delle predazioni segnalate di circa il 50% (63 capi predati nel periodo gennaio \u2013 agosto 2019 a fronte dei 114 dell\u2019analogo periodo del 2018 e dei 96 del 2017). Ciononostante, tutte le istituzioni presenti hanno ribadito l\u2019esigenza e l\u2019impegno a proseguire e rafforzare le iniziative di prevenzione a tutela del settore zootecnico e di corretta informazione alla popolazione con un approccio finalizzato ad assicurare un supporto informativo diretto al singolo interessato, in stretto raccordo con la Regione del Veneto e le associazioni di categoria.<\/p>\n","protected":false},"excerpt":{"rendered":"<p>Si \u00e8 riunito in Prefettura il tavolo tecnico per il monitoraggio del fenomeno. BELLUNO\u00a0 Il ritorno del lupo nelle montagne bellunesi non rappresenta un pericolo per la pubblica incolumit\u00e0 ma \u00e8 un fenomeno che occorre continuare a monitorare con attenzione per i danni che esso provoca alle attivit\u00e0 zootecniche, fondamentali per la tutela dell\u2019ambiente montano,&hellip;<\/p>\n","protected":false},"author":1,"featured_media":0,"comment_status":"closed","ping_status":"closed","sticky":false,"template":"","format":"standard","meta":{"_monsterinsights_skip_tracking":false,"_monsterinsights_sitenote_active":false,"_monsterinsights_sitenote_note":"","_monsterinsights_sitenote_category":0,"footnotes":""},"categories":[1,49],"tags":[],"class_list":["post-98987","post","type-post","status-publish","format-standard","hentry","category-senza-categoria","category-news-18","category-1","category-49","description-off"],"img_url":false,"_links":{"self":[{"href":"https:\/\/www.radiopiu.net\/wordpress\/wp-json\/wp\/v2\/posts\/98987","targetHints":{"allow":["GET"]}}],"collection":[{"href":"https:\/\/www.radiopiu.net\/wordpress\/wp-json\/wp\/v2\/posts"}],"about":[{"href":"https:\/\/www.radiopiu.net\/wordpress\/wp-json\/wp\/v2\/types\/post"}],"author":[{"embeddable":true,"href":"https:\/\/www.radiopiu.net\/wordpress\/wp-json\/wp\/v2\/users\/1"}],"replies":[{"embeddable":true,"href":"https:\/\/www.radiopiu.net\/wordpress\/wp-json\/wp\/v2\/comments?post=98987"}],"version-history":[{"count":0,"href":"https:\/\/www.radiopiu.net\/wordpress\/wp-json\/wp\/v2\/posts\/98987\/revisions"}],"wp:attachment":[{"href":"https:\/\/www.radiopiu.net\/wordpress\/wp-json\/wp\/v2\/media?parent=98987"}],"wp:term":[{"taxonomy":"category","embeddable":true,"href":"https:\/\/www.radiopiu.net\/wordpress\/wp-json\/wp\/v2\/categories?post=98987"},{"taxonomy":"post_tag","embeddable":true,"href":"https:\/\/www.radiopiu.net\/wordpress\/wp-json\/wp\/v2\/tags?post=98987"}],"curies":[{"name":"wp","href":"https:\/\/api.w.org\/{rel}","templated":true}]}}