{"id":98993,"date":"2019-09-18T05:34:28","date_gmt":"2019-09-18T03:34:28","guid":{"rendered":"http:\/\/www.radiopiu.net\/wordpress\/?p=98993"},"modified":"2019-09-18T10:25:11","modified_gmt":"2019-09-18T08:25:11","slug":"giornale-radiopiu-18-settembre-2019-direttore-mirko-mezzacasa","status":"publish","type":"post","link":"https:\/\/www.radiopiu.net\/wordpress\/giornale-radiopiu-18-settembre-2019-direttore-mirko-mezzacasa\/","title":{"rendered":"GIORNALE RADIOPIU 18 SETTEMBRE 2019 DIRETTORE MIRKO MEZZACASA"},"content":{"rendered":"<h3>LA NOTIZIA DEL GIORNO<\/h3>\n<p><strong>AGORDO<\/strong> Leonardo Del Vecchio di nuovo in prima pagina, a caratteri cubitali: &#8220;SALE IN MEDIOBANCA&#8221; titola infatti il Corriere delle Alpi. Il Cavaliere ha messo sul piatto 580 mliioni ed \u00e8 ormai il terzo azionista con il 6.94% dell&#8217;istituto di credito. Il giornale pubblica la notizia resa nota ieri\u00a0 in tarda serata e per Delfin \u00e8 una grande opportunit\u00e0 per la qualit\u00e0, storia e potenzialit\u00e0 di Mediobanca. Lo ha spiegato lo stesso Leonardo Del Vecchio aggiungendo &#8220;Daremo il nostro sostegno per accelerare la creazione di valore a vantaggio di tutti gli stakeholder&#8221;.<\/p>\n<p>&nbsp;<\/p>\n<p>&nbsp;<\/p>\n<p>&nbsp;<\/p>\n<h3>RITROVATO MAURO CASERA, SOPRA FELTRE IN UN BIVACCO TRANQUILLO E IN SALUTE<\/h3>\n<p><strong>FELTRE<\/strong> Mauro Casera 68 anni di Voltago Agordino amante delle passeggiate in montagna mancava da lunedi sera. L&#8217;allarme \u00e8 stato dato attorno alla mezzanotte, all&#8217;una ritrovata la sua\u00a0 vettura in Val Canzoi di Cesiomaggiore.<br \/>\nLe ricerche sono proseguite ininterrottamente per tutta la notte e ieri mattina anche con l&#8217;ausilio di elicottero e gruppi cinofili. All&#8217;opera uomini del Soccorso Alpino, Vigili del Fuoco, Carabinieri. L&#8217;ingegnere noto professore e gi\u00e0 sindaco di Rivamonte ma anche volto noto dell&#8217;allora emittente televisiva degli anni 80 &#8220;Teleriva 14&#8221; \u00e8 stato ritrovato sano salvo e sorpreso del clamore. Non era a conoscenza lo stessero cercando tra Sospirolo, Valle del Mis e Feltre. E&#8217; stato ritrovato in un bivacco proprio sopra Feltre Presente alle ricerche\u00a0 anche il Centro mobile di coordinamento del Soccorso alpino, posto nei pressi del Lago della Stua.<\/p>\n<h3>DAL SOCCORSO ALPINO<\/h3>\n<p><strong>FELTRE<\/strong> \u00c8 stato ritrovato l&#8217;escursionista di Voltago per il cui mancato rientro dalla Val Canzoi lunedi in tarda serata era scattato l&#8217;allarme. Dopo l&#8217;allertamento attorno a mezzanotte, rinvenuta la sua auto ancora parcheggiata, il Soccorso alpino di Feltre aveva perlustrato nella notte strade e sentieri senza rinvenirne traccia. Posto il campo base con il Centro mobile di coordinamento al Lago della Stua, ieri\u00a0 mattina alle 8 l&#8217;elicottero del Suem di Pieve di Cadore aveva trasportato in quota le squadre &#8211; che avevano iniziato a battere i percorsi a partire dall&#8217;alto &#8211; e aveva effettuato due lunghi sorvoli. Fortunatamente verso le 10 un amico era riuscito a contattarlo al telefono &#8211; tutta l&#8217;area \u00e8 senza copertura &#8211; e lui gli aveva detto di essere al Bivacco Feltre, dove i soccorritori erano passati una volta a piedi e due con l&#8217;elicottero, interrogando anche dei turisti presenti e visionando il diario delle presenze senza trovarlo. Poich\u00e9 la nebbia impediva l&#8217;avvicinamento dell&#8217;elicottero, una squadra si \u00e8 portata a piedi al bivacco, lo ha ritrovato poco pi\u00f9 sotto e \u00e8 poi rientrata assieme a lui. Dalle prime informazioni, l&#8217;escursionista ha detto ai soccorritori di aver cambiato destinazione del proprio giro senza avvertire. Alla ricerca hanno preso parte 13 volontari del Soccorso alpino di Feltre, 6 soccorritori del Sagf di Cortina, due unit\u00e0 cinofile molecolari, i Vigili del fuoco con il proprio elicottero.<\/p>\n<p>&nbsp;<\/p>\n<p>&nbsp;<\/p>\n<p>&nbsp;<\/p>\n<h3>ALPINISTA SI INFORTUNA IN MARMOLADA<\/h3>\n<div><strong>ROCCA PIETORE<\/strong>\u00a0 Lunedi sera \u00a0alle 22 il Soccorso alpino della Val Pettorina \u00e8 stato allertato per un infortunio in Marmolada. Durante la scalata della Via don Quixote, un alpinista triestino era volato a seguito dell&#8217;uscita di un chiodo dalla roccia e aveva sbattuto sulla parete. Pur avendo riportato un probabile trauma alla caviglia, A.M., 52 anni, di San Dorligo della Valle, era riuscito con il compagno a raggiungere il tunnel di uscita degli impianti. Ieri mattina alle 7, grazie alla disponibilit\u00e0 delle Funivie Tofana e Marmolada che hanno appositamente messo in funzione l&#8217;impianto, una squadra \u00e8 salita e ha prestato le prime cure all&#8217;infortunato, per poi accompagnarlo a Malga Ciapela, da dove si \u00e8 allontanato autonomamente.<\/div>\n<p>&nbsp;<\/p>\n<p>&nbsp;<\/p>\n<p>&nbsp;<\/p>\n<p>&nbsp;<\/p>\n<h3>PALIO: RISARCIMENTO E PUBBLICHE SCUSE, SI CHIUDE IN TRIBUNALE UNA VICENDA DEL 2015<\/h3>\n<p><strong><a class=\"dt-pswp-item\" href=\"http:\/\/www.radiopiu.net\/wordpress\/wp-content\/uploads\/2019\/09\/Tamburrino-e-Fent.jpg\" data-dt-img-description=\"\" data-large_image_width=\"4608\" data-large_image_height=\"3456\"><img loading=\"lazy\" decoding=\"async\" class=\"size-medium wp-image-98998 alignleft\" src=\"http:\/\/www.radiopiu.net\/wordpress\/wp-content\/uploads\/2019\/09\/Tamburrino-e-Fent-300x225.jpg\" alt=\"\" width=\"300\" height=\"225\" srcset=\"https:\/\/www.radiopiu.net\/wordpress\/wp-content\/uploads\/2019\/09\/Tamburrino-e-Fent-300x225.jpg 300w, https:\/\/www.radiopiu.net\/wordpress\/wp-content\/uploads\/2019\/09\/Tamburrino-e-Fent-768x576.jpg 768w, https:\/\/www.radiopiu.net\/wordpress\/wp-content\/uploads\/2019\/09\/Tamburrino-e-Fent-1024x768.jpg 1024w\" sizes=\"auto, (max-width: 300px) 100vw, 300px\" \/><\/a>FELTRE\u00a0<\/strong> Giunge a conclusione una vicenda che si trascinava dal 2015, quando un padovano tra il maggio e l\u2019ottobre, in diverse localit\u00e0 del Bellunese e del Trevigiano, proponeva ai titolari di esercizi commerciali l\u2019inserimento di un riquadro pubblicitario della loro attivit\u00e0 nel volantino ufficiale della manifestazione, esibendone una stampa autoprodotta, riportante i loghi ed il marchio ufficiale dell\u2019evento e gli stemmi ufficiali dei Quartieri, nonch\u00e9, in alcuni casi, presentandosi come incaricato dell\u2019Associazione ai potenziali inserzionisti. Conclusesi le indagini scattate dopo la denuncia dell\u2019allora presidente Stefano Antonetti e del vicepresidente Alfonso Sampieri, l\u2019imputato \u00e8 stato rinviato a giudizio per truffa ai danni dell\u2019Associazione e alla prima udienza il Palio si \u00e8 costituito parte civile. Nell\u2019udienza del 17 settembre, l\u2019Associazione ha accettato, ritenendola soddisfacente, l\u2019offerta pervenuta dal legale dell\u2019imputato delle scuse pubbliche da formularsi davanti al Giudice e in presenza del Presidente dell\u2019Associazione, a cui si somma la rifusione dei danni morali ed economici patiti. La conseguente decisione, assunta anche in considerazione della ristrettezza economica dell\u2019imputato, di rimettere la querela \u00e8 stata condivisa tra il Direttivo e i soci dell\u2019Associazione, i quali hanno ritenuto le scuse pubbliche elemento fondamentale per ripristinare il buon nome del Palio.<\/p>\n<blockquote><p><em>\u201cPer l\u2019Associazione Palio Citt\u00e0 di Feltre, ha dichiarato il presidente Eugenio Tamburrino, era importante, al di l\u00e0 delle singole vicende umane nelle quali non \u00e8 giusto entrare, tutelare il nome e la credibilit\u00e0 dell\u2019Associazione e della manifestazione, patrimonio comune di tutta la citt\u00e0 e dell\u2019intero territorio. In questo senso, ci sentiamo totalmente soddisfatti del pieno riconoscimento dell\u2019errore da parte dell\u2019imputato, che ha messo anche a verbale le sue scuse e ha rifuso il danno patito dall\u2019Associazione; possiamo quindi affermare a buon diritto che il Palio tutela fino in fondo i propri diritti, e spero che questo possa anche fungere da deterrente in futuro. Colgo l\u2019occasione per ringraziare lo Studio Legale Fent, in particolar modo il titolare Davide Fent, per aver sostenuto con grandissima generosit\u00e0 e disponibilit\u00e0 l\u2019Associazione\u201d. Da parte sua l\u2019avvocato Fent ha aggiunto: \u201cSono stato lieto di aiutare l\u2019Associazione Palio Citt\u00e0 di Feltre in questa questione, che si sarebbe potuta rivelare gravosa e che invece ha avuto un risvolto positivo per il Palio e per la collettivit\u00e0\u201d.<\/em><\/p><\/blockquote>\n<p>&nbsp;<\/p>\n<p>&nbsp;<\/p>\n<p>&nbsp;<\/p>\n<p>&nbsp;<\/p>\n<h3>VIOLENZA SESSUALE IN HOTEL SULLA STAGISTA<\/h3>\n<blockquote><p><strong>oggi sul Corriere delle Alpi di Gigi Sosso<\/strong><\/p>\n<p><strong>AGORDO.<\/strong> Violenza sessuale su una 16enne, una studentessa che nel maggio dello scorso anno stava facendo un stage di alternanza scuola lavoro in un albergo di Agordo. L&#8217;accusa riguarda un 38enne, che risulta essere il compagno di una delle titolari della struttura ricettiva ed \u00e8 difeso dall&#8217;avvocato Giorgio Gasperin. Alla fine delle indagini preliminari il pubblico ministero Marcon ha chiesto l&#8217;archiviazione, i legali della giovane donna Fent e Fantauzzi hanno presentato opposizione &#8230;&#8230;<\/p>\n<p>&nbsp;<\/p><\/blockquote>\n<p>&nbsp;<\/p>\n<p>&nbsp;<\/p>\n<h2>LA FOTO DEL GIORNO<\/h2>\n<div class=\"clearfix fbPhotoSnowliftAuthorInfo _xlu\">\n<div class=\"clearfix _8u _42ef\">\n<div class=\"_6a\">\n<div class=\"_6a _6b\">\n<div id=\"fbPhotoSnowliftAuthorName\" class=\"fbPhotoContributorName\"><a id=\"js_14o\" class=\"_hli\" href=\"https:\/\/www.facebook.com\/sedesmonteghea\/?__xts__%5B0%5D=68.ARCIllzBqQ4USC3EFBcgZqoBpUug9rJal5IuKAh5lg5XCqZgUexwbQI2aX9vT_TywfO960JTsvz1rqNWA_OKudEUlL8ujIOi8U1a-UbvRPKXyUuIK2dlzwTQpcdllLJeoHVVP7m9w42lh-ijzWH67_07h321_8SQZMrQ05TqK43RFmntG6QR2FmNuEAIXwHTFRqyAp2XsSzIQde1VoDz_qJHBKe-0qAsmbHzjkT-9bZnFhrubKkZH_oubpyzbIkTBn6XUdS-HXyDJAAuUNveCLJO1iobH4PnS0KPE8pjTr8kCj4_CsNJ7ntniqvf8rW10hZvvQOj7f7VrCQKN7Dxgg&amp;__tn__=k%2AF&amp;tn-str=k%2AF\" data-ft=\"{&quot;tn&quot;:&quot;k&quot;}\" data-hovercard=\"\/ajax\/hovercard\/page.php?id=1466061326984654&amp;extragetparams=%7B%22tn-str%22%3A%22k%2AF%22%7D\" data-hovercard-prefer-more-content-show=\"1\" aria-describedby=\"u_4e_1\" aria-owns=\"js_14n\">Se Desmonteghea &#8211; Val del Biois<\/a> Mancano solo 10 giorni! <span id=\"fbPhotoSnowliftCaption\" class=\"fbPhotosPhotoCaption\" tabindex=\"0\" aria-live=\"polite\" data-ft=\"{&quot;tn&quot;:&quot;K&quot;}\"><span class=\"hasCaption\">Dalla prossima<\/span><\/span><\/div>\n<div class=\"fbPhotoContributorName\"><span id=\"fbPhotoSnowliftCaption\" class=\"fbPhotosPhotoCaption\" tabindex=\"0\" aria-live=\"polite\" data-ft=\"{&quot;tn&quot;:&quot;K&quot;}\"><span class=\"hasCaption\"> settimana potrete ascoltare l&#8217;intervista di Radio pi\u00f9 in cui vi racconteremo <\/span><\/span><\/div>\n<div class=\"fbPhotoContributorName\"><span id=\"fbPhotoSnowliftCaption\" class=\"fbPhotosPhotoCaption\" tabindex=\"0\" aria-live=\"polite\" data-ft=\"{&quot;tn&quot;:&quot;K&quot;}\"><span class=\"hasCaption\">tutte le curiosit\u00e0 sulla festa<\/span><\/span><span id=\"fbPhotoSnowliftTagList\" class=\"fbPhotoTagList\"><span class=\"fcg\">\u00a0<\/span><\/span><\/div>\n<div><a class=\"dt-pswp-item\" href=\"http:\/\/www.radiopiu.net\/wordpress\/wp-content\/uploads\/2019\/09\/71095163_2434505120140265_5286926740751384576_o.jpg\" data-dt-img-description=\"\" data-large_image_width=\"1024\" data-large_image_height=\"768\"><img loading=\"lazy\" decoding=\"async\" class=\"alignnone wp-image-99045\" src=\"http:\/\/www.radiopiu.net\/wordpress\/wp-content\/uploads\/2019\/09\/71095163_2434505120140265_5286926740751384576_o-300x225.jpg\" alt=\"\" width=\"451\" height=\"338\" srcset=\"https:\/\/www.radiopiu.net\/wordpress\/wp-content\/uploads\/2019\/09\/71095163_2434505120140265_5286926740751384576_o-300x225.jpg 300w, https:\/\/www.radiopiu.net\/wordpress\/wp-content\/uploads\/2019\/09\/71095163_2434505120140265_5286926740751384576_o-768x576.jpg 768w, https:\/\/www.radiopiu.net\/wordpress\/wp-content\/uploads\/2019\/09\/71095163_2434505120140265_5286926740751384576_o.jpg 1024w\" sizes=\"auto, (max-width: 451px) 100vw, 451px\" \/><\/a><\/div>\n<\/div>\n<\/div>\n<\/div>\n<\/div>\n<p>&nbsp;<\/p>\n<p>&nbsp;<\/p>\n<p>&nbsp;<\/p>\n<p>&nbsp;<\/p>\n<h3>IL LUPO NEL BELLUNESE: ATTENZIONE DA PARTE DELLE ISTITUZIONI INTERESSATE<\/h3>\n<blockquote><p><em><strong>Si \u00e8 riunito in Prefettura il tavolo tecnico per il monitoraggio del fenomeno. <\/strong><\/em><\/p><\/blockquote>\n<p><strong><a class=\"dt-pswp-item\" href=\"http:\/\/www.radiopiu.net\/wordpress\/wp-content\/uploads\/2015\/12\/20151218_lupo.jpg\" data-dt-img-description=\"\" data-large_image_width=\"880\" data-large_image_height=\"304\"><img loading=\"lazy\" decoding=\"async\" class=\"size-medium wp-image-14049 alignleft\" src=\"http:\/\/www.radiopiu.net\/wordpress\/wp-content\/uploads\/2015\/12\/20151218_lupo-300x104.jpg\" alt=\"\" width=\"300\" height=\"104\" \/><\/a>BELLUNO\u00a0<\/strong> Il ritorno del lupo nelle montagne bellunesi non rappresenta un pericolo per la pubblica incolumit\u00e0 ma \u00e8 un fenomeno che occorre continuare a monitorare con attenzione per i danni che esso provoca alle attivit\u00e0 zootecniche, fondamentali per la tutela dell\u2019ambiente montano, e per la preoccupazione che essa ingenera in alcune comunit\u00e0 locali. E\u2019 questo l\u2019esito del tavolo tecnico tenutosi oggi in Prefettura, alla presenza della Provincia di Belluno, dei Carabinieri Forestali e dei rappresentanti dei Comuni di Alano di Piave, Alleghe, Alpago, Arsi\u00e8, Belluno, Borgo Valbelluna, Cesiomaggiore Chies d\u2019Alpago, Colle S. Lucia, Cortina d\u2019Ampezzo, Falcade, Feltre, Fonzaso, Lamon, Limana, Livinallongo del Col di Lana, Ponte nelle Alpi, Quero Vas, Rocca Pietore, Selva di Cadore, Seren del Grappa, Sovramonte, Tambre. Durante l\u2019incontro la Polizia Provinciale ed i Carabinieri Forestali hanno fornito un aggiornamento della situazione che fa registrare un aumento della presenza di lupi nel territorio provinciale. A fronte di ci\u00f2, \u00e8 stato confermato che il ritorno del predatore non costituisce un pericolo per la pubblica incolumit\u00e0, sebbene alcuni degli amministratori presenti abbiano sottolineato la preoccupazione delle rispettive comunit\u00e0, specie quelle residenti nelle zone pi\u00f9 isolate. Difatti, dal secondo dopoguerra ad oggi, non si registrano casi documentati di aggressione o uccisione di persone da parte del lupo. Sotto la lente d\u2019ingrandimento anche il fenomeno della c.d. ibridazione (dovuta all\u2019incrocio tra il lupo ed il cane). Sebbene gli studi scientifici sull\u2019argomento siano tuttora in corso, il rappresentante dei Carabinieri Forestali ha evidenziato che non vi sono, ad oggi, elementi per affermare che l\u2019animale \u201cibrido\u201d possa avere, nel proprio patrimonio genetico, caratteristiche tali da renderlo pi\u00f9 pericoloso per l\u2019uomo. Al contrario, tale incrocio potrebbe incidere negativamente sulla preservazione del lupo. I rappresentanti della Provincia e delle amministrazioni comunali hanno poi illustrato le molteplici iniziative di comunicazione che si sono svolte sul tema, molte delle quali dedicate agli allevatori, categoria maggiormente danneggiata dal ritorno del predatore. Al riguardo, \u00e8 emerso che le iniziative assunte grazie ai contributi regionali, tra le quali l\u2019installazione di recinti elettrici ed acquisto di cani da guardiania, si sono dimostrate efficaci. Infatti, a fronte del maggior numero di lupi, nei primi due quadrimestri dell\u2019anno si \u00e8 registrato un calo delle predazioni segnalate di circa il 50% (63 capi predati nel periodo gennaio \u2013 agosto 2019 a fronte dei 114 dell\u2019analogo periodo del 2018 e dei 96 del 2017). Ciononostante, tutte le istituzioni presenti hanno ribadito l\u2019esigenza e l\u2019impegno a proseguire e rafforzare le iniziative di prevenzione a tutela del settore zootecnico e di corretta informazione alla popolazione con un approccio finalizzato ad assicurare un supporto informativo diretto al singolo interessato, in stretto raccordo con la Regione del Veneto e le associazioni di categoria.<\/p>\n<p>&nbsp;<\/p>\n<p>&nbsp;<\/p>\n<p>&nbsp;<\/p>\n<p>&nbsp;<\/p>\n<p>&nbsp;<\/p>\n<h3>MEDIATECA DELLE DOLOMITI E SCUOLA GABELLI<\/h3>\n<blockquote><p><em>Firmati i contratti, entro fine ottobre via ai cantieri<\/em><\/p><\/blockquote>\n<p><strong><a class=\"dt-pswp-item\" href=\"http:\/\/www.radiopiu.net\/wordpress\/wp-content\/uploads\/2019\/05\/33328_scuola-elementare-aristide-gabelli.jpg\" data-dt-img-description=\"\" data-large_image_width=\"978\" data-large_image_height=\"800\"><img loading=\"lazy\" decoding=\"async\" class=\" wp-image-86415 alignleft\" src=\"http:\/\/www.radiopiu.net\/wordpress\/wp-content\/uploads\/2019\/05\/33328_scuola-elementare-aristide-gabelli-300x245.jpg\" alt=\"\" width=\"196\" height=\"160\" srcset=\"https:\/\/www.radiopiu.net\/wordpress\/wp-content\/uploads\/2019\/05\/33328_scuola-elementare-aristide-gabelli-300x245.jpg 300w, https:\/\/www.radiopiu.net\/wordpress\/wp-content\/uploads\/2019\/05\/33328_scuola-elementare-aristide-gabelli-768x628.jpg 768w, https:\/\/www.radiopiu.net\/wordpress\/wp-content\/uploads\/2019\/05\/33328_scuola-elementare-aristide-gabelli.jpg 978w\" sizes=\"auto, (max-width: 196px) 100vw, 196px\" \/><\/a>BELLUNO\u00a0<\/strong> Sono stati firmati i contratti per i lavori di rigenerazione urbana a Palazzo Crepadona e alla Scuola Gabelli: ad eseguire gli interventi, sar\u00e0 l&#8217;associazione temporanea delle aziende padovane Atheste Costruzioni e Ranzato. Gi\u00e0 nella giornata di ieri si \u00e8 tenuto il primo incontro operativo per Palazzo Crepadona, dove verr\u00e0 realizzata la Mediateca delle Dolomiti, mentre sar\u00e0 fissata nei prossimi giorni la riunione di cantiere per la Scuola Gabelli. <strong>LA MEDIATECA<\/strong> Il cronoprogramma prevede la demolizione del \u201cCubo di Botta\u201d, attualmente ospitato nel chiostro, e la realizzazione dei plinti per la copertura della corte interna; in questo frangente, ci sar\u00e0 una supervisione archeologica per verificare l&#8217;eventuale presenza di reperti. Ultimata questa fase, si provveder\u00e0 poi alla sistemazione degli ambienti interni e al rifacimento degli impianti tecnologici. Una volta operativa, nella nuova mediateca sar\u00e0 disponibile anche un moderno servizio di presa diretta dei libri, detto \u201ca scaffale aperto\u201d, che consentir\u00e0 cos\u00ec un accesso pi\u00f9 immediato e semplice per gli utenti; per garantire questa novit\u00e0, gli operatori della biblioteca procederanno a una ricatalogazione dei volumi e all&#8217;inserimento di un chip anti-taccheggio. <strong>LA SCUOLA GABELLI <\/strong>Si terr\u00e0 nei prossimi giorni la prima riunione di cantiere per la Scuola Gabelli: un intervento pi\u00f9 pesante dal punto di vista dei costi rispetto a Palazzo Crepadona, ma dai tempi inferiori, vista la maggior libert\u00e0 prevista dal cronoprogramma data dal tipo di lavori necessari e dall&#8217;assenza di interferenze con possibili visitatori e utenti. 6,6 milioni di euro il costo totale dell&#8217;intervento che \u00a0prevede il restauro e risanamento conservativo completo della struttura, chiusa dal 2007 per crolli interni e infiltrazioni; al piano terra, nell&#8217;ala lunga lato stazione, verr\u00e0 realizzata una scuola dell&#8217;infanzia, mentre il piano superiore ospiter\u00e0 le classi della scuola primaria.<\/p>\n<p><strong>IL SINDACO DI BELLUNO JACOPO MASSARO<\/strong><\/p>\n<audio class=\"wp-audio-shortcode\" id=\"audio-98993-1\" preload=\"none\" style=\"width: 100%;\" controls=\"controls\"><source type=\"audio\/mpeg\" src=\"http:\/\/www.radiopiu.net\/wordpress\/wp-content\/uploads\/2019\/09\/Massaro-Firma-lavori-Crepadona-e-Gabelli.mp3?_=1\" \/><a href=\"http:\/\/www.radiopiu.net\/wordpress\/wp-content\/uploads\/2019\/09\/Massaro-Firma-lavori-Crepadona-e-Gabelli.mp3\">http:\/\/www.radiopiu.net\/wordpress\/wp-content\/uploads\/2019\/09\/Massaro-Firma-lavori-Crepadona-e-Gabelli.mp3<\/a><\/audio>\n<p>&nbsp;<\/p>\n<p>&nbsp;<\/p>\n<p>&nbsp;<\/p>\n<p>&nbsp;<\/p>\n<p>&nbsp;<\/p>\n<h3>OCCHIALERIA E COMPETENZE, CORSI AL VIA IERI A REVIVISCAR<\/h3>\n<p><a class=\"dt-pswp-item\" href=\"http:\/\/www.radiopiu.net\/wordpress\/wp-content\/uploads\/2019\/09\/Assistente-Aziendale-1.jpg\" data-dt-img-description=\"\" data-large_image_width=\"4480\" data-large_image_height=\"2520\"><img loading=\"lazy\" decoding=\"async\" class=\"size-medium wp-image-98994 alignleft\" src=\"http:\/\/www.radiopiu.net\/wordpress\/wp-content\/uploads\/2019\/09\/Assistente-Aziendale-1-300x169.jpg\" alt=\"\" width=\"300\" height=\"169\" srcset=\"https:\/\/www.radiopiu.net\/wordpress\/wp-content\/uploads\/2019\/09\/Assistente-Aziendale-1-300x169.jpg 300w, https:\/\/www.radiopiu.net\/wordpress\/wp-content\/uploads\/2019\/09\/Assistente-Aziendale-1-768x432.jpg 768w, https:\/\/www.radiopiu.net\/wordpress\/wp-content\/uploads\/2019\/09\/Assistente-Aziendale-1-1024x576.jpg 1024w\" sizes=\"auto, (max-width: 300px) 100vw, 300px\" \/><\/a><strong>BELLUNO<\/strong>\u00a0 C\u2019\u00e8 chi arriva anche da fuori provincia tra gli iscritti ai due nuovi corsi per l\u2019occhialeria avviati in queste ore nella prestigiosa sede di Palazzo Doglioni-Dalmas a Belluno. Saranno oltre 100 invece i lavoratori che nelle prossime settimane saranno coinvolti in percorsi di aggiornamento in dieci occhialerie del territorio, dalla digitalizzazione dei processi al marketing. Le azioni formative sono portate avanti da Reviviscar, ente di formazione di Confindustria Belluno Dolomiti, nell\u2019ambito del Protocollo Regione-Anfao. Dei due percorsi avviati, il primo \u00e8 il corso di addetto all\u2019Ufficio Acquisti nell\u2019Occhialeria, il secondo, invece, riguarda la figura dell\u2019assistente aziendale 4.0: 9 gli studenti per ogni corso, che alterneranno 200 ore di teoria a 320 ore di stage nelle tante aziende del <a class=\"dt-pswp-item\" href=\"http:\/\/www.radiopiu.net\/wordpress\/wp-content\/uploads\/2019\/09\/Ufficio-Acquisti-1.jpg\" data-dt-img-description=\"\" data-large_image_width=\"4480\" data-large_image_height=\"2520\"><img loading=\"lazy\" decoding=\"async\" class=\"size-medium wp-image-98995 alignright\" src=\"http:\/\/www.radiopiu.net\/wordpress\/wp-content\/uploads\/2019\/09\/Ufficio-Acquisti-1-300x169.jpg\" alt=\"\" width=\"300\" height=\"169\" srcset=\"https:\/\/www.radiopiu.net\/wordpress\/wp-content\/uploads\/2019\/09\/Ufficio-Acquisti-1-300x169.jpg 300w, https:\/\/www.radiopiu.net\/wordpress\/wp-content\/uploads\/2019\/09\/Ufficio-Acquisti-1-768x432.jpg 768w, https:\/\/www.radiopiu.net\/wordpress\/wp-content\/uploads\/2019\/09\/Ufficio-Acquisti-1-1024x576.jpg 1024w\" sizes=\"auto, (max-width: 300px) 100vw, 300px\" \/><\/a>distretto pronte ad ospitarli.<\/p>\n<blockquote><p><em>\u00abLe aziende stanno dimostrando un interesse crescente nei confronti di questi percorsi e danno la loro disponibilit\u00e0 a ospitare i nostri corsisti, riservando loro tempo ed energia. I percorsi di Reviviscar sono sempre pi\u00f9 personalizzati e mirati all\u2019inserimento in azienda\u00bb, afferma la presidente di Confindustria Belluno Dolomiti Lorraine Berton&#8221;.<\/em><\/p><\/blockquote>\n<p>Particolare attenzione in entrambi i percorsi saranno rivolti all\u2019acquisizione di competenze digitali e linguistiche, inglese e francese tecnico in primis.\u00a0 Le selezioni sono avvenute il 4 e 5 settembre scorsi. Ma i numeri sono importanti anche sul fronte dell\u2019aggiornamento professionale. Da qui a ottobre si partir\u00e0 con le prime aziende dell\u2019occhiale, grandi e pmi, per un totale di oltre 100 lavoratori coinvolti. Si spazia dai corsi di lingua \u201ctecnici\u201d alla digitalizzazione dei processi organizzativi, project management.<\/p>\n<p>&nbsp;<\/p>\n<p>&nbsp;<\/p>\n<p>&nbsp;<\/p>\n<p>&nbsp;<\/p>\n<h3>CONI \u2013 GOVERNO, BERTON (TAVOLO NAZIONALE SPORT E GRANDI E \u201cRIPRISTINARE SERENITA\u2019, COLLABORAZIONE E FIDUCIA\u201d<\/h3>\n<p><strong>ROMA <\/strong>\u00a0\u201cTra Coni e Governo \u00e8 necessario stemperare le tensioni. Mi auguro che l\u2019incontro previsto a breve tra Malag\u00f2 e il nuovo ministro allo sport Spadafora sia chiarificatore. Occorre iniziare con il piede giusto. La partita olimpica \u00e8 troppo importante e non bisogna commettere passi falsi\u201d A dirlo \u00e8 la coordinatrice del Tavolo nazionale di Confindustria \u201cSport e Grandi <strong><a class=\"dt-pswp-item\" href=\"http:\/\/www.radiopiu.net\/wordpress\/wp-content\/uploads\/2018\/07\/CONI-3.jpg\" data-dt-img-description=\"\" data-large_image_width=\"2064\" data-large_image_height=\"1548\"><img loading=\"lazy\" decoding=\"async\" class=\" wp-image-55862 alignleft\" src=\"http:\/\/www.radiopiu.net\/wordpress\/wp-content\/uploads\/2018\/07\/CONI-3-300x225.jpg\" alt=\"\" width=\"215\" height=\"161\" srcset=\"https:\/\/www.radiopiu.net\/wordpress\/wp-content\/uploads\/2018\/07\/CONI-3-300x225.jpg 300w, https:\/\/www.radiopiu.net\/wordpress\/wp-content\/uploads\/2018\/07\/CONI-3-768x576.jpg 768w, https:\/\/www.radiopiu.net\/wordpress\/wp-content\/uploads\/2018\/07\/CONI-3-1024x768.jpg 1024w\" sizes=\"auto, (max-width: 215px) 100vw, 215px\" \/><\/a><\/strong>Eventi\u201d, Lorraine Berton, presidente di Confindustria Belluno Dolomiti.<\/p>\n<blockquote><p><em>\u201cRispetto la posizione delle parti e la loro autonomia, ma \u2013 da imprenditrice \u2013 vorrei che si iniziasse a entrare nel vivo della questione e si superasse l\u2019attuale impasse. C\u2019\u00e8 un futuro da programmare: dobbiamo cominciare a parlare di infrastrutture sostenibili, mobilit\u00e0, pianificazione turistica. Sette anni passano in fretta e dobbiamo fare un lavoro da consegnare alle generazioni future\u201d.<\/em><\/p><\/blockquote>\n<p>Ed \u00e8 ai nastri di partenza il Tavolo tecnico nazionale \u201cSport e Grandi Eventi\u201d coordinato proprio da Berton: \u201cAl Consiglio di Presidenza di Confindustria della scorsa settimana ho chiesto di convocare la prima riunione a Cortina d\u2019Ampezzo. Sar\u00e0 un tavolo composto da varie anime, imprenditori con varie competenze e rappresentativi dei territori\u201d.\u201cFaremo la nostra parte con azioni e proposte concrete\u201d, conclude Berton, \u201canche per questo abbiamo bisogno di interlocutori sereni e risoluti. Ogni contraccolpo alla macchina olimpica \u00e8 un contraccolpo all\u2019economia e al cuore produttivo di questo Paese\u201d.<\/p>\n<p>&nbsp;<\/p>\n<p>&nbsp;<\/p>\n<p>&nbsp;<\/p>\n<h3>&#8220;ASPETTANDO LA FESTA DEI POPOLI&#8221; E PER LA &#8220;FESTA DEI POPOLI.&#8221;<\/h3>\n<p><strong><a class=\"dt-pswp-item\" href=\"http:\/\/www.radiopiu.net\/wordpress\/wp-content\/uploads\/2019\/09\/3aef8e6e-3f7a-4fca-a9b9-c7393be7f530.jpg\" data-dt-img-description=\"\" data-large_image_width=\"1000\" data-large_image_height=\"1415\"><img loading=\"lazy\" decoding=\"async\" class=\"size-medium wp-image-98989 alignleft\" src=\"http:\/\/www.radiopiu.net\/wordpress\/wp-content\/uploads\/2019\/09\/3aef8e6e-3f7a-4fca-a9b9-c7393be7f530-212x300.jpg\" alt=\"\" width=\"212\" height=\"300\" srcset=\"https:\/\/www.radiopiu.net\/wordpress\/wp-content\/uploads\/2019\/09\/3aef8e6e-3f7a-4fca-a9b9-c7393be7f530-212x300.jpg 212w, https:\/\/www.radiopiu.net\/wordpress\/wp-content\/uploads\/2019\/09\/3aef8e6e-3f7a-4fca-a9b9-c7393be7f530-768x1087.jpg 768w, https:\/\/www.radiopiu.net\/wordpress\/wp-content\/uploads\/2019\/09\/3aef8e6e-3f7a-4fca-a9b9-c7393be7f530-724x1024.jpg 724w, https:\/\/www.radiopiu.net\/wordpress\/wp-content\/uploads\/2019\/09\/3aef8e6e-3f7a-4fca-a9b9-c7393be7f530.jpg 1000w\" sizes=\"auto, (max-width: 212px) 100vw, 212px\" \/><\/a>FELTRE<\/strong>\u00a0 Quest&#8217;anno la FESTA DEI POPOLI ha una marcia in pi\u00f9: oltre allo Spettacolo al Teatro Comunale di Belluno, \u00e8 infatti in programma un ricco e significativo percorso culturale intitolato &#8221; ASPETTANDO LA FESTA DEI POPOLI&#8221;, che si terr\u00e0 a Feltre presso il Centro Giovani. Si tratta, in sostanza, di un proseguo del percorso INCONTRIAMOCI iniziato in sinergia tra il Comune di Feltre, con l&#8217;assessorato alle politiche sociali, il Coordinamento Rete Immigrazione Provinciale e il Comune di Belluno, con l&#8217;assessorato alla cultura e l\u2019assessorato alle politiche sociali, per favorire l&#8217;incontro e la conoscenza fra i popoli. Il percorso prevede tre serate gratuite aperte a tutta la comunit\u00e0, organizzate dalle Associazioni CAMERUN, VENEZUELA E MACEDONIA; gli incontri vivranno su dei momenti di festa con canti e balli ed un rinfresco con piatti tipici e conferenze a tema. L&#8217;organizzazione del percorso \u00e8 curata dagli assessori Debora Nicoletto, Marco Perale e Lucia Pelelgrini. in collaborazione con il comitato direttivo del Coordinamento, Milena Maia (presidente), Daniele Marchioro, Therese Nkene Emmanuel Avebe, Adem Ademovski e Verdja Elmazi. Ad aprire\u2026 le danze sar\u00e0 l&#8217;associazione del Camerun il 21 settembre, alle ore 15.00, con una bella e ricca festa di presentazione della cultura e delle usanze camerunesi; sono previsti balli tradizionali e canti popolari camerunesi e Italiani; a conclusione saranno offerti alla comunit\u00e0 degli assaggi di piatti tipici. Durante la serata verr\u00e0 anche fatta una raccolta fondi per aiutare le vittime della guerra del nord e sud ovest del Camerun. Successivamente sar\u00e0 la volta della Macedonia, il 29 settembre alle ore 18.00, con la presentazione del paese e assaggi dei piatti tipici; il 5 ottobre, infine, il ciclo verr\u00e0 concluso dal Venezuela alle ore 19.00, con la conferenza e il dibattito sul Paese; in quell\u2019occasione sar\u00e0 anche approfondito l&#8217;aspetto delle emigrazioni dei bellunesi e le relazioni Italia- Venezuela. Tutto il percorso verr\u00e0 concluso con il grande spettacolo al teatro di Belluno il 27 ottobre alle ore 20.00: sul palco 14 associazioni e gruppi si presenteranno in una Grande FESTA multietnica. Prima dello spettacolo, davanti al Comunale verr\u00e0 offerto a tutta la comunit\u00e0, a partire dalle ore 18.00, un rinfresco multietnico.<\/p>\n<p><strong>L&#8217;ASSESSORE DEBORA NICOLETTO<\/strong><\/p>\n<audio class=\"wp-audio-shortcode\" id=\"audio-98993-2\" preload=\"none\" style=\"width: 100%;\" controls=\"controls\"><source type=\"audio\/mpeg\" src=\"http:\/\/www.radiopiu.net\/wordpress\/wp-content\/uploads\/2019\/09\/DEBORA-1.mp3?_=2\" \/><a href=\"http:\/\/www.radiopiu.net\/wordpress\/wp-content\/uploads\/2019\/09\/DEBORA-1.mp3\">http:\/\/www.radiopiu.net\/wordpress\/wp-content\/uploads\/2019\/09\/DEBORA-1.mp3<\/a><\/audio>\n<p>&nbsp;<\/p>\n<p>&nbsp;<\/p>\n<p>&nbsp;<\/p>\n<p>&nbsp;<\/p>\n<h3>AGORDINO SOTTO CONTROLLO, ALTA ATTENZIONE DI UOMINI E DONNE DELL&#8217;ARMA<\/h3>\n<blockquote><p><em><strong>AGORDO<\/strong> Da tempo la situazione ad Agordo \u00e8 cambiata, stupefacenti, alcool, vandalismi, uccisione di animali, preoccupazione della popolazione. Ecco la pronta risposta delle istituzioni<\/em><\/p><\/blockquote>\n<p><a class=\"dt-pswp-item\" href=\"http:\/\/www.radiopiu.net\/wordpress\/wp-content\/uploads\/2019\/09\/cd74add8-ab7d-47a3-8e02-090f1bc94ec2.jpg\" data-dt-img-description=\"\" data-large_image_width=\"800\" data-large_image_height=\"600\"><img loading=\"lazy\" decoding=\"async\" class=\" wp-image-98959 alignleft\" src=\"http:\/\/www.radiopiu.net\/wordpress\/wp-content\/uploads\/2019\/09\/cd74add8-ab7d-47a3-8e02-090f1bc94ec2-300x225.jpg\" alt=\"\" width=\"223\" height=\"167\" srcset=\"https:\/\/www.radiopiu.net\/wordpress\/wp-content\/uploads\/2019\/09\/cd74add8-ab7d-47a3-8e02-090f1bc94ec2-300x225.jpg 300w, https:\/\/www.radiopiu.net\/wordpress\/wp-content\/uploads\/2019\/09\/cd74add8-ab7d-47a3-8e02-090f1bc94ec2-768x576.jpg 768w, https:\/\/www.radiopiu.net\/wordpress\/wp-content\/uploads\/2019\/09\/cd74add8-ab7d-47a3-8e02-090f1bc94ec2.jpg 800w\" sizes=\"auto, (max-width: 223px) 100vw, 223px\" \/><\/a>Nel pomeriggio\/sera di lunedi la Compagnia di Belluno ha svolto un servizio di controllo del territorio finalizzato alla prevenzione dei reati predatori e al contrasto dello spaccio di sostanze stupefacenti. I 16 militari impiegati su 8 autovetture di servizio hanno capillarmente vigilato sui punti pi\u00f9 sensibili e nei luoghi di aggregazione dei giovani (stazione autobus, centro commerciale, istituti scolastici, procedendo al controllo di 64 veicoli e 80 persone anche con posti di controllo lungo la regionale 203 agodina,\u00a0 tangenziale compresa e non solo nel tratto Agordo-Taibon con il controllo dell&#8217;autovelox come si limitano a fare i vigili urbani per la felicit\u00e0 della casse comunali.<\/p>\n<p>Sono state elevate sei\u00a0 contravvenzioni (tre per\u00a0 documenti di guida irregolari, una per mancata revisione e due per manovre pericolose). L&#8217;attivit\u00e0 \u00e8 stata coordinata sul posto dal comandante della compagnia Maggiore Emanuela Cervellera coadiuvata dal comandante\u00a0 Tenente Giorgio Bergamo. Punto di riferimento la stazione dei Carabinieri di Agordo diretta dal Luogotenente Antonio D&#8217;Alcamo e dai suoi colleghi.<\/p>\n<p>&nbsp;<\/p>\n<p>&nbsp;<\/p>\n<p>&nbsp;<\/p>\n<h3 data-offset-key=\"frkd2-0-0\">IERI AD ALLEGHE TURISMO E NATURA, DA OPPORTUNITA&#8217; A VISIONE PER IL TERRITORIO.<\/h3>\n<div data-offset-key=\"frkd2-0-0\">\n<blockquote><p><strong><a class=\"dt-pswp-item\" href=\"http:\/\/www.radiopiu.net\/wordpress\/wp-content\/uploads\/2018\/11\/Orsetto_MAADNESS.png\" data-dt-img-description=\"\" data-large_image_width=\"1201\" data-large_image_height=\"1201\"><img loading=\"lazy\" decoding=\"async\" class=\" wp-image-67219 alignleft\" src=\"http:\/\/www.radiopiu.net\/wordpress\/wp-content\/uploads\/2018\/11\/Orsetto_MAADNESS-300x300.png\" alt=\"\" width=\"105\" height=\"105\" srcset=\"https:\/\/www.radiopiu.net\/wordpress\/wp-content\/uploads\/2018\/11\/Orsetto_MAADNESS-300x300.png 300w, https:\/\/www.radiopiu.net\/wordpress\/wp-content\/uploads\/2018\/11\/Orsetto_MAADNESS-150x150.png 150w, https:\/\/www.radiopiu.net\/wordpress\/wp-content\/uploads\/2018\/11\/Orsetto_MAADNESS-768x768.png 768w, https:\/\/www.radiopiu.net\/wordpress\/wp-content\/uploads\/2018\/11\/Orsetto_MAADNESS-1024x1024.png 1024w, https:\/\/www.radiopiu.net\/wordpress\/wp-content\/uploads\/2018\/11\/Orsetto_MAADNESS.png 1201w\" sizes=\"auto, (max-width: 105px) 100vw, 105px\" \/><\/a><\/strong><\/p><\/blockquote>\n<p><strong>ALLEGHE <\/strong>Ieri al centro congressi evento di aggiornamento sugli importanti risultati raggiunti ad oggi dal progetto di sviluppo e valorizzazione territoriale su infrastrutture, nuova ospitalit\u00e0 e attivit\u00e0 di marketing.\u00a0 Gli interventi hanno desctitto il percorso intrapreso, i risultati in termini di progettazione, trasformazione e visibilit\u00e0, con particolare attenzione per l&#8217;iniziativa di promozione turistica Recharge in Nature, divenuta virale su tutti i principali media nazionali e all&#8217;estero. Di seguito la diretta di RADIOPIU&#8217; con gli interventi\u00a0 <em>del Sindaco di Alleghe, Danilo De Toni &#8211; Introduzione del Sindaco di Rocca Pietore, Andrea De Bernardin &#8211; Intervento de<\/em><em>l Project Manager, Denis dal Soler &#8211; Intervento della Marketing Manager, Emma Taveri &#8211; Intervento di Michela Valentini SL&amp;A\u00a0<\/em><\/p>\n<\/div>\n<p>&nbsp;<\/p>\n<h2><strong>LA DIRETTA RADIOPIU SU FACEBOOK<\/strong><\/h2>\n<div id=\"fb-root\"><\/div>\n<p><script async=\"1\" defer=\"1\" crossorigin=\"anonymous\" src=\"https:\/\/connect.facebook.net\/it_IT\/sdk.js#xfbml=1&amp;version=v6.0\"><\/script><\/p>\n<div class=\"fb-video\" data-href=\"https:\/\/www.facebook.com\/mirko.mezzacasa\/videos\/10220776796996609\/\" data-width=\"1200\">\n<blockquote cite=\"https:\/\/www.facebook.com\/mirko.mezzacasa\/videos\/10220776796996609\/\" class=\"fb-xfbml-parse-ignore\"><p><a href=\"https:\/\/www.facebook.com\/mirko.mezzacasa\/videos\/10220776796996609\/\"><\/a><\/p>\n<p>Pubblicato da <a href=\"https:\/\/www.facebook.com\/mirko.mezzacasa\">Mirko Mezzacasa<\/a> su Marted\u00ec 17 settembre 2019<\/p><\/blockquote>\n<\/div>\n<p><a class=\"dt-pswp-item\" href=\"http:\/\/www.radiopiu.net\/wordpress\/wp-content\/uploads\/2019\/09\/WhatsApp-Image-2019-09-17-at-17.51.39.jpeg\" data-dt-img-description=\"\" data-large_image_width=\"1600\" data-large_image_height=\"900\"><img loading=\"lazy\" decoding=\"async\" class=\"alignnone size-medium wp-image-99037\" src=\"http:\/\/www.radiopiu.net\/wordpress\/wp-content\/uploads\/2019\/09\/WhatsApp-Image-2019-09-17-at-17.51.39-300x169.jpeg\" alt=\"\" width=\"300\" height=\"169\" srcset=\"https:\/\/www.radiopiu.net\/wordpress\/wp-content\/uploads\/2019\/09\/WhatsApp-Image-2019-09-17-at-17.51.39-300x169.jpeg 300w, https:\/\/www.radiopiu.net\/wordpress\/wp-content\/uploads\/2019\/09\/WhatsApp-Image-2019-09-17-at-17.51.39-768x432.jpeg 768w, https:\/\/www.radiopiu.net\/wordpress\/wp-content\/uploads\/2019\/09\/WhatsApp-Image-2019-09-17-at-17.51.39-1024x576.jpeg 1024w, https:\/\/www.radiopiu.net\/wordpress\/wp-content\/uploads\/2019\/09\/WhatsApp-Image-2019-09-17-at-17.51.39.jpeg 1600w\" sizes=\"auto, (max-width: 300px) 100vw, 300px\" \/><\/a><a class=\"dt-pswp-item\" href=\"http:\/\/www.radiopiu.net\/wordpress\/wp-content\/uploads\/2019\/09\/WhatsApp-Image-2019-09-17-at-17.52.07.jpeg\" data-dt-img-description=\"\" data-large_image_width=\"1600\" data-large_image_height=\"900\"><img loading=\"lazy\" decoding=\"async\" class=\"alignnone size-medium wp-image-99036\" src=\"http:\/\/www.radiopiu.net\/wordpress\/wp-content\/uploads\/2019\/09\/WhatsApp-Image-2019-09-17-at-17.52.07-300x169.jpeg\" alt=\"\" width=\"300\" height=\"169\" srcset=\"https:\/\/www.radiopiu.net\/wordpress\/wp-content\/uploads\/2019\/09\/WhatsApp-Image-2019-09-17-at-17.52.07-300x169.jpeg 300w, https:\/\/www.radiopiu.net\/wordpress\/wp-content\/uploads\/2019\/09\/WhatsApp-Image-2019-09-17-at-17.52.07-768x432.jpeg 768w, https:\/\/www.radiopiu.net\/wordpress\/wp-content\/uploads\/2019\/09\/WhatsApp-Image-2019-09-17-at-17.52.07-1024x576.jpeg 1024w, https:\/\/www.radiopiu.net\/wordpress\/wp-content\/uploads\/2019\/09\/WhatsApp-Image-2019-09-17-at-17.52.07.jpeg 1600w\" sizes=\"auto, (max-width: 300px) 100vw, 300px\" \/><\/a><a class=\"dt-pswp-item\" href=\"http:\/\/www.radiopiu.net\/wordpress\/wp-content\/uploads\/2019\/09\/WhatsApp-Image-2019-09-17-at-17.52.54.jpeg\" data-dt-img-description=\"\" data-large_image_width=\"1600\" data-large_image_height=\"900\"><img loading=\"lazy\" decoding=\"async\" class=\"alignnone size-medium wp-image-99035\" src=\"http:\/\/www.radiopiu.net\/wordpress\/wp-content\/uploads\/2019\/09\/WhatsApp-Image-2019-09-17-at-17.52.54-300x169.jpeg\" alt=\"\" width=\"300\" height=\"169\" srcset=\"https:\/\/www.radiopiu.net\/wordpress\/wp-content\/uploads\/2019\/09\/WhatsApp-Image-2019-09-17-at-17.52.54-300x169.jpeg 300w, https:\/\/www.radiopiu.net\/wordpress\/wp-content\/uploads\/2019\/09\/WhatsApp-Image-2019-09-17-at-17.52.54-768x432.jpeg 768w, https:\/\/www.radiopiu.net\/wordpress\/wp-content\/uploads\/2019\/09\/WhatsApp-Image-2019-09-17-at-17.52.54-1024x576.jpeg 1024w, https:\/\/www.radiopiu.net\/wordpress\/wp-content\/uploads\/2019\/09\/WhatsApp-Image-2019-09-17-at-17.52.54.jpeg 1600w\" sizes=\"auto, (max-width: 300px) 100vw, 300px\" \/><\/a><\/p>\n<h1>Recharge in Nature \u201cHappiness in the heart of the Dolomites\u201d&#8230; No, non \u00e8 una pubblicit\u00e0. \u00c8 tutto vero!<\/h1>\n<div id=\"fb-root\"><\/div>\n<p><script async=\"1\" defer=\"1\" crossorigin=\"anonymous\" src=\"https:\/\/connect.facebook.net\/it_IT\/sdk.js#xfbml=1&amp;version=v6.0\"><\/script><\/p>\n<div class=\"fb-video\" data-href=\"https:\/\/www.facebook.com\/DolomitesMaadness\/videos\/1141598729362266\/\" data-width=\"1200\">\n<blockquote cite=\"https:\/\/www.facebook.com\/DolomitesMaadness\/videos\/1141598729362266\/\" class=\"fb-xfbml-parse-ignore\"><p><a href=\"https:\/\/www.facebook.com\/DolomitesMaadness\/videos\/1141598729362266\/\">HAPPINESS IN THE HEART OF THE DOLOMITES<\/a><\/p>\n<p>Happiness in the heart of the Dolomites.No, non \u00e8 una pubblicit\u00e0. \u00c8 tutto vero! \u2764#RechargeInNature #HostedByNature #PoweredByHumansHeart of the DolomitesVisit Rocca Pietore Marmolada Dolomites<\/p>\n<p>Pubblicato da <a href=\"https:\/\/www.facebook.com\/DolomitesMaadness\/\">Dolomites Maadness<\/a> su Marted\u00ec 17 settembre 2019<\/p><\/blockquote>\n<\/div>\n<h2><\/h2>\n<h2>CONCLUSIONI LUCIA FILIPPI DOLOMITES MAADNESS<\/h2>\n<audio class=\"wp-audio-shortcode\" id=\"audio-98993-3\" preload=\"none\" style=\"width: 100%;\" controls=\"controls\"><source type=\"audio\/mpeg\" src=\"http:\/\/www.radiopiu.net\/wordpress\/wp-content\/uploads\/2019\/09\/LUCIA.mp3?_=3\" \/><a href=\"http:\/\/www.radiopiu.net\/wordpress\/wp-content\/uploads\/2019\/09\/LUCIA.mp3\">http:\/\/www.radiopiu.net\/wordpress\/wp-content\/uploads\/2019\/09\/LUCIA.mp3<\/a><\/audio>\n<p>&nbsp;<\/p>\n<h2><strong>CONCLUSIONE EMMA TAVERI <\/strong>DOLOMITES MAADNESS<\/h2>\n<audio class=\"wp-audio-shortcode\" id=\"audio-98993-4\" preload=\"none\" style=\"width: 100%;\" controls=\"controls\"><source type=\"audio\/mpeg\" src=\"http:\/\/www.radiopiu.net\/wordpress\/wp-content\/uploads\/2019\/09\/emma-finale.mp3?_=4\" \/><a href=\"http:\/\/www.radiopiu.net\/wordpress\/wp-content\/uploads\/2019\/09\/emma-finale.mp3\">http:\/\/www.radiopiu.net\/wordpress\/wp-content\/uploads\/2019\/09\/emma-finale.mp3<\/a><\/audio>\n<p>&nbsp;<\/p>\n<h2><strong>MAURO VATTAI RECHARGE IN NATURE<\/strong><\/h2>\n<div style=\"width: 848px;\" class=\"wp-video\"><video class=\"wp-video-shortcode\" id=\"video-98993-1\" width=\"848\" height=\"480\" preload=\"metadata\" controls=\"controls\"><source type=\"video\/mp4\" src=\"http:\/\/www.radiopiu.net\/wordpress\/wp-content\/uploads\/2019\/09\/WhatsApp-Video-2019-09-17-at-20.39.27.mp4?_=1\" \/><a href=\"http:\/\/www.radiopiu.net\/wordpress\/wp-content\/uploads\/2019\/09\/WhatsApp-Video-2019-09-17-at-20.39.27.mp4\">http:\/\/www.radiopiu.net\/wordpress\/wp-content\/uploads\/2019\/09\/WhatsApp-Video-2019-09-17-at-20.39.27.mp4<\/a><\/video><\/div>\n<h2><\/h2>\n<h2><strong>ALBERTO FISTAROLLO LO PSICOLOGO<\/strong><\/h2>\n<div style=\"width: 848px;\" class=\"wp-video\"><video class=\"wp-video-shortcode\" id=\"video-98993-2\" width=\"848\" height=\"480\" preload=\"metadata\" controls=\"controls\"><source type=\"video\/mp4\" src=\"http:\/\/www.radiopiu.net\/wordpress\/wp-content\/uploads\/2019\/09\/WhatsApp-Video-2019-09-17-at-14.50.30.mp4?_=2\" \/><a href=\"http:\/\/www.radiopiu.net\/wordpress\/wp-content\/uploads\/2019\/09\/WhatsApp-Video-2019-09-17-at-14.50.30.mp4\">http:\/\/www.radiopiu.net\/wordpress\/wp-content\/uploads\/2019\/09\/WhatsApp-Video-2019-09-17-at-14.50.30.mp4<\/a><\/video><\/div>\n<p>&nbsp;<\/p>\n<p>&nbsp;<\/p>\n<p>&nbsp;<\/p>\n<p>&nbsp;<\/p>\n<p>&nbsp;<\/p>\n<h3>PROGETTO ASTUS: IL CONVEGNO<\/h3>\n<p><strong><a class=\"dt-pswp-item\" href=\"http:\/\/www.radiopiu.net\/wordpress\/wp-content\/uploads\/2015\/10\/LogoBIM.jpg\" data-dt-img-description=\"\" data-large_image_width=\"352\" data-large_image_height=\"200\"><img loading=\"lazy\" decoding=\"async\" class=\" wp-image-12187 alignleft\" src=\"http:\/\/www.radiopiu.net\/wordpress\/wp-content\/uploads\/2015\/10\/LogoBIM-300x170.jpg\" alt=\"\" width=\"261\" height=\"148\" \/><\/a>BELLUNO<\/strong> Nell\u2019ambito del progetto ASTUS, di cui il Consorzio BIM Piave \u00e8 partner, venerd\u00ec alle\u00a0 10, si terr\u00e0 a Belluno presso il Palazzo Doglioni Dalmas, un convegno aperto ai cittadini dal titolo: TURISMO INNOVATIVO SULLE DOLOMITI BELLUNESI: la mobilit\u00e0 integrata rispetta il territorio.\u00a0 Durante il convegno si parler\u00e0 di una mobilit\u00e0 sostenibile e integrata, a favore della montagna, che deve diventare la nuova normalit\u00e0 per enti, cittadini e turisti. Le Dolomiti possono essere esplorate e vissute responsabilmente. Interverranno al dibattito: Giuliano Vantaggi &#8211; Direttore DMO Dolomiti; \u00a0Marcella Morandini &#8211; Direttore della Fondazione Dolomiti UNESCO; \u00a0Natalia Ranza &#8211; Amministratore Delegato di Dolomiti Bus S.p.A.;\u00a0 Stefania Ganz &#8211; Assessore del Comune di Belluno, Stefano Savaris &#8211; Segretario e Direttore Generale del Consorzio BIM Piave.\u00a0 In apertura porteranno i loro saluti\u00a0 Umberto Soccal, Presidente del Consorzio BIM Piave, e i rappresentanti istituzionali della Regione Veneto e della Provincia di Belluno.<\/p>\n<p>&nbsp;<\/p>\n<p>&nbsp;<\/p>\n<p>&nbsp;<\/p>\n<p>&nbsp;<\/p>\n<h3>MARCHIO D&#8217;AREA STRUMENTO DI SVILUPPO DEL TURISMO NELL&#8217;ALTO BELLUNESE<\/h3>\n<p><strong>PIEVE DI CADORE<\/strong>\u00a0 Il Centro Consorzi, in collaborazione con Consorzio BIM Piave Belluno, Consorzio DMO Dolomiti, CISET, UNIVE, Comune di Pieve di Cadore e Magnifica Comunit\u00e0 di Cadore, offre un\u2019opportunit\u00e0 per conoscere le applicazioni nel nostro territorio montano del Marchio d\u2019Area, lo strumento che permette di consolidare e sviluppare altri strumenti per rendere il territorio sempre pi\u00f9 competitivo e con maggiore appeal turistico. Questo \u00e8 il tema del workshop intitolato: \u201cMarchio d\u2019Area come strumento di sviluppo al servizio del turismo\u201d, dedicato agli operatori del turismo che si terr\u00e0 il 24 settembre 2019 dalle 14 alle 18 presso la Magnifica Comunit\u00e0 di Pieve di Cadore.<\/p>\n<p>&nbsp;<\/p>\n<p>&nbsp;<\/p>\n<h2>UN PEZZO DI STORIA DEL COMMERCIO AD AGORDO, OGGI ALLA RADIO CON CLAUDIO SITO<\/h2>\n<h3>CLAUDIO SITO, DOPO 31 ANNI DI MILA MARKET E 7 DI BOTTIGLIERIA FAVRETTI HA ABBASSATO LA SERRANDA, PER SEMPRE. OGGI ALLE 15.10, QUESTA SERA DALLE 21 E&#8217; OSPITE DI RADIO PIU&#8217; CON GIANNI SANTOMASO ANCHE PER UN&#8217;IMPORTANTE PANORAMICA SUL COMMERCIO E I SUOI PROBLEMI AD AGORDO<\/h3>\n<p><strong>GIANNI SANTOMASO<\/strong><\/p>\n<audio class=\"wp-audio-shortcode\" id=\"audio-98993-5\" preload=\"none\" style=\"width: 100%;\" controls=\"controls\"><source type=\"audio\/mpeg\" src=\"http:\/\/www.radiopiu.net\/wordpress\/wp-content\/uploads\/2019\/09\/gianni-18-sito.mp3?_=5\" \/><a href=\"http:\/\/www.radiopiu.net\/wordpress\/wp-content\/uploads\/2019\/09\/gianni-18-sito.mp3\">http:\/\/www.radiopiu.net\/wordpress\/wp-content\/uploads\/2019\/09\/gianni-18-sito.mp3<\/a><\/audio>\n<p><strong>IL VIDEO DI SABATO ULTIMO GIORNO DI APERTURA&#8230;<\/strong><\/p>\n<div id=\"fb-root\"><\/div>\n<p><script async=\"1\" defer=\"1\" crossorigin=\"anonymous\" src=\"https:\/\/connect.facebook.net\/it_IT\/sdk.js#xfbml=1&amp;version=v6.0\"><\/script><\/p>\n<div class=\"fb-video\" data-href=\"https:\/\/www.facebook.com\/mirko.mezzacasa\/videos\/10220748141560241\/\" data-width=\"1200\">\n<blockquote cite=\"https:\/\/www.facebook.com\/mirko.mezzacasa\/videos\/10220748141560241\/\" class=\"fb-xfbml-parse-ignore\"><p><a href=\"https:\/\/www.facebook.com\/mirko.mezzacasa\/videos\/10220748141560241\/\"><\/a><\/p>\n<p>Dal Mila Market di Agordo con Claudio e PaolaUn&#039;altra serranda che si abbassa ad Agordo &#8230;.<\/p>\n<p>Pubblicato da <a href=\"https:\/\/www.facebook.com\/mirko.mezzacasa\">Mirko Mezzacasa<\/a> su Sabato 14 settembre 2019<\/p><\/blockquote>\n<\/div>\n<p>&nbsp;<\/p>\n<p>&nbsp;<\/p>\n<h3><\/h3>\n<h3><\/h3>\n<h3>&#8220;MI TE O&#8217; GIA&#8217; VIST &#8230; IN GIRO&#8221;<\/h3>\n<blockquote><p><em> in occasione della giornata mondiale dell&#8217;Alzheimer<\/em><\/p><\/blockquote>\n<p><strong><a class=\"dt-pswp-item\" href=\"http:\/\/www.radiopiu.net\/wordpress\/wp-content\/uploads\/2019\/09\/70152243_2703067633060204_4647466961473634304_n.jpg\" data-dt-img-description=\"\" data-large_image_width=\"960\" data-large_image_height=\"720\"><img loading=\"lazy\" decoding=\"async\" class=\" wp-image-99003 alignleft\" src=\"http:\/\/www.radiopiu.net\/wordpress\/wp-content\/uploads\/2019\/09\/70152243_2703067633060204_4647466961473634304_n-300x225.jpg\" alt=\"\" width=\"275\" height=\"206\" srcset=\"https:\/\/www.radiopiu.net\/wordpress\/wp-content\/uploads\/2019\/09\/70152243_2703067633060204_4647466961473634304_n-300x225.jpg 300w, https:\/\/www.radiopiu.net\/wordpress\/wp-content\/uploads\/2019\/09\/70152243_2703067633060204_4647466961473634304_n-768x576.jpg 768w, https:\/\/www.radiopiu.net\/wordpress\/wp-content\/uploads\/2019\/09\/70152243_2703067633060204_4647466961473634304_n.jpg 960w\" sizes=\"auto, (max-width: 275px) 100vw, 275px\" \/><\/a>BELLUNO\u00a0<\/strong> \u00a0Sabato 21 settembre dalle 9 camminata lungo le vie di Cavarzano, in compagnia dei residenti di Villa Gaggia Lante. SerSA fa incontrare nuovamente Belluno e i residenti di Villa Gaggia Lante, le persone che hanno contribuito a costruire la\u00a0 citt\u00e0, con tutti i suoi valori, e che ancora la portano nel cuore. Tuttavia, accompagnarli fuori dalla residenza per camminare in strada non \u00e8 affatto una cosa piccola e nemmeno semplice. Gli accompagnatori volontari sono tanti, disponibili, desiderosi di avverare questo sogno. Per gli anziani concittadini un momento di piacevole svago, al di fuori delle loro stanze, per loro sar\u00e0 bellissimo incontrare lungo le strade, tra i banchi del mercato e sotto al tendone in Piazzale Vittime di Via Fani, tanti Bellunesi pronti ad accoglierli con il sorriso. Chi desidera dare la propria disponibilit\u00e0 per accompagnare i residenti in passeggiata pu\u00f2 chiamare il n. 0437\/273511. Al rientro dalla passeggiata sono previsti un buffet e la maglia ricordo per i partecipanti, ad offerta libera, destinata alla realizzazione di progetti in sostegno dei residenti della Villa Gaggia Lante.&#8221;<\/p>\n<p>&nbsp;<\/p>\n<p>&nbsp;<\/p>\n<p>&nbsp;<\/p>\n<p>&nbsp;<\/p>\n<p>&nbsp;<\/p>\n<h3>I DOTTOR CLOWN CELEBRANO I CSV A CESIOMAGGIO<\/h3>\n<p><strong><a class=\"dt-pswp-item\" href=\"http:\/\/www.radiopiu.net\/wordpress\/wp-content\/uploads\/2019\/09\/Dottor-Clown-Belluno.jpg\" data-dt-img-description=\"\" data-large_image_width=\"1600\" data-large_image_height=\"1200\"><img loading=\"lazy\" decoding=\"async\" class=\" wp-image-99005 alignleft\" src=\"http:\/\/www.radiopiu.net\/wordpress\/wp-content\/uploads\/2019\/09\/Dottor-Clown-Belluno-300x225.jpg\" alt=\"\" width=\"184\" height=\"138\" srcset=\"https:\/\/www.radiopiu.net\/wordpress\/wp-content\/uploads\/2019\/09\/Dottor-Clown-Belluno-300x225.jpg 300w, https:\/\/www.radiopiu.net\/wordpress\/wp-content\/uploads\/2019\/09\/Dottor-Clown-Belluno-768x576.jpg 768w, https:\/\/www.radiopiu.net\/wordpress\/wp-content\/uploads\/2019\/09\/Dottor-Clown-Belluno-1024x768.jpg 1024w, https:\/\/www.radiopiu.net\/wordpress\/wp-content\/uploads\/2019\/09\/Dottor-Clown-Belluno.jpg 1600w\" sizes=\"auto, (max-width: 184px) 100vw, 184px\" \/><\/a>CESIOMAGGIORE &#8211;<\/strong> In occasione dei suoi 30 anni di attivit\u00e0, l&#8217;Associazione Cesio-Solidariet\u00e0 accoglie\u201cDiamoci una mano&#8230; Cos\u00ec Si Vola!\u201d, spettacolo scritto e realizzato dai Dottor Clown Belluno per celebrare i tanti volontari che quotidianamente in tutta Italia si adoperano per il territorio e le comunit\u00e0. L&#8217;appuntamento \u00e8 presso gli impianti sportivi di Pradenich di Cesiomaggiore domenica 22 settembre alle 15,30 e avr\u00e0 ingresso libero. E&#8217; un inedito omaggio ai &#8220;Centri di servizio per il volontariato e la solidariet\u00e0 nazionali&#8221; e ai tanti protagonisti che ne rendono possibile l&#8217;operato. Oltre allo spettacolo teatrale, i 30 anni di Cesio-Solidariet\u00e0 saranno celebrati con una\u00a0Messa\u00a0nella chiesa arcipretale di Cesiomaggiore alle 10.30 e con una\u00a0mostra fotografica\u00a0che ricorder\u00e0 i momenti salienti delle attivit\u00e0 dell&#8217;associazione.<\/p>\n<p>&nbsp;<\/p>\n<p>&nbsp;<\/p>\n<p>&nbsp;<\/p>\n<h3>IL LIBRO DI ALFIERI-NART-PIAT<\/h3>\n<p><strong>AGORDO<\/strong> Sabato alle 18 il Comune di Agordo, la Biblioteca Civica-Circolo Culturale Agordino e G.A.M.P. Dolomiti hanno organizzato la presentazione del libro \u201c29 giugno 1873: segu\u00ec una scossa e un tremolio\u2026\u201d di Maurizio Alfieri, Fabiano Nart e Manolo Piat presso la sala riunioni della Biblioteca Civica di Agordo. \u00c8 una pubblicazione edita dal GDS, Gruppo Divulgazione Scientifica \u201cE. Fermi\u201d di Belluno relativa al grande evento sismico del XIX secolo che devast\u00f2 il Bellunese, l&#8217;Alpago e l&#8217;alto Trevigiano.<\/p>\n<p>A LUGLIO, PRIMA DELL&#8217;APPUNTAMENTO DI CENCENIGHE, MAURIZIO ALFIERI AVEVA PRESENTATO IL LIBRO A RADIOPIU&#8217;, UNA SINTESI IN VIDEO DELL&#8217;INTERVENTO ESTIVO<\/p>\n<div id=\"fb-root\"><\/div>\n<p><script async=\"1\" defer=\"1\" crossorigin=\"anonymous\" src=\"https:\/\/connect.facebook.net\/it_IT\/sdk.js#xfbml=1&amp;version=v6.0\"><\/script><\/p>\n<div class=\"fb-video\" data-href=\"https:\/\/www.facebook.com\/mirko.mezzacasa\/videos\/10220181943045632\/\" data-width=\"1200\">\n<blockquote cite=\"https:\/\/www.facebook.com\/mirko.mezzacasa\/videos\/10220181943045632\/\" class=\"fb-xfbml-parse-ignore\"><p><a href=\"https:\/\/www.facebook.com\/mirko.mezzacasa\/videos\/10220181943045632\/\"><\/a><\/p>\n<p>OGGI ALLE 15.10 E QUESTA SERA ALLE 21 CON MAURIZIO ALFIERI PRESENTIAMO IL LIBRO: &quot;29 GIUGNO 1873&quot; IL TERREMOTO NEL BELLUNESE<\/p>\n<p>Pubblicato da <a href=\"https:\/\/www.facebook.com\/mirko.mezzacasa\">Mirko Mezzacasa<\/a> su Marted\u00ec 9 luglio 2019<\/p><\/blockquote>\n<\/div>\n<p>&nbsp;<\/p>\n<p>&nbsp;<\/p>\n<p>&nbsp;<\/p>\n<h2>PER IL NONO ANNO TORNANO IN PIAZZA LE PIETANZE DEL BORGO NEL CASTIONESE<\/h2>\n<p><strong><a class=\"dt-pswp-item\" href=\"http:\/\/www.radiopiu.net\/wordpress\/wp-content\/uploads\/2019\/09\/bell-da-castion-g.jpg\" data-dt-img-description=\"\" data-large_image_width=\"500\" data-large_image_height=\"353\"><img loading=\"lazy\" decoding=\"async\" class=\" wp-image-99049 alignleft\" src=\"http:\/\/www.radiopiu.net\/wordpress\/wp-content\/uploads\/2019\/09\/bell-da-castion-g-300x212.jpg\" alt=\"\" width=\"207\" height=\"146\" srcset=\"https:\/\/www.radiopiu.net\/wordpress\/wp-content\/uploads\/2019\/09\/bell-da-castion-g-300x212.jpg 300w, https:\/\/www.radiopiu.net\/wordpress\/wp-content\/uploads\/2019\/09\/bell-da-castion-g.jpg 500w\" sizes=\"auto, (max-width: 207px) 100vw, 207px\" \/><\/a><\/strong><\/p>\n<p>&nbsp;<\/p>\n<p>&nbsp;<\/p>\n<p><strong>BELLUNO<\/strong><\/p>\n<p><strong>di DAMIANO TORMEN\u00a0<\/strong><\/p>\n<audio class=\"wp-audio-shortcode\" id=\"audio-98993-6\" preload=\"none\" style=\"width: 100%;\" controls=\"controls\"><source type=\"audio\/mpeg\" src=\"http:\/\/www.radiopiu.net\/wordpress\/wp-content\/uploads\/2019\/09\/damiano-1.mp3?_=6\" \/><a href=\"http:\/\/www.radiopiu.net\/wordpress\/wp-content\/uploads\/2019\/09\/damiano-1.mp3\">http:\/\/www.radiopiu.net\/wordpress\/wp-content\/uploads\/2019\/09\/damiano-1.mp3<\/a><\/audio>\n<p>&nbsp;<\/p>\n<p>&nbsp;<\/p>\n<p>&nbsp;<\/p>\n<h3>FUNGHI AL MERCOLEDI DELLA SALUTE<\/h3>\n<p><strong>FELTRE.<\/strong> Per il ciclo \u201cMercoled\u00ec della salute\u201d, oggi alle 18 nella sala convegnisti parler\u00e0 di funghi con il direttore del Servizio Igiene Alimenti e Nutrizione del Dipartimento di Prevenzione dell\u2019Ulss Dolomiti, Oscar Cora, e con il capostazione del Soccorso Alpino di Feltre Marcello Broccon. La ricerca di funghi, passione tipica del nostro territorio, unisce il piacere di una passeggiata nei boschi con quello della tavola in caso di un buon raccolto. Il dott. Cora far\u00e0 una panoramica delle specie commestibili e far\u00e0 alcuni accenni alla tossicit\u00e0 situazione attuale della radioattivit\u00e0 e ai metalli talora presenti.Con l\u2019occasione, visti anche i gravi incidenti accaduti questa estate ai cercatori di funghi, il soccorso alpino ricorder\u00e0 le buone norme da adottare in montagna per prevenire gli incidenti.<\/p>\n<p>&nbsp;<\/p>\n<p>&nbsp;<\/p>\n<h3>IL CERVELLO SE LO COLTIVI FUNZIONA<\/h3>\n<p><strong>FELTRE.<\/strong> Continuano le attivit\u00e0 collegate al mese della demenza.\u00a0 Nell\u2019atrio dell\u2019ospedale di Feltre saranno proposte alcune attivit\u00e0 per insegnare a mantenere in allenamento il cervello e prevenire la demenza, grazie alla collaborazione con i Centri Servizio del Distretto di Feltre. Oggi alle 15 gioco con cognitivo musicale (con il CDS di Feltre), ginnastica psicomotoria (con il CDS di Feltre), \u00a0\u201c5 sensi\u201d: attivit\u00e0 di stimolazione sensoriale (con il CDS di Fonzaso). Domani ortoterapia (con il CDS di Lamon),\u00a0 pet therapy e musica (con il CDS di Alano di Piave). Venerd\u00ec attivit\u00e0 motoria (con il CDS di Pedavena),\u00a0 lettura (con il CDS di Trichiana \u2013 Mel &#8211; Lentiai)<\/p>\n<p>&nbsp;<\/p>\n<p>&nbsp;<\/p>\n<h3>IL TEST SULLA MEMORIA<\/h3>\n<p><strong>FELTRE\u00a0<\/strong> Continuano gli appuntamenti nelle piazze dei Comuni. Gli psicologi dei centri di Servizio di Feltre saranno a disposizione nelle piazze di diversi comuni della Provincia per un test per la memoria. Per il Feltrino, i gazebi con gli psicologi saranno allestiti dalle 10 alle 12 nelle seguenti date e comuni: ALANO: venerd\u00ec 20 settembre ARSI\u00c8: gioved\u00ec 19 settembre CESIO: gioved\u00ec 19 settembre\u00a0 LENTIAI: mercoled\u00ec 18 settembre (in casa di riposo) SANTA GIUSTINA: venerd\u00ec 20 settembre QUERO: gioved\u00ec 19 settembre SEDICO: gioved\u00ec 19 settembre SEREN: venerd\u00ec 20 settembre TRICHIANA: mercoled\u00ec 18 settembre<\/p>\n<p>&nbsp;<\/p>\n<p>&nbsp;<\/p>\n<h3>PATOLOGIA ONCOLOGIA DEL FEGATO, TRATTAMENTO A 360 GRADI<\/h3>\n<p><strong>FELTRE.<\/strong> Patologia oncologica del fegato, vie biliari e pancreas: casi in aumento e trattamento a 360\u00b0 a Feltre. Se ne parla venerd\u00ec a un convegno al Santa Maria del Prato. Da circa un anno, all\u2019ospedale di Feltre la patologia oncologica del fegato, vie biliari e pancreas \u00e8 andata notevolmente aumentando. Grazie alla sinergia tra unit\u00e0 operative, alle nuove dotazioni strumentali della radiologia e alle nuove competenze chirurgiche, questo tipo di tumori riceve un trattamento a 360\u00b0 dalla diagnosi, grazie all\u2019endoscopica, alla radiologia, alla anatomia patologica,, alla terapia chirurgia e ai trattamenti oncologici. Il convegno di venerd\u00ec, organizzato dal direttore della chirurgia Umberto Montin e dal direttore della oncologia Davide Pastorelli, mira ad approfondire le nuova prospettive di trattamento di queste patologie e vedr\u00e0 la partecipazione di un parter di relatori di altissimo livello come i professori Ugo Boggi di Pisa, Guido Torzilli di Milano e Umberto Cillo di Padova. Il Convegno \u00e8 strutturato su tre grandi aree di interesse: tumori del pancreas, epatocarcinoma, tumori delle vie biliari e neuroendocrini. Obiettivo della prima sessione \u00e8 di approfondire le problematiche relative all\u2019adenocarcinoma del pancreas, patologia in incremento con un andamento subdolo e che frequentemente pone problemi di diagnosi differenziale con altre patologie meno aggressive. Nella seconda e terza sessione l\u2019obiettivo \u00e8 di offrire un\u2019ampia rassegna degli standard terapeutici raggiunti nel trattamento dell\u2019epatocarcinoma, tumori delle vie biliari e neuroendocrini.<\/p>\n<p>&nbsp;<\/p>\n<p>&nbsp;<\/p>\n<h3>CORSO DI COMPUTER CON LO SPI CGIL<\/h3>\n<p><strong>FELTRE<\/strong> nella sede della Cgil in Piazza Parmeggiani, 25 \u00a0\u00a0anche quest\u2019anno si svolgeranno i corsi di informatica di base rivolti ai pensionati e agli\u00a0 anziani , organizzati dal Sindacato dei pensionati della Cgil di Belluno Un corso autunnale di computer su Word \u2013 Excel \u2013 Posta elettronica &#8211; Internet Le lezioni avranno inizio il 02\/10\/2019 e termineranno il\u00a0 05\/12\/2019. Prevedono un impegno minimo: una lezione a settimana dalle 15.00 alle 17.00 Saranno messi a disposizione dei partecipanti al ciclo di studio i computer e verr\u00e0 consegnato un fascicolo guida. per info telefonare ai numeri: 347 2771980\u00a0 \u00a0\u00a0\u00a0\u00a0340 9700369<\/p>\n<p>&nbsp;<\/p>\n<p>&nbsp;<\/p>\n<p>&nbsp;<\/p>\n<div data-offset-key=\"frkd2-0-0\">\n<p><a class=\"dt-pswp-item\" href=\"http:\/\/www.radiopiu.net\/wordpress\/wp-content\/uploads\/2018\/09\/appuntamenti.jpeg\" data-dt-img-description=\"\" data-large_image_width=\"800\" data-large_image_height=\"100\"><img loading=\"lazy\" decoding=\"async\" class=\"aligncenter wp-image-61958 size-full\" src=\"http:\/\/www.radiopiu.net\/wordpress\/wp-content\/uploads\/2018\/09\/appuntamenti.jpeg\" alt=\"\" width=\"800\" height=\"100\" srcset=\"https:\/\/www.radiopiu.net\/wordpress\/wp-content\/uploads\/2018\/09\/appuntamenti.jpeg 800w, https:\/\/www.radiopiu.net\/wordpress\/wp-content\/uploads\/2018\/09\/appuntamenti-300x38.jpeg 300w, https:\/\/www.radiopiu.net\/wordpress\/wp-content\/uploads\/2018\/09\/appuntamenti-768x96.jpeg 768w\" sizes=\"auto, (max-width: 800px) 100vw, 800px\" \/><\/a><\/p>\n<p>&nbsp;<\/p>\n<p>&nbsp;<\/p>\n<h2>MENDRANZE N POEJIA X EDIZIONE<\/h2>\n<p><a class=\"dt-pswp-item\" href=\"http:\/\/www.radiopiu.net\/wordpress\/wp-content\/uploads\/2019\/09\/69863732_1256446051192767_3975798260370505728_n.jpg\" data-dt-img-description=\"\" data-large_image_width=\"800\" data-large_image_height=\"800\"><img loading=\"lazy\" decoding=\"async\" class=\" wp-image-97811 alignleft\" src=\"http:\/\/www.radiopiu.net\/wordpress\/wp-content\/uploads\/2019\/09\/69863732_1256446051192767_3975798260370505728_n-300x300.jpg\" alt=\"\" width=\"130\" height=\"130\" srcset=\"https:\/\/www.radiopiu.net\/wordpress\/wp-content\/uploads\/2019\/09\/69863732_1256446051192767_3975798260370505728_n-300x300.jpg 300w, https:\/\/www.radiopiu.net\/wordpress\/wp-content\/uploads\/2019\/09\/69863732_1256446051192767_3975798260370505728_n-150x150.jpg 150w, https:\/\/www.radiopiu.net\/wordpress\/wp-content\/uploads\/2019\/09\/69863732_1256446051192767_3975798260370505728_n-768x768.jpg 768w, https:\/\/www.radiopiu.net\/wordpress\/wp-content\/uploads\/2019\/09\/69863732_1256446051192767_3975798260370505728_n.jpg 800w\" sizes=\"auto, (max-width: 130px) 100vw, 130px\" \/><\/a><strong>LIVINALLONGO<\/strong> In occasione del 15 anni di fondazione dell&#8217;Istitut Cultural Ladin Cesa de Jan sabato 21 settembre alle 20.30 in sala congressi di Arabba viene organizzata la premiazione della decima edizione del concorso nazionale Mendanze n Poejia. Suoner\u00e0 la banda da Fodom diretta da Giuliano Federa, sketch teatrale dei ragazzi della scuola e consegna dei riconoscimenti alle persone meritevoli. Presenta Gianpaolo Soratroi.<\/p>\n<p>LO SPOT ALLA RADIO<\/p>\n<p>&nbsp;<\/p>\n<p>&nbsp;<\/p>\n<\/div>\n<p>&nbsp;<\/p>\n<p>&nbsp;<\/p>\n<div data-offset-key=\"frkd2-0-0\">\n<p><strong><a class=\"dt-pswp-item\" href=\"http:\/\/www.radiopiu.net\/wordpress\/wp-content\/uploads\/2019\/09\/autunnoA4.png\" data-dt-img-description=\"\" data-large_image_width=\"1123\" data-large_image_height=\"793\"><img loading=\"lazy\" decoding=\"async\" class=\"size-medium wp-image-98461 alignleft\" src=\"http:\/\/www.radiopiu.net\/wordpress\/wp-content\/uploads\/2019\/09\/autunnoA4-300x212.png\" alt=\"\" width=\"300\" height=\"212\" srcset=\"https:\/\/www.radiopiu.net\/wordpress\/wp-content\/uploads\/2019\/09\/autunnoA4-300x212.png 300w, https:\/\/www.radiopiu.net\/wordpress\/wp-content\/uploads\/2019\/09\/autunnoA4-768x542.png 768w, https:\/\/www.radiopiu.net\/wordpress\/wp-content\/uploads\/2019\/09\/autunnoA4-1024x723.png 1024w, https:\/\/www.radiopiu.net\/wordpress\/wp-content\/uploads\/2019\/09\/autunnoA4.png 1123w\" sizes=\"auto, (max-width: 300px) 100vw, 300px\" \/><\/a><\/strong><\/p>\n<p><strong>LIVINALLONGO<\/strong> Avvicinandoci alla fine della stagione estiva si comunica che il Castello di Andraz sar\u00e0 aperto, dopo il 15 settembre, anche nei seguenti weekend (sabato e domenica): 21-22 e 28-29 settembre, 5-6 e 12-13 ottobre, dalle 10.00 alle 13.00 e dalle 14.30 alle 17.30.<\/p>\n<p>&nbsp;<\/p>\n<p>&nbsp;<\/p>\n<\/div>\n<p>&nbsp;<\/p>\n<p>&nbsp;<\/p>\n<p>&nbsp;<\/p>\n<p>&nbsp;<\/p>\n<div data-offset-key=\"frkd2-0-0\"><\/div>\n<div data-offset-key=\"frkd2-0-0\"><\/div>\n<div data-offset-key=\"frkd2-0-0\">\n<h3>PRESENZE E STORIE DI UN PARCO STORICO MONUMENTALE<\/h3>\n<p><a class=\"dt-pswp-item\" href=\"http:\/\/www.radiopiu.net\/wordpress\/wp-content\/uploads\/2019\/09\/18.jpg\" data-dt-img-description=\"\" data-large_image_width=\"1020\" data-large_image_height=\"680\"><img loading=\"lazy\" decoding=\"async\" class=\"alignnone wp-image-98844\" src=\"http:\/\/www.radiopiu.net\/wordpress\/wp-content\/uploads\/2019\/09\/18-300x200.jpg\" alt=\"\" width=\"210\" height=\"140\" srcset=\"https:\/\/www.radiopiu.net\/wordpress\/wp-content\/uploads\/2019\/09\/18-300x200.jpg 300w, https:\/\/www.radiopiu.net\/wordpress\/wp-content\/uploads\/2019\/09\/18-768x512.jpg 768w, https:\/\/www.radiopiu.net\/wordpress\/wp-content\/uploads\/2019\/09\/18.jpg 1020w\" sizes=\"auto, (max-width: 210px) 100vw, 210px\" \/><\/a><a class=\"dt-pswp-item\" href=\"http:\/\/www.radiopiu.net\/wordpress\/wp-content\/uploads\/2019\/09\/36.jpg\" data-dt-img-description=\"\" data-large_image_width=\"1048\" data-large_image_height=\"786\"><img loading=\"lazy\" decoding=\"async\" class=\"alignnone wp-image-98843\" src=\"http:\/\/www.radiopiu.net\/wordpress\/wp-content\/uploads\/2019\/09\/36-300x225.jpg\" alt=\"\" width=\"186\" height=\"139\" srcset=\"https:\/\/www.radiopiu.net\/wordpress\/wp-content\/uploads\/2019\/09\/36-300x225.jpg 300w, https:\/\/www.radiopiu.net\/wordpress\/wp-content\/uploads\/2019\/09\/36-768x576.jpg 768w, https:\/\/www.radiopiu.net\/wordpress\/wp-content\/uploads\/2019\/09\/36-1024x768.jpg 1024w, https:\/\/www.radiopiu.net\/wordpress\/wp-content\/uploads\/2019\/09\/36.jpg 1048w\" sizes=\"auto, (max-width: 186px) 100vw, 186px\" \/><\/a><\/p>\n<p><strong><a class=\"dt-pswp-item\" href=\"http:\/\/www.radiopiu.net\/wordpress\/wp-content\/uploads\/2019\/09\/facebook_1568526868863-2.jpg\" data-dt-img-description=\"\" data-large_image_width=\"720\" data-large_image_height=\"1017\"><img loading=\"lazy\" decoding=\"async\" class=\"wp-image-98846 alignleft\" src=\"http:\/\/www.radiopiu.net\/wordpress\/wp-content\/uploads\/2019\/09\/facebook_1568526868863-2-212x300.jpg\" alt=\"\" width=\"142\" height=\"201\" srcset=\"https:\/\/www.radiopiu.net\/wordpress\/wp-content\/uploads\/2019\/09\/facebook_1568526868863-2-212x300.jpg 212w, https:\/\/www.radiopiu.net\/wordpress\/wp-content\/uploads\/2019\/09\/facebook_1568526868863-2.jpg 720w\" sizes=\"auto, (max-width: 142px) 100vw, 142px\" \/><\/a>BELLUNO<\/strong> Nel programma della settimana di Azione per il Clima \u00e8 prevista una visita guidata al Parco Storico di Mussoi, il pi\u00f9 grande polmone verde della citt\u00e0 di Belluno, dotato di un\u2019eccezionale quantit\u00e0 e variet\u00e0 di alberi secolari. Il titolo dell\u2019iniziativa ATTENTI A QUEI GIGANTI, luci e ombre nella \u201cselva oscura\u201d \u00e8 indicativo del taglio che verr\u00e0 dato dal naturalista Anacleto Boranga nel condurre i partecipanti, unendo in modo avvincente alla descrizione botanica, simbologie, miti e leggende legate al mondo arboreo. La partecipazione \u00e8 libera e gratuita. Appuntamento domenica alle 10 all\u2019entrata del Parco in via Travazzoi 25. In caso di maltempo l&#8217;evento si terr\u00e0 presso la sala parrocchiale di Mussoi di via Gregorio XVI<\/p>\n<\/div>\n<p>&nbsp;<\/p>\n<p>&nbsp;<\/p>\n<p>&nbsp;<\/p>\n<p>&nbsp;<\/p>\n<p>&nbsp;<\/p>\n<p>&nbsp;<\/p>\n<h2><strong>PREVENZIONE DEL DECLINO COGNITIVO, DOMANI AD AGORDO\u00a0\u00a0<\/strong><\/h2>\n<p><strong>AGORDO<\/strong> Dopo l\u2019incontro di gioved\u00ec scorso al San Martino \u00a0per I Gioved\u00ec della salute dal titolo \u201cLa demenza tra cura e relazione\u201c, \u00a0continuano gli appuntamenti\u00a0 \u201cParliamo di Memoria \u201cdurante i quali gli psicologi dei centri di Servizio residenziali di Feltre e Belluno, l\u2019ASCA, la SERSA e la Cooperativa Le Valli e l\u2019associazione Pettirosso sono \u00a0a disposizione dei cittadini con dei gazebi \u00a0nelle piazze di vari comuni \u00a0per l\u2019esecuzione di un <strong>test per la memoria<\/strong>. Per il Distretto 1 di Belluno, l\u2019iniziativa che \u00a0ha avuto il via a\u00a0 partire dallo scorso 7 settembre, \u00a0proseguir\u00e0\u00a0 Ad Agordo domani dalle 10<\/p>\n<p>&nbsp;<\/p>\n<p>&nbsp;<\/p>\n<h2>SABATO AL PR RANCH IL SAGGIO A CAVALLO<\/h2>\n<p><strong>LA VALLE<\/strong> Sabato presso gli impianti sportivi il saggio del PR Ranch\u00a0 per dar modo a parenti, amici e\u00a0 tutti gli interessati di poter vedere le giovani atlete agordine all&#8217; opera. Il tema \u00e8 &#8220;NON SOLO VAIA&#8221;<\/p>\n<p>PAGINA FACEBOOK <span style=\"color: #0000ff;\"><strong><a style=\"color: #0000ff;\" href=\"https:\/\/m.facebook.com\/story.php?story_fbid=1397356577083250&amp;id=100004267626931&amp;sfnsn=mo\">CLICCA QUI\u00a0<\/a><\/strong><\/span><\/p>\n<p>&nbsp;<\/p>\n<h3>CON L&#8217;AUSER DI BELLUNO<\/h3>\n<p><strong>BELLUNO<\/strong> Forte dei 260 alunni dell\u2019anno accademico scorso, l\u2019Universit\u00e0 popolare Auser di Belluno ricomincia domani, 18 settembre, dalla Prolusione di Umberto Curi, professore emerito di Storia della Filosofia presso l\u2019Universit\u00e0 di Padova. Appuntamento alle ore 15.00 in Aula Magna dell\u2019Istituto tecnico Gerolamo Segato di Belluno, dove il docente analizzer\u00e0 il racconto di Herman Melville, \u201cUn eroe del nostro tempo: Bartleby lo scrivano\u201d. Il protagonista del racconto \u00e8 un personaggio enigmatico ed inquietante, simbolo della crisi culturale di fine Ottocento. Le attivit\u00e0 dell\u2019Universit\u00e0 proseguiranno fino a maggio 2020 con una cinquantina di lezioni in aula e una decina fra visite guidate e viaggi di pi\u00f9 giorni strettamente inerenti gli argomenti trattati durante l\u2019anno. Nel programma generale rinvenibile sul sito www.auser.belluno.it o distribuito a Belluno dalla Segreteria Auser dell\u2019Universit\u00e0, in piazza Mazzini 11 (tel 0437 944619), contempla anche la partecipazione a rappresentazioni teatrali e musicali e dei corsi di ginnastica dolce nella palestra Romolo Dal Mas di Cavarzano.<\/p>\n<p>&nbsp;<\/p>\n<h3>CON IL CAI DI AGORDO<\/h3>\n<p>Domenica escursione al bivacco Yale sul Monte Avena a metri 1140, un terrazzo panoramico delle Vette che si affaccia sulla conca feltrina e sa regalare spunti di grande interesse sia paesaggistico che naturalistico. Sulla sua\u00a0costa nel versante sud sorge il Bivacco Yale, posto accogliente, che offre ai\u00a0visitatori una veduta impareggiabile sull\u2019intero massiccio del Monte Grappa.<\/p>\n<h3>CON IL CAI DI CAPRILE<\/h3>\n<p>Domenica escursione in Val Travenanzes-Fiames da Passo Falzarego, 400 metri di dislivello. Ritrovo sede Cai di Caprile alle 17.30 con Thomas Ganz. Informazioni e iscrizioni entro giovedi al 328 5385339<\/p>\n<h3>CON IL CAI DI BELLUNO<\/h3>\n<p>La sezione CAI di Belluno organizza per domenica\u00a0 una\u00a0 gita sul gruppo del Tamer &#8211; San Sebastiano. La partenza in localit\u00e0 Baudon 1180 m lungo la strada per il Passo Duran. Informazioni e iscrizioni presso i lnegozio Mazzonetto in via Vittorio Veneto o al n:\u00a0 334 8338525<\/p>\n<p>&nbsp;<\/p>\n<p>&nbsp;<\/p>\n<h3><a class=\"dt-pswp-item\" href=\"http:\/\/www.radiopiu.net\/wordpress\/wp-content\/uploads\/2018\/09\/sport.jpg\" data-dt-img-description=\"\" data-large_image_width=\"800\" data-large_image_height=\"100\"><img loading=\"lazy\" decoding=\"async\" class=\"aligncenter wp-image-60761 size-full\" src=\"http:\/\/www.radiopiu.net\/wordpress\/wp-content\/uploads\/2018\/09\/sport.jpg\" alt=\"\" width=\"800\" height=\"100\" srcset=\"https:\/\/www.radiopiu.net\/wordpress\/wp-content\/uploads\/2018\/09\/sport.jpg 800w, https:\/\/www.radiopiu.net\/wordpress\/wp-content\/uploads\/2018\/09\/sport-300x38.jpg 300w, https:\/\/www.radiopiu.net\/wordpress\/wp-content\/uploads\/2018\/09\/sport-768x96.jpg 768w\" sizes=\"auto, (max-width: 800px) 100vw, 800px\" \/><\/a><\/h3>\n<h2>CAMPIONATO CSI OPEN CON IL LE VILLE<\/h2>\n<p>Nello scorso fine settimana \u00e8 partito il campionato provinciale CSI Open girone A1. Dopo l&#8217;abbandono alla manifestazione dello scorso anno da parte del Val Biois, rimane una sola squadra agordina a lottare per il titolo. Per la seconda stagione consecutiva il Le Ville Bar Carlin si gioca il tutto per tutto nel girone che conta. 11 le squadre iscritte al torneo che vede squadre bellunesi e feltrine scontrarsi per aggiudicarsi il titolo provinciale. Campionato che \u00e8 iniziato sabato scorso e il Le Ville ha subito incamerato una vittoria contro il Soccher sul campo di Voltago. 5 a 1 il risultato finale grazie alla doppietta di Jari Monferone e i gol di Matthias Crepaz, Daniel Bogo e Andrea Favero. Una formazione che questa volta si \u00e8 rinforzata molto e va alla ricerca di buoni risultati.<\/p>\n<p><strong>AI MICROFONI DI RADIO PIU&#8217; IL GIOCATORE DEL LE VILLE DANIELE CHISSALE&#8217;<\/strong><\/p>\n<audio class=\"wp-audio-shortcode\" id=\"audio-98993-7\" preload=\"none\" style=\"width: 100%;\" controls=\"controls\"><source type=\"audio\/mpeg\" src=\"http:\/\/www.radiopiu.net\/wordpress\/wp-content\/uploads\/2019\/09\/DANIELE-CHISSALE-LE-VILLE-CSI.mp3?_=7\" \/><a href=\"http:\/\/www.radiopiu.net\/wordpress\/wp-content\/uploads\/2019\/09\/DANIELE-CHISSALE-LE-VILLE-CSI.mp3\">http:\/\/www.radiopiu.net\/wordpress\/wp-content\/uploads\/2019\/09\/DANIELE-CHISSALE-LE-VILLE-CSI.mp3<\/a><\/audio>\n<p><strong>IL CALENDARIO DEL GIRONE A1<\/strong><\/p>\n<p><a class=\"dt-pswp-item\" href=\"http:\/\/www.radiopiu.net\/wordpress\/wp-content\/uploads\/2019\/09\/CSI-A-1-2019-01.jpeg\" data-dt-img-description=\"\" data-large_image_width=\"691\" data-large_image_height=\"872\"><img loading=\"lazy\" decoding=\"async\" class=\"alignnone size-medium wp-image-99026\" src=\"http:\/\/www.radiopiu.net\/wordpress\/wp-content\/uploads\/2019\/09\/CSI-A-1-2019-01-238x300.jpeg\" alt=\"\" width=\"238\" height=\"300\" srcset=\"https:\/\/www.radiopiu.net\/wordpress\/wp-content\/uploads\/2019\/09\/CSI-A-1-2019-01-238x300.jpeg 238w, https:\/\/www.radiopiu.net\/wordpress\/wp-content\/uploads\/2019\/09\/CSI-A-1-2019-01.jpeg 691w\" sizes=\"auto, (max-width: 238px) 100vw, 238px\" \/><\/a> <a class=\"dt-pswp-item\" href=\"http:\/\/www.radiopiu.net\/wordpress\/wp-content\/uploads\/2019\/09\/CSI-A-1-2019-02.jpeg\" data-dt-img-description=\"\" data-large_image_width=\"682\" data-large_image_height=\"832\"><img loading=\"lazy\" decoding=\"async\" class=\"alignnone size-medium wp-image-99025\" src=\"http:\/\/www.radiopiu.net\/wordpress\/wp-content\/uploads\/2019\/09\/CSI-A-1-2019-02-246x300.jpeg\" alt=\"\" width=\"246\" height=\"300\" srcset=\"https:\/\/www.radiopiu.net\/wordpress\/wp-content\/uploads\/2019\/09\/CSI-A-1-2019-02-246x300.jpeg 246w, https:\/\/www.radiopiu.net\/wordpress\/wp-content\/uploads\/2019\/09\/CSI-A-1-2019-02.jpeg 682w\" sizes=\"auto, (max-width: 246px) 100vw, 246px\" \/><\/a><\/p>\n<p>&nbsp;<\/p>\n<p>&nbsp;<\/p>\n<p>&nbsp;<\/p>\n<h3><a class=\"dt-pswp-item\" href=\"http:\/\/www.radiopiu.net\/wordpress\/wp-content\/uploads\/2019\/09\/16-comuni-premiazioni-21.jpg\" data-dt-img-description=\"sdr\" data-large_image_width=\"2129\" data-large_image_height=\"1200\"><img loading=\"lazy\" decoding=\"async\" class=\"size-medium wp-image-99018 alignleft\" src=\"http:\/\/www.radiopiu.net\/wordpress\/wp-content\/uploads\/2019\/09\/16-comuni-premiazioni-21-300x169.jpg\" alt=\"\" width=\"300\" height=\"169\" srcset=\"https:\/\/www.radiopiu.net\/wordpress\/wp-content\/uploads\/2019\/09\/16-comuni-premiazioni-21-300x169.jpg 300w, https:\/\/www.radiopiu.net\/wordpress\/wp-content\/uploads\/2019\/09\/16-comuni-premiazioni-21-768x433.jpg 768w, https:\/\/www.radiopiu.net\/wordpress\/wp-content\/uploads\/2019\/09\/16-comuni-premiazioni-21-1024x577.jpg 1024w\" sizes=\"auto, (max-width: 300px) 100vw, 300px\" \/><\/a>DOMENICA LA 16 COMUNI IN PIAZZA AD AGORDO, IERI LO SPECIALE ALLA RADIO<\/h3>\n<blockquote><p><em> CON: l&#8217;assessore Cristina Bien, il presidente della Proloco Enrico Farenzena e il presidente dell&#8217;Atletica Agordina Fernando Soccol.<\/em><\/p><\/blockquote>\n<p><strong>AUDIO<\/strong><\/p>\n<audio class=\"wp-audio-shortcode\" id=\"audio-98993-8\" preload=\"none\" style=\"width: 100%;\" controls=\"controls\"><source type=\"audio\/mpeg\" src=\"http:\/\/www.radiopiu.net\/wordpress\/wp-content\/uploads\/2019\/09\/sedici-comuni-bien-farenzena-soccol.mp3?_=8\" \/><a href=\"http:\/\/www.radiopiu.net\/wordpress\/wp-content\/uploads\/2019\/09\/sedici-comuni-bien-farenzena-soccol.mp3\">http:\/\/www.radiopiu.net\/wordpress\/wp-content\/uploads\/2019\/09\/sedici-comuni-bien-farenzena-soccol.mp3<\/a><\/audio>\n<p>&nbsp;<\/p>\n<p>&nbsp;<\/p>\n<p>&nbsp;<\/p>\n<p>&nbsp;<\/p>\n<h2>Sabato 21 settembre presentazione #AllegheHockey\u00a0 Prevendita abbonamenti per la stagione ItalianHL 2019\/20. GRILL &amp;\u00a0 Party\u00a0 AllegheHockey vs HC Merano.. DOVE RINASCE L&#8217;HOCKEY!<\/h2>\n<div id=\"fb-root\"><\/div>\n<p><script async=\"1\" defer=\"1\" crossorigin=\"anonymous\" src=\"https:\/\/connect.facebook.net\/it_IT\/sdk.js#xfbml=1&amp;version=v6.0\"><\/script><\/p>\n<div class=\"fb-video\" data-href=\"https:\/\/www.facebook.com\/AllegheHockey\/videos\/380589345953351\/\" data-width=\"1200\">\n<blockquote cite=\"https:\/\/www.facebook.com\/AllegheHockey\/videos\/380589345953351\/\" class=\"fb-xfbml-parse-ignore\"><p><a href=\"https:\/\/www.facebook.com\/AllegheHockey\/videos\/380589345953351\/\"><\/a><\/p>\n<p>Sabato 21 settembre #presentazione #AllegheHockey! Prevendita abbonamenti per la #stagione #ItalianHL 2019\/20..#GRILL &amp; #Party  + #AllegheHockey vs HC Meran\/o..VI ASPETTIAMO DOVE RINASCE L&#039;HOCKEY!<\/p>\n<p>Pubblicato da <a href=\"https:\/\/www.facebook.com\/AllegheHockey\/\">Alleghe Hockey<\/a> su Sabato 14 settembre 2019<\/p><\/blockquote>\n<\/div>\n<p>&nbsp;<\/p>\n<p>&nbsp;<\/p>\n<p>&nbsp;<\/p>\n<p>&nbsp;<\/p>\n<p><a class=\"dt-pswp-item\" href=\"http:\/\/www.radiopiu.net\/wordpress\/wp-content\/uploads\/2018\/09\/WhatsApp-Image-2018-09-20-at-16.04.06.jpeg\" data-dt-img-description=\"\" data-large_image_width=\"800\" data-large_image_height=\"100\"><img loading=\"lazy\" decoding=\"async\" class=\"aligncenter wp-image-61378 size-full\" src=\"http:\/\/www.radiopiu.net\/wordpress\/wp-content\/uploads\/2018\/09\/WhatsApp-Image-2018-09-20-at-16.04.06.jpeg\" alt=\"\" width=\"800\" height=\"100\" srcset=\"https:\/\/www.radiopiu.net\/wordpress\/wp-content\/uploads\/2018\/09\/WhatsApp-Image-2018-09-20-at-16.04.06.jpeg 800w, https:\/\/www.radiopiu.net\/wordpress\/wp-content\/uploads\/2018\/09\/WhatsApp-Image-2018-09-20-at-16.04.06-300x38.jpeg 300w, https:\/\/www.radiopiu.net\/wordpress\/wp-content\/uploads\/2018\/09\/WhatsApp-Image-2018-09-20-at-16.04.06-768x96.jpeg 768w\" sizes=\"auto, (max-width: 800px) 100vw, 800px\" \/><\/a><\/p>\n<p><center><b>Mercoledi 18<\/b><\/center><b>Tempo atteso: <\/b>Sulle Prealpi tempo variabile\/instabile, con schiarite mattutine e rapido sviluppo di cumuli entro mezzogiorno, che potranno portare fenomeni di instabilit\u00e0 anche al pomeriggio\/sera. Sulle Dolomiti tempo pi\u00f9 soleggiato, specie al mattino quando le schiarite saranno prevalenti, mentre al pomeriggio\/sera lo sviluppo dei cumuli limiter\u00e0 in parte il soleggiamento e potr\u00e0 portare qualche locale fenomeno. Clima meno caldo.<br \/>\n<b>Precipitazioni: <\/b>Fino a met\u00e0 mattina assenti (0%); tra le ore centrali e il pomeriggio\/sera possibili rovesci sparsi e qualche temporale isolato; i fenomeni saranno pi\u00f9 probabili sulle Prealpi (50\/70%), meno sulle Dolomiti, dove saranno limitati a qualche rovescio pomeridiano (30\/50%). Cessazione dei fenomeni in serata\/notte.<br \/>\n<b>Temperature: <\/b>In calo, con minime alla sera pressoch\u00e8 ovunque. Su Prealpi a 1500 m min 10\u00b0C max 15\u00b0C, a 2000 m min 8\u00b0C max 11\u00b0C. Su Dolomiti a 2000 m min 7\u00b0C max 12\u00b0C, a 3000 m min 1\u00b0C max 5\u00b0C.<br \/>\n<b>Venti: <\/b>Nelle valli deboli a regime di brezza; in quota deboli\/moderati da Ovest Nord-Ovest, a 5-20 km\/h a 2000 m, 15-30 km\/h a 3000 m.<\/p>\n<hr \/>\n<p><center><b>Giovedi 19<\/b><\/center><b>Tempo atteso: <\/b>Tempo in miglioramento, con nubi basse probabili sulle Prealpi al mattino, in dissolvimento in giornata fino a cielo del tutto sereno in serata; sulle Dolomiti le schiarite saranno prevalenti gi\u00e0 in mattinata, mantenendosi il tempo perlopi\u00f9 soleggiato in giornata, solo con qualche modesto addensamento diurno. Clima decisamente pi\u00f9 fresco in quota, anche nelle valli nonostante il soleggiamento.<br \/>\n<b>Precipitazioni: <\/b>Assenti (0%).<br \/>\n<b>Temperature: <\/b>In ulteriore calo, con minime alla sera in quota. Su Prealpi a 1500 m min 8\u00b0C max 13\u00b0C, a 2000 m min 6\u00b0C max 9\u00b0C. Su Dolomiti a 2000 m min 6\u00b0C max 10\u00b0C, a 3000 m min 1\u00b0C max 3\u00b0C.<br \/>\n<b>Venti: <\/b>Nelle valli deboli a regime di brezza; in quota deboli\/moderati da Nord-Ovest, a 5-20 km\/h a 2000 m, 15-30 km\/h a 3000 m.<\/p>\n<hr \/>\n<p><center><b>Venerdi 20<\/b><\/center>Tempo perlopi\u00f9 soleggiato e stabile, con qualche possibile nube bassa mattutina, specie sulle Prealpi, modesti cumuli diurni e qualche velatura al pomeriggio\/sera. Clima fresco, specie al mattino, anche di giorno nonostante il soleggiamento. Venti deboli\/moderati nord-occidentali in quota.<\/p>\n<hr \/>\n<p><center><b>Sabato 21<\/b><\/center>Tempo ben soleggiato con cielo perlopi\u00f9 sereno, aria tersa ed ottima visibilit\u00e0. Clima fresco al mattino, con lieve rialzo termico diurno. Venti deboli settentrionali in quota. Previsore: G.M.<\/p>\n","protected":false},"excerpt":{"rendered":"<p>LA NOTIZIA DEL GIORNO AGORDO Leonardo Del Vecchio di nuovo in prima pagina, a caratteri cubitali: &#8220;SALE IN MEDIOBANCA&#8221; titola infatti il Corriere delle Alpi. Il Cavaliere ha messo sul piatto 580 mliioni ed \u00e8 ormai il terzo azionista con il 6.94% dell&#8217;istituto di credito. Il giornale pubblica la notizia resa nota ieri\u00a0 in tarda&hellip;<\/p>\n","protected":false},"author":1,"featured_media":98959,"comment_status":"closed","ping_status":"closed","sticky":false,"template":"","format":"standard","meta":{"_monsterinsights_skip_tracking":false,"_monsterinsights_sitenote_active":false,"_monsterinsights_sitenote_note":"","_monsterinsights_sitenote_category":0,"footnotes":""},"categories":[1,86],"tags":[],"class_list":["post-98993","post","type-post","status-publish","format-standard","has-post-thumbnail","hentry","category-senza-categoria","category-gr","category-1","category-86","description-off"],"img_url":"https:\/\/www.radiopiu.net\/wordpress\/wp-content\/uploads\/2019\/09\/cd74add8-ab7d-47a3-8e02-090f1bc94ec2.jpg","_links":{"self":[{"href":"https:\/\/www.radiopiu.net\/wordpress\/wp-json\/wp\/v2\/posts\/98993","targetHints":{"allow":["GET"]}}],"collection":[{"href":"https:\/\/www.radiopiu.net\/wordpress\/wp-json\/wp\/v2\/posts"}],"about":[{"href":"https:\/\/www.radiopiu.net\/wordpress\/wp-json\/wp\/v2\/types\/post"}],"author":[{"embeddable":true,"href":"https:\/\/www.radiopiu.net\/wordpress\/wp-json\/wp\/v2\/users\/1"}],"replies":[{"embeddable":true,"href":"https:\/\/www.radiopiu.net\/wordpress\/wp-json\/wp\/v2\/comments?post=98993"}],"version-history":[{"count":0,"href":"https:\/\/www.radiopiu.net\/wordpress\/wp-json\/wp\/v2\/posts\/98993\/revisions"}],"wp:featuredmedia":[{"embeddable":true,"href":"https:\/\/www.radiopiu.net\/wordpress\/wp-json\/wp\/v2\/media\/98959"}],"wp:attachment":[{"href":"https:\/\/www.radiopiu.net\/wordpress\/wp-json\/wp\/v2\/media?parent=98993"}],"wp:term":[{"taxonomy":"category","embeddable":true,"href":"https:\/\/www.radiopiu.net\/wordpress\/wp-json\/wp\/v2\/categories?post=98993"},{"taxonomy":"post_tag","embeddable":true,"href":"https:\/\/www.radiopiu.net\/wordpress\/wp-json\/wp\/v2\/tags?post=98993"}],"curies":[{"name":"wp","href":"https:\/\/api.w.org\/{rel}","templated":true}]}}