{"id":99038,"date":"2019-09-17T23:59:26","date_gmt":"2019-09-17T21:59:26","guid":{"rendered":"http:\/\/www.radiopiu.net\/wordpress\/?p=99038"},"modified":"2019-09-18T05:40:05","modified_gmt":"2019-09-18T03:40:05","slug":"ieri-ad-alleghe-turismo-e-natura-da-opportunita-a-visione-per-il-territorio","status":"publish","type":"post","link":"https:\/\/www.radiopiu.net\/wordpress\/ieri-ad-alleghe-turismo-e-natura-da-opportunita-a-visione-per-il-territorio\/","title":{"rendered":"IERI AD ALLEGHE TURISMO E NATURA, DA OPPORTUNITA&#8217; A VISIONE PER IL TERRITORIO."},"content":{"rendered":"<p>I<\/p>\n<h3 data-offset-key=\"frkd2-0-0\"><\/h3>\n<div data-offset-key=\"frkd2-0-0\">\n<blockquote><p><strong><a class=\"dt-pswp-item\" href=\"http:\/\/www.radiopiu.net\/wordpress\/wp-content\/uploads\/2018\/11\/Orsetto_MAADNESS.png\" data-dt-img-description=\"\" data-large_image_width=\"1201\" data-large_image_height=\"1201\"><img loading=\"lazy\" decoding=\"async\" class=\" wp-image-67219 alignleft\" src=\"http:\/\/www.radiopiu.net\/wordpress\/wp-content\/uploads\/2018\/11\/Orsetto_MAADNESS-300x300.png\" alt=\"\" width=\"105\" height=\"105\" srcset=\"https:\/\/www.radiopiu.net\/wordpress\/wp-content\/uploads\/2018\/11\/Orsetto_MAADNESS-300x300.png 300w, https:\/\/www.radiopiu.net\/wordpress\/wp-content\/uploads\/2018\/11\/Orsetto_MAADNESS-150x150.png 150w, https:\/\/www.radiopiu.net\/wordpress\/wp-content\/uploads\/2018\/11\/Orsetto_MAADNESS-768x768.png 768w, https:\/\/www.radiopiu.net\/wordpress\/wp-content\/uploads\/2018\/11\/Orsetto_MAADNESS-1024x1024.png 1024w, https:\/\/www.radiopiu.net\/wordpress\/wp-content\/uploads\/2018\/11\/Orsetto_MAADNESS.png 1201w\" sizes=\"auto, (max-width: 105px) 100vw, 105px\" \/><\/a><\/strong><\/p><\/blockquote>\n<p><strong>ALLEGHE <\/strong>Ieri al centro congressi evento di aggiornamento sugli importanti risultati raggiunti ad oggi dal progetto di sviluppo e valorizzazione territoriale su infrastrutture, nuova ospitalit\u00e0 e attivit\u00e0 di marketing.\u00a0 Gli interventi hanno desctitto il percorso intrapreso, i risultati in termini di progettazione, trasformazione e visibilit\u00e0, con particolare attenzione per l&#8217;iniziativa di promozione turistica Recharge in Nature, divenuta virale su tutti i principali media nazionali e all&#8217;estero. Di seguito la diretta di RADIOPIU&#8217; con gli interventi\u00a0 <em>del Sindaco di Alleghe, Danilo De Toni &#8211; Introduzione del Sindaco di Rocca Pietore, Andrea De Bernardin &#8211; Intervento de<\/em><em>l Project Manager, Denis dal Soler &#8211; Intervento della Marketing Manager, Emma Taveri &#8211; Intervento di Michela Valentini SL&amp;A\u00a0<\/em><\/p>\n<\/div>\n<p>&nbsp;<\/p>\n<h2><strong>LA DIRETTA RADIOPIU SU FACEBOOK<\/strong><\/h2>\n<div id=\"fb-root\"><\/div>\n<p><script async=\"1\" defer=\"1\" crossorigin=\"anonymous\" src=\"https:\/\/connect.facebook.net\/it_IT\/sdk.js#xfbml=1&amp;version=v6.0\"><\/script><\/p>\n<div class=\"fb-video\" data-href=\"https:\/\/www.facebook.com\/mirko.mezzacasa\/videos\/10220776796996609\/\" data-width=\"1200\">\n<blockquote cite=\"https:\/\/www.facebook.com\/mirko.mezzacasa\/videos\/10220776796996609\/\" class=\"fb-xfbml-parse-ignore\"><p><a href=\"https:\/\/www.facebook.com\/mirko.mezzacasa\/videos\/10220776796996609\/\"><\/a><\/p>\n<p>Pubblicato da <a href=\"https:\/\/www.facebook.com\/mirko.mezzacasa\">Mirko Mezzacasa<\/a> su Marted\u00ec 17 settembre 2019<\/p><\/blockquote>\n<\/div>\n<p><a class=\"dt-pswp-item\" href=\"http:\/\/www.radiopiu.net\/wordpress\/wp-content\/uploads\/2019\/09\/WhatsApp-Image-2019-09-17-at-17.51.39.jpeg\" data-dt-img-description=\"\" data-large_image_width=\"1600\" data-large_image_height=\"900\"><img loading=\"lazy\" decoding=\"async\" class=\"alignnone size-medium wp-image-99037\" src=\"http:\/\/www.radiopiu.net\/wordpress\/wp-content\/uploads\/2019\/09\/WhatsApp-Image-2019-09-17-at-17.51.39-300x169.jpeg\" alt=\"\" width=\"300\" height=\"169\" srcset=\"https:\/\/www.radiopiu.net\/wordpress\/wp-content\/uploads\/2019\/09\/WhatsApp-Image-2019-09-17-at-17.51.39-300x169.jpeg 300w, https:\/\/www.radiopiu.net\/wordpress\/wp-content\/uploads\/2019\/09\/WhatsApp-Image-2019-09-17-at-17.51.39-768x432.jpeg 768w, https:\/\/www.radiopiu.net\/wordpress\/wp-content\/uploads\/2019\/09\/WhatsApp-Image-2019-09-17-at-17.51.39-1024x576.jpeg 1024w, https:\/\/www.radiopiu.net\/wordpress\/wp-content\/uploads\/2019\/09\/WhatsApp-Image-2019-09-17-at-17.51.39.jpeg 1600w\" sizes=\"auto, (max-width: 300px) 100vw, 300px\" \/><\/a><a class=\"dt-pswp-item\" href=\"http:\/\/www.radiopiu.net\/wordpress\/wp-content\/uploads\/2019\/09\/WhatsApp-Image-2019-09-17-at-17.52.07.jpeg\" data-dt-img-description=\"\" data-large_image_width=\"1600\" data-large_image_height=\"900\"><img loading=\"lazy\" decoding=\"async\" class=\"alignnone size-medium wp-image-99036\" src=\"http:\/\/www.radiopiu.net\/wordpress\/wp-content\/uploads\/2019\/09\/WhatsApp-Image-2019-09-17-at-17.52.07-300x169.jpeg\" alt=\"\" width=\"300\" height=\"169\" srcset=\"https:\/\/www.radiopiu.net\/wordpress\/wp-content\/uploads\/2019\/09\/WhatsApp-Image-2019-09-17-at-17.52.07-300x169.jpeg 300w, https:\/\/www.radiopiu.net\/wordpress\/wp-content\/uploads\/2019\/09\/WhatsApp-Image-2019-09-17-at-17.52.07-768x432.jpeg 768w, https:\/\/www.radiopiu.net\/wordpress\/wp-content\/uploads\/2019\/09\/WhatsApp-Image-2019-09-17-at-17.52.07-1024x576.jpeg 1024w, https:\/\/www.radiopiu.net\/wordpress\/wp-content\/uploads\/2019\/09\/WhatsApp-Image-2019-09-17-at-17.52.07.jpeg 1600w\" sizes=\"auto, (max-width: 300px) 100vw, 300px\" \/><\/a><a class=\"dt-pswp-item\" href=\"http:\/\/www.radiopiu.net\/wordpress\/wp-content\/uploads\/2019\/09\/WhatsApp-Image-2019-09-17-at-17.52.54.jpeg\" data-dt-img-description=\"\" data-large_image_width=\"1600\" data-large_image_height=\"900\"><img loading=\"lazy\" decoding=\"async\" class=\"alignnone size-medium wp-image-99035\" src=\"http:\/\/www.radiopiu.net\/wordpress\/wp-content\/uploads\/2019\/09\/WhatsApp-Image-2019-09-17-at-17.52.54-300x169.jpeg\" alt=\"\" width=\"300\" height=\"169\" srcset=\"https:\/\/www.radiopiu.net\/wordpress\/wp-content\/uploads\/2019\/09\/WhatsApp-Image-2019-09-17-at-17.52.54-300x169.jpeg 300w, https:\/\/www.radiopiu.net\/wordpress\/wp-content\/uploads\/2019\/09\/WhatsApp-Image-2019-09-17-at-17.52.54-768x432.jpeg 768w, https:\/\/www.radiopiu.net\/wordpress\/wp-content\/uploads\/2019\/09\/WhatsApp-Image-2019-09-17-at-17.52.54-1024x576.jpeg 1024w, https:\/\/www.radiopiu.net\/wordpress\/wp-content\/uploads\/2019\/09\/WhatsApp-Image-2019-09-17-at-17.52.54.jpeg 1600w\" sizes=\"auto, (max-width: 300px) 100vw, 300px\" \/><\/a><\/p>\n<h1>Recharge in Nature \u201cHappiness in the heart of the Dolomites\u201d&#8230; No, non \u00e8 una pubblicit\u00e0. \u00c8 tutto vero!<\/h1>\n<div id=\"fb-root\"><\/div>\n<p><script async=\"1\" defer=\"1\" crossorigin=\"anonymous\" src=\"https:\/\/connect.facebook.net\/it_IT\/sdk.js#xfbml=1&amp;version=v6.0\"><\/script><\/p>\n<div class=\"fb-video\" data-href=\"https:\/\/www.facebook.com\/DolomitesMaadness\/videos\/1141598729362266\/\" data-width=\"1200\">\n<blockquote cite=\"https:\/\/www.facebook.com\/DolomitesMaadness\/videos\/1141598729362266\/\" class=\"fb-xfbml-parse-ignore\"><p><a href=\"https:\/\/www.facebook.com\/DolomitesMaadness\/videos\/1141598729362266\/\">HAPPINESS IN THE HEART OF THE DOLOMITES<\/a><\/p>\n<p>Happiness in the heart of the Dolomites.No, non \u00e8 una pubblicit\u00e0. \u00c8 tutto vero! \u2764#RechargeInNature #HostedByNature #PoweredByHumansHeart of the DolomitesVisit Rocca Pietore Marmolada Dolomites<\/p>\n<p>Pubblicato da <a href=\"https:\/\/www.facebook.com\/DolomitesMaadness\/\">Dolomites Maadness<\/a> su Marted\u00ec 17 settembre 2019<\/p><\/blockquote>\n<\/div>\n<h2><\/h2>\n<h2>CONCLUSIONI LUCIA FILIPPI DOLOMITES MAADNESS<\/h2>\n<audio class=\"wp-audio-shortcode\" id=\"audio-99038-1\" preload=\"none\" style=\"width: 100%;\" controls=\"controls\"><source type=\"audio\/mpeg\" src=\"http:\/\/www.radiopiu.net\/wordpress\/wp-content\/uploads\/2019\/09\/LUCIA.mp3?_=1\" \/><a href=\"http:\/\/www.radiopiu.net\/wordpress\/wp-content\/uploads\/2019\/09\/LUCIA.mp3\">http:\/\/www.radiopiu.net\/wordpress\/wp-content\/uploads\/2019\/09\/LUCIA.mp3<\/a><\/audio>\n<p>&nbsp;<\/p>\n<h2><strong>CONCLUSIONE EMMA TAVERI <\/strong>DOLOMITES MAADNESS<\/h2>\n<audio class=\"wp-audio-shortcode\" id=\"audio-99038-2\" preload=\"none\" style=\"width: 100%;\" controls=\"controls\"><source type=\"audio\/mpeg\" src=\"http:\/\/www.radiopiu.net\/wordpress\/wp-content\/uploads\/2019\/09\/emma-finale.mp3?_=2\" \/><a href=\"http:\/\/www.radiopiu.net\/wordpress\/wp-content\/uploads\/2019\/09\/emma-finale.mp3\">http:\/\/www.radiopiu.net\/wordpress\/wp-content\/uploads\/2019\/09\/emma-finale.mp3<\/a><\/audio>\n<p>&nbsp;<\/p>\n<h2><strong>MAURO VATTAI<\/strong><\/h2>\n<div style=\"width: 848px;\" class=\"wp-video\"><video class=\"wp-video-shortcode\" id=\"video-99038-1\" width=\"848\" height=\"480\" preload=\"metadata\" controls=\"controls\"><source type=\"video\/mp4\" src=\"http:\/\/www.radiopiu.net\/wordpress\/wp-content\/uploads\/2019\/09\/WhatsApp-Video-2019-09-17-at-20.39.27.mp4?_=1\" \/><a href=\"http:\/\/www.radiopiu.net\/wordpress\/wp-content\/uploads\/2019\/09\/WhatsApp-Video-2019-09-17-at-20.39.27.mp4\">http:\/\/www.radiopiu.net\/wordpress\/wp-content\/uploads\/2019\/09\/WhatsApp-Video-2019-09-17-at-20.39.27.mp4<\/a><\/video><\/div>\n<h2><\/h2>\n<h2><strong>ALBERTO FISTAROLLO LO PSICOLOGO<\/strong><\/h2>\n<div style=\"width: 848px;\" class=\"wp-video\"><video class=\"wp-video-shortcode\" id=\"video-99038-2\" width=\"848\" height=\"480\" preload=\"metadata\" controls=\"controls\"><source type=\"video\/mp4\" src=\"http:\/\/www.radiopiu.net\/wordpress\/wp-content\/uploads\/2019\/09\/WhatsApp-Video-2019-09-17-at-14.50.30.mp4?_=2\" \/><a href=\"http:\/\/www.radiopiu.net\/wordpress\/wp-content\/uploads\/2019\/09\/WhatsApp-Video-2019-09-17-at-14.50.30.mp4\">http:\/\/www.radiopiu.net\/wordpress\/wp-content\/uploads\/2019\/09\/WhatsApp-Video-2019-09-17-at-14.50.30.mp4<\/a><\/video><\/div>\n<p>&nbsp;<\/p>\n<p>&nbsp;<\/p>\n<p>&nbsp;<\/p>\n<p>&nbsp;<\/p>\n","protected":false},"excerpt":{"rendered":"<p>I ALLEGHE Ieri al centro congressi evento di aggiornamento sugli importanti risultati raggiunti ad oggi dal progetto di sviluppo e valorizzazione territoriale su infrastrutture, nuova ospitalit\u00e0 e attivit\u00e0 di marketing.\u00a0 Gli interventi hanno desctitto il percorso intrapreso, i risultati in termini di progettazione, trasformazione e visibilit\u00e0, con particolare attenzione per l&#8217;iniziativa di promozione turistica Recharge&hellip;<\/p>\n","protected":false},"author":1,"featured_media":99037,"comment_status":"closed","ping_status":"closed","sticky":false,"template":"","format":"standard","meta":{"_monsterinsights_skip_tracking":false,"_monsterinsights_sitenote_active":false,"_monsterinsights_sitenote_note":"","_monsterinsights_sitenote_category":0,"footnotes":""},"categories":[51,49],"tags":[],"class_list":["post-99038","post","type-post","status-publish","format-standard","has-post-thumbnail","hentry","category-evidenza-top","category-news-18","category-51","category-49","description-off"],"img_url":"https:\/\/www.radiopiu.net\/wordpress\/wp-content\/uploads\/2019\/09\/WhatsApp-Image-2019-09-17-at-17.51.39.jpeg","_links":{"self":[{"href":"https:\/\/www.radiopiu.net\/wordpress\/wp-json\/wp\/v2\/posts\/99038","targetHints":{"allow":["GET"]}}],"collection":[{"href":"https:\/\/www.radiopiu.net\/wordpress\/wp-json\/wp\/v2\/posts"}],"about":[{"href":"https:\/\/www.radiopiu.net\/wordpress\/wp-json\/wp\/v2\/types\/post"}],"author":[{"embeddable":true,"href":"https:\/\/www.radiopiu.net\/wordpress\/wp-json\/wp\/v2\/users\/1"}],"replies":[{"embeddable":true,"href":"https:\/\/www.radiopiu.net\/wordpress\/wp-json\/wp\/v2\/comments?post=99038"}],"version-history":[{"count":0,"href":"https:\/\/www.radiopiu.net\/wordpress\/wp-json\/wp\/v2\/posts\/99038\/revisions"}],"wp:featuredmedia":[{"embeddable":true,"href":"https:\/\/www.radiopiu.net\/wordpress\/wp-json\/wp\/v2\/media\/99037"}],"wp:attachment":[{"href":"https:\/\/www.radiopiu.net\/wordpress\/wp-json\/wp\/v2\/media?parent=99038"}],"wp:term":[{"taxonomy":"category","embeddable":true,"href":"https:\/\/www.radiopiu.net\/wordpress\/wp-json\/wp\/v2\/categories?post=99038"},{"taxonomy":"post_tag","embeddable":true,"href":"https:\/\/www.radiopiu.net\/wordpress\/wp-json\/wp\/v2\/tags?post=99038"}],"curies":[{"name":"wp","href":"https:\/\/api.w.org\/{rel}","templated":true}]}}