{"id":99066,"date":"2019-09-19T05:50:39","date_gmt":"2019-09-19T03:50:39","guid":{"rendered":"http:\/\/www.radiopiu.net\/wordpress\/?p=99066"},"modified":"2019-09-20T11:58:50","modified_gmt":"2019-09-20T09:58:50","slug":"giornale-radiopiu-19-settembre-2019-direttore-mirko-mezzacasa-2","status":"publish","type":"post","link":"https:\/\/www.radiopiu.net\/wordpress\/giornale-radiopiu-19-settembre-2019-direttore-mirko-mezzacasa-2\/","title":{"rendered":"GIORNALE RADIOPIU 19 SETTEMBRE 2019 DIRETTORE MIRKO MEZZACASA"},"content":{"rendered":"<h3><\/h3>\n<div class=\"_2cuy _3dgx\" data-block=\"true\" data-editor=\"2vpgl\" data-offset-key=\"aaq3a-0-0\">\n<h3 class=\"_1mf _1mj\" data-offset-key=\"aaq3a-0-0\"><span data-offset-key=\"aaq3a-0-0\"><a class=\"dt-pswp-item\" href=\"http:\/\/www.radiopiu.net\/wordpress\/wp-content\/uploads\/2019\/09\/70277442_731680757273151_2283558481204084736_n.jpg\" data-dt-img-description=\"\" data-large_image_width=\"180\" data-large_image_height=\"370\"><img loading=\"lazy\" decoding=\"async\" class=\"wp-image-99186 alignleft\" src=\"http:\/\/www.radiopiu.net\/wordpress\/wp-content\/uploads\/2019\/09\/70277442_731680757273151_2283558481204084736_n-146x300.jpg\" alt=\"\" width=\"101\" height=\"208\" srcset=\"https:\/\/www.radiopiu.net\/wordpress\/wp-content\/uploads\/2019\/09\/70277442_731680757273151_2283558481204084736_n-146x300.jpg 146w, https:\/\/www.radiopiu.net\/wordpress\/wp-content\/uploads\/2019\/09\/70277442_731680757273151_2283558481204084736_n.jpg 180w\" sizes=\"auto, (max-width: 101px) 100vw, 101px\" \/><\/a>PROVINCIALE VALLE DEL MIS, FINO AL 04 OTTOBRE INTERDIZIONE TOTALE AL TRANSITO TRA TITELE E CALIFORNIA, ECCETTO RESIDENTI.<\/span><\/h3>\n<\/div>\n<div class=\"_2cuy _3dgx\" data-block=\"true\" data-editor=\"2vpgl\" data-offset-key=\"1jshm-0-0\">\n<h3 class=\"_1mf _1mj\" data-offset-key=\"1jshm-0-0\"><span data-offset-key=\"1jshm-0-0\">Per chiarezza: E&#8217; chiusa una strada secondaria.. praticamente dopo la frazione Bitti c&#8217;\u00e8 un ponte che gira a destra per l&#8217;abitato di California, strada sterrata.. in poche parole da dopo il ponte devono asfaltare la strada in direzione California.. ma la strada principale che prosegue per la val del mis e aperta..<\/span><\/h3>\n<\/div>\n<div data-offset-key=\"1jshm-0-0\"><\/div>\n<div data-offset-key=\"1jshm-0-0\"><\/div>\n<div data-offset-key=\"1jshm-0-0\"><\/div>\n<h3><\/h3>\n<h3><\/h3>\n<h3><\/h3>\n<h3><\/h3>\n<h3>UNA NOTIZIA AL GIORNO, ANZI TRE&#8230;. DA LUXOTTICA<\/h3>\n<p>Anche oggi \u00e8 Luxottica che apre i nostri notiziari, ieri la notizia dell&#8217;entrata in Mediobanca di Leonardo Del Vecchio, oggi il patto tra il colosso dell&#8217;occhiale e facebook per realizzare gli occhiali intelligenti. La Cncb cita una fonte anonima che sta lavorando al progetto. Ecco spiegata la visita di Mark Zuckerberg lo scorso maggio ad Agordo. E&#8217; anche il giorno in cui vengono resi noti i compensi per gli AD di Luxottica. Nella pagina sindacale il contratto integrativo, ieri tema di discussione in Cisl La Voce dei Lavoratori con Nicola Brancher,<\/p>\n<p>&nbsp;<\/p>\n<blockquote>\n<h3><a class=\"dt-pswp-item\" href=\"http:\/\/www.radiopiu.net\/wordpress\/wp-content\/uploads\/2018\/05\/brancehr-e1568821421912.jpg\" data-dt-img-description=\"\" data-large_image_width=\"947\" data-large_image_height=\"960\"><img loading=\"lazy\" decoding=\"async\" class=\"wp-image-48458 alignleft\" src=\"http:\/\/www.radiopiu.net\/wordpress\/wp-content\/uploads\/2018\/05\/brancehr-e1568821421912-296x300.jpg\" alt=\"\" width=\"132\" height=\"134\" srcset=\"https:\/\/www.radiopiu.net\/wordpress\/wp-content\/uploads\/2018\/05\/brancehr-e1568821421912-296x300.jpg 296w, https:\/\/www.radiopiu.net\/wordpress\/wp-content\/uploads\/2018\/05\/brancehr-e1568821421912-768x779.jpg 768w, https:\/\/www.radiopiu.net\/wordpress\/wp-content\/uploads\/2018\/05\/brancehr-e1568821421912.jpg 947w\" sizes=\"auto, (max-width: 132px) 100vw, 132px\" \/><\/a>IERI ALLA RADIO, CISL LA VOCE DI LAVORATORI. OSPITE NICOLA BRANCHER: IL CONTRATTO INTEGRATIVO, IL CONTRATTO NAZIONALE, PROBLEMA PARCHEGGI E WELFARE NEL GIORNO IN CUI SI UFFICIALIZZA LA PARTECIPAZIONE IN MEDIOBANCA DI LEONARDO DEL VECCHIO, TERZO SOCIO CON QUASI IL 7 PER CENTO DEL PACCHETTO AZIONARIO.<\/h3>\n<\/blockquote>\n<audio class=\"wp-audio-shortcode\" id=\"audio-99066-1\" preload=\"none\" style=\"width: 100%;\" controls=\"controls\"><source type=\"audio\/mpeg\" src=\"http:\/\/www.radiopiu.net\/wordpress\/wp-content\/uploads\/2019\/09\/CISL.mp3?_=1\" \/><a href=\"http:\/\/www.radiopiu.net\/wordpress\/wp-content\/uploads\/2019\/09\/CISL.mp3\">http:\/\/www.radiopiu.net\/wordpress\/wp-content\/uploads\/2019\/09\/CISL.mp3<\/a><\/audio>\n<h3><a href=\"https:\/\/1.bp.blogspot.com\/-bPUZ_T7NSww\/XYH4JMkDj5I\/AAAAAAAAAk4\/NpkJ0gXcmd84gvVBnvPQMTUg_tgiuvv2ACLcBGAsYHQ\/s1600\/contract-1332817_640.png\"><img loading=\"lazy\" decoding=\"async\" class=\"alignleft\" src=\"https:\/\/1.bp.blogspot.com\/-bPUZ_T7NSww\/XYH4JMkDj5I\/AAAAAAAAAk4\/NpkJ0gXcmd84gvVBnvPQMTUg_tgiuvv2ACLcBGAsYHQ\/s320\/contract-1332817_640.png\" width=\"168\" height=\"182\" border=\"0\" data-original-height=\"640\" data-original-width=\"588\" \/><\/a><\/h3>\n<h3><\/h3>\n<h3>CON LA COLLABORAZIONE DI EMILIO BEZ, UIL IL CONTRATTO INTEGRATIVO<\/h3>\n<h3 class=\"post-title entry-title\">Contratto integrativo Luxottica: il testo completo.<\/h3>\n<div class=\"post-header\">\n<div class=\"post-header-line-1\">Il contratto integrativo Luxottica firmato a giugno aveva richiesto, come \u00e8 noto, molti mesi di trattative. In seguito il testo \u00e8 stato sottoposto a revisione per correggere eventuali errori e facilitarne la comprensione e l&#8217;interpretazione.<\/div>\n<\/div>\n<div id=\"post-body-7320094917763469041\" class=\"post-body entry-content\">\n<div>Il contratto \u00e8 liberamente visualizzabile online cliccando sul seguente link:<\/div>\n<div><a href=\"https:\/\/drive.google.com\/file\/d\/12P7IABbwKAF5z6gfWFgJyInDQMgBKVYQ\/view?usp=drivesdk\">C.I.A. LUXOTTICA &#8211; file PDF<\/a><\/div>\n<\/div>\n<div><\/div>\n<div><\/div>\n<div>\n<h3><span style=\"color: #ff0000;\">SULLA STAMPA<\/span><\/h3>\n<\/div>\n<h2><a class=\"dt-pswp-item\" href=\"http:\/\/www.radiopiu.net\/wordpress\/wp-content\/uploads\/2019\/09\/AFP_1KD6BN-kVvF-U3140910163067I0-656x492@Corriere-Web-Sezioni.jpg\" data-dt-img-description=\"\" data-large_image_width=\"656\" data-large_image_height=\"492\"><img loading=\"lazy\" decoding=\"async\" class=\"wp-image-99089 alignleft\" src=\"http:\/\/www.radiopiu.net\/wordpress\/wp-content\/uploads\/2019\/09\/AFP_1KD6BN-kVvF-U3140910163067I0-656x492@Corriere-Web-Sezioni-300x225.jpg\" alt=\"\" width=\"204\" height=\"153\" srcset=\"https:\/\/www.radiopiu.net\/wordpress\/wp-content\/uploads\/2019\/09\/AFP_1KD6BN-kVvF-U3140910163067I0-656x492@Corriere-Web-Sezioni-300x225.jpg 300w, https:\/\/www.radiopiu.net\/wordpress\/wp-content\/uploads\/2019\/09\/AFP_1KD6BN-kVvF-U3140910163067I0-656x492@Corriere-Web-Sezioni.jpg 656w\" sizes=\"auto, (max-width: 204px) 100vw, 204px\" \/><\/a><\/h2>\n<h2>LA CURIOSITA&#8217;\u00a0 \u00a0LUXOTTICA-FACEBOOK <span style=\"color: #ff0000;\"><a style=\"color: #ff0000;\" href=\"https:\/\/www-corriere-it.cdn.ampproject.org\/c\/s\/www.corriere.it\/tecnologia\/19_settembre_18\/facebook-luxottica-preparano-occhiali-la-realta-aumentata-0ac80390-d9e8-11e9-a5d9-ff444289a2e0_amp.html\">CLICCA QUI<\/a><\/span><\/h2>\n<header class=\"container-header-article \">\n<h1 class=\"article-title\">\u00abFacebook e Luxottica preparano gli occhiali per la realt\u00e0 aumentata\u00bb<\/h1>\n<h3 class=\"article-signature\"><span style=\"font-size: 14px; font-weight: normal;\">Ecco cosa ci faceva Mark Zuckerberg ad Agordo, nel Bellunese, <\/span><a style=\"font-size: 14px; font-weight: normal;\" href=\"https:\/\/corrieredelveneto.corriere.it\/belluno\/cronaca\/19_maggio_09\/ronaldo-atterra-ad-agordo-visitare-stabilimento-luxottica-dipendenti-delirio-7dcabb30-7241-11e9-86df-6ad97e285dc8.shtml\" target=\"_top\" rel=\"noopener noreferrer\">lo scorso maggio<\/a><span style=\"font-size: 14px; font-weight: normal;\">\u00a0alla corte di Leonardo Del Vecchio, patron di\u00a0<\/span><span class=\"bold\" style=\"font-size: 14px; font-weight: normal;\">Luxottica<\/span><span style=\"font-size: 14px; font-weight: normal;\">. Secondo<\/span><a style=\"font-size: 14px; font-weight: normal;\" href=\"https:\/\/www.cnbc.com\/2019\/09\/17\/facebook-enlists-ray-ban-maker-luxottica-to-make-orion-ar-glasses.html?__source=sharebar|twitter&amp;par=sharebar\" target=\"_top\" rel=\"noopener noreferrer\"><span class=\"italic\">\u00a0Cnbc<\/span><\/a><span style=\"font-size: 14px; font-weight: normal;\">,\u00a0<\/span><\/h3>\n<\/header>\n<h2><\/h2>\n<h1><\/h1>\n<p>&nbsp;<\/p>\n<p>&nbsp;<\/p>\n<p>&nbsp;<\/p>\n<p>&nbsp;<\/p>\n<h2><a class=\"dt-pswp-item\" href=\"http:\/\/www.radiopiu.net\/wordpress\/wp-content\/uploads\/2019\/09\/a8ef9b56-da23-11e9-9482-641910bceb76-fotohome1.jpg\" data-dt-img-description=\"\" data-large_image_width=\"672\" data-large_image_height=\"353\"><img loading=\"lazy\" decoding=\"async\" class=\" wp-image-99095 alignleft\" src=\"http:\/\/www.radiopiu.net\/wordpress\/wp-content\/uploads\/2019\/09\/a8ef9b56-da23-11e9-9482-641910bceb76-fotohome1-300x158.jpg\" alt=\"\" width=\"178\" height=\"94\" srcset=\"https:\/\/www.radiopiu.net\/wordpress\/wp-content\/uploads\/2019\/09\/a8ef9b56-da23-11e9-9482-641910bceb76-fotohome1-300x158.jpg 300w, https:\/\/www.radiopiu.net\/wordpress\/wp-content\/uploads\/2019\/09\/a8ef9b56-da23-11e9-9482-641910bceb76-fotohome1.jpg 672w\" sizes=\"auto, (max-width: 178px) 100vw, 178px\" \/><\/a>LIQUIDAZIONI D&#8217;ORO IN LUXOTTICA DA GUERRA IN POI&#8230; <span style=\"color: #0000ff;\"><strong><a style=\"color: #0000ff;\" href=\"http:\/\/amp.ilsole24ore.com\/pagina\/ACg7rBl\">CLICCA QUI<\/a><\/strong><\/span><\/h2>\n<div><\/div>\n<div><\/div>\n<p>&nbsp;<\/p>\n<p>&nbsp;<\/p>\n<p>&nbsp;<\/p>\n<p>&nbsp;<\/p>\n<blockquote><p>&nbsp;<\/p><\/blockquote>\n<p>&nbsp;<\/p>\n<p><strong>Gestione Servizi Pubblici informa che a SAN TOMASO AGORDINO nelle LOCALITA&#8217; PECOL E PIAIA , l&#8217;acqua erogata dall&#8217;acquedotto non \u00e8 potabile e pu\u00f2 essere usata per scopi alimentari SOLO PREVIA bollitura. GSP ha, comunque, gi\u00e0 adottato le necessarie misure per la disinfezione dell&#8217;acqua presente nei serbatoi e nella rete idrica con l&#8217;aggiunta di cloro. Ulteriori informazioni saranno fornite nei prossimi giorni<\/strong><\/p>\n<p>&nbsp;<\/p>\n<p>&nbsp;<\/p>\n<h2>QUERO VAS: ARRESTATO CON 1,4 KG DI HASHISH<\/h2>\n<p><strong><a class=\"dt-pswp-item\" href=\"http:\/\/www.radiopiu.net\/wordpress\/wp-content\/uploads\/2019\/09\/1b0993ae-7365-4ce0-9c0e-6536c15cf355.jpg\" data-dt-img-description=\"\" data-large_image_width=\"529\" data-large_image_height=\"800\"><img loading=\"lazy\" decoding=\"async\" class=\" wp-image-99060 alignleft\" src=\"http:\/\/www.radiopiu.net\/wordpress\/wp-content\/uploads\/2019\/09\/1b0993ae-7365-4ce0-9c0e-6536c15cf355-198x300.jpg\" alt=\"\" width=\"129\" height=\"195\" srcset=\"https:\/\/www.radiopiu.net\/wordpress\/wp-content\/uploads\/2019\/09\/1b0993ae-7365-4ce0-9c0e-6536c15cf355-198x300.jpg 198w, https:\/\/www.radiopiu.net\/wordpress\/wp-content\/uploads\/2019\/09\/1b0993ae-7365-4ce0-9c0e-6536c15cf355.jpg 529w\" sizes=\"auto, (max-width: 129px) 100vw, 129px\" \/><\/a>QUERO VAS<\/strong>\u00a0 Continua l&#8217;attivit\u00e0 di prevenzione e repressione dei reati in materia di sostanze stupefacenti da parte della Compagnia Carabinieri di\u00a0 Feltre. I militari del Norm della locale Compagnia unitamente al personale della Stazione di Quero Vas e di quello del nucleo cinofili di Torreglia (Pd), coordinati dal luogotenente Alberto Cominelli, hanno eseguito\u00a0 una perquisizione presso\u00a0 l&#8217;abitazione di un 57enne del luogo rinvenendo e sequestrando: 1,4\u00a0 chilogrammi di hashis,\u00a0 100 grammi di marijuana e\u00a0 2700 euro in contanti nonch\u00e9 materiale vario per il confezionamento. L&#8217;attivit\u00e0 \u00e9 nata a seguito di numerse segnalazioni raccolte suffragate da vari sequestri di piccolissime quantit\u00e0 di stupefacenti (spinelli) a giovani, anche minorenni, del luogo che indirizzavano i sospetti verso il soggetto poi arrestato. Queste indicazioni hanno consentito\u00a0 ai militari di richiedere ed ottenere\u00a0 un decreto di perquisizione, il materiale era\u00a0 nascosto in diversi punti della casa grazie anche al prezioso contributo del cane Cjr del nucleo cinofili che ancora una volta ha dato prova delle sue spiccate qualit\u00e0.\u00a0 Al termine delle operazioni l&#8217;uomo arrestato \u00e8 stato incarcerato\u00a0 a Belluno, poi concessi i domiciliari presso l&#8217;abitazione.<\/p>\n<h2>SPINELLI IN AUTO UOMO NEI GUAI<\/h2>\n<p>I Carabinieri di Quero Vas, durante un controllo alla circolazione stradale, hanno ispezionato\u00a0 una autovettura Renault condotta da un 54enne di Marostica.\u00a0 All&#8217;interno\u00a0 trovati tre spinelli (3 grammi complessivi di marijuana) e un altro sacchettino con altri 7 grammi. Poich\u00e9 il conducente si \u00e8 rifiutato\u00a0 di sottoporsi agli accertamenti\u00a0 \u00e8 scattato il sequestro dell&#8217;auto e del documento di guida oltre ovviamente allo stupefacente, l&#8217;uomo \u00e8 stato denunciato all&#8217;autorit\u00e0 giudiziaria<\/p>\n<p>&nbsp;<\/p>\n<p>&nbsp;<\/p>\n<h2><a class=\"dt-pswp-item\" href=\"http:\/\/www.radiopiu.net\/wordpress\/wp-content\/uploads\/2019\/09\/WhatsApp-Image-2019-09-18-at-19.11.10-1.jpeg\" data-dt-img-description=\"\" data-large_image_width=\"1024\" data-large_image_height=\"768\"><img loading=\"lazy\" decoding=\"async\" class=\" wp-image-99107 alignleft\" src=\"http:\/\/www.radiopiu.net\/wordpress\/wp-content\/uploads\/2019\/09\/WhatsApp-Image-2019-09-18-at-19.11.10-1-300x225.jpeg\" alt=\"\" width=\"221\" height=\"166\" srcset=\"https:\/\/www.radiopiu.net\/wordpress\/wp-content\/uploads\/2019\/09\/WhatsApp-Image-2019-09-18-at-19.11.10-1-300x225.jpeg 300w, https:\/\/www.radiopiu.net\/wordpress\/wp-content\/uploads\/2019\/09\/WhatsApp-Image-2019-09-18-at-19.11.10-1-768x576.jpeg 768w, https:\/\/www.radiopiu.net\/wordpress\/wp-content\/uploads\/2019\/09\/WhatsApp-Image-2019-09-18-at-19.11.10-1.jpeg 1024w\" sizes=\"auto, (max-width: 221px) 100vw, 221px\" \/><\/a><\/h2>\n<h2>IL MISTERO DEL CERVO DALLA TESTA MOZZATA<\/h2>\n<p>Leandro Grones, sindaco e gi\u00e0 presidente della riserva di caccia dell&#8217;Agordino <em>&#8220;Dal posteriore\u00a0 pare sia un animale debilitato. Pu\u00f2 anche essere che sia morto per i fatti suoi e qualcuno passando di la abbia tolto la testa&#8221;<\/em><\/p>\n<p><strong>LIVINALLONGO<\/strong><\/p>\n<p><strong>GIANNI SANTOMASO<\/strong><\/p>\n<audio class=\"wp-audio-shortcode\" id=\"audio-99066-2\" preload=\"none\" style=\"width: 100%;\" controls=\"controls\"><source type=\"audio\/mpeg\" src=\"http:\/\/www.radiopiu.net\/wordpress\/wp-content\/uploads\/2019\/09\/CERVO.mp3?_=2\" \/><a href=\"http:\/\/www.radiopiu.net\/wordpress\/wp-content\/uploads\/2019\/09\/CERVO.mp3\">http:\/\/www.radiopiu.net\/wordpress\/wp-content\/uploads\/2019\/09\/CERVO.mp3<\/a><\/audio>\n<p>&nbsp;<\/p>\n<p>&nbsp;<\/p>\n<p>&nbsp;<\/p>\n<h3>PERCHE&#8217;\u00a0 LA PISTA\u00a0 CICLABILE LISTOLADE CENCENIGHE NON ESISTE PIU&#8217;<\/h3>\n<p><a class=\"dt-pswp-item\" href=\"http:\/\/www.radiopiu.net\/wordpress\/wp-content\/uploads\/2019\/09\/WhatsApp-Image-2019-09-14-at-11.48.54.jpeg\" data-dt-img-description=\"\" data-large_image_width=\"1599\" data-large_image_height=\"1200\"><img loading=\"lazy\" decoding=\"async\" class=\"alignnone size-medium wp-image-99086\" src=\"http:\/\/www.radiopiu.net\/wordpress\/wp-content\/uploads\/2019\/09\/WhatsApp-Image-2019-09-14-at-11.48.54-300x225.jpeg\" alt=\"\" width=\"300\" height=\"225\" srcset=\"https:\/\/www.radiopiu.net\/wordpress\/wp-content\/uploads\/2019\/09\/WhatsApp-Image-2019-09-14-at-11.48.54-300x225.jpeg 300w, https:\/\/www.radiopiu.net\/wordpress\/wp-content\/uploads\/2019\/09\/WhatsApp-Image-2019-09-14-at-11.48.54-768x576.jpeg 768w, https:\/\/www.radiopiu.net\/wordpress\/wp-content\/uploads\/2019\/09\/WhatsApp-Image-2019-09-14-at-11.48.54-1024x768.jpeg 1024w, https:\/\/www.radiopiu.net\/wordpress\/wp-content\/uploads\/2019\/09\/WhatsApp-Image-2019-09-14-at-11.48.54.jpeg 1599w\" sizes=\"auto, (max-width: 300px) 100vw, 300px\" \/><\/a><a class=\"dt-pswp-item\" href=\"http:\/\/www.radiopiu.net\/wordpress\/wp-content\/uploads\/2019\/09\/WhatsApp-Image-2019-09-14-at-12.04.50.jpeg\" data-dt-img-description=\"\" data-large_image_width=\"1599\" data-large_image_height=\"1200\"><img loading=\"lazy\" decoding=\"async\" class=\"alignnone size-medium wp-image-99085\" src=\"http:\/\/www.radiopiu.net\/wordpress\/wp-content\/uploads\/2019\/09\/WhatsApp-Image-2019-09-14-at-12.04.50-300x225.jpeg\" alt=\"\" width=\"300\" height=\"225\" srcset=\"https:\/\/www.radiopiu.net\/wordpress\/wp-content\/uploads\/2019\/09\/WhatsApp-Image-2019-09-14-at-12.04.50-300x225.jpeg 300w, https:\/\/www.radiopiu.net\/wordpress\/wp-content\/uploads\/2019\/09\/WhatsApp-Image-2019-09-14-at-12.04.50-768x576.jpeg 768w, https:\/\/www.radiopiu.net\/wordpress\/wp-content\/uploads\/2019\/09\/WhatsApp-Image-2019-09-14-at-12.04.50-1024x768.jpeg 1024w, https:\/\/www.radiopiu.net\/wordpress\/wp-content\/uploads\/2019\/09\/WhatsApp-Image-2019-09-14-at-12.04.50.jpeg 1599w\" sizes=\"auto, (max-width: 300px) 100vw, 300px\" \/><\/a><\/p>\n<p><strong>TAIBON<\/strong> In ogni riunione dove si parla di turismo \u00e8 prioritaria la parola &#8220;ciclabile&#8221;, perch\u00e9 si voglia o no quello delle due ruote \u00e8 un argomento di grande interesse per chi desidera passare uno o pi\u00f9 giorni tra le Dolomiti e pretende servizi. La ciclabile \u00e8 fondamentale, non a caso il progettone con capofila Rocca Pietore investe centinaia di migliaia d&#8217;euro in un lavoro che prima di Vaia era a buon punto. Se n&#8217;\u00e8 parlato ad\u00a0 Alleghe dove \u00e8 emerso con prepotenza che da Alleghe a Sottoguda il progetto ritorna nel cassetto cos\u00ec come una parte della Cencenighe-Alleghe. Della Cencenighe-Taibon manco una parola. Eppure \u00e8 una strada di grande importanza, se vogliamo dirla tutta non solo per il turismo ma anche come strada di emergenza in caso di chiusura della 203 per sassi (che non \u00e8 una novit\u00e0), voragini sulla strada (leggi Morbiach) o incidenti mortali in galleria, l&#8217;ultima volta il tunnel \u00e8 rimasto chiuso 8 ore. Per iniziare va detto che ciclabile non \u00e8 mai stata, piuttosto strada interdetta a tutti i mezzi eccetto uomini e animali, perch\u00e9 i Comuni interessati (Taibon e Cencenighe) non se la sono mai presa in carico forse per questioni di responsabilit\u00e0 o per chiss\u00e0 quale altro motivo. Vaia ha spazzato via un centinaio di metri compresa la scogliera a difesa del Cordevole e muraglioni di contenimento, poi ci sono le varie frane scese qui e li. Ma 11 mesi dopo non \u00e8 stato mosso un albero, nemmeno un sasso e la strada \u00e8 interdetta, sbarrata con barriere di cemento. Rimane la\u00a0 strada a lato della galleria ma anche questa caratterizzata da frane, sassi e alberi in equilibrio instabile. Per qualche giorno \u00e8 rimasta comunque sbarrata nel tentativo di fermare la mucca scappata al pastore che bivaccava tra il distributore di Morbiach e i prati sottostanti e i ciclisti si sono infilati in galleria della serie &#8220;il pericolo \u00e8 il mio mestiere&#8221; visto che non erano nemmeno muniti di luci e catarifrangenti. Comunque \u00e8 ufficialmente chiusa con tanto di sbarra a Listolade. Significa che in caso di emergenza (come ai Castei) l&#8217;Agordino \u00e8 tagliato in due. Non \u00e8 certo il gregge di pecore che spaventa, qualche chilometri di coda e il problema \u00e8 risolto. L&#8217;emergenza spaventa!\u00a0 La paura di rimanere isolati costretti come nel 1995 a percorrere per settimane i passi Staulanza,\u00a0 Duran, Valles, Rolle, Cereda. Per capirlo meglio rispolveriamo la memoria con un servizio d&#8217;archivio del 1995 quando la Regione con Floriano Pra mise a disposizione 700 milioni di lire per il ripristino ella strada che corre lungo il greto del Cordevole, quella chiusa. Inoltre riproponiamo un servizio dei giorni di Vaia, tre filmati che mettono in evidenza in che condizioni era ed \u00e8 quella strada.<\/p>\n<p><strong><a class=\"dt-pswp-item\" href=\"http:\/\/www.radiopiu.net\/wordpress\/wp-content\/uploads\/2019\/09\/WhatsApp-Image-2019-09-14-at-14.51.02.jpeg\" data-dt-img-description=\"\" data-large_image_width=\"1599\" data-large_image_height=\"1200\"><img loading=\"lazy\" decoding=\"async\" class=\"alignnone size-medium wp-image-99084\" src=\"http:\/\/www.radiopiu.net\/wordpress\/wp-content\/uploads\/2019\/09\/WhatsApp-Image-2019-09-14-at-14.51.02-300x225.jpeg\" alt=\"\" width=\"300\" height=\"225\" srcset=\"https:\/\/www.radiopiu.net\/wordpress\/wp-content\/uploads\/2019\/09\/WhatsApp-Image-2019-09-14-at-14.51.02-300x225.jpeg 300w, https:\/\/www.radiopiu.net\/wordpress\/wp-content\/uploads\/2019\/09\/WhatsApp-Image-2019-09-14-at-14.51.02-768x576.jpeg 768w, https:\/\/www.radiopiu.net\/wordpress\/wp-content\/uploads\/2019\/09\/WhatsApp-Image-2019-09-14-at-14.51.02-1024x768.jpeg 1024w, https:\/\/www.radiopiu.net\/wordpress\/wp-content\/uploads\/2019\/09\/WhatsApp-Image-2019-09-14-at-14.51.02.jpeg 1599w\" sizes=\"auto, (max-width: 300px) 100vw, 300px\" \/><\/a><a class=\"dt-pswp-item\" href=\"http:\/\/www.radiopiu.net\/wordpress\/wp-content\/uploads\/2019\/09\/WhatsApp-Image-2019-09-14-at-14.51.06.jpeg\" data-dt-img-description=\"\" data-large_image_width=\"1599\" data-large_image_height=\"1200\"><img loading=\"lazy\" decoding=\"async\" class=\"alignnone size-medium wp-image-99082\" src=\"http:\/\/www.radiopiu.net\/wordpress\/wp-content\/uploads\/2019\/09\/WhatsApp-Image-2019-09-14-at-14.51.06-300x225.jpeg\" alt=\"\" width=\"300\" height=\"225\" srcset=\"https:\/\/www.radiopiu.net\/wordpress\/wp-content\/uploads\/2019\/09\/WhatsApp-Image-2019-09-14-at-14.51.06-300x225.jpeg 300w, https:\/\/www.radiopiu.net\/wordpress\/wp-content\/uploads\/2019\/09\/WhatsApp-Image-2019-09-14-at-14.51.06-768x576.jpeg 768w, https:\/\/www.radiopiu.net\/wordpress\/wp-content\/uploads\/2019\/09\/WhatsApp-Image-2019-09-14-at-14.51.06-1024x768.jpeg 1024w, https:\/\/www.radiopiu.net\/wordpress\/wp-content\/uploads\/2019\/09\/WhatsApp-Image-2019-09-14-at-14.51.06.jpeg 1599w\" sizes=\"auto, (max-width: 300px) 100vw, 300px\" \/><\/a><\/strong><\/p>\n<p><strong>DALL&#8217;ARCHIVIO DI RADIO PIU&#8217;, 1995 ANNO TERRIBILE PER LA VIABILITA&#8217;, DA QUI SI INIZIO&#8217; A PARLARE DI GALLERIA NEL VENTRE DEL MONTE PELSA, LA STRADA PRINCIPALE OGGI PARASASSI E&#8217; RIMASTA CHIUSA 10 ANNI, SI TRANSITAVA A LATO DEL CORDEVOLE<\/strong><\/p>\n<p>&nbsp;<\/p>\n<blockquote class=\"wp-embedded-content\" data-secret=\"7oaSQxeWZE\"><p><a href=\"http:\/\/www.radiopiu.net\/wordpress\/primavera-1995-agordino-isolato-per-frane-a-listolade\/\">PRIMAVERA 1995,  AGORDINO ISOLATO PER FRANE A LISTOLADE<\/a><\/p><\/blockquote>\n<p><iframe loading=\"lazy\" title=\"&#8220;PRIMAVERA 1995,  AGORDINO ISOLATO PER FRANE A LISTOLADE&#8221; &#8212; Radio Pi\u00f9\" class=\"wp-embedded-content\" sandbox=\"allow-scripts\" security=\"restricted\" style=\"position: absolute; clip: rect(1px, 1px, 1px, 1px);\" src=\"http:\/\/www.radiopiu.net\/wordpress\/primavera-1995-agordino-isolato-per-frane-a-listolade\/embed\/#?secret=7oaSQxeWZE\" data-secret=\"7oaSQxeWZE\" width=\"600\" height=\"338\" frameborder=\"0\" marginwidth=\"0\" marginheight=\"0\" scrolling=\"no\"><\/iframe><\/p>\n<p>&nbsp;<\/p>\n<p><strong>DALL&#8217; ARCHIVIO DI RADIO PIU&#8217; LA SITUAZIONE ATTUALE DELLA STRADA DUE VOLTE EX 203 AGORDINA, QUELLA CHE PERMETTEVA IL COLLEGAMENTO CON LA VALCORDEVOLE FINO AL 1966, PRIMA DELL&#8217;ALLUVIONE POI RIPRISTINATA NEL 1995 DIVENTANO VIABILITA&#8217; PRINCIPALE PER 10 ANNI<\/strong><\/p>\n<div class=\"_2cuy _3dgx\" data-block=\"true\" data-editor=\"ave8f\" data-offset-key=\"arhdh-0-0\">\n<div data-offset-key=\"arhdh-0-0\"><\/div>\n<div class=\"_1mf _1mj\" data-offset-key=\"arhdh-0-0\"><span data-offset-key=\"arhdh-0-0\">PARTE 1 DA LISTOLADE<span style=\"color: #ff0000;\"> <a style=\"color: #ff0000;\" href=\"https:\/\/www.facebook.com\/mirko.mezzacasa\/videos\/vb.1438301562\/10218260058279714\/?type=2&amp;video_source=user_video_tab\">CLICCA QUI\u00a0<\/a><\/span><\/span><\/div>\n<\/div>\n<div class=\"_2cuy _3dgx\" data-block=\"true\" data-editor=\"ave8f\" data-offset-key=\"7g72-0-0\">\n<div class=\"_1mf _1mj\" data-offset-key=\"7g72-0-0\">PARTE 2 DA CENCENIGHE<span style=\"color: #ff0000;\"> <a style=\"color: #ff0000;\" href=\"https:\/\/www.facebook.com\/mirko.mezzacasa\/videos\/vb.1438301562\/10218266310956027\/?type=2&amp;video_source=user_video_tab\">CLICCA QUI <\/a><\/span><a href=\"https:\/\/www.facebook.com\/mirko.mezzacasa\/videos\/vb.1438301562\/10218266310956027\/?type=2&amp;video_source=user_video_tab\">\u00a0<\/a><\/div>\n<\/div>\n<div class=\"_2cuy _3dgx\" data-block=\"true\" data-editor=\"ave8f\" data-offset-key=\"45brg-0-0\">\n<div class=\"_1mf _1mj\" data-offset-key=\"45brg-0-0\"><span data-offset-key=\"45brg-0-0\">PARTE 3 A MORBIACH<span style=\"color: #ff0000;\"> <a style=\"color: #ff0000;\" href=\"https:\/\/www.facebook.com\/mirko.mezzacasa\/videos\/vb.1438301562\/10218266291875550\/?type=2&amp;video_source=user_video_tab\">CLICCA QUI\u00a0<\/a><\/span><\/span><\/div>\n<\/div>\n<div class=\"_2cuy _3dgx\" data-block=\"true\" data-editor=\"ave8f\" data-offset-key=\"aki2k-0-0\">\n<div class=\"_1mf _1mj\" data-offset-key=\"aki2k-0-0\"><span data-offset-key=\"aki2k-0-0\">\u00a0<\/span><\/div>\n<\/div>\n<div class=\"_2cuy _3dgx\" data-block=\"true\" data-editor=\"ave8f\" data-offset-key=\"46k21-0-0\">\n<div class=\"_1mf _1mj\" data-offset-key=\"46k21-0-0\"><\/div>\n<\/div>\n<p>&nbsp;<\/p>\n<p>&nbsp;<\/p>\n<h2><span style=\"color: #ff0000;\">FOTO E VIDEO DEL GIORNO, TRADIZIONI E DISAGI<br \/>\nIeri tra Alleghe, Cencenighe, Agordo_tangenziale<\/span><\/h2>\n<p><a class=\"dt-pswp-item\" href=\"http:\/\/www.radiopiu.net\/wordpress\/wp-content\/uploads\/2019\/09\/71036409_10217365635545448_5305398213975474176_n.jpg\" data-dt-img-description=\"\" data-large_image_width=\"960\" data-large_image_height=\"636\"><img loading=\"lazy\" decoding=\"async\" class=\"alignnone wp-image-99116\" src=\"http:\/\/www.radiopiu.net\/wordpress\/wp-content\/uploads\/2019\/09\/71036409_10217365635545448_5305398213975474176_n-300x199.jpg\" alt=\"\" width=\"329\" height=\"218\" srcset=\"https:\/\/www.radiopiu.net\/wordpress\/wp-content\/uploads\/2019\/09\/71036409_10217365635545448_5305398213975474176_n-300x199.jpg 300w, https:\/\/www.radiopiu.net\/wordpress\/wp-content\/uploads\/2019\/09\/71036409_10217365635545448_5305398213975474176_n-768x509.jpg 768w, https:\/\/www.radiopiu.net\/wordpress\/wp-content\/uploads\/2019\/09\/71036409_10217365635545448_5305398213975474176_n.jpg 960w\" sizes=\"auto, (max-width: 329px) 100vw, 329px\" \/><\/a><a class=\"dt-pswp-item\" href=\"http:\/\/www.radiopiu.net\/wordpress\/wp-content\/uploads\/2019\/09\/WhatsApp-Image-2019-09-18-at-16.42.39.jpeg\" data-dt-img-description=\"\" data-large_image_width=\"1599\" data-large_image_height=\"1200\"><img loading=\"lazy\" decoding=\"async\" class=\"alignnone size-medium wp-image-99117\" src=\"http:\/\/www.radiopiu.net\/wordpress\/wp-content\/uploads\/2019\/09\/WhatsApp-Image-2019-09-18-at-16.42.39-300x225.jpeg\" alt=\"\" width=\"300\" height=\"225\" srcset=\"https:\/\/www.radiopiu.net\/wordpress\/wp-content\/uploads\/2019\/09\/WhatsApp-Image-2019-09-18-at-16.42.39-300x225.jpeg 300w, https:\/\/www.radiopiu.net\/wordpress\/wp-content\/uploads\/2019\/09\/WhatsApp-Image-2019-09-18-at-16.42.39-768x576.jpeg 768w, https:\/\/www.radiopiu.net\/wordpress\/wp-content\/uploads\/2019\/09\/WhatsApp-Image-2019-09-18-at-16.42.39-1024x768.jpeg 1024w, https:\/\/www.radiopiu.net\/wordpress\/wp-content\/uploads\/2019\/09\/WhatsApp-Image-2019-09-18-at-16.42.39.jpeg 1599w\" sizes=\"auto, (max-width: 300px) 100vw, 300px\" \/><\/a><\/p>\n<h2><span style=\"color: #0000ff;\"><a style=\"color: #0000ff;\" href=\"https:\/\/www.facebook.com\/mirko.mezzacasa\/videos\/10220783615567069\/\">VIDEO CLICCA QUI<\/a><\/span><\/h2>\n<p>&nbsp;<\/p>\n<p>&nbsp;<\/p>\n<p>&nbsp;<\/p>\n<h1>IL PROGETTONE, IL LAVORO DI DOLOMITI MAADNESS, LA SETTIMANA SENZA TELEFONO<\/h1>\n<h3>DI GIANNI SANTOMASO<\/h3>\n<audio class=\"wp-audio-shortcode\" id=\"audio-99066-3\" preload=\"none\" style=\"width: 100%;\" controls=\"controls\"><source type=\"audio\/mpeg\" src=\"http:\/\/www.radiopiu.net\/wordpress\/wp-content\/uploads\/2019\/09\/GIANNKI-ALLEGHE.mp3?_=3\" \/><a href=\"http:\/\/www.radiopiu.net\/wordpress\/wp-content\/uploads\/2019\/09\/GIANNKI-ALLEGHE.mp3\">http:\/\/www.radiopiu.net\/wordpress\/wp-content\/uploads\/2019\/09\/GIANNKI-ALLEGHE.mp3<\/a><\/audio>\n<h1>IERI STUDIO APERTO <strong><span style=\"color: #ff0000;\"><a style=\"color: #ff0000;\" href=\"https:\/\/www.mediasetplay.mediaset.it\/video\/studioaperto\/si-puo-vivere-senza-smartphone_F309455501521C05?fbclid=IwAR1pkywvg_ojuEGXDLHGfwtpvlMFv0RgagwQznNH_sUD3kNT5X7PXggt7Tg\">CLICCA QUI<\/a><\/span><\/strong><\/h1>\n<h1><\/h1>\n<h1>IERI RADIO ITALIA<\/h1>\n<audio class=\"wp-audio-shortcode\" id=\"audio-99066-4\" preload=\"none\" style=\"width: 100%;\" controls=\"controls\"><source type=\"audio\/mpeg\" src=\"http:\/\/www.radiopiu.net\/wordpress\/wp-content\/uploads\/2019\/09\/RTL.mp3?_=4\" \/><a href=\"http:\/\/www.radiopiu.net\/wordpress\/wp-content\/uploads\/2019\/09\/RTL.mp3\">http:\/\/www.radiopiu.net\/wordpress\/wp-content\/uploads\/2019\/09\/RTL.mp3<\/a><\/audio>\n<p>&nbsp;<\/p>\n<h1>LA DIRETTA DI RADIO PIU<\/h1>\n<div id=\"fb-root\"><\/div>\n<p><script async=\"1\" defer=\"1\" crossorigin=\"anonymous\" src=\"https:\/\/connect.facebook.net\/it_IT\/sdk.js#xfbml=1&amp;version=v6.0\"><\/script><\/p>\n<div class=\"fb-video\" data-href=\"https:\/\/www.facebook.com\/mirko.mezzacasa\/videos\/10220776796996609\/\" data-width=\"1200\">\n<blockquote cite=\"https:\/\/www.facebook.com\/mirko.mezzacasa\/videos\/10220776796996609\/\" class=\"fb-xfbml-parse-ignore\"><p><a href=\"https:\/\/www.facebook.com\/mirko.mezzacasa\/videos\/10220776796996609\/\"><\/a><\/p>\n<p>Pubblicato da <a href=\"https:\/\/www.facebook.com\/mirko.mezzacasa\">Mirko Mezzacasa<\/a> su Marted\u00ec 17 settembre 2019<\/p><\/blockquote>\n<\/div>\n<h3><\/h3>\n<p>&nbsp;<\/p>\n<p>&nbsp;<\/p>\n<p>&nbsp;<\/p>\n<h2>NEVEGAL: PARLANO GLI OPERATORI DEL TERRITORIO<\/h2>\n<blockquote><p><strong><em>in merito agli ultimi sviluppi della situazione impianti.<\/em><\/strong><\/p>\n<p><strong><a class=\"dt-pswp-item\" href=\"http:\/\/www.radiopiu.net\/wordpress\/wp-content\/uploads\/2019\/08\/alpe-del-nevegal-seggiovia-1600x625.jpg\" data-dt-img-description=\"\" data-large_image_width=\"1600\" data-large_image_height=\"625\"><img loading=\"lazy\" decoding=\"async\" class=\" wp-image-94965 alignleft\" src=\"http:\/\/www.radiopiu.net\/wordpress\/wp-content\/uploads\/2019\/08\/alpe-del-nevegal-seggiovia-1600x625-300x117.jpg\" alt=\"\" width=\"221\" height=\"86\" srcset=\"https:\/\/www.radiopiu.net\/wordpress\/wp-content\/uploads\/2019\/08\/alpe-del-nevegal-seggiovia-1600x625-300x117.jpg 300w, https:\/\/www.radiopiu.net\/wordpress\/wp-content\/uploads\/2019\/08\/alpe-del-nevegal-seggiovia-1600x625-768x300.jpg 768w, https:\/\/www.radiopiu.net\/wordpress\/wp-content\/uploads\/2019\/08\/alpe-del-nevegal-seggiovia-1600x625-1024x400.jpg 1024w, https:\/\/www.radiopiu.net\/wordpress\/wp-content\/uploads\/2019\/08\/alpe-del-nevegal-seggiovia-1600x625.jpg 1600w\" sizes=\"auto, (max-width: 221px) 100vw, 221px\" \/><\/a>BELLUNO<\/strong> Alla luce dell&#8217;incontro tenutosi il 16.09.2019 al Genio Civile di Belluno, tra Regione Veneto, Comune di Belluno, Provincia di Belluno ed Operatori Economici del Nevegal, \u00e8 nostra intenzione ringraziare l&#8217;Assessore Caner e la Regione Veneto, per l&#8217;interessamento dimostrato nei riguardi degli impianti del Nevegal e vogliamo esprimere la piena condivisione del progetto di salvataggio e della linea proposta.\u00a0 La riacquisizione da parte del Comune di Belluno degli impianti \u00e8 la stessa idea che il nostro gruppo aveva portato all&#8217;attenzione del Comune di Belluno e D&#8217;Alpe del Nevegal, nell&#8217;unico incontro tenutosi a luglio, ma immediatamente bocciato e non preso in considerazione.\u00a0 L&#8217;opportunit\u00e0 che La Regione e la Provincia arrivino a mettere sul tavolo una cifra considerevole, pari a 14\/15 milioni di Euro (12 milioni dalla Regione e 2\/3.000 dalla Provincia) \u00e8 un&#8217;occasione che per il nostro territorio non si \u00e8 mai presentata. Garantirebbe un rilancio definitivo del Nevegal, posizionando la citt\u00e0 di Belluno come punto di partenza del progetto Olimpiadi 2026.\u00a0 La soluzione paventata dall&#8217;amministrazione Comunale di una partecipazione pubblicoprivata, con le cifre messe a disposizione da Regione e Provincia, diventa inattuabile in quanto il privato dovrebbe partecipare con una cifra superiore ai 15.000 milioni di euro; altra cosa \u00e8 la gestione degli impianti che potr\u00e0 essere di carattere privata.<\/p><\/blockquote>\n<p>&nbsp;<\/p>\n<p>&nbsp;<\/p>\n<p>&nbsp;<\/p>\n<p>&nbsp;<\/p>\n<h3><a class=\"dt-pswp-item\" href=\"http:\/\/www.radiopiu.net\/wordpress\/wp-content\/uploads\/2019\/04\/Luca-Zaia-mp3-image-e1563558443703.jpg\" data-dt-img-description=\"\" data-large_image_width=\"320\" data-large_image_height=\"240\"><img loading=\"lazy\" decoding=\"async\" class=\"wp-image-82902 alignleft\" src=\"http:\/\/www.radiopiu.net\/wordpress\/wp-content\/uploads\/2019\/04\/Luca-Zaia-mp3-image-e1563558443703-300x225.jpg\" alt=\"\" width=\"169\" height=\"127\" srcset=\"https:\/\/www.radiopiu.net\/wordpress\/wp-content\/uploads\/2019\/04\/Luca-Zaia-mp3-image-e1563558443703-300x225.jpg 300w, https:\/\/www.radiopiu.net\/wordpress\/wp-content\/uploads\/2019\/04\/Luca-Zaia-mp3-image-e1563558443703.jpg 320w\" sizes=\"auto, (max-width: 169px) 100vw, 169px\" \/><\/a><\/h3>\n<h3><\/h3>\n<h3><\/h3>\n<h3>LE DICHIARAZIONI DEL PRESIDENTE LUCA ZAIA SU AUTONOMIA E VISITA DEL MINISTRO BOCCIA<\/h3>\n<audio class=\"wp-audio-shortcode\" id=\"audio-99066-5\" preload=\"none\" style=\"width: 100%;\" controls=\"controls\"><source type=\"audio\/mpeg\" src=\"http:\/\/www.radiopiu.net\/wordpress\/wp-content\/uploads\/2019\/09\/ZAIA.mp3?_=5\" \/><a href=\"http:\/\/www.radiopiu.net\/wordpress\/wp-content\/uploads\/2019\/09\/ZAIA.mp3\">http:\/\/www.radiopiu.net\/wordpress\/wp-content\/uploads\/2019\/09\/ZAIA.mp3<\/a><\/audio>\n<p>&nbsp;<\/p>\n<p>&nbsp;<\/p>\n<p>&nbsp;<\/p>\n<p>&nbsp;<\/p>\n<h3>TEMPESTA VAIA. PARLAMENTO UE STANZIA FONDI PER MALTEMPO 2018<\/h3>\n<p><strong>VENEZIA<\/strong>\u00a0 Il Parlamento Europeo stanzia 68 milioni di euro destinati ai territori devastati dal maltempo di fine autunno 2018,\u00a0 risorse fondamentali per continuare ad alimentare il post-Vaia. I 377 milioni di euro stanziati dal Governo, inclusi i primi sostegni per privati ed imprese, da cantierare entro il 30 settembre, sono stati tutti impegnati. Si attendono ancora risposte dal Governo per i 400 milioni di euro che servono,\u00a0 50 di questi servono a far fronte ai danni ai privati. Il Parlamento Europeo del Fondo europeo ha aperto dunque i cordoni della bora del fondo di solidariet\u00e0 per 277 milioni di euro per 15 regioni italiane dopo i danni causati dagli eventi atmosferici eccezionali del 2018. Il Veneto, regione pi\u00f9 colpita, risulta assegnataria di 68 milioni 620 mila euro pari al 24,75% dei danni subiti che ammontano, da tabella del Dipartimento di Protezione Civile Nazionale, a 1 miliardo 641 milioni 293 mila euro.<\/p>\n<blockquote><p><em>\u201cCome la Regione Veneto ha mantenuto i patti con Ministero dell\u2019Economia e delle Finanze rispetto alle assegnazioni del Governo, \u2013 sottolinea il Presidente Zaia \u2013 cos\u00ec far\u00e0 con i fondi europei. Le difficolt\u00e0 per\u00f2 restano. Servono le risorse promesse dalla Finanziaria per il 2020 ed il 2021. Senza una struttura di missione (non ce l\u2019hanno concessa), abbiamo fatto leva sulle nostre controllate per rispettare scadenze inverosimili e permetterci di impegnare tutte le risorse stanziate dal Governo, con un impegno di spesa superiore alle risorse affidate. Abbiamo gi\u00e0 affidato progetti per 80 milioni di euro da realizzare nei prossimi due anni\u00a0 ma, oltre ai 977 milioni di euro in tre anni stanziati dal Governo, abbiamo necessit\u00e0 di ulteriori 400 milioni di euro per far fronte a tutte le richieste del territorio devastato da Vaia.\u201d<\/em><\/p><\/blockquote>\n<p>&nbsp;<\/p>\n<p>&nbsp;<\/p>\n<h2>BERTON: \u00abBELLUNO SIA AL CENTRO DI TUTTE LE AZIONI. COINVOLGERE LE IMPRESE LOCALI ED EVITARE IL MASSIMO RIBASSO\u00bb<\/h2>\n<p><strong><a class=\"dt-pswp-item\" href=\"http:\/\/www.radiopiu.net\/wordpress\/wp-content\/uploads\/2019\/09\/Lorraine_Berton.jpg\" data-dt-img-description=\"\" data-large_image_width=\"767\" data-large_image_height=\"768\"><img loading=\"lazy\" decoding=\"async\" class=\"wp-image-99105 alignleft\" src=\"http:\/\/www.radiopiu.net\/wordpress\/wp-content\/uploads\/2019\/09\/Lorraine_Berton-300x300.jpg\" alt=\"\" width=\"131\" height=\"131\" srcset=\"https:\/\/www.radiopiu.net\/wordpress\/wp-content\/uploads\/2019\/09\/Lorraine_Berton-300x300.jpg 300w, https:\/\/www.radiopiu.net\/wordpress\/wp-content\/uploads\/2019\/09\/Lorraine_Berton-150x150.jpg 150w, https:\/\/www.radiopiu.net\/wordpress\/wp-content\/uploads\/2019\/09\/Lorraine_Berton.jpg 767w\" sizes=\"auto, (max-width: 131px) 100vw, 131px\" \/><\/a>BELLUNO<\/strong> \u00abBene il Parlamento Europeo, bene anche le parole del Presidente Zaia &#8211; che garantisce la massima trasparenza sulla gestione e distribuzione dei fondi, ricordando che il Veneto \u00e8 stata la Regione pi\u00f9 colpita. Da presidente degli industriali bellunesi, mi sento per\u00f2 in dovere di ricordare, a mia volta, che la nostra \u00e8 stata la provincia maggiormente devastata da Vaia e che necessita di interventi urgenti e straordinari\u00bb. A dirlo \u00e8 la presidente degli Industriali bellunesi Lorraine Berton, che cos\u00ec commenta l\u2019ok definitivo del Parlamento europeo al Fondo europeo di solidariet\u00e0 per 277 milioni di euro richiesto per i danni provocati da Vaia, di cui 68 al Veneto. \u00abMi auguro che adesso l\u2019iter proceda velocemente e che vengano fatti tutti i passaggi burocratici del caso per rendere queste risorse liquide e disponibili. Contemporaneamente, mi auguro che il nuovo Governo faccia gli ulteriori passi comunicati all\u2019indomani della Tempesta e provveda con la Legge Finanziaria per il 2020\u00bb. Scatta poi un appello: \u00abNon solo le risorse devono arrivare al territorio per la ricostruzione, ma a essere coinvolte devono essere in via prioritaria le aziende del posto, che conoscono i luoghi, il clima, e hanno tutto il know-how necessario per operare con coscienza e rispetto. Si devono attuare tutte quelle misure utili per un loro coinvolgimento compatibilmente con le regole della libera concorrenza, ma evitando il massimo ribasso\u00bb.<\/p>\n<p>&nbsp;<\/p>\n<p>&nbsp;<\/p>\n<p>&nbsp;<\/p>\n<h3>SOPPRESSIONE PASSAGGI A LIVELLO, PROGETTI PER 15 DEI 50<\/h3>\n<p><strong>VENEZIA<\/strong>\u00a0 La Giunta regionale, su proposta dell\u2019assessore alle infrastrutture e trasporti, Elisa De Berti, ha disposto l\u2019avvio della redazione dei progetti di fattibilit\u00e0 tecnica ed economica di 15 dei 50 interventi di soppressione dei passaggi a livello inseriti nel Protocollo d\u2019Intesa sottoscritto nel novembre del 2018 fra la Regione del Veneto e Rete Ferroviaria Italiana.\u00a0 L&#8217;accordo impegna la Regione a sviluppare la progettazione e la successiva realizzazione delle opere di soppressione dei passaggi a livello in un arco temporale di 4 anni, mentre spetta a RFI finanziare integralmente i costi necessari alla progettazione e attuazione dei lavori, per un importo di 30 milioni di euro necessari per tutti i 50 interventi previsti\u201d.Tra i \u00a0passaggi a livello da eliminare individuati\u00a0 anche due sulla Treviso-Calalzo.<\/p>\n<p>&nbsp;<\/p>\n<p>&nbsp;<\/p>\n<p>&nbsp;<\/p>\n<h3>IL 20 PER CENTO DEL TERRITORIO DEL PAESE SENZA SEGNALE PER LA TELEFONIA MOBILE<\/h3>\n<p><a class=\"dt-pswp-item\" href=\"http:\/\/www.radiopiu.net\/wordpress\/wp-content\/uploads\/2018\/12\/argentera_ferrere-3.jpg\" data-dt-img-description=\"\" data-large_image_width=\"865\" data-large_image_height=\"330\"><img loading=\"lazy\" decoding=\"async\" class=\"alignnone wp-image-71005 size-full\" src=\"http:\/\/www.radiopiu.net\/wordpress\/wp-content\/uploads\/2018\/12\/argentera_ferrere-3.jpg\" alt=\"\" width=\"865\" height=\"330\" srcset=\"https:\/\/www.radiopiu.net\/wordpress\/wp-content\/uploads\/2018\/12\/argentera_ferrere-3.jpg 865w, https:\/\/www.radiopiu.net\/wordpress\/wp-content\/uploads\/2018\/12\/argentera_ferrere-3-300x114.jpg 300w, https:\/\/www.radiopiu.net\/wordpress\/wp-content\/uploads\/2018\/12\/argentera_ferrere-3-768x293.jpg 768w\" sizes=\"auto, (max-width: 865px) 100vw, 865px\" \/><\/a><\/p>\n<blockquote><p><em>Intervento di Marco Bussone, Presidente nazionale Uncem, Unione dei Comuni, delle Comunit\u00e0 e degli Enti montani.\u00a0<\/em><\/p><\/blockquote>\n<p><em>&#8220;Da inizio agosto, Uncem con i Sindaci dei Comuni montani (e non solo) italiani sta conducendo una battaglia per dire al Paese che il divario digitale \u00e8 un allarme che compromette il futuro stesso del Paese. Che i telefoni che non prendono nel 20 per cento del territorio italiano sono una vera emergenza. Ancor pi\u00f9 di internet che va troppo piano in attesa della piena attuazione del Piano banda ultralarga. Eppure, a fronte a un migliaio di mail arrivate da cittadini e Amministratori locali, che Uncem sta elaborando per comporre l&#8217;elenco delle zone italiane dove telefonare e mandare un messaggio \u00e8 un miraggio, nessun Parlamentare, nessun Consigliere regionale, nessun membro di Segreteria dei Partiti politici italiani, si \u00e8 fatto vivo chiedendo a Uncem informazioni e qualche dato. Sto avendo in queste ore importanti colloqui con le societ\u00e0 di telefonia, le Telco, e con le loro Associazioni di categoria. Hanno colto l&#8217;importanza della mappatura che non vuole aprire polemiche, bens\u00ec risolvere i problemi che esistono favorendo opportuni investimenti e miglioramenti delle reti del Paese in particolare nelle zone montane. Nessun contatto invece dai politici impegnati in Regioni e in Parlamento. C&#8217;\u00e8 ancora tempo. Abbiamo fiducia. La nostra mappatura si conclude il 30 settembre e l&#8217;elenco di zone senza segnale che stiamo componendo la vorremmo presentare proprio alla Camera dei Deputati o al Senato. Se prima, qualche Deputato o Senatore avesse voglia di occuparsene, potrebbe unirsi a Uncem, a tutti gli Amministratori italiani, nel provare a ridurre un divide digitale che oggi \u00e8 fonte di troppe sperequazioni sociali ed economiche tra pezzi di Italia&#8221;.<\/em><\/p>\n<p>&nbsp;<\/p>\n<p>&nbsp;<\/p>\n<p>&nbsp;<\/p>\n<p>&nbsp;<\/p>\n<p>&nbsp;<\/p>\n<h2>WANBAOO ACC, SCIOPERO A MILANO DAVANTI AI CINESI<\/h2>\n<p><strong><a class=\"dt-pswp-item\" href=\"http:\/\/www.radiopiu.net\/wordpress\/wp-content\/uploads\/2016\/01\/DONAZZAN-FOTO-WANBAO-ACC-DI-MEL.jpg\" data-dt-img-description=\"\" data-large_image_width=\"2592\" data-large_image_height=\"1936\"><img loading=\"lazy\" decoding=\"async\" class=\" wp-image-15631 alignleft\" src=\"http:\/\/www.radiopiu.net\/wordpress\/wp-content\/uploads\/2016\/01\/DONAZZAN-FOTO-WANBAO-ACC-DI-MEL-300x224.jpg\" alt=\"\" width=\"273\" height=\"204\" \/><\/a>BORGOVALBELLUNA<\/strong>\u00a0 Domani sit-in davanti al consolato cinese a Milano e sciopero degli addetti alla mensa e alle pulizie dello stabilimento di Mel,\u00a0 Il 24 incontro decisivo al ministero dello Sviluppo economico.\u00a0 Prevista grande partecipazione dei dipendenti della Wanbao Acc al sit-in organizzato da sindacati di categoria e Rsu per le 11 di venerd\u00ec 20 settembre davanti al consolato cinese a Milano. Sono 110 i dipendenti che hanno gi\u00e0 dato l\u2019adesione allo sciopero e alla manifestazione e che venerd\u00ec mattina alle 5.30 partiranno dal piazzale davanti allo stabilimento di Mel (i pullman faranno fermate a Feltre alle 5,45 e a Fenadora alle 5,55). <em>\u201cA ribadire l&#8217;importanza della vertenza &#8211; dichiarano Stefano Bona della Fiom Cgil Belluno, Michele Ferraro della Uilm Belluno e Mauro Zuglian della Fim Cisl Belluno Treviso &#8211; saranno presenti anche rappresentanti delle istituzioni locali come il Sindaco di Mel. A sostegno della manifestazione venerd\u00ec sciopereranno pure gli addetti alla mensa e alle pulizie dello stabilimento di Mel\u201d. <\/em>Le Organizzazioni Sindacali hanno inoltrato una richiesta d&#8217;incontro al console, al quale verr\u00e0 manifestata la forte contrariet\u00e0 rispetto alle scelte dell\u2019attuale gestione dell\u2019ex Acc, che lo scorso 4 settembre ha dichiarato la riduzione dei volumi produttivi e l\u2019esaurimento dei finanziamenti per il rilancio dell\u2019azienda, senza fornire alcuna garanzia sul futuro dello stabilimento e dei suoi 270 dipendenti. \u201cAll\u2019incontro con il console &#8211; precisano i rappresentanti sindacali &#8211; ricorderemo che la vendita della Wanbao va inquadrata all&#8217;interno di un pi\u00f9 ampio spirito di cooperazione internazionale\u201d. Il ministero dello Sviluppo economico, intanto, ha convocato l\u2019atteso incontro fra Fim, Fiom e Uilm territoriali e nazionali, Regione e direzione aziendale il 24 settembre alle 15 a Roma.<\/p>\n<p>&nbsp;<\/p>\n<p>&nbsp;<\/p>\n<h2>DAL CONSIGLIO COMUNALE DI TAIBON il 13 ottobre ovviamente di domenica la messa con i nuovi parroci<\/h2>\n<p><strong><a class=\"dt-pswp-item\" href=\"http:\/\/www.radiopiu.net\/wordpress\/wp-content\/uploads\/2015\/07\/08.jpg\" data-dt-img-description=\"\" data-large_image_width=\"1000\" data-large_image_height=\"750\"><img loading=\"lazy\" decoding=\"async\" class=\" wp-image-8247 alignleft\" src=\"http:\/\/www.radiopiu.net\/wordpress\/wp-content\/uploads\/2015\/07\/08-300x225.jpg\" alt=\"\" width=\"122\" height=\"92\" \/><\/a>TAIBON\u00a0<\/strong> Chiese, parroco e bilancio nel consiglio di martedi sera presieduto dal sindaco Silvia Tormen.\u00a0 E&#8217; arrivato il momento del pensionamento di Don Mario Zanon ora ospite della casa di Soggiorno ma ancora in attivit\u00e0 negli ultimi giorni per l&#8217;inaugurazione del ponte a Listolade e per la messa dei Santi Patroni Cornelio e Cipriano lo scorso 16 settembre nella chiesetta di San Cipriano. I nuovi parroci\u00a0 don Cesare Larese e don Francesco Silvestri. che seguiranno anche le parrocchie di La Valle e Agordo arriveranno il prossimo 13\u00a0 ottobre. Il consiglio comunale su richiesta della diocesi ha deciso di rinunciare\u00a0 al diritto di patronato, un diritto di un feudatario o di un ente su una chiesa o un convento eretti sulla sua propriet\u00e0 terriera. Quindi il Comune circa i candidati alla carica di parroco non si esprimer\u00e0 con voto vincolante, non in questa occasione.\u00a0 Circa il bilancio le buone notizie visto che triplica dai soliti 3 a 9 milioni di euro per effetto dei contributi post vaia <b>. <\/b>\u00a0 Di qui la\u00a0 variazione di bilancio: pari a 950.000 euro. Dal consiglio comunale un grazie al Cai per il grande lavoro e un contributo di 1000 euro.<\/p>\n<p>IL SALUTO A DON MARIO ZANON INIZIALMENTE PREVISTO PER IL 29 SETTEMBRE SI TERRA&#8217; INVECE IL 6 OTTOBRE<\/p>\n<audio class=\"wp-audio-shortcode\" id=\"audio-99066-6\" preload=\"none\" style=\"width: 100%;\" controls=\"controls\"><source type=\"audio\/mpeg\" src=\"http:\/\/www.radiopiu.net\/wordpress\/wp-content\/uploads\/2019\/09\/DON-MARIO.mp3?_=6\" \/><a href=\"http:\/\/www.radiopiu.net\/wordpress\/wp-content\/uploads\/2019\/09\/DON-MARIO.mp3\">http:\/\/www.radiopiu.net\/wordpress\/wp-content\/uploads\/2019\/09\/DON-MARIO.mp3<\/a><\/audio>\n<p>&nbsp;<\/p>\n<p>&nbsp;<\/p>\n<p>&nbsp;<\/p>\n<h2>PREVENZIONE ED EMERGENZA SUL TERRITORIO MONTANO D&#8217;ALTA QUOTA<\/h2>\n<blockquote><p><strong><a class=\"dt-pswp-item\" href=\"http:\/\/www.radiopiu.net\/wordpress\/wp-content\/uploads\/2019\/09\/IMG-20190918-WA0003-1.jpg\" data-dt-img-description=\"\" data-large_image_width=\"1200\" data-large_image_height=\"1600\"><img loading=\"lazy\" decoding=\"async\" class=\"size-medium wp-image-99067 alignleft\" src=\"http:\/\/www.radiopiu.net\/wordpress\/wp-content\/uploads\/2019\/09\/IMG-20190918-WA0003-1-225x300.jpg\" alt=\"\" width=\"225\" height=\"300\" srcset=\"https:\/\/www.radiopiu.net\/wordpress\/wp-content\/uploads\/2019\/09\/IMG-20190918-WA0003-1-225x300.jpg 225w, https:\/\/www.radiopiu.net\/wordpress\/wp-content\/uploads\/2019\/09\/IMG-20190918-WA0003-1-768x1024.jpg 768w, https:\/\/www.radiopiu.net\/wordpress\/wp-content\/uploads\/2019\/09\/IMG-20190918-WA0003-1.jpg 1200w\" sizes=\"auto, (max-width: 225px) 100vw, 225px\" \/><\/a><\/strong><\/p><\/blockquote>\n<p><strong>FELTRE<\/strong>\u00a0 Si sono aperte le iscrizioni al master di 1\u00b0 livello dell\u2019Universit\u00e0 di Padova e dell\u2019ULSS 1 Dolomiti anche a figure non sanitarie. Il master di 1\u00b0 livello in \u201cPrevenzione ed emergenza in territorio montano e d\u2019alta quota\u201d promosso dall\u2019Universit\u00e0 di Padova in collaborazione con l\u2019Ulss Dolomiti \u00e8 stato confermato per il quarto anno ed \u00e8 stato ampliato l\u2019accesso anche a figure non strettamente sanitarie ma che si occupano di soccorsi. Le domande di preiscrizioni vanno inoltrate attraverso il sito dell\u2019Universit\u00e0 di Padova entro il 3 ottobre 2019 alle 12.30. I posti disponibili sono stati aumentati a 15. L&#8217;obiettivo del Master \u00e8 formare e\/o arricchire le figure professionali sanitarie di area tecnica preventiva, infermieristica d&#8217;emergenza-urgenza e psicologica che si occuperanno d&#8217;interventi specifici nell&#8217;ambiente montano. Il Corso vuole quindi trasmettere competenze nei due ambiti operativo e organizzativo, in modo tale che i corsisti possano acquisire una formazione adeguata a pianificare linee d&#8217;intervento e di gestione delle possibili criticit\u00e0. I professionisti cos\u00ec formati saranno in grado di utilizzare le conoscenze del complesso sistema di soccorso in emergenza in ambiente montano e d&#8217;alta quota, cos\u00ec da non considerare solo gli aspetti dinamici del mero intervento, ma anche la tutela sia degli operatori sia degli utenti. Il Master si propone di fornire conoscenze approfondite per la valutazione del rischio in merito alle peculiari attivit\u00e0 lavorative presenti nel territorio montano; inoltre, per quanto riguarda gli interventi in emergenza, fornisce una cultura preventiva non solo per la salvaguardia della salute dell&#8217;utente, ma anche del personale abitualmente impiegato in queste operazioni, considerando anche gli aspetti legati all&#8217;ambiente in cui lo scenario si svolge. Il corsista svilupper\u00e0 competenze specialistiche nell&#8217;ambito preventivo e d&#8217;intervento sul funzionamento del sistema nei suoi vari aspetti, promuovendo una visione non pi\u00f9 solo legata alla singola professionalit\u00e0, ma a un insieme di competenze diverse il cui fine ultimo \u00e8 la tutela della salute del singolo e della popolazione, inclusi anche gli aspetti psicologici della comunicazione del rischio e le conseguenze psicosociali dopo un evento avverso. Fornisce infine competenze specialistiche nella gestione dei processi. Il corso si svolger\u00e0 il venerd\u00ec pomeriggio e il sabato a settimane alterne, nella sede del corso di laurea in tecniche della prevenzione, al campus Tina Merlin di Feltre. Il master avr\u00e0 durata annuale e sono previste 300 ore di didattica e 200 ore di tirocinio che si svolger\u00e0 nei pronto soccorso della provincia, al SUEM, al Comando dei Vigili del Fuoco, con il Soccorso Alpino Dolomiti Bellunesi CNSAS e con la Federazione Italiana Soccorso Piste. Dallo scorso anno l\u2019accesso \u00e8 stato ampliato anche a diverse lauree triennali come quelle in ingegneria civile e ambientale; ingegneria industriale; professioni sanitarie della prevenzione; professioni sanitarie della riabilitazione; professioni sanitarie tecniche; professioni sanitarie, infermieristiche e professione sanitaria ostetrica; scienze biologiche; scienze del servizio sociale; scienze criminologiche e della sicurezza. L\u2019elenco completo dei titoli per accedere al corso \u00e8 disponibile nel sito dell\u2019universit\u00e0 di Padova. Maggiori informazioni si possono trovare anche nella pagina facebook del Master in Prevenzione ed Emergenza in alta quota dove sono raccolte anche le esperienze fatte nell\u2019edizione 208\/2019 che si concluder\u00e0 il 28 settembre con la discussione delle tesi. Gli studenti saranno formati su un ampio spettro di tematiche che vanno dal primo soccorso alle patologie in alta quota, dalla geologia alla meteorologia, dalla nutrizione in montagna agli eventi avversi, fino a tematiche medico legati senza trascurare gli aspetti psicologici e comunicativi.<\/p>\n<p>&nbsp;<\/p>\n<p>&nbsp;<\/p>\n<p>&nbsp;<\/p>\n<h3>INSIEME PER L&#8217;ALLATTAMENTO, CERIMONIA DI RICONOSCIMENTO<\/h3>\n<p><strong>FELTRE<\/strong> Venerdi 27 settembre dalle 10 alle 12 presso la sala riunioni dell&#8217;ospedale di Feltre (piano interrato) \u00e8 prevista la cerimonica di riconoscimento &#8220;insieme per l&#8217;allattamento&#8221;. Dalle 10 apertura della cerimonia con l&#8217;introduzione e saluti della Direzione Strategica dell&#8217;Azienda Ulss1 Dolomiti e di Unicef Italia; Essere ospedale amico del bambino significa applicare le buone pratiche: la nostra realt\u00e0; L&#8217;allattamento come norma biologica, lo spiegano i bambini; Il sostegno mamma a mamma, una preziosa opportunit\u00e0 nella promozione dell&#8217;allattamento al seno. Infine cerimonia di consegna della pergamena.<\/p>\n<p>&nbsp;<\/p>\n<p>&nbsp;<\/p>\n<blockquote>\n<h2><span style=\"color: #ff0000;\"><a class=\"dt-pswp-item\" href=\"http:\/\/www.radiopiu.net\/wordpress\/wp-content\/uploads\/2019\/09\/ep-center.jpg\" data-dt-img-description=\"\" data-large_image_width=\"500\" data-large_image_height=\"711\"><img loading=\"lazy\" decoding=\"async\" class=\"wp-image-97920 alignleft\" src=\"http:\/\/www.radiopiu.net\/wordpress\/wp-content\/uploads\/2019\/09\/ep-center-211x300.jpg\" alt=\"\" width=\"136\" height=\"193\" srcset=\"https:\/\/www.radiopiu.net\/wordpress\/wp-content\/uploads\/2019\/09\/ep-center-211x300.jpg 211w, https:\/\/www.radiopiu.net\/wordpress\/wp-content\/uploads\/2019\/09\/ep-center.jpg 500w\" sizes=\"auto, (max-width: 136px) 100vw, 136px\" \/><\/a><\/span><\/h2>\n<h2><\/h2>\n<h2><\/h2>\n<h2><span style=\"color: #ff0000;\">DOMANI<\/span><\/h2>\n<\/blockquote>\n<p><strong>CONVEGNO AD ALLEGHE &#8220;RISPARMIARE ENERGIA? SI PUO&#8217;&#8230;.&#8221;. IN STUDIO FRANCESCO ZILLIO<\/strong><\/p>\n<audio class=\"wp-audio-shortcode\" id=\"audio-99066-7\" preload=\"none\" style=\"width: 100%;\" controls=\"controls\"><source type=\"audio\/mpeg\" src=\"http:\/\/www.radiopiu.net\/wordpress\/wp-content\/uploads\/2019\/09\/francesco-zillio-ep-center.mp3?_=7\" \/><a href=\"http:\/\/www.radiopiu.net\/wordpress\/wp-content\/uploads\/2019\/09\/francesco-zillio-ep-center.mp3\">http:\/\/www.radiopiu.net\/wordpress\/wp-content\/uploads\/2019\/09\/francesco-zillio-ep-center.mp3<\/a><\/audio>\n<p>&nbsp;<\/p>\n<p>&nbsp;<\/p>\n<p>&nbsp;<\/p>\n<p>&nbsp;<\/p>\n<h2><span style=\"color: #0000ff;\">LA RIFLESSIONE&#8230;a Duilio.<\/span><\/h2>\n<blockquote><p><strong>VOLTAGO<\/strong> <em>Ho sentito l&#8217;intervento di Claudio Sito alla radio e mi ha fatto riflettere sono arrivato ad Agordo nel 1980 da Falcade Alto dove lass\u00f9 in quel paesino c&#8217;erano due negozi di alimentari ,due bar uno era dei miei genitori e un&#8217;edicola tabacchi ,ora non c&#8217;\u00e8 pi\u00f9 nulla , ad Agordo da allora ne ho viste di serrande abbassate , adesso ad ottobre saranno 18 anni che io e mia moglie abitiamo a Voltago e la prima persona che abbiamo conosciuto in paese \u00e8 stato Duilio il proprietario del negozio alimentari della famiglia Da Campo e il bar, Duilio \u00e8 sempre li 6 giorni su sette e nel periodo estivo anche la domenica mattina .Sempre a disposizione e anche lui conosce le vecchiette e non solo per portare la spesa a domicilio ..li da lui due chiacchiere le facciamo sempre ,cronaca attuale ,montagna e vita di paese ,volevo ringraziarlo e dirgli di tenere duro un servizio per la comunit\u00e0. Grazie<br \/>\nRoberto Murer\u00a0<\/em><\/p><\/blockquote>\n<h2><span style=\"color: #ff0000;\"><strong><a class=\"dt-pswp-item\" href=\"http:\/\/www.radiopiu.net\/wordpress\/wp-content\/uploads\/2019\/09\/WhatsApp-Image-2019-09-17-at-20.41.27.jpeg\" data-dt-img-description=\"\" data-large_image_width=\"1024\" data-large_image_height=\"768\"><img loading=\"lazy\" decoding=\"async\" class=\"size-medium wp-image-99071 alignleft\" src=\"http:\/\/www.radiopiu.net\/wordpress\/wp-content\/uploads\/2019\/09\/WhatsApp-Image-2019-09-17-at-20.41.27-300x225.jpeg\" alt=\"\" width=\"300\" height=\"225\" srcset=\"https:\/\/www.radiopiu.net\/wordpress\/wp-content\/uploads\/2019\/09\/WhatsApp-Image-2019-09-17-at-20.41.27-300x225.jpeg 300w, https:\/\/www.radiopiu.net\/wordpress\/wp-content\/uploads\/2019\/09\/WhatsApp-Image-2019-09-17-at-20.41.27-768x576.jpeg 768w, https:\/\/www.radiopiu.net\/wordpress\/wp-content\/uploads\/2019\/09\/WhatsApp-Image-2019-09-17-at-20.41.27.jpeg 1024w\" sizes=\"auto, (max-width: 300px) 100vw, 300px\" \/><\/a><\/strong><\/span><\/h2>\n<h2><span style=\"color: #ff0000;\"><strong>GLI SPECIALI DI RADIO PIU\u00a0<\/strong><\/span><\/h2>\n<h2><\/h2>\n<h2><\/h2>\n<h2><\/h2>\n<h2>UN PEZZO DI STORIA DEL COMMERCIO AD AGORDO, OGGI ALLA RADIO CON CLAUDIO SITO<\/h2>\n<p><strong>IL SERVIZIO DI GIANNI SANTOMASO<\/strong><\/p>\n<audio class=\"wp-audio-shortcode\" id=\"audio-99066-8\" preload=\"none\" style=\"width: 100%;\" controls=\"controls\"><source type=\"audio\/mpeg\" src=\"http:\/\/www.radiopiu.net\/wordpress\/wp-content\/uploads\/2019\/09\/CLAUDIO-SITO-1.mp3?_=8\" \/><a href=\"http:\/\/www.radiopiu.net\/wordpress\/wp-content\/uploads\/2019\/09\/CLAUDIO-SITO-1.mp3\">http:\/\/www.radiopiu.net\/wordpress\/wp-content\/uploads\/2019\/09\/CLAUDIO-SITO-1.mp3<\/a><\/audio>\n<p><strong>L&#8217;INTERVISTA ALLA RADIO PARTE 1<\/strong><\/p>\n<audio class=\"wp-audio-shortcode\" id=\"audio-99066-9\" preload=\"none\" style=\"width: 100%;\" controls=\"controls\"><source type=\"audio\/mpeg\" src=\"http:\/\/www.radiopiu.net\/wordpress\/wp-content\/uploads\/2019\/09\/sito1.mp3?_=9\" \/><a href=\"http:\/\/www.radiopiu.net\/wordpress\/wp-content\/uploads\/2019\/09\/sito1.mp3\">http:\/\/www.radiopiu.net\/wordpress\/wp-content\/uploads\/2019\/09\/sito1.mp3<\/a><\/audio>\n<p><strong>L&#8217;INTERVISTA ALLA RADIO PARTE 2<\/strong><\/p>\n<audio class=\"wp-audio-shortcode\" id=\"audio-99066-10\" preload=\"none\" style=\"width: 100%;\" controls=\"controls\"><source type=\"audio\/mpeg\" src=\"http:\/\/www.radiopiu.net\/wordpress\/wp-content\/uploads\/2019\/09\/sito2.mp3?_=10\" \/><a href=\"http:\/\/www.radiopiu.net\/wordpress\/wp-content\/uploads\/2019\/09\/sito2.mp3\">http:\/\/www.radiopiu.net\/wordpress\/wp-content\/uploads\/2019\/09\/sito2.mp3<\/a><\/audio>\n<p>&nbsp;<\/p>\n<p>&nbsp;<\/p>\n<h2>L\u2019Avvocato del Vajont. SANDRO CANESTRINI<\/h2>\n<p><strong><a class=\"dt-pswp-item\" href=\"http:\/\/www.radiopiu.net\/wordpress\/wp-content\/uploads\/2019\/09\/foto-sandro-canestrini-lAquila.jpg\" data-dt-img-description=\"\" data-large_image_width=\"400\" data-large_image_height=\"295\"><img loading=\"lazy\" decoding=\"async\" class=\" wp-image-99102 alignleft\" src=\"http:\/\/www.radiopiu.net\/wordpress\/wp-content\/uploads\/2019\/09\/foto-sandro-canestrini-lAquila-300x221.jpg\" alt=\"\" width=\"231\" height=\"170\" srcset=\"https:\/\/www.radiopiu.net\/wordpress\/wp-content\/uploads\/2019\/09\/foto-sandro-canestrini-lAquila-300x221.jpg 300w, https:\/\/www.radiopiu.net\/wordpress\/wp-content\/uploads\/2019\/09\/foto-sandro-canestrini-lAquila.jpg 400w\" sizes=\"auto, (max-width: 231px) 100vw, 231px\" \/><\/a>BELLUNO<\/strong> \u2019Associazione culturale Tina Merlin e l\u2019Isbrec con il patrocinio dell\u2019Ordine degli avvocati di Belluno e dei Comuni di Erto e Casso, Longarone e Vajont, luned\u00ec 23 settembre alle ore 17.30 nell\u2019Aula Magna dell\u2019Istituto Catullo, organizzano un incontro\u00a0 \u00a0per il 50\u00b0 dell&#8217;arringa dell&#8217;Avvocato di parte civile nel processo del Vajont a L\u2019Aquila.\u00a0 Interverranno gli avvocati Nicola Canestrini e Franco Tandura e la presidente dell\u2019Associazione culturale Tina Merlin, Adriana Lotto. Guido Beretta legger\u00e0 alcuni passi significativi dell\u2019arringa (che and\u00f2 avanti per tre giorni) che saranno commentati dall\u2019avv. Tandura. Verr\u00e0 proiettato il filmato della lettura della sentenza dell\u2019Aquila. L\u2019Ordine degli Avvocati riconosce ai partecipanti 2 crediti formativi. Agli insegnanti viene riconosciuto un attestato di partecipazione valido ai fini della formazione.\u00a0 Sandro Canestrini, scomparso pochi mesi fa a 96 anni, fu un avvocato a tutto tondo, fortemente impegnato nella professione intesa come impegno civile. Si occup\u00f2 di innumerevoli vicende: baster\u00e0 citare i processi pi\u00f9 significativi che lo videro dalla parte dei superstiti di tragedie annunciate o di vittime del nazismo, come, oltre al Vajont, quello sulla tragedia di Stava, quelli contro gli obiettori di coscienza nei tribunali militari, ed ancora la strage dell\u2019aereo di Ustica, il movimento irredentista in Alto Adige, il processo sul lager della Risiera di San Sabba a Trieste, quello contro Michael Seifert, il boia del campo di concentramento di Bolzano, il primo maxiprocesso di Palermo alla mafia.<\/p>\n<p>&nbsp;<\/p>\n<p>&nbsp;<\/p>\n<p>&nbsp;<\/p>\n<p>&nbsp;<\/p>\n<h3>PROGETTO ARCIPELAGO BAMBINI AL PARCO MARAGA<\/h3>\n<p><strong><a class=\"dt-pswp-item\" href=\"http:\/\/www.radiopiu.net\/wordpress\/wp-content\/uploads\/2019\/09\/volantino_per_i_genitori.jpg\" data-dt-img-description=\"\" data-large_image_width=\"1654\" data-large_image_height=\"2339\"><img loading=\"lazy\" decoding=\"async\" class=\" wp-image-99101 alignleft\" src=\"http:\/\/www.radiopiu.net\/wordpress\/wp-content\/uploads\/2019\/09\/volantino_per_i_genitori-212x300.jpg\" alt=\"\" width=\"124\" height=\"175\" srcset=\"https:\/\/www.radiopiu.net\/wordpress\/wp-content\/uploads\/2019\/09\/volantino_per_i_genitori-212x300.jpg 212w, https:\/\/www.radiopiu.net\/wordpress\/wp-content\/uploads\/2019\/09\/volantino_per_i_genitori-768x1086.jpg 768w, https:\/\/www.radiopiu.net\/wordpress\/wp-content\/uploads\/2019\/09\/volantino_per_i_genitori-724x1024.jpg 724w, https:\/\/www.radiopiu.net\/wordpress\/wp-content\/uploads\/2019\/09\/volantino_per_i_genitori.jpg 1654w\" sizes=\"auto, (max-width: 124px) 100vw, 124px\" \/><\/a>BELLUNO<\/strong> Sabato 21 settembre a partire dalle 9:30 genitori e bambini di et\u00e0 compresa fra 2 e 6 anni si incontreranno a Belluno al Parco Maraga (via Boito &#8211; laterale di via Feltre) per un evento su \u201cIl gioco all\u2019aria aperta \u00e8 fondamentale nello sviluppo del bambino: esperienze, giochi e riflessioni tra genitori\u201d. Per partecipare \u00e8 necessario iscriversi telefonando alla Fondazione Progetto Uomo 0437 950909 dalle 8:30 alle 12:30 o inviando una email a info@fondazioneprogettouomo.it entro gioved\u00ec 19 settembre. La partecipazione \u00e8 gratuita, ma si potranno iscrivere max 15 famiglie. L\u2019iniziativa ha lo scopo di sottolineare l\u2019importanza del gioco all\u2019aria aperta dei genitori con i propri bambini per osservare lo sviluppo cognitivo, motorio ed emozionale, le capacit\u00e0 attentive del bambino. Il gioco all\u2019aperto libero, non strutturato, promuove il benessere psicofisico e lo sviluppo sensoriale, l\u2019interazione e la socializzazione, consente di riappropriarsi di un tempo pi\u00f9 lento, di giocare con materiali naturali. Se poi si corre il rischio di sbucciarsi le ginocchia, di urticarsi o toccare una spina\u2026..si far\u00e0 tesoro dell\u2019esperienza. Questo evento rientra nel progetto Arcipelago Bambini realizzato con il sostegno dell\u2019Impresa Sociale Con I Bambini nell\u2019ambito del Fondo per il contrasto della povert\u00e0 educativa minorile<\/p>\n<p>&nbsp;<\/p>\n<p>&nbsp;<\/p>\n<p>&nbsp;<\/p>\n<h3>CORSO DI COMPUTER CON LO SPI CGIL<\/h3>\n<p><strong>FELTRE<\/strong> nella sede della Cgil in Piazza Parmeggiani, 25 \u00a0\u00a0anche quest\u2019anno si svolgeranno i corsi di informatica di base rivolti ai pensionati e agli\u00a0 anziani , organizzati dal Sindacato dei pensionati della Cgil di Belluno Un corso autunnale di computer su Word \u2013 Excel \u2013 Posta elettronica &#8211; Internet Le lezioni avranno inizio il 02\/10\/2019 e termineranno il\u00a0 05\/12\/2019. Prevedono un impegno minimo: una lezione a settimana dalle 15.00 alle 17.00 Saranno messi a disposizione dei partecipanti al ciclo di studio i computer e verr\u00e0 consegnato un fascicolo guida. per info telefonare ai numeri: 347 2771980\u00a0 \u00a0\u00a0\u00a0\u00a0340 9700369<\/p>\n<p>&nbsp;<\/p>\n<p>&nbsp;<\/p>\n<h2><span style=\"font-family: Times New Roman, serif;\"><span style=\"font-size: medium;\">Val Biois Doposcuola<\/span><\/span><\/h2>\n<p><span style=\"font-family: Times New Roman, serif;\"><span style=\"font-size: medium;\"><strong>FALCADE\u00a0<\/strong> Anche quest\u2019anno riparte il Doposcuola in Valle del Biois per tutti i bambini della scuola primaria con data di inizio luned\u00ec 30 settembre.\u00a0 Il servizio comprende mensa con catering, assistenza durante lo svolgimento dei compiti e attivit\u00e0 motoria in palestra. Un giorno a settimana \u00e8 prevista la partecipazione ad un corso sportivo tenuto da un esperto (tennis, arrampicata, nuoto, ecc.).\u00a0 Il Doposcuola ha sede presso la scuola primaria di Falcade in via Marmolada il luned\u00ec, marted\u00ec, mercoled\u00ec, venerd\u00ec dalle 13:00 alle 17:30.<br \/>\nLa riunione informativa per l\u2019anno scolastico 2019\/2020 sar\u00e0 Venerd\u00ec 20 settembre ore 18.00 presso l\u2019istituto comprensivo di Cencenighe Agordino.\u00a0 Info e costi contattando il 340.0870462 o valbiois@attivamenteagordino.com\u00a0 <\/span><\/span><span style=\"font-size: medium; font-family: 'Times New Roman', serif;\">Iscrizioni su www.attivamenteagordino.it<\/span><\/p>\n<p>&nbsp;<\/p>\n<p>&nbsp;<\/p>\n<h3>IL TEST SULLA MEMORIA<\/h3>\n<p><strong>FELTRE\u00a0<\/strong> Continuano gli appuntamenti nelle piazze dei Comuni. Gli psicologi dei centri di Servizio di Feltre saranno a disposizione nelle piazze di diversi comuni della Provincia per un test per la memoria. Per il Feltrino, i gazebi con gli psicologi saranno allestiti dalle 10 alle 12 nelle seguenti date e comuni: ALANO: venerd\u00ec 20 settembre ARSI\u00c8: gioved\u00ec 19 settembre CESIO: gioved\u00ec 19 settembre\u00a0 LENTIAI: mercoled\u00ec 18 settembre (in casa di riposo) SANTA GIUSTINA: venerd\u00ec 20 settembre QUERO: gioved\u00ec 19 settembre SEDICO: gioved\u00ec 19 settembre SEREN: venerd\u00ec 20 settembre TRICHIANA: mercoled\u00ec 18 settembre<\/p>\n<p>&nbsp;<\/p>\n<p>&nbsp;<\/p>\n<h3>PATOLOGIA ONCOLOGIA DEL FEGATO, TRATTAMENTO A 360 GRADI<\/h3>\n<p><strong>FELTRE.<\/strong> Patologia oncologica del fegato, vie biliari e pancreas: casi in aumento e trattamento a 360\u00b0 a Feltre. Se ne parla venerd\u00ec a un convegno al Santa Maria del Prato. Da circa un anno, all\u2019ospedale di Feltre la patologia oncologica del fegato, vie biliari e pancreas \u00e8 andata notevolmente aumentando. Grazie alla sinergia tra unit\u00e0 operative, alle nuove dotazioni strumentali della radiologia e alle nuove competenze chirurgiche, questo tipo di tumori riceve un trattamento a 360\u00b0 dalla diagnosi, grazie all\u2019endoscopica, alla radiologia, alla anatomia patologica,, alla terapia chirurgia e ai trattamenti oncologici. Il convegno di domani, organizzato dal direttore della chirurgia Umberto Montin e dal direttore della oncologia Davide Pastorelli, mira ad approfondire le nuova prospettive di trattamento di queste patologie e vedr\u00e0 la partecipazione di un parter di relatori di altissimo livello come i professori Ugo Boggi di Pisa, Guido Torzilli di Milano e Umberto Cillo di Padova. Il Convegno \u00e8 strutturato su tre grandi aree di interesse: tumori del pancreas, epatocarcinoma, tumori delle vie biliari e neuroendocrini. Obiettivo della prima sessione \u00e8 di approfondire le problematiche relative all\u2019adenocarcinoma del pancreas, patologia in incremento con un andamento subdolo e che frequentemente pone problemi di diagnosi differenziale con altre patologie meno aggressive. Nella seconda e terza sessione l\u2019obiettivo \u00e8 di offrire un\u2019ampia rassegna degli standard terapeutici raggiunti nel trattamento dell\u2019epatocarcinoma, tumori delle vie biliari e neuroendocrini.<\/p>\n<p>&nbsp;<\/p>\n<p>&nbsp;<\/p>\n<h2>LA PIU&#8217; GRANDE COLLEZIONE DELLA STORIA DELLO SCI DA FONDO<\/h2>\n<p><strong><a class=\"dt-pswp-item\" href=\"http:\/\/www.radiopiu.net\/wordpress\/wp-content\/uploads\/2019\/09\/eCUWBwhQ.jpeg\" data-dt-img-description=\"\" data-large_image_width=\"1128\" data-large_image_height=\"1600\"><img loading=\"lazy\" decoding=\"async\" class=\"size-medium wp-image-99136 alignleft\" src=\"http:\/\/www.radiopiu.net\/wordpress\/wp-content\/uploads\/2019\/09\/eCUWBwhQ-212x300.jpeg\" alt=\"\" width=\"212\" height=\"300\" srcset=\"https:\/\/www.radiopiu.net\/wordpress\/wp-content\/uploads\/2019\/09\/eCUWBwhQ-212x300.jpeg 212w, https:\/\/www.radiopiu.net\/wordpress\/wp-content\/uploads\/2019\/09\/eCUWBwhQ-768x1089.jpeg 768w, https:\/\/www.radiopiu.net\/wordpress\/wp-content\/uploads\/2019\/09\/eCUWBwhQ-722x1024.jpeg 722w, https:\/\/www.radiopiu.net\/wordpress\/wp-content\/uploads\/2019\/09\/eCUWBwhQ.jpeg 1128w\" sizes=\"auto, (max-width: 212px) 100vw, 212px\" \/><\/a>BELLUNO<\/strong> &#8211; Appuntamento domenica 22 settembre nell\u2019antico Borgo di Sagrogna, in Comune di Belluno, con l\u2019esposizione della storia degli sci da fondo. Una manifestazione allestita da Tonino Zampieri all\u2019interno dell\u2019ormai collaudata Orti in Piazza a firma della Pro Loco Pieve Castionese. Duecentosessanta pezzi, di cui centodieci certificati ed inseriti nel Registro degli sci d\u2019epoca della Marcialonga, che racconteranno la storia dello sci stretto, il tutto raggruppato nella pi\u00f9 grande collezione della storia dello sci da fondo. \u00abUn evento unico nel suo genere &#8211; commenta Zampieri &#8211; e ancor pi\u00f9 impreziosito dalla presenza degli esperti della Marcialonga che, per l\u2019occasione, saranno a disposizione dei visitatori per certificare gli sci privati con attacco largo da sette centimetri e mezzo. Quindi un\u2019occasione per visitare un\u2019importante esposizione e farsi certificare i propri sci portati da casa\u00bb. Tra gli ospiti anche i fratelli Boninsegna, famosi produttori degli sci Nynsen utilizzati anche dal Gruppo Sportivo Castionese all\u2019inizio della propria attivit\u00e0 sportiva. \u00abPer il completamento dell\u2019esposizione &#8211; termina Zampieri &#8211; siamo riusciti a raccogliere ed esporre anche le coppie di sci, inerenti le discipline fondo e discesa, che all\u2019epoca erano accomunati dalla stessa serigrafia\u00bb. A poche decine di metri, sempre nel borgo di Sagrogna, sar\u00e0 possibile visitare un\u2019altra mostra che vedr\u00e0 esposte le radio d\u2019epoca dal 1920 al 1960. Le esposizioni saranno visibili per tutta la giornata di domenica 22 settembre. Per ulteriori informazioni \u00e8 possibile contattare Tonino Zampieri al numero\u00a0335 6956847.<\/p>\n<p>&nbsp;<\/p>\n<p>&nbsp;<\/p>\n<p>&nbsp;<\/p>\n<p>&nbsp;<\/p>\n<p>&nbsp;<\/p>\n<p>&nbsp;<\/p>\n<blockquote class=\"wp-embedded-content\" data-secret=\"YAzxBrB7rf\"><p><a href=\"http:\/\/www.radiopiu.net\/wordpress\/mussoi-mobilitata-per-la-chiesa-dedicata-ai-ss-filippo-e-giacomo-di-renato-bona\/\">MUSSOI MOBILITATA PER LA CHIESA DEDICATA AI SS. FILIPPO E GIACOMO di RENATO BONA<\/a><\/p><\/blockquote>\n<p><iframe loading=\"lazy\" title=\"&#8220;MUSSOI MOBILITATA PER LA CHIESA DEDICATA AI SS. FILIPPO E GIACOMO di RENATO BONA&#8221; &#8212; Radio Pi\u00f9\" class=\"wp-embedded-content\" sandbox=\"allow-scripts\" security=\"restricted\" style=\"position: absolute; clip: rect(1px, 1px, 1px, 1px);\" src=\"http:\/\/www.radiopiu.net\/wordpress\/mussoi-mobilitata-per-la-chiesa-dedicata-ai-ss-filippo-e-giacomo-di-renato-bona\/embed\/#?secret=YAzxBrB7rf\" data-secret=\"YAzxBrB7rf\" width=\"600\" height=\"338\" frameborder=\"0\" marginwidth=\"0\" marginheight=\"0\" scrolling=\"no\"><\/iframe><\/p>\n<p>&nbsp;<\/p>\n<p>&nbsp;<\/p>\n<p>&nbsp;<\/p>\n<p>&nbsp;<\/p>\n<div data-offset-key=\"frkd2-0-0\">\n<p><a class=\"dt-pswp-item\" href=\"http:\/\/www.radiopiu.net\/wordpress\/wp-content\/uploads\/2018\/09\/appuntamenti.jpeg\" data-dt-img-description=\"\" data-large_image_width=\"800\" data-large_image_height=\"100\"><img loading=\"lazy\" decoding=\"async\" class=\"aligncenter wp-image-61958 size-full\" src=\"http:\/\/www.radiopiu.net\/wordpress\/wp-content\/uploads\/2018\/09\/appuntamenti.jpeg\" alt=\"\" width=\"800\" height=\"100\" srcset=\"https:\/\/www.radiopiu.net\/wordpress\/wp-content\/uploads\/2018\/09\/appuntamenti.jpeg 800w, https:\/\/www.radiopiu.net\/wordpress\/wp-content\/uploads\/2018\/09\/appuntamenti-300x38.jpeg 300w, https:\/\/www.radiopiu.net\/wordpress\/wp-content\/uploads\/2018\/09\/appuntamenti-768x96.jpeg 768w\" sizes=\"auto, (max-width: 800px) 100vw, 800px\" \/><\/a><\/p>\n<p>&nbsp;<\/p>\n<p>&nbsp;<\/p>\n<h2>MENDRANZE N POEJIA X EDIZIONE<\/h2>\n<p><a class=\"dt-pswp-item\" href=\"http:\/\/www.radiopiu.net\/wordpress\/wp-content\/uploads\/2019\/09\/69863732_1256446051192767_3975798260370505728_n.jpg\" data-dt-img-description=\"\" data-large_image_width=\"800\" data-large_image_height=\"800\"><img loading=\"lazy\" decoding=\"async\" class=\" wp-image-97811 alignleft\" src=\"http:\/\/www.radiopiu.net\/wordpress\/wp-content\/uploads\/2019\/09\/69863732_1256446051192767_3975798260370505728_n-300x300.jpg\" alt=\"\" width=\"130\" height=\"130\" srcset=\"https:\/\/www.radiopiu.net\/wordpress\/wp-content\/uploads\/2019\/09\/69863732_1256446051192767_3975798260370505728_n-300x300.jpg 300w, https:\/\/www.radiopiu.net\/wordpress\/wp-content\/uploads\/2019\/09\/69863732_1256446051192767_3975798260370505728_n-150x150.jpg 150w, https:\/\/www.radiopiu.net\/wordpress\/wp-content\/uploads\/2019\/09\/69863732_1256446051192767_3975798260370505728_n-768x768.jpg 768w, https:\/\/www.radiopiu.net\/wordpress\/wp-content\/uploads\/2019\/09\/69863732_1256446051192767_3975798260370505728_n.jpg 800w\" sizes=\"auto, (max-width: 130px) 100vw, 130px\" \/><\/a><strong>LIVINALLONGO<\/strong> In occasione del 15 anni di fondazione dell&#8217;Istitut Cultural Ladin Cesa de Jan sabato 21 settembre alle 20.30 in sala congressi di Arabba viene organizzata la premiazione della decima edizione del concorso nazionale Mendanze n Poejia. Suoner\u00e0 la banda da Fodom diretta da Giuliano Federa, sketch teatrale dei ragazzi della scuola e consegna dei riconoscimenti alle persone meritevoli. Presenta Gianpaolo Soratroi.<\/p>\n<p>LO SPOT ALLA RADIO<\/p>\n<p>&nbsp;<\/p>\n<p>&nbsp;<\/p>\n<\/div>\n<p>&nbsp;<\/p>\n<p>&nbsp;<\/p>\n<div data-offset-key=\"frkd2-0-0\">\n<p><strong><a class=\"dt-pswp-item\" href=\"http:\/\/www.radiopiu.net\/wordpress\/wp-content\/uploads\/2019\/09\/autunnoA4.png\" data-dt-img-description=\"\" data-large_image_width=\"1123\" data-large_image_height=\"793\"><img loading=\"lazy\" decoding=\"async\" class=\"size-medium wp-image-98461 alignleft\" src=\"http:\/\/www.radiopiu.net\/wordpress\/wp-content\/uploads\/2019\/09\/autunnoA4-300x212.png\" alt=\"\" width=\"300\" height=\"212\" srcset=\"https:\/\/www.radiopiu.net\/wordpress\/wp-content\/uploads\/2019\/09\/autunnoA4-300x212.png 300w, https:\/\/www.radiopiu.net\/wordpress\/wp-content\/uploads\/2019\/09\/autunnoA4-768x542.png 768w, https:\/\/www.radiopiu.net\/wordpress\/wp-content\/uploads\/2019\/09\/autunnoA4-1024x723.png 1024w, https:\/\/www.radiopiu.net\/wordpress\/wp-content\/uploads\/2019\/09\/autunnoA4.png 1123w\" sizes=\"auto, (max-width: 300px) 100vw, 300px\" \/><\/a><\/strong><\/p>\n<p><strong>LIVINALLONGO<\/strong> Avvicinandoci alla fine della stagione estiva si comunica che il Castello di Andraz sar\u00e0 aperto, dopo il 15 settembre, anche nei seguenti weekend (sabato e domenica): 21-22 e 28-29 settembre, 5-6 e 12-13 ottobre, dalle 10.00 alle 13.00 e dalle 14.30 alle 17.30.<\/p>\n<p>&nbsp;<\/p>\n<p>&nbsp;<\/p>\n<\/div>\n<p>&nbsp;<\/p>\n<p>&nbsp;<\/p>\n<p>&nbsp;<\/p>\n<p>&nbsp;<\/p>\n<div data-offset-key=\"frkd2-0-0\"><\/div>\n<div data-offset-key=\"frkd2-0-0\"><\/div>\n<div data-offset-key=\"frkd2-0-0\">\n<h3>PRESENZE E STORIE DI UN PARCO STORICO MONUMENTALE<\/h3>\n<p><a class=\"dt-pswp-item\" href=\"http:\/\/www.radiopiu.net\/wordpress\/wp-content\/uploads\/2019\/09\/18.jpg\" data-dt-img-description=\"\" data-large_image_width=\"1020\" data-large_image_height=\"680\"><img loading=\"lazy\" decoding=\"async\" class=\"alignnone wp-image-98844\" src=\"http:\/\/www.radiopiu.net\/wordpress\/wp-content\/uploads\/2019\/09\/18-300x200.jpg\" alt=\"\" width=\"210\" height=\"140\" srcset=\"https:\/\/www.radiopiu.net\/wordpress\/wp-content\/uploads\/2019\/09\/18-300x200.jpg 300w, https:\/\/www.radiopiu.net\/wordpress\/wp-content\/uploads\/2019\/09\/18-768x512.jpg 768w, https:\/\/www.radiopiu.net\/wordpress\/wp-content\/uploads\/2019\/09\/18.jpg 1020w\" sizes=\"auto, (max-width: 210px) 100vw, 210px\" \/><\/a><a class=\"dt-pswp-item\" href=\"http:\/\/www.radiopiu.net\/wordpress\/wp-content\/uploads\/2019\/09\/36.jpg\" data-dt-img-description=\"\" data-large_image_width=\"1048\" data-large_image_height=\"786\"><img loading=\"lazy\" decoding=\"async\" class=\"alignnone wp-image-98843\" src=\"http:\/\/www.radiopiu.net\/wordpress\/wp-content\/uploads\/2019\/09\/36-300x225.jpg\" alt=\"\" width=\"186\" height=\"139\" srcset=\"https:\/\/www.radiopiu.net\/wordpress\/wp-content\/uploads\/2019\/09\/36-300x225.jpg 300w, https:\/\/www.radiopiu.net\/wordpress\/wp-content\/uploads\/2019\/09\/36-768x576.jpg 768w, https:\/\/www.radiopiu.net\/wordpress\/wp-content\/uploads\/2019\/09\/36-1024x768.jpg 1024w, https:\/\/www.radiopiu.net\/wordpress\/wp-content\/uploads\/2019\/09\/36.jpg 1048w\" sizes=\"auto, (max-width: 186px) 100vw, 186px\" \/><\/a><\/p>\n<p><strong><a class=\"dt-pswp-item\" href=\"http:\/\/www.radiopiu.net\/wordpress\/wp-content\/uploads\/2019\/09\/facebook_1568526868863-2.jpg\" data-dt-img-description=\"\" data-large_image_width=\"720\" data-large_image_height=\"1017\"><img loading=\"lazy\" decoding=\"async\" class=\"wp-image-98846 alignleft\" src=\"http:\/\/www.radiopiu.net\/wordpress\/wp-content\/uploads\/2019\/09\/facebook_1568526868863-2-212x300.jpg\" alt=\"\" width=\"142\" height=\"201\" srcset=\"https:\/\/www.radiopiu.net\/wordpress\/wp-content\/uploads\/2019\/09\/facebook_1568526868863-2-212x300.jpg 212w, https:\/\/www.radiopiu.net\/wordpress\/wp-content\/uploads\/2019\/09\/facebook_1568526868863-2.jpg 720w\" sizes=\"auto, (max-width: 142px) 100vw, 142px\" \/><\/a>BELLUNO<\/strong> Nel programma della settimana di Azione per il Clima \u00e8 prevista una visita guidata al Parco Storico di Mussoi, il pi\u00f9 grande polmone verde della citt\u00e0 di Belluno, dotato di un\u2019eccezionale quantit\u00e0 e variet\u00e0 di alberi secolari. Il titolo dell\u2019iniziativa ATTENTI A QUEI GIGANTI, luci e ombre nella \u201cselva oscura\u201d \u00e8 indicativo del taglio che verr\u00e0 dato dal naturalista Anacleto Boranga nel condurre i partecipanti, unendo in modo avvincente alla descrizione botanica, simbologie, miti e leggende legate al mondo arboreo. La partecipazione \u00e8 libera e gratuita. Appuntamento domenica alle 10 all\u2019entrata del Parco in via Travazzoi 25. In caso di maltempo l&#8217;evento si terr\u00e0 presso la sala parrocchiale di Mussoi di via Gregorio XVI<\/p>\n<\/div>\n<p>&nbsp;<\/p>\n<p>&nbsp;<\/p>\n<p>&nbsp;<\/p>\n<p>&nbsp;<\/p>\n<p>&nbsp;<\/p>\n<p>&nbsp;<\/p>\n<h2><strong>PREVENZIONE DEL DECLINO COGNITIVO, OGGI AD AGORDO\u00a0\u00a0<\/strong><\/h2>\n<p><strong>AGORDO<\/strong> Dopo l\u2019incontro di gioved\u00ec scorso al San Martino \u00a0per I Gioved\u00ec della salute dal titolo \u201cLa demenza tra cura e relazione\u201c, \u00a0continuano gli appuntamenti\u00a0 \u201cParliamo di Memoria \u201cdurante i quali gli psicologi dei centri di Servizio residenziali di Feltre e Belluno, l\u2019ASCA, la SERSA e la Cooperativa Le Valli e l\u2019associazione Pettirosso sono \u00a0a disposizione dei cittadini con dei gazebi \u00a0nelle piazze di vari comuni \u00a0per l\u2019esecuzione di un <strong>test per la memoria<\/strong>. Per il Distretto 1 di Belluno, l\u2019iniziativa che \u00a0ha avuto il via a\u00a0 partire dallo scorso 7 settembre, \u00a0proseguir\u00e0\u00a0 Ad Agordo oggi dalle 10<\/p>\n<p>&nbsp;<\/p>\n<p>&nbsp;<\/p>\n<h2>SABATO AL PR RANCH IL SAGGIO A CAVALLO<\/h2>\n<p><strong>LA VALLE<\/strong> Sabato presso gli impianti sportivi il saggio del PR Ranch\u00a0 per dar modo a parenti, amici e\u00a0 tutti gli interessati di poter vedere le giovani atlete agordine all&#8217; opera. Il tema \u00e8 &#8220;NON SOLO VAIA&#8221;<\/p>\n<p>PAGINA FACEBOOK <span style=\"color: #0000ff;\"><strong><a style=\"color: #0000ff;\" href=\"https:\/\/m.facebook.com\/story.php?story_fbid=1397356577083250&amp;id=100004267626931&amp;sfnsn=mo\">CLICCA QUI\u00a0<\/a><\/strong><\/span><\/p>\n<p>&nbsp;<\/p>\n<h3>CON IL CAI DI AGORDO<\/h3>\n<p>Domenica escursione al bivacco Yale sul Monte Avena a metri 1140, un terrazzo panoramico delle Vette che si affaccia sulla conca feltrina e sa regalare spunti di grande interesse sia paesaggistico che naturalistico. Sulla sua\u00a0costa nel versante sud sorge il Bivacco Yale, posto accogliente, che offre ai\u00a0visitatori una veduta impareggiabile sull\u2019intero massiccio del Monte Grappa.<\/p>\n<h3>CON IL CAI DI CAPRILE<\/h3>\n<p>Domenica escursione in Val Travenanzes-Fiames da Passo Falzarego, 400 metri di dislivello. Ritrovo sede Cai di Caprile alle 17.30 con Thomas Ganz. Informazioni e iscrizioni entro giovedi al 328 5385339<\/p>\n<h3>CON IL CAI DI BELLUNO<\/h3>\n<p>La sezione CAI di Belluno organizza per domenica\u00a0 una\u00a0 gita sul gruppo del Tamer &#8211; San Sebastiano. La partenza in localit\u00e0 Baudon 1180 m lungo la strada per il Passo Duran. Informazioni e iscrizioni presso i lnegozio Mazzonetto in via Vittorio Veneto o al n:\u00a0 334 8338525<\/p>\n<p>&nbsp;<\/p>\n<p>&nbsp;<\/p>\n<p>&nbsp;<\/p>\n<p>&nbsp;<\/p>\n<p>&nbsp;<\/p>\n<h3><a class=\"dt-pswp-item\" href=\"http:\/\/www.radiopiu.net\/wordpress\/wp-content\/uploads\/2018\/09\/sport.jpg\" data-dt-img-description=\"\" data-large_image_width=\"800\" data-large_image_height=\"100\"><img loading=\"lazy\" decoding=\"async\" class=\"aligncenter wp-image-60761 size-full\" src=\"http:\/\/www.radiopiu.net\/wordpress\/wp-content\/uploads\/2018\/09\/sport.jpg\" alt=\"\" width=\"800\" height=\"100\" srcset=\"https:\/\/www.radiopiu.net\/wordpress\/wp-content\/uploads\/2018\/09\/sport.jpg 800w, https:\/\/www.radiopiu.net\/wordpress\/wp-content\/uploads\/2018\/09\/sport-300x38.jpg 300w, https:\/\/www.radiopiu.net\/wordpress\/wp-content\/uploads\/2018\/09\/sport-768x96.jpg 768w\" sizes=\"auto, (max-width: 800px) 100vw, 800px\" \/><\/a><\/h3>\n<h3><\/h3>\n<p>&nbsp;<\/p>\n<h2>STASERA LA PRESENTAZIONE DELL&#8217;AGORDINA CALCIO<\/h2>\n<p><a class=\"dt-pswp-item\" href=\"http:\/\/www.radiopiu.net\/wordpress\/wp-content\/uploads\/2019\/09\/AGORDINA-CALCIO.jpeg\" data-dt-img-description=\"\" data-large_image_width=\"225\" data-large_image_height=\"225\"><img loading=\"lazy\" decoding=\"async\" class=\" wp-image-97575 alignleft\" src=\"http:\/\/www.radiopiu.net\/wordpress\/wp-content\/uploads\/2019\/09\/AGORDINA-CALCIO.jpeg\" alt=\"\" width=\"156\" height=\"156\" srcset=\"https:\/\/www.radiopiu.net\/wordpress\/wp-content\/uploads\/2019\/09\/AGORDINA-CALCIO.jpeg 225w, https:\/\/www.radiopiu.net\/wordpress\/wp-content\/uploads\/2019\/09\/AGORDINA-CALCIO-150x150.jpeg 150w\" sizes=\"auto, (max-width: 156px) 100vw, 156px\" \/><\/a>Il campionato di Terza Categoria \u00e8 iniziato da una settimana e l&#8217;Agordina di Marco Lorenzi ha vinto la prima partita contro la temibile Feltrese 1910 con un secco 2 a 0. La squadra di Agordo ha come primo obbiettivo quello di risalire in Seconda Categoria ma non sar\u00e0 un cammino facile. Il campionato provinciale quest&#8217;anno \u00e8 molto interessante con tante formazioni che lotteranno per vincere il titolo. Domenica prossima la squadra di Lorenzi avr\u00e0 un&#8217;altro test molto importante contro il San Vittore. Intanto stasera la compagine del presidente Cosmo Forcella verr\u00e0 presentata ufficialmente. L&#8217;appuntamento \u00e8 per le ore 19, in piazza ad Agordo, presso il Caff\u00e8 Miniere di Ivan Bettini. Un aperitivo studiato ad hoc per far conoscere a tutti chi sono i giocatori che compongono la rosa quest&#8217;anno e per dare un momento di luce anche a coloro che lavorano dietro le quinte. Ad accompagnare la serata sar\u00e0 la musica di DJ Bisso.<\/p>\n<h3><\/h3>\n<p>&nbsp;<\/p>\n<p>&nbsp;<\/p>\n<p>&nbsp;<\/p>\n<h3>DOMENICA LA 16 COMUNI IN PIAZZA AD AGORDO, IERI LO SPECIALE ALLA RADIO<\/h3>\n<blockquote><p><em> CON: l&#8217;assessore Cristina Bien, il presidente della Proloco Enrico Farenzena e il presidente dell&#8217;Atletica Agordina Fernando Soccol.<\/em><\/p><\/blockquote>\n<p><strong>AUDIO<\/strong><\/p>\n<audio class=\"wp-audio-shortcode\" id=\"audio-99066-11\" preload=\"none\" style=\"width: 100%;\" controls=\"controls\"><source type=\"audio\/mpeg\" src=\"http:\/\/www.radiopiu.net\/wordpress\/wp-content\/uploads\/2019\/09\/sedici-comuni-bien-farenzena-soccol.mp3?_=11\" \/><a href=\"http:\/\/www.radiopiu.net\/wordpress\/wp-content\/uploads\/2019\/09\/sedici-comuni-bien-farenzena-soccol.mp3\">http:\/\/www.radiopiu.net\/wordpress\/wp-content\/uploads\/2019\/09\/sedici-comuni-bien-farenzena-soccol.mp3<\/a><\/audio>\n<p>&nbsp;<\/p>\n<p>&nbsp;<\/p>\n<p>&nbsp;<\/p>\n<h2>Sabato 21 settembre presentazione #AllegheHockey\u00a0 Prevendita abbonamenti per la stagione ItalianHL 2019\/20. GRILL &amp;\u00a0 Party\u00a0 AllegheHockey vs HC Merano.. DOVE RINASCE L&#8217;HOCKEY!<\/h2>\n<div id=\"fb-root\"><\/div>\n<p><script async=\"1\" defer=\"1\" crossorigin=\"anonymous\" src=\"https:\/\/connect.facebook.net\/it_IT\/sdk.js#xfbml=1&amp;version=v6.0\"><\/script><\/p>\n<div class=\"fb-video\" data-href=\"https:\/\/www.facebook.com\/AllegheHockey\/videos\/380589345953351\/\" data-width=\"1200\">\n<blockquote cite=\"https:\/\/www.facebook.com\/AllegheHockey\/videos\/380589345953351\/\" class=\"fb-xfbml-parse-ignore\"><p><a href=\"https:\/\/www.facebook.com\/AllegheHockey\/videos\/380589345953351\/\"><\/a><\/p>\n<p>Sabato 21 settembre #presentazione #AllegheHockey! Prevendita abbonamenti per la #stagione #ItalianHL 2019\/20..#GRILL &amp; #Party  + #AllegheHockey vs HC Meran\/o..VI ASPETTIAMO DOVE RINASCE L&#039;HOCKEY!<\/p>\n<p>Pubblicato da <a href=\"https:\/\/www.facebook.com\/AllegheHockey\/\">Alleghe Hockey<\/a> su Sabato 14 settembre 2019<\/p><\/blockquote>\n<\/div>\n<p>&nbsp;<\/p>\n<p>&nbsp;<\/p>\n<p>&nbsp;<\/p>\n<p>&nbsp;<\/p>\n<p><a class=\"dt-pswp-item\" href=\"http:\/\/www.radiopiu.net\/wordpress\/wp-content\/uploads\/2018\/09\/WhatsApp-Image-2018-09-20-at-16.04.06.jpeg\" data-dt-img-description=\"\" data-large_image_width=\"800\" data-large_image_height=\"100\"><img loading=\"lazy\" decoding=\"async\" class=\"aligncenter wp-image-61378 size-full\" src=\"http:\/\/www.radiopiu.net\/wordpress\/wp-content\/uploads\/2018\/09\/WhatsApp-Image-2018-09-20-at-16.04.06.jpeg\" alt=\"\" width=\"800\" height=\"100\" srcset=\"https:\/\/www.radiopiu.net\/wordpress\/wp-content\/uploads\/2018\/09\/WhatsApp-Image-2018-09-20-at-16.04.06.jpeg 800w, https:\/\/www.radiopiu.net\/wordpress\/wp-content\/uploads\/2018\/09\/WhatsApp-Image-2018-09-20-at-16.04.06-300x38.jpeg 300w, https:\/\/www.radiopiu.net\/wordpress\/wp-content\/uploads\/2018\/09\/WhatsApp-Image-2018-09-20-at-16.04.06-768x96.jpeg 768w\" sizes=\"auto, (max-width: 800px) 100vw, 800px\" \/><\/a><\/p>\n<p>&nbsp;<\/p>\n<p>&nbsp;<\/p>\n<p><center><b>Giovedi 19<\/b><\/center><b>Tempo atteso: <\/b>Tempo in miglioramento con cielo sereno o poco nuvoloso per nubi alte sulle Dolomiti e banchi di nubi basse mattutine sulle Prealpi, in dissolvimento. Al pomeriggio tempo assai soleggiato con cielo sereno o poco nuvoloso per stratocumuli a ridosso delle cime. Clima decisamente pi\u00f9 fresco in quota, anche nelle valli nonostante il soleggiamento.<br \/>\n<b>Precipitazioni: <\/b>Assenti (0%).<br \/>\n<b>Temperature: <\/b>In generale calo, specie le minime. Sono previste punte di 21\/22\u00b0C nei fondovalle prealpini e di 16\/17\u00b0C a 1000\/1200 m. Su Prealpi a 1500 m min 8\u00b0C max 12\u00b0C, a 2000 m min 6\u00b0C max 9\u00b0C. Su Dolomiti a 2000 m min 5\u00b0C max 9\u00b0C, a 3000 m min 1\u00b0C max 2\u00b0C.<br \/>\n<b>Venti: <\/b>Nelle valli deboli a regime di brezza; in quota deboli\/moderati da Nord-Ovest, a 5-20 km\/h a 2000 m, 15-30 km\/h a 3000 m.<\/p>\n<hr \/>\n<p><center><b>Venerdi 20<\/b><\/center><b>Tempo atteso: <\/b>Tempo perlopi\u00f9 soleggiato e stabile, con qualche banco di nubi basse all&#8217;alba su alcuni settori prealpini, in rapido dissolvimento. Al pomeriggio molto soleggiato con modesti cumuli diurni, quasi del tutto assenti sulle Dolomiti. Clima fresco al mattino, anche di giorno nonostante il buon soleggiamento.<br \/>\n<b>Precipitazioni: <\/b>Assenti (0%).<br \/>\n<b>Temperature: <\/b>Minime in calo e massime in ripresa, con punte di 24\/25\u00b0C nei fondovalle prealpini e di 19\/21\u00b0C a 1000\/1200 m. Su Prealpi a 1500 m min 10\u00b0C max 15\u00b0C, a 2000 m min 8\u00b0C max 11\u00b0C. Su Dolomiti a 2000 m min 7\u00b0C max 12\u00b0C, a 3000 m min 1\u00b0C max 5\u00b0C.<br \/>\n<b>Venti: <\/b>Nelle valli perlopi\u00f9 deboli a regime di brezza; in quota deboli\/moderati da Nord-Ovest, a 5-10 km\/h a 2000 m, 15-30 km\/h a 3000 m.<\/p>\n<hr \/>\n<p><center><b>Sabato 21<\/b><\/center>Tempo ben soleggiato con cielo terso, aria limpida ed ottima visibilit\u00e0. Clima sempre fresco al primo mattino e lieve rialzo delle temperature diurne, con forte escursione termica giornaliera nelle valli. In quota venti deboli settentrionali al mattino, poi moderati da Sud-Ovest; nelle valli perlopi\u00f9 deboli per brezze.<\/p>\n<hr \/>\n<p><center><b>Domenica 22<\/b><\/center>Tempo ben soleggiato con cielo sereno al mattino. Poi sopraggiungeranno nubi alte in grado di velare il cielo. Aria tersa ed ottima visibilit\u00e0. Generale lieve rialzo termico con valori diurni sopra la media del periodo. Venti moderati da Ovest Sud-Ovest in quota, a tratti tesi oltre i 3000 m; perlopi\u00f9 deboli per brezze nelle valli. Previsore: R.L.Th.<\/p>\n<p>&nbsp;<\/p>\n<p>&nbsp;<\/p>\n","protected":false},"excerpt":{"rendered":"<p>PROVINCIALE VALLE DEL MIS, FINO AL 04 OTTOBRE INTERDIZIONE TOTALE AL TRANSITO TRA TITELE E CALIFORNIA, ECCETTO RESIDENTI. Per chiarezza: E&#8217; chiusa una strada secondaria.. praticamente dopo la frazione Bitti c&#8217;\u00e8 un ponte che gira a destra per l&#8217;abitato di California, strada sterrata.. in poche parole da dopo il ponte devono asfaltare la strada in&hellip;<\/p>\n","protected":false},"author":1,"featured_media":99116,"comment_status":"closed","ping_status":"closed","sticky":false,"template":"","format":"standard","meta":{"_monsterinsights_skip_tracking":false,"_monsterinsights_sitenote_active":false,"_monsterinsights_sitenote_note":"","_monsterinsights_sitenote_category":0,"footnotes":""},"categories":[86],"tags":[],"class_list":["post-99066","post","type-post","status-publish","format-standard","has-post-thumbnail","hentry","category-gr","category-86","description-off"],"img_url":"https:\/\/www.radiopiu.net\/wordpress\/wp-content\/uploads\/2019\/09\/71036409_10217365635545448_5305398213975474176_n.jpg","_links":{"self":[{"href":"https:\/\/www.radiopiu.net\/wordpress\/wp-json\/wp\/v2\/posts\/99066","targetHints":{"allow":["GET"]}}],"collection":[{"href":"https:\/\/www.radiopiu.net\/wordpress\/wp-json\/wp\/v2\/posts"}],"about":[{"href":"https:\/\/www.radiopiu.net\/wordpress\/wp-json\/wp\/v2\/types\/post"}],"author":[{"embeddable":true,"href":"https:\/\/www.radiopiu.net\/wordpress\/wp-json\/wp\/v2\/users\/1"}],"replies":[{"embeddable":true,"href":"https:\/\/www.radiopiu.net\/wordpress\/wp-json\/wp\/v2\/comments?post=99066"}],"version-history":[{"count":0,"href":"https:\/\/www.radiopiu.net\/wordpress\/wp-json\/wp\/v2\/posts\/99066\/revisions"}],"wp:featuredmedia":[{"embeddable":true,"href":"https:\/\/www.radiopiu.net\/wordpress\/wp-json\/wp\/v2\/media\/99116"}],"wp:attachment":[{"href":"https:\/\/www.radiopiu.net\/wordpress\/wp-json\/wp\/v2\/media?parent=99066"}],"wp:term":[{"taxonomy":"category","embeddable":true,"href":"https:\/\/www.radiopiu.net\/wordpress\/wp-json\/wp\/v2\/categories?post=99066"},{"taxonomy":"post_tag","embeddable":true,"href":"https:\/\/www.radiopiu.net\/wordpress\/wp-json\/wp\/v2\/tags?post=99066"}],"curies":[{"name":"wp","href":"https:\/\/api.w.org\/{rel}","templated":true}]}}