{"id":99078,"date":"2019-09-18T23:59:55","date_gmt":"2019-09-18T21:59:55","guid":{"rendered":"http:\/\/www.radiopiu.net\/wordpress\/?p=99078"},"modified":"2019-09-19T08:01:45","modified_gmt":"2019-09-19T06:01:45","slug":"perche-la-pista-ciclabile-listolade-cencenighe-non-esiste-piu","status":"publish","type":"post","link":"https:\/\/www.radiopiu.net\/wordpress\/perche-la-pista-ciclabile-listolade-cencenighe-non-esiste-piu\/","title":{"rendered":"PERCHE&#8217;\u00a0 LA PISTA\u00a0 CICLABILE LISTOLADE CENCENIGHE NON ESISTE PIU&#8217;"},"content":{"rendered":"<h3><\/h3>\n<h3>PERCHE&#8217;\u00a0 LA PISTA\u00a0 CICLABILE LISTOLADE CENCENIGHE NON ESISTE PIU&#8217;<\/h3>\n<p><a class=\"dt-pswp-item\" href=\"http:\/\/www.radiopiu.net\/wordpress\/wp-content\/uploads\/2019\/09\/WhatsApp-Image-2019-09-14-at-11.48.54.jpeg\" data-dt-img-description=\"\" data-large_image_width=\"1599\" data-large_image_height=\"1200\"><img loading=\"lazy\" decoding=\"async\" class=\"alignnone size-medium wp-image-99086\" src=\"http:\/\/www.radiopiu.net\/wordpress\/wp-content\/uploads\/2019\/09\/WhatsApp-Image-2019-09-14-at-11.48.54-300x225.jpeg\" alt=\"\" width=\"300\" height=\"225\" srcset=\"https:\/\/www.radiopiu.net\/wordpress\/wp-content\/uploads\/2019\/09\/WhatsApp-Image-2019-09-14-at-11.48.54-300x225.jpeg 300w, https:\/\/www.radiopiu.net\/wordpress\/wp-content\/uploads\/2019\/09\/WhatsApp-Image-2019-09-14-at-11.48.54-768x576.jpeg 768w, https:\/\/www.radiopiu.net\/wordpress\/wp-content\/uploads\/2019\/09\/WhatsApp-Image-2019-09-14-at-11.48.54-1024x768.jpeg 1024w, https:\/\/www.radiopiu.net\/wordpress\/wp-content\/uploads\/2019\/09\/WhatsApp-Image-2019-09-14-at-11.48.54.jpeg 1599w\" sizes=\"auto, (max-width: 300px) 100vw, 300px\" \/><\/a><a class=\"dt-pswp-item\" href=\"http:\/\/www.radiopiu.net\/wordpress\/wp-content\/uploads\/2019\/09\/WhatsApp-Image-2019-09-14-at-12.04.50.jpeg\" data-dt-img-description=\"\" data-large_image_width=\"1599\" data-large_image_height=\"1200\"><img loading=\"lazy\" decoding=\"async\" class=\"alignnone size-medium wp-image-99085\" src=\"http:\/\/www.radiopiu.net\/wordpress\/wp-content\/uploads\/2019\/09\/WhatsApp-Image-2019-09-14-at-12.04.50-300x225.jpeg\" alt=\"\" width=\"300\" height=\"225\" srcset=\"https:\/\/www.radiopiu.net\/wordpress\/wp-content\/uploads\/2019\/09\/WhatsApp-Image-2019-09-14-at-12.04.50-300x225.jpeg 300w, https:\/\/www.radiopiu.net\/wordpress\/wp-content\/uploads\/2019\/09\/WhatsApp-Image-2019-09-14-at-12.04.50-768x576.jpeg 768w, https:\/\/www.radiopiu.net\/wordpress\/wp-content\/uploads\/2019\/09\/WhatsApp-Image-2019-09-14-at-12.04.50-1024x768.jpeg 1024w, https:\/\/www.radiopiu.net\/wordpress\/wp-content\/uploads\/2019\/09\/WhatsApp-Image-2019-09-14-at-12.04.50.jpeg 1599w\" sizes=\"auto, (max-width: 300px) 100vw, 300px\" \/><\/a><\/p>\n<p><strong>TAIBON<\/strong> In ogni riunione dove si parla di turismo \u00e8 prioritaria la parola &#8220;ciclabile&#8221;, perch\u00e9 si voglia o no quello delle due ruote \u00e8 un argomento di grande interesse per chi desidera passare uno o pi\u00f9 giorni tra le Dolomiti e pretende servizi. La ciclabile \u00e8 fondamentale, non a caso il progettone con capofila Rocca Pietore investe centinaia di migliaia d&#8217;euro in un lavoro che prima di Vaia era a buon punto. Se n&#8217;\u00e8 parlato ad\u00a0 Alleghe dove \u00e8 emerso con prepotenza che da Alleghe a Sottoguda il progetto ritorna nel cassetto cos\u00ec come una parte della Cencenighe-Alleghe. Della Cencenighe-Taibon manco una parola. Eppure \u00e8 una strada di grande importanza, se vogliamo dirla tutta non solo per il turismo ma anche come strada di emergenza in caso di chiusura della 203 per sassi (che non \u00e8 una novit\u00e0), voragini sulla strada (leggi Morbiach) o incidenti mortali in galleria, l&#8217;ultima volta il tunnel \u00e8 rimasto chiuso 8 ore. Per iniziare va detto che ciclabile non \u00e8 mai stata, piuttosto strada interdetta a tutti i mezzi eccetto uomini e animali, perch\u00e9 i Comuni interessati (Taibon e Cencenighe) non se la sono mai presa in carico forse per questioni di responsabilit\u00e0 o per chiss\u00e0 quale altro motivo. Vaia ha spazzato via un centinaio di metri compresa la scogliera a difesa del Cordevole e muraglioni di contenimento, poi ci sono le varie frane scese qui e li. Ma 11 mesi dopo non \u00e8 stato mosso un albero, nemmeno un sasso e la strada \u00e8 interdetta, sbarrata con barriere di cemento. Rimane la\u00a0 strada a lato della galleria ma anche questa caratterizzata da frane, sassi e alberi in equilibrio instabile. Per qualche giorno \u00e8 rimasta comunque sbarrata nel tentativo di fermare la mucca scappata al pastore che bivaccava tra il distributore di Morbiach e i prati sottostanti e i ciclisti si sono infilati in galleria della serie &#8220;il pericolo \u00e8 il mio mestiere&#8221; visto che non erano nemmeno muniti di luci e catarifrangenti. Comunque \u00e8 ufficialmente chiusa con tanto di sbarra a Listolade. Significa che in caso di emergenza (come ai Castei) l&#8217;Agordino \u00e8 tagliato in due. Non \u00e8 certo il gregge di pecore che spaventa, qualche chilometri di coda e il problema \u00e8 risolto. L&#8217;emergenza spaventa!\u00a0 La paura di rimanere isolati costretti come nel 1995 a percorrere per settimane i passi Staulanza,\u00a0 Duran, Valles, Rolle, Cereda. Per capirlo meglio rispolveriamo la memoria con un servizio d&#8217;archivio del 1995 quando la Regione con Floriano Pra mise a disposizione 700 milioni di lire per il ripristino ella strada che corre lungo il greto del Cordevole, quella chiusa. Inoltre riproponiamo un servizio dei giorni di Vaia, tre filmati che mettono in evidenza in che condizioni era ed \u00e8 quella strada.<\/p>\n<p><strong><a class=\"dt-pswp-item\" href=\"http:\/\/www.radiopiu.net\/wordpress\/wp-content\/uploads\/2019\/09\/WhatsApp-Image-2019-09-14-at-14.51.02.jpeg\" data-dt-img-description=\"\" data-large_image_width=\"1599\" data-large_image_height=\"1200\"><img loading=\"lazy\" decoding=\"async\" class=\"alignnone size-medium wp-image-99084\" src=\"http:\/\/www.radiopiu.net\/wordpress\/wp-content\/uploads\/2019\/09\/WhatsApp-Image-2019-09-14-at-14.51.02-300x225.jpeg\" alt=\"\" width=\"300\" height=\"225\" srcset=\"https:\/\/www.radiopiu.net\/wordpress\/wp-content\/uploads\/2019\/09\/WhatsApp-Image-2019-09-14-at-14.51.02-300x225.jpeg 300w, https:\/\/www.radiopiu.net\/wordpress\/wp-content\/uploads\/2019\/09\/WhatsApp-Image-2019-09-14-at-14.51.02-768x576.jpeg 768w, https:\/\/www.radiopiu.net\/wordpress\/wp-content\/uploads\/2019\/09\/WhatsApp-Image-2019-09-14-at-14.51.02-1024x768.jpeg 1024w, https:\/\/www.radiopiu.net\/wordpress\/wp-content\/uploads\/2019\/09\/WhatsApp-Image-2019-09-14-at-14.51.02.jpeg 1599w\" sizes=\"auto, (max-width: 300px) 100vw, 300px\" \/><\/a><a class=\"dt-pswp-item\" href=\"http:\/\/www.radiopiu.net\/wordpress\/wp-content\/uploads\/2019\/09\/WhatsApp-Image-2019-09-14-at-14.51.06.jpeg\" data-dt-img-description=\"\" data-large_image_width=\"1599\" data-large_image_height=\"1200\"><img loading=\"lazy\" decoding=\"async\" class=\"alignnone size-medium wp-image-99082\" src=\"http:\/\/www.radiopiu.net\/wordpress\/wp-content\/uploads\/2019\/09\/WhatsApp-Image-2019-09-14-at-14.51.06-300x225.jpeg\" alt=\"\" width=\"300\" height=\"225\" srcset=\"https:\/\/www.radiopiu.net\/wordpress\/wp-content\/uploads\/2019\/09\/WhatsApp-Image-2019-09-14-at-14.51.06-300x225.jpeg 300w, https:\/\/www.radiopiu.net\/wordpress\/wp-content\/uploads\/2019\/09\/WhatsApp-Image-2019-09-14-at-14.51.06-768x576.jpeg 768w, https:\/\/www.radiopiu.net\/wordpress\/wp-content\/uploads\/2019\/09\/WhatsApp-Image-2019-09-14-at-14.51.06-1024x768.jpeg 1024w, https:\/\/www.radiopiu.net\/wordpress\/wp-content\/uploads\/2019\/09\/WhatsApp-Image-2019-09-14-at-14.51.06.jpeg 1599w\" sizes=\"auto, (max-width: 300px) 100vw, 300px\" \/><\/a><\/strong><\/p>\n<p><strong>DALL&#8217;ARCHIVIO DI RADIO PIU&#8217;, 1995 ANNO TERRIBILE PER LA VIABILITA&#8217;, DA QUI SI INIZIO&#8217; A PARLARE DI GALLERIA NEL VENTRE DEL MONTE PELSA, LA STRADA PRINCIPALE OGGI PARASASSI E&#8217; RIMASTA CHIUSA 10 ANNI, SI TRANSITAVA A LATO DEL CORDEVOLE<\/strong><\/p>\n<p>&nbsp;<\/p>\n<p>&nbsp;<\/p>\n<blockquote class=\"wp-embedded-content\" data-secret=\"36kZHpYx3P\"><p><a href=\"http:\/\/www.radiopiu.net\/wordpress\/primavera-1995-agordino-isolato-per-frane-a-listolade\/\">PRIMAVERA 1995,  AGORDINO ISOLATO PER FRANE A LISTOLADE<\/a><\/p><\/blockquote>\n<p><iframe loading=\"lazy\" title=\"&#8220;PRIMAVERA 1995,  AGORDINO ISOLATO PER FRANE A LISTOLADE&#8221; &#8212; Radio Pi\u00f9\" class=\"wp-embedded-content\" sandbox=\"allow-scripts\" security=\"restricted\" style=\"position: absolute; clip: rect(1px, 1px, 1px, 1px);\" src=\"http:\/\/www.radiopiu.net\/wordpress\/primavera-1995-agordino-isolato-per-frane-a-listolade\/embed\/#?secret=36kZHpYx3P\" data-secret=\"36kZHpYx3P\" width=\"600\" height=\"338\" frameborder=\"0\" marginwidth=\"0\" marginheight=\"0\" scrolling=\"no\"><\/iframe><\/p>\n<p>&nbsp;<\/p>\n<p><strong>DALL&#8217; ARCHIVIO DI RADIO PIU&#8217; LA SITUAZIONE ATTUALE DELLA STRADA DUE VOLTE EX 203 AGORDINA, QUELLA CHE PERMETTEVA IL COLLEGAMENTO CON LA VALCORDEVOLE FINO AL 1966, PRIMA DELL&#8217;ALLUVIONE POI RIPRISTINATA NEL 1995 DIVENTANO VIABILITA&#8217; PRINCIPALE PER 10 ANNI<\/strong><\/p>\n<div class=\"_2cuy _3dgx\" data-block=\"true\" data-editor=\"ave8f\" data-offset-key=\"arhdh-0-0\">\n<div data-offset-key=\"arhdh-0-0\"><\/div>\n<div class=\"_1mf _1mj\" data-offset-key=\"arhdh-0-0\"><span data-offset-key=\"arhdh-0-0\">PARTE 1 DA LISTOLADE <span style=\"color: #ff0000;\"><a style=\"color: #ff0000;\" href=\"https:\/\/www.facebook.com\/mirko.mezzacasa\/videos\/vb.1438301562\/10218260058279714\/?type=2&amp;video_source=user_video_tab\">CLICCA QUI<\/a><\/span><\/span><\/div>\n<\/div>\n<div class=\"_2cuy _3dgx\" data-block=\"true\" data-editor=\"ave8f\" data-offset-key=\"7g72-0-0\">\n<div class=\"_1mf _1mj\" data-offset-key=\"7g72-0-0\">PARTE 2 DA CENCENIGHE <a href=\"https:\/\/www.facebook.com\/mirko.mezzacasa\/videos\/vb.1438301562\/10218266310956027\/?type=2&amp;video_source=user_video_tab\"><span style=\"color: #ff0000;\">CLICCA QUI<\/span><\/a><\/div>\n<\/div>\n<div class=\"_2cuy _3dgx\" data-block=\"true\" data-editor=\"ave8f\" data-offset-key=\"esj0c-0-0\">\n<div class=\"_1mf _1mj\" data-offset-key=\"esj0c-0-0\">PARTE 3 A MORBIACH <a href=\"https:\/\/www.facebook.com\/mirko.mezzacasa\/videos\/vb.1438301562\/10218266291875550\/?type=2&amp;video_source=user_video_tab\"><span style=\"color: #ff0000;\">CLICCA QUI<\/span><\/a><\/div>\n<\/div>\n<div class=\"_2cuy _3dgx\" data-block=\"true\" data-editor=\"ave8f\" data-offset-key=\"aki2k-0-0\">\n<div class=\"_1mf _1mj\" data-offset-key=\"aki2k-0-0\"><span data-offset-key=\"aki2k-0-0\">\u00a0<\/span><\/div>\n<\/div>\n<div class=\"_2cuy _3dgx\" data-block=\"true\" data-editor=\"ave8f\" data-offset-key=\"46k21-0-0\">\n<div class=\"_1mf _1mj\" data-offset-key=\"46k21-0-0\"><\/div>\n<\/div>\n<p>&nbsp;<\/p>\n<p>&nbsp;<\/p>\n","protected":false},"excerpt":{"rendered":"<p>PERCHE&#8217;\u00a0 LA PISTA\u00a0 CICLABILE LISTOLADE CENCENIGHE NON ESISTE PIU&#8217; TAIBON In ogni riunione dove si parla di turismo \u00e8 prioritaria la parola &#8220;ciclabile&#8221;, perch\u00e9 si voglia o no quello delle due ruote \u00e8 un argomento di grande interesse per chi desidera passare uno o pi\u00f9 giorni tra le Dolomiti e pretende servizi. La ciclabile \u00e8&hellip;<\/p>\n","protected":false},"author":1,"featured_media":99086,"comment_status":"closed","ping_status":"closed","sticky":false,"template":"","format":"standard","meta":{"_monsterinsights_skip_tracking":false,"_monsterinsights_sitenote_active":false,"_monsterinsights_sitenote_note":"","_monsterinsights_sitenote_category":0,"footnotes":""},"categories":[1,51,49],"tags":[],"class_list":["post-99078","post","type-post","status-publish","format-standard","has-post-thumbnail","hentry","category-senza-categoria","category-evidenza-top","category-news-18","category-1","category-51","category-49","description-off"],"img_url":"https:\/\/www.radiopiu.net\/wordpress\/wp-content\/uploads\/2019\/09\/WhatsApp-Image-2019-09-14-at-11.48.54.jpeg","_links":{"self":[{"href":"https:\/\/www.radiopiu.net\/wordpress\/wp-json\/wp\/v2\/posts\/99078","targetHints":{"allow":["GET"]}}],"collection":[{"href":"https:\/\/www.radiopiu.net\/wordpress\/wp-json\/wp\/v2\/posts"}],"about":[{"href":"https:\/\/www.radiopiu.net\/wordpress\/wp-json\/wp\/v2\/types\/post"}],"author":[{"embeddable":true,"href":"https:\/\/www.radiopiu.net\/wordpress\/wp-json\/wp\/v2\/users\/1"}],"replies":[{"embeddable":true,"href":"https:\/\/www.radiopiu.net\/wordpress\/wp-json\/wp\/v2\/comments?post=99078"}],"version-history":[{"count":0,"href":"https:\/\/www.radiopiu.net\/wordpress\/wp-json\/wp\/v2\/posts\/99078\/revisions"}],"wp:featuredmedia":[{"embeddable":true,"href":"https:\/\/www.radiopiu.net\/wordpress\/wp-json\/wp\/v2\/media\/99086"}],"wp:attachment":[{"href":"https:\/\/www.radiopiu.net\/wordpress\/wp-json\/wp\/v2\/media?parent=99078"}],"wp:term":[{"taxonomy":"category","embeddable":true,"href":"https:\/\/www.radiopiu.net\/wordpress\/wp-json\/wp\/v2\/categories?post=99078"},{"taxonomy":"post_tag","embeddable":true,"href":"https:\/\/www.radiopiu.net\/wordpress\/wp-json\/wp\/v2\/tags?post=99078"}],"curies":[{"name":"wp","href":"https:\/\/api.w.org\/{rel}","templated":true}]}}