{"id":99189,"date":"2019-09-19T21:22:48","date_gmt":"2019-09-19T19:22:48","guid":{"rendered":"http:\/\/www.radiopiu.net\/wordpress\/?p=99189"},"modified":"2019-09-20T13:06:49","modified_gmt":"2019-09-20T11:06:49","slug":"giornale-radiopiu-20-settembre-2019-direttore-mirko-mezzacasa","status":"publish","type":"post","link":"https:\/\/www.radiopiu.net\/wordpress\/giornale-radiopiu-20-settembre-2019-direttore-mirko-mezzacasa\/","title":{"rendered":"GIORNALE RADIOPIU 20 SETTEMBRE 2019 DIRETTORE MIRKO MEZZACASA"},"content":{"rendered":"<p>&nbsp;<\/p>\n<div class=\"_2cuy _3dgx\" data-block=\"true\" data-editor=\"2vpgl\" data-offset-key=\"aaq3a-0-0\">\n<h3 class=\"_1mf _1mj\" data-offset-key=\"aaq3a-0-0\"><span data-offset-key=\"aaq3a-0-0\"><a class=\"dt-pswp-item\" href=\"http:\/\/www.radiopiu.net\/wordpress\/wp-content\/uploads\/2019\/09\/70277442_731680757273151_2283558481204084736_n.jpg\" data-dt-img-description=\"\" data-large_image_width=\"180\" data-large_image_height=\"370\"><img loading=\"lazy\" decoding=\"async\" class=\"wp-image-99186 alignleft\" src=\"http:\/\/www.radiopiu.net\/wordpress\/wp-content\/uploads\/2019\/09\/70277442_731680757273151_2283558481204084736_n-146x300.jpg\" alt=\"\" width=\"73\" height=\"150\" srcset=\"https:\/\/www.radiopiu.net\/wordpress\/wp-content\/uploads\/2019\/09\/70277442_731680757273151_2283558481204084736_n-146x300.jpg 146w, https:\/\/www.radiopiu.net\/wordpress\/wp-content\/uploads\/2019\/09\/70277442_731680757273151_2283558481204084736_n.jpg 180w\" sizes=\"auto, (max-width: 73px) 100vw, 73px\" \/><\/a>PROVINCIALE VALLE DEL MIS, FINO AL 4 OTTOBRE INTERDIZIONE TOTALE AL TRANSITO TRA TITELE E CALIFORNIA, ECCETTO RESIDENTI.<\/span><\/h3>\n<\/div>\n<div class=\"_2cuy _3dgx\" data-block=\"true\" data-editor=\"2vpgl\" data-offset-key=\"1jshm-0-0\">\n<h3 class=\"_1mf _1mj\" data-offset-key=\"1jshm-0-0\"><span data-offset-key=\"1jshm-0-0\">GOSALDO Per chiarezza: E&#8217; chiusa una strada secondaria.. praticamente dopo la frazione Bitti c&#8217;\u00e8 un ponte che gira a destra per l&#8217;abitato di California, strada sterrata.. in poche parole da dopo il ponte devono asfaltare la strada in direzione California.. ma la strada principale che prosegue per la val del mis \u00e8 aperta..<\/span><\/h3>\n<\/div>\n<p>&nbsp;<\/p>\n<h3>UNA STRADA SISTEMATA DALLA PROVINCIA CHE PASSERA&#8217; IN CARICO AL COMUNE, DI GIANNI SANTOMASO<\/h3>\n<audio class=\"wp-audio-shortcode\" id=\"audio-99189-1\" preload=\"none\" style=\"width: 100%;\" controls=\"controls\"><source type=\"audio\/mpeg\" src=\"http:\/\/www.radiopiu.net\/wordpress\/wp-content\/uploads\/2019\/09\/GIANNI.mp3?_=1\" \/><a href=\"http:\/\/www.radiopiu.net\/wordpress\/wp-content\/uploads\/2019\/09\/GIANNI.mp3\">http:\/\/www.radiopiu.net\/wordpress\/wp-content\/uploads\/2019\/09\/GIANNI.mp3<\/a><\/audio>\n<p>&nbsp;<\/p>\n<p><a class=\"dt-pswp-item\" href=\"http:\/\/www.radiopiu.net\/wordpress\/wp-content\/uploads\/2019\/09\/WhatsApp-Image-2019-09-20-at-07.01.14-3.jpeg\" data-dt-img-description=\"\" data-large_image_width=\"1200\" data-large_image_height=\"1599\"><img loading=\"lazy\" decoding=\"async\" class=\"alignnone size-medium wp-image-99291\" src=\"http:\/\/www.radiopiu.net\/wordpress\/wp-content\/uploads\/2019\/09\/WhatsApp-Image-2019-09-20-at-07.01.14-3-225x300.jpeg\" alt=\"\" width=\"225\" height=\"300\" srcset=\"https:\/\/www.radiopiu.net\/wordpress\/wp-content\/uploads\/2019\/09\/WhatsApp-Image-2019-09-20-at-07.01.14-3-225x300.jpeg 225w, https:\/\/www.radiopiu.net\/wordpress\/wp-content\/uploads\/2019\/09\/WhatsApp-Image-2019-09-20-at-07.01.14-3-768x1024.jpeg 768w, https:\/\/www.radiopiu.net\/wordpress\/wp-content\/uploads\/2019\/09\/WhatsApp-Image-2019-09-20-at-07.01.14-3.jpeg 1200w\" sizes=\"auto, (max-width: 225px) 100vw, 225px\" \/><\/a> <a class=\"dt-pswp-item\" href=\"http:\/\/www.radiopiu.net\/wordpress\/wp-content\/uploads\/2019\/09\/WhatsApp-Image-2019-09-20-at-07.01.13.jpeg\" data-dt-img-description=\"\" data-large_image_width=\"1200\" data-large_image_height=\"1599\"><img loading=\"lazy\" decoding=\"async\" class=\"alignnone size-medium wp-image-99297\" src=\"http:\/\/www.radiopiu.net\/wordpress\/wp-content\/uploads\/2019\/09\/WhatsApp-Image-2019-09-20-at-07.01.13-225x300.jpeg\" alt=\"\" width=\"225\" height=\"300\" srcset=\"https:\/\/www.radiopiu.net\/wordpress\/wp-content\/uploads\/2019\/09\/WhatsApp-Image-2019-09-20-at-07.01.13-225x300.jpeg 225w, https:\/\/www.radiopiu.net\/wordpress\/wp-content\/uploads\/2019\/09\/WhatsApp-Image-2019-09-20-at-07.01.13-768x1024.jpeg 768w, https:\/\/www.radiopiu.net\/wordpress\/wp-content\/uploads\/2019\/09\/WhatsApp-Image-2019-09-20-at-07.01.13.jpeg 1200w\" sizes=\"auto, (max-width: 225px) 100vw, 225px\" \/><\/a><a class=\"dt-pswp-item\" href=\"http:\/\/www.radiopiu.net\/wordpress\/wp-content\/uploads\/2019\/09\/WhatsApp-Image-2019-09-20-at-07.01.13-1.jpeg\" data-dt-img-description=\"\" data-large_image_width=\"1200\" data-large_image_height=\"1599\"><img loading=\"lazy\" decoding=\"async\" class=\"alignnone size-medium wp-image-99296\" src=\"http:\/\/www.radiopiu.net\/wordpress\/wp-content\/uploads\/2019\/09\/WhatsApp-Image-2019-09-20-at-07.01.13-1-225x300.jpeg\" alt=\"\" width=\"225\" height=\"300\" srcset=\"https:\/\/www.radiopiu.net\/wordpress\/wp-content\/uploads\/2019\/09\/WhatsApp-Image-2019-09-20-at-07.01.13-1-225x300.jpeg 225w, https:\/\/www.radiopiu.net\/wordpress\/wp-content\/uploads\/2019\/09\/WhatsApp-Image-2019-09-20-at-07.01.13-1-768x1024.jpeg 768w, https:\/\/www.radiopiu.net\/wordpress\/wp-content\/uploads\/2019\/09\/WhatsApp-Image-2019-09-20-at-07.01.13-1.jpeg 1200w\" sizes=\"auto, (max-width: 225px) 100vw, 225px\" \/><\/a><a class=\"dt-pswp-item\" href=\"http:\/\/www.radiopiu.net\/wordpress\/wp-content\/uploads\/2019\/09\/WhatsApp-Image-2019-09-20-at-07.01.14.jpeg\" data-dt-img-description=\"\" data-large_image_width=\"1200\" data-large_image_height=\"1599\"><img loading=\"lazy\" decoding=\"async\" class=\"alignnone size-medium wp-image-99295\" src=\"http:\/\/www.radiopiu.net\/wordpress\/wp-content\/uploads\/2019\/09\/WhatsApp-Image-2019-09-20-at-07.01.14-225x300.jpeg\" alt=\"\" width=\"225\" height=\"300\" srcset=\"https:\/\/www.radiopiu.net\/wordpress\/wp-content\/uploads\/2019\/09\/WhatsApp-Image-2019-09-20-at-07.01.14-225x300.jpeg 225w, https:\/\/www.radiopiu.net\/wordpress\/wp-content\/uploads\/2019\/09\/WhatsApp-Image-2019-09-20-at-07.01.14-768x1024.jpeg 768w, https:\/\/www.radiopiu.net\/wordpress\/wp-content\/uploads\/2019\/09\/WhatsApp-Image-2019-09-20-at-07.01.14.jpeg 1200w\" sizes=\"auto, (max-width: 225px) 100vw, 225px\" \/><\/a><a class=\"dt-pswp-item\" href=\"http:\/\/www.radiopiu.net\/wordpress\/wp-content\/uploads\/2019\/09\/WhatsApp-Image-2019-09-20-at-07.01.14-1.jpeg\" data-dt-img-description=\"\" data-large_image_width=\"1200\" data-large_image_height=\"1599\"><img loading=\"lazy\" decoding=\"async\" class=\"alignnone size-medium wp-image-99294\" src=\"http:\/\/www.radiopiu.net\/wordpress\/wp-content\/uploads\/2019\/09\/WhatsApp-Image-2019-09-20-at-07.01.14-1-225x300.jpeg\" alt=\"\" width=\"225\" height=\"300\" srcset=\"https:\/\/www.radiopiu.net\/wordpress\/wp-content\/uploads\/2019\/09\/WhatsApp-Image-2019-09-20-at-07.01.14-1-225x300.jpeg 225w, https:\/\/www.radiopiu.net\/wordpress\/wp-content\/uploads\/2019\/09\/WhatsApp-Image-2019-09-20-at-07.01.14-1-768x1024.jpeg 768w, https:\/\/www.radiopiu.net\/wordpress\/wp-content\/uploads\/2019\/09\/WhatsApp-Image-2019-09-20-at-07.01.14-1.jpeg 1200w\" sizes=\"auto, (max-width: 225px) 100vw, 225px\" \/><\/a><a class=\"dt-pswp-item\" href=\"http:\/\/www.radiopiu.net\/wordpress\/wp-content\/uploads\/2019\/09\/WhatsApp-Image-2019-09-20-at-07.01.14-2.jpeg\" data-dt-img-description=\"\" data-large_image_width=\"1200\" data-large_image_height=\"1599\"><img loading=\"lazy\" decoding=\"async\" class=\"alignnone size-medium wp-image-99293\" src=\"http:\/\/www.radiopiu.net\/wordpress\/wp-content\/uploads\/2019\/09\/WhatsApp-Image-2019-09-20-at-07.01.14-2-225x300.jpeg\" alt=\"\" width=\"225\" height=\"300\" srcset=\"https:\/\/www.radiopiu.net\/wordpress\/wp-content\/uploads\/2019\/09\/WhatsApp-Image-2019-09-20-at-07.01.14-2-225x300.jpeg 225w, https:\/\/www.radiopiu.net\/wordpress\/wp-content\/uploads\/2019\/09\/WhatsApp-Image-2019-09-20-at-07.01.14-2-768x1024.jpeg 768w, https:\/\/www.radiopiu.net\/wordpress\/wp-content\/uploads\/2019\/09\/WhatsApp-Image-2019-09-20-at-07.01.14-2.jpeg 1200w\" sizes=\"auto, (max-width: 225px) 100vw, 225px\" \/><\/a><\/p>\n<p>&nbsp;<\/p>\n<p>&nbsp;<\/p>\n<p>&nbsp;<\/p>\n<p><strong>Gestione Servizi Pubblici informa che a SAN TOMASO AGORDINO nelle LOCALITA&#8217; PECOL E PIAIA , l&#8217;acqua erogata dall&#8217;acquedotto non \u00e8 potabile e pu\u00f2 essere usata per scopi alimentari SOLO PREVIA bollitura. GSP ha, comunque, gi\u00e0 adottato le necessarie misure per la disinfezione dell&#8217;acqua presente nei serbatoi e nella rete idrica con l&#8217;aggiunta di cloro. Ulteriori informazioni saranno fornite nei prossimi giorni<\/strong><\/p>\n<p>&nbsp;<\/p>\n<p>&nbsp;<\/p>\n<p>&nbsp;<\/p>\n<h2>IL VIDEO DEL GIORNO&#8230; UNA STORIA DAL SUEM 118 EMOZIONI TRA LE PALE<\/h2>\n<p><iframe loading=\"lazy\" title=\"EMS Stories: Italy\" width=\"1200\" height=\"675\" src=\"https:\/\/www.youtube.com\/embed\/mSAez2ekG_Q?feature=oembed\" frameborder=\"0\" allow=\"accelerometer; autoplay; encrypted-media; gyroscope; picture-in-picture\" allowfullscreen><\/iframe><\/p>\n<p>&nbsp;<\/p>\n<p>&nbsp;<\/p>\n<p>&nbsp;<\/p>\n<h2><a class=\"dt-pswp-item\" href=\"http:\/\/www.radiopiu.net\/wordpress\/wp-content\/uploads\/2019\/09\/Belluno-il-salvataggio-ACC-e-made-in-China-RP_medium.jpg\" data-dt-img-description=\"\" data-large_image_width=\"200\" data-large_image_height=\"161\"><img loading=\"lazy\" decoding=\"async\" class=\"size-full wp-image-99273 alignleft\" src=\"http:\/\/www.radiopiu.net\/wordpress\/wp-content\/uploads\/2019\/09\/Belluno-il-salvataggio-ACC-e-made-in-China-RP_medium.jpg\" alt=\"\" width=\"200\" height=\"161\" \/><\/a>UNA MURAGLIA DI BRACCIA E TESTE PER FAR FRONTE AI CINESI, FORZA RAGAZZI SIAMO CON VOI E CON IL FUTURO DELLA VALBELLUNA<\/h2>\n<p><strong>Un giorno a Milano per difendere il futuro di uomini donne e famigliE<\/strong><\/p>\n<p><strong>DI DAMIANO TORMEN<\/strong><\/p>\n<audio class=\"wp-audio-shortcode\" id=\"audio-99189-2\" preload=\"none\" style=\"width: 100%;\" controls=\"controls\"><source type=\"audio\/mpeg\" src=\"http:\/\/www.radiopiu.net\/wordpress\/wp-content\/uploads\/2019\/09\/DAMIANO.mp3?_=2\" \/><a href=\"http:\/\/www.radiopiu.net\/wordpress\/wp-content\/uploads\/2019\/09\/DAMIANO.mp3\">http:\/\/www.radiopiu.net\/wordpress\/wp-content\/uploads\/2019\/09\/DAMIANO.mp3<\/a><\/audio>\n<p>&nbsp;<\/p>\n<p>&nbsp;<\/p>\n<p>&nbsp;<\/p>\n<h2>SI RIBALTA CON LA DACIA SANDERO<\/h2>\n<p><strong>CASTELAVAZZO<\/strong> Incidente con un ferito ricoverato a Belluno (non in pericolo di vita) nel primo pomeriggio di ieri. Un 78enne di Vigo di Cadore\u00a0 ha perso infatti il controllo del mezzo, una Dacia ribaltandosi. Oltre al Suem 118 sono intervenuti i Carabinieri del NORM di Belluno per i rilievi e i vigili del fuoco di Belluno per la pulizia della sede stradale<\/p>\n<p><a class=\"dt-pswp-item\" href=\"http:\/\/www.radiopiu.net\/wordpress\/wp-content\/uploads\/2019\/09\/99663742-0385-4f8a-bfea-fef47f014284.jpg\" data-dt-img-description=\"\" data-large_image_width=\"1024\" data-large_image_height=\"768\"><img loading=\"lazy\" decoding=\"async\" class=\"alignnone size-medium wp-image-99235\" src=\"http:\/\/www.radiopiu.net\/wordpress\/wp-content\/uploads\/2019\/09\/99663742-0385-4f8a-bfea-fef47f014284-300x225.jpg\" alt=\"\" width=\"300\" height=\"225\" srcset=\"https:\/\/www.radiopiu.net\/wordpress\/wp-content\/uploads\/2019\/09\/99663742-0385-4f8a-bfea-fef47f014284-300x225.jpg 300w, https:\/\/www.radiopiu.net\/wordpress\/wp-content\/uploads\/2019\/09\/99663742-0385-4f8a-bfea-fef47f014284-768x576.jpg 768w, https:\/\/www.radiopiu.net\/wordpress\/wp-content\/uploads\/2019\/09\/99663742-0385-4f8a-bfea-fef47f014284.jpg 1024w\" sizes=\"auto, (max-width: 300px) 100vw, 300px\" \/><\/a><a class=\"dt-pswp-item\" href=\"http:\/\/www.radiopiu.net\/wordpress\/wp-content\/uploads\/2019\/09\/0a940f47-b97b-40ae-b999-83f1a9b2c986.jpg\" data-dt-img-description=\"\" data-large_image_width=\"1024\" data-large_image_height=\"768\"><img loading=\"lazy\" decoding=\"async\" class=\"alignnone size-medium wp-image-99234\" src=\"http:\/\/www.radiopiu.net\/wordpress\/wp-content\/uploads\/2019\/09\/0a940f47-b97b-40ae-b999-83f1a9b2c986-300x225.jpg\" alt=\"\" width=\"300\" height=\"225\" srcset=\"https:\/\/www.radiopiu.net\/wordpress\/wp-content\/uploads\/2019\/09\/0a940f47-b97b-40ae-b999-83f1a9b2c986-300x225.jpg 300w, https:\/\/www.radiopiu.net\/wordpress\/wp-content\/uploads\/2019\/09\/0a940f47-b97b-40ae-b999-83f1a9b2c986-768x576.jpg 768w, https:\/\/www.radiopiu.net\/wordpress\/wp-content\/uploads\/2019\/09\/0a940f47-b97b-40ae-b999-83f1a9b2c986.jpg 1024w\" sizes=\"auto, (max-width: 300px) 100vw, 300px\" \/><\/a><\/p>\n<p>&nbsp;<\/p>\n<p>&nbsp;<\/p>\n<p>&nbsp;<\/p>\n<h3>DOMENICA LA 16 COMUNI DAL CENTRO DI AGORDO, CHIUSURA DELLA PIAZZA E DI ALCUNE STRADE COMUNALI.<\/h3>\n<p><strong>DI GIANNI SANTOMASO<\/strong><\/p>\n<audio class=\"wp-audio-shortcode\" id=\"audio-99189-3\" preload=\"none\" style=\"width: 100%;\" controls=\"controls\"><source type=\"audio\/mpeg\" src=\"http:\/\/www.radiopiu.net\/wordpress\/wp-content\/uploads\/2019\/09\/GIANNI-16-COMUNI.mp3?_=3\" \/><a href=\"http:\/\/www.radiopiu.net\/wordpress\/wp-content\/uploads\/2019\/09\/GIANNI-16-COMUNI.mp3\">http:\/\/www.radiopiu.net\/wordpress\/wp-content\/uploads\/2019\/09\/GIANNI-16-COMUNI.mp3<\/a><\/audio>\n<h1><\/h1>\n<h1><span style=\"color: #ff0000;\">ISCRIZIONI<\/span><\/h1>\n<p>C&#8217;\u00e8 tempo fino a oggi per iscriversi. L&#8217;organizzazione \u00e8 a cura del Comune di Agordo (patrocinio dell&#8217;Unione montana agordina) che si avvale della collaborazione di Ad Agordo Proloco, Atletica Agordina e Csi. <em>\u00abLe iscrizioni &#8211; spiega l&#8217;assessore comunale allo sport, Cristina Bien &#8211; devono essere inoltrate al referente di ciascun Comune. Quindi verranno perfezionate all&#8217;indirizzo trofeosedicicomuni@gmail.com\u00bb<\/em>. La partenza e l&#8217;arrivo sono stati fissati in piazza Libert\u00e0 dalle 9.<\/p>\n<h1><span style=\"color: #ff0000;\">VIABILITA&#8217;<\/span><\/h1>\n<p><a class=\"dt-pswp-item\" href=\"http:\/\/www.radiopiu.net\/wordpress\/wp-content\/uploads\/2019\/09\/16-comuni-top-1-e1537952346184.jpg\" data-dt-img-description=\"\" data-large_image_width=\"3000\" data-large_image_height=\"4000\"><img loading=\"lazy\" decoding=\"async\" class=\" wp-image-99211 alignleft\" src=\"http:\/\/www.radiopiu.net\/wordpress\/wp-content\/uploads\/2019\/09\/16-comuni-top-1-e1537952346184-225x300.jpg\" alt=\"\" width=\"178\" height=\"237\" srcset=\"https:\/\/www.radiopiu.net\/wordpress\/wp-content\/uploads\/2019\/09\/16-comuni-top-1-e1537952346184-225x300.jpg 225w, https:\/\/www.radiopiu.net\/wordpress\/wp-content\/uploads\/2019\/09\/16-comuni-top-1-e1537952346184-768x1024.jpg 768w\" sizes=\"auto, (max-width: 178px) 100vw, 178px\" \/><\/a>Domenica mattina piazza Libert\u00e0 si trasformer\u00e0 in una grande isola pedonale per un evento sportivo importante, come nel giorno della partenza del giro d&#8217;Italia Under 23 piuttosto che nelle tante e belle edizioni de Le Miglia. Piazza chiusa ma i mezzi potranno spostarsi da nord a sud attraverso la viabilit\u00e0 comunale, ovvero passando difronte alle scuole di viale Sommariva, Municipio di piazzale Marconi e Palazzo Manzoni in Corso Patrioti. Chiusura anche di alcune strade comunali, il transito sar\u00e0 permesso tra una competizione e l&#8217;altra. <em>(FOTO ARCHIVIO, EDIZIONE 2018, Rivamonte)<\/em><\/p>\n<p><strong>PIAZZA LIBERTA&#8217;<\/strong>\u00a0 Domenica \u00a0dalle 7 alle 15 divieto a tutti i mezzi in Cors<a class=\"dt-pswp-item\" href=\"http:\/\/www.radiopiu.net\/wordpress\/wp-content\/uploads\/2019\/09\/16-comuni-premiazioni-1.jpg\" data-dt-img-description=\"\" data-large_image_width=\"676\" data-large_image_height=\"1200\"><img loading=\"lazy\" decoding=\"async\" class=\"size-medium wp-image-99213 alignright\" src=\"http:\/\/www.radiopiu.net\/wordpress\/wp-content\/uploads\/2019\/09\/16-comuni-premiazioni-1-169x300.jpg\" alt=\"\" width=\"169\" height=\"300\" srcset=\"https:\/\/www.radiopiu.net\/wordpress\/wp-content\/uploads\/2019\/09\/16-comuni-premiazioni-1-169x300.jpg 169w, https:\/\/www.radiopiu.net\/wordpress\/wp-content\/uploads\/2019\/09\/16-comuni-premiazioni-1-577x1024.jpg 577w, https:\/\/www.radiopiu.net\/wordpress\/wp-content\/uploads\/2019\/09\/16-comuni-premiazioni-1.jpg 676w\" sizes=\"auto, (max-width: 169px) 100vw, 169px\" \/><\/a>o degli Alpini, via Santa Maria,\u00a0 via 27 Aprile, via Garibaldi, Piazza della Libert\u00e0 e Piazza S. Maria, <strong>con deviazione del traffico veicolare<\/strong> lungo Corso Patrioti, Piazzale Marconi, Viale Sommariva, Via Insurrezione. Divieto di sosta e parcheggio, con rimozione forzata dei veicoli nei parcheggi comunali nelle predette vie e piazze dalle 5,30 alle 15.<\/p>\n<p><strong>LUNGO IL PERCORSO DI GARA<\/strong>\u00a0 divieto di transito a tutti i mezzi dalle 8,30 alle\u00a0 15 lungo le strade comunali: \u00a0via Fadig\u00e0, via Aivata, via Villalta, via Fontana, tratto della strada Agordo-frazione Rif (dall\u2019incrocio con la via Fontana fino alla prima curva),via Dozza, via Calzon, via 5 Maggio 1848, localit\u00e0 Grave, localit\u00e0 Ceramasse, via Lungo Rova, Piazzale Rova, via Carrera, via Teatro, via San Pietro. <strong>Solo su autorizzazione e valutazione del personale addetto al presidio e sorveglianza degli incroci<\/strong> e solo negli intervalli tra le tre gare, potr\u00e0 essere consentito il transito veicolare per agevolare improrogabili esigenze.<\/p>\n<blockquote><p><strong><em>Sar\u00e0 comunque garantito in ogni momento il transito dei mezzi di soccorso ed i mezzi degli interventi di emergenza, a garanzia della pubblica e privata incolumit\u00e0.<\/em><\/strong><\/p><\/blockquote>\n<p>&nbsp;<\/p>\n<p>&nbsp;<\/p>\n<p>&nbsp;<\/p>\n<p>&nbsp;<\/p>\n<h2>LA NUOVA ROTONDA AD AGORDO, GIARDINO TRA L&#8217;ASFALTO NEL CUORE DELLE DOLOMITI<\/h2>\n<p><a class=\"dt-pswp-item\" href=\"http:\/\/www.radiopiu.net\/wordpress\/wp-content\/uploads\/2019\/09\/WhatsApp-Image-2019-09-13-at-13.26.25.jpeg\" data-dt-img-description=\"\" data-large_image_width=\"1599\" data-large_image_height=\"1200\"><img loading=\"lazy\" decoding=\"async\" class=\" wp-image-99205 alignleft\" src=\"http:\/\/www.radiopiu.net\/wordpress\/wp-content\/uploads\/2019\/09\/WhatsApp-Image-2019-09-13-at-13.26.25-300x225.jpeg\" alt=\"\" width=\"189\" height=\"142\" srcset=\"https:\/\/www.radiopiu.net\/wordpress\/wp-content\/uploads\/2019\/09\/WhatsApp-Image-2019-09-13-at-13.26.25-300x225.jpeg 300w, https:\/\/www.radiopiu.net\/wordpress\/wp-content\/uploads\/2019\/09\/WhatsApp-Image-2019-09-13-at-13.26.25-768x576.jpeg 768w, https:\/\/www.radiopiu.net\/wordpress\/wp-content\/uploads\/2019\/09\/WhatsApp-Image-2019-09-13-at-13.26.25-1024x768.jpeg 1024w, https:\/\/www.radiopiu.net\/wordpress\/wp-content\/uploads\/2019\/09\/WhatsApp-Image-2019-09-13-at-13.26.25.jpeg 1599w\" sizes=\"auto, (max-width: 189px) 100vw, 189px\" \/><\/a><strong>AGORDO<\/strong> Al posto delle erbacce e cespugli una rotonda elegante e che d\u00e0 il benvenuto a chi arriva ad Agordo e nell&#8217;Agordino. Veneto Strade ringrazia, ne siamo certi. E&#8217; la seconda rotonda che viene &#8220;regalata&#8221; all&#8217;ente per le strade e ci piace pensare che Veneto Strade sapr\u00e0 ricambiare la cortesia. Gi\u00e0 a Brugnach una cittadina di Agordo ha messo mano al portafogli per realizzare un giardino al quadrivio per Taibon, Agordo, Belluno e Luxottica (foto). Un omaggio al Cavalier Del Vecchio aveva detto a suo tempo l&#8217;ideatrice del progetto. Ora il Comune di Agordo ha stanziato 12mila euro per realizzare questo secondo &#8220;giardino&#8221; tra l&#8217;asfalto all&#8217;imbocco della tangenziale per l&#8217;Alto Agordino, ma anche al bivio per la citt\u00e0 in localit\u00e0 Pragrande. Nel recente consiglio comunale\u00a0 \u00e8 stata resa nota la portata dell&#8217;investimento turistico e non sono mancate le domande da parte della minoranza per conto del consigliere Paolo Selva Moretti.<\/p>\n<audio class=\"wp-audio-shortcode\" id=\"audio-99189-4\" preload=\"none\" style=\"width: 100%;\" controls=\"controls\"><source type=\"audio\/mpeg\" src=\"http:\/\/www.radiopiu.net\/wordpress\/wp-content\/uploads\/2019\/09\/PAOLO-SELVA-MORETTI.mp3?_=4\" \/><a href=\"http:\/\/www.radiopiu.net\/wordpress\/wp-content\/uploads\/2019\/09\/PAOLO-SELVA-MORETTI.mp3\">http:\/\/www.radiopiu.net\/wordpress\/wp-content\/uploads\/2019\/09\/PAOLO-SELVA-MORETTI.mp3<\/a><\/audio>\n<p>&nbsp;<\/p>\n<div id=\"fb-root\"><\/div>\n<p><script async=\"1\" defer=\"1\" crossorigin=\"anonymous\" src=\"https:\/\/connect.facebook.net\/it_IT\/sdk.js#xfbml=1&amp;version=v6.0\"><\/script><\/p>\n<div class=\"fb-video\" data-href=\"https:\/\/www.facebook.com\/mirko.mezzacasa\/videos\/10220791860773194\/\" data-width=\"1200\">\n<blockquote cite=\"https:\/\/www.facebook.com\/mirko.mezzacasa\/videos\/10220791860773194\/\" class=\"fb-xfbml-parse-ignore\"><p><a href=\"https:\/\/www.facebook.com\/mirko.mezzacasa\/videos\/10220791860773194\/\"><\/a><\/p>\n<p>Pubblicato da <a href=\"https:\/\/www.facebook.com\/mirko.mezzacasa\">Mirko Mezzacasa<\/a> su Gioved\u00ec 19 settembre 2019<\/p><\/blockquote>\n<\/div>\n<p>&nbsp;<\/p>\n<p>&nbsp;<\/p>\n<p>&nbsp;<\/p>\n<p>&nbsp;<\/p>\n<p>&nbsp;<\/p>\n<h3>NEL RICORDO DI FLORIANO PRA E DELLE SUE BATTAGLIE PER EVITARE L&#8217;ISOLAMENTO DELL&#8217;AGORDINO.<\/h3>\n<p><strong>TAIBON<\/strong> In questi giorni ci siamo occupati di viabilit\u00e0 lungo la regionale 203 agordina, abbiamo ricordato l&#8217;impegno di Floriano Pra per la realizzazione della galleria artificiale al Ponte del Cristo che per la cronaca sta perdendo i pezzi come abbiamo documentato con foto e video: quei legni marci che contengono il materiale &#8220;materasso&#8221; proprio\u00a0 sopra la testa di chi vi transita. Abbiamo chiamato in causa il compianto assessore regionale anche a proposito della galleria di Listolade che sostitu\u00ec la vecchia regionale 203 agordina chiusa nel 1995 quando dopo un incontro a palazzo Balbi si decise di mettere mano all&#8217;altra strada in riva al Cordevole in parte spazzata via dalla forza di Vaia, <a class=\"dt-pswp-item\" href=\"http:\/\/www.radiopiu.net\/wordpress\/wp-content\/uploads\/2017\/11\/Floriano-Pra.jpg\" data-dt-img-description=\"\" data-large_image_width=\"1011\" data-large_image_height=\"1437\"><img loading=\"lazy\" decoding=\"async\" class=\" wp-image-39073 alignleft\" src=\"http:\/\/www.radiopiu.net\/wordpress\/wp-content\/uploads\/2017\/11\/Floriano-Pra-211x300.jpg\" alt=\"\" width=\"161\" height=\"229\" \/><\/a>da allora nessuno ha spostato un sasso o un albero, piuttosto \u00e8 stata chiusa con barriere in cemento. Sono molti i commenti a margine dei nostri servizi, abbiamo deciso di pubblicarne uno di significativo di Tiziano De Col, gi\u00e0 sindaco di La Valle e assessore nell&#8217;allora Comunit\u00e0 Montana Agordina accanto al presidente Rizieri Ongaro.<\/p>\n<blockquote><p><strong>Quando l&#8217;autolesionismo di comunit\u00e0 pu\u00f2 diventare materia di studio<\/strong><\/p>\n<p><em>&#8220;Hai perfettamente ragione che l&#8217;Agordino non \u00e8 pi\u00f9 rappresentato come lo rappresentava Floriano Pra, ma \u00e8 giusto ricordare che l&#8217;hobby preferito in vallata \u00e8 quello di mettere al muro sistematicamente le persone che riescono ad emergere politicamente e amministrativamente. Come esempio vale proprio quello di Floriano che alle comunali del 2009 (al canto di bandiera rossa) incass\u00f2 34 voti, neanche quelli di quanti lavoravano per lui. Con quanto aveva fatto per Alleghe e per l&#8217;Agordino. \u00a0Certo che anche il rifugiarsi nei miti a fronte della pochezza attuale pu\u00f2 essere di conforto ma non \u00e8 certamente risolutivo. Serve semplicemente a fare emergere e cercare di capire certe dinamiche sociali non proprio ottimali a fronte delle difficolt\u00e0 oggettive del nostro territorio. <\/em><strong>Tiziano<\/strong><\/p><\/blockquote>\n<p>&nbsp;<\/p>\n<p>&nbsp;<\/p>\n<p>&nbsp;<\/p>\n<p>&nbsp;<\/p>\n<h2>CASA DI SOGGIORNO VILLA SAN GIUSEPPE LE NOVITA&#8217;<\/h2>\n<p><strong><a class=\"dt-pswp-item\" href=\"http:\/\/www.radiopiu.net\/wordpress\/wp-content\/uploads\/2018\/03\/VILLA-GIUSEPPE.jpg\" data-dt-img-description=\"\" data-large_image_width=\"250\" data-large_image_height=\"332\"><img loading=\"lazy\" decoding=\"async\" class=\"wp-image-45507 alignleft\" src=\"http:\/\/www.radiopiu.net\/wordpress\/wp-content\/uploads\/2018\/03\/VILLA-GIUSEPPE-226x300.jpg\" alt=\"\" width=\"108\" height=\"143\" srcset=\"https:\/\/www.radiopiu.net\/wordpress\/wp-content\/uploads\/2018\/03\/VILLA-GIUSEPPE-226x300.jpg 226w, https:\/\/www.radiopiu.net\/wordpress\/wp-content\/uploads\/2018\/03\/VILLA-GIUSEPPE.jpg 250w\" sizes=\"auto, (max-width: 108px) 100vw, 108px\" \/><\/a>LIVINALLONGO<\/strong> L&#8217;amministrazione comunale voleva come presidente Alessandro De Nicolo&#8217; ma la normativa nazionale lo vieta, per questo per i prossimi due anni ci sar\u00e0 ancora Oscar Troi che svolger\u00e0 l&#8217;incarico gratuitamente. De Nicolo&#8217; da sempre impegnato nel sociale avr\u00e0 comunque un importante incarico.<\/p>\n<p><strong>IL SINDACO LEANDRO GRONES<\/strong><\/p>\n<audio class=\"wp-audio-shortcode\" id=\"audio-99189-5\" preload=\"none\" style=\"width: 100%;\" controls=\"controls\"><source type=\"audio\/mpeg\" src=\"http:\/\/www.radiopiu.net\/wordpress\/wp-content\/uploads\/2019\/09\/leandro2.mp3?_=5\" \/><a href=\"http:\/\/www.radiopiu.net\/wordpress\/wp-content\/uploads\/2019\/09\/leandro2.mp3\">http:\/\/www.radiopiu.net\/wordpress\/wp-content\/uploads\/2019\/09\/leandro2.mp3<\/a><\/audio>\n<p>&nbsp;<\/p>\n<p>&nbsp;<\/p>\n<p>&nbsp;<\/p>\n<p>&nbsp;<\/p>\n<h2>IL PARCO GIOCHI E LE INTERROGAZIONI DELLA MINORANZA, LUNEDI IN CONSIGLIO COMUNALE<\/h2>\n<p><strong>FALCADE<\/strong> Il sindaco di Falcade, Michele Costa, ha convocato il consiglio comunale per luned\u00ec alle 20. La seduta si aprir\u00e0 con le comunicazioni del sindaco relative al prelievo dal fondo di riserva. Quindi verr\u00e0 applicata al bilancio 2019 la quota dell&#8217;avanzo di amministrazione approvato con il rendiconto 2018. Si provveder\u00e0 poi all&#8217;approvazione della seconda variante al piano degli interventi. Quindi spazio al progetto di ammodernamento e riqualificazione dei parchi giochi e delle aree ricreative comunali: verr\u00e0 approvata la deroga al vincolo di divieto di aumento di cubatura e verr\u00e0 approvato il progetto definitivo.Quindi si parler\u00e0 degli indirizzi in merito ai terreni oggetto di proposta di reintegra al demanio civico. In chiusura il sindaco risponder\u00e0 a due interrogazioni del consigliere di minoranza Cesare Bon e relative alla pavimentazione della piazza San Sebastiano di Falcade Alto e alla modifica di un accesso ad un terreno in localit\u00e0 Valt.<\/p>\n<p><span style=\"color: #ff0000;\">NOTIZIARIO 20 AGOSTO 2019\u00a0<\/span><br \/>\n<strong>L&#8217;INTERROGAZIONE PER LA PIAZZA DI FALCADE ALTO<\/strong><\/p>\n<p><strong><img loading=\"lazy\" decoding=\"async\" class=\"alignleft\" src=\"http:\/\/www.radiopiu.net\/wordpress\/wp-content\/uploads\/2019\/08\/download-13.jpg\" width=\"109\" height=\"109\" \/>FALCADE<\/strong> Il gruppo di opposizione Uniti per la Val Biois RilanciAmo Falcade ha inoltrato al sindaco un&#8217;iterrogazione urgente con richiesta di risposta in consiglio comunale:<em> &#8220;Che soluzione\u00a0 il Comune intende attuare per il ripristino della pavimentazione della piazza San Sebastiano<\/em><br \/>\n<em>di Falcade Alto?. Si fa presente che il Sindaco durante la seduta del consiglio comunale a seguito dell\u2019interrogazione presentata aveva assicurato un intervento nel mese di settembre dello scorso anno 2018, a conclusione della stagione turistica&#8221;. <\/em>\u00a0&#8220;Perch\u00e9 dopo pi\u00f9 di un anno dalla segnalazione portata in consiglio comunale tramite interrogazione non si \u00e8 ancora provveduto alla sistemazione richiesta&#8221;.<\/p>\n<p><strong>L&#8217;INTERROGAZIONE PER IL TERRENO IN LOCALITA&#8217; VALT<\/strong><\/p>\n<p><strong>FALCADE<\/strong> Il signor Paolo Carlin ha inviato una lettera per conoscenza dove viene descritta una richiesta fatta all&#8217;amministrazione e da tempo attende risposte mai arrivate. Considerati i tempi eccessivi della pubblica amministrazione per una risposta, chiediamo al sindaco di volere chiarire una questione venendo incontro alle richieste del\u00a0 Carlin.\u00a0 In conseguenza della tempesta Vaia che ha colpito la zona interessata, forse \u00e8 possibile con meno burocrazia autorizzare piccoli interventi come quelli richiesti in questo caso per l&#8217;allargamento di una stradina di accesso al terreno a Valt,\u00a0 tra l&#8217;altro Carlin si \u00e8 reso disponibile ad eseguire in proprio i lavori accollandosi la spesa.<\/p>\n<p><strong>SEGNALAZIONE: UNO STALLO RISERVATO CON COLONNINA DI RICARICA<\/strong><\/p>\n<p><strong><a class=\"dt-pswp-item\" href=\"http:\/\/www.radiopiu.net\/wordpress\/wp-content\/uploads\/2019\/08\/electric-car-4381728__340.jpg\" data-dt-img-description=\"\" data-large_image_width=\"510\" data-large_image_height=\"340\"><img loading=\"lazy\" decoding=\"async\" class=\" wp-image-96289 alignleft\" src=\"http:\/\/www.radiopiu.net\/wordpress\/wp-content\/uploads\/2019\/08\/electric-car-4381728__340-300x200.jpg\" alt=\"\" width=\"206\" height=\"137\" srcset=\"https:\/\/www.radiopiu.net\/wordpress\/wp-content\/uploads\/2019\/08\/electric-car-4381728__340-300x200.jpg 300w, https:\/\/www.radiopiu.net\/wordpress\/wp-content\/uploads\/2019\/08\/electric-car-4381728__340.jpg 510w\" sizes=\"auto, (max-width: 206px) 100vw, 206px\" \/><\/a>FALCADE <\/strong><em>&#8220;Chiediamo che il Comune prenda in considerazione l\u2019installazione di una o pi\u00f9 colonnine di ricarica per <\/em><em>veicoli elettrici di residenti, mezzi in transito e anche per favorire un maggiore sviluppo turistico&#8221;.<\/em> E&#8217; questa la richiesta a firma del Gruppo Uniti per la Val Biois &#8220;RilanciAmo Falcade&#8221; che fa riferimento a Cesare Bon, inviata al sindaco di Falcade Michele Costa. <em>&#8220;Le sempre pi\u00f9 stringenti normative anti inquinamento hanno spinto i vari costruttori, nel corso degli ultimi anni, ad investire numerose risorse nello sviluppo dei motori elettrici &#8211; scrive il gruppo falcadino &#8211; l\u2019obiettivo \u00e8 quello, in futuro, di arrivare alla quasi totale abolizione delle auto con propulsione tradizione&#8221;.<\/em> Secondo i firmatari della proposta non bisogna considerare solo la diffusione delle auto, ma anche di motocicli e biciclette elettriche, che negli ultimi mesi sta raggiungendo numeri davvero importanti. Tra le richiesta anche lo studio per un&#8217;opportuna scelta della postazione. Per installare una colonnina di ricarica \u00e8 importante la scelta della posizione.<em> &#8220;Meglio in aree parcheggio dove il quadro elettrico si trova in una postazione strategica o dove \u00e8 possibile agganciare <\/em><em>con comodit\u00e0 cavi. Sono particolari che riducono sensibilmente i costi di installazione&#8221;.<\/em><\/p>\n<p>&nbsp;<\/p>\n<p>&nbsp;<\/p>\n<p>&nbsp;<\/p>\n<p>&nbsp;<\/p>\n<blockquote>\n<h2><span style=\"color: #ff0000;\"><a class=\"dt-pswp-item\" href=\"http:\/\/www.radiopiu.net\/wordpress\/wp-content\/uploads\/2019\/09\/ep-center.jpg\" data-dt-img-description=\"\" data-large_image_width=\"500\" data-large_image_height=\"711\"><img loading=\"lazy\" decoding=\"async\" class=\"wp-image-97920 alignleft\" src=\"http:\/\/www.radiopiu.net\/wordpress\/wp-content\/uploads\/2019\/09\/ep-center-211x300.jpg\" alt=\"\" width=\"136\" height=\"193\" srcset=\"https:\/\/www.radiopiu.net\/wordpress\/wp-content\/uploads\/2019\/09\/ep-center-211x300.jpg 211w, https:\/\/www.radiopiu.net\/wordpress\/wp-content\/uploads\/2019\/09\/ep-center.jpg 500w\" sizes=\"auto, (max-width: 136px) 100vw, 136px\" \/><\/a><\/span><\/h2>\n<\/blockquote>\n<h2><\/h2>\n<blockquote>\n<h2><\/h2>\n<h2><span style=\"color: #ff0000;\">OGGI<\/span><\/h2>\n<\/blockquote>\n<p><strong>CONVEGNO AD ALLEGHE &#8220;RISPARMIARE ENERGIA? SI PUO&#8217;&#8230;.&#8221;. IN STUDIO FRANCESCO ZILLIO<\/strong><\/p>\n<audio class=\"wp-audio-shortcode\" id=\"audio-99189-6\" preload=\"none\" style=\"width: 100%;\" controls=\"controls\"><source type=\"audio\/mpeg\" src=\"http:\/\/www.radiopiu.net\/wordpress\/wp-content\/uploads\/2019\/09\/francesco-zillio-ep-center.mp3?_=6\" \/><a href=\"http:\/\/www.radiopiu.net\/wordpress\/wp-content\/uploads\/2019\/09\/francesco-zillio-ep-center.mp3\">http:\/\/www.radiopiu.net\/wordpress\/wp-content\/uploads\/2019\/09\/francesco-zillio-ep-center.mp3<\/a><\/audio>\n<p>&nbsp;<\/p>\n<p>&nbsp;<\/p>\n<p>&nbsp;<\/p>\n<h3>WANBAO ACC: ASSESSORE DONAZZAN, \u201cSOLIDALE CON I LAVORATORI, CRISI ANOMALA DA AFFRONTARE IN SEDE DIPLOMATICA &#8211; MARTED\u00cc 24 VERTICE AL MISE\u201d<\/h3>\n<p><strong><a class=\"dt-pswp-item\" href=\"http:\/\/www.radiopiu.net\/wordpress\/wp-content\/uploads\/2016\/02\/l43-donazzan-150526182134_medium.jpg\" data-dt-img-description=\"\" data-large_image_width=\"420\" data-large_image_height=\"315\"><img loading=\"lazy\" decoding=\"async\" class=\" wp-image-17008 alignleft\" src=\"http:\/\/www.radiopiu.net\/wordpress\/wp-content\/uploads\/2016\/02\/l43-donazzan-150526182134_medium-300x225.jpg\" alt=\"\" width=\"195\" height=\"146\" \/><\/a>VENEZIA\u00a0<\/strong> \u201cLa Regione Veneto segue con viva attenzione lo sviluppo di questa anomala situazione che vedrebbe la multinazionale Wanbao disimpegnarsi a pochi anni dall\u2019acquisizione di una tra le pi\u00f9 significative realt\u00e0 produttive nel comparto dei compressori nel panorama mondiale, che ha raggiunto standard di qualit\u00e0 altissimi\u201d, fa sapere l\u2019assessore al lavoro della Regione Veneto, Elena Donazzan, nel giorno della manifestazione organizzata a Milano dai lavorator dello stabilimento Wanbao Acc di Mel. <em>\u201cSono solidale \u2013 aggiunge l\u2019assessore &#8211; con la scelta dei lavoratori di andare, con un ennesimo sacrificio, a Milano sotto la sede del consolato cinese, perch\u00e9 in effetti la propriet\u00e0 non \u00e8 una normale multinazionale ma \u00e8 totalmente controllata dalla municipalit\u00e0 politica cinese\u201d. <\/em><em>\u201cMarted\u00ec 24 saremo a Roma convocati tempestivamente dal Ministero dello Sviluppo economico \u2013 conferma Donazzan &#8211; Come ho gi\u00e0 avuto modo di dire e di convenire con il ministro bellunese Federico D\u2019Inc\u00e0, questa \u00e8 una crisi del tutto difforme da altre e deve vedere il tavolo della diplomazia coinvolto prioritariamente\u201d.<\/em><\/p>\n<p>&nbsp;<\/p>\n<p>&nbsp;<\/p>\n<p>&nbsp;<\/p>\n<p>&nbsp;<\/p>\n<h3>SCUOLA: VIA LIBERA ALLE GIORNATE DELLO SPORT NEL 2020, CONTRIBUTO REGIONALE DI 150 MILA EURO PER INCENTIVARE LA LIBERA INIZIATIVA DEGLI ISTITUTI<\/h3>\n<p><strong>VENEZIA\u00a0<\/strong> Da tre anni le Giornate dello Sport hanno fatto regolare ingresso nel calendario scolastico del Veneto, in tutti gli istituti di ogni ordine e grado, pubblici e paritari. \u201cPer l\u2019edizione 2020, in programma dal 27 al 29 febbraio prossimi, la Regione conferma la proprio supporto organizzativo e sostegno finanziario alla capacit\u00e0 di programmazione delle scuole, con l\u2019approvazione di apposite linee-guida e lo stanziamento di 150 mila euro di contributi\u201d, assicura l\u2019assessore regionale alla scuola Elena Donazzan che &#8211; con una apposita delibera di concerto con l\u2019assessore allo sport Cristian Corazzari &#8211; ha stabilito linee guida e modalit\u00e0 organizzative delle Giornate dello Sport per l\u2019anno scolastico 2019-2020. La Giornate dello sport 2020 si svolgeranno, quindi, dopo le vacanze di Carnevale, a partire dal rientro in classe dopo il mercoled\u00ec delle Ceneri. La Regione invita le scuole a promuovere l\u2019attivit\u00e0 sportiva non solo con approfondimenti interdisciplinari, ma anche dal punto di vista pratico, favorendo alleanze con le societ\u00e0 sportive dilettantistiche, in grado di fornire agli studenti percorsi sportivi a prezzi agevolati anche al di fuori delle Giornate dello sport. Inoltre, riserva il 50 per cento dei contributi stanziati per proposte che facciano conoscere gli sport invernali nei comprensori sciistici del Veneto. Proprio per favorire la pratica diretta dello sport le scuole possono organizzare l\u2019attivit\u00e0 sportiva \u2018outdoor\u2019 anche in periodi diversi da quelli indicati dal calendario scolastico: dal 7 gennaio fino alla chiusura degli impianti, per gli sport invernali; e dal 29 febbraio al 15 maggio per gli altri sport all\u2019aria aperta.<\/p>\n<p>&nbsp;<\/p>\n<p>&nbsp;<\/p>\n<p>&nbsp;<\/p>\n<p>&nbsp;<\/p>\n<p>&nbsp;<\/p>\n<p>&nbsp;<\/p>\n<p class=\"western\" align=\"JUSTIFY\"><span style=\"color: #222222;\"><span style=\"font-size: medium;\"><b>ZAIA, \u201cC\u2019E\u2019 UN ASSE LEZZI-PROVENZANO CONTRO L\u2019AUTONOMIA, CI DICANO QUALE REGIONE NON INVESTE 180 MILIONI A BENEFICIO DEI SUOI CITTADINI\u201d<\/b><\/span><\/span><\/p>\n<p><strong>VENEZIA<\/strong>\u00a0\u00a0<em>\u201cSe esiste una regione che tiene in banca 180 milioni di euro dei fondi nazionali del 2000-2006 fermi e che non ha mai speso, i cittadini e gli amministratori hanno diritto di sapere subito qual \u00e8 questo ente e perch\u00e9 li tiene ancora su un conto corrente. Non \u00e8 ammissibile che l\u2019ex ministro Lezzi affermi candidamente che non lo riveler\u00e0; ha il dovere, non solo morale, ma istituzionale, di farlo. \u00c8 una cosa del tutto inaccettabile, proprio nel giorno in cui il suo successore Provenzano, del Pd, scopre gli altarini affermando che l\u2019autonomia di Veneto e Lombardia \u00e8 stata fermata proprio dall\u2019ex ministra dei 5 Stelle, affermando inoltre di aver apprezzato la cosa\u201d.\u00a0<\/em>Con queste parole il presidente della Regione del Veneto Luca Zaia, prende posizione sulle dichiarazioni rilasciate su un quotidiano nazionale dall\u2019esponente pentastellata Barbara Lezzi, ministra del Sud del primo Governo Conte, e dal democratico Giuseppe Provenzano, che guida oggi lo stesso dicastero, alla trasmissione Agor\u00e0 di Rai 3.\u00a0<em>\u201cOggi ci viene rivelata appieno non solo la sostanza della nuova alleanza consolidata tra PD e 5Stelle, ma anche la continuit\u00e0 tra Barbara Lezzi e Giuseppe Provenzano a scapito delle legittime richieste di autonomia \u2013 sottolinea Zaia -. L\u2019attuale ministro, infatti, se ne esce affermando che l\u2019autonomia di Veneto e Lombardia \u00e8 stata fermata dalla Lezzi e aggiunge che ha fatto bene. C\u2019\u00e8 dell\u2019incredibile. Per noi autonomia \u00e8 buona amministrazione e in nome di questo principio chiedo formalmente e pubblicamente che sia resa nota la Regione che, come la stessa Lezzi dice di aver verificato, conserva integri ben 180 milioni di euro di fondi erogati oltre dieci anni fa. Il nome deve essere fatto e devono essere date chiare spiegazioni. Chi non lo fa non ha alcun interesse per il riscatto del Meridione e non pu\u00f2 dare lezioni di buona amministrazione a nessuno, tantomeno a noi\u201d.<\/em><\/p>\n<p>&nbsp;<\/p>\n<p>&nbsp;<\/p>\n<p>&nbsp;<\/p>\n<p>&nbsp;<\/p>\n<p>&nbsp;<\/p>\n<h3>CACCIA: DAL 1\u00b0 OTTOBRE AL VIA LA MOBILIT\u00c0 VENATORIA \u2013 ASSESSORE PAN, \u201cANAGRAFE E SISTEMA INFORMATICO PER GESTIRE LA PRESENZA DEI CACCIATORI\u201d<\/h3>\n<p><strong><a class=\"dt-pswp-item\" href=\"http:\/\/www.radiopiu.net\/wordpress\/wp-content\/uploads\/2017\/01\/1439544293-1343990265-cacciatori-italiani.jpg\" data-dt-img-description=\"\" data-large_image_width=\"448\" data-large_image_height=\"278\"><img loading=\"lazy\" decoding=\"async\" class=\" wp-image-27162 alignleft\" src=\"http:\/\/www.radiopiu.net\/wordpress\/wp-content\/uploads\/2017\/01\/1439544293-1343990265-cacciatori-italiani-300x186.jpg\" alt=\"\" width=\"197\" height=\"122\" \/><\/a>VENEZIA<\/strong>\u00a0 Via libera dal 1\u00b0 ottobre alla mobilit\u00e0 venatoria dei cacciatori tra i diversi ambiti di caccia del territorio regionale. Con la predisposizione del sistema informatico, l\u2019attivazione di un sito dedicato e il varo da parte della Giunta regionale del Veneto delle linee guida, trova applicazione la norma veneta che consente ai cacciatori di accedere anche ad ambiti territoriali diversi da quello in cui sono iscritti per inseguire la fauna migratoria.<em> \u201cOra anche il Veneto, come gi\u00e0 Toscana, Emilia-Romagna e Lombardia \u2013 dichiara l\u2019assessore alla caccia Giuseppe Pan \u2013 riconosce nel proprio ordinamento l\u2019istituto della mobilit\u00e0 per i cacciatori. Dopo la sentenza della Corte Costituzionale che ha archiviato tutti i dubbi di costituzionalit\u00e0 della legge, abbiamo provveduto a disciplinare con equilibrio e razionalit\u00e0 la presenza dei cacciatori nel nostro territorio, grazie alla creazione di una anagrafe informatica dei cacciatori e alle possibilit\u00e0 di programmazione e controllo offerte dalla gestione informatica del sistema\u201d.<\/em><\/p>\n<p>&nbsp;<\/p>\n<p>&nbsp;<\/p>\n<p>&nbsp;<\/p>\n<p>&nbsp;<\/p>\n<p>&nbsp;<\/p>\n<h3>QUOTA 100, L\u2019ACCORDO C\u2019E\u2019, \u00a0SI E\u2019 CONCLUSO POSITIVAMENTE IL CONFRONTO TRA USARCI E GOVERNO<\/h3>\n<p>DALLA RASSEGNA STAMPA DELLE 8 05, FRANCO ROCCON<\/p>\n<audio class=\"wp-audio-shortcode\" id=\"audio-99189-7\" preload=\"none\" style=\"width: 100%;\" controls=\"controls\"><source type=\"audio\/mpeg\" src=\"http:\/\/www.radiopiu.net\/wordpress\/wp-content\/uploads\/2019\/09\/ROCCON.mp3?_=7\" \/><a href=\"http:\/\/www.radiopiu.net\/wordpress\/wp-content\/uploads\/2019\/09\/ROCCON.mp3\">http:\/\/www.radiopiu.net\/wordpress\/wp-content\/uploads\/2019\/09\/ROCCON.mp3<\/a><\/audio>\n<p>&nbsp;<\/p>\n<p><strong><a class=\"dt-pswp-item\" href=\"http:\/\/www.radiopiu.net\/wordpress\/wp-content\/uploads\/2019\/05\/Usarci_assemblea.jpg\" data-dt-img-description=\"\" data-large_image_width=\"1600\" data-large_image_height=\"777\"><img loading=\"lazy\" decoding=\"async\" class=\" wp-image-84930 alignleft\" src=\"http:\/\/www.radiopiu.net\/wordpress\/wp-content\/uploads\/2019\/05\/Usarci_assemblea-300x146.jpg\" alt=\"\" width=\"275\" height=\"134\" srcset=\"https:\/\/www.radiopiu.net\/wordpress\/wp-content\/uploads\/2019\/05\/Usarci_assemblea-300x146.jpg 300w, https:\/\/www.radiopiu.net\/wordpress\/wp-content\/uploads\/2019\/05\/Usarci_assemblea-768x373.jpg 768w, https:\/\/www.radiopiu.net\/wordpress\/wp-content\/uploads\/2019\/05\/Usarci_assemblea-1024x497.jpg 1024w, https:\/\/www.radiopiu.net\/wordpress\/wp-content\/uploads\/2019\/05\/Usarci_assemblea.jpg 1600w\" sizes=\"auto, (max-width: 275px) 100vw, 275px\" \/><\/a><\/strong><strong>BELLUNO<\/strong>\u00a0\u00a0Quota 100, oggi si pu\u00f2. Gli incontri dei mesi scorsi tra Usarci e il Governo hanno portato i frutti sperati. Non esistono pi\u00f9 blocchi n\u00e9 incongruenze per il raggiungimento della pensione per gli agenti di commercio: ora \u00e8 possibile presentare domanda di pensione Inps quota 100 senza dover necessariamente chiudere prima la partita iva e cancellarsi dalla C.I.A.A.\u00a0\u00a0<em>\u201cE\u2019 quello che speravamo da mesi \u2013 dichiara il presidente provinciale e regionale di Usarci \u2013 Unione Sindacati Agenti Rappresentanti di Commercio Franco Roccon -, abbiamo lavorato a lungo per arrivare a questo risultato. Con questo accordo \u00e8 stata aggiustata la stortura e cos\u00ec ora l\u2019agente pu\u00f2 richiedere la pensione e una volta ottenuta pu\u00f2 percepire provvigioni solo ed esclusivamente se gli importi fanno riferimento a vendite effettuate nel periodo di attivit\u00e0. La trovo una cosa razionale e corretta. Avevamo diversi agenti, nel Bellunese, messi in difficolt\u00e0 da Quota 100 in un primo momento, perch\u00e9 non sapevano come organizzare l\u2019attivit\u00e0 e portare avanti la domanda di pensione\u201d.\u00a0<\/em>Ora anche le indennit\u00e0 di fine rapporto sono state escluse dal computo ai fini reddituali.\u00a0\u00a0Non solo, l\u2019agente potr\u00e0 anche decidere di posticipare il versamento della prima pensione, cos\u00ec da proseguire l\u2019attivit\u00e0 lavorativa per tutto il periodo di preavviso, senza incorrere nella incumulabilit\u00e0 di provvigioni maturate in quel periodo.\u00a0\u00a0<strong><br \/>\n<\/strong><\/p>\n<p>&nbsp;<\/p>\n<p>&nbsp;<\/p>\n<p>&nbsp;<\/p>\n<p>&nbsp;<\/p>\n<h3>AL VIA NUOVI SEMINARI INFORMATICI SU &#8220;SOCIAL NETWORK COME STRUMENTO DI BUSINESS&#8221;<\/h3>\n<p><strong><a class=\"dt-pswp-item\" href=\"http:\/\/www.radiopiu.net\/wordpress\/wp-content\/uploads\/2015\/05\/facebook-gruppo.png\" data-dt-img-description=\"\" data-large_image_width=\"264\" data-large_image_height=\"85\"><img loading=\"lazy\" decoding=\"async\" class=\"size-full wp-image-5572 alignleft\" src=\"http:\/\/www.radiopiu.net\/wordpress\/wp-content\/uploads\/2015\/05\/facebook-gruppo.png\" alt=\"\" width=\"264\" height=\"85\" \/><\/a>BELLUNO<\/strong>\u00a0 Confcommercio Belluno propone un nuovo ciclo di incontri dedicati all\u2019utilizzo dei social network per sviluppare il proprio business aziendale.\u00a0 Dopo i seminari di giugno, dedicati al tema della visibilit\u00e0 on-line e sui motori di ricerca,\u00a0 sar\u00e0 presente su tutto il territorio provinciale per sviluppare l&#8217;importante e strategica tematica dei social network come strumenti di business, approfondendone i potenziali benefici e gli eventuali rischi. L&#8217;avvento dei social, Facebook primo fra tutti, non ha solo cambiato il modo di comunicare e di relazionarsi tra persone, ma ha anche innovato profondamente il modo di comunicare delle aziende aprendo nuove possibilit\u00e0 e nuove opportunit\u00e0. Gli incontri si terranno ad Agordo (23 settembre alle 15 in\u00a0 Biblioteca), Belluno (24 settembre\u00a0 20.30 nella Sala\u00a0 Ascom), Calalzo di Cadore (30 settembre\u00a0 alle 15 all&#8217;Hotel Ferrovia) e Feltre (1 ottobre alle\u00a0 20.30 in Sede Ascom). La partecipazione \u00e8 gratuita e libera.<\/p>\n<p>&nbsp;<\/p>\n<p>&nbsp;<\/p>\n<p>&nbsp;<\/p>\n<p>&nbsp;<\/p>\n<h3>AUMENTO IN DOPPIA CIFRA PER IL TURISMO FELTRINO<\/h3>\n<p><strong><a class=\"dt-pswp-item\" href=\"http:\/\/www.radiopiu.net\/wordpress\/wp-content\/uploads\/2019\/06\/IC-FELTRE-Bambini-in-maglia-rosa.jpg\" data-dt-img-description=\"\" data-large_image_width=\"1423\" data-large_image_height=\"1077\"><img loading=\"lazy\" decoding=\"async\" class=\" wp-image-87160 alignleft\" src=\"http:\/\/www.radiopiu.net\/wordpress\/wp-content\/uploads\/2019\/06\/IC-FELTRE-Bambini-in-maglia-rosa-300x227.jpg\" alt=\"\" width=\"241\" height=\"182\" srcset=\"https:\/\/www.radiopiu.net\/wordpress\/wp-content\/uploads\/2019\/06\/IC-FELTRE-Bambini-in-maglia-rosa-300x227.jpg 300w, https:\/\/www.radiopiu.net\/wordpress\/wp-content\/uploads\/2019\/06\/IC-FELTRE-Bambini-in-maglia-rosa-768x581.jpg 768w, https:\/\/www.radiopiu.net\/wordpress\/wp-content\/uploads\/2019\/06\/IC-FELTRE-Bambini-in-maglia-rosa-1024x775.jpg 1024w, https:\/\/www.radiopiu.net\/wordpress\/wp-content\/uploads\/2019\/06\/IC-FELTRE-Bambini-in-maglia-rosa.jpg 1423w\" sizes=\"auto, (max-width: 241px) 100vw, 241px\" \/><\/a>FELTRE<\/strong>\u00a0 E\u2019 certamente un\u2019estate da incorniciare, stando almeno ai primi disponibili, ovvero quelli relativi agli accessi all\u2019Ufficio Turistico di Piazza Maggiore, quella che si sta avviando a conclusione. Sono stati infatti 4.126 visitatori che si sono rivolti all\u2019ufficio turistico feltrino nei mesi di giugno, luglio e agosto di quest\u2019anno, ben il 24% in pi\u00f9 rispetto ai del 2018. Il trend \u00e8 molto positivo per quanto riguarda gli italiani (+17%), ma diventa addirittura eclatante per quanto concerne gli stranieri: quelli che si sono rivolti agli uffici di Piazza Maggiore per informazioni o servizi vari sono stati quest\u2019estate 1.579, ovvero il 40% dello scorso anno.<\/p>\n<p><strong>L&#8217;ASSESSORE AL TURISMO ALESSANDRO DEL BIANCO<\/strong><\/p>\n<audio class=\"wp-audio-shortcode\" id=\"audio-99189-8\" preload=\"none\" style=\"width: 100%;\" controls=\"controls\"><source type=\"audio\/mpeg\" src=\"http:\/\/www.radiopiu.net\/wordpress\/wp-content\/uploads\/2019\/09\/DAL-BIANCO-TURISMO.mp3?_=8\" \/><a href=\"http:\/\/www.radiopiu.net\/wordpress\/wp-content\/uploads\/2019\/09\/DAL-BIANCO-TURISMO.mp3\">http:\/\/www.radiopiu.net\/wordpress\/wp-content\/uploads\/2019\/09\/DAL-BIANCO-TURISMO.mp3<\/a><\/audio>\n<blockquote><p><em>\u00abI dati dell&#8217;afflusso all&#8217;ufficio turistico di Feltre parlano da soli\u201d,<\/em><strong> commenta il Presidente del Consorzio Turistico Dolomiti Prealpi, Lionello Gorza.<\/strong><em> \u201cQuesto risultato per noi \u00e8 straordinario e ci d\u00e0 forza e stimolo di continuare con entusiasmo il cammino intrapreso in questi anni. Pubblico e privato, in sinergia, riescono a comunicare all&#8217;esterno un &#8216;immagine coordinata del territorio, che rispecchia le sue peculiarit\u00e0. Nello specifico, il risultato di quest&#8217;anno \u00e9 dovuto ai grandi eventi, in primis la tappa Feltre-Croce d&#8217;Aune Monte Avena del Giro d&#8217;Italia, e alla presenza a fiere e workshop a cui il nostro Consorzio ha partecipato grazie anche alla Dmo Dolomiti e alla Regione Veneto\u00bb <\/em><\/p><\/blockquote>\n<p>&nbsp;<\/p>\n<p>&nbsp;<\/p>\n<p>&nbsp;<\/p>\n<p>&nbsp;<\/p>\n<h2>SETTIMANA DELLA MOBILITA&#8217;, FELTRE PROTAGONISTA<\/h2>\n<p><strong><a class=\"dt-pswp-item\" href=\"http:\/\/www.radiopiu.net\/wordpress\/wp-content\/uploads\/2019\/09\/IMG_20190919_125934.jpg\" data-dt-img-description=\"\" data-large_image_width=\"4000\" data-large_image_height=\"3000\"><img loading=\"lazy\" decoding=\"async\" class=\"size-medium wp-image-99221 alignleft\" src=\"http:\/\/www.radiopiu.net\/wordpress\/wp-content\/uploads\/2019\/09\/IMG_20190919_125934-300x225.jpg\" alt=\"\" width=\"300\" height=\"225\" srcset=\"https:\/\/www.radiopiu.net\/wordpress\/wp-content\/uploads\/2019\/09\/IMG_20190919_125934-300x225.jpg 300w, https:\/\/www.radiopiu.net\/wordpress\/wp-content\/uploads\/2019\/09\/IMG_20190919_125934-768x576.jpg 768w, https:\/\/www.radiopiu.net\/wordpress\/wp-content\/uploads\/2019\/09\/IMG_20190919_125934-1024x768.jpg 1024w\" sizes=\"auto, (max-width: 300px) 100vw, 300px\" \/><\/a>FELTRE<\/strong>\u00a0 E\u2019 la \u201cmobilit\u00e0 attiva\u201d il tema dell\u2019edizione 2019 della Settimana Europea della Mobilit\u00e0. Quest\u2019anno il focus \u00e8 dunque puntato principalmente sulla sicurezza del camminare e della bicicletta e sui vantaggi che forme di mobilit\u00e0 attive hanno per la nostra salute, il nostro ambiente e il nostro conto in banca! Il Comune di Feltre aderisce convintamente alla manifestazione, anche con alcune iniziative di particolare rilievo.\u00a0 Anzitutto con il patrocinio dato all&#8217;evento &#8220;LA GRANDE PEDALATA DELLA VAL BELLUNA&#8221; in programma domenica 22 settembre. La manifestazione ha lo scopo di promuovere il nostro territorio ed aprirlo al cicloturismo, una forma di turismo eco-sostenibile in enorme espansione, oltre a favorire l&#8217;intermodalit\u00e0 treno-bicicletta per gli spostamenti quotidiani casa-lavoro, casa-scuola, casa-shopping. Feltre ospiter\u00e0 in questa occasione anche il pasta party previsto per le 12.30e realizzato dall\u2019Enaip, all\u2019arrivo della carovana su due ruote che giunger\u00e0 da Belluno lungo la destra Piave.<br \/>\nPer chi volesse partire dal capoluogo alle 07.30, sar\u00e0 anche disponibile nel piazzale della stazione di Feltre un pullman con carrello-bici per il trasporto dei ciclisti fino a Belluno. Per iscriversi \u00e8 sufficiente entrare nel sito di FIAB Belluno www.bellunoinbici.it. In occasione della Settimana della Mobilit\u00e0 prende avvio anche il servizio di bike sharing con biciclette a pedalata assistita allestito in Pr\u00e0 del Moro e presentato alcune settimane fa. La cura del noleggio, con le informazioni agli utenti e il controllo sui materiali, \u00e8 stata affidata alla cooperativa Elementa, che gestisce l\u2019area di Pr\u00e0 del Moro. Come annunciato, il noleggio avviene in maniera completamente digitale, tramite l\u2019utilizzo di una smart card ricaricabile.<\/p>\n<blockquote><p><em> \u201cLa Settimana delle Mobilit\u00e0 rappresenta un\u2019occasione importante per promuovere stili e modelli nuovi per gli spostamenti, soprattutto in ambiente urbano\u201d, sottolinea l\u2019assessore Valter Bonan. \u201cLe politiche della nostra amministrazione sono improntate da anni, su questa progressiva conversione della mobilit\u00e0 in chiave di sostenibilit\u00e0 sia nell&#8217;ambito della fruizione turistica lenta del territorio che negli spostamenti quotidiani della nostra comunit\u00e0. Siamo impegnati nel miglioramento e nell\u2019ampliamento della ciclabilit\u00e0 urbana con miglioramento della sicurezza e nuove connessioni della rete come testimonia anche l\u2019apertura, nei giorni scorsi, del nuovo tratto lungo via Mengotti. Muoversi a piedi o in bici fa bene non solo all&#8217;ambiente ma anche al nostro ben\/essere\u201d!, conclude Bonan.<\/em><\/p><\/blockquote>\n<p>&nbsp;<\/p>\n<p>&nbsp;<\/p>\n<p>&nbsp;<\/p>\n<p>&nbsp;<\/p>\n<h3>FORMAGGI E VINI FRANCESI: ANCORA UN\u2019OCCASIONE DI CONOSCENZA.<\/h3>\n<p><strong><a class=\"dt-pswp-item\" href=\"http:\/\/www.radiopiu.net\/wordpress\/wp-content\/uploads\/2019\/09\/IMG-20190906-WA0005.jpg\" data-dt-img-description=\"\" data-large_image_width=\"1600\" data-large_image_height=\"1200\"><img loading=\"lazy\" decoding=\"async\" class=\" wp-image-99191 alignleft\" src=\"http:\/\/www.radiopiu.net\/wordpress\/wp-content\/uploads\/2019\/09\/IMG-20190906-WA0005-300x225.jpg\" alt=\"\" width=\"219\" height=\"164\" srcset=\"https:\/\/www.radiopiu.net\/wordpress\/wp-content\/uploads\/2019\/09\/IMG-20190906-WA0005-300x225.jpg 300w, https:\/\/www.radiopiu.net\/wordpress\/wp-content\/uploads\/2019\/09\/IMG-20190906-WA0005-768x576.jpg 768w, https:\/\/www.radiopiu.net\/wordpress\/wp-content\/uploads\/2019\/09\/IMG-20190906-WA0005-1024x768.jpg 1024w, https:\/\/www.radiopiu.net\/wordpress\/wp-content\/uploads\/2019\/09\/IMG-20190906-WA0005.jpg 1600w\" sizes=\"auto, (max-width: 219px) 100vw, 219px\" \/><\/a><\/strong><\/p>\n<p><strong>FELTRE<\/strong>\u00a0E\u2019 diventata una piacevole e attesa consuetudine, per la Confraternita del Formaggio Piave Dop, quella dell\u2019incontro con formaggi e vini d\u2019oltralpe. Una tradizione che ha preso le mosse dall\u2019abitudine di Hermes Dalla Gasperina, feltrino emigrato in Francia molti anni fa, di trascorrere qualche giorno a Feltre. Dall\u2019incontro con Fabio Bona, presidente della Confraternita, \u00e8 scaturita l\u2019iniziativa che vede Dalla Gasperina nel ruolo di ambasciatore (e anche trasportatore) dei prodotti che diventano la \u2018materia prima\u2019 per una piacevole serata.\u00a0<em>\u201cNoi crediamo &#8211; ha ricordato Bona \u2013 che il favorire la conoscenza del cibo (che \u00e8 e rimane l\u2019elemento che pi\u00f9 caratterizza la storia e la cultura di ogni popolo) sia uno degli obiettivi pi\u00f9 importanti delle Confraternite. Conoscere, poi, significa riuscire a capire ci\u00f2 che \u00e8 simile e ci\u00f2 che differisce nell\u2019alimentazione di popoli anche geograficamente e storicamente vicini\u201d.\u00a0<\/em>Anche per questo appuntamento (il quinto della serie), Dalla Gasperina ha portato cinque formaggi e altrettanti vini, provenienti da diverse regioni.\u00a0Novit\u00e0 della serata, la prima uscita ufficiale di tre confratelli che \u2013 al termine del relativo corso \u2013 possono fregiarsi del titolo di \u2018assaggiatori di formaggi\u2019. Si tratta di Serena Turrin, Monica Fratta e Fabio Costan Zovi che hanno affiancato, nella presentazione dei formaggi, il \u2018capitano di lungo corso\u2019, Gino Triches.<\/p>\n<blockquote><p><em>\u201cUna volta ancora \u2013 ha chiosato Fabio Bona \u2013 abbiamo potuto approfondire le nostre conoscenze su formaggi e vini che, anche nella vicina Francia, rappresentano un tratto distintivo dell\u2019enogastronomia. Un plauso ai nostri nuovi assaggiatori e un grazie a Hermes per la sua disponibilit\u00e0. Naturalmente, contiamo di riproporre la serata anche l\u2019anno prossimo. Previsione facile: come quelli italiani, anche i formaggi francesi sono molto, molto numerosi; la \u2018materia prima\u2019 per nuovi incontri, insomma, non mancher\u00e0\u201d.<\/em><\/p><\/blockquote>\n<p>&nbsp;<\/p>\n<p>&nbsp;<\/p>\n<p>&nbsp;<\/p>\n<p>&nbsp;<\/p>\n<h2><span style=\"color: #ff0000;\">IERI ALLA RADIO&#8230;.FOTO SERVIZIO<\/span><\/h2>\n<blockquote class=\"wp-embedded-content\" data-secret=\"p3YhicO8Q2\"><p><a href=\"https:\/\/www.radiopiu.net\/wordpress\/tralicci\/\">TRALICCI DA TOGLIERE, DOMENICA DAL PIZ BOE&#8217; AFFRONTATO IL PROBLEMA<\/a><\/p><\/blockquote>\n<p><iframe loading=\"lazy\" title=\"&#8220;TRALICCI DA TOGLIERE, DOMENICA DAL PIZ BOE&#8217; AFFRONTATO IL PROBLEMA&#8221; &#8212; Radio Pi\u00f9\" class=\"wp-embedded-content\" sandbox=\"allow-scripts\" security=\"restricted\" style=\"position: absolute; clip: rect(1px, 1px, 1px, 1px);\" src=\"https:\/\/www.radiopiu.net\/wordpress\/tralicci\/embed\/#?secret=p3YhicO8Q2\" data-secret=\"p3YhicO8Q2\" width=\"600\" height=\"338\" frameborder=\"0\" marginwidth=\"0\" marginheight=\"0\" scrolling=\"no\"><\/iframe><\/p>\n<p>&nbsp;<\/p>\n<p>&nbsp;<\/p>\n<h2>DOLOMITIAMO SBARCA\u00a0 A MODOLO<\/h2>\n<p><strong><a class=\"dt-pswp-item\" href=\"http:\/\/www.radiopiu.net\/wordpress\/wp-content\/uploads\/2019\/07\/dolomitiamo-agordo-10anni-dolomiti-unesco.jpg\" data-dt-img-description=\"\" data-large_image_width=\"1024\" data-large_image_height=\"379\"><img loading=\"lazy\" decoding=\"async\" class=\"size-medium wp-image-92995 alignleft\" src=\"http:\/\/www.radiopiu.net\/wordpress\/wp-content\/uploads\/2019\/07\/dolomitiamo-agordo-10anni-dolomiti-unesco-300x111.jpg\" alt=\"\" width=\"300\" height=\"111\" srcset=\"https:\/\/www.radiopiu.net\/wordpress\/wp-content\/uploads\/2019\/07\/dolomitiamo-agordo-10anni-dolomiti-unesco-300x111.jpg 300w, https:\/\/www.radiopiu.net\/wordpress\/wp-content\/uploads\/2019\/07\/dolomitiamo-agordo-10anni-dolomiti-unesco-768x284.jpg 768w, https:\/\/www.radiopiu.net\/wordpress\/wp-content\/uploads\/2019\/07\/dolomitiamo-agordo-10anni-dolomiti-unesco.jpg 1024w\" sizes=\"auto, (max-width: 300px) 100vw, 300px\" \/><\/a>BELLUNO<em>\u00a0 <\/em><\/strong><em>&#8220;Dolomiti e Amore, due parole distinte che abbiamo voluto coniugare assieme per comunicare il nostro attaccamento alla natura, ai paesaggi, a flora e fauna e a tutto ci\u00f2 che gravita attorno alle montagne pi\u00f9 belle del mondo, le Dolomiti. &#8221; <\/em>Con queste parole Moreno Geremetta portavoce del gruppo di fotografi Agordini e fautore dell&#8217;idea della mostra &#8220;DolomitiAMO&#8221; svoltasi ad Agordo nel mese di Agosto per celebrare il decennale delle Dolomiti Patrimonio dell&#8217;Umanit\u00e0, ha voluto presentare l&#8217;esposizione fotografica che si terr\u00e0 nella splendida cornice della villa Miari Fulcis di Modolo a Castion Belluno nelle giornate del 21 e 22 Settembre.<br \/>\n<em>&#8220;La mostra di Modolo \u00e8 un breve ritorno che va a concludere in bellezza, fra i muri di questa splendida villa, l&#8217;esposizione che si era tenuta il mese di agosto scorso ad Agordo con qualche piccola variazione su tema, introducendo anche altre tipologie di scatti, anche se, le Dolomiti rimangono sempre le protagoniste e in qualit\u00e0 di fotografi, ci sentiamo in qualche modo ambasciatori di questa grande bellezza riconosciuta Patrimonio dell&#8217;Umanit\u00e0 nel 2009&#8221; <\/em>conclude Moreno Geremetta<em>.<\/em><\/p>\n<h2>ARCHIVIO RADIOPIU, INAUGURAZIONE AD AGORDO 9 agosto 2019<\/h2>\n<p>DolomitiAmo \u00e8 la mostra inaugurata ieri sera in sala Don Tamis ad Agordo, 27 fotografi hanno trasformato Dolomiti, flora, fauna e splendide ragazze in arte dolomitica. Al taglio del nastro con il sindaco di Agordo Roberto Chissal\u00e8, la presidente del Cai Anna Magro anche Marcella Morandini direttrice della Fondazione Dolomiti UNESCO a 10 anni dalla famosa firma di Siviglia. In sala Irma Visalli ha provato un po&#8217; di emozione quando la Morandini ha ricordato il percorso allora intrarpreso, la Visalli a Siviglia c&#8217;era quel giorno del 2009 con il compianto\u00a0 Presidente Sergio Reolon. Sara ha fatto gli onori di casa ben introdotta da Gianpaolo Soratroi sempre pi\u00f9\u00a0 voce Dolomitica. Radio Pi\u00f9 ha documentato in diretta Facebook l&#8217;inaugurazione della mostra. Ieri sera diretta dal Broi per lo spettacolo dell&#8217;Associazione Danza Agordina, 23 anni dopo la passione di Maria Rosa Salmazo \u00e8 sempre la stessa e i risultati sono evidenti, l&#8217;Ada \u00e8 una delle associazioni longeve di questa Provincia, che mette assieme cuccioli, adolescenti, futuri stelle della danza, perch\u00e9 no, con tanto impegno delle insegnanti e sicuramente di tanti volontari che si spendono per la crescita di questo gruppo.\u00a0 E&#8217; stato spettacolo ieri sera, nulla lasciato al caso, dalle professionali coreografie alla colonna sonora, splendida idea la voce del bosco e ben interpretata da Manuel Conedera<\/p>\n<h2 style=\"text-align: center;\"><\/h2>\n<div id=\"fb-root\"><\/div>\n<p><script async=\"1\" defer=\"1\" crossorigin=\"anonymous\" src=\"https:\/\/connect.facebook.net\/it_IT\/sdk.js#xfbml=1&amp;version=v6.0\"><\/script><\/p>\n<div class=\"fb-video\" data-href=\"https:\/\/www.facebook.com\/mirko.mezzacasa\/videos\/10220438291974195\/\" data-width=\"1200\">\n<blockquote cite=\"https:\/\/www.facebook.com\/mirko.mezzacasa\/videos\/10220438291974195\/\" class=\"fb-xfbml-parse-ignore\"><p><a href=\"https:\/\/www.facebook.com\/mirko.mezzacasa\/videos\/10220438291974195\/\"><\/a><\/p>\n<p>DOLOMITI AMO INAUGURAZIONE. SALA DON TAMIS FINO AL 25 AGOSTO DALLE 10 ALLE 12 3 DALLE 18 ALLE 22<\/p>\n<p>Pubblicato da <a href=\"https:\/\/www.facebook.com\/mirko.mezzacasa\">Mirko Mezzacasa<\/a> su Gioved\u00ec 8 agosto 2019<\/p><\/blockquote>\n<\/div>\n<blockquote>\n<h2 style=\"text-align: center;\"><\/h2>\n<\/blockquote>\n<h2><\/h2>\n<h2><a class=\"dt-pswp-item\" href=\"http:\/\/www.radiopiu.net\/wordpress\/wp-content\/uploads\/2019\/09\/69936928_425322411431787_4261877579461427200_n.jpg\" data-dt-img-description=\"\" data-large_image_width=\"540\" data-large_image_height=\"960\"><img loading=\"lazy\" decoding=\"async\" class=\"size-medium wp-image-99283 alignleft\" src=\"http:\/\/www.radiopiu.net\/wordpress\/wp-content\/uploads\/2019\/09\/69936928_425322411431787_4261877579461427200_n-169x300.jpg\" alt=\"\" width=\"169\" height=\"300\" srcset=\"https:\/\/www.radiopiu.net\/wordpress\/wp-content\/uploads\/2019\/09\/69936928_425322411431787_4261877579461427200_n-169x300.jpg 169w, https:\/\/www.radiopiu.net\/wordpress\/wp-content\/uploads\/2019\/09\/69936928_425322411431787_4261877579461427200_n.jpg 540w\" sizes=\"auto, (max-width: 169px) 100vw, 169px\" \/><\/a>PERITI MINERARI, INFORMAZIONI A CURA DI GIANNI GATTA, SOCIO A.P.I.M. EX FUNZIONARIO ATLAS COPCO CONOSCITORE DEL SETTORE LITICO GEOTECNICO GEOTERMICO MINERARIO PER LAVORO NELL&#8217;AREA LOMBARDO VENETA DA OTTO LUSTRI.<\/h2>\n<p>Dal 25 al 28 sett 2019 A.P.I.M. sar\u00e0 presente a Verona fiere per la manifestazione MARMOMAC. Una delle pi\u00f9 importanti al mondo per la litologia. Molto utile per il lavoro dei nostri giovani geotecnici minerari. &#8220;Conosco un mare di cavatori\u00a0 &#8211; dice Gianni Gatta, bresciano e gi\u00e0 studente del Follador &#8211; e ricever\u00f2 almeno un<a class=\"dt-pswp-item\" href=\"http:\/\/www.radiopiu.net\/wordpress\/wp-content\/uploads\/2019\/09\/70486046_461888927751162_8598819041089421312_n.jpg\" data-dt-img-description=\"\" data-large_image_width=\"540\" data-large_image_height=\"960\"><img loading=\"lazy\" decoding=\"async\" class=\"size-medium wp-image-99282 alignright\" src=\"http:\/\/www.radiopiu.net\/wordpress\/wp-content\/uploads\/2019\/09\/70486046_461888927751162_8598819041089421312_n-169x300.jpg\" alt=\"\" width=\"169\" height=\"300\" srcset=\"https:\/\/www.radiopiu.net\/wordpress\/wp-content\/uploads\/2019\/09\/70486046_461888927751162_8598819041089421312_n-169x300.jpg 169w, https:\/\/www.radiopiu.net\/wordpress\/wp-content\/uploads\/2019\/09\/70486046_461888927751162_8598819041089421312_n.jpg 540w\" sizes=\"auto, (max-width: 169px) 100vw, 169px\" \/><\/a>a trentina di professionisti al giorno &#8211; Qualcuno cerca i nostri professionisti agordini. Saremo lieti di essere contattati per ogni esigenza da chi vorr\u00e0 venire. Sono alla ricerca di collaboratori per lo stand, non avranno costi in quanto li terr\u00f2 ospiti a casa mia a Brescia e faremo i viaggi a Verona insieme&#8221;. Oltre allo stand A.P.I.M. a Verona fiere per MARMOMAC &#8211; il 27 nella sala Puccini si terr\u00e0 una interreg Italia Austria dal titolo: LA VIA DELLA DOLOMIA. Verr\u00e0 un pulman da AGORDO con gli studenti della scuola mineraria.<\/p>\n<p>MARMOMAC E&#8217; IMPORTANTE VISITARLA &#8211; NON SOLO PER I MARMI GRANITI E PORFIDI &#8211; INFATTI RAGGRUPPA ARCHITETTI COSTRUTTORI E MOLTO PIU&#8217;&#8230; DI INGEGNERIA CIVILE &#8211; MINERARIA E GEOTECNICA. VERRANNO DIFFUSI VIDEO DI MANUEL CONEDERA SULLE MINIERE E SARANNO ESPOSTI I LIBRI AGORDINI DI BUON RILIEVO NON SOLO PER IL TURISMO E LA CULTURA.<\/p>\n<p>IN FOTO: incontro con i diplomati anni sessanta ad Agordo venuti anche dalla Calabria.<\/p>\n<blockquote><p>&nbsp;<\/p><\/blockquote>\n<h2>NOMADI IN CONCERTO\u00a0 A RASAI DI SEREN DEL GRAPPA<\/h2>\n<p><strong><a class=\"dt-pswp-item\" href=\"http:\/\/www.radiopiu.net\/wordpress\/wp-content\/uploads\/2019\/09\/Nomadi-2017-foto-di-Andrea-Colzani_web.jpg\" data-dt-img-description=\"\" data-large_image_width=\"1920\" data-large_image_height=\"1280\"><img loading=\"lazy\" decoding=\"async\" class=\" wp-image-99223 alignleft\" src=\"http:\/\/www.radiopiu.net\/wordpress\/wp-content\/uploads\/2019\/09\/Nomadi-2017-foto-di-Andrea-Colzani_web-300x200.jpg\" alt=\"\" width=\"186\" height=\"124\" srcset=\"https:\/\/www.radiopiu.net\/wordpress\/wp-content\/uploads\/2019\/09\/Nomadi-2017-foto-di-Andrea-Colzani_web-300x200.jpg 300w, https:\/\/www.radiopiu.net\/wordpress\/wp-content\/uploads\/2019\/09\/Nomadi-2017-foto-di-Andrea-Colzani_web-768x512.jpg 768w, https:\/\/www.radiopiu.net\/wordpress\/wp-content\/uploads\/2019\/09\/Nomadi-2017-foto-di-Andrea-Colzani_web-1024x683.jpg 1024w, https:\/\/www.radiopiu.net\/wordpress\/wp-content\/uploads\/2019\/09\/Nomadi-2017-foto-di-Andrea-Colzani_web.jpg 1920w\" sizes=\"auto, (max-width: 186px) 100vw, 186px\" \/><\/a>I NOMADI<\/strong> tornano nella Vallata Feltrina il 12 ottobre 2019 dopo oltre tre anni, l&#8217;ultimo loro concerto a Feltre fu al Palaghiaccio nell&#8217;Aprile 2016. Questa sar\u00e0 la prima data feltrina di Yuri Cilloni, voce dei Nomadi dal 2017.\u00a0 Un legame particolare e privato con questa terra, un&#8217;amore per la maestosit\u00e0 e gli spazi di queste montagne, per il senso di pace e libert\u00e0 hanno fatto s\u00ec che il videoclip, del loro ultimo brano di successo del 2019, MILLEANNI fosse girato proprio qui sul Monte Grappa. Il concerto si svolger\u00e0 nel Teatro Tenda della 34\u00b0 Sagra dei Moroni e dei Prodotti Tipici di Seren del Grappa,\u00a0 Il primo e secondo settore sono tutti posti a sedere e numerati, il terzo settore ha 200 posti in piedi. Prezzi\u00a0Prezzi primo settore fronte palco \u20ac 35+dp Secondo settore fronte palco \u20ac 30+dp Settore limitato in piedi \u20ac 25+dp\u00a0 Vendita on line www.getiket.it<\/p>\n<p>&nbsp;<\/p>\n<p>&nbsp;<\/p>\n<p>&nbsp;<\/p>\n<h2>LA PIU&#8217; GRANDE COLLEZIONE DELLA STORIA DELLO SCI DA FONDO<\/h2>\n<p><strong><a class=\"dt-pswp-item\" href=\"http:\/\/www.radiopiu.net\/wordpress\/wp-content\/uploads\/2019\/09\/eCUWBwhQ.jpeg\" data-dt-img-description=\"\" data-large_image_width=\"1128\" data-large_image_height=\"1600\"><img loading=\"lazy\" decoding=\"async\" class=\"size-medium wp-image-99136 alignleft\" src=\"http:\/\/www.radiopiu.net\/wordpress\/wp-content\/uploads\/2019\/09\/eCUWBwhQ-212x300.jpeg\" alt=\"\" width=\"212\" height=\"300\" srcset=\"https:\/\/www.radiopiu.net\/wordpress\/wp-content\/uploads\/2019\/09\/eCUWBwhQ-212x300.jpeg 212w, https:\/\/www.radiopiu.net\/wordpress\/wp-content\/uploads\/2019\/09\/eCUWBwhQ-768x1089.jpeg 768w, https:\/\/www.radiopiu.net\/wordpress\/wp-content\/uploads\/2019\/09\/eCUWBwhQ-722x1024.jpeg 722w, https:\/\/www.radiopiu.net\/wordpress\/wp-content\/uploads\/2019\/09\/eCUWBwhQ.jpeg 1128w\" sizes=\"auto, (max-width: 212px) 100vw, 212px\" \/><\/a>BELLUNO<\/strong> &#8211; Appuntamento domenica 22 settembre nell\u2019antico Borgo di Sagrogna, in Comune di Belluno, con l\u2019esposizione della storia degli sci da fondo. Una manifestazione allestita da Tonino Zampieri all\u2019interno dell\u2019ormai collaudata Orti in Piazza a firma della Pro Loco Pieve Castionese. Duecentosessanta pezzi, di cui centodieci certificati ed inseriti nel Registro degli sci d\u2019epoca della Marcialonga, che racconteranno la storia dello sci stretto, il tutto raggruppato nella pi\u00f9 grande collezione della storia dello sci da fondo. \u00abUn evento unico nel suo genere &#8211; commenta Zampieri &#8211; e ancor pi\u00f9 impreziosito dalla presenza degli esperti della Marcialonga che, per l\u2019occasione, saranno a disposizione dei visitatori per certificare gli sci privati con attacco largo da sette centimetri e mezzo. Quindi un\u2019occasione per visitare un\u2019importante esposizione e farsi certificare i propri sci portati da casa\u00bb. Tra gli ospiti anche i fratelli Boninsegna, famosi produttori degli sci Nynsen utilizzati anche dal Gruppo Sportivo Castionese all\u2019inizio della propria attivit\u00e0 sportiva. \u00abPer il completamento dell\u2019esposizione &#8211; termina Zampieri &#8211; siamo riusciti a raccogliere ed esporre anche le coppie di sci, inerenti le discipline fondo e discesa, che all\u2019epoca erano accomunati dalla stessa serigrafia\u00bb. A poche decine di metri, sempre nel borgo di Sagrogna, sar\u00e0 possibile visitare un\u2019altra mostra che vedr\u00e0 esposte le radio d\u2019epoca dal 1920 al 1960. Le esposizioni saranno visibili per tutta la giornata di domenica 22 settembre. Per ulteriori informazioni \u00e8 possibile contattare Tonino Zampieri al numero\u00a0335 6956847.<\/p>\n<p>&nbsp;<\/p>\n<p>&nbsp;<\/p>\n<p>&nbsp;<\/p>\n<p>&nbsp;<\/p>\n<p>&nbsp;<\/p>\n<div data-offset-key=\"frkd2-0-0\">\n<p><a class=\"dt-pswp-item\" href=\"http:\/\/www.radiopiu.net\/wordpress\/wp-content\/uploads\/2018\/09\/appuntamenti.jpeg\" data-dt-img-description=\"\" data-large_image_width=\"800\" data-large_image_height=\"100\"><img loading=\"lazy\" decoding=\"async\" class=\"aligncenter wp-image-61958 size-full\" src=\"http:\/\/www.radiopiu.net\/wordpress\/wp-content\/uploads\/2018\/09\/appuntamenti.jpeg\" alt=\"\" width=\"800\" height=\"100\" srcset=\"https:\/\/www.radiopiu.net\/wordpress\/wp-content\/uploads\/2018\/09\/appuntamenti.jpeg 800w, https:\/\/www.radiopiu.net\/wordpress\/wp-content\/uploads\/2018\/09\/appuntamenti-300x38.jpeg 300w, https:\/\/www.radiopiu.net\/wordpress\/wp-content\/uploads\/2018\/09\/appuntamenti-768x96.jpeg 768w\" sizes=\"auto, (max-width: 800px) 100vw, 800px\" \/><\/a><\/p>\n<\/div>\n<p>&nbsp;<\/p>\n<p>&nbsp;<\/p>\n<div data-offset-key=\"frkd2-0-0\">\n<p>&nbsp;<\/p>\n<\/div>\n<h1>DAL CORRIERE DELLE ALPI<\/h1>\n<h4>LORENZO SORATROI<\/h4>\n<p><strong>LIVINALLONGO<\/strong>. Imparare le manovre salvavita con la Croce Bianca Fodom. La sezione di Livinallongo della Croce Bianca di Bolzano organizza per domani, nella sede di Via Freine ad Arabba, dalle 14 alle 18, un corso di primo soccorso. L&#8217;obiettivo \u00e8 far apprendere ai partecipanti le manovre salvavita per poter agire nelle situazioni di emergenza ed assistere il paziente nei momenti che precedono l&#8217;arrivo dei soccorsi. Le tematiche affrontate saranno quelle della valutazione sistematica del paziente, la chiamata di emergenza, il servizio di primo soccorso, la posizione laterale di sicurezza, la rianimazione cardio polmonare e il bendaggio a compressione.Il corso \u00e8 aperto a tutte le persone interessate che desiderano apprendere le manovre base per poter prestare il primo soccorso. Il costo \u00e8 di 44 euro. Gratuito per i soci della Croce Bianca Fodom. Per info e iscrizioni telefonare allo 0471444395.<\/p>\n<p>&nbsp;<\/p>\n<p>&nbsp;<\/p>\n<div data-offset-key=\"frkd2-0-0\">\n<h2>MENDRANZE N POEJIA X EDIZIONE<\/h2>\n<p><a class=\"dt-pswp-item\" href=\"http:\/\/www.radiopiu.net\/wordpress\/wp-content\/uploads\/2019\/09\/69863732_1256446051192767_3975798260370505728_n.jpg\" data-dt-img-description=\"\" data-large_image_width=\"800\" data-large_image_height=\"800\"><img loading=\"lazy\" decoding=\"async\" class=\" wp-image-97811 alignleft\" src=\"http:\/\/www.radiopiu.net\/wordpress\/wp-content\/uploads\/2019\/09\/69863732_1256446051192767_3975798260370505728_n-300x300.jpg\" alt=\"\" width=\"130\" height=\"130\" srcset=\"https:\/\/www.radiopiu.net\/wordpress\/wp-content\/uploads\/2019\/09\/69863732_1256446051192767_3975798260370505728_n-300x300.jpg 300w, https:\/\/www.radiopiu.net\/wordpress\/wp-content\/uploads\/2019\/09\/69863732_1256446051192767_3975798260370505728_n-150x150.jpg 150w, https:\/\/www.radiopiu.net\/wordpress\/wp-content\/uploads\/2019\/09\/69863732_1256446051192767_3975798260370505728_n-768x768.jpg 768w, https:\/\/www.radiopiu.net\/wordpress\/wp-content\/uploads\/2019\/09\/69863732_1256446051192767_3975798260370505728_n.jpg 800w\" sizes=\"auto, (max-width: 130px) 100vw, 130px\" \/><\/a><strong>LIVINALLONGO<\/strong> In occasione del 15 anni di fondazione dell&#8217;Istitut Cultural Ladin Cesa de Jan sabato 21 settembre alle 20.30 in sala congressi di Arabba viene organizzata la premiazione della decima edizione del concorso nazionale Mendanze n Poejia. Suoner\u00e0 la banda da Fodom diretta da Giuliano Federa, sketch teatrale dei ragazzi della scuola e consegna dei riconoscimenti alle persone meritevoli. Presenta Gianpaolo Soratroi.<\/p>\n<p>&nbsp;<\/p>\n<p>&nbsp;<\/p>\n<p>&nbsp;<\/p>\n<\/div>\n<p>&nbsp;<\/p>\n<p>&nbsp;<\/p>\n<div data-offset-key=\"frkd2-0-0\">\n<p><strong><a class=\"dt-pswp-item\" href=\"http:\/\/www.radiopiu.net\/wordpress\/wp-content\/uploads\/2019\/09\/autunnoA4.png\" data-dt-img-description=\"\" data-large_image_width=\"1123\" data-large_image_height=\"793\"><img loading=\"lazy\" decoding=\"async\" class=\"size-medium wp-image-98461 alignleft\" src=\"http:\/\/www.radiopiu.net\/wordpress\/wp-content\/uploads\/2019\/09\/autunnoA4-300x212.png\" alt=\"\" width=\"300\" height=\"212\" srcset=\"https:\/\/www.radiopiu.net\/wordpress\/wp-content\/uploads\/2019\/09\/autunnoA4-300x212.png 300w, https:\/\/www.radiopiu.net\/wordpress\/wp-content\/uploads\/2019\/09\/autunnoA4-768x542.png 768w, https:\/\/www.radiopiu.net\/wordpress\/wp-content\/uploads\/2019\/09\/autunnoA4-1024x723.png 1024w, https:\/\/www.radiopiu.net\/wordpress\/wp-content\/uploads\/2019\/09\/autunnoA4.png 1123w\" sizes=\"auto, (max-width: 300px) 100vw, 300px\" \/><\/a><\/strong><\/p>\n<p><strong>LIVINALLONGO<\/strong> Avvicinandoci alla fine della stagione estiva si comunica che il Castello di Andraz sar\u00e0 aperto, dopo il 15 settembre, anche nei seguenti weekend (sabato e domenica): 21-22 e 28-29 settembre, 5-6 e 12-13 ottobre, dalle 10.00 alle 13.00 e dalle 14.30 alle 17.30.<\/p>\n<p>&nbsp;<\/p>\n<p>&nbsp;<\/p>\n<\/div>\n<p>&nbsp;<\/p>\n<p>&nbsp;<\/p>\n<p>&nbsp;<\/p>\n<p>&nbsp;<\/p>\n<div data-offset-key=\"frkd2-0-0\"><\/div>\n<div data-offset-key=\"frkd2-0-0\"><\/div>\n<div data-offset-key=\"frkd2-0-0\">\n<h3>PRESENZE E STORIE DI UN PARCO STORICO MONUMENTALE<\/h3>\n<p><a class=\"dt-pswp-item\" href=\"http:\/\/www.radiopiu.net\/wordpress\/wp-content\/uploads\/2019\/09\/18.jpg\" data-dt-img-description=\"\" data-large_image_width=\"1020\" data-large_image_height=\"680\"><img loading=\"lazy\" decoding=\"async\" class=\"alignnone wp-image-98844\" src=\"http:\/\/www.radiopiu.net\/wordpress\/wp-content\/uploads\/2019\/09\/18-300x200.jpg\" alt=\"\" width=\"210\" height=\"140\" srcset=\"https:\/\/www.radiopiu.net\/wordpress\/wp-content\/uploads\/2019\/09\/18-300x200.jpg 300w, https:\/\/www.radiopiu.net\/wordpress\/wp-content\/uploads\/2019\/09\/18-768x512.jpg 768w, https:\/\/www.radiopiu.net\/wordpress\/wp-content\/uploads\/2019\/09\/18.jpg 1020w\" sizes=\"auto, (max-width: 210px) 100vw, 210px\" \/><\/a><a class=\"dt-pswp-item\" href=\"http:\/\/www.radiopiu.net\/wordpress\/wp-content\/uploads\/2019\/09\/36.jpg\" data-dt-img-description=\"\" data-large_image_width=\"1048\" data-large_image_height=\"786\"><img loading=\"lazy\" decoding=\"async\" class=\"alignnone wp-image-98843\" src=\"http:\/\/www.radiopiu.net\/wordpress\/wp-content\/uploads\/2019\/09\/36-300x225.jpg\" alt=\"\" width=\"186\" height=\"139\" srcset=\"https:\/\/www.radiopiu.net\/wordpress\/wp-content\/uploads\/2019\/09\/36-300x225.jpg 300w, https:\/\/www.radiopiu.net\/wordpress\/wp-content\/uploads\/2019\/09\/36-768x576.jpg 768w, https:\/\/www.radiopiu.net\/wordpress\/wp-content\/uploads\/2019\/09\/36-1024x768.jpg 1024w, https:\/\/www.radiopiu.net\/wordpress\/wp-content\/uploads\/2019\/09\/36.jpg 1048w\" sizes=\"auto, (max-width: 186px) 100vw, 186px\" \/><\/a><\/p>\n<p><strong><a class=\"dt-pswp-item\" href=\"http:\/\/www.radiopiu.net\/wordpress\/wp-content\/uploads\/2019\/09\/facebook_1568526868863-2.jpg\" data-dt-img-description=\"\" data-large_image_width=\"720\" data-large_image_height=\"1017\"><img loading=\"lazy\" decoding=\"async\" class=\"wp-image-98846 alignleft\" src=\"http:\/\/www.radiopiu.net\/wordpress\/wp-content\/uploads\/2019\/09\/facebook_1568526868863-2-212x300.jpg\" alt=\"\" width=\"142\" height=\"201\" srcset=\"https:\/\/www.radiopiu.net\/wordpress\/wp-content\/uploads\/2019\/09\/facebook_1568526868863-2-212x300.jpg 212w, https:\/\/www.radiopiu.net\/wordpress\/wp-content\/uploads\/2019\/09\/facebook_1568526868863-2.jpg 720w\" sizes=\"auto, (max-width: 142px) 100vw, 142px\" \/><\/a>BELLUNO<\/strong> Nel programma della settimana di Azione per il Clima \u00e8 prevista una visita guidata al Parco Storico di Mussoi, il pi\u00f9 grande polmone verde della citt\u00e0 di Belluno, dotato di un\u2019eccezionale quantit\u00e0 e variet\u00e0 di alberi secolari. Il titolo dell\u2019iniziativa ATTENTI A QUEI GIGANTI, luci e ombre nella \u201cselva oscura\u201d \u00e8 indicativo del taglio che verr\u00e0 dato dal naturalista Anacleto Boranga nel condurre i partecipanti, unendo in modo avvincente alla descrizione botanica, simbologie, miti e leggende legate al mondo arboreo. La partecipazione \u00e8 libera e gratuita. Appuntamento domenica alle 10 all\u2019entrata del Parco in via Travazzoi 25. In caso di maltempo l&#8217;evento si terr\u00e0 presso la sala parrocchiale di Mussoi di via Gregorio XVI<\/p>\n<\/div>\n<p>&nbsp;<\/p>\n<p>&nbsp;<\/p>\n<p>&nbsp;<\/p>\n<p>&nbsp;<\/p>\n<p>&nbsp;<\/p>\n<h2>SABATO AL PR RANCH IL SAGGIO A CAVALLO<\/h2>\n<p><strong>LA VALLE<\/strong> Sabato presso gli impianti sportivi il saggio del PR Ranch\u00a0 per dar modo a parenti, amici e\u00a0 tutti gli interessati di poter vedere le giovani atlete agordine all&#8217; opera. Il tema \u00e8 &#8220;NON SOLO VAIA&#8221;<\/p>\n<p>PAGINA FACEBOOK <span style=\"color: #0000ff;\"><strong><a style=\"color: #0000ff;\" href=\"https:\/\/m.facebook.com\/story.php?story_fbid=1397356577083250&amp;id=100004267626931&amp;sfnsn=mo\">CLICCA QUI\u00a0<\/a><\/strong><\/span><\/p>\n<p>&nbsp;<\/p>\n<p>&nbsp;<\/p>\n<h3>CON IL CAI DI AGORDO<\/h3>\n<p>Domenica escursione al bivacco Yale sul Monte Avena a metri 1140, un terrazzo panoramico delle Vette che si affaccia sulla conca feltrina e sa regalare spunti di grande interesse sia paesaggistico che naturalistico. Sulla sua\u00a0costa nel versante sud sorge il Bivacco Yale, posto accogliente, che offre ai\u00a0visitatori una veduta impareggiabile sull\u2019intero massiccio del Monte Grappa.<\/p>\n<h3><\/h3>\n<h3>CON IL CAI DI BELLUNO<\/h3>\n<p>La sezione CAI di Belluno organizza per domenica\u00a0 una\u00a0 gita sul gruppo del Tamer &#8211; San Sebastiano. La partenza in localit\u00e0 Baudon 1180 m lungo la strada per il Passo Duran. Informazioni e iscrizioni presso i lnegozio Mazzonetto in via Vittorio Veneto o al n:\u00a0 334 8338525<\/p>\n<p>&nbsp;<\/p>\n<p>&nbsp;<\/p>\n<p>&nbsp;<\/p>\n<p>&nbsp;<\/p>\n<p>&nbsp;<\/p>\n<h3><a class=\"dt-pswp-item\" href=\"http:\/\/www.radiopiu.net\/wordpress\/wp-content\/uploads\/2018\/09\/sport.jpg\" data-dt-img-description=\"\" data-large_image_width=\"800\" data-large_image_height=\"100\"><img loading=\"lazy\" decoding=\"async\" class=\"aligncenter wp-image-60761 size-full\" src=\"http:\/\/www.radiopiu.net\/wordpress\/wp-content\/uploads\/2018\/09\/sport.jpg\" alt=\"\" width=\"800\" height=\"100\" srcset=\"https:\/\/www.radiopiu.net\/wordpress\/wp-content\/uploads\/2018\/09\/sport.jpg 800w, https:\/\/www.radiopiu.net\/wordpress\/wp-content\/uploads\/2018\/09\/sport-300x38.jpg 300w, https:\/\/www.radiopiu.net\/wordpress\/wp-content\/uploads\/2018\/09\/sport-768x96.jpg 768w\" sizes=\"auto, (max-width: 800px) 100vw, 800px\" \/><\/a><\/h3>\n<p>&nbsp;<\/p>\n<p>&nbsp;<\/p>\n<p>&nbsp;<\/p>\n<h3><\/h3>\n<h2><a class=\"dt-pswp-item\" href=\"http:\/\/www.radiopiu.net\/wordpress\/wp-content\/uploads\/2019\/09\/PRESENTAZIONE-AGORDINA-SQUADRA.jpeg\" data-dt-img-description=\"\" data-large_image_width=\"1416\" data-large_image_height=\"688\"><img loading=\"lazy\" decoding=\"async\" class=\"size-medium wp-image-99257 alignleft\" src=\"http:\/\/www.radiopiu.net\/wordpress\/wp-content\/uploads\/2019\/09\/PRESENTAZIONE-AGORDINA-SQUADRA-300x146.jpeg\" alt=\"\" width=\"300\" height=\"146\" srcset=\"https:\/\/www.radiopiu.net\/wordpress\/wp-content\/uploads\/2019\/09\/PRESENTAZIONE-AGORDINA-SQUADRA-300x146.jpeg 300w, https:\/\/www.radiopiu.net\/wordpress\/wp-content\/uploads\/2019\/09\/PRESENTAZIONE-AGORDINA-SQUADRA-768x373.jpeg 768w, https:\/\/www.radiopiu.net\/wordpress\/wp-content\/uploads\/2019\/09\/PRESENTAZIONE-AGORDINA-SQUADRA-1024x498.jpeg 1024w, https:\/\/www.radiopiu.net\/wordpress\/wp-content\/uploads\/2019\/09\/PRESENTAZIONE-AGORDINA-SQUADRA.jpeg 1416w\" sizes=\"auto, (max-width: 300px) 100vw, 300px\" \/><\/a>PRESENTATA L&#8217;AGORDINA CALCIO, UN GRUPPO COMPATTO CHE PUNTA ALLA SECONDA CATEGORIA E CHE MERITA IL SOSTEGNO DI UNA VALLATA.<\/h2>\n<p>Ieri sera, al Caff\u00e8 Miniere di Agordo, \u00e8 stata presentata la rosa dei giocatori che partecipano al campionato di Terza Categoria con l&#8217;Agordina. La squadra allenata da Marco Lorenzi riparte da zero con l&#8217;obbiettivo di risalire in Seconda Categoria gi\u00e0 in questa stagione. Un obbiettivo che si \u00e8 imposto anche il presidente Cosmo Forcella che ha fatto presente ai suoi uomini che il prossimo anno la societ\u00e0 festegger\u00e0 i 50 anni di attivit\u00e0. Immancabile all&#8217;appuntamento il sindaco di Agordo, Roberto Chissal\u00e8, che tra l&#8217;altro \u00e8 uno dei primi tifosi della squadra.<\/p>\n<h3>DIRETTA FACEBOOK RADIO PIU<\/h3>\n<div id=\"fb-root\"><\/div>\n<p><script async=\"1\" defer=\"1\" crossorigin=\"anonymous\" src=\"https:\/\/connect.facebook.net\/it_IT\/sdk.js#xfbml=1&amp;version=v6.0\"><\/script><\/p>\n<div class=\"fb-video\" data-href=\"https:\/\/www.facebook.com\/mirko.mezzacasa\/videos\/10220794964610788\/\" data-width=\"1200\">\n<blockquote cite=\"https:\/\/www.facebook.com\/mirko.mezzacasa\/videos\/10220794964610788\/\" class=\"fb-xfbml-parse-ignore\"><p><a href=\"https:\/\/www.facebook.com\/mirko.mezzacasa\/videos\/10220794964610788\/\"><\/a><\/p>\n<p>Agordo Miniere presentazione AGORDINA CALCIO 2019NONOSTANTE LA TESTATA RADIO PIU SIA IN REGOLA CON I PAGAMENTI SIAE E SCF, FACEBOOK HA AZZERATO L&#039;AUDIO NELLE PARTI MUSICALI LASCIANDO SOLO IL PARLATO. LA PRESENTAZIONE IN AUDIO INZIA AL MINUTO 3 29<\/p>\n<p>Pubblicato da <a href=\"https:\/\/www.facebook.com\/mirko.mezzacasa\">Mirko Mezzacasa<\/a> su Gioved\u00ec 19 settembre 2019<\/p><\/blockquote>\n<\/div>\n<p><strong><a class=\"dt-pswp-item\" href=\"http:\/\/www.radiopiu.net\/wordpress\/wp-content\/uploads\/2019\/09\/PRESENTAZIONE-AGORDINA-SINDACO.jpeg\" data-dt-img-description=\"\" data-large_image_width=\"688\" data-large_image_height=\"1416\"><img loading=\"lazy\" decoding=\"async\" class=\"size-medium wp-image-99264 alignleft\" src=\"http:\/\/www.radiopiu.net\/wordpress\/wp-content\/uploads\/2019\/09\/PRESENTAZIONE-AGORDINA-SINDACO-146x300.jpeg\" alt=\"\" width=\"146\" height=\"300\" srcset=\"https:\/\/www.radiopiu.net\/wordpress\/wp-content\/uploads\/2019\/09\/PRESENTAZIONE-AGORDINA-SINDACO-146x300.jpeg 146w, https:\/\/www.radiopiu.net\/wordpress\/wp-content\/uploads\/2019\/09\/PRESENTAZIONE-AGORDINA-SINDACO-498x1024.jpeg 498w, https:\/\/www.radiopiu.net\/wordpress\/wp-content\/uploads\/2019\/09\/PRESENTAZIONE-AGORDINA-SINDACO.jpeg 688w\" sizes=\"auto, (max-width: 146px) 100vw, 146px\" \/><\/a><\/strong><\/p>\n<p>&nbsp;<\/p>\n<p>&nbsp;<\/p>\n<p>&nbsp;<\/p>\n<p>&nbsp;<\/p>\n<p>&nbsp;<\/p>\n<p>&nbsp;<\/p>\n<p>&nbsp;<\/p>\n<p>&nbsp;<\/p>\n<p><strong>ROBERTO CHISSALE&#8217;, SINDACO DI AGORDO<\/strong><\/p>\n<audio class=\"wp-audio-shortcode\" id=\"audio-99189-9\" preload=\"none\" style=\"width: 100%;\" controls=\"controls\"><source type=\"audio\/mpeg\" src=\"http:\/\/www.radiopiu.net\/wordpress\/wp-content\/uploads\/2019\/09\/PRESENTAZIONE-AGORDINA-2019-2020-ROBERTO-CHISSALE.mp3?_=9\" \/><a href=\"http:\/\/www.radiopiu.net\/wordpress\/wp-content\/uploads\/2019\/09\/PRESENTAZIONE-AGORDINA-2019-2020-ROBERTO-CHISSALE.mp3\">http:\/\/www.radiopiu.net\/wordpress\/wp-content\/uploads\/2019\/09\/PRESENTAZIONE-AGORDINA-2019-2020-ROBERTO-CHISSALE.mp3<\/a><\/audio>\n<p>&nbsp;<\/p>\n<p><strong><a class=\"dt-pswp-item\" href=\"http:\/\/www.radiopiu.net\/wordpress\/wp-content\/uploads\/2019\/09\/PRESENTAZIONE-AGORDINA-BIEN.jpeg\" data-dt-img-description=\"\" data-large_image_width=\"688\" data-large_image_height=\"1416\"><img loading=\"lazy\" decoding=\"async\" class=\"size-medium wp-image-99265 alignleft\" src=\"http:\/\/www.radiopiu.net\/wordpress\/wp-content\/uploads\/2019\/09\/PRESENTAZIONE-AGORDINA-BIEN-146x300.jpeg\" alt=\"\" width=\"146\" height=\"300\" srcset=\"https:\/\/www.radiopiu.net\/wordpress\/wp-content\/uploads\/2019\/09\/PRESENTAZIONE-AGORDINA-BIEN-146x300.jpeg 146w, https:\/\/www.radiopiu.net\/wordpress\/wp-content\/uploads\/2019\/09\/PRESENTAZIONE-AGORDINA-BIEN-498x1024.jpeg 498w, https:\/\/www.radiopiu.net\/wordpress\/wp-content\/uploads\/2019\/09\/PRESENTAZIONE-AGORDINA-BIEN.jpeg 688w\" sizes=\"auto, (max-width: 146px) 100vw, 146px\" \/><\/a><\/strong><\/p>\n<p>&nbsp;<\/p>\n<p>&nbsp;<\/p>\n<p>&nbsp;<\/p>\n<p>&nbsp;<\/p>\n<p>&nbsp;<\/p>\n<p>&nbsp;<\/p>\n<p>&nbsp;<\/p>\n<p>&nbsp;<\/p>\n<p>&nbsp;<\/p>\n<p><strong>CRISTINA BIEN, ASSESSORE ALLO SPORT COMUNE DI AGORDO<\/strong><\/p>\n<audio class=\"wp-audio-shortcode\" id=\"audio-99189-10\" preload=\"none\" style=\"width: 100%;\" controls=\"controls\"><source type=\"audio\/mpeg\" src=\"http:\/\/www.radiopiu.net\/wordpress\/wp-content\/uploads\/2019\/09\/PRESENTAZIONE-AGORDINA-2019-2020-CRISTIAN-BIEN.mp3?_=10\" \/><a href=\"http:\/\/www.radiopiu.net\/wordpress\/wp-content\/uploads\/2019\/09\/PRESENTAZIONE-AGORDINA-2019-2020-CRISTIAN-BIEN.mp3\">http:\/\/www.radiopiu.net\/wordpress\/wp-content\/uploads\/2019\/09\/PRESENTAZIONE-AGORDINA-2019-2020-CRISTIAN-BIEN.mp3<\/a><\/audio>\n<p>&nbsp;<\/p>\n<p><strong><a class=\"dt-pswp-item\" href=\"http:\/\/www.radiopiu.net\/wordpress\/wp-content\/uploads\/2019\/09\/PRESENTAZIONE-AGORDINA-COSMO.jpeg\" data-dt-img-description=\"\" data-large_image_width=\"688\" data-large_image_height=\"1416\"><img loading=\"lazy\" decoding=\"async\" class=\"size-medium wp-image-99262 alignleft\" src=\"http:\/\/www.radiopiu.net\/wordpress\/wp-content\/uploads\/2019\/09\/PRESENTAZIONE-AGORDINA-COSMO-146x300.jpeg\" alt=\"\" width=\"146\" height=\"300\" srcset=\"https:\/\/www.radiopiu.net\/wordpress\/wp-content\/uploads\/2019\/09\/PRESENTAZIONE-AGORDINA-COSMO-146x300.jpeg 146w, https:\/\/www.radiopiu.net\/wordpress\/wp-content\/uploads\/2019\/09\/PRESENTAZIONE-AGORDINA-COSMO-498x1024.jpeg 498w, https:\/\/www.radiopiu.net\/wordpress\/wp-content\/uploads\/2019\/09\/PRESENTAZIONE-AGORDINA-COSMO.jpeg 688w\" sizes=\"auto, (max-width: 146px) 100vw, 146px\" \/><\/a><\/strong><\/p>\n<p>&nbsp;<\/p>\n<p>&nbsp;<\/p>\n<p>&nbsp;<\/p>\n<p>&nbsp;<\/p>\n<p>&nbsp;<\/p>\n<p>&nbsp;<\/p>\n<p>&nbsp;<\/p>\n<p>&nbsp;<\/p>\n<p><strong>COSMO FORCELLA, PRESIDENTE DELL&#8217;AGORDINA<\/strong><\/p>\n<audio class=\"wp-audio-shortcode\" id=\"audio-99189-11\" preload=\"none\" style=\"width: 100%;\" controls=\"controls\"><source type=\"audio\/mpeg\" src=\"http:\/\/www.radiopiu.net\/wordpress\/wp-content\/uploads\/2019\/09\/PRESENTAZIONE-AGORDINA-2019-2020-COSMO-FORCELLA.mp3?_=11\" \/><a href=\"http:\/\/www.radiopiu.net\/wordpress\/wp-content\/uploads\/2019\/09\/PRESENTAZIONE-AGORDINA-2019-2020-COSMO-FORCELLA.mp3\">http:\/\/www.radiopiu.net\/wordpress\/wp-content\/uploads\/2019\/09\/PRESENTAZIONE-AGORDINA-2019-2020-COSMO-FORCELLA.mp3<\/a><\/audio>\n<p>&nbsp;<\/p>\n<p>&nbsp;<\/p>\n<h2>PESCA ALLA TROTA, 14 CAMPIONATO ITALIANO A COPPIE<\/h2>\n<p><strong><a class=\"dt-pswp-item\" href=\"http:\/\/www.radiopiu.net\/wordpress\/wp-content\/uploads\/2019\/04\/Gara-pesca-a-spinning-a-squadre-trota-fario.jpg\" data-dt-img-description=\"\" data-large_image_width=\"1599\" data-large_image_height=\"1200\"><img loading=\"lazy\" decoding=\"async\" class=\" wp-image-82704 alignleft\" src=\"http:\/\/www.radiopiu.net\/wordpress\/wp-content\/uploads\/2019\/04\/Gara-pesca-a-spinning-a-squadre-trota-fario-300x225.jpg\" alt=\"\" width=\"133\" height=\"100\" srcset=\"https:\/\/www.radiopiu.net\/wordpress\/wp-content\/uploads\/2019\/04\/Gara-pesca-a-spinning-a-squadre-trota-fario-300x225.jpg 300w, https:\/\/www.radiopiu.net\/wordpress\/wp-content\/uploads\/2019\/04\/Gara-pesca-a-spinning-a-squadre-trota-fario-768x576.jpg 768w, https:\/\/www.radiopiu.net\/wordpress\/wp-content\/uploads\/2019\/04\/Gara-pesca-a-spinning-a-squadre-trota-fario-1024x768.jpg 1024w, https:\/\/www.radiopiu.net\/wordpress\/wp-content\/uploads\/2019\/04\/Gara-pesca-a-spinning-a-squadre-trota-fario.jpg 1599w\" sizes=\"auto, (max-width: 133px) 100vw, 133px\" \/><\/a>ALLEGHE<\/strong> L&#8217;Apsd di Cencenighe organizza le gare di pesca alla trota valide per il 14esimo campionato italiano a coppie con esche artificiali da Riva. E&#8217; in programma per sabato e domenica. Gi\u00e0 oggi composizione dei settori all&#8217;Hotel Dolomiti di Cencenighe e nel pomeriggio immissione del pesce sul campo di gara di Caprile dalle 18. SABATO alle 6.30 ritrovo a Cencenighe, 8 inizio prima prova che terminer\u00e0 alle 11, alle 14.30 composizione settori e immissione trote. DOMENICA 6.30 ritrovo a Cencenighe, 8 inizio seconda prova che terminer\u00e0 sempre alle 11, alle 13 esposizione classifiche, premiazione e cerimonia di chiusura al Nof Filo&#8217; di Cencenighe<\/p>\n<p>&nbsp;<\/p>\n<p>&nbsp;<\/p>\n<h2>Sabato 21 settembre presentazione #AllegheHockey\u00a0 Prevendita abbonamenti per la stagione ItalianHL 2019\/20. GRILL &amp;\u00a0 Party\u00a0 AllegheHockey vs HC Merano.. DOVE RINASCE L&#8217;HOCKEY!<\/h2>\n<div id=\"fb-root\"><\/div>\n<p><script async=\"1\" defer=\"1\" crossorigin=\"anonymous\" src=\"https:\/\/connect.facebook.net\/it_IT\/sdk.js#xfbml=1&amp;version=v6.0\"><\/script><\/p>\n<div class=\"fb-video\" data-href=\"https:\/\/www.facebook.com\/AllegheHockey\/videos\/380589345953351\/\" data-width=\"1200\">\n<blockquote cite=\"https:\/\/www.facebook.com\/AllegheHockey\/videos\/380589345953351\/\" class=\"fb-xfbml-parse-ignore\"><p><a href=\"https:\/\/www.facebook.com\/AllegheHockey\/videos\/380589345953351\/\"><\/a><\/p>\n<p>Sabato 21 settembre #presentazione #AllegheHockey! Prevendita abbonamenti per la #stagione #ItalianHL 2019\/20..#GRILL &amp; #Party  + #AllegheHockey vs HC Meran\/o..VI ASPETTIAMO DOVE RINASCE L&#039;HOCKEY!<\/p>\n<p>Pubblicato da <a href=\"https:\/\/www.facebook.com\/AllegheHockey\/\">Alleghe Hockey<\/a> su Sabato 14 settembre 2019<\/p><\/blockquote>\n<\/div>\n<p>&nbsp;<\/p>\n<p>&nbsp;<\/p>\n<h2>SPORT IN PIAZZA E UN CONVEGNO CON LUCA SPECIANI<\/h2>\n<p><b><a class=\"dt-pswp-item\" href=\"http:\/\/www.radiopiu.net\/wordpress\/wp-content\/uploads\/2019\/09\/news3226_big.jpg\" data-dt-img-description=\"\" data-large_image_width=\"469\" data-large_image_height=\"327\"><img loading=\"lazy\" decoding=\"async\" class=\" wp-image-99278 alignleft\" src=\"http:\/\/www.radiopiu.net\/wordpress\/wp-content\/uploads\/2019\/09\/news3226_big-300x209.jpg\" alt=\"\" width=\"238\" height=\"166\" srcset=\"https:\/\/www.radiopiu.net\/wordpress\/wp-content\/uploads\/2019\/09\/news3226_big-300x209.jpg 300w, https:\/\/www.radiopiu.net\/wordpress\/wp-content\/uploads\/2019\/09\/news3226_big.jpg 469w\" sizes=\"auto, (max-width: 238px) 100vw, 238px\" \/><\/a>BELLUNO\u00a0 <\/b><strong>Si celebra in tutta Europa del 23 al 30 settembre la Settimana Europea dello sport e anche il Comune di Belluno entra nel calendario nazionale delle iniziative legate all&#8217;evento, previsto dalla Commissione Europea sulla base del Piano di lavoro UE per lo sport 2017-2020.\u00a0 <\/strong><strong>Puntuale come tutti gli anni, torna \u201cSport in piazza\u201d, l&#8217;iniziativa che consente a bambini e ragazzi di avvicinarsi e provare le attivit\u00e0 sportive, anche quelle meno conosciute. <\/strong><strong>Sabato 28, dalle 9.00 alle 13.00 e dalle 15.00 alle 17.30, e domenica 29 settembre, dalle 9.00 alle 13.00 e dalle 14.30 alle 18.00, saranno una trentina le associazioni sportive che con i loro stand animeranno le piazze e i parchi del centro citt\u00e0; tra le novit\u00e0 del 2019, ci sar\u00e0 anche una postazione dedicata allo skiroll. <\/strong><strong>Nel pomeriggio di sabato 28, inoltre, la Polizia Locale sar\u00e0 presente con un suo spazio per sensibilizzare i pi\u00f9 giovani al tema della sicurezza stradale. <\/strong><strong>Confermato il format che negli anni si \u00e8 dimostrato vincente; per partecipare, baster\u00e0 iscriversi allo stand appositamente allestito in Piazza Duomo, all&#8217;uscita delle scale mobili, e ritirare il modulo da timbrare. Gli sportivi che sperimenteranno almeno 10 specialit\u00e0, \u201ccertificandolo\u201d con il timbro, riceveranno la maglietta ricordo della manifestazione. <\/strong><strong>Sabato 28, con inizio alle 20.00 in Sala Bianchi\u201d, si terr\u00e0 poi il convegno \u201cEticamente sport. Il valore dell&#8217;alimentazione\u201d. <\/strong><strong>Ospite della serata sar\u00e0 Luca Speciani, medico e dottore in Scienze Agrarie, docente di master universitari, presidente di AMPAS\u00a0 &#8211; Associazione Medici Per un&#8217;Alimentazione di Segnale, creatore di DietaGIFT,\u00a0 maratoneta, trailer, triatleta e responsabile medico nutrizionale della nazionale di ultramaratona.<\/strong><\/p>\n<p>&nbsp;<\/p>\n<p>&nbsp;<\/p>\n<p>&nbsp;<\/p>\n<p><a class=\"dt-pswp-item\" href=\"http:\/\/www.radiopiu.net\/wordpress\/wp-content\/uploads\/2018\/09\/WhatsApp-Image-2018-09-20-at-16.04.06.jpeg\" data-dt-img-description=\"\" data-large_image_width=\"800\" data-large_image_height=\"100\"><img loading=\"lazy\" decoding=\"async\" class=\"aligncenter wp-image-61378 size-full\" src=\"http:\/\/www.radiopiu.net\/wordpress\/wp-content\/uploads\/2018\/09\/WhatsApp-Image-2018-09-20-at-16.04.06.jpeg\" alt=\"\" width=\"800\" height=\"100\" srcset=\"https:\/\/www.radiopiu.net\/wordpress\/wp-content\/uploads\/2018\/09\/WhatsApp-Image-2018-09-20-at-16.04.06.jpeg 800w, https:\/\/www.radiopiu.net\/wordpress\/wp-content\/uploads\/2018\/09\/WhatsApp-Image-2018-09-20-at-16.04.06-300x38.jpeg 300w, https:\/\/www.radiopiu.net\/wordpress\/wp-content\/uploads\/2018\/09\/WhatsApp-Image-2018-09-20-at-16.04.06-768x96.jpeg 768w\" sizes=\"auto, (max-width: 800px) 100vw, 800px\" \/><\/a><\/p>\n<p>&nbsp;<\/p>\n<p>&nbsp;<\/p>\n<p><center><b>Venerdi 20<\/b><\/center><b>Tempo atteso: <\/b>Tempo perlopi\u00f9 soleggiato e stabile, con qualche banco di nubi basse all&#8217;alba su alcuni settori prealpini, in rapido dissolvimento. Al pomeriggio molto soleggiato con modesti cumuli diurni, quasi del tutto assenti sulle Dolomiti. Clima fresco al mattino, anche di giorno nonostante il buon soleggiamento.<br \/>\n<b>Precipitazioni: <\/b>Assenti (0%).<br \/>\n<b>Temperature: <\/b>Minime in calo e massime stazionarie. Su Prealpi a 1500 m min 6\u00b0C max 11\u00b0C, a 2000 m min 4\u00b0C max 8\u00b0C. Su Dolomiti a 2000 m min 5\u00b0C max 10\u00b0C, a 3000 m min 1\u00b0C max 5\u00b0C.<br \/>\n<b>Venti: <\/b>Nelle valli perlopi\u00f9 deboli a regime di brezza; in quota deboli\/moderati da Nord Nord-Ovest, a 5-15 km\/h a 2000 m, 15-25 km\/h a 3000 m.<\/p>\n<hr \/>\n<p><center><b>Sabato 21<\/b><\/center><b>Tempo atteso: <\/b>Tempo ben soleggiato con cielo terso, aria limpida ed ottima visibilit\u00e0; eventuali cumuli diurni rimarranno molto modesti e non limiteranno il soleggiamento. Verso sera ingresso di sottili nubi alte da Ovest. Clima sempre fresco al primo mattino e un po&#8217; pi\u00f9 mite di giorno, con forte escursione termica giornaliera nelle valli.<br \/>\n<b>Precipitazioni: <\/b>Assenti (0%).<br \/>\n<b>Temperature: <\/b>Minime in lieve calo nelle valli e in rialzo in quota; massime in ripresa. Su Prealpi a 1500 m min 9\u00b0C max 14\u00b0C, a 2000 m min 7\u00b0C max 10\u00b0C. Su Dolomiti a 2000 m min 6\u00b0C max 12\u00b0C, a 3000 m min 4\u00b0C max 6\u00b0C.<br \/>\n<b>Venti: <\/b>Nelle valli perlopi\u00f9 deboli a regime di brezza; in quota deboli\/moderati in rotazione da Nord-Ovest a Sud-Ovest, a 5-15 km\/h a 2000 m, 10-25 km\/h a 3000 m.<\/p>\n<hr \/>\n<p><center><b>Domenica 22<\/b><\/center>Tempo piuttosto soleggiato al mattino, con tendenza ad aumento della copertura per nubi alte. Al pomeriggio, e soprattutto verso sera, ulteriore aumento della nuvolosit\u00e0 da Ovest, anche per nubi basse, fino a cielo molto nuvoloso, con possibili primi rovesci ad iniziare dalle Prealpi veronesi e vicentine, in estensione alla provincia di Belluno in serata\/notte. Temperature in lieve rialzo nonostante il minore soleggiamento. Venti moderati sud-occidentali in quota, anche tesi ad alta quota.<\/p>\n<hr \/>\n<p><center><b>Lunedi 23<\/b><\/center>Possibili condizioni di tempo instabile, a tratti perturbato, con cielo perlopi\u00f9 molto nuvoloso e rovesci a tratti diffusi. Clima diurno decisamente pi\u00f9 fresco. Previsore: G.M.<\/p>\n","protected":false},"excerpt":{"rendered":"<p>&nbsp; PROVINCIALE VALLE DEL MIS, FINO AL 4 OTTOBRE INTERDIZIONE TOTALE AL TRANSITO TRA TITELE E CALIFORNIA, ECCETTO RESIDENTI. GOSALDO Per chiarezza: E&#8217; chiusa una strada secondaria.. praticamente dopo la frazione Bitti c&#8217;\u00e8 un ponte che gira a destra per l&#8217;abitato di California, strada sterrata.. in poche parole da dopo il ponte devono asfaltare la&hellip;<\/p>\n","protected":false},"author":1,"featured_media":99204,"comment_status":"closed","ping_status":"closed","sticky":false,"template":"","format":"standard","meta":{"_monsterinsights_skip_tracking":false,"_monsterinsights_sitenote_active":false,"_monsterinsights_sitenote_note":"","_monsterinsights_sitenote_category":0,"footnotes":""},"categories":[86],"tags":[],"class_list":["post-99189","post","type-post","status-publish","format-standard","has-post-thumbnail","hentry","category-gr","category-86","description-off"],"img_url":"https:\/\/www.radiopiu.net\/wordpress\/wp-content\/uploads\/2019\/09\/70391710_10220791846652841_8681494447118090240_n.jpg","_links":{"self":[{"href":"https:\/\/www.radiopiu.net\/wordpress\/wp-json\/wp\/v2\/posts\/99189","targetHints":{"allow":["GET"]}}],"collection":[{"href":"https:\/\/www.radiopiu.net\/wordpress\/wp-json\/wp\/v2\/posts"}],"about":[{"href":"https:\/\/www.radiopiu.net\/wordpress\/wp-json\/wp\/v2\/types\/post"}],"author":[{"embeddable":true,"href":"https:\/\/www.radiopiu.net\/wordpress\/wp-json\/wp\/v2\/users\/1"}],"replies":[{"embeddable":true,"href":"https:\/\/www.radiopiu.net\/wordpress\/wp-json\/wp\/v2\/comments?post=99189"}],"version-history":[{"count":0,"href":"https:\/\/www.radiopiu.net\/wordpress\/wp-json\/wp\/v2\/posts\/99189\/revisions"}],"wp:featuredmedia":[{"embeddable":true,"href":"https:\/\/www.radiopiu.net\/wordpress\/wp-json\/wp\/v2\/media\/99204"}],"wp:attachment":[{"href":"https:\/\/www.radiopiu.net\/wordpress\/wp-json\/wp\/v2\/media?parent=99189"}],"wp:term":[{"taxonomy":"category","embeddable":true,"href":"https:\/\/www.radiopiu.net\/wordpress\/wp-json\/wp\/v2\/categories?post=99189"},{"taxonomy":"post_tag","embeddable":true,"href":"https:\/\/www.radiopiu.net\/wordpress\/wp-json\/wp\/v2\/tags?post=99189"}],"curies":[{"name":"wp","href":"https:\/\/api.w.org\/{rel}","templated":true}]}}