{"id":99208,"date":"2019-09-19T23:59:03","date_gmt":"2019-09-19T21:59:03","guid":{"rendered":"http:\/\/www.radiopiu.net\/wordpress\/?p=99208"},"modified":"2019-09-20T05:47:25","modified_gmt":"2019-09-20T03:47:25","slug":"nel-ricordo-di-floriano-pra-e-delle-sue-battaglie-per-evitare-lisolamento-dellagordino","status":"publish","type":"post","link":"https:\/\/www.radiopiu.net\/wordpress\/nel-ricordo-di-floriano-pra-e-delle-sue-battaglie-per-evitare-lisolamento-dellagordino\/","title":{"rendered":"NEL RICORDO DI FLORIANO PRA E DELLE SUE BATTAGLIE PER EVITARE L&#8217;ISOLAMENTO DELL&#8217;AGORDINO."},"content":{"rendered":"<p><strong>TAIBON<\/strong> In questi giorni si siamo occupati di viabilit\u00e0 lungo la regionale 203 agordina, abbiamo ricordato l&#8217;impegno di Floriano Pra per la realizzazione della galleria artificiale al Ponte del Cristo che per la cronaca sta perdendo i pezzi come abbiamo documentato con foto e video: quei legni marci che contengono il materiale &#8220;materasso&#8221; proprio\u00a0 sopra la testa di chi vi transita. Abbiamo chiamato in causa il compianto assessore regionale anche a proposito della galleria di Listolade che sostitu\u00ec la vecchia regionale 203 agordina chiusa nel 1995 quando dopo un incontro a palazzo Balbi si decise di mettere mano all&#8217;altra strada in riva al Cordevole in parte spazzata via dalla forza di Vaia, <a class=\"dt-pswp-item\" href=\"http:\/\/www.radiopiu.net\/wordpress\/wp-content\/uploads\/2017\/11\/Floriano-Pra.jpg\" data-dt-img-description=\"\" data-large_image_width=\"1011\" data-large_image_height=\"1437\"><img loading=\"lazy\" decoding=\"async\" class=\" wp-image-39073 alignleft\" src=\"http:\/\/www.radiopiu.net\/wordpress\/wp-content\/uploads\/2017\/11\/Floriano-Pra-211x300.jpg\" alt=\"\" width=\"161\" height=\"229\" \/><\/a>da allora nessuno ha spostato un sasso o un albero, piuttosto \u00e8 stata chiusa con barriere in cemento. Sono molti i commenti a margine dei nostri servizi, abbiamo deciso di pubblicarne uno di significativo di Tiziano De Col, gi\u00e0 sindaco di La Valle e assessore nell&#8217;allora Comunit\u00e0 Montana Agordina accanto al presidente Rizieri Ongaro.<\/p>\n<blockquote><p><strong>Quando l&#8217;autolesionismo di comunit\u00e0 pu\u00f2 diventare materia di studio<\/strong><\/p>\n<p><em>&#8220;Hai perfettamente ragione che l&#8217;Agordino non \u00e8 pi\u00f9 rappresentato come lo rappresentava Floriano Pra, ma \u00e8 giusto ricordare che l&#8217;hobby preferito in vallata \u00e8 quello di mettere al muro sistematicamente le persone che riescono ad emergere politicamente e amministrativamente. Come esempio vale proprio quello di Floriano che alle comunali del 2009 (al canto di bandiera rossa) incass\u00f2 34 voti, neanche quelli di quanti lavoravano per lui. Con quanto aveva fatto per Alleghe e per l&#8217;Agordino. \u00a0Certo che anche il rifugiarsi nei miti a fronte della pochezza attuale pu\u00f2 essere di conforto ma non \u00e8 certamente risolutivo. Serve semplicemente a fare emergere e cercare di capire certe dinamiche sociali non proprio ottimali a fronte delle difficolt\u00e0 oggettive del nostro territorio. <\/em><strong>Tiziano<\/strong><\/p><\/blockquote>\n<p>&nbsp;<\/p>\n<p>&nbsp;<\/p>\n","protected":false},"excerpt":{"rendered":"<p>TAIBON In questi giorni si siamo occupati di viabilit\u00e0 lungo la regionale 203 agordina, abbiamo ricordato l&#8217;impegno di Floriano Pra per la realizzazione della galleria artificiale al Ponte del Cristo che per la cronaca sta perdendo i pezzi come abbiamo documentato con foto e video: quei legni marci che contengono il materiale &#8220;materasso&#8221; proprio\u00a0 sopra&hellip;<\/p>\n","protected":false},"author":1,"featured_media":0,"comment_status":"closed","ping_status":"closed","sticky":false,"template":"","format":"standard","meta":{"_monsterinsights_skip_tracking":false,"_monsterinsights_sitenote_active":false,"_monsterinsights_sitenote_note":"","_monsterinsights_sitenote_category":0,"footnotes":""},"categories":[103,49],"tags":[],"class_list":["post-99208","post","type-post","status-publish","format-standard","hentry","category-evidenza_2","category-news-18","category-103","category-49","description-off"],"img_url":false,"_links":{"self":[{"href":"https:\/\/www.radiopiu.net\/wordpress\/wp-json\/wp\/v2\/posts\/99208","targetHints":{"allow":["GET"]}}],"collection":[{"href":"https:\/\/www.radiopiu.net\/wordpress\/wp-json\/wp\/v2\/posts"}],"about":[{"href":"https:\/\/www.radiopiu.net\/wordpress\/wp-json\/wp\/v2\/types\/post"}],"author":[{"embeddable":true,"href":"https:\/\/www.radiopiu.net\/wordpress\/wp-json\/wp\/v2\/users\/1"}],"replies":[{"embeddable":true,"href":"https:\/\/www.radiopiu.net\/wordpress\/wp-json\/wp\/v2\/comments?post=99208"}],"version-history":[{"count":0,"href":"https:\/\/www.radiopiu.net\/wordpress\/wp-json\/wp\/v2\/posts\/99208\/revisions"}],"wp:attachment":[{"href":"https:\/\/www.radiopiu.net\/wordpress\/wp-json\/wp\/v2\/media?parent=99208"}],"wp:term":[{"taxonomy":"category","embeddable":true,"href":"https:\/\/www.radiopiu.net\/wordpress\/wp-json\/wp\/v2\/categories?post=99208"},{"taxonomy":"post_tag","embeddable":true,"href":"https:\/\/www.radiopiu.net\/wordpress\/wp-json\/wp\/v2\/tags?post=99208"}],"curies":[{"name":"wp","href":"https:\/\/api.w.org\/{rel}","templated":true}]}}