{"id":99220,"date":"2019-09-19T15:31:12","date_gmt":"2019-09-19T13:31:12","guid":{"rendered":"http:\/\/www.radiopiu.net\/wordpress\/?p=99220"},"modified":"2019-09-19T15:31:12","modified_gmt":"2019-09-19T13:31:12","slug":"settimana-della-mobilita-feltre-protagonista","status":"publish","type":"post","link":"https:\/\/www.radiopiu.net\/wordpress\/settimana-della-mobilita-feltre-protagonista\/","title":{"rendered":"SETTIMANA DELLA MOBILITA&#8217;, FELTRE PROTAGONISTA"},"content":{"rendered":"<p><strong><a class=\"dt-pswp-item\" href=\"http:\/\/www.radiopiu.net\/wordpress\/wp-content\/uploads\/2019\/09\/IMG_20190919_125934.jpg\" data-dt-img-description=\"\" data-large_image_width=\"4000\" data-large_image_height=\"3000\"><img loading=\"lazy\" decoding=\"async\" class=\"size-medium wp-image-99221 alignleft\" src=\"http:\/\/www.radiopiu.net\/wordpress\/wp-content\/uploads\/2019\/09\/IMG_20190919_125934-300x225.jpg\" alt=\"\" width=\"300\" height=\"225\" srcset=\"https:\/\/www.radiopiu.net\/wordpress\/wp-content\/uploads\/2019\/09\/IMG_20190919_125934-300x225.jpg 300w, https:\/\/www.radiopiu.net\/wordpress\/wp-content\/uploads\/2019\/09\/IMG_20190919_125934-768x576.jpg 768w, https:\/\/www.radiopiu.net\/wordpress\/wp-content\/uploads\/2019\/09\/IMG_20190919_125934-1024x768.jpg 1024w\" sizes=\"auto, (max-width: 300px) 100vw, 300px\" \/><\/a>FELTRE<\/strong>\u00a0 E\u2019 la \u201cmobilit\u00e0 attiva\u201d il tema dell\u2019edizione 2019 della Settimana Europea della Mobilit\u00e0. Quest\u2019anno il focus \u00e8 dunque puntato principalmente sulla sicurezza del camminare e della bicicletta e sui vantaggi che forme di mobilit\u00e0 attive hanno per la nostra salute, il nostro ambiente e il nostro conto in banca! Il Comune di Feltre aderisce convintamente alla manifestazione, anche con alcune iniziative di particolare rilievo.\u00a0 Anzitutto con il patrocinio dato all&#8217;evento &#8220;LA GRANDE PEDALATA DELLA VAL BELLUNA&#8221; in programma domenica 22 settembre. La manifestazione ha lo scopo di promuovere il nostro territorio ed aprirlo al cicloturismo, una forma di turismo eco-sostenibile in enorme espansione, oltre a favorire l&#8217;intermodalit\u00e0 treno-bicicletta per gli spostamenti quotidiani casa-lavoro, casa-scuola, casa-shopping. Feltre ospiter\u00e0 in questa occasione anche il pasta party previsto per le 12.30e realizzato dall\u2019Enaip, all\u2019arrivo della carovana su due ruote che giunger\u00e0 da Belluno lungo la destra Piave.<br \/>\nPer chi volesse partire dal capoluogo alle 07.30, sar\u00e0 anche disponibile nel piazzale della stazione di Feltre un pullman con carrello-bici per il trasporto dei ciclisti fino a Belluno. Per iscriversi \u00e8 sufficiente entrare nel sito di FIAB Belluno www.bellunoinbici.it. In occasione della Settimana della Mobilit\u00e0 prende avvio anche il servizio di bike sharing con biciclette a pedalata assistita allestito in Pr\u00e0 del Moro e presentato alcune settimane fa. La cura del noleggio, con le informazioni agli utenti e il controllo sui materiali, \u00e8 stata affidata alla cooperativa Elementa, che gestisce l\u2019area di Pr\u00e0 del Moro. Come annunciato, il noleggio avviene in maniera completamente digitale, tramite l\u2019utilizzo di una smart card ricaricabile.<\/p>\n<blockquote><p><em> \u201cLa Settimana delle Mobilit\u00e0 rappresenta un\u2019occasione importante per promuovere stili e modelli nuovi per gli spostamenti, soprattutto in ambiente urbano\u201d, sottolinea l\u2019assessore Valter Bonan. \u201cLe politiche della nostra amministrazione sono improntate da anni, su questa progressiva conversione della mobilit\u00e0 in chiave di sostenibilit\u00e0 sia nell&#8217;ambito della fruizione turistica lenta del territorio che negli spostamenti quotidiani della nostra comunit\u00e0. Siamo impegnati nel miglioramento e nell\u2019ampliamento della ciclabilit\u00e0 urbana con miglioramento della sicurezza e nuove connessioni della rete come testimonia anche l\u2019apertura, nei giorni scorsi, del nuovo tratto lungo via Mengotti. Muoversi a piedi o in bici fa bene non solo all&#8217;ambiente ma anche al nostro ben\/essere\u201d!, conclude Bonan.<\/em><\/p><\/blockquote>\n","protected":false},"excerpt":{"rendered":"<p>FELTRE\u00a0 E\u2019 la \u201cmobilit\u00e0 attiva\u201d il tema dell\u2019edizione 2019 della Settimana Europea della Mobilit\u00e0. Quest\u2019anno il focus \u00e8 dunque puntato principalmente sulla sicurezza del camminare e della bicicletta e sui vantaggi che forme di mobilit\u00e0 attive hanno per la nostra salute, il nostro ambiente e il nostro conto in banca! Il Comune di Feltre aderisce&hellip;<\/p>\n","protected":false},"author":1,"featured_media":99221,"comment_status":"closed","ping_status":"closed","sticky":false,"template":"","format":"standard","meta":{"_monsterinsights_skip_tracking":false,"_monsterinsights_sitenote_active":false,"_monsterinsights_sitenote_note":"","_monsterinsights_sitenote_category":0,"footnotes":""},"categories":[49],"tags":[],"class_list":["post-99220","post","type-post","status-publish","format-standard","has-post-thumbnail","hentry","category-news-18","category-49","description-off"],"img_url":"https:\/\/www.radiopiu.net\/wordpress\/wp-content\/uploads\/2019\/09\/IMG_20190919_125934.jpg","_links":{"self":[{"href":"https:\/\/www.radiopiu.net\/wordpress\/wp-json\/wp\/v2\/posts\/99220","targetHints":{"allow":["GET"]}}],"collection":[{"href":"https:\/\/www.radiopiu.net\/wordpress\/wp-json\/wp\/v2\/posts"}],"about":[{"href":"https:\/\/www.radiopiu.net\/wordpress\/wp-json\/wp\/v2\/types\/post"}],"author":[{"embeddable":true,"href":"https:\/\/www.radiopiu.net\/wordpress\/wp-json\/wp\/v2\/users\/1"}],"replies":[{"embeddable":true,"href":"https:\/\/www.radiopiu.net\/wordpress\/wp-json\/wp\/v2\/comments?post=99220"}],"version-history":[{"count":0,"href":"https:\/\/www.radiopiu.net\/wordpress\/wp-json\/wp\/v2\/posts\/99220\/revisions"}],"wp:featuredmedia":[{"embeddable":true,"href":"https:\/\/www.radiopiu.net\/wordpress\/wp-json\/wp\/v2\/media\/99221"}],"wp:attachment":[{"href":"https:\/\/www.radiopiu.net\/wordpress\/wp-json\/wp\/v2\/media?parent=99220"}],"wp:term":[{"taxonomy":"category","embeddable":true,"href":"https:\/\/www.radiopiu.net\/wordpress\/wp-json\/wp\/v2\/categories?post=99220"},{"taxonomy":"post_tag","embeddable":true,"href":"https:\/\/www.radiopiu.net\/wordpress\/wp-json\/wp\/v2\/tags?post=99220"}],"curies":[{"name":"wp","href":"https:\/\/api.w.org\/{rel}","templated":true}]}}