{"id":99231,"date":"2019-09-19T16:21:14","date_gmt":"2019-09-19T14:21:14","guid":{"rendered":"http:\/\/www.radiopiu.net\/wordpress\/?p=99231"},"modified":"2019-09-19T16:21:14","modified_gmt":"2019-09-19T14:21:14","slug":"villa-san-giuseppe-le-novita-ma-anche-no-causa-normative-nazionali","status":"publish","type":"post","link":"https:\/\/www.radiopiu.net\/wordpress\/villa-san-giuseppe-le-novita-ma-anche-no-causa-normative-nazionali\/","title":{"rendered":"VILLA SAN GIUSEPPE: LE NOVITA&#8217;, MA ANCHE NO CAUSA NORMATIVE NAZIONALI"},"content":{"rendered":"<p>&nbsp;<\/p>\n<h2>CASA DI SOGGIORNO VILLA SAN GIUSEPPE LE NOVITA&#8217;<\/h2>\n<p><strong><a class=\"dt-pswp-item\" href=\"http:\/\/www.radiopiu.net\/wordpress\/wp-content\/uploads\/2018\/03\/VILLA-GIUSEPPE.jpg\" data-dt-img-description=\"\" data-large_image_width=\"250\" data-large_image_height=\"332\"><img loading=\"lazy\" decoding=\"async\" class=\"wp-image-45507 alignleft\" src=\"http:\/\/www.radiopiu.net\/wordpress\/wp-content\/uploads\/2018\/03\/VILLA-GIUSEPPE-226x300.jpg\" alt=\"\" width=\"108\" height=\"143\" srcset=\"https:\/\/www.radiopiu.net\/wordpress\/wp-content\/uploads\/2018\/03\/VILLA-GIUSEPPE-226x300.jpg 226w, https:\/\/www.radiopiu.net\/wordpress\/wp-content\/uploads\/2018\/03\/VILLA-GIUSEPPE.jpg 250w\" sizes=\"auto, (max-width: 108px) 100vw, 108px\" \/><\/a>LIVINALLONGO<\/strong> L&#8217;amministrazione comunale voleva come presidente Alessandro De Nicolo&#8217; ma la normativa nazionale lo vieta, per questo per i prossimi due anni ci sar\u00e0 ancora Oscar Troi che svolger\u00e0 l&#8217;incarico gratuitamente. De Nicolo&#8217; da sempre impegnato nel sociale avr\u00e0 comunque un importante incarico.<\/p>\n<p><strong>IL SINDACO LEANDRO GRONES<\/strong><\/p>\n<audio class=\"wp-audio-shortcode\" id=\"audio-99231-1\" preload=\"none\" style=\"width: 100%;\" controls=\"controls\"><source type=\"audio\/mpeg\" src=\"http:\/\/www.radiopiu.net\/wordpress\/wp-content\/uploads\/2019\/09\/leandro2.mp3?_=1\" \/><a href=\"http:\/\/www.radiopiu.net\/wordpress\/wp-content\/uploads\/2019\/09\/leandro2.mp3\">http:\/\/www.radiopiu.net\/wordpress\/wp-content\/uploads\/2019\/09\/leandro2.mp3<\/a><\/audio>\n<p>&nbsp;<\/p>\n<p>&nbsp;<\/p>\n","protected":false},"excerpt":{"rendered":"<p>&nbsp; CASA DI SOGGIORNO VILLA SAN GIUSEPPE LE NOVITA&#8217; LIVINALLONGO L&#8217;amministrazione comunale voleva come presidente Alessandro De Nicolo&#8217; ma la normativa nazionale lo vieta, per questo per i prossimi due anni ci sar\u00e0 ancora Oscar Troi che svolger\u00e0 l&#8217;incarico gratuitamente. De Nicolo&#8217; da sempre impegnato nel sociale avr\u00e0 comunque un importante incarico. IL SINDACO LEANDRO&hellip;<\/p>\n","protected":false},"author":1,"featured_media":45507,"comment_status":"closed","ping_status":"closed","sticky":false,"template":"","format":"standard","meta":{"_monsterinsights_skip_tracking":false,"_monsterinsights_sitenote_active":false,"_monsterinsights_sitenote_note":"","_monsterinsights_sitenote_category":0,"footnotes":""},"categories":[51,49],"tags":[],"class_list":["post-99231","post","type-post","status-publish","format-standard","has-post-thumbnail","hentry","category-evidenza-top","category-news-18","category-51","category-49","description-off"],"img_url":"https:\/\/www.radiopiu.net\/wordpress\/wp-content\/uploads\/2018\/03\/VILLA-GIUSEPPE.jpg","_links":{"self":[{"href":"https:\/\/www.radiopiu.net\/wordpress\/wp-json\/wp\/v2\/posts\/99231","targetHints":{"allow":["GET"]}}],"collection":[{"href":"https:\/\/www.radiopiu.net\/wordpress\/wp-json\/wp\/v2\/posts"}],"about":[{"href":"https:\/\/www.radiopiu.net\/wordpress\/wp-json\/wp\/v2\/types\/post"}],"author":[{"embeddable":true,"href":"https:\/\/www.radiopiu.net\/wordpress\/wp-json\/wp\/v2\/users\/1"}],"replies":[{"embeddable":true,"href":"https:\/\/www.radiopiu.net\/wordpress\/wp-json\/wp\/v2\/comments?post=99231"}],"version-history":[{"count":0,"href":"https:\/\/www.radiopiu.net\/wordpress\/wp-json\/wp\/v2\/posts\/99231\/revisions"}],"wp:featuredmedia":[{"embeddable":true,"href":"https:\/\/www.radiopiu.net\/wordpress\/wp-json\/wp\/v2\/media\/45507"}],"wp:attachment":[{"href":"https:\/\/www.radiopiu.net\/wordpress\/wp-json\/wp\/v2\/media?parent=99231"}],"wp:term":[{"taxonomy":"category","embeddable":true,"href":"https:\/\/www.radiopiu.net\/wordpress\/wp-json\/wp\/v2\/categories?post=99231"},{"taxonomy":"post_tag","embeddable":true,"href":"https:\/\/www.radiopiu.net\/wordpress\/wp-json\/wp\/v2\/tags?post=99231"}],"curies":[{"name":"wp","href":"https:\/\/api.w.org\/{rel}","templated":true}]}}