{"id":99241,"date":"2019-09-19T17:05:01","date_gmt":"2019-09-19T15:05:01","guid":{"rendered":"http:\/\/www.radiopiu.net\/wordpress\/?p=99241"},"modified":"2019-09-19T17:05:01","modified_gmt":"2019-09-19T15:05:01","slug":"wanbao-acc-assessore-donazzan-solidale-con-i-lavoratori-crisi-anomala-da-affrontare-in-sede-diplomatica-martedi-24-vertice-al-mise","status":"publish","type":"post","link":"https:\/\/www.radiopiu.net\/wordpress\/wanbao-acc-assessore-donazzan-solidale-con-i-lavoratori-crisi-anomala-da-affrontare-in-sede-diplomatica-martedi-24-vertice-al-mise\/","title":{"rendered":"WANBAO ACC: ASSESSORE DONAZZAN, \u201cSOLIDALE CON I LAVORATORI, CRISI ANOMALA DA AFFRONTARE IN SEDE DIPLOMATICA &#8211; MARTED\u00cc 24 VERTICE AL MISE\u201d"},"content":{"rendered":"<h3><\/h3>\n<p><strong><a class=\"dt-pswp-item\" href=\"http:\/\/www.radiopiu.net\/wordpress\/wp-content\/uploads\/2016\/02\/l43-donazzan-150526182134_medium.jpg\" data-dt-img-description=\"\" data-large_image_width=\"420\" data-large_image_height=\"315\"><img loading=\"lazy\" decoding=\"async\" class=\" wp-image-17008 alignleft\" src=\"http:\/\/www.radiopiu.net\/wordpress\/wp-content\/uploads\/2016\/02\/l43-donazzan-150526182134_medium-300x225.jpg\" alt=\"\" width=\"195\" height=\"146\" \/><\/a>VENEZIA\u00a0<\/strong> \u201cLa Regione Veneto segue con viva attenzione lo sviluppo di questa anomala situazione che vedrebbe la multinazionale Wanbao disimpegnarsi a pochi anni dall\u2019acquisizione di una tra le pi\u00f9 significative realt\u00e0 produttive nel comparto dei compressori nel panorama mondiale, che ha raggiunto standard di qualit\u00e0 altissimi\u201d, fa sapere l\u2019assessore al lavoro della Regione Veneto, Elena Donazzan, alla vigilia della manifestazione organizzata a Milano dai lavorator dello stabilimento Wanbao Acc di Mel. <em>\u201cSono solidale \u2013 aggiunge l\u2019assessore &#8211; con la scelta dei lavoratori di andare, con un ennesimo sacrificio, a Milano sotto la sede del consolato cinese, perch\u00e9 in effetti la propriet\u00e0 non \u00e8 una normale multinazionale ma \u00e8 totalmente controllata dalla municipalit\u00e0 politica cinese\u201d. <\/em><em>\u201cMarted\u00ec 24 saremo a Roma convocati tempestivamente dal Ministero dello Sviluppo economico \u2013 conferma Donazzan &#8211; Come ho gi\u00e0 avuto modo di dire e di convenire con il ministro bellunese Federico D\u2019Inc\u00e0, questa \u00e8 una crisi del tutto difforme da altre e deve vedere il tavolo della diplomazia coinvolto prioritariamente\u201d.<\/em><\/p>\n<p>&nbsp;<\/p>\n<p>&nbsp;<\/p>\n<p>&nbsp;<\/p>\n","protected":false},"excerpt":{"rendered":"<p>VENEZIA\u00a0 \u201cLa Regione Veneto segue con viva attenzione lo sviluppo di questa anomala situazione che vedrebbe la multinazionale Wanbao disimpegnarsi a pochi anni dall\u2019acquisizione di una tra le pi\u00f9 significative realt\u00e0 produttive nel comparto dei compressori nel panorama mondiale, che ha raggiunto standard di qualit\u00e0 altissimi\u201d, fa sapere l\u2019assessore al lavoro della Regione Veneto, Elena&hellip;<\/p>\n","protected":false},"author":1,"featured_media":0,"comment_status":"closed","ping_status":"closed","sticky":false,"template":"","format":"standard","meta":{"_monsterinsights_skip_tracking":false,"_monsterinsights_sitenote_active":false,"_monsterinsights_sitenote_note":"","_monsterinsights_sitenote_category":0,"footnotes":""},"categories":[104,49],"tags":[],"class_list":["post-99241","post","type-post","status-publish","format-standard","hentry","category-evidenza_3","category-news-18","category-104","category-49","description-off"],"img_url":false,"_links":{"self":[{"href":"https:\/\/www.radiopiu.net\/wordpress\/wp-json\/wp\/v2\/posts\/99241","targetHints":{"allow":["GET"]}}],"collection":[{"href":"https:\/\/www.radiopiu.net\/wordpress\/wp-json\/wp\/v2\/posts"}],"about":[{"href":"https:\/\/www.radiopiu.net\/wordpress\/wp-json\/wp\/v2\/types\/post"}],"author":[{"embeddable":true,"href":"https:\/\/www.radiopiu.net\/wordpress\/wp-json\/wp\/v2\/users\/1"}],"replies":[{"embeddable":true,"href":"https:\/\/www.radiopiu.net\/wordpress\/wp-json\/wp\/v2\/comments?post=99241"}],"version-history":[{"count":0,"href":"https:\/\/www.radiopiu.net\/wordpress\/wp-json\/wp\/v2\/posts\/99241\/revisions"}],"wp:attachment":[{"href":"https:\/\/www.radiopiu.net\/wordpress\/wp-json\/wp\/v2\/media?parent=99241"}],"wp:term":[{"taxonomy":"category","embeddable":true,"href":"https:\/\/www.radiopiu.net\/wordpress\/wp-json\/wp\/v2\/categories?post=99241"},{"taxonomy":"post_tag","embeddable":true,"href":"https:\/\/www.radiopiu.net\/wordpress\/wp-json\/wp\/v2\/tags?post=99241"}],"curies":[{"name":"wp","href":"https:\/\/api.w.org\/{rel}","templated":true}]}}