{"id":99256,"date":"2019-09-19T23:58:18","date_gmt":"2019-09-19T21:58:18","guid":{"rendered":"http:\/\/www.radiopiu.net\/wordpress\/?p=99256"},"modified":"2019-09-20T05:47:39","modified_gmt":"2019-09-20T03:47:39","slug":"presentata-lagordina-calcio","status":"publish","type":"post","link":"https:\/\/www.radiopiu.net\/wordpress\/presentata-lagordina-calcio\/","title":{"rendered":"PRESENTATA L&#8217;AGORDINA CALCIO"},"content":{"rendered":"<p><a class=\"dt-pswp-item\" href=\"http:\/\/www.radiopiu.net\/wordpress\/wp-content\/uploads\/2019\/09\/PRESENTAZIONE-AGORDINA-SQUADRA.jpeg\" data-dt-img-description=\"\" data-large_image_width=\"1416\" data-large_image_height=\"688\"><img loading=\"lazy\" decoding=\"async\" class=\"aligncenter wp-image-99257 size-large\" src=\"http:\/\/www.radiopiu.net\/wordpress\/wp-content\/uploads\/2019\/09\/PRESENTAZIONE-AGORDINA-SQUADRA-1024x498.jpeg\" alt=\"\" width=\"1024\" height=\"498\" srcset=\"https:\/\/www.radiopiu.net\/wordpress\/wp-content\/uploads\/2019\/09\/PRESENTAZIONE-AGORDINA-SQUADRA-1024x498.jpeg 1024w, https:\/\/www.radiopiu.net\/wordpress\/wp-content\/uploads\/2019\/09\/PRESENTAZIONE-AGORDINA-SQUADRA-300x146.jpeg 300w, https:\/\/www.radiopiu.net\/wordpress\/wp-content\/uploads\/2019\/09\/PRESENTAZIONE-AGORDINA-SQUADRA-768x373.jpeg 768w, https:\/\/www.radiopiu.net\/wordpress\/wp-content\/uploads\/2019\/09\/PRESENTAZIONE-AGORDINA-SQUADRA.jpeg 1416w\" sizes=\"auto, (max-width: 1024px) 100vw, 1024px\" \/><\/a>Ieri sera, al Caff\u00e8 Miniere di Agordo, \u00e8 stata presentata la rosa dei giocatori che partecipano al campionato di Terza Categoria con l&#8217;Agordina. La squadra allenata da Marco Lorenzi riparte da zero con l&#8217;obbiettivo di risalire in Seconda Categoria gi\u00e0 in questa stagione. Un obbiettivo che si \u00e8 imposto anche il presidente Cosmo Forcella che ha fatto presente ai suoi uomini che il prossimo anno la societ\u00e0 festegger\u00e0 i 50 anni di attivit\u00e0. Immancabile all&#8217;appuntamento il sindaco di Agordo, Roberto Chissal\u00e8, che tra l&#8217;altro \u00e8 uno dei primi tifosi della squadra.<\/p>\n<p><strong>ROBERTO CHISSALE&#8217;, SINDACO DI AGORDO<\/strong><\/p>\n<audio class=\"wp-audio-shortcode\" id=\"audio-99256-1\" preload=\"none\" style=\"width: 100%;\" controls=\"controls\"><source type=\"audio\/mpeg\" src=\"http:\/\/www.radiopiu.net\/wordpress\/wp-content\/uploads\/2019\/09\/PRESENTAZIONE-AGORDINA-2019-2020-ROBERTO-CHISSALE.mp3?_=1\" \/><a href=\"http:\/\/www.radiopiu.net\/wordpress\/wp-content\/uploads\/2019\/09\/PRESENTAZIONE-AGORDINA-2019-2020-ROBERTO-CHISSALE.mp3\">http:\/\/www.radiopiu.net\/wordpress\/wp-content\/uploads\/2019\/09\/PRESENTAZIONE-AGORDINA-2019-2020-ROBERTO-CHISSALE.mp3<\/a><\/audio>\n<p>&nbsp;<\/p>\n<p><strong>CRISTINA BIEN, ASSESSORE ALLO SPORT COMUNE DI AGORDO<\/strong><\/p>\n<audio class=\"wp-audio-shortcode\" id=\"audio-99256-2\" preload=\"none\" style=\"width: 100%;\" controls=\"controls\"><source type=\"audio\/mpeg\" src=\"http:\/\/www.radiopiu.net\/wordpress\/wp-content\/uploads\/2019\/09\/PRESENTAZIONE-AGORDINA-2019-2020-CRISTIAN-BIEN.mp3?_=2\" \/><a href=\"http:\/\/www.radiopiu.net\/wordpress\/wp-content\/uploads\/2019\/09\/PRESENTAZIONE-AGORDINA-2019-2020-CRISTIAN-BIEN.mp3\">http:\/\/www.radiopiu.net\/wordpress\/wp-content\/uploads\/2019\/09\/PRESENTAZIONE-AGORDINA-2019-2020-CRISTIAN-BIEN.mp3<\/a><\/audio>\n<p>&nbsp;<\/p>\n<p><strong>COSMO FORCELLA, PRESIDENTE DELL&#8217;AGORDINA<\/strong><\/p>\n<audio class=\"wp-audio-shortcode\" id=\"audio-99256-3\" preload=\"none\" style=\"width: 100%;\" controls=\"controls\"><source type=\"audio\/mpeg\" src=\"http:\/\/www.radiopiu.net\/wordpress\/wp-content\/uploads\/2019\/09\/PRESENTAZIONE-AGORDINA-2019-2020-COSMO-FORCELLA.mp3?_=3\" \/><a href=\"http:\/\/www.radiopiu.net\/wordpress\/wp-content\/uploads\/2019\/09\/PRESENTAZIONE-AGORDINA-2019-2020-COSMO-FORCELLA.mp3\">http:\/\/www.radiopiu.net\/wordpress\/wp-content\/uploads\/2019\/09\/PRESENTAZIONE-AGORDINA-2019-2020-COSMO-FORCELLA.mp3<\/a><\/audio>\n<p>&nbsp;<\/p>\n<p><strong>LA FOTOGALLERY DELLA SERATA<\/strong><\/p>\n\n\t\t\t<style type='text\/css'>\n\t\t\t\t#gallery-1 {\n\t\t\t\t\tmargin: auto;\n\t\t\t\t}\n\t\t\t\t#gallery-1 .gallery-item {\n\t\t\t\t\tfloat: left;\n\t\t\t\t\tmargin-top: 10px;\n\t\t\t\t\ttext-align: center;\n\t\t\t\t\twidth: 33%;\n\t\t\t\t}\n\t\t\t\t#gallery-1 img {\n\t\t\t\t\tborder: 2px solid #cfcfcf;\n\t\t\t\t}\n\t\t\t\t#gallery-1 .gallery-caption {\n\t\t\t\t\tmargin-left: 0;\n\t\t\t\t}\n\t\t\t\t\/* see gallery_shortcode() in wp-includes\/media.php *\/\n\t\t\t<\/style>\n\t\t<div id='gallery-1' class='dt-gallery-container gallery galleryid-99256 gallery-columns-3 gallery-size-medium'><dl class='gallery-item'>\n\t\t\t\t<dt class='gallery-icon landscape'>\n\t\t\t\t\t<a class=\"rollover\" href='https:\/\/www.radiopiu.net\/wordpress\/presentata-lagordina-calcio\/presentazione-agordina-squadra\/'><img loading=\"lazy\" decoding=\"async\" width=\"300\" height=\"146\" src=\"https:\/\/www.radiopiu.net\/wordpress\/wp-content\/uploads\/2019\/09\/PRESENTAZIONE-AGORDINA-SQUADRA-300x146.jpeg\" class=\"attachment-medium size-medium\" alt=\"\" srcset=\"https:\/\/www.radiopiu.net\/wordpress\/wp-content\/uploads\/2019\/09\/PRESENTAZIONE-AGORDINA-SQUADRA-300x146.jpeg 300w, https:\/\/www.radiopiu.net\/wordpress\/wp-content\/uploads\/2019\/09\/PRESENTAZIONE-AGORDINA-SQUADRA-768x373.jpeg 768w, https:\/\/www.radiopiu.net\/wordpress\/wp-content\/uploads\/2019\/09\/PRESENTAZIONE-AGORDINA-SQUADRA-1024x498.jpeg 1024w, https:\/\/www.radiopiu.net\/wordpress\/wp-content\/uploads\/2019\/09\/PRESENTAZIONE-AGORDINA-SQUADRA.jpeg 1416w\" sizes=\"auto, (max-width: 300px) 100vw, 300px\" \/><\/a>\n\t\t\t\t<\/dt><\/dl><dl class='gallery-item'>\n\t\t\t\t<dt class='gallery-icon landscape'>\n\t\t\t\t\t<a class=\"rollover\" href='https:\/\/www.radiopiu.net\/wordpress\/presentata-lagordina-calcio\/presentazione-agordina-staff-peg\/'><img loading=\"lazy\" decoding=\"async\" width=\"300\" height=\"146\" src=\"https:\/\/www.radiopiu.net\/wordpress\/wp-content\/uploads\/2019\/09\/PRESENTAZIONE-AGORDINA-Staff.peg_-300x146.jpeg\" class=\"attachment-medium size-medium\" alt=\"\" srcset=\"https:\/\/www.radiopiu.net\/wordpress\/wp-content\/uploads\/2019\/09\/PRESENTAZIONE-AGORDINA-Staff.peg_-300x146.jpeg 300w, https:\/\/www.radiopiu.net\/wordpress\/wp-content\/uploads\/2019\/09\/PRESENTAZIONE-AGORDINA-Staff.peg_-768x373.jpeg 768w, https:\/\/www.radiopiu.net\/wordpress\/wp-content\/uploads\/2019\/09\/PRESENTAZIONE-AGORDINA-Staff.peg_-1024x498.jpeg 1024w, https:\/\/www.radiopiu.net\/wordpress\/wp-content\/uploads\/2019\/09\/PRESENTAZIONE-AGORDINA-Staff.peg_.jpeg 1416w\" sizes=\"auto, (max-width: 300px) 100vw, 300px\" \/><\/a>\n\t\t\t\t<\/dt><\/dl><dl class='gallery-item'>\n\t\t\t\t<dt class='gallery-icon landscape'>\n\t\t\t\t\t<a class=\"rollover\" href='https:\/\/www.radiopiu.net\/wordpress\/presentata-lagordina-calcio\/presentazione-agordina-difensori\/'><img loading=\"lazy\" decoding=\"async\" width=\"300\" height=\"146\" src=\"https:\/\/www.radiopiu.net\/wordpress\/wp-content\/uploads\/2019\/09\/PRESENTAZIONE-AGORDINA-DIFENSORI-300x146.jpeg\" class=\"attachment-medium size-medium\" alt=\"\" srcset=\"https:\/\/www.radiopiu.net\/wordpress\/wp-content\/uploads\/2019\/09\/PRESENTAZIONE-AGORDINA-DIFENSORI-300x146.jpeg 300w, https:\/\/www.radiopiu.net\/wordpress\/wp-content\/uploads\/2019\/09\/PRESENTAZIONE-AGORDINA-DIFENSORI-768x373.jpeg 768w, https:\/\/www.radiopiu.net\/wordpress\/wp-content\/uploads\/2019\/09\/PRESENTAZIONE-AGORDINA-DIFENSORI-1024x498.jpeg 1024w, https:\/\/www.radiopiu.net\/wordpress\/wp-content\/uploads\/2019\/09\/PRESENTAZIONE-AGORDINA-DIFENSORI.jpeg 1416w\" sizes=\"auto, (max-width: 300px) 100vw, 300px\" \/><\/a>\n\t\t\t\t<\/dt><\/dl><br style=\"clear: both\" \/><dl class='gallery-item'>\n\t\t\t\t<dt class='gallery-icon landscape'>\n\t\t\t\t\t<a class=\"rollover\" href='https:\/\/www.radiopiu.net\/wordpress\/presentata-lagordina-calcio\/presentazione-agordina-portieri\/'><img loading=\"lazy\" decoding=\"async\" width=\"300\" height=\"146\" src=\"https:\/\/www.radiopiu.net\/wordpress\/wp-content\/uploads\/2019\/09\/PRESENTAZIONE-AGORDINA-PORTIERI-300x146.jpeg\" class=\"attachment-medium size-medium\" alt=\"\" srcset=\"https:\/\/www.radiopiu.net\/wordpress\/wp-content\/uploads\/2019\/09\/PRESENTAZIONE-AGORDINA-PORTIERI-300x146.jpeg 300w, https:\/\/www.radiopiu.net\/wordpress\/wp-content\/uploads\/2019\/09\/PRESENTAZIONE-AGORDINA-PORTIERI-768x373.jpeg 768w, https:\/\/www.radiopiu.net\/wordpress\/wp-content\/uploads\/2019\/09\/PRESENTAZIONE-AGORDINA-PORTIERI-1024x498.jpeg 1024w, https:\/\/www.radiopiu.net\/wordpress\/wp-content\/uploads\/2019\/09\/PRESENTAZIONE-AGORDINA-PORTIERI.jpeg 1416w\" sizes=\"auto, (max-width: 300px) 100vw, 300px\" \/><\/a>\n\t\t\t\t<\/dt><\/dl><dl class='gallery-item'>\n\t\t\t\t<dt class='gallery-icon landscape'>\n\t\t\t\t\t<a class=\"rollover\" href='https:\/\/www.radiopiu.net\/wordpress\/presentata-lagordina-calcio\/presentazione-agordina-centrocampisti\/'><img loading=\"lazy\" decoding=\"async\" width=\"300\" height=\"146\" src=\"https:\/\/www.radiopiu.net\/wordpress\/wp-content\/uploads\/2019\/09\/PRESENTAZIONE-AGORDINA-CENTROCAMPISTI-300x146.jpeg\" class=\"attachment-medium size-medium\" alt=\"\" srcset=\"https:\/\/www.radiopiu.net\/wordpress\/wp-content\/uploads\/2019\/09\/PRESENTAZIONE-AGORDINA-CENTROCAMPISTI-300x146.jpeg 300w, https:\/\/www.radiopiu.net\/wordpress\/wp-content\/uploads\/2019\/09\/PRESENTAZIONE-AGORDINA-CENTROCAMPISTI-768x373.jpeg 768w, https:\/\/www.radiopiu.net\/wordpress\/wp-content\/uploads\/2019\/09\/PRESENTAZIONE-AGORDINA-CENTROCAMPISTI-1024x498.jpeg 1024w, https:\/\/www.radiopiu.net\/wordpress\/wp-content\/uploads\/2019\/09\/PRESENTAZIONE-AGORDINA-CENTROCAMPISTI.jpeg 1416w\" sizes=\"auto, (max-width: 300px) 100vw, 300px\" \/><\/a>\n\t\t\t\t<\/dt><\/dl><dl class='gallery-item'>\n\t\t\t\t<dt class='gallery-icon landscape'>\n\t\t\t\t\t<a class=\"rollover\" href='https:\/\/www.radiopiu.net\/wordpress\/presentata-lagordina-calcio\/presentazione-agordina-filippo-cancel\/'><img loading=\"lazy\" decoding=\"async\" width=\"300\" height=\"146\" src=\"https:\/\/www.radiopiu.net\/wordpress\/wp-content\/uploads\/2019\/09\/PRESENTAZIONE-AGORDINA-FILIPPO-CANCEL-300x146.jpeg\" class=\"attachment-medium size-medium\" alt=\"\" srcset=\"https:\/\/www.radiopiu.net\/wordpress\/wp-content\/uploads\/2019\/09\/PRESENTAZIONE-AGORDINA-FILIPPO-CANCEL-300x146.jpeg 300w, https:\/\/www.radiopiu.net\/wordpress\/wp-content\/uploads\/2019\/09\/PRESENTAZIONE-AGORDINA-FILIPPO-CANCEL-768x373.jpeg 768w, https:\/\/www.radiopiu.net\/wordpress\/wp-content\/uploads\/2019\/09\/PRESENTAZIONE-AGORDINA-FILIPPO-CANCEL-1024x498.jpeg 1024w, https:\/\/www.radiopiu.net\/wordpress\/wp-content\/uploads\/2019\/09\/PRESENTAZIONE-AGORDINA-FILIPPO-CANCEL.jpeg 1416w\" sizes=\"auto, (max-width: 300px) 100vw, 300px\" \/><\/a>\n\t\t\t\t<\/dt><\/dl><br style=\"clear: both\" \/><dl class='gallery-item'>\n\t\t\t\t<dt class='gallery-icon landscape'>\n\t\t\t\t\t<a class=\"rollover\" href='https:\/\/www.radiopiu.net\/wordpress\/presentata-lagordina-calcio\/presentazione-agordina-bettini\/'><img loading=\"lazy\" decoding=\"async\" width=\"300\" height=\"146\" src=\"https:\/\/www.radiopiu.net\/wordpress\/wp-content\/uploads\/2019\/09\/PRESENTAZIONE-AGORDINA-BETTINI-300x146.jpeg\" class=\"attachment-medium size-medium\" alt=\"\" srcset=\"https:\/\/www.radiopiu.net\/wordpress\/wp-content\/uploads\/2019\/09\/PRESENTAZIONE-AGORDINA-BETTINI-300x146.jpeg 300w, https:\/\/www.radiopiu.net\/wordpress\/wp-content\/uploads\/2019\/09\/PRESENTAZIONE-AGORDINA-BETTINI-768x373.jpeg 768w, https:\/\/www.radiopiu.net\/wordpress\/wp-content\/uploads\/2019\/09\/PRESENTAZIONE-AGORDINA-BETTINI-1024x498.jpeg 1024w, https:\/\/www.radiopiu.net\/wordpress\/wp-content\/uploads\/2019\/09\/PRESENTAZIONE-AGORDINA-BETTINI.jpeg 1416w\" sizes=\"auto, (max-width: 300px) 100vw, 300px\" \/><\/a>\n\t\t\t\t<\/dt><\/dl><dl class='gallery-item'>\n\t\t\t\t<dt class='gallery-icon portrait'>\n\t\t\t\t\t<a class=\"rollover\" href='https:\/\/www.radiopiu.net\/wordpress\/presentata-lagordina-calcio\/presentazione-agordina-cosmo\/'><img loading=\"lazy\" decoding=\"async\" width=\"146\" height=\"300\" src=\"https:\/\/www.radiopiu.net\/wordpress\/wp-content\/uploads\/2019\/09\/PRESENTAZIONE-AGORDINA-COSMO-146x300.jpeg\" class=\"attachment-medium size-medium\" alt=\"\" srcset=\"https:\/\/www.radiopiu.net\/wordpress\/wp-content\/uploads\/2019\/09\/PRESENTAZIONE-AGORDINA-COSMO-146x300.jpeg 146w, https:\/\/www.radiopiu.net\/wordpress\/wp-content\/uploads\/2019\/09\/PRESENTAZIONE-AGORDINA-COSMO-498x1024.jpeg 498w, https:\/\/www.radiopiu.net\/wordpress\/wp-content\/uploads\/2019\/09\/PRESENTAZIONE-AGORDINA-COSMO.jpeg 688w\" sizes=\"auto, (max-width: 146px) 100vw, 146px\" \/><\/a>\n\t\t\t\t<\/dt><\/dl><dl class='gallery-item'>\n\t\t\t\t<dt class='gallery-icon portrait'>\n\t\t\t\t\t<a class=\"rollover\" href='https:\/\/www.radiopiu.net\/wordpress\/presentata-lagordina-calcio\/presentazione-agordina-sindaco\/'><img loading=\"lazy\" decoding=\"async\" width=\"146\" height=\"300\" src=\"https:\/\/www.radiopiu.net\/wordpress\/wp-content\/uploads\/2019\/09\/PRESENTAZIONE-AGORDINA-SINDACO-146x300.jpeg\" class=\"attachment-medium size-medium\" alt=\"\" srcset=\"https:\/\/www.radiopiu.net\/wordpress\/wp-content\/uploads\/2019\/09\/PRESENTAZIONE-AGORDINA-SINDACO-146x300.jpeg 146w, https:\/\/www.radiopiu.net\/wordpress\/wp-content\/uploads\/2019\/09\/PRESENTAZIONE-AGORDINA-SINDACO-498x1024.jpeg 498w, https:\/\/www.radiopiu.net\/wordpress\/wp-content\/uploads\/2019\/09\/PRESENTAZIONE-AGORDINA-SINDACO.jpeg 688w\" sizes=\"auto, (max-width: 146px) 100vw, 146px\" \/><\/a>\n\t\t\t\t<\/dt><\/dl><br style=\"clear: both\" \/><dl class='gallery-item'>\n\t\t\t\t<dt class='gallery-icon portrait'>\n\t\t\t\t\t<a class=\"rollover\" href='https:\/\/www.radiopiu.net\/wordpress\/presentata-lagordina-calcio\/presentazione-agordina-bien\/'><img loading=\"lazy\" decoding=\"async\" width=\"146\" height=\"300\" src=\"https:\/\/www.radiopiu.net\/wordpress\/wp-content\/uploads\/2019\/09\/PRESENTAZIONE-AGORDINA-BIEN-146x300.jpeg\" class=\"attachment-medium size-medium\" alt=\"\" srcset=\"https:\/\/www.radiopiu.net\/wordpress\/wp-content\/uploads\/2019\/09\/PRESENTAZIONE-AGORDINA-BIEN-146x300.jpeg 146w, https:\/\/www.radiopiu.net\/wordpress\/wp-content\/uploads\/2019\/09\/PRESENTAZIONE-AGORDINA-BIEN-498x1024.jpeg 498w, https:\/\/www.radiopiu.net\/wordpress\/wp-content\/uploads\/2019\/09\/PRESENTAZIONE-AGORDINA-BIEN.jpeg 688w\" sizes=\"auto, (max-width: 146px) 100vw, 146px\" \/><\/a>\n\t\t\t\t<\/dt><\/dl>\n\t\t\t\t<br style='clear: both' \/>\n\t\t\t<\/div>\n\n","protected":false},"excerpt":{"rendered":"<p>Ieri sera, al Caff\u00e8 Miniere di Agordo, \u00e8 stata presentata la rosa dei giocatori che partecipano al campionato di Terza Categoria con l&#8217;Agordina. La squadra allenata da Marco Lorenzi riparte da zero con l&#8217;obbiettivo di risalire in Seconda Categoria gi\u00e0 in questa stagione. Un obbiettivo che si \u00e8 imposto anche il presidente Cosmo Forcella che&hellip;<\/p>\n","protected":false},"author":4,"featured_media":99257,"comment_status":"closed","ping_status":"closed","sticky":false,"template":"","format":"standard","meta":{"_monsterinsights_skip_tracking":false,"_monsterinsights_sitenote_active":false,"_monsterinsights_sitenote_note":"","_monsterinsights_sitenote_category":0,"footnotes":""},"categories":[103,49,72],"tags":[],"class_list":["post-99256","post","type-post","status-publish","format-standard","has-post-thumbnail","hentry","category-evidenza_2","category-news-18","category-sport","category-103","category-49","category-72","description-off"],"img_url":"https:\/\/www.radiopiu.net\/wordpress\/wp-content\/uploads\/2019\/09\/PRESENTAZIONE-AGORDINA-SQUADRA.jpeg","_links":{"self":[{"href":"https:\/\/www.radiopiu.net\/wordpress\/wp-json\/wp\/v2\/posts\/99256","targetHints":{"allow":["GET"]}}],"collection":[{"href":"https:\/\/www.radiopiu.net\/wordpress\/wp-json\/wp\/v2\/posts"}],"about":[{"href":"https:\/\/www.radiopiu.net\/wordpress\/wp-json\/wp\/v2\/types\/post"}],"author":[{"embeddable":true,"href":"https:\/\/www.radiopiu.net\/wordpress\/wp-json\/wp\/v2\/users\/4"}],"replies":[{"embeddable":true,"href":"https:\/\/www.radiopiu.net\/wordpress\/wp-json\/wp\/v2\/comments?post=99256"}],"version-history":[{"count":0,"href":"https:\/\/www.radiopiu.net\/wordpress\/wp-json\/wp\/v2\/posts\/99256\/revisions"}],"wp:featuredmedia":[{"embeddable":true,"href":"https:\/\/www.radiopiu.net\/wordpress\/wp-json\/wp\/v2\/media\/99257"}],"wp:attachment":[{"href":"https:\/\/www.radiopiu.net\/wordpress\/wp-json\/wp\/v2\/media?parent=99256"}],"wp:term":[{"taxonomy":"category","embeddable":true,"href":"https:\/\/www.radiopiu.net\/wordpress\/wp-json\/wp\/v2\/categories?post=99256"},{"taxonomy":"post_tag","embeddable":true,"href":"https:\/\/www.radiopiu.net\/wordpress\/wp-json\/wp\/v2\/tags?post=99256"}],"curies":[{"name":"wp","href":"https:\/\/api.w.org\/{rel}","templated":true}]}}