{"id":99323,"date":"2019-09-21T05:58:31","date_gmt":"2019-09-21T03:58:31","guid":{"rendered":"http:\/\/www.radiopiu.net\/wordpress\/?p=99323"},"modified":"2019-09-21T09:01:07","modified_gmt":"2019-09-21T07:01:07","slug":"giornale-radiopiu-21-settembre-2019-direttore-mirko-mezzacasa","status":"publish","type":"post","link":"https:\/\/www.radiopiu.net\/wordpress\/giornale-radiopiu-21-settembre-2019-direttore-mirko-mezzacasa\/","title":{"rendered":"GIORNALE RADIOPIU 21 SETTEMBRE 2019 DIRETTORE MIRKO MEZZACASA"},"content":{"rendered":"<p>&nbsp;<\/p>\n<p><strong>Gestione Servizi Pubblici informa che a SAN TOMASO AGORDINO nelle LOCALITA&#8217; PECOL E PIAIA , l&#8217;acqua erogata dall&#8217;acquedotto non \u00e8 potabile e pu\u00f2 essere usata per scopi alimentari SOLO PREVIA bollitura. GSP ha, comunque, gi\u00e0 adottato le necessarie misure per la disinfezione dell&#8217;acqua presente nei serbatoi e nella rete idrica con l&#8217;aggiunta di cloro. Ulteriori informazioni saranno fornite nei prossimi giorni<\/strong><\/p>\n<p>&nbsp;<\/p>\n<blockquote><p>Regionale 48 delle Dolomiti, localit\u00e0 San Giovanni di Livinallongo: dal 23 settembre al 4 ottobre dalle 8.30 alle 12 e dalle 13.30 alle 17.30 senso unico alternato e interruzioni della durata massima di 20 minuti.<\/p>\n<p>Regionale 251 Val di Zoldo, Comune di Colle Santa Lucia: dal 20 al 30 settembre con esclusione dei giorni festivi e prefestivi senso unico alternato.<\/p>\n<p>Regionale 346 del San Pellegrino Comune di Falcade: dal 30 settembre al 18 ottobre escusi festivi e prefestivi, senso unico alternato.<\/p>\n<p>Provinciale 563 di Salesei, Comune di Rocca Pietore: dal 30 settembre all&#8217;11 ottobre senso unico atlernato regolato da movieri dalle 8 alle 18<\/p><\/blockquote>\n<p>&nbsp;<\/p>\n<h5><span style=\"color: #ff0000;\">LA RASSEGNA STAMPA DA L&#8217;AMICO DEL POPOLO, OSPITE MICHELE COSTA SINDACO DI FALCADE, SABATO ALLE 10.30 E 1900 DOMENICA ALLE 12.30\u00a0 \u00a0 \u00a0<span style=\"color: #000000;\">ALLE 16 SPECIALE 16 COMUNI DOMANI AD AGORDO, OSPITI CRISTINA BIEN, ENRICO FARENZENA, FERNANDO SOCCOL\u00a0 \u00a0<\/span> \u00a0<span style=\"color: #339966;\">ALLE 11 E 19.30 FEDERICA LA LUCARINI&#8230; NONA PUNTATA ULTIMA D&#8217;ESTATE\u00a0<\/span> \u00a0<span style=\"color: #ff00ff;\"> \u00a0QUESTA SERA ALLE 18.30\u00a0 ALLEGHE HOCKEY&#8230; DIRETTA DAL DE TONI, ALLEGHE-MERANO<\/span>\u00a0 \u00a0<span style=\"color: #ff6600;\"> DOMANI DALLE 11.30 DIRETTA FACEBOOK TROFEO 16 COMUNI A CURA DI MARCO GAZ CHE NEL POMERIGGIO CONDUCE LA DOMENICA PIU&#8217; SPORT\u00a0<\/span><\/span><\/h5>\n<p>&nbsp;<\/p>\n<h3>LA FOTO DEL GIORNO<\/h3>\n<h4>AGORDO\u00a0 <strong>DI GIANNI SANTOMASO<\/strong><\/h4>\n<audio class=\"wp-audio-shortcode\" id=\"audio-99323-1\" preload=\"none\" style=\"width: 100%;\" controls=\"controls\"><source type=\"audio\/mpeg\" src=\"http:\/\/www.radiopiu.net\/wordpress\/wp-content\/uploads\/2019\/09\/SIRINGA.mp3?_=1\" \/><a href=\"http:\/\/www.radiopiu.net\/wordpress\/wp-content\/uploads\/2019\/09\/SIRINGA.mp3\">http:\/\/www.radiopiu.net\/wordpress\/wp-content\/uploads\/2019\/09\/SIRINGA.mp3<\/a><\/audio>\n<p>&nbsp;<\/p>\n<p><a class=\"dt-pswp-item\" href=\"http:\/\/www.radiopiu.net\/wordpress\/wp-content\/uploads\/2019\/09\/70591938_2457387794543992_713806174272618496_n.jpg\" data-dt-img-description=\"\" data-large_image_width=\"416\" data-large_image_height=\"747\"><img loading=\"lazy\" decoding=\"async\" class=\"alignnone size-medium wp-image-99393\" src=\"http:\/\/www.radiopiu.net\/wordpress\/wp-content\/uploads\/2019\/09\/70591938_2457387794543992_713806174272618496_n-167x300.jpg\" alt=\"\" width=\"167\" height=\"300\" srcset=\"https:\/\/www.radiopiu.net\/wordpress\/wp-content\/uploads\/2019\/09\/70591938_2457387794543992_713806174272618496_n-167x300.jpg 167w, https:\/\/www.radiopiu.net\/wordpress\/wp-content\/uploads\/2019\/09\/70591938_2457387794543992_713806174272618496_n.jpg 416w\" sizes=\"auto, (max-width: 167px) 100vw, 167px\" \/><\/a><\/p>\n<h3><\/h3>\n<p>&nbsp;<\/p>\n<h3><a class=\"dt-pswp-item\" href=\"http:\/\/www.radiopiu.net\/wordpress\/wp-content\/uploads\/2017\/02\/POLIZIA-AGORDO_o.jpg\" data-dt-img-description=\"\" data-large_image_width=\"480\" data-large_image_height=\"853\"><img loading=\"lazy\" decoding=\"async\" class=\" wp-image-29026 alignleft\" src=\"http:\/\/www.radiopiu.net\/wordpress\/wp-content\/uploads\/2017\/02\/POLIZIA-AGORDO_o-169x300.jpg\" alt=\"\" width=\"115\" height=\"204\" \/><\/a>AGORDO Un 30 enne di origine marocchina gi\u00e0 noto alle forze dell&#8217;ordine \u00e8 stato fermato dagli agenti della Polizia, con se aveva bottiglie di super alcolici rubate al supermercato, \u00e8 stato denunciato per furto aggravato. Le Volanti della Questura, dirette da Michele Natalicchio, hanno effettuato servizi straordinari nell&#8217;Agordino, insieme al reparto Prevenzione crimine e alle unit\u00e0 cinofile. Luned\u00ec, durante uno di questi controlli, \u00e8 stato fermato il marocchino, aveva con s\u00e9 tre bottiglie di whiskey,\u00a0 ma non aveva scontrini che dimostrassero che le aveva regolarmente acquistate. Accompagnato al supermercato, gli agenti hanno riscontrato che quelle bottiglie erano state rubate (il titolare ha dichiarato che non erano state pagate e che, effettivamente, mancavano dagli scaffali). Il ragazzo ha provato a giustificarsi dicendo che l&#8217;alcool gli serve come terapia del dolore, ma non ha convinto gli agenti che lo hanno denunciato per furto aggravato. Non sono mancati nemmeno da parte della polizia i controlli ai possessori di cani aggressivi anche in seguito all&#8217;uccisione del cane Kaos del gruppo dei soliti noti. In merito ai cani gi\u00e0 un primo censimento era stato fatto nel corso dell&#8217;estate dai Carabinieri diretti dal Luogotenente Antonio D&#8217;Alcamo con la collaborazione dei servizi veterinari.<\/h3>\n<p>&nbsp;<\/p>\n<p>&nbsp;<\/p>\n<p>&nbsp;<\/p>\n<h3>AUDI FUORI STRADA CONTRO I MANUFATTI A PROTEZIONE DELLA FERROVIA, CONDUCENTE ILLESA<\/h3>\n<p><strong><a class=\"dt-pswp-item\" href=\"http:\/\/www.radiopiu.net\/wordpress\/wp-content\/uploads\/2019\/09\/141ec878-8713-448f-a3f0-544c16e5bbff.jpg\" data-dt-img-description=\"\" data-large_image_width=\"320\" data-large_image_height=\"213\"><img loading=\"lazy\" decoding=\"async\" class=\"alignnone size-medium wp-image-99332\" src=\"http:\/\/www.radiopiu.net\/wordpress\/wp-content\/uploads\/2019\/09\/141ec878-8713-448f-a3f0-544c16e5bbff-300x200.jpg\" alt=\"\" width=\"300\" height=\"200\" srcset=\"https:\/\/www.radiopiu.net\/wordpress\/wp-content\/uploads\/2019\/09\/141ec878-8713-448f-a3f0-544c16e5bbff-300x200.jpg 300w, https:\/\/www.radiopiu.net\/wordpress\/wp-content\/uploads\/2019\/09\/141ec878-8713-448f-a3f0-544c16e5bbff.jpg 320w\" sizes=\"auto, (max-width: 300px) 100vw, 300px\" \/><\/a><a class=\"dt-pswp-item\" href=\"http:\/\/www.radiopiu.net\/wordpress\/wp-content\/uploads\/2019\/09\/cc515490-90b2-4815-a54b-a6c5c178e50b.jpg\" data-dt-img-description=\"\" data-large_image_width=\"320\" data-large_image_height=\"240\"><img loading=\"lazy\" decoding=\"async\" class=\"alignnone wp-image-99333\" src=\"http:\/\/www.radiopiu.net\/wordpress\/wp-content\/uploads\/2019\/09\/cc515490-90b2-4815-a54b-a6c5c178e50b-300x225.jpg\" alt=\"\" width=\"264\" height=\"198\" srcset=\"https:\/\/www.radiopiu.net\/wordpress\/wp-content\/uploads\/2019\/09\/cc515490-90b2-4815-a54b-a6c5c178e50b-300x225.jpg 300w, https:\/\/www.radiopiu.net\/wordpress\/wp-content\/uploads\/2019\/09\/cc515490-90b2-4815-a54b-a6c5c178e50b.jpg 320w\" sizes=\"auto, (max-width: 264px) 100vw, 264px\" \/><\/a><\/strong><\/p>\n<p><strong>CASTELLAVAZZO<\/strong>\u00a0 Secondo incidente nelle ultime 24 ore in zona Castellavazzo, stamae un&#8217; Audi A 4 condotta da\u00a0 O.K., 23 anni di Ponte nelle Alpi, per cause in corso di accertamento da parte di Carabinieri,\u00a0 \u00e8 finita fuori strada\u00a0 andando ad urtare un manufatto in cemento che delimita la ferrovia. La conducente\u00a0 \u00e8 rimasta rimaneva illesa, solo danni al mezzo.<\/p>\n<p>&nbsp;<\/p>\n<p>&nbsp;<\/p>\n<p>&nbsp;<\/p>\n<h3>VOLA PER UNA VENTINA DI METRI IN FALESIA, IERI SERA A SCADENZA EFFEMERIDI SOCCORSO IN MARMOLADA<\/h3>\n<div><strong>CORTINA\u00a0<\/strong> Ieri\u00a0 a<span class=\"Apple-style-span\">ttorno alle 16.30 la Centrale del 118 \u00e8 stata allertata da alcune persone che avevano visto precipitare una persona da una via della falesia Crepe de Oucera Alti. L&#8217;alpinista, che stava scalando da solo, era volato dalla parete finendo su un terrazzino una ventina di metri pi\u00f9 sotto. L&#8217;elicottero del Suem di Pieve di Cadore ha recuperato il rocciatore, \u00a0Giacomo Zardini, 55 anni, uomo del Soccorso Alpino,<\/span>\u00a0<span class=\"Apple-style-span\"> con un verricello lungo e l&#8217;equipe medica gli ha prestato le prime cure urgenti. Dopo essere stato imbarellato, l&#8217;uomo, che aveva riportato un\u00a0 grave politrauma, \u00e8 stato trasportato all&#8217;ospedale di Treviso. <\/span><\/div>\n<div><\/div>\n<div><span class=\"Apple-style-span\"><strong>ROCCA PIETORE<\/strong> Ieri sera alle 19 circa l&#8217;eliambulanza \u00e8 decollata in direzione della Marmolada, a Rocca Pietore, in aiuto di tre scalatori,\u00a0 in difficolt\u00e0, a met\u00e0 della via Don Quixote. I tre erano pronti a bivaccare a met\u00e0 via e ripartire stamane, quando uno di loro, 28 anni, ucraino, \u00e8 volato per circa 8 metri, riportando trauma cranico e alle braccia ed escoriazioni al volto. Tutti e tre i rocciatori sono stati imbarcati con un verricello lungo dal tecnico di elisoccorso: il ferito \u00e8 stato trasportato all&#8217;ospedale di Pieve di Cadore, i due compagni illesi sono stati lasciati al Rifugio Falier.<\/span><\/div>\n<div><\/div>\n<p>&nbsp;<\/p>\n<p>&nbsp;<\/p>\n<h3>BILANCIO DELLA POLIZIA STRADALE AL TERMINE DELLA STAGIONE ESTIVA<\/h3>\n<p><strong><a class=\"dt-pswp-item\" href=\"http:\/\/www.radiopiu.net\/wordpress\/wp-content\/uploads\/2019\/09\/IMG-20190919-WA0009.jpg\" data-dt-img-description=\"\" data-large_image_width=\"900\" data-large_image_height=\"1600\"><img loading=\"lazy\" decoding=\"async\" class=\"size-medium wp-image-99342 alignleft\" src=\"http:\/\/www.radiopiu.net\/wordpress\/wp-content\/uploads\/2019\/09\/IMG-20190919-WA0009-169x300.jpg\" alt=\"\" width=\"169\" height=\"300\" srcset=\"https:\/\/www.radiopiu.net\/wordpress\/wp-content\/uploads\/2019\/09\/IMG-20190919-WA0009-169x300.jpg 169w, https:\/\/www.radiopiu.net\/wordpress\/wp-content\/uploads\/2019\/09\/IMG-20190919-WA0009-768x1365.jpg 768w, https:\/\/www.radiopiu.net\/wordpress\/wp-content\/uploads\/2019\/09\/IMG-20190919-WA0009-576x1024.jpg 576w, https:\/\/www.radiopiu.net\/wordpress\/wp-content\/uploads\/2019\/09\/IMG-20190919-WA0009.jpg 900w\" sizes=\"auto, (max-width: 169px) 100vw, 169px\" \/><\/a>BELLUNO\u00a0<\/strong> I dati che scaturiscono nel periodo compreso tra il l\u20191 giugno e il 31 agosto 2019 rivelano, rispetto al medesimo periodo dell\u2019anno 2018, un decremento dell\u2019incidentalit\u00e0 sulla rete viaria ordinaria di competenza. A fronte dei 66 incidenti stradali verificatisi nel trimestre estivo del 2018, nel corso dell\u2019attuale stagione la Sezione \u00e8 intervenuta in occasione di 38 incidenti. Il bilancio riferito a quelli con esito mortale \u00e8 rimasto invariato, essendosi verificato 1 decesso. Nel periodo in esame, sono state impiegate 420 pattuglie (circa 4 pattuglie al giorno). Le pattuglie della Sezione, che comprende anche i Distaccamenti di Feltre e di Valle di Cadore, hanno svolto 338 servizi di vigilanza stradale, mentre 22 pattuglie sono state coinvolte in occasione di manifestazioni sportive. L\u2019impiego ha previsto l\u2019intervento delle pattuglie della Sezione anche per attivit\u00e0 di polizia giudiziaria e per controlli di carattere amministrativo. Al fine di elevare lo standard di sicurezza stradale e ridurre <a class=\"dt-pswp-item\" href=\"http:\/\/www.radiopiu.net\/wordpress\/wp-content\/uploads\/2019\/09\/IMG-20190919-WA0014.jpg\" data-dt-img-description=\"\" data-large_image_width=\"1560\" data-large_image_height=\"1560\"><img loading=\"lazy\" decoding=\"async\" class=\" wp-image-99340 alignright\" src=\"http:\/\/www.radiopiu.net\/wordpress\/wp-content\/uploads\/2019\/09\/IMG-20190919-WA0014-300x300.jpg\" alt=\"\" width=\"204\" height=\"204\" srcset=\"https:\/\/www.radiopiu.net\/wordpress\/wp-content\/uploads\/2019\/09\/IMG-20190919-WA0014-300x300.jpg 300w, https:\/\/www.radiopiu.net\/wordpress\/wp-content\/uploads\/2019\/09\/IMG-20190919-WA0014-150x150.jpg 150w, https:\/\/www.radiopiu.net\/wordpress\/wp-content\/uploads\/2019\/09\/IMG-20190919-WA0014-768x768.jpg 768w, https:\/\/www.radiopiu.net\/wordpress\/wp-content\/uploads\/2019\/09\/IMG-20190919-WA0014-1024x1024.jpg 1024w, https:\/\/www.radiopiu.net\/wordpress\/wp-content\/uploads\/2019\/09\/IMG-20190919-WA0014.jpg 1560w\" sizes=\"auto, (max-width: 204px) 100vw, 204px\" \/><\/a>l\u2019incidentalit\u00e0, in attuazione a precise direttive del Dipartimento della Pubblica Sicurezza e della Direzione compartimentale di Bolzano, la Sezione Polizia Stradale di Belluno ha intensificato l\u2019attivit\u00e0 di vigilanza sul territorio di competenza, predisponendo specifici servizi volti alla prevenzione e al contrasto dei comportamenti costituenti violazione delle norme in materia di circolazione stradale (elevata velocit\u00e0, mancato uso delle cinture di sicurezza e dei sistemi di ritenuta per bambini, uso di telefonini cellulari alla guida ecc.). L\u2019attivit\u00e0 contravvenzionale ha fatto registrare una decurtazione complessiva di 7718 punti sulle patenti a carico di coloro che si sono resi protagonisti di violazioni al Codice della strada; le patenti ritirate sono state 134, le carte di circolazione 22, mentre sono stati sottoposti a fermo e successivo sequestro 30 veicoli. Per un\u2019azione pi\u00f9 incisiva, soprattutto in concomitanza con il notevole afflusso di turisti verso le rinomate localit\u00e0 di montagna del territorio e il loro successivo deflusso, in particolare durante i weekend, le attivit\u00e0 di prevenzione e vigilanza svolte dalle pattuglie della stradale della Sezione hanno consentito di rilevare 3160 infrazioni al Codice della strada. Tra questi spiccano i 1637 esiti contravvenzionali per il superamento dei limiti di velocit\u00e0 (sanzionati a norma dell\u2019art. 142 del cds) e le 307 infrazioni per il mancato uso delle cinture di sicurezza. La scrupolosa attivit\u00e0 di prevenzione ha permesso, infine, di sanzionare (a norma dell\u2019art. 173 del cds) 184 conducenti che, durante la guida, hanno fatto uso del telefono cellulare.<\/p>\n<p><strong>DAL CORRIERE DELLE ALPI, Bus pericolosi, la polizia blocca la gita<\/strong><\/p>\n<p><strong>di Marco Filippi <\/strong><\/p>\n<p><strong>TREVISO.<\/strong> I due autobus a noleggio che, gioved\u00ec mattina, avrebbero dovuto trasportare un centinaio di studenti delle scuole medie Serena di Treviso sono stati bloccati e sequestrati dalla polizia Stradale: erano troppo vecchi e, per di pi\u00f9, uno dei due aveva le uscite di sicurezza non funzionanti. Risultato: la gita degli studenti, diretti con i loro insegnanti nel Vicentino, \u00e8 stata ritardata quel tanto che \u00e8 bastato per far arrivare nel piazzale delle scuole di via Gobetti due corriere a norma. Il fatto \u00e8 successo l&#8217;altra mattina. Il controllo della Stradale rientra nell&#8217;ambito del protocollo sottoscritto tra il Miur e il ministero dell&#8217;Interno che ha lo scopo di aumentare la sicurezza delle gite e dei viaggi di istruzione scolastici&#8230;<\/p>\n<p>&nbsp;<\/p>\n<h3>DI NUOVO IL LUPO A VISOME, SBRANATA L&#8217;ASINA<\/h3>\n<p><strong>BELLUNO<\/strong> Rieccolo il predatore, vittima un&#8217;asina gravida di propriet\u00e0 della Fattoria del Piave. I proprietari\u00a0 Elisa Da Canal e Damiano Prizzon hanno trovato l&#8217;animale, ormai morto, gioved\u00ec sera. L&#8217;asina si trovava in un terreno a ridosso della strada provinciale e della pista ciclabile fra Visome e Limana, recintato con il filo elettrico. ma non \u00e8 stato sufficiente anche se \u00e8 alto. Non \u00e8 bastata nemmeno la vicinanza alla strada, alle case e al campo sportivo, i ragazzi hanno chiamato la Polizia provinciale, e il veterinario dell&#8217;Usl ha certificato che l&#8217;aggressione \u00e8 stata compiuta da un lupo.<\/p>\n<p>&nbsp;<\/p>\n<p>&nbsp;<\/p>\n<h3><a class=\"dt-pswp-item\" href=\"http:\/\/www.radiopiu.net\/wordpress\/wp-content\/uploads\/2019\/09\/71000417_1666221240179713_3711470751610568704_n.jpg\" data-dt-img-description=\"\" data-large_image_width=\"960\" data-large_image_height=\"960\"><img loading=\"lazy\" decoding=\"async\" class=\" wp-image-99416 alignleft\" src=\"http:\/\/www.radiopiu.net\/wordpress\/wp-content\/uploads\/2019\/09\/71000417_1666221240179713_3711470751610568704_n-300x300.jpg\" alt=\"\" width=\"228\" height=\"228\" srcset=\"https:\/\/www.radiopiu.net\/wordpress\/wp-content\/uploads\/2019\/09\/71000417_1666221240179713_3711470751610568704_n-300x300.jpg 300w, https:\/\/www.radiopiu.net\/wordpress\/wp-content\/uploads\/2019\/09\/71000417_1666221240179713_3711470751610568704_n-150x150.jpg 150w, https:\/\/www.radiopiu.net\/wordpress\/wp-content\/uploads\/2019\/09\/71000417_1666221240179713_3711470751610568704_n-768x768.jpg 768w, https:\/\/www.radiopiu.net\/wordpress\/wp-content\/uploads\/2019\/09\/71000417_1666221240179713_3711470751610568704_n.jpg 960w\" sizes=\"auto, (max-width: 228px) 100vw, 228px\" \/><\/a>LA BRAVATA DA PROCURA, INTANTO IL SINDACO INVITA AD UNA &#8220;CONCILIAZIONE&#8221; AMICHEVOLE PER EVITARE LA DENUNCIA<\/h3>\n<p><strong>LIMANA\u00a0 Nella notte tra gioved\u00ec e venerd\u00ec, attorno all&#8217;1.30,un forte botto,\u00a0 un&#8217;auto familiare bianca \u00e8\u00a0 andata a sbattere sul palo, gli ignoti non si sono limitati a constatare i danni: hanno spostato il palo nell&#8217;aiuola, hanno ripulito l&#8217;area e si sono portati via il semaforo. Ieri pomeriggio il Comune di Limana ha pubblicato un post sui social, invitando chiunque abbia informazioni utili a farsi avanti. Il sindaco, per\u00f2, fa appello anche ai responsabili dell&#8217;incidente: <em>\u00abAbbiamo dovuto presentare una denuncia contro ignoti, ma gli autori possono venire in Comune e chiudere facilmente la faccenda con la constatazione amichevole. Siamo disponibili a considerare l&#8217;accaduto un incidente e ribadisco l&#8217;invito a venire in municipio: non succeder\u00e0 niente di grave. I danni che superano i 5 mila euro&#8221;.\u00a0<\/em><\/strong><\/p>\n<p>&nbsp;<\/p>\n<p>&nbsp;<\/p>\n<h3>UNA VIPERA IN SALA D&#8217;ASPETTO<\/h3>\n<p><strong>SEDICO<\/strong>\u00a0 La pediatra Alessandra Bet ha aperto \u00a0lo studio medico e si \u00e8 trovata davanti trova una vipera nella sala d&#8217; aspetto dello studio in via Nigassa..La dottoressa\u00a0 ha\u00a0 chiamato i vigili del fuoco che hanno catturato la vipera. Lo studio \u00e8 situato al piano terra,\u00a0 la vipera proveniva dal vicino prato, forse dal torrente ed ha cercato\u00a0 un posto caldo.<\/p>\n<p>&nbsp;<\/p>\n<p>&nbsp;<\/p>\n<h3>STABILIMENTO WANBAO DI MEL. DONAZZAN, \u201cDOPO IL PRIMO TRAGUARDO, CHIEDEREMO RASSICURAZIONI SUL MANTENIMENTO DELLA PRODUZIONE\u201d<\/h3>\n<p><strong><a class=\"dt-pswp-item\" href=\"http:\/\/www.radiopiu.net\/wordpress\/wp-content\/uploads\/2019\/09\/STABILIMENTO-WANBAO-DI-MEL.-DONAZZAN-\u201cDOPO-IL-PRIMO-TRAGUARDO-DI-OGGI-CHIEDEREMO-RASSICURAZIONI-SUL-MANTENIMENTO-DELLA-PRODUZIONE.jpg\" data-dt-img-description=\"\" data-large_image_width=\"1600\" data-large_image_height=\"1200\"><img loading=\"lazy\" decoding=\"async\" class=\"size-medium wp-image-99385 alignleft\" src=\"http:\/\/www.radiopiu.net\/wordpress\/wp-content\/uploads\/2019\/09\/STABILIMENTO-WANBAO-DI-MEL.-DONAZZAN-\u201cDOPO-IL-PRIMO-TRAGUARDO-DI-OGGI-CHIEDEREMO-RASSICURAZIONI-SUL-MANTENIMENTO-DELLA-PRODUZIONE-300x225.jpg\" alt=\"\" width=\"300\" height=\"225\" srcset=\"https:\/\/www.radiopiu.net\/wordpress\/wp-content\/uploads\/2019\/09\/STABILIMENTO-WANBAO-DI-MEL.-DONAZZAN-\u201cDOPO-IL-PRIMO-TRAGUARDO-DI-OGGI-CHIEDEREMO-RASSICURAZIONI-SUL-MANTENIMENTO-DELLA-PRODUZIONE-300x225.jpg 300w, https:\/\/www.radiopiu.net\/wordpress\/wp-content\/uploads\/2019\/09\/STABILIMENTO-WANBAO-DI-MEL.-DONAZZAN-\u201cDOPO-IL-PRIMO-TRAGUARDO-DI-OGGI-CHIEDEREMO-RASSICURAZIONI-SUL-MANTENIMENTO-DELLA-PRODUZIONE-768x576.jpg 768w, https:\/\/www.radiopiu.net\/wordpress\/wp-content\/uploads\/2019\/09\/STABILIMENTO-WANBAO-DI-MEL.-DONAZZAN-\u201cDOPO-IL-PRIMO-TRAGUARDO-DI-OGGI-CHIEDEREMO-RASSICURAZIONI-SUL-MANTENIMENTO-DELLA-PRODUZIONE-1024x768.jpg 1024w, https:\/\/www.radiopiu.net\/wordpress\/wp-content\/uploads\/2019\/09\/STABILIMENTO-WANBAO-DI-MEL.-DONAZZAN-\u201cDOPO-IL-PRIMO-TRAGUARDO-DI-OGGI-CHIEDEREMO-RASSICURAZIONI-SUL-MANTENIMENTO-DELLA-PRODUZIONE.jpg 1600w\" sizes=\"auto, (max-width: 300px) 100vw, 300px\" \/><\/a>VENEZIA<\/strong>\u00a0 \u201cL\u2019incontro di ieri tra i rappresentanti provinciali di CGIL, CISL e UIL e il console cinese ha rappresentato un primo significativo traguardo dei lavoratori. I sindacati, infatti, hanno avuto l\u2019occasione di far comprendere la loro determinazione e quella dell\u2019intero territorio, rappresentato dal sindaco di Borgo Valbelluna, Stefano Cesa, nella contrariet\u00e0 verso eventuali scelte di disimpegno da parte di Wanbao che riguardino lo stabilimento di Mel<a class=\"dt-pswp-item\" href=\"http:\/\/www.radiopiu.net\/wordpress\/wp-content\/uploads\/2019\/09\/2-STABILIMENTO-WANBAO-DI-MEL.-DONAZZAN-\u201cDOPO-IL-PRIMO-TRAGUARDO-DI-OGGI-CHIEDEREMO-RASSICURAZIONI-SUL-MANTENIMENTO-DELLA-PRODUZIONE.jpg\" data-dt-img-description=\"\" data-large_image_width=\"1200\" data-large_image_height=\"1600\"><img loading=\"lazy\" decoding=\"async\" class=\"size-medium wp-image-99384 alignright\" src=\"http:\/\/www.radiopiu.net\/wordpress\/wp-content\/uploads\/2019\/09\/2-STABILIMENTO-WANBAO-DI-MEL.-DONAZZAN-\u201cDOPO-IL-PRIMO-TRAGUARDO-DI-OGGI-CHIEDEREMO-RASSICURAZIONI-SUL-MANTENIMENTO-DELLA-PRODUZIONE-225x300.jpg\" alt=\"\" width=\"225\" height=\"300\" srcset=\"https:\/\/www.radiopiu.net\/wordpress\/wp-content\/uploads\/2019\/09\/2-STABILIMENTO-WANBAO-DI-MEL.-DONAZZAN-\u201cDOPO-IL-PRIMO-TRAGUARDO-DI-OGGI-CHIEDEREMO-RASSICURAZIONI-SUL-MANTENIMENTO-DELLA-PRODUZIONE-225x300.jpg 225w, https:\/\/www.radiopiu.net\/wordpress\/wp-content\/uploads\/2019\/09\/2-STABILIMENTO-WANBAO-DI-MEL.-DONAZZAN-\u201cDOPO-IL-PRIMO-TRAGUARDO-DI-OGGI-CHIEDEREMO-RASSICURAZIONI-SUL-MANTENIMENTO-DELLA-PRODUZIONE-768x1024.jpg 768w, https:\/\/www.radiopiu.net\/wordpress\/wp-content\/uploads\/2019\/09\/2-STABILIMENTO-WANBAO-DI-MEL.-DONAZZAN-\u201cDOPO-IL-PRIMO-TRAGUARDO-DI-OGGI-CHIEDEREMO-RASSICURAZIONI-SUL-MANTENIMENTO-DELLA-PRODUZIONE.jpg 1200w\" sizes=\"auto, (max-width: 225px) 100vw, 225px\" \/><\/a>\u201d. Con queste parole l\u2019assessore veneto al Lavoro Elena Donazzan, commenta l\u2019incontro avvenuto nell\u2019ambito della nutrita partecipazione di lavoratori, oggi a Milano davanti al Consolato cinese, per manifestare a fronte delle scelte che potrebbero profilarsi da parte della controllata del Governo della repubblica popolare nei confronti dello stabilimento in provincia di Belluno. Iniziativa seguita attentamente dall\u2019assessore che ha confermato la solidariet\u00e0 con i lavoratori e le loro famiglie. \u201cBene per questa prima apertura \u2013 prosegue Donazzan \u2013 che certamente contribuisce a rendere evidente anche alla diplomazia cinese in Italia che per noi lo stabilimento di Mel \u00e8 strategico e fondamentale per la politica industriale legata alla produzione di elettrodomestici. Ma non basta. Marted\u00ec 24 chiederemo alla societ\u00e0 precise rassicurazioni sul mantenimento della produzione e, soprattutto, un cambio di rotta nel senso degli accordi sottoscritti nel 2016. Accordi che hanno portato Wanbao a godere di ammortizzatori sociali a fronte di in<\/p>\n<p>&nbsp;<\/p>\n<p>&nbsp;<\/p>\n<p>&nbsp;<\/p>\n<h2>FALCADE A NOVEMBRE OSPITA LUCIA DI MAURO MONTANINO, INIZIATIVA DELLA PROLOCO DI CANALE D&#8217;AGORDO<\/h2>\n<p><strong><a class=\"dt-pswp-item\" href=\"http:\/\/www.radiopiu.net\/wordpress\/wp-content\/uploads\/2019\/09\/images-1.jpg\" data-dt-img-description=\"\" data-large_image_width=\"140\" data-large_image_height=\"105\"><img loading=\"lazy\" decoding=\"async\" class=\"size-full wp-image-99372 alignleft\" src=\"http:\/\/www.radiopiu.net\/wordpress\/wp-content\/uploads\/2019\/09\/images-1.jpg\" alt=\"\" width=\"140\" height=\"105\" \/><\/a>CANALE D&#8217;AGORDO\u00a0<\/strong> Luciana &#8220;Lucia&#8221; di Mauro \u00e8 la moglie di Gaetano Montanino, guardia giurata morta a 45 anni, vittima innocente della camorra. Una sera d&#8217;agosto del 2009 Antonio 17enne da poco pap\u00e0 di professione rapinatore,\u00a0 prova a disarmare una guardia giurata per rubargli la pistola, Montanino si difende ma nella collutazione muore ammazzato. Quell&#8217;uomo lascia una figlia piccola e la moglie Luciana. Antonio viene condannato a 22 anni di carcere,\u00a0 preso dai rimorsi chiede di incontrare la vedova che si rifiuta di farlo. Qualche mese dopo Lucia \u00e8 sul lungo mare di Napoli con l&#8217;associazione Libera per una marcia\u00a0 contro le mafie e sul palco c&#8217;\u00e8 anche Antonio e istintivamente lo abbraccia. Antonio ha cambiato vita, lavora in <a class=\"dt-pswp-item\" href=\"http:\/\/www.radiopiu.net\/wordpress\/wp-content\/uploads\/2019\/09\/download-7.jpg\" data-dt-img-description=\"\" data-large_image_width=\"259\" data-large_image_height=\"194\"><img loading=\"lazy\" decoding=\"async\" class=\"size-full wp-image-99371 alignright\" src=\"http:\/\/www.radiopiu.net\/wordpress\/wp-content\/uploads\/2019\/09\/download-7.jpg\" alt=\"\" width=\"259\" height=\"194\" \/><\/a>una cooperativa intitolata proprio a Gaetano Montanino. Tra Lucia e Antonio nasce un&#8217;amicizia. Questa storia verr\u00e0 raccontata a Falcade (alla casa della Giovent\u00f9 o al Palafalcade, non \u00e8 ancora certa la sede precisa) dalla stessa Lucia Montanino di Mauro, un appuntamento organizzato dalla Proloco di Canale d&#8217;Agordo. Lucia ha partecipato ad un&#8217;unica trasmissione televisiva su Rai3, poi ha sempre rifiutato contatti con giornalisti e telecamere. Ha deciso di partecipare ad un incontro a Falcade il 16 novembre, il giorno prima sar\u00e0 invece a Padova. Lucia \u00e8 diventata l&#8217;angelo custode di Antonio che \u00e8 come il figliol prodigo.\u00a0 Antonio ci sta provando. Fa le pulizie per una cooperativa e, all&#8217;occorrenza, il cameriere. Qualche volta parla ai ragazzi che rischiano di finire stritolati dal crimine come accaduto a lui e si presenta cos\u00ec:<em> &#8220;Mi chiamo Antonio e nella mia vita ho fatto tanti errori. Ma ho promesso a Lucia, il mio angelo custode, di uscire dalle tarantelle&#8221;. <\/em><strong>foto radio radicale.<\/strong><\/p>\n<p>&nbsp;<\/p>\n<p>&nbsp;<\/p>\n<p>&nbsp;<\/p>\n<h3>VIOLENZA DONNE: RIPARTO FONDO NAZIONALE DI CONTRASTO AL VENETO 1,5 MLN DI EURO,<\/h3>\n<p><strong><a class=\"dt-pswp-item\" href=\"http:\/\/www.radiopiu.net\/wordpress\/wp-content\/uploads\/2018\/04\/GENERE-VIOLENZA.jpg\" data-dt-img-description=\"\" data-large_image_width=\"991\" data-large_image_height=\"961\"><img loading=\"lazy\" decoding=\"async\" class=\"wp-image-46409 alignleft\" src=\"http:\/\/www.radiopiu.net\/wordpress\/wp-content\/uploads\/2018\/04\/GENERE-VIOLENZA-300x291.jpg\" alt=\"\" width=\"134\" height=\"130\" srcset=\"https:\/\/www.radiopiu.net\/wordpress\/wp-content\/uploads\/2018\/04\/GENERE-VIOLENZA-300x291.jpg 300w, https:\/\/www.radiopiu.net\/wordpress\/wp-content\/uploads\/2018\/04\/GENERE-VIOLENZA-768x745.jpg 768w, https:\/\/www.radiopiu.net\/wordpress\/wp-content\/uploads\/2018\/04\/GENERE-VIOLENZA.jpg 991w\" sizes=\"auto, (max-width: 134px) 100vw, 134px\" \/><\/a>VENEZIA<\/strong>\u00a0 Aumentano le risorse pubbliche per i centri e le strutture di protezione e contrasto alla violenza contro le donne: il fondo nazionale 2018 ha assegnato al Veneto 1,5 milioni di euro, di cui quasi un terzo (480.479 euro) sono destinati ad istituire nuovi sportelli e nuove strutture di accoglienza.\u00a0 Il rimanente, pari a 1.103.737 euro, va a finanziare le strutture esistenti: 25 sportelli territoriali, 22 centri antiviolenza e 21 case rifugio. Lo scorso anno i Centri antiviolenza del Veneto hanno registrato 8464 contatti e un aumento del 79% delle segnalazioni.\u00a0 I nuovi casi di vittime di violenza presi in carico dalle strutture venete sono stati 2373, 280 in pi\u00f9 rispetto al 2017. Tradotto: in Veneto ogni 300 donne residenti una si \u00e8 rivolta ad un Centro antiviolenza e una ogni 700 \u00e8 stata presa in carico.<\/p>\n<p>&nbsp;<\/p>\n<p>&nbsp;<\/p>\n<p>&nbsp;<\/p>\n<p>&nbsp;<\/p>\n<h2><a class=\"dt-pswp-item\" href=\"http:\/\/www.radiopiu.net\/wordpress\/wp-content\/uploads\/2019\/09\/WhatsApp-Image-2019-09-21-at-06.15.09.jpeg\" data-dt-img-description=\"\" data-large_image_width=\"1440\" data-large_image_height=\"720\"><img loading=\"lazy\" decoding=\"async\" class=\"size-medium wp-image-99424 alignleft\" src=\"http:\/\/www.radiopiu.net\/wordpress\/wp-content\/uploads\/2019\/09\/WhatsApp-Image-2019-09-21-at-06.15.09-300x150.jpeg\" alt=\"\" width=\"300\" height=\"150\" srcset=\"https:\/\/www.radiopiu.net\/wordpress\/wp-content\/uploads\/2019\/09\/WhatsApp-Image-2019-09-21-at-06.15.09-300x150.jpeg 300w, https:\/\/www.radiopiu.net\/wordpress\/wp-content\/uploads\/2019\/09\/WhatsApp-Image-2019-09-21-at-06.15.09-768x384.jpeg 768w, https:\/\/www.radiopiu.net\/wordpress\/wp-content\/uploads\/2019\/09\/WhatsApp-Image-2019-09-21-at-06.15.09-1024x512.jpeg 1024w, https:\/\/www.radiopiu.net\/wordpress\/wp-content\/uploads\/2019\/09\/WhatsApp-Image-2019-09-21-at-06.15.09.jpeg 1440w\" sizes=\"auto, (max-width: 300px) 100vw, 300px\" \/><\/a>RISPARMIO ENERGETICO E SICUREZZA DAI COLLEGAMENTI RADIO ALLA VIDEO SORVEGLIANZA<\/h2>\n<p><strong>ALLEGHE<\/strong> Importante incontro quello di ieri pomeriggio ad Alleghe organizzato e coordinato da Francesco Zillio dell&#8217;azienda veronese EP Center.\u00a0 &#8220;Risparmiare energia si puo&#8217;&#8230;.e non rimanere al buio&#8221; in\u00a0 sala Franceschini gli esperti di Sorgenia hanno spiegato nei dettagli, soprattutto con dati concreti alla mano\u00a0 le soluzioni operative per il risparmio energetico. Ci sono alberghi con centri benessere che hanno adottato sistemi importanti che hanno permesso risparmi notevoli con il rientro negli investimenti in pochi anni. Sono state portate al tavolo dei relatori le relazioni sui lavori effettuati e i conteggi in KW\/ora risparmiati tradotti in euro. Radio Pi\u00f9 ha trasmesso in diretta facebook l&#8217;intero convegno, nella prima parte il risparmio energetico<\/p>\n<div id=\"fb-root\"><\/div>\n<p><script async=\"1\" defer=\"1\" crossorigin=\"anonymous\" src=\"https:\/\/connect.facebook.net\/it_IT\/sdk.js#xfbml=1&amp;version=v6.0\"><\/script><\/p>\n<div class=\"fb-video\" data-href=\"https:\/\/www.facebook.com\/mirko.mezzacasa\/videos\/10220801151005444\/\" data-width=\"1200\">\n<blockquote cite=\"https:\/\/www.facebook.com\/mirko.mezzacasa\/videos\/10220801151005444\/\" class=\"fb-xfbml-parse-ignore\"><p><a href=\"https:\/\/www.facebook.com\/mirko.mezzacasa\/videos\/10220801151005444\/\"><\/a><\/p>\n<p>Alleghe risparmiare energia si pu\u00f3 parte 1<\/p>\n<p>Pubblicato da <a href=\"https:\/\/www.facebook.com\/mirko.mezzacasa\">Mirko Mezzacasa<\/a> su Venerd\u00ec 20 settembre 2019<\/p><\/blockquote>\n<\/div>\n<p>Interessante la seconda parte del convegno di Sinora che ha spiegato come garantire i servizi di comunicazione in mancanza di copertura telefonica che in queste vallate non \u00e8 certo una novit\u00e0. Ma anche in caso di emergenza come nei giorni di Vaia quando intere comunit\u00e0 si sono ritrovate isolate dal mondo esterno. Semplici radio ma per le quali servono autorizzazioni ministeriali per non finire davanti ad un giudice con una denuncia penale, radio utili anche gli albergatori per dare un servizio in pi\u00f9 al turista. E poi la video sorveglianza con i leggi targa. A questo proposito va rimarcata l&#8217;assenza di amministratori e tecnici dei Comuni che avrebbero potuto avere informazioni importanti sulle opportunit\u00e0 offerte dai nuovi bandi come ricordato dal direttore Francesco Zillio<\/p>\n<p><strong>AUDIO<\/strong><\/p>\n<audio class=\"wp-audio-shortcode\" id=\"audio-99323-2\" preload=\"none\" style=\"width: 100%;\" controls=\"controls\"><source type=\"audio\/mpeg\" src=\"http:\/\/www.radiopiu.net\/wordpress\/wp-content\/uploads\/2019\/09\/ZILLIO.mp3?_=2\" \/><a href=\"http:\/\/www.radiopiu.net\/wordpress\/wp-content\/uploads\/2019\/09\/ZILLIO.mp3\">http:\/\/www.radiopiu.net\/wordpress\/wp-content\/uploads\/2019\/09\/ZILLIO.mp3<\/a><\/audio>\n<p>Di seguito la diretta facebook di RADIO PIU, l&#8217;intervento integrale del responsabile Sinora e del direttore Zillio<\/p>\n<div id=\"fb-root\"><\/div>\n<p><script async=\"1\" defer=\"1\" crossorigin=\"anonymous\" src=\"https:\/\/connect.facebook.net\/it_IT\/sdk.js#xfbml=1&amp;version=v6.0\"><\/script><\/p>\n<div class=\"fb-video\" data-href=\"https:\/\/www.facebook.com\/mirko.mezzacasa\/videos\/10220801883063745\/\" data-width=\"1200\">\n<blockquote cite=\"https:\/\/www.facebook.com\/mirko.mezzacasa\/videos\/10220801883063745\/\" class=\"fb-xfbml-parse-ignore\"><p><a href=\"https:\/\/www.facebook.com\/mirko.mezzacasa\/videos\/10220801883063745\/\"><\/a><\/p>\n<p>Alleghe risparmiare energia si pu\u00f3 parte 2al minuto 13&#039; importanti comunicazioni per amministratori pubblici e tecnici comunali non presenti all&#039;incontro, opportunit\u00e0 per la video sorveglianza con bandi speciali, occasioni che i nostri sindaci sempre &quot;senza soldi&quot; non dovrebbero perdere&#8230;.<\/p>\n<p>Pubblicato da <a href=\"https:\/\/www.facebook.com\/mirko.mezzacasa\">Mirko Mezzacasa<\/a> su Venerd\u00ec 20 settembre 2019<\/p><\/blockquote>\n<\/div>\n<p>&nbsp;<\/p>\n<p>&nbsp;<\/p>\n<p>&nbsp;<\/p>\n<h3>APPELLO DEGLI ALIMENTARISTI AL GOVERNO<\/h3>\n<p><strong><a class=\"dt-pswp-item\" href=\"http:\/\/www.radiopiu.net\/wordpress\/wp-content\/uploads\/2016\/03\/ascom.jpg\" data-dt-img-description=\"\" data-large_image_width=\"973\" data-large_image_height=\"361\"><img loading=\"lazy\" decoding=\"async\" class=\"size-medium wp-image-17846 alignleft\" src=\"http:\/\/www.radiopiu.net\/wordpress\/wp-content\/uploads\/2016\/03\/ascom-300x111.jpg\" alt=\"\" width=\"300\" height=\"111\" \/><\/a>BELLUNO<\/strong>\u00a0 Il Consiglio direttivo del Gruppo Alimentaristi di Confcommercio Belluno si \u00e8 riunito lo scorso 18 settembre per fare il punto della situazione sullo stato di salute di un settore che si trova sempre pi\u00f9 in sofferenza ma che rappresenta, tra mille difficolt\u00e0, ancora la spina dorsale dei paesi, delle frazioni e dei centri storici del nostro territorio. Ne \u00e8 scaturita una fotografia preoccupante sotto il profilo dell&#8217;ormai quotidiana e forzata chiusura di botteghe strette da una concorrenza sempre pi\u00f9 squilibrata, da un livello burocratico insopportabile e da un carico fiscale e di costi assolutamente insostenibile perch\u00e9 il lavoro dei piccoli commercianti si possa giustificare. Visitando i piccoli paesi ed i centri storici maggiori si scorgono a malincuore sempre pi\u00f9 vetrine chiuse e locali abbandonati.<\/p>\n<blockquote><p><em>\u00abIl direttivo \u2013 evidenzia il presidente provinciale Sandro Lavanda \u2013 lancia agli enti locali ed ai nostri rappresentanti in Parlamento e nel Governo un allarme che non pu\u00f2 pi\u00f9 essere ignorato. Se il disegno \u00e8 quello di far morire i centri storici ed i paesi a fronte di uno sviluppo esclusivamente pensato per le periferie&#8230; la strada \u00e8 quella giusta! Se invece, come Confcommercio sostiene da oltre vent&#8217;anni, si crede veramente, a livello sociale ed economico, in un modello che veda ancora centrali i nostri paesi, la ruralit\u00e0 ed i centri storici&#8230; si deve cambiare rotta!\u00bb<\/em><\/p><\/blockquote>\n<p>Se davvero la politica \u2013 si legge in una nota del Direttivo Alimentaristi &#8211; vuole per la provincia di Belluno, ma pi\u00f9 in generale per la montagna, un futuro basato sul turismo, sull&#8217;ambiente e sulla qualit\u00e0 della vita, le strategie devono essere pensate di conseguenza e centrate anche sulla salvaguardia del piccolo commercio. Alcuni fattori fondamentali? Un&#8217;equilibrata programmazione delle aree, stop al consumo di suolo, recupero di aree dismesse ad uso della comunit\u00e0 e non con scopi speculativi, cura dell&#8217;ambiente, incentivazione alle microimprese affinch\u00e9 possano ancora vivere delle proprie attivit\u00e0, centralit\u00e0 della vita sociale (pensiamo ai danni causati dalla corsa alle aperture domenicali), politiche di reale e concreto stimolo ed agevolazione a vivere e lavorare nei nostri territori.<\/p>\n<p>&nbsp;<\/p>\n<p>&nbsp;<\/p>\n<p>&nbsp;<\/p>\n<h3>LA PROVINCIA NON SI FERMA,\u00a0 ORA SOTTO CON LA SICUREZZA A CANCIA<\/h3>\n<blockquote><p><em>La Provincia di Belluno ha presentato in conferenza stampa gli interventi di difesa dell\u2019abitato di Cancia di Borca di Cadore.\u00a0 Primo stralcio \u201cZona del nodo idraulico Forcella Salvella-Bus del Diau\u201d, per un importo dei lavori di 2.963.238 euro con un quadro economico di 4.135.000 euro (seguiranno ulteriori interventi a completamento del progetto complessivo che ammonta a 7.500.000 euro). L\u2019obiettivo dell\u2019intervento \u00e8 la mitigazione del rischio di colata detritica che interessa il canalone di Cancia e che da anni minaccia le abitazioni sottostanti, la <\/em><em>viabilit\u00e0 comunale e la strada statale 51 di Alemagna.<\/em><\/p><\/blockquote>\n<h3><a class=\"dt-pswp-item\" href=\"http:\/\/www.radiopiu.net\/wordpress\/wp-content\/uploads\/2019\/09\/35d33fc5-99a2-4a09-93da-278546c07983.jpg\" data-dt-img-description=\"\" data-large_image_width=\"1200\" data-large_image_height=\"1600\"><img loading=\"lazy\" decoding=\"async\" class=\"wp-image-99379 alignleft\" src=\"http:\/\/www.radiopiu.net\/wordpress\/wp-content\/uploads\/2019\/09\/35d33fc5-99a2-4a09-93da-278546c07983-225x300.jpg\" alt=\"\" width=\"213\" height=\"284\" srcset=\"https:\/\/www.radiopiu.net\/wordpress\/wp-content\/uploads\/2019\/09\/35d33fc5-99a2-4a09-93da-278546c07983-225x300.jpg 225w, https:\/\/www.radiopiu.net\/wordpress\/wp-content\/uploads\/2019\/09\/35d33fc5-99a2-4a09-93da-278546c07983-768x1024.jpg 768w, https:\/\/www.radiopiu.net\/wordpress\/wp-content\/uploads\/2019\/09\/35d33fc5-99a2-4a09-93da-278546c07983.jpg 1200w\" sizes=\"auto, (max-width: 213px) 100vw, 213px\" \/><\/a><\/h3>\n<h3><\/h3>\n<h3><\/h3>\n<h3><\/h3>\n<h3><\/h3>\n<h3><\/h3>\n<h3><\/h3>\n<h3><\/h3>\n<h3><\/h3>\n<h3>IL PRESIDENTE DELLA PROVINCIA ROBERTO PADRIN<\/h3>\n<audio class=\"wp-audio-shortcode\" id=\"audio-99323-3\" preload=\"none\" style=\"width: 100%;\" controls=\"controls\"><source type=\"audio\/mpeg\" src=\"http:\/\/www.radiopiu.net\/wordpress\/wp-content\/uploads\/2019\/09\/PADRIN-2.mp3?_=3\" \/><a href=\"http:\/\/www.radiopiu.net\/wordpress\/wp-content\/uploads\/2019\/09\/PADRIN-2.mp3\">http:\/\/www.radiopiu.net\/wordpress\/wp-content\/uploads\/2019\/09\/PADRIN-2.mp3<\/a><\/audio>\n<p>&nbsp;<\/p>\n<p><strong>IL CONSIGLIERE PROVINCIALE CON DELEGA ALLA PROTEZIONE CIVILE MASSIMO BORTOLUZZI<\/strong><\/p>\n<audio class=\"wp-audio-shortcode\" id=\"audio-99323-4\" preload=\"none\" style=\"width: 100%;\" controls=\"controls\"><source type=\"audio\/mpeg\" src=\"http:\/\/www.radiopiu.net\/wordpress\/wp-content\/uploads\/2019\/09\/MASSIMO-2.mp3?_=4\" \/><a href=\"http:\/\/www.radiopiu.net\/wordpress\/wp-content\/uploads\/2019\/09\/MASSIMO-2.mp3\">http:\/\/www.radiopiu.net\/wordpress\/wp-content\/uploads\/2019\/09\/MASSIMO-2.mp3<\/a><\/audio>\n<p>&nbsp;<\/p>\n<p>&nbsp;<\/p>\n<p><a class=\"dt-pswp-item\" href=\"http:\/\/www.radiopiu.net\/wordpress\/wp-content\/uploads\/2019\/09\/c0c60490-e4a9-4bd0-9302-6e2ff0229fc0.jpg\" data-dt-img-description=\"\" data-large_image_width=\"1600\" data-large_image_height=\"1200\"><img loading=\"lazy\" decoding=\"async\" class=\"alignnone wp-image-99375\" src=\"http:\/\/www.radiopiu.net\/wordpress\/wp-content\/uploads\/2019\/09\/c0c60490-e4a9-4bd0-9302-6e2ff0229fc0-300x225.jpg\" alt=\"\" width=\"175\" height=\"131\" srcset=\"https:\/\/www.radiopiu.net\/wordpress\/wp-content\/uploads\/2019\/09\/c0c60490-e4a9-4bd0-9302-6e2ff0229fc0-300x225.jpg 300w, https:\/\/www.radiopiu.net\/wordpress\/wp-content\/uploads\/2019\/09\/c0c60490-e4a9-4bd0-9302-6e2ff0229fc0-768x576.jpg 768w, https:\/\/www.radiopiu.net\/wordpress\/wp-content\/uploads\/2019\/09\/c0c60490-e4a9-4bd0-9302-6e2ff0229fc0-1024x768.jpg 1024w, https:\/\/www.radiopiu.net\/wordpress\/wp-content\/uploads\/2019\/09\/c0c60490-e4a9-4bd0-9302-6e2ff0229fc0.jpg 1600w\" sizes=\"auto, (max-width: 175px) 100vw, 175px\" \/><\/a><a class=\"dt-pswp-item\" href=\"http:\/\/www.radiopiu.net\/wordpress\/wp-content\/uploads\/2019\/09\/d06d20ac-d242-480c-b385-8c3da8840d6d.jpg\" data-dt-img-description=\"\" data-large_image_width=\"1600\" data-large_image_height=\"1200\"><img loading=\"lazy\" decoding=\"async\" class=\"alignnone wp-image-99376\" src=\"http:\/\/www.radiopiu.net\/wordpress\/wp-content\/uploads\/2019\/09\/d06d20ac-d242-480c-b385-8c3da8840d6d-300x225.jpg\" alt=\"\" width=\"173\" height=\"130\" srcset=\"https:\/\/www.radiopiu.net\/wordpress\/wp-content\/uploads\/2019\/09\/d06d20ac-d242-480c-b385-8c3da8840d6d-300x225.jpg 300w, https:\/\/www.radiopiu.net\/wordpress\/wp-content\/uploads\/2019\/09\/d06d20ac-d242-480c-b385-8c3da8840d6d-768x576.jpg 768w, https:\/\/www.radiopiu.net\/wordpress\/wp-content\/uploads\/2019\/09\/d06d20ac-d242-480c-b385-8c3da8840d6d-1024x768.jpg 1024w, https:\/\/www.radiopiu.net\/wordpress\/wp-content\/uploads\/2019\/09\/d06d20ac-d242-480c-b385-8c3da8840d6d.jpg 1600w\" sizes=\"auto, (max-width: 173px) 100vw, 173px\" \/><\/a><a class=\"dt-pswp-item\" href=\"http:\/\/www.radiopiu.net\/wordpress\/wp-content\/uploads\/2019\/09\/e40800c3-8f31-4bd6-a51c-65a04cc3cad3.jpg\" data-dt-img-description=\"\" data-large_image_width=\"1600\" data-large_image_height=\"1200\"><img loading=\"lazy\" decoding=\"async\" class=\"alignnone wp-image-99377\" src=\"http:\/\/www.radiopiu.net\/wordpress\/wp-content\/uploads\/2019\/09\/e40800c3-8f31-4bd6-a51c-65a04cc3cad3-300x225.jpg\" alt=\"\" width=\"172\" height=\"129\" srcset=\"https:\/\/www.radiopiu.net\/wordpress\/wp-content\/uploads\/2019\/09\/e40800c3-8f31-4bd6-a51c-65a04cc3cad3-300x225.jpg 300w, https:\/\/www.radiopiu.net\/wordpress\/wp-content\/uploads\/2019\/09\/e40800c3-8f31-4bd6-a51c-65a04cc3cad3-768x576.jpg 768w, https:\/\/www.radiopiu.net\/wordpress\/wp-content\/uploads\/2019\/09\/e40800c3-8f31-4bd6-a51c-65a04cc3cad3-1024x768.jpg 1024w, https:\/\/www.radiopiu.net\/wordpress\/wp-content\/uploads\/2019\/09\/e40800c3-8f31-4bd6-a51c-65a04cc3cad3.jpg 1600w\" sizes=\"auto, (max-width: 172px) 100vw, 172px\" \/><\/a><a class=\"dt-pswp-item\" href=\"http:\/\/www.radiopiu.net\/wordpress\/wp-content\/uploads\/2019\/09\/34b1f876-71a2-4f31-84c3-7a2c32c26fc6.jpg\" data-dt-img-description=\"\" data-large_image_width=\"1600\" data-large_image_height=\"1200\"><img loading=\"lazy\" decoding=\"async\" class=\"alignnone wp-image-99378\" src=\"http:\/\/www.radiopiu.net\/wordpress\/wp-content\/uploads\/2019\/09\/34b1f876-71a2-4f31-84c3-7a2c32c26fc6-300x225.jpg\" alt=\"\" width=\"166\" height=\"125\" srcset=\"https:\/\/www.radiopiu.net\/wordpress\/wp-content\/uploads\/2019\/09\/34b1f876-71a2-4f31-84c3-7a2c32c26fc6-300x225.jpg 300w, https:\/\/www.radiopiu.net\/wordpress\/wp-content\/uploads\/2019\/09\/34b1f876-71a2-4f31-84c3-7a2c32c26fc6-768x576.jpg 768w, https:\/\/www.radiopiu.net\/wordpress\/wp-content\/uploads\/2019\/09\/34b1f876-71a2-4f31-84c3-7a2c32c26fc6-1024x768.jpg 1024w, https:\/\/www.radiopiu.net\/wordpress\/wp-content\/uploads\/2019\/09\/34b1f876-71a2-4f31-84c3-7a2c32c26fc6.jpg 1600w\" sizes=\"auto, (max-width: 166px) 100vw, 166px\" \/><\/a><a class=\"dt-pswp-item\" href=\"http:\/\/www.radiopiu.net\/wordpress\/wp-content\/uploads\/2019\/09\/a7de120a-7cea-42ee-9a09-e5db35b8fc77.jpg\" data-dt-img-description=\"\" data-large_image_width=\"1600\" data-large_image_height=\"1200\"><img loading=\"lazy\" decoding=\"async\" class=\"alignnone wp-image-99380\" src=\"http:\/\/www.radiopiu.net\/wordpress\/wp-content\/uploads\/2019\/09\/a7de120a-7cea-42ee-9a09-e5db35b8fc77-300x225.jpg\" alt=\"\" width=\"169\" height=\"127\" srcset=\"https:\/\/www.radiopiu.net\/wordpress\/wp-content\/uploads\/2019\/09\/a7de120a-7cea-42ee-9a09-e5db35b8fc77-300x225.jpg 300w, https:\/\/www.radiopiu.net\/wordpress\/wp-content\/uploads\/2019\/09\/a7de120a-7cea-42ee-9a09-e5db35b8fc77-768x576.jpg 768w, https:\/\/www.radiopiu.net\/wordpress\/wp-content\/uploads\/2019\/09\/a7de120a-7cea-42ee-9a09-e5db35b8fc77-1024x768.jpg 1024w, https:\/\/www.radiopiu.net\/wordpress\/wp-content\/uploads\/2019\/09\/a7de120a-7cea-42ee-9a09-e5db35b8fc77.jpg 1600w\" sizes=\"auto, (max-width: 169px) 100vw, 169px\" \/><\/a><a class=\"dt-pswp-item\" href=\"http:\/\/www.radiopiu.net\/wordpress\/wp-content\/uploads\/2019\/09\/a57f6759-9fab-4dcd-a2bf-260382bc08f7.jpg\" data-dt-img-description=\"\" data-large_image_width=\"1600\" data-large_image_height=\"900\"><img loading=\"lazy\" decoding=\"async\" class=\"alignnone wp-image-99381\" src=\"http:\/\/www.radiopiu.net\/wordpress\/wp-content\/uploads\/2019\/09\/a57f6759-9fab-4dcd-a2bf-260382bc08f7-300x169.jpg\" alt=\"\" width=\"321\" height=\"181\" srcset=\"https:\/\/www.radiopiu.net\/wordpress\/wp-content\/uploads\/2019\/09\/a57f6759-9fab-4dcd-a2bf-260382bc08f7-300x169.jpg 300w, https:\/\/www.radiopiu.net\/wordpress\/wp-content\/uploads\/2019\/09\/a57f6759-9fab-4dcd-a2bf-260382bc08f7-768x432.jpg 768w, https:\/\/www.radiopiu.net\/wordpress\/wp-content\/uploads\/2019\/09\/a57f6759-9fab-4dcd-a2bf-260382bc08f7-1024x576.jpg 1024w, https:\/\/www.radiopiu.net\/wordpress\/wp-content\/uploads\/2019\/09\/a57f6759-9fab-4dcd-a2bf-260382bc08f7.jpg 1600w\" sizes=\"auto, (max-width: 321px) 100vw, 321px\" \/><\/a><a class=\"dt-pswp-item\" href=\"http:\/\/www.radiopiu.net\/wordpress\/wp-content\/uploads\/2019\/09\/aa31746d-dfda-43a6-b50e-25649b2c420c.jpg\" data-dt-img-description=\"\" data-large_image_width=\"1600\" data-large_image_height=\"1200\"><img loading=\"lazy\" decoding=\"async\" class=\"alignnone wp-image-99383\" src=\"http:\/\/www.radiopiu.net\/wordpress\/wp-content\/uploads\/2019\/09\/aa31746d-dfda-43a6-b50e-25649b2c420c-300x225.jpg\" alt=\"\" width=\"245\" height=\"184\" srcset=\"https:\/\/www.radiopiu.net\/wordpress\/wp-content\/uploads\/2019\/09\/aa31746d-dfda-43a6-b50e-25649b2c420c-300x225.jpg 300w, https:\/\/www.radiopiu.net\/wordpress\/wp-content\/uploads\/2019\/09\/aa31746d-dfda-43a6-b50e-25649b2c420c-768x576.jpg 768w, https:\/\/www.radiopiu.net\/wordpress\/wp-content\/uploads\/2019\/09\/aa31746d-dfda-43a6-b50e-25649b2c420c-1024x768.jpg 1024w, https:\/\/www.radiopiu.net\/wordpress\/wp-content\/uploads\/2019\/09\/aa31746d-dfda-43a6-b50e-25649b2c420c.jpg 1600w\" sizes=\"auto, (max-width: 245px) 100vw, 245px\" \/><\/a><br \/>\n<strong>L\u2019INTERVENTO<\/strong><br \/>\nLe colate detritiche che scendono dal monte Antelao sono causate da precipitazioni di breve durata e forte intensit\u00e0, concentrate prevalentemente nel periodo estivo. La quantit\u00e0 pi\u00f9 frequente di materiale mobilizzato con una colata solido-liquida \u00e8 stimata in 10.000 &#8211; 50.000 metri cubi (le massime quantit\u00e0 ipotizzabili, in caso di eventi con tempi di ritorno significativi, sono stimate attorno ai 100.000 metri cubi). I fenomeni si innescano lungo il canalone, a quota 1.666 metri circa, scendono a valle e si aggravano fortemente a quota 1.300 metri, dove al materiale solido si aggiungono le acque del rio Bus del Diau, le quali mobilizzano la parte rocciosa e solida di colata presente per poi trascinarla a valle. L\u2019intervento consiste nella realizzazione delle seguenti opere:<br \/>\nBriglia frangicolata \u2192 L\u2019opera principale prevista dagli interventi in progetto \u00e8 una briglia frangicolata del tipo \u201cSabo dam\u201d. Si tratta di una opera trasversale di trattenuta in cemento armato di tipo aperto, all\u2019interno della quale sono inseriti elementi in acciaio frangicolata alti all\u2019incirca 6 metri, funzionali a trattenere i massi pi\u00f9 grandi della colata. Verr\u00e0 realizzata a monte della ridisegnata confluenza tra il Bus del Diau e la colata detritica e servir\u00e0 a<br \/>\nfermare la parte pi\u00f9 consistente della colata prima che raggiunga la componente liquida. Deviazione Bus del Diau \u2192 \u00c8 previsto il prolungamento del canale, deviando e spostando la confluenza esistente da 1.362 metri fino a 1.260 metri di quota. L\u2019opera avr\u00e0 uno sviluppo complessivo di 330 metri circa, costituito da tre tratti che termineranno con tre salti di fondo, l\u2019ultimo dei quali corrisponder\u00e0 alla vasca di dissipazione dell\u2019energia del<br \/>\ncanale in ingresso. Risagomatura della cosiddetta \u201cRovina di Cancia\u201d \u2192 Con questo intervento si intende<br \/>\nconferire alle possibili colate detritiche un convogliamento il pi\u00f9 possibile centrale rispetto al canalone, evitando il rischio di sormonto. Il tratto interessato dal progetto avr\u00e0 uno sviluppo di 70 metri circa e una larghezza variabile a seconda della conformazione del terreno (comunque non inferiore a 13 metri). Sono previste anche alcune scogliere in massi ciclopici a protezione degli argini, sia a monte che a valle della briglia frangicolata<\/p>\n<p>&nbsp;<\/p>\n<h3><\/h3>\n<p>&nbsp;<\/p>\n<h3>CINQUE PROGETTI, UN MILIONE DI EURO A VALLADA AGORDINA<\/h3>\n<p><strong><a class=\"dt-pswp-item\" href=\"http:\/\/www.radiopiu.net\/wordpress\/wp-content\/uploads\/2019\/05\/vallada-agordina.jpg\" data-dt-img-description=\"\" data-large_image_width=\"850\" data-large_image_height=\"567\"><img loading=\"lazy\" decoding=\"async\" class=\"wp-image-85787 alignleft\" src=\"http:\/\/www.radiopiu.net\/wordpress\/wp-content\/uploads\/2019\/05\/vallada-agordina-300x200.jpg\" alt=\"\" width=\"182\" height=\"121\" srcset=\"https:\/\/www.radiopiu.net\/wordpress\/wp-content\/uploads\/2019\/05\/vallada-agordina-300x200.jpg 300w, https:\/\/www.radiopiu.net\/wordpress\/wp-content\/uploads\/2019\/05\/vallada-agordina-768x512.jpg 768w, https:\/\/www.radiopiu.net\/wordpress\/wp-content\/uploads\/2019\/05\/vallada-agordina.jpg 850w\" sizes=\"auto, (max-width: 182px) 100vw, 182px\" \/><\/a><\/strong><\/p>\n<p>&nbsp;<\/p>\n<p>&nbsp;<\/p>\n<p>&nbsp;<\/p>\n<p><strong>DI GIANNI SANTOMASO<\/strong><\/p>\n<audio class=\"wp-audio-shortcode\" id=\"audio-99323-5\" preload=\"none\" style=\"width: 100%;\" controls=\"controls\"><source type=\"audio\/mpeg\" src=\"http:\/\/www.radiopiu.net\/wordpress\/wp-content\/uploads\/2019\/09\/VALLADA.mp3?_=5\" \/><a href=\"http:\/\/www.radiopiu.net\/wordpress\/wp-content\/uploads\/2019\/09\/VALLADA.mp3\">http:\/\/www.radiopiu.net\/wordpress\/wp-content\/uploads\/2019\/09\/VALLADA.mp3<\/a><\/audio>\n<p>&nbsp;<\/p>\n<p>&nbsp;<\/p>\n<p>&nbsp;<\/p>\n<p>&nbsp;<\/p>\n<h3>BLACKFIN TORNA A BRILLARE SOTTO IL CIELO DI FIRENZE<\/h3>\n<blockquote><p><strong>In occasione di DaTE, un cocktail esclusivo dedicato al brand di occhiali in titanio<\/strong><\/p><\/blockquote>\n<h3>DALLA RASSEGNA STAMPA, NICOLA DEL DIN<\/h3>\n<audio class=\"wp-audio-shortcode\" id=\"audio-99323-6\" preload=\"none\" style=\"width: 100%;\" controls=\"controls\"><source type=\"audio\/mpeg\" src=\"http:\/\/www.radiopiu.net\/wordpress\/wp-content\/uploads\/2019\/09\/NICOLA.mp3?_=6\" \/><a href=\"http:\/\/www.radiopiu.net\/wordpress\/wp-content\/uploads\/2019\/09\/NICOLA.mp3\">http:\/\/www.radiopiu.net\/wordpress\/wp-content\/uploads\/2019\/09\/NICOLA.mp3<\/a><\/audio>\n<p>&nbsp;<\/p>\n<p><strong><a class=\"dt-pswp-item\" href=\"http:\/\/www.radiopiu.net\/wordpress\/wp-content\/uploads\/2019\/09\/Blackfin_DaTE_18.jpg\" data-dt-img-description=\"\" data-large_image_width=\"2000\" data-large_image_height=\"1331\"><img loading=\"lazy\" decoding=\"async\" class=\"size-medium wp-image-99327 alignleft\" src=\"http:\/\/www.radiopiu.net\/wordpress\/wp-content\/uploads\/2019\/09\/Blackfin_DaTE_18-300x200.jpg\" alt=\"\" width=\"300\" height=\"200\" srcset=\"https:\/\/www.radiopiu.net\/wordpress\/wp-content\/uploads\/2019\/09\/Blackfin_DaTE_18-300x200.jpg 300w, https:\/\/www.radiopiu.net\/wordpress\/wp-content\/uploads\/2019\/09\/Blackfin_DaTE_18-768x511.jpg 768w, https:\/\/www.radiopiu.net\/wordpress\/wp-content\/uploads\/2019\/09\/Blackfin_DaTE_18-1024x681.jpg 1024w, https:\/\/www.radiopiu.net\/wordpress\/wp-content\/uploads\/2019\/09\/Blackfin_DaTE_18.jpg 2000w\" sizes=\"auto, (max-width: 300px) 100vw, 300px\" \/><\/a>\u00a0TAIBON <\/strong>\u00a0La splendida terrazza al sesto piano dell\u2019Hotel Westin Excelsior di Firenze sar\u00e0 nuovamente la cornice dell\u2019esclusivo cocktail che Blackfin organizzer\u00e0 in occasione della sua partecipazione al DaTE \u2013 manifestazione in programma dal 21 al 23 settembre alla Leopolda di Firenze dove sar\u00e0 messo in scena il meglio della creativit\u00e0 nel mondo dell\u2019eyewear internazionale. Domenica\u00a0 infatti, si svolger\u00e0 un evento su invito, fortemente voluto dall\u2019azienda che ha scelto di raccontare cos\u00ec, in modo emozionale, l\u2019evoluzione luxury del proprio marchio. Un appuntamento che il brand di occhiali in titanio replica dopo lo straordinario successo dello scorso anno.La bellezza e l\u2019eccellenza che da sempre ispirano il prodotto si traducono metaforicamente nella bellezza mozzafiato della location fiorentina che dall\u2019alto domina lo skyline della citt\u00e0 con la torre di Palazzo Vecchio e la cupola del Brunelleschi sullo sfondo. Un fermo immagine della bellezza dell\u2019Italia autentica che potrebbe sintetizzarsi con il concetto di neomadeinitaly, la filosofia profonda che anima il marchio.<\/p>\n<p><em>\u201cLa scelta di Firenze non \u00e8 casuale\u201d \u2013 dichiara Nicola Del Din, amministratore delegato di Blackfin \u2013 \u201cDaTE rappresenta l\u2019appuntamento con l\u2019eccellenza dell\u2019eyewear e Blackfin, con questo evento, desidera celebrare l\u2019eccellenza in senso lato, intesa come qualit\u00e0, bellezza, essenza, eticit\u00e0, tutti valori che contraddistinguono il nostro neomadeinitaly. Per noi \u00e8 dunque un continuum della fiera. Sia in ottica di relazioni con i clienti attuali e con i partner che di new business. In fiera abbiamo l\u2019opportunit\u00e0 di creare contatti prospect e portandoli all\u2019evento vorremmo far loro vivere l\u2019emozione e l\u2019unicit\u00e0 del marchio Blackfin trasmettendo con coerenza i valori che sottendono la nostra azienda. Nei confronti loro e dei nostri ottici clienti e partner \u00e8 un modo per condividere un approccio culturale con coloro che sono, prima di tutto, amici\u201d.<\/em><\/p>\n<p>Non \u00e8 un caso che proprio in questo contesto lo scorso anno sia nata la collaborazione con LuisaViaRoma, il famoso retailer online di lusso, per la realizzazione di una <em>capsule collection<\/em> venduta esclusivamente presso i loro canali. Con un allestimento minimale ed emozionale, che lascer\u00e0 parlare le suggestioni della location, l\u2019evento vedr\u00e0 la presentazione ufficiale della collezione Autunno\/Inverno in Italia, un mercato che vale il 22% del fatturato complessivo dell\u2019azienda. Nel corso della serata sar\u00e0 anche presentato ufficialmente agli ospiti Filippo Pustetto, recentemente nominato direttore commerciale mondo.<\/p>\n<blockquote class=\"wp-embedded-content\" data-secret=\"2pf4JOtjtZ\"><p><a href=\"http:\/\/www.radiopiu.net\/wordpress\/pramaor-90-dipendenti-30-agenti-e-dalla-primavera-una-sede-rinnovata-e-ampliata\/\">PRAMAOR: 90 DIPENDENTI, 30 AGENTI E DALLA PRIMAVERA UNA SEDE RINNOVATA E AMPLIATA<\/a><\/p><\/blockquote>\n<p><iframe loading=\"lazy\" title=\"&#8220;PRAMAOR: 90 DIPENDENTI, 30 AGENTI E DALLA PRIMAVERA UNA SEDE RINNOVATA E AMPLIATA&#8221; &#8212; Radio Pi\u00f9\" class=\"wp-embedded-content\" sandbox=\"allow-scripts\" security=\"restricted\" style=\"position: absolute; clip: rect(1px, 1px, 1px, 1px);\" src=\"http:\/\/www.radiopiu.net\/wordpress\/pramaor-90-dipendenti-30-agenti-e-dalla-primavera-una-sede-rinnovata-e-ampliata\/embed\/#?secret=2pf4JOtjtZ\" data-secret=\"2pf4JOtjtZ\" width=\"600\" height=\"338\" frameborder=\"0\" marginwidth=\"0\" marginheight=\"0\" scrolling=\"no\"><\/iframe><\/p>\n<p>&nbsp;<\/p>\n<p>&nbsp;<\/p>\n<h2>&#8220;SIparte&#8221; IDEE IMPRENDITORIALI CON IL GAL PREALPI E DOLOMITI<\/h2>\n<p><strong><a class=\"dt-pswp-item\" href=\"http:\/\/www.radiopiu.net\/wordpress\/wp-content\/uploads\/2019\/09\/WhatsApp-Image-2019-09-20-at-11.47.48.jpeg\" data-dt-img-description=\"\" data-large_image_width=\"1600\" data-large_image_height=\"1200\"><img loading=\"lazy\" decoding=\"async\" class=\" wp-image-99347 alignleft\" src=\"http:\/\/www.radiopiu.net\/wordpress\/wp-content\/uploads\/2019\/09\/WhatsApp-Image-2019-09-20-at-11.47.48-300x225.jpeg\" alt=\"\" width=\"209\" height=\"157\" srcset=\"https:\/\/www.radiopiu.net\/wordpress\/wp-content\/uploads\/2019\/09\/WhatsApp-Image-2019-09-20-at-11.47.48-300x225.jpeg 300w, https:\/\/www.radiopiu.net\/wordpress\/wp-content\/uploads\/2019\/09\/WhatsApp-Image-2019-09-20-at-11.47.48-768x576.jpeg 768w, https:\/\/www.radiopiu.net\/wordpress\/wp-content\/uploads\/2019\/09\/WhatsApp-Image-2019-09-20-at-11.47.48-1024x768.jpeg 1024w, https:\/\/www.radiopiu.net\/wordpress\/wp-content\/uploads\/2019\/09\/WhatsApp-Image-2019-09-20-at-11.47.48.jpeg 1600w\" sizes=\"auto, (max-width: 209px) 100vw, 209px\" \/><\/a>BELLUNO<\/strong> Avviare un\u2019attivit\u00e0 imprenditoriale nel nostro territorio in un\u2019ottica di innovazione sociale. E\u2019 la sfida che hanno raccolto circa 40 giovani bellunesi che hanno preso parte al progetto \u201cSIparte\u201d. SIMRA (acronimo inglese di \u201cInnovazione sociale nelle aree rurali marginali\u201d) \u00e8 un vasto progetto europeo che vede protagonisti 26 partner di vari paesi e territori. Tra questi anche il nostro; tramite il progetto SIparte, il Gal Prealpi e Dolomiti, il dipartimento TESAF dell\u2019universit\u00e0 di Padova ed Etrifor hanno promosso un\u2019esperienza innovativa fatta di incontri, ricerche, visite \u201csul campo\u201d per accompagnare i giovani partecipanti verso la creazione di un\u2019attivit\u00e0 imprenditoriale innovativa nel campo agricolo, forestale e dello sviluppo rurale.<\/p>\n<h3>Matteo Aguanno, Direttore Gal Prealpi e Dolomiti<\/h3>\n<audio class=\"wp-audio-shortcode\" id=\"audio-99323-7\" preload=\"none\" style=\"width: 100%;\" controls=\"controls\"><source type=\"audio\/mpeg\" src=\"http:\/\/www.radiopiu.net\/wordpress\/wp-content\/uploads\/2019\/09\/macca-1.mp3?_=7\" \/><a href=\"http:\/\/www.radiopiu.net\/wordpress\/wp-content\/uploads\/2019\/09\/macca-1.mp3\">http:\/\/www.radiopiu.net\/wordpress\/wp-content\/uploads\/2019\/09\/macca-1.mp3<\/a><\/audio>\n<p>Il tema \u00e8 quello di vivere, promuovere, sviluppare il proprio territorio con attivit\u00e0 in grado di rispondere ai bisogni delle persone non soddisfatti da altri enti o soggetti, nell\u2019ottica dell\u2019innovazione sociale. Ma in quali ambiti si pu\u00f2 declinare l\u2019innovazione sociale?<\/p>\n<h3>Laura Secco, Prof. dipartimento Universit\u00e0 di Padova<\/h3>\n<audio class=\"wp-audio-shortcode\" id=\"audio-99323-8\" preload=\"none\" style=\"width: 100%;\" controls=\"controls\"><source type=\"audio\/mpeg\" src=\"http:\/\/www.radiopiu.net\/wordpress\/wp-content\/uploads\/2019\/09\/macca2.mp3?_=8\" \/><a href=\"http:\/\/www.radiopiu.net\/wordpress\/wp-content\/uploads\/2019\/09\/macca2.mp3\">http:\/\/www.radiopiu.net\/wordpress\/wp-content\/uploads\/2019\/09\/macca2.mp3<\/a><\/audio>\n<p>Alla fine del percorso di SIparte. una delle idee imprenditoriali proposte \u00e8 stata scelta per essere sostenuta nella fase di progettazione e avvio della start-up.<\/p>\n<p><em>collaborazione Nicola Maccagnan<\/em><\/p>\n<p>&nbsp;<\/p>\n<p>&nbsp;<\/p>\n<p>&nbsp;<\/p>\n<p>&nbsp;<\/p>\n<h3>CARTE EUROPEA DEL TURISMO SOSTENIBILE. GLI IMPEGNI<\/h3>\n<p><strong><a class=\"dt-pswp-item\" href=\"http:\/\/www.radiopiu.net\/wordpress\/wp-content\/uploads\/2018\/08\/logo-parco.png\" data-dt-img-description=\"\" data-large_image_width=\"253\" data-large_image_height=\"120\"><img loading=\"lazy\" decoding=\"async\" class=\"size-full wp-image-59193 alignleft\" src=\"http:\/\/www.radiopiu.net\/wordpress\/wp-content\/uploads\/2018\/08\/logo-parco.png\" alt=\"\" width=\"253\" height=\"120\" \/><\/a>FELTRE<\/strong> \u00c8 iniziato\u00a0 con il primo incontro pubblico, il percorso del Parco Nazionale Dolomiti Bellunesi per riottenere la Carta Europea del Turismo Sostenibile (CETS). Il Parco ha ottenuto questo prestigioso riconoscimento nel 2015 e oggi, dopo cinque anni, si rende necessario rinnovare l\u2019intero processo. Nel corso dell\u2019incontro di Seravella sono stati illustrati i risultati raggiunti nei primi cinque anni di applicazione della CETS. La CETS 2015-2019 ha visto la partecipazione, a fianco del Parco, di 5 Enti pubblici e di 65 soggetti privati, che hanno realizzato assieme 48 diversi progetti per sviluppare il turismo sostenibile. Nella seconda parte dell\u2019incontro\u00a0 \u00e8 stato presentato il percorso che attende ora il Parco e quanti vorranno condividere con l\u2019Ente la sfida del rinnovo della certificazione, Per ottenere la CETS \u00e8 necessario infatti che Parco e soggetti pubblici e privati del territorio condividano una strategia comune e realizzino un nuovo piano di azione quinquennale per promuovere il turismo sostenibile, coniugando le esigenze di tutela della natura con quelle della fruizione turistica.<\/p>\n<p>&nbsp;<\/p>\n<p>&nbsp;<\/p>\n<p>&nbsp;<\/p>\n<p>&nbsp;<\/p>\n<p>&nbsp;<\/p>\n<h2>PIANO URBANISTICO ATTUATTIVO A VISONE<\/h2>\n<blockquote><p><em>Piano Urbanistico Attuativo a Visome Arrivato l&#8217;ultimo via libera<\/em><\/p><\/blockquote>\n<p><strong><a class=\"dt-pswp-item\" href=\"http:\/\/www.radiopiu.net\/wordpress\/wp-content\/uploads\/2018\/02\/Franco-Frison_cnappc_member.jpg\" data-dt-img-description=\"\" data-large_image_width=\"248\" data-large_image_height=\"298\"><img loading=\"lazy\" decoding=\"async\" class=\" wp-image-43255 alignleft\" src=\"http:\/\/www.radiopiu.net\/wordpress\/wp-content\/uploads\/2018\/02\/Franco-Frison_cnappc_member.jpg\" alt=\"\" width=\"195\" height=\"234\" \/><\/a>BELLUNO<\/strong> \u00c8 arrivato nei giorni scorsi l&#8217;ultimo via libera necessario per concludere la procedura amministrativa relativa al Piano Urbanistico Attuativo di Visome: la Commissione Regionale VAS &#8211; Valutazione Ambientale Strategica ha infatti accordato nei giorni scorsi l&#8217;ultimo parere favorevole necessario . Alla luce di questa decisione, si \u00e8 subito svolto un incontro tra i soggetti coinvolti in questo importante piano di partenariato, cio\u00e8 Comune di Belluno, Ater e Consorzio Visome. Prima della approvazione finale, da parte della Giunta Comunale, il Piano, adottato nel 2018, verr\u00e0 illustrato e discusso questa sera in Commissione Consiliare Urbanistica; grande soddisfazione per la conclusione dell&#8217;iter \u00e8 stata manifestata dal Sindaco, Jacopo Massaro, dall&#8217;assessore Frison e dalla Presidente di Ater, Ilenia Rento. L&#8217;area interessata dal Piano Urbanistico Attuativo \u00e8 particolarmente significativa, sia per estensione (42.300 mq) che per volumetria realizzabile (33.842 mc) e per abitanti teorici insediabili (226). Le volumetrie saranno suddivise in circa 40 blocchi a disposizione del Consorzio Visome (pari a 22.200 mc), in due ambiti di edilizia residenziale pubblica ceduti all&#8217;Ater (9040 mc) mentre 2560 mc diventeranno di disponibilit\u00e0 del Comune di Belluno.<\/p>\n<p><strong>L&#8217;ASSESSORE ALL&#8217;URBANISTICA FRANCO FRISON<\/strong><\/p>\n<audio class=\"wp-audio-shortcode\" id=\"audio-99323-9\" preload=\"none\" style=\"width: 100%;\" controls=\"controls\"><source type=\"audio\/mpeg\" src=\"http:\/\/www.radiopiu.net\/wordpress\/wp-content\/uploads\/2019\/09\/Frison-PUA-Visome.mp3?_=9\" \/><a href=\"http:\/\/www.radiopiu.net\/wordpress\/wp-content\/uploads\/2019\/09\/Frison-PUA-Visome.mp3\">http:\/\/www.radiopiu.net\/wordpress\/wp-content\/uploads\/2019\/09\/Frison-PUA-Visome.mp3<\/a><\/audio>\n<p>&nbsp;<\/p>\n<p>&nbsp;<\/p>\n<p>&nbsp;<\/p>\n<p>&nbsp;<\/p>\n<h3>VIAGGI IN PIEDI SUL PULLMAN DELLA DOLOMITIBUS, LA PROTESTA DEGLI STUDENTI.<\/h3>\n<p><strong><a class=\"dt-pswp-item\" href=\"http:\/\/www.radiopiu.net\/wordpress\/wp-content\/uploads\/2018\/03\/Autobus.jpg\" data-dt-img-description=\"\" data-large_image_width=\"424\" data-large_image_height=\"283\"><img loading=\"lazy\" decoding=\"async\" class=\"size-medium wp-image-45488 alignleft\" src=\"http:\/\/www.radiopiu.net\/wordpress\/wp-content\/uploads\/2018\/03\/Autobus-300x200.jpg\" alt=\"\" width=\"300\" height=\"200\" srcset=\"https:\/\/www.radiopiu.net\/wordpress\/wp-content\/uploads\/2018\/03\/Autobus-300x200.jpg 300w, https:\/\/www.radiopiu.net\/wordpress\/wp-content\/uploads\/2018\/03\/Autobus.jpg 424w\" sizes=\"auto, (max-width: 300px) 100vw, 300px\" \/><\/a>CALALZO<\/strong> \u201cIn questi primi dieci giorni di scuola, mi sono arrivate numerose segnalazioni da parte di genitori di studenti costretti a viaggiare in piedi per raggiungere Belluno dal Cadore e, da l\u00ec, gli istituti scolastici superiori. Scriver\u00f2 a DolomitiBus per verificare la situazione, chiedere se ne sono a conoscenza e capire come intendono risolvere la questione\u201d: questo l&#8217;annuncio del deputato di Fratelli d&#8217;Italia e sindaco di Calalzo di Cadore, Luca De Carlo. \u201cGi\u00e0 il viaggio per il capoluogo, dal Centro Cadore e dalla Val Boite, \u00e8 lungo e difficile\u201d spiega De Carlo \u201cse poi si aggiungono questi problemi di comodit\u00e0 e sicurezza, allora \u00e8 inutile che ci battiamo contro lo spopolamento della montagna\u201d. Ogni giorno, sono circa 200 i ragazzi che partono da Tai di Cadore per raggiungere le scuole del capoluogo: \u201cNella Settimana europea della mobilit\u00e0 sostenibile, che tale deve essere per l&#8217;ambiente, ma anche per i cittadini, lancio una proposta a DolomitiBus: coordiniamo gli orari delle corriere con quelli dei treni. In questo modo, risolveremmo il problema del sovraffollamento dei pullman con un&#8217;alternativa sostenibile, valorizzando anche la tratta ferroviaria Belluno \u2013 Calalzo di Cadore\u201d, l&#8217;idea del deputato. \u201cGi\u00e0 negli scorsi anni\u201d, ricorda De Carlo \u201cavevo segnalato e seguito casi simili, anche salendo sulle corriere con i ragazzi. Mi impegno ad affrontare la questione anche questa volta e fin da subito assicuro a DolomitiBus tutta la mia disponibilit\u00e0 per studiare possibili soluzioni\u201d.<\/p>\n<p>&nbsp;<\/p>\n<p>&nbsp;<\/p>\n<p>&nbsp;<\/p>\n<p>&nbsp;<\/p>\n<h3>FORMAZIONE DEGLI INSEGNANTI PER COMBATTERE IL GIOCO D&#8217;AZZARDO<\/h3>\n<p><strong><a class=\"dt-pswp-item\" href=\"http:\/\/www.radiopiu.net\/wordpress\/wp-content\/uploads\/2018\/04\/AZZARDOD.jpg\" data-dt-img-description=\"\" data-large_image_width=\"558\" data-large_image_height=\"480\"><img loading=\"lazy\" decoding=\"async\" class=\" wp-image-46268 alignleft\" src=\"http:\/\/www.radiopiu.net\/wordpress\/wp-content\/uploads\/2018\/04\/AZZARDOD-300x258.jpg\" alt=\"\" width=\"158\" height=\"136\" srcset=\"https:\/\/www.radiopiu.net\/wordpress\/wp-content\/uploads\/2018\/04\/AZZARDOD-300x258.jpg 300w, https:\/\/www.radiopiu.net\/wordpress\/wp-content\/uploads\/2018\/04\/AZZARDOD.jpg 558w\" sizes=\"auto, (max-width: 158px) 100vw, 158px\" \/><\/a>BELLUNO<\/strong>Nell\u2018ambito del Piano Aziendale che \u00e8 parte del Piano Regionale sul Gioco d\u2018Azzardo, il Dipartimento delle Dipendenze dell\u2019ULSS 1 in collaborazione con Scuole in rete e Slotmob, proseguir\u00e0 anche per quest\u2019anno scolastico il progetto di prevenzione sul gioco d\u2018azzardo rivolto a insegnanti e studenti delle scuole superiori afferenti al territorio dell\u2018ULSS 1 Dolomiti. Il 24 e il 25 settembre si terr\u00e0 la formazione per gli insegnanti a cura della societ\u00e0 di comunicazione e formazione scientifica Taxi 1729 di Torino che da anni lavora nella prevenzione del gioco d\u2018azzardo. Il 25 settembre mattina Taxi 1729 far\u00e0 2 conferenze-spettacolo rivolte agli studenti delle scuole superiori, entrambe presso la sala teatro del Giovanni XXIII a Belluno. ore 9,00 primo spettacolo<br \/>\nore 11,00 secondo spettacolo. Si tratta di un format che unisce divulgazione matematica e denuncia sociale in una forma divertente e coinvolgente. In un paio d\u2018ore circa verranno smontate alcune delle pi\u00f9 diffuse false credenze sul gioco d\u2018azzardo e verr\u00e0 restituito il senso delle reali probabilit\u00e0 di vincere attraverso simulazioni di gioco, video e una continua interazione con il pubblico. Sono previsti ulteriori incontri con personale del Dipartimento delle Dipendenze e insegnanti delle classi terze superiori per avviare un progetto nelle classi nel corso dell\u2019anno scolastico.<\/p>\n<p>&nbsp;<\/p>\n<p>&nbsp;<\/p>\n<p>&nbsp;<\/p>\n<p>&nbsp;<\/p>\n<h3>AUTONOMIA. LUNEDI\u2019 A VENEZIA INCONTRO ZAIA-BOCCIA<\/h3>\n<p><strong>VENEZIA<\/strong>\u00a0 Si terr\u00e0 luned\u00ec prossimo, 23 settembre, alle ore 11.00 a Palazzo Balbi, sede della Giunta regionale a Venezia, l\u2019incontro sul tema dell\u2019autonomia differenziata tra il Presidente della Regione del Veneto, Luca Zaia, e il Ministro per gli Affari Regionali, Francesco Boccia. L\u2019appuntamento inizier\u00e0 con un incontro bilaterale tra Boccia e Zaia. A seguire, il Ministro incontrer\u00e0 la Delegazione Trattante del Veneto.Entrambi i momenti si svolgeranno a porte chiuse.<\/p>\n<p>&nbsp;<\/p>\n<p>&nbsp;<\/p>\n<p>&nbsp;<\/p>\n<p>&nbsp;<\/p>\n<h2>Il Ministro D\u2019Inc\u00e0 incontra il Presidente della Repubblica Federale di Germania, Steinmeier: \u201cIn Europa c\u2019\u00e8 un cambiamento e un forte spirito di cooperazione\u201d<\/h2>\n<blockquote><p>Il saluto oggi a Roma in occasione della visita di Stato del Presidente tedesco: \u201cAbbiamo discusso anche di turismo, parlando di Dolomiti e del Veneto\u201d<\/p><\/blockquote>\n<p><a class=\"dt-pswp-item\" href=\"http:\/\/www.radiopiu.net\/wordpress\/wp-content\/uploads\/2019\/09\/IMG_0576.jpg\" data-dt-img-description=\"\" data-large_image_width=\"3000\" data-large_image_height=\"1996\"><img loading=\"lazy\" decoding=\"async\" class=\"size-medium wp-image-99365 alignleft\" src=\"http:\/\/www.radiopiu.net\/wordpress\/wp-content\/uploads\/2019\/09\/IMG_0576-300x200.jpg\" alt=\"\" width=\"300\" height=\"200\" srcset=\"https:\/\/www.radiopiu.net\/wordpress\/wp-content\/uploads\/2019\/09\/IMG_0576-300x200.jpg 300w, https:\/\/www.radiopiu.net\/wordpress\/wp-content\/uploads\/2019\/09\/IMG_0576-768x511.jpg 768w, https:\/\/www.radiopiu.net\/wordpress\/wp-content\/uploads\/2019\/09\/IMG_0576-1024x681.jpg 1024w\" sizes=\"auto, (max-width: 300px) 100vw, 300px\" \/><\/a><strong>ROMA<\/strong> Il Ministro per i Rapporti con il Parlamento Federico D\u2019Inc\u00e0, ha incontrato a Roma il Presidente della Repubblica Federale di Germania, Frank-Walter Steinmeier in visita di Stato in Italia.\u00a0 \u201cQuesta \u00e8 stata una settimana simbolo per l\u2019Italia: il presidente della Repubblica francese Emmanuel Macron e il presidente della Repubblica Federale di Germania, Frank-Walter Steinmeier, hanno incontrato le massime cariche istituzionali del nostro Paese \u2013 afferma il ministro D\u2019Inc\u00e0, che aggiunge: \u00e8 il segnale che in Europa c\u2019\u00e8 un cambiamento e un forte spirito di cooperazione\u201d. \u201cIl Presidente Steinmeier \u2013 prosegue D\u2019Inc\u00e0 &#8211; in questi giorni ha dialogato con le principali istituzioni del nostro Paese, affrontando temi fondamentali come la questione dei migranti e dell\u2019Europa che ha bisogno di migliorare, ma ci rende sempre pi\u00f9 coesi per lavorare insieme verso gli obiettivi comuni: la sua visita \u00e8 stata l\u2019occasione per discutere anche di una nuova visione ambientalista che sar\u00e0 protagonista di un cambiamento fondamentale, per il quale il nostro Governo \u00e8 pronto a lavorare: il Presidente Steinmeier ha manifestato profondo interesse per la tutela climatica\u201d.<\/p>\n<p>&nbsp;<\/p>\n<p>&nbsp;<\/p>\n<p>&nbsp;<\/p>\n<h3>PALAZZO FULCIS SI ARRICCHISCE<\/h3>\n<blockquote><p><em>\u00abMuseo sempre pi\u00f9 importante e legato alla storia del territorio\u00bb<\/em><\/p><\/blockquote>\n<p><strong>BELLUNO\u00a0<\/strong> La \u201cPan e Siringa\u201d di Sebastiano Ricci, il \u201cRitratto di dama con ancelle\u201d di Antonio Pellegrini, il \u201cPaesaggio con pellegrino e lavandaie\u201d di Alessandro Magnasco e Anton Francesco Peruzzini, \u201cL&#8217;uomo e il satiro\u201d <a class=\"dt-pswp-item\" href=\"http:\/\/www.radiopiu.net\/wordpress\/wp-content\/uploads\/2019\/09\/Pan-e-Siringa-Ricci.jpg\" data-dt-img-description=\"\" data-large_image_width=\"3558\" data-large_image_height=\"5100\"><img loading=\"lazy\" decoding=\"async\" class=\" wp-image-99345 alignleft\" src=\"http:\/\/www.radiopiu.net\/wordpress\/wp-content\/uploads\/2019\/09\/Pan-e-Siringa-Ricci-209x300.jpg\" alt=\"\" width=\"167\" height=\"240\" srcset=\"https:\/\/www.radiopiu.net\/wordpress\/wp-content\/uploads\/2019\/09\/Pan-e-Siringa-Ricci-209x300.jpg 209w, https:\/\/www.radiopiu.net\/wordpress\/wp-content\/uploads\/2019\/09\/Pan-e-Siringa-Ricci-768x1101.jpg 768w, https:\/\/www.radiopiu.net\/wordpress\/wp-content\/uploads\/2019\/09\/Pan-e-Siringa-Ricci-714x1024.jpg 714w\" sizes=\"auto, (max-width: 167px) 100vw, 167px\" \/><\/a>sempre di Sebastiano Ricci, la \u201cPianta prospettica della citt\u00e0 di Belluno\u201d di Domenico Falce e la \u201cBaruffa tra zatteri e biri\u201d di Pietro Brancaleoni e Antonio Lazzarini: sono queste le opere che, a vario titolo e grazie alla proficua collaborazione tra Comune di Belluno e Fondazione Cariverona, continueranno ad arricchire l&#8217;offerta museale di Palazzo Fulcis. La grande novit\u00e0 \u00e8 rappresentata dall&#8217;ovale \u201cPan e Siringa\u201d di Ricci.<\/p>\n<blockquote><p><em>\u00abGrazie a\u00a0 conferme e acquisizioni- commenta l&#8217;assessore alla cultura, Marco Perale \u2013 Il museo, grazie anche alla collaborazione con privati cittadini, istituzioni e enti , sta vedendo crescere la sua offerta e, di pari passo, il suo ruolo e peso nella comunit\u00e0 culturale internazionale\u00bb.<\/em><\/p><\/blockquote>\n<p>&nbsp;<\/p>\n<p>&nbsp;<\/p>\n<p>&nbsp;<\/p>\n<p>&nbsp;<\/p>\n<p>&nbsp;<\/p>\n<h3>CONSIGLIO COMUNALE A CANALE D&#8217;AGORDO<\/h3>\n<p><strong>CANALE D&#8217;AGORDO<\/strong> I consiglieri sono stati convocati dal sindaco Flavio Colcergnan in sala riunioni del Municipio per venerdi 27 settembre alle 20. Ordine del giorno: variazioni al bilancio e stanziamenti di previsione 2019-2021.<\/p>\n<p>&nbsp;<\/p>\n<p>&nbsp;<\/p>\n<p>&nbsp;<\/p>\n<h3>BRETELLE LASCHE A PUOS D\u2019ALPAGO IL 28 SETTEMBRE<\/h3>\n<p><a class=\"dt-pswp-item\" href=\"http:\/\/www.radiopiu.net\/wordpress\/wp-content\/uploads\/2019\/09\/foto-bretelle-lasche_Alpago28set19.jpg\" data-dt-img-description=\"\" data-large_image_width=\"1024\" data-large_image_height=\"589\"><img loading=\"lazy\" decoding=\"async\" class=\"size-medium wp-image-99326 alignleft\" src=\"http:\/\/www.radiopiu.net\/wordpress\/wp-content\/uploads\/2019\/09\/foto-bretelle-lasche_Alpago28set19-300x173.jpg\" alt=\"\" width=\"300\" height=\"173\" srcset=\"https:\/\/www.radiopiu.net\/wordpress\/wp-content\/uploads\/2019\/09\/foto-bretelle-lasche_Alpago28set19-300x173.jpg 300w, https:\/\/www.radiopiu.net\/wordpress\/wp-content\/uploads\/2019\/09\/foto-bretelle-lasche_Alpago28set19-768x442.jpg 768w, https:\/\/www.radiopiu.net\/wordpress\/wp-content\/uploads\/2019\/09\/foto-bretelle-lasche_Alpago28set19.jpg 1024w\" sizes=\"auto, (max-width: 300px) 100vw, 300px\" \/><\/a><strong>ALPAGO<\/strong> I Gruppi \u201cInsieme si pu\u00f2\u2026\u201d dell\u2019Alpago e la compagnia teatrale delle Bretelle Lasche organizzano lo spettacolo di cabaret dalle opere di Stefano Benni \u201cIl Dottor Divago e altre storie\u201d. L\u2019appuntamento \u00e8 per sabato 28 settembre alle 20.30 presso la Casa della Giovent\u00f9 di Puos d\u2019Alpago. Lo spettacolo \u00e8 un insieme orchestrato di pezzi teatrali scritti da Stefano Benni, alcuni sotto forma di monologhi, altri per pi\u00f9 attori. \u201cDr. Divago\u201d, \u201cVolano\u201d, \u201cAmour Monet\u201d, \u201cLa canzone dell\u2019amor rifatto\u201d, \u201cMademoiselle Lycanthrope\u201d, \u201cLa Topastra\u201d, \u201cSherlock Barman\u201d concorrono insieme a dare un saggio del teatro ironico e sferzante di Stefano Benni, autore contemporaneo che con la sua prolifica produzione letteraria non smette di essere una delle voci pi\u00f9 critiche sulla societ\u00e0 e le contraddizioni del nostro tempo. L\u2019ingresso \u00e8 a offerta libera. L\u2019intero ricavato sar\u00e0 destinato a due\u00a0progetti dell\u2019associazione Insieme si pu\u00f2: \u201c10 scuole\u201d in Uganda e \u201cMalala\u201d sul nostro territorio,\u00a0per garantire il diritto all\u2019istruzione, libri e materiale scolastico ai bambini ugandesi e bellunesi in difficolt\u00e0.<\/p>\n<p>&nbsp;<\/p>\n<p>&nbsp;<\/p>\n<p>&nbsp;<\/p>\n<h3>SOSPIROLO ALLA MARATONA DI LETTURA<\/h3>\n<p><strong><a class=\"dt-pswp-item\" href=\"http:\/\/www.radiopiu.net\/wordpress\/wp-content\/uploads\/2019\/09\/Non-deluderci-luna.jpg\" data-dt-img-description=\"\" data-large_image_width=\"2482\" data-large_image_height=\"3510\"><img loading=\"lazy\" decoding=\"async\" class=\"size-medium wp-image-99325 alignleft\" src=\"http:\/\/www.radiopiu.net\/wordpress\/wp-content\/uploads\/2019\/09\/Non-deluderci-luna-212x300.jpg\" alt=\"\" width=\"212\" height=\"300\" srcset=\"https:\/\/www.radiopiu.net\/wordpress\/wp-content\/uploads\/2019\/09\/Non-deluderci-luna-212x300.jpg 212w, https:\/\/www.radiopiu.net\/wordpress\/wp-content\/uploads\/2019\/09\/Non-deluderci-luna-768x1086.jpg 768w, https:\/\/www.radiopiu.net\/wordpress\/wp-content\/uploads\/2019\/09\/Non-deluderci-luna-724x1024.jpg 724w\" sizes=\"auto, (max-width: 212px) 100vw, 212px\" \/><\/a>SOSPIROLO Venerdi 27 settembre <\/strong><strong>\u00a0<\/strong>anche la <strong>Biblioteca comunale di Sospirolo<\/strong> parteciper\u00e0 alla III^ edizione della Maratona di Lettura <strong><em>Il Veneto Legge<\/em><\/strong>, un progetto promosso dall\u2019Assessorato alla Cultura della Regione Veneto, in collaborazione con enti ed associazioni culturali varie del territorio regionale, che vede come protagonista il <strong>libro<\/strong> e la <strong>lettura<\/strong>. Sospirolo ha scelto come filo rosso delle sue letture le suggesioni letterarie collegate al tema della <strong>LUNA<\/strong>, per festeggiare i 50 anni dall&#8217;Allunaggio. Ecco le inziative in programma che coinvolgeranno Scuole e Biblioteca, e aperti alla libera partecipazione di tutta la cittadinanza: <strong>MARATONA PER LA SCUOLA PRIMARIA &#8211;<\/strong> <strong>dalle 9.00 alle 12.00, al Centro civico di Sospirolo<\/strong> \u00a0<strong><em>LA LUNA AL GUINZAGLIO<\/em><\/strong><strong> passeggiate interstellari al chiaro di luna<\/strong> \u00a0<strong>per le classi di Primo Ciclo <\/strong><strong><em>\u00a0 <\/em><\/strong><strong><em>A.A.A. LUNA VENDESI<\/em><\/strong><strong>&#8230;l&#8217;<em>Affare del Secolo<\/em><\/strong> \u00a0<strong>per le classi di Secondo Ciclo\u00a0<\/strong><br \/>\n<strong>dagli scritti <em>cosmici <\/em>e<em> lunari <\/em>di Gianni Rodari <\/strong>interpretati da <strong>Mariarosa Da Rolt<\/strong> e <strong>Laura Secco<\/strong> &#8211; <strong>MARATONA PER FAMIGLIE &#8211; <\/strong><strong>Centro civico di Sospirolo, ore 20.45 <\/strong><strong><em>NON DELUDERCI, LUNA! <\/em><\/strong>Un viaggio nello spazio e nel tempo, tra cronache e ricordi di allunaggio dagli scritti di <em>Dino<\/em> <em>Buzzati<\/em> e <em>Oriana Fallaci<\/em>, tra annotazioni scientifiche galileiane e poetiche fantasie a cavallo tra Otto e Novecento (<em>Leopardi, Pirandello, Malerba, Rigoni Stern, Scialoja, Rodari, Tognolini e Lamarque<\/em>) letture a cura dell\u2019<strong><em>Anonima Lettori srl <\/em><\/strong>consulenza scientifica e musicale di<strong> Renzo Crosato <\/strong><strong>SPETTACOLO PER FAMIGLIE <\/strong><strong>A PARTECIPAZIONE LIBERA E GRATUITA <\/strong>Il programma completo delle letture della Maratona, che coinvolgono l&#8217;intera provincia di Belluno \u00e8 percorribile sul sito <a href=\"https:\/\/ilvenetolegge.it\/maratona\/\">Il Veneto legge<\/a><\/p>\n<p>&nbsp;<\/p>\n<h3>LA CURIOSITA&#8217;<\/h3>\n<p>segnalazione di\u00a0<a class=\"profileLink\" title=\"Lia de Biasio\" role=\"button\" href=\"https:\/\/www.facebook.com\/lia.debiasio?fref=gs&amp;__tn__=%2CdK-R-R&amp;eid=ARCf6nTVjO7J7Yqt9zi-G4EWhPGy5DCimq0PDD-_d93odrlAELjGjtwLKQ_8x6wL1rcPXZALjPeXASCf&amp;dti=61488111720&amp;hc_location=group\" rel=\"dialog\" data-hovercard=\"\/ajax\/hovercard\/user.php?id=1636926289&amp;extragetparams=%7B%22__tn__%22%3A%22%2CdK-R-R%22%2C%22eid%22%3A%22ARCf6nTVjO7J7Yqt9zi-G4EWhPGy5DCimq0PDD-_d93odrlAELjGjtwLKQ_8x6wL1rcPXZALjPeXASCf%22%2C%22fref%22%3A%22gs%22%2C%22directed_target_id%22%3A61488111720%2C%22dti%22%3A61488111720%2C%22hc_location%22%3A%22group%22%7D\" data-hovercard-prefer-more-content-show=\"1\">Lia de Biasio<\/a><br \/>\nSpendi un sacco di soldi in operazioni di marketing, cerchi di farti conoscere ovunque con i mezzi che abbiamo, hanno parlato di noi nei giorni di Vaia in tutti i notiziari e poi trovi un settimanale importante che ancora confonde Cadore con Agordino, cadorini con agordini. Viene da sorridere&#8230;.<\/p>\n<p><strong>8 VERTICALE<\/strong><\/p>\n<p><a class=\"dt-pswp-item\" href=\"http:\/\/www.radiopiu.net\/wordpress\/wp-content\/uploads\/2019\/09\/70909913_10217336100187960_8178152558091567104_n.jpg\" data-dt-img-description=\"\" data-large_image_width=\"540\" data-large_image_height=\"960\"><img loading=\"lazy\" decoding=\"async\" class=\"alignnone size-medium wp-image-99435\" src=\"http:\/\/www.radiopiu.net\/wordpress\/wp-content\/uploads\/2019\/09\/70909913_10217336100187960_8178152558091567104_n-169x300.jpg\" alt=\"\" width=\"169\" height=\"300\" srcset=\"https:\/\/www.radiopiu.net\/wordpress\/wp-content\/uploads\/2019\/09\/70909913_10217336100187960_8178152558091567104_n-169x300.jpg 169w, https:\/\/www.radiopiu.net\/wordpress\/wp-content\/uploads\/2019\/09\/70909913_10217336100187960_8178152558091567104_n.jpg 540w\" sizes=\"auto, (max-width: 169px) 100vw, 169px\" \/><\/a><\/p>\n<p>&nbsp;<\/p>\n<h2>LO SPECIALE DI RENATO BONA<\/h2>\n<blockquote class=\"wp-embedded-content\" data-secret=\"IBFIMNVyMB\"><p><a href=\"http:\/\/www.radiopiu.net\/wordpress\/giuseppe-zanardelli-un-grande-di-politica-di-diritto-e-cultura-di-renato-bona\/\">GIUSEPPE ZANARDELLI: UN GRANDE DI POLITICA, DI DIRITTO E CULTURA di RENATO BONA<\/a><\/p><\/blockquote>\n<p><iframe loading=\"lazy\" title=\"&#8220;GIUSEPPE ZANARDELLI: UN GRANDE DI POLITICA, DI DIRITTO E CULTURA di RENATO BONA&#8221; &#8212; Radio Pi\u00f9\" class=\"wp-embedded-content\" sandbox=\"allow-scripts\" security=\"restricted\" style=\"position: absolute; clip: rect(1px, 1px, 1px, 1px);\" src=\"http:\/\/www.radiopiu.net\/wordpress\/giuseppe-zanardelli-un-grande-di-politica-di-diritto-e-cultura-di-renato-bona\/embed\/#?secret=IBFIMNVyMB\" data-secret=\"IBFIMNVyMB\" width=\"600\" height=\"338\" frameborder=\"0\" marginwidth=\"0\" marginheight=\"0\" scrolling=\"no\"><\/iframe><\/p>\n<p>&nbsp;<\/p>\n<p>&nbsp;<\/p>\n<p><a class=\"dt-pswp-item\" href=\"http:\/\/www.radiopiu.net\/wordpress\/wp-content\/uploads\/2018\/09\/appuntamenti.jpeg\" data-dt-img-description=\"\" data-large_image_width=\"800\" data-large_image_height=\"100\"><img loading=\"lazy\" decoding=\"async\" class=\"aligncenter wp-image-61958 size-full\" src=\"http:\/\/www.radiopiu.net\/wordpress\/wp-content\/uploads\/2018\/09\/appuntamenti.jpeg\" alt=\"\" width=\"800\" height=\"100\" srcset=\"https:\/\/www.radiopiu.net\/wordpress\/wp-content\/uploads\/2018\/09\/appuntamenti.jpeg 800w, https:\/\/www.radiopiu.net\/wordpress\/wp-content\/uploads\/2018\/09\/appuntamenti-300x38.jpeg 300w, https:\/\/www.radiopiu.net\/wordpress\/wp-content\/uploads\/2018\/09\/appuntamenti-768x96.jpeg 768w\" sizes=\"auto, (max-width: 800px) 100vw, 800px\" \/><\/a><\/p>\n<h3><\/h3>\n<p>DOMANI AD AGORDO LA 16 COMUNI OGGI ALLE 16 LO SPECIALE ALLA RADIO<\/p>\n<blockquote class=\"wp-embedded-content\" data-secret=\"PLtIwkVwFe\"><p><a href=\"http:\/\/www.radiopiu.net\/wordpress\/domenica-la-16-comuni-dal-centro-di-agordo-chiusura-della-piazza-e-di-alcune-strade-comunali\/\">DOMENICA LA 16 COMUNI DAL CENTRO DI AGORDO, CHIUSURA DELLA PIAZZA E DI ALCUNE STRADE COMUNALI.<\/a><\/p><\/blockquote>\n<p><iframe loading=\"lazy\" title=\"&#8220;DOMENICA LA 16 COMUNI DAL CENTRO DI AGORDO, CHIUSURA DELLA PIAZZA E DI ALCUNE STRADE COMUNALI.&#8221; &#8212; Radio Pi\u00f9\" class=\"wp-embedded-content\" sandbox=\"allow-scripts\" security=\"restricted\" style=\"position: absolute; clip: rect(1px, 1px, 1px, 1px);\" src=\"http:\/\/www.radiopiu.net\/wordpress\/domenica-la-16-comuni-dal-centro-di-agordo-chiusura-della-piazza-e-di-alcune-strade-comunali\/embed\/#?secret=PLtIwkVwFe\" data-secret=\"PLtIwkVwFe\" width=\"600\" height=\"338\" frameborder=\"0\" marginwidth=\"0\" marginheight=\"0\" scrolling=\"no\"><\/iframe><\/p>\n<p>&nbsp;<\/p>\n<p>&nbsp;<\/p>\n<p>&nbsp;<\/p>\n<h2>IL TERREMOTO DEL 1873 A BELLUNO, IL RACCONTO OGGI AD AGORDO<\/h2>\n<p><strong>AGORDO<\/strong> Oggi alle 18 in sala don Tamis ad Agordo sar\u00e0 presentato il libro \u00ab29 giugno 1873&#8230; quindi segu\u00ec una scossa e un tremolio&#8230;\u00bb, relativo al grande evento sismico del XIX secolo che devast\u00f2 il Bellunese, l&#8217;Alpago e l&#8217;Alto Trevigiano. Si tratta di un&#8217;opera curata da tre esperti bellunesi, Maurizio Alfieri, Fabiano Nart e Manolo Piat, membri del Gds Dolomiti, Gruppo divulgazione scientifica Enrico Fermi di Belluno, consistente in una ricerca storico-scientifica, che ricorda il tragico terremoto del 29 giugno 1873.<\/p>\n<p>&nbsp;<\/p>\n<p>&nbsp;<\/p>\n<h2><\/h2>\n<h2>MENDRANZE N POEJIA X EDIZIONE<\/h2>\n<p><a class=\"dt-pswp-item\" href=\"http:\/\/www.radiopiu.net\/wordpress\/wp-content\/uploads\/2019\/09\/69863732_1256446051192767_3975798260370505728_n.jpg\" data-dt-img-description=\"\" data-large_image_width=\"800\" data-large_image_height=\"800\"><img loading=\"lazy\" decoding=\"async\" class=\" wp-image-97811 alignleft\" src=\"http:\/\/www.radiopiu.net\/wordpress\/wp-content\/uploads\/2019\/09\/69863732_1256446051192767_3975798260370505728_n-300x300.jpg\" alt=\"\" width=\"114\" height=\"114\" srcset=\"https:\/\/www.radiopiu.net\/wordpress\/wp-content\/uploads\/2019\/09\/69863732_1256446051192767_3975798260370505728_n-300x300.jpg 300w, https:\/\/www.radiopiu.net\/wordpress\/wp-content\/uploads\/2019\/09\/69863732_1256446051192767_3975798260370505728_n-150x150.jpg 150w, https:\/\/www.radiopiu.net\/wordpress\/wp-content\/uploads\/2019\/09\/69863732_1256446051192767_3975798260370505728_n-768x768.jpg 768w, https:\/\/www.radiopiu.net\/wordpress\/wp-content\/uploads\/2019\/09\/69863732_1256446051192767_3975798260370505728_n.jpg 800w\" sizes=\"auto, (max-width: 114px) 100vw, 114px\" \/><\/a><strong>LIVINALLONGO<\/strong> In occasione del 15 anni di fondazione dell&#8217;Istitut Cultural Ladin Cesa de Jan questa sera\u00a0 alle 20.30 in sala congressi di Arabba viene organizzata la premiazione della decima edizione del concorso nazionale Mendanze n Poejia. Suoner\u00e0 la banda da Fodom diretta da Giuliano Federa, sketch teatrale dei ragazzi della scuola e consegna dei riconoscimenti alle persone meritevoli. Presenta Gianpaolo Soratroi.<\/p>\n<h3><\/h3>\n<p>&nbsp;<\/p>\n<p>&nbsp;<\/p>\n<div data-offset-key=\"frkd2-0-0\">\n<h2>OGGI AL PR RANCH IL SAGGIO A CAVALLO<\/h2>\n<p><strong>LA VALLE<\/strong> Oggi\u00a0 presso gli impianti sportivi il saggio del PR Ranch\u00a0 per dar modo a parenti, amici e\u00a0 tutti gli interessati di poter vedere le giovani atlete agordine all&#8217; opera. Il tema \u00e8 &#8220;NON SOLO VAIA&#8221;<\/p>\n<p>PAGINA FACEBOOK <span style=\"color: #0000ff;\"><strong><a style=\"color: #0000ff;\" href=\"https:\/\/m.facebook.com\/story.php?story_fbid=1397356577083250&amp;id=100004267626931&amp;sfnsn=mo\">CLICCA QUI\u00a0<\/a><\/strong><\/span><\/p>\n<\/div>\n<p>&nbsp;<\/p>\n<p>&nbsp;<\/p>\n<h3>IL RITORNO DEI SALOTTI FILOSOFICI DI LISA DE LUCA<\/h3>\n<audio class=\"wp-audio-shortcode\" id=\"audio-99323-10\" preload=\"none\" style=\"width: 100%;\" controls=\"controls\"><source type=\"audio\/mpeg\" src=\"http:\/\/www.radiopiu.net\/wordpress\/wp-content\/uploads\/2019\/09\/SALOTTI-FILOSOFICI-1.mp3?_=10\" \/><a href=\"http:\/\/www.radiopiu.net\/wordpress\/wp-content\/uploads\/2019\/09\/SALOTTI-FILOSOFICI-1.mp3\">http:\/\/www.radiopiu.net\/wordpress\/wp-content\/uploads\/2019\/09\/SALOTTI-FILOSOFICI-1.mp3<\/a><\/audio>\n<p>&nbsp;<\/p>\n<p>&nbsp;<\/p>\n<h3>DOMANI PRESENZE E STORIE DI UN PARCO STORICO MONUMENTALE<\/h3>\n<p><strong>BELLUNO<\/strong> Nel programma della settimana di Azione per il Clima \u00e8 prevista una visita guidata al Parco Storico di Mussoi, il pi\u00f9 grande polmone verde della citt\u00e0 di Belluno, dotato di un\u2019eccezionale quantit\u00e0 e variet\u00e0 di alberi secolari. Il titolo dell\u2019iniziativa ATTENTI A QUEI GIGANTI, luci e ombre nella \u201cselva oscura\u201d \u00e8 indicativo del taglio che verr\u00e0 dato dal naturalista Anacleto Boranga nel condurre i partecipanti, unendo in modo avvincente alla descrizione botanica, simbologie, miti e leggende legate al mondo arboreo. La partecipazione \u00e8 libera e gratuita. Appuntamento domani\u00a0 alle 10 all\u2019entrata del Parco in via Travazzoi 25. In caso di maltempo l&#8217;evento si terr\u00e0 presso la sala parrocchiale di Mussoi di via Gregorio XVI<\/p>\n<p>&nbsp;<\/p>\n<p>&nbsp;<\/p>\n<p>&nbsp;<\/p>\n<div data-offset-key=\"frkd2-0-0\">\n<h3>LA MEDITAZIONE PLANETARIA<\/h3>\n<p><strong>CANALE D&#8217;AGORDO<\/strong> Anche quest&#8217;autunno riprendono gli incontri di meditazione planetaria per la pace, tutti i mercoled\u00ec alle ore 20.30 presso la sala conferenze del Museo Albino Luciani di Canale d&#8217;Agordo. Informazioni e iscrizioni al 349 8381966 (Stefano) oppure al 346 3569011 (Luana).<\/p>\n<p>&nbsp;<\/p>\n<\/div>\n<p>&nbsp;<\/p>\n<p>&nbsp;<\/p>\n<div data-offset-key=\"frkd2-0-0\">\n<p><strong><a class=\"dt-pswp-item\" href=\"http:\/\/www.radiopiu.net\/wordpress\/wp-content\/uploads\/2019\/09\/autunnoA4.png\" data-dt-img-description=\"\" data-large_image_width=\"1123\" data-large_image_height=\"793\"><img loading=\"lazy\" decoding=\"async\" class=\"size-medium wp-image-98461 alignleft\" src=\"http:\/\/www.radiopiu.net\/wordpress\/wp-content\/uploads\/2019\/09\/autunnoA4-300x212.png\" alt=\"\" width=\"300\" height=\"212\" srcset=\"https:\/\/www.radiopiu.net\/wordpress\/wp-content\/uploads\/2019\/09\/autunnoA4-300x212.png 300w, https:\/\/www.radiopiu.net\/wordpress\/wp-content\/uploads\/2019\/09\/autunnoA4-768x542.png 768w, https:\/\/www.radiopiu.net\/wordpress\/wp-content\/uploads\/2019\/09\/autunnoA4-1024x723.png 1024w, https:\/\/www.radiopiu.net\/wordpress\/wp-content\/uploads\/2019\/09\/autunnoA4.png 1123w\" sizes=\"auto, (max-width: 300px) 100vw, 300px\" \/><\/a><\/strong><\/p>\n<p><strong>LIVINALLONGO<\/strong> Avvicinandoci alla fine della stagione estiva si comunica che il Castello di Andraz sar\u00e0 aperto, dopo il 15 settembre, anche nei seguenti weekend (sabato e domenica): 21-22 e 28-29 settembre, 5-6 e 12-13 ottobre, dalle 10.00 alle 13.00 e dalle 14.30 alle 17.30.<\/p>\n<p>&nbsp;<\/p>\n<p>&nbsp;<\/p>\n<\/div>\n<p>&nbsp;<\/p>\n<p>&nbsp;<\/p>\n<p>&nbsp;<\/p>\n<p>&nbsp;<\/p>\n<h3><a class=\"dt-pswp-item\" href=\"http:\/\/www.radiopiu.net\/wordpress\/wp-content\/uploads\/2018\/09\/sport.jpg\" data-dt-img-description=\"\" data-large_image_width=\"800\" data-large_image_height=\"100\"><img loading=\"lazy\" decoding=\"async\" class=\"aligncenter wp-image-60761 size-full\" src=\"http:\/\/www.radiopiu.net\/wordpress\/wp-content\/uploads\/2018\/09\/sport.jpg\" alt=\"\" width=\"800\" height=\"100\" srcset=\"https:\/\/www.radiopiu.net\/wordpress\/wp-content\/uploads\/2018\/09\/sport.jpg 800w, https:\/\/www.radiopiu.net\/wordpress\/wp-content\/uploads\/2018\/09\/sport-300x38.jpg 300w, https:\/\/www.radiopiu.net\/wordpress\/wp-content\/uploads\/2018\/09\/sport-768x96.jpg 768w\" sizes=\"auto, (max-width: 800px) 100vw, 800px\" \/><\/a><\/h3>\n<h2><\/h2>\n<h2>CALCIO E HOCKEY&#8230;GLI APPUNTAMENTI DI QUESTO FINE SETTIMANA<\/h2>\n<p>Tanti gli appuntamenti calcistici del fine settimana. <strong>Per quanto riguarda i campionati CSI<\/strong>, inizia questo fine settimana l&#8217;avventura dei veterani del La Valle Calcio. La squadra allenata da Dario Mezacasa debutta nel torneo Over oggi pomeriggio alle 15:30 quando al Conaggia di La Valle dovr\u00e0 scontrarsi con il Nicia. Nel campionato Open girone A1 il Le Ville giocher\u00e0 la seconda partita ufficiale. Sul campo di Cencenighe la squadra di Agordo giocher\u00e0 contro il Chies D&#8217;Alpago alle 15:30.<\/p>\n<p><strong>Agordina giovanile<\/strong> che vede debuttare la squadra Juniores e Giovanissimi. Juniores che giocheranno in casa oggi alle 15:30 contro la Dynamo. Allievi in campo domani mattina alle 10 all&#8217;Ivano Dorigo di Agordo contro il San Vittore. Giovanissimi che disputeranno la prima giornata in trasferta oggi alle 15:30 contro la Dynamo. Prima squadra dell&#8217;Agordina in campo domani alle 15:30 ad Anz\u00f9 di Feltre per scontrarsi con il San Vittore.<\/p>\n<p><strong>Nel campionato di Prima Categoria<\/strong> il Fiori Barp Mas giocher\u00e0 la terza partita della stagione in casa contro il Borgo Valbelluna.<\/p>\n<p><strong>Gli Allievi regionali del San Giorgio<\/strong> scenderanno in campo domani mattina alle 10:30 e giocheranno in trasferta con il Barbisano.<\/p>\n<blockquote><p><em>Tanti gli appuntamenti anche per l&#8217;hockey su ghiaccio. Inizia la IHL per l&#8217;Alleghe Hockey che stasera alle 18:30 giocher\u00e0 all&#8217;Alvise De Toni di Alleghe contro il Merano (DIRETTA RADIO PIU). Settore giovanile delle civette impegnato nelle varie categorie. Under 19 che giocher\u00e0 ad Alba Di Canazei, domani alle 17:30 contro il Vipiteno. Turno di riposo per il Fassa\/Alleghe under 17 e primo impegno stagionale per la under 15 che al De Toni di Alleghe, domani alle 17, sfider\u00e0 il Renon.<\/em><\/p><\/blockquote>\n<p>&nbsp;<\/p>\n<p>&nbsp;<\/p>\n<h2>VIITANEN NON SUPERA IL TEST CON L&#8217;ALLEGHE HOCKEY<\/h2>\n<p><a class=\"dt-pswp-item\" href=\"http:\/\/www.radiopiu.net\/wordpress\/wp-content\/uploads\/2019\/08\/logo-alleghe-hockey.png\" data-dt-img-description=\"\" data-large_image_width=\"547\" data-large_image_height=\"512\"><img loading=\"lazy\" decoding=\"async\" class=\"size-medium wp-image-95699 alignleft\" src=\"http:\/\/www.radiopiu.net\/wordpress\/wp-content\/uploads\/2019\/08\/logo-alleghe-hockey-300x281.png\" alt=\"\" width=\"300\" height=\"281\" srcset=\"https:\/\/www.radiopiu.net\/wordpress\/wp-content\/uploads\/2019\/08\/logo-alleghe-hockey-300x281.png 300w, https:\/\/www.radiopiu.net\/wordpress\/wp-content\/uploads\/2019\/08\/logo-alleghe-hockey.png 547w\" sizes=\"auto, (max-width: 300px) 100vw, 300px\" \/><\/a>L\u2019ala finlandese di stecca destra Jussi Viitanen ex Gardeina, presentatosi sotto al Civetta come secondo straniero, non ha superato il periodo di prova richiesto da mister Matikainen. Ad Alleghe \u00e8 arrivato decisamente fuori forma anche fisica. L&#8217;Alleghe \u00e8 alla ricerca di un sostituto, domani sera non sar\u00e0 quindi sul ghiaccio nella prima partita di campionato IHL con il Merano,<\/p>\n<p>Il campionato delle Civette riparte da dove era terminato nella passata stagione. L\u2019appuntamento \u00e8 per sabato 21 settembre alle ore 18:30 al \u201cDe Toni\u201d di Alleghe, dove le Civette incrociano le stecche con i vicecampioni del Merano, artefici dell\u2019eliminazione Agordina dagli ultimi play-off. Esordio impegnativo per la truppa del nuovo coach finlandese Juhani Matikainen, orfana di Veggiato, che ha appeso i pattini al chiodo, di Monferone, Moling e probabilmente Cadorin che per vari motivi non indosseranno in questa stagione la maglia biancorossa e del giovane goalie Zanardi, che impegnato negli studi universitari si \u00e8 accasato al Como.<\/p>\n<p>Sul ghiaccio domani sera ci sar\u00e0 il centro finlandese Miika Kiviranta che ha ben impressionato nelle amichevoli di precampionato, mostrando buona tecnica e grande fiuto del gol<\/p>\n<blockquote>\n<p style=\"text-align: center;\"><strong>AL TERMINE PRESENTAZIONE DELLA SQUADRA E GRANDE FESTA CON I RUMATERA.<\/strong><\/p>\n<\/blockquote>\n<p><strong>L&#8217;AMMINISTRATORE DELEGATO DELL&#8217;ALLEGHE HOCKEY ADRIANO LEVIS<\/strong><\/p>\n<audio class=\"wp-audio-shortcode\" id=\"audio-99323-11\" preload=\"none\" style=\"width: 100%;\" controls=\"controls\"><source type=\"audio\/mpeg\" src=\"http:\/\/www.radiopiu.net\/wordpress\/wp-content\/uploads\/2019\/09\/ADRIANO-LEVIS-20-SETTEMBRE-2019.mp3?_=11\" \/><a href=\"http:\/\/www.radiopiu.net\/wordpress\/wp-content\/uploads\/2019\/09\/ADRIANO-LEVIS-20-SETTEMBRE-2019.mp3\">http:\/\/www.radiopiu.net\/wordpress\/wp-content\/uploads\/2019\/09\/ADRIANO-LEVIS-20-SETTEMBRE-2019.mp3<\/a><\/audio>\n<p>&nbsp;<\/p>\n<p>&nbsp;<\/p>\n<p>&nbsp;<\/p>\n<p><a class=\"dt-pswp-item\" href=\"http:\/\/www.radiopiu.net\/wordpress\/wp-content\/uploads\/2018\/09\/WhatsApp-Image-2018-09-20-at-16.04.06.jpeg\" data-dt-img-description=\"\" data-large_image_width=\"800\" data-large_image_height=\"100\"><img loading=\"lazy\" decoding=\"async\" class=\"aligncenter wp-image-61378 size-full\" src=\"http:\/\/www.radiopiu.net\/wordpress\/wp-content\/uploads\/2018\/09\/WhatsApp-Image-2018-09-20-at-16.04.06.jpeg\" alt=\"\" width=\"800\" height=\"100\" srcset=\"https:\/\/www.radiopiu.net\/wordpress\/wp-content\/uploads\/2018\/09\/WhatsApp-Image-2018-09-20-at-16.04.06.jpeg 800w, https:\/\/www.radiopiu.net\/wordpress\/wp-content\/uploads\/2018\/09\/WhatsApp-Image-2018-09-20-at-16.04.06-300x38.jpeg 300w, https:\/\/www.radiopiu.net\/wordpress\/wp-content\/uploads\/2018\/09\/WhatsApp-Image-2018-09-20-at-16.04.06-768x96.jpeg 768w\" sizes=\"auto, (max-width: 800px) 100vw, 800px\" \/><\/a><\/p>\n<p><center><b>Sabato 21<\/b><\/center><b>Tempo atteso: <\/b>Tempo ben soleggiato con cielo perlopi\u00f9 sereno; il rischio di banchi di nubi basse mattutine sar\u00e0 presente sulle Prealpi, ma molto pi\u00f9 limitato dei giorni precedenti, ed eventuali cumuli diurni rimarranno molto modesti e non limiteranno il soleggiamento. Verso sera ingresso di sottili nubi alte da Ovest. Clima sempre fresco al primo mattino e un po&#8217; pi\u00f9 mite di giorno, con forte escursione termica giornaliera nelle valli.<br \/>\n<b>Precipitazioni: <\/b>Assenti (0%).<br \/>\n<b>Temperature: <\/b>Minime in lieve calo nelle valli e in rialzo in quota; massime in ripresa. Su Prealpi a 1500 m min 6\u00b0C max 11\u00b0C, a 2000 m min 5\u00b0C max 8\u00b0C. Su Dolomiti a 2000 m min 4\u00b0C max 10\u00b0C, a 3000 m min 3\u00b0C max 5\u00b0C.<br \/>\n<b>Venti: <\/b>Nelle valli perlopi\u00f9 deboli a regime di brezza; in quota deboli, solo a tratti moderati da Ovest Sud-Ovest, a 5-15 km\/h a 2000 m, 10-25 km\/h a 3000 m.<\/p>\n<hr \/>\n<p><center><b>Domenica 22<\/b><\/center><b>Tempo atteso: <\/b>Tempo piuttosto soleggiato al mattino, con tendenza ad aumento della copertura per nubi alte. Al pomeriggio, e soprattutto verso sera, ulteriore aumento della nuvolosit\u00e0 da Ovest, anche per nubi basse, fino a cielo molto nuvoloso, con possibili primi fenomeni a partire dai settori occidentali.<br \/>\n<b>Precipitazioni: <\/b>Al mattino assenti (0%); al pomeriggio possibili primi rovesci sul veronese (30\/50%), in estensione agli altri settori prealpini entro sera (60\/80%); sulle Dolomiti, specie i settori di Nord-Est, i fenomeni rimarranno sporadici e spesso del tutto assenti, in ogni caso limitati alle ore serali e notturne (30\/50%).<br \/>\n<b>Temperature: <\/b>Minime in rialzo; massime stazionarie nelle valli, in lieve aumento in quota. Su Prealpi a 1500 m min 8\u00b0C max 13\u00b0C, a 2000 m min 6\u00b0C max 9\u00b0C. Su Dolomiti a 2000 m min 5\u00b0C max 11\u00b0C, a 3000 m min 3\u00b0C max 6\u00b0C.<br \/>\n<b>Venti: <\/b>Nelle valli perlopi\u00f9 deboli meridionali; in quota moderati\/tesi da Sud-Ovest, a 15-25 km\/h a 2000 m, 30-45 km\/h a 3000 m.<\/p>\n<hr \/>\n<p><center><b>Lunedi 23<\/b><\/center>Tempo instabile, a tratti perturbato, con cielo perlopi\u00f9 molto nuvoloso e rovesci a tratti diffusi; attenuazione dei fenomeni e della nuvolosit\u00e0 al pomeriggio e soprattutto in serata a partire da Ovest. In caso di rovesci duraturi il limite della neve potr\u00e0 scendere fino sui 2600\/2700 m sulle Dolomiti. Clima diurno decisamente pi\u00f9 fresco.<\/p>\n<hr \/>\n<p><center><b>Martedi 24<\/b><\/center>Tempo in netto miglioramento, con ampi spazi soleggiati, possibili nubi alte in transito e qualche modesto cumulo. Precipitazioni assenti. Temperature minime in calo con clima decisamente fresco al primo mattino, massime in contenuto aumento. Previsore: G.M.<\/p>\n","protected":false},"excerpt":{"rendered":"<p>&nbsp; Gestione Servizi Pubblici informa che a SAN TOMASO AGORDINO nelle LOCALITA&#8217; PECOL E PIAIA , l&#8217;acqua erogata dall&#8217;acquedotto non \u00e8 potabile e pu\u00f2 essere usata per scopi alimentari SOLO PREVIA bollitura. GSP ha, comunque, gi\u00e0 adottato le necessarie misure per la disinfezione dell&#8217;acqua presente nei serbatoi e nella rete idrica con l&#8217;aggiunta di cloro.&hellip;<\/p>\n","protected":false},"author":1,"featured_media":0,"comment_status":"closed","ping_status":"closed","sticky":false,"template":"","format":"standard","meta":{"_monsterinsights_skip_tracking":false,"_monsterinsights_sitenote_active":false,"_monsterinsights_sitenote_note":"","_monsterinsights_sitenote_category":0,"footnotes":""},"categories":[86],"tags":[],"class_list":["post-99323","post","type-post","status-publish","format-standard","hentry","category-gr","category-86","description-off"],"img_url":false,"_links":{"self":[{"href":"https:\/\/www.radiopiu.net\/wordpress\/wp-json\/wp\/v2\/posts\/99323","targetHints":{"allow":["GET"]}}],"collection":[{"href":"https:\/\/www.radiopiu.net\/wordpress\/wp-json\/wp\/v2\/posts"}],"about":[{"href":"https:\/\/www.radiopiu.net\/wordpress\/wp-json\/wp\/v2\/types\/post"}],"author":[{"embeddable":true,"href":"https:\/\/www.radiopiu.net\/wordpress\/wp-json\/wp\/v2\/users\/1"}],"replies":[{"embeddable":true,"href":"https:\/\/www.radiopiu.net\/wordpress\/wp-json\/wp\/v2\/comments?post=99323"}],"version-history":[{"count":0,"href":"https:\/\/www.radiopiu.net\/wordpress\/wp-json\/wp\/v2\/posts\/99323\/revisions"}],"wp:attachment":[{"href":"https:\/\/www.radiopiu.net\/wordpress\/wp-json\/wp\/v2\/media?parent=99323"}],"wp:term":[{"taxonomy":"category","embeddable":true,"href":"https:\/\/www.radiopiu.net\/wordpress\/wp-json\/wp\/v2\/categories?post=99323"},{"taxonomy":"post_tag","embeddable":true,"href":"https:\/\/www.radiopiu.net\/wordpress\/wp-json\/wp\/v2\/tags?post=99323"}],"curies":[{"name":"wp","href":"https:\/\/api.w.org\/{rel}","templated":true}]}}