{"id":99328,"date":"2019-09-21T05:59:55","date_gmt":"2019-09-21T03:59:55","guid":{"rendered":"http:\/\/www.radiopiu.net\/wordpress\/?p=99328"},"modified":"2019-09-21T06:08:50","modified_gmt":"2019-09-21T04:08:50","slug":"blackfin-torna-a-brillare-sotto-il-cielo-di-firenze","status":"publish","type":"post","link":"https:\/\/www.radiopiu.net\/wordpress\/blackfin-torna-a-brillare-sotto-il-cielo-di-firenze\/","title":{"rendered":"BLACKFIN TORNA A BRILLARE SOTTO IL CIELO DI FIRENZE"},"content":{"rendered":"<p>&nbsp;<\/p>\n<blockquote><p><strong>In occasione di DaTE, un cocktail esclusivo dedicato al brand di occhiali in titanio <\/strong><\/p><\/blockquote>\n<p><strong><a class=\"dt-pswp-item\" href=\"http:\/\/www.radiopiu.net\/wordpress\/wp-content\/uploads\/2019\/09\/Blackfin_DaTE_18.jpg\" data-dt-img-description=\"\" data-large_image_width=\"2000\" data-large_image_height=\"1331\"><img loading=\"lazy\" decoding=\"async\" class=\"size-medium wp-image-99327 alignleft\" src=\"http:\/\/www.radiopiu.net\/wordpress\/wp-content\/uploads\/2019\/09\/Blackfin_DaTE_18-300x200.jpg\" alt=\"\" width=\"300\" height=\"200\" srcset=\"https:\/\/www.radiopiu.net\/wordpress\/wp-content\/uploads\/2019\/09\/Blackfin_DaTE_18-300x200.jpg 300w, https:\/\/www.radiopiu.net\/wordpress\/wp-content\/uploads\/2019\/09\/Blackfin_DaTE_18-768x511.jpg 768w, https:\/\/www.radiopiu.net\/wordpress\/wp-content\/uploads\/2019\/09\/Blackfin_DaTE_18-1024x681.jpg 1024w, https:\/\/www.radiopiu.net\/wordpress\/wp-content\/uploads\/2019\/09\/Blackfin_DaTE_18.jpg 2000w\" sizes=\"auto, (max-width: 300px) 100vw, 300px\" \/><\/a>\u00a0TAIBON <\/strong>\u00a0La splendida terrazza al sesto piano dell\u2019Hotel Westin Excelsior di Firenze sar\u00e0 nuovamente la cornice dell\u2019esclusivo cocktail che Blackfin organizzer\u00e0 in occasione della sua partecipazione al DaTE \u2013 manifestazione in programma dal 21 al 23 settembre alla Leopolda di Firenze dove sar\u00e0 messo in scena il meglio della creativit\u00e0 nel mondo dell\u2019eyewear internazionale. Domenica\u00a0 infatti, si svolger\u00e0 un evento su invito, fortemente voluto dall\u2019azienda che ha scelto di raccontare cos\u00ec, in modo emozionale, l\u2019evoluzione luxury del proprio marchio. Un appuntamento che il brand di occhiali in titanio replica dopo lo straordinario successo dello scorso anno.La bellezza e l\u2019eccellenza che da sempre ispirano il prodotto si traducono metaforicamente nella bellezza mozzafiato della location fiorentina che dall\u2019alto domina lo skyline della citt\u00e0 con la torre di Palazzo Vecchio e la cupola del Brunelleschi sullo sfondo. Un fermo immagine della bellezza dell\u2019Italia autentica che potrebbe sintetizzarsi con il concetto di neomadeinitaly, la filosofia profonda che anima il marchio.<\/p>\n<p><em>\u201cLa scelta di Firenze non \u00e8 casuale\u201d \u2013 dichiara Nicola Del Din, amministratore delegato di Blackfin \u2013 \u201cDaTE rappresenta l\u2019appuntamento con l\u2019eccellenza dell\u2019eyewear e Blackfin, con questo evento, desidera celebrare l\u2019eccellenza in senso lato, intesa come qualit\u00e0, bellezza, essenza, eticit\u00e0, tutti valori che contraddistinguono il nostro neomadeinitaly. Per noi \u00e8 dunque un continuum della fiera. Sia in ottica di relazioni con i clienti attuali e con i partner che di new business. In fiera abbiamo l\u2019opportunit\u00e0 di creare contatti prospect e portandoli all\u2019evento vorremmo far loro vivere l\u2019emozione e l\u2019unicit\u00e0 del marchio Blackfin trasmettendo con coerenza i valori che sottendono la nostra azienda. Nei confronti loro e dei nostri ottici clienti e partner \u00e8 un modo per condividere un approccio culturale con coloro che sono, prima di tutto, amici\u201d.<\/em><\/p>\n<p>Non \u00e8 un caso che proprio in questo contesto lo scorso anno sia nata la collaborazione con LuisaViaRoma, il famoso retailer online di lusso, per la realizzazione di una <em>capsule collection<\/em> venduta esclusivamente presso i loro canali. Con un allestimento minimale ed emozionale, che lascer\u00e0 parlare le suggestioni della location, l\u2019evento vedr\u00e0 la presentazione ufficiale della collezione Autunno\/Inverno in Italia, un mercato che vale il 22% del fatturato complessivo dell\u2019azienda. Nel corso della serata sar\u00e0 anche presentato ufficialmente agli ospiti Filippo Pustetto, recentemente nominato direttore commerciale mondo.<\/p>\n","protected":false},"excerpt":{"rendered":"<p>&nbsp; In occasione di DaTE, un cocktail esclusivo dedicato al brand di occhiali in titanio \u00a0TAIBON \u00a0La splendida terrazza al sesto piano dell\u2019Hotel Westin Excelsior di Firenze sar\u00e0 nuovamente la cornice dell\u2019esclusivo cocktail che Blackfin organizzer\u00e0 in occasione della sua partecipazione al DaTE \u2013 manifestazione in programma dal 21 al 23 settembre alla Leopolda di&hellip;<\/p>\n","protected":false},"author":1,"featured_media":99327,"comment_status":"closed","ping_status":"closed","sticky":false,"template":"","format":"standard","meta":{"_monsterinsights_skip_tracking":false,"_monsterinsights_sitenote_active":false,"_monsterinsights_sitenote_note":"","_monsterinsights_sitenote_category":0,"footnotes":""},"categories":[49],"tags":[],"class_list":["post-99328","post","type-post","status-publish","format-standard","has-post-thumbnail","hentry","category-news-18","category-49","description-off"],"img_url":"https:\/\/www.radiopiu.net\/wordpress\/wp-content\/uploads\/2019\/09\/Blackfin_DaTE_18.jpg","_links":{"self":[{"href":"https:\/\/www.radiopiu.net\/wordpress\/wp-json\/wp\/v2\/posts\/99328","targetHints":{"allow":["GET"]}}],"collection":[{"href":"https:\/\/www.radiopiu.net\/wordpress\/wp-json\/wp\/v2\/posts"}],"about":[{"href":"https:\/\/www.radiopiu.net\/wordpress\/wp-json\/wp\/v2\/types\/post"}],"author":[{"embeddable":true,"href":"https:\/\/www.radiopiu.net\/wordpress\/wp-json\/wp\/v2\/users\/1"}],"replies":[{"embeddable":true,"href":"https:\/\/www.radiopiu.net\/wordpress\/wp-json\/wp\/v2\/comments?post=99328"}],"version-history":[{"count":0,"href":"https:\/\/www.radiopiu.net\/wordpress\/wp-json\/wp\/v2\/posts\/99328\/revisions"}],"wp:featuredmedia":[{"embeddable":true,"href":"https:\/\/www.radiopiu.net\/wordpress\/wp-json\/wp\/v2\/media\/99327"}],"wp:attachment":[{"href":"https:\/\/www.radiopiu.net\/wordpress\/wp-json\/wp\/v2\/media?parent=99328"}],"wp:term":[{"taxonomy":"category","embeddable":true,"href":"https:\/\/www.radiopiu.net\/wordpress\/wp-json\/wp\/v2\/categories?post=99328"},{"taxonomy":"post_tag","embeddable":true,"href":"https:\/\/www.radiopiu.net\/wordpress\/wp-json\/wp\/v2\/tags?post=99328"}],"curies":[{"name":"wp","href":"https:\/\/api.w.org\/{rel}","templated":true}]}}