{"id":99390,"date":"2019-09-20T18:24:37","date_gmt":"2019-09-20T16:24:37","guid":{"rendered":"http:\/\/www.radiopiu.net\/wordpress\/?p=99390"},"modified":"2019-09-21T06:08:06","modified_gmt":"2019-09-21T04:08:06","slug":"la-provincia-non-si-ferma-ora-sotto-con-la-sicurezza-a-cancia","status":"publish","type":"post","link":"https:\/\/www.radiopiu.net\/wordpress\/la-provincia-non-si-ferma-ora-sotto-con-la-sicurezza-a-cancia\/","title":{"rendered":"LA PROVINCIA NON SI FERMA,\u00a0 ORA SOTTO CON LA SICUREZZA A CANCIA"},"content":{"rendered":"<h3><\/h3>\n<blockquote><p><em>La Provincia di Belluno ha presentato in conferenza stampa gli interventi di difesa dell\u2019abitato di Cancia di Borca di Cadore.\u00a0 Primo stralcio \u201cZona del nodo idraulico Forcella Salvella-Bus del Diau\u201d, per un importo dei lavori di 2.963.238 euro con un quadro economico di 4.135.000 euro (seguiranno ulteriori interventi a completamento del progetto complessivo che ammonta a 7.500.000 euro). L\u2019obiettivo dell\u2019intervento \u00e8 la mitigazione del rischio di colata detritica che interessa il canalone di Cancia e che da anni minaccia le abitazioni sottostanti, la <\/em><em>viabilit\u00e0 comunale e la strada statale 51 di Alemagna.<\/em><\/p><\/blockquote>\n<p><strong>IL CONSIGLIERE PROVINCIALE CON DELEGA ALLA PROTEZIONE CIVILE MASSIMO BORTOLUZZI<\/strong><\/p>\n<audio class=\"wp-audio-shortcode\" id=\"audio-99390-1\" preload=\"none\" style=\"width: 100%;\" controls=\"controls\"><source type=\"audio\/mpeg\" src=\"http:\/\/www.radiopiu.net\/wordpress\/wp-content\/uploads\/2019\/09\/MASSIMO-2.mp3?_=1\" \/><a href=\"http:\/\/www.radiopiu.net\/wordpress\/wp-content\/uploads\/2019\/09\/MASSIMO-2.mp3\">http:\/\/www.radiopiu.net\/wordpress\/wp-content\/uploads\/2019\/09\/MASSIMO-2.mp3<\/a><\/audio>\n<p>&nbsp;<\/p>\n<p><a class=\"dt-pswp-item\" href=\"http:\/\/www.radiopiu.net\/wordpress\/wp-content\/uploads\/2019\/09\/c0c60490-e4a9-4bd0-9302-6e2ff0229fc0.jpg\" data-dt-img-description=\"\" data-large_image_width=\"1600\" data-large_image_height=\"1200\"><img loading=\"lazy\" decoding=\"async\" class=\"alignnone size-medium wp-image-99375\" src=\"http:\/\/www.radiopiu.net\/wordpress\/wp-content\/uploads\/2019\/09\/c0c60490-e4a9-4bd0-9302-6e2ff0229fc0-300x225.jpg\" alt=\"\" width=\"300\" height=\"225\" srcset=\"https:\/\/www.radiopiu.net\/wordpress\/wp-content\/uploads\/2019\/09\/c0c60490-e4a9-4bd0-9302-6e2ff0229fc0-300x225.jpg 300w, https:\/\/www.radiopiu.net\/wordpress\/wp-content\/uploads\/2019\/09\/c0c60490-e4a9-4bd0-9302-6e2ff0229fc0-768x576.jpg 768w, https:\/\/www.radiopiu.net\/wordpress\/wp-content\/uploads\/2019\/09\/c0c60490-e4a9-4bd0-9302-6e2ff0229fc0-1024x768.jpg 1024w, https:\/\/www.radiopiu.net\/wordpress\/wp-content\/uploads\/2019\/09\/c0c60490-e4a9-4bd0-9302-6e2ff0229fc0.jpg 1600w\" sizes=\"auto, (max-width: 300px) 100vw, 300px\" \/><\/a><a class=\"dt-pswp-item\" href=\"http:\/\/www.radiopiu.net\/wordpress\/wp-content\/uploads\/2019\/09\/d06d20ac-d242-480c-b385-8c3da8840d6d.jpg\" data-dt-img-description=\"\" data-large_image_width=\"1600\" data-large_image_height=\"1200\"><img loading=\"lazy\" decoding=\"async\" class=\"alignnone size-medium wp-image-99376\" src=\"http:\/\/www.radiopiu.net\/wordpress\/wp-content\/uploads\/2019\/09\/d06d20ac-d242-480c-b385-8c3da8840d6d-300x225.jpg\" alt=\"\" width=\"300\" height=\"225\" srcset=\"https:\/\/www.radiopiu.net\/wordpress\/wp-content\/uploads\/2019\/09\/d06d20ac-d242-480c-b385-8c3da8840d6d-300x225.jpg 300w, https:\/\/www.radiopiu.net\/wordpress\/wp-content\/uploads\/2019\/09\/d06d20ac-d242-480c-b385-8c3da8840d6d-768x576.jpg 768w, https:\/\/www.radiopiu.net\/wordpress\/wp-content\/uploads\/2019\/09\/d06d20ac-d242-480c-b385-8c3da8840d6d-1024x768.jpg 1024w, https:\/\/www.radiopiu.net\/wordpress\/wp-content\/uploads\/2019\/09\/d06d20ac-d242-480c-b385-8c3da8840d6d.jpg 1600w\" sizes=\"auto, (max-width: 300px) 100vw, 300px\" \/><\/a><a class=\"dt-pswp-item\" href=\"http:\/\/www.radiopiu.net\/wordpress\/wp-content\/uploads\/2019\/09\/e40800c3-8f31-4bd6-a51c-65a04cc3cad3.jpg\" data-dt-img-description=\"\" data-large_image_width=\"1600\" data-large_image_height=\"1200\"><img loading=\"lazy\" decoding=\"async\" class=\"alignnone size-medium wp-image-99377\" src=\"http:\/\/www.radiopiu.net\/wordpress\/wp-content\/uploads\/2019\/09\/e40800c3-8f31-4bd6-a51c-65a04cc3cad3-300x225.jpg\" alt=\"\" width=\"300\" height=\"225\" srcset=\"https:\/\/www.radiopiu.net\/wordpress\/wp-content\/uploads\/2019\/09\/e40800c3-8f31-4bd6-a51c-65a04cc3cad3-300x225.jpg 300w, https:\/\/www.radiopiu.net\/wordpress\/wp-content\/uploads\/2019\/09\/e40800c3-8f31-4bd6-a51c-65a04cc3cad3-768x576.jpg 768w, https:\/\/www.radiopiu.net\/wordpress\/wp-content\/uploads\/2019\/09\/e40800c3-8f31-4bd6-a51c-65a04cc3cad3-1024x768.jpg 1024w, https:\/\/www.radiopiu.net\/wordpress\/wp-content\/uploads\/2019\/09\/e40800c3-8f31-4bd6-a51c-65a04cc3cad3.jpg 1600w\" sizes=\"auto, (max-width: 300px) 100vw, 300px\" \/><\/a><a class=\"dt-pswp-item\" href=\"http:\/\/www.radiopiu.net\/wordpress\/wp-content\/uploads\/2019\/09\/34b1f876-71a2-4f31-84c3-7a2c32c26fc6.jpg\" data-dt-img-description=\"\" data-large_image_width=\"1600\" data-large_image_height=\"1200\"><img loading=\"lazy\" decoding=\"async\" class=\"alignnone size-medium wp-image-99378\" src=\"http:\/\/www.radiopiu.net\/wordpress\/wp-content\/uploads\/2019\/09\/34b1f876-71a2-4f31-84c3-7a2c32c26fc6-300x225.jpg\" alt=\"\" width=\"300\" height=\"225\" srcset=\"https:\/\/www.radiopiu.net\/wordpress\/wp-content\/uploads\/2019\/09\/34b1f876-71a2-4f31-84c3-7a2c32c26fc6-300x225.jpg 300w, https:\/\/www.radiopiu.net\/wordpress\/wp-content\/uploads\/2019\/09\/34b1f876-71a2-4f31-84c3-7a2c32c26fc6-768x576.jpg 768w, https:\/\/www.radiopiu.net\/wordpress\/wp-content\/uploads\/2019\/09\/34b1f876-71a2-4f31-84c3-7a2c32c26fc6-1024x768.jpg 1024w, https:\/\/www.radiopiu.net\/wordpress\/wp-content\/uploads\/2019\/09\/34b1f876-71a2-4f31-84c3-7a2c32c26fc6.jpg 1600w\" sizes=\"auto, (max-width: 300px) 100vw, 300px\" \/><\/a><a class=\"dt-pswp-item\" href=\"http:\/\/www.radiopiu.net\/wordpress\/wp-content\/uploads\/2019\/09\/35d33fc5-99a2-4a09-93da-278546c07983.jpg\" data-dt-img-description=\"\" data-large_image_width=\"1200\" data-large_image_height=\"1600\"><img loading=\"lazy\" decoding=\"async\" class=\"alignnone wp-image-99379\" src=\"http:\/\/www.radiopiu.net\/wordpress\/wp-content\/uploads\/2019\/09\/35d33fc5-99a2-4a09-93da-278546c07983-225x300.jpg\" alt=\"\" width=\"213\" height=\"284\" srcset=\"https:\/\/www.radiopiu.net\/wordpress\/wp-content\/uploads\/2019\/09\/35d33fc5-99a2-4a09-93da-278546c07983-225x300.jpg 225w, https:\/\/www.radiopiu.net\/wordpress\/wp-content\/uploads\/2019\/09\/35d33fc5-99a2-4a09-93da-278546c07983-768x1024.jpg 768w, https:\/\/www.radiopiu.net\/wordpress\/wp-content\/uploads\/2019\/09\/35d33fc5-99a2-4a09-93da-278546c07983.jpg 1200w\" sizes=\"auto, (max-width: 213px) 100vw, 213px\" \/><\/a><a class=\"dt-pswp-item\" href=\"http:\/\/www.radiopiu.net\/wordpress\/wp-content\/uploads\/2019\/09\/a7de120a-7cea-42ee-9a09-e5db35b8fc77.jpg\" data-dt-img-description=\"\" data-large_image_width=\"1600\" data-large_image_height=\"1200\"><img loading=\"lazy\" decoding=\"async\" class=\"alignnone wp-image-99380\" src=\"http:\/\/www.radiopiu.net\/wordpress\/wp-content\/uploads\/2019\/09\/a7de120a-7cea-42ee-9a09-e5db35b8fc77-300x225.jpg\" alt=\"\" width=\"375\" height=\"281\" srcset=\"https:\/\/www.radiopiu.net\/wordpress\/wp-content\/uploads\/2019\/09\/a7de120a-7cea-42ee-9a09-e5db35b8fc77-300x225.jpg 300w, https:\/\/www.radiopiu.net\/wordpress\/wp-content\/uploads\/2019\/09\/a7de120a-7cea-42ee-9a09-e5db35b8fc77-768x576.jpg 768w, https:\/\/www.radiopiu.net\/wordpress\/wp-content\/uploads\/2019\/09\/a7de120a-7cea-42ee-9a09-e5db35b8fc77-1024x768.jpg 1024w, https:\/\/www.radiopiu.net\/wordpress\/wp-content\/uploads\/2019\/09\/a7de120a-7cea-42ee-9a09-e5db35b8fc77.jpg 1600w\" sizes=\"auto, (max-width: 375px) 100vw, 375px\" \/><\/a><a class=\"dt-pswp-item\" href=\"http:\/\/www.radiopiu.net\/wordpress\/wp-content\/uploads\/2019\/09\/a57f6759-9fab-4dcd-a2bf-260382bc08f7.jpg\" data-dt-img-description=\"\" data-large_image_width=\"1600\" data-large_image_height=\"900\"><img loading=\"lazy\" decoding=\"async\" class=\"alignnone wp-image-99381\" src=\"http:\/\/www.radiopiu.net\/wordpress\/wp-content\/uploads\/2019\/09\/a57f6759-9fab-4dcd-a2bf-260382bc08f7-300x169.jpg\" alt=\"\" width=\"321\" height=\"181\" srcset=\"https:\/\/www.radiopiu.net\/wordpress\/wp-content\/uploads\/2019\/09\/a57f6759-9fab-4dcd-a2bf-260382bc08f7-300x169.jpg 300w, https:\/\/www.radiopiu.net\/wordpress\/wp-content\/uploads\/2019\/09\/a57f6759-9fab-4dcd-a2bf-260382bc08f7-768x432.jpg 768w, https:\/\/www.radiopiu.net\/wordpress\/wp-content\/uploads\/2019\/09\/a57f6759-9fab-4dcd-a2bf-260382bc08f7-1024x576.jpg 1024w, https:\/\/www.radiopiu.net\/wordpress\/wp-content\/uploads\/2019\/09\/a57f6759-9fab-4dcd-a2bf-260382bc08f7.jpg 1600w\" sizes=\"auto, (max-width: 321px) 100vw, 321px\" \/><\/a><a class=\"dt-pswp-item\" href=\"http:\/\/www.radiopiu.net\/wordpress\/wp-content\/uploads\/2019\/09\/aa31746d-dfda-43a6-b50e-25649b2c420c.jpg\" data-dt-img-description=\"\" data-large_image_width=\"1600\" data-large_image_height=\"1200\"><img loading=\"lazy\" decoding=\"async\" class=\"alignnone wp-image-99383\" src=\"http:\/\/www.radiopiu.net\/wordpress\/wp-content\/uploads\/2019\/09\/aa31746d-dfda-43a6-b50e-25649b2c420c-300x225.jpg\" alt=\"\" width=\"245\" height=\"184\" srcset=\"https:\/\/www.radiopiu.net\/wordpress\/wp-content\/uploads\/2019\/09\/aa31746d-dfda-43a6-b50e-25649b2c420c-300x225.jpg 300w, https:\/\/www.radiopiu.net\/wordpress\/wp-content\/uploads\/2019\/09\/aa31746d-dfda-43a6-b50e-25649b2c420c-768x576.jpg 768w, https:\/\/www.radiopiu.net\/wordpress\/wp-content\/uploads\/2019\/09\/aa31746d-dfda-43a6-b50e-25649b2c420c-1024x768.jpg 1024w, https:\/\/www.radiopiu.net\/wordpress\/wp-content\/uploads\/2019\/09\/aa31746d-dfda-43a6-b50e-25649b2c420c.jpg 1600w\" sizes=\"auto, (max-width: 245px) 100vw, 245px\" \/><\/a><br \/>\n<strong>L\u2019INTERVENTO<\/strong><br \/>\nLe colate detritiche che scendono dal monte Antelao sono causate da precipitazioni di breve durata e forte intensit\u00e0, concentrate prevalentemente nel periodo estivo. La quantit\u00e0 pi\u00f9 frequente di materiale mobilizzato con una colata solido-liquida \u00e8 stimata in 10.000 &#8211; 50.000 metri cubi (le massime quantit\u00e0 ipotizzabili, in caso di eventi con tempi di ritorno significativi, sono stimate attorno ai 100.000 metri cubi). I fenomeni si innescano lungo il canalone, a quota 1.666 metri circa, scendono a valle e si aggravano fortemente a quota 1.300 metri, dove al materiale solido si aggiungono le acque del rio Bus del Diau, le quali mobilizzano la parte rocciosa e solida di colata presente per poi trascinarla a valle. L\u2019intervento consiste nella realizzazione delle seguenti opere:<br \/>\nBriglia frangicolata \u2192 L\u2019opera principale prevista dagli interventi in progetto \u00e8 una briglia frangicolata del tipo \u201cSabo dam\u201d. Si tratta di una opera trasversale di trattenuta in cemento armato di tipo aperto, all\u2019interno della quale sono inseriti elementi in acciaio frangicolata alti all\u2019incirca 6 metri, funzionali a trattenere i massi pi\u00f9 grandi della colata. Verr\u00e0 realizzata a monte della ridisegnata confluenza tra il Bus del Diau e la colata detritica e servir\u00e0 a<br \/>\nfermare la parte pi\u00f9 consistente della colata prima che raggiunga la componente liquida. Deviazione Bus del Diau \u2192 \u00c8 previsto il prolungamento del canale, deviando e spostando la confluenza esistente da 1.362 metri fino a 1.260 metri di quota. L\u2019opera avr\u00e0 uno sviluppo complessivo di 330 metri circa, costituito da tre tratti che termineranno con tre salti di fondo, l\u2019ultimo dei quali corrisponder\u00e0 alla vasca di dissipazione dell\u2019energia del<br \/>\ncanale in ingresso. Risagomatura della cosiddetta \u201cRovina di Cancia\u201d \u2192 Con questo intervento si intende<br \/>\nconferire alle possibili colate detritiche un convogliamento il pi\u00f9 possibile centrale rispetto al canalone, evitando il rischio di sormonto. Il tratto interessato dal progetto avr\u00e0 uno sviluppo di 70 metri circa e una larghezza variabile a seconda della conformazione del terreno (comunque non inferiore a 13 metri). Sono previste anche alcune scogliere in massi ciclopici a protezione degli argini, sia a monte che a valle della briglia frangicolata<\/p>\n<p>&nbsp;<\/p>\n<h3><\/h3>\n","protected":false},"excerpt":{"rendered":"<p>La Provincia di Belluno ha presentato in conferenza stampa gli interventi di difesa dell\u2019abitato di Cancia di Borca di Cadore.\u00a0 Primo stralcio \u201cZona del nodo idraulico Forcella Salvella-Bus del Diau\u201d, per un importo dei lavori di 2.963.238 euro con un quadro economico di 4.135.000 euro (seguiranno ulteriori interventi a completamento del progetto complessivo che ammonta&hellip;<\/p>\n","protected":false},"author":1,"featured_media":99377,"comment_status":"closed","ping_status":"closed","sticky":false,"template":"","format":"standard","meta":{"_monsterinsights_skip_tracking":false,"_monsterinsights_sitenote_active":false,"_monsterinsights_sitenote_note":"","_monsterinsights_sitenote_category":0,"footnotes":""},"categories":[103,49],"tags":[],"class_list":["post-99390","post","type-post","status-publish","format-standard","has-post-thumbnail","hentry","category-evidenza_2","category-news-18","category-103","category-49","description-off"],"img_url":"https:\/\/www.radiopiu.net\/wordpress\/wp-content\/uploads\/2019\/09\/e40800c3-8f31-4bd6-a51c-65a04cc3cad3.jpg","_links":{"self":[{"href":"https:\/\/www.radiopiu.net\/wordpress\/wp-json\/wp\/v2\/posts\/99390","targetHints":{"allow":["GET"]}}],"collection":[{"href":"https:\/\/www.radiopiu.net\/wordpress\/wp-json\/wp\/v2\/posts"}],"about":[{"href":"https:\/\/www.radiopiu.net\/wordpress\/wp-json\/wp\/v2\/types\/post"}],"author":[{"embeddable":true,"href":"https:\/\/www.radiopiu.net\/wordpress\/wp-json\/wp\/v2\/users\/1"}],"replies":[{"embeddable":true,"href":"https:\/\/www.radiopiu.net\/wordpress\/wp-json\/wp\/v2\/comments?post=99390"}],"version-history":[{"count":0,"href":"https:\/\/www.radiopiu.net\/wordpress\/wp-json\/wp\/v2\/posts\/99390\/revisions"}],"wp:featuredmedia":[{"embeddable":true,"href":"https:\/\/www.radiopiu.net\/wordpress\/wp-json\/wp\/v2\/media\/99377"}],"wp:attachment":[{"href":"https:\/\/www.radiopiu.net\/wordpress\/wp-json\/wp\/v2\/media?parent=99390"}],"wp:term":[{"taxonomy":"category","embeddable":true,"href":"https:\/\/www.radiopiu.net\/wordpress\/wp-json\/wp\/v2\/categories?post=99390"},{"taxonomy":"post_tag","embeddable":true,"href":"https:\/\/www.radiopiu.net\/wordpress\/wp-json\/wp\/v2\/tags?post=99390"}],"curies":[{"name":"wp","href":"https:\/\/api.w.org\/{rel}","templated":true}]}}