{"id":99426,"date":"2019-09-21T06:24:52","date_gmt":"2019-09-21T04:24:52","guid":{"rendered":"http:\/\/www.radiopiu.net\/wordpress\/?p=99426"},"modified":"2019-09-21T06:24:52","modified_gmt":"2019-09-21T04:24:52","slug":"soccorso-in-marmolada-un-ferito-recuperato-dal-soccorso-alpino","status":"publish","type":"post","link":"https:\/\/www.radiopiu.net\/wordpress\/soccorso-in-marmolada-un-ferito-recuperato-dal-soccorso-alpino\/","title":{"rendered":"SOCCORSO IN MARMOLADA, UN FERITO RECUPERATO DAL SOCCORSO ALPINO"},"content":{"rendered":"<div><\/div>\n<div><\/div>\n<div><span class=\"Apple-style-span\"><strong>ROCCA PIETORE<\/strong> Ieri sera alle 19 circa l&#8217;eliambulanza \u00e8 decollata in direzione della Marmolada, a Rocca Pietore, in aiuto di tre scalatori,\u00a0 in difficolt\u00e0, a met\u00e0 della via Don Quixote. I tre erano pronti a bivaccare a met\u00e0 via e ripartire stamane, quando uno di loro, 28 anni, ucraino, \u00e8 volato per circa 8 metri, riportando trauma cranico e alle braccia ed escoriazioni al volto. Tutti e tre i rocciatori sono stati imbarcati con un verricello lungo dal tecnico di elisoccorso: il ferito \u00e8 stato trasportato all&#8217;ospedale di Pieve di Cadore, i due compagni illesi sono stati lasciati al Rifugio Falier.<\/span><\/div>\n<div><\/div>\n<div><\/div>\n<h2>IERI ALLA RADIO&#8230;..<\/h2>\n<div>\n<p>&nbsp;<\/p>\n<h2>IL VIDEO DEL GIORNO&#8230; UNA STORIA DAL SUEM 118 EMOZIONI TRA LE PALE<\/h2>\n<p><iframe loading=\"lazy\" title=\"EMS Stories: Italy\" width=\"1200\" height=\"675\" src=\"https:\/\/www.youtube.com\/embed\/mSAez2ekG_Q?feature=oembed\" frameborder=\"0\" allow=\"accelerometer; autoplay; encrypted-media; gyroscope; picture-in-picture\" allowfullscreen><\/iframe><\/p>\n<p>&nbsp;<\/p>\n<p>&nbsp;<\/p>\n<p>&nbsp;<\/p>\n<h2><\/h2>\n<\/div>\n","protected":false},"excerpt":{"rendered":"<p>ROCCA PIETORE Ieri sera alle 19 circa l&#8217;eliambulanza \u00e8 decollata in direzione della Marmolada, a Rocca Pietore, in aiuto di tre scalatori,\u00a0 in difficolt\u00e0, a met\u00e0 della via Don Quixote. I tre erano pronti a bivaccare a met\u00e0 via e ripartire stamane, quando uno di loro, 28 anni, ucraino, \u00e8 volato per circa 8 metri,&hellip;<\/p>\n","protected":false},"author":1,"featured_media":94422,"comment_status":"closed","ping_status":"closed","sticky":false,"template":"","format":"standard","meta":{"_monsterinsights_skip_tracking":false,"_monsterinsights_sitenote_active":false,"_monsterinsights_sitenote_note":"","_monsterinsights_sitenote_category":0,"footnotes":""},"categories":[49],"tags":[],"class_list":["post-99426","post","type-post","status-publish","format-standard","has-post-thumbnail","hentry","category-news-18","category-49","description-off"],"img_url":"https:\/\/www.radiopiu.net\/wordpress\/wp-content\/uploads\/2019\/08\/IMG-20190805-WA0025.jpg","_links":{"self":[{"href":"https:\/\/www.radiopiu.net\/wordpress\/wp-json\/wp\/v2\/posts\/99426","targetHints":{"allow":["GET"]}}],"collection":[{"href":"https:\/\/www.radiopiu.net\/wordpress\/wp-json\/wp\/v2\/posts"}],"about":[{"href":"https:\/\/www.radiopiu.net\/wordpress\/wp-json\/wp\/v2\/types\/post"}],"author":[{"embeddable":true,"href":"https:\/\/www.radiopiu.net\/wordpress\/wp-json\/wp\/v2\/users\/1"}],"replies":[{"embeddable":true,"href":"https:\/\/www.radiopiu.net\/wordpress\/wp-json\/wp\/v2\/comments?post=99426"}],"version-history":[{"count":0,"href":"https:\/\/www.radiopiu.net\/wordpress\/wp-json\/wp\/v2\/posts\/99426\/revisions"}],"wp:featuredmedia":[{"embeddable":true,"href":"https:\/\/www.radiopiu.net\/wordpress\/wp-json\/wp\/v2\/media\/94422"}],"wp:attachment":[{"href":"https:\/\/www.radiopiu.net\/wordpress\/wp-json\/wp\/v2\/media?parent=99426"}],"wp:term":[{"taxonomy":"category","embeddable":true,"href":"https:\/\/www.radiopiu.net\/wordpress\/wp-json\/wp\/v2\/categories?post=99426"},{"taxonomy":"post_tag","embeddable":true,"href":"https:\/\/www.radiopiu.net\/wordpress\/wp-json\/wp\/v2\/tags?post=99426"}],"curies":[{"name":"wp","href":"https:\/\/api.w.org\/{rel}","templated":true}]}}