{"id":99475,"date":"2019-09-21T23:59:11","date_gmt":"2019-09-21T21:59:11","guid":{"rendered":"http:\/\/www.radiopiu.net\/wordpress\/?p=99475"},"modified":"2019-10-09T06:09:39","modified_gmt":"2019-10-09T04:09:39","slug":"una-settimana-importante-trofeo-16-comuni","status":"publish","type":"post","link":"https:\/\/www.radiopiu.net\/wordpress\/una-settimana-importante-trofeo-16-comuni\/","title":{"rendered":"UNA SETTIMANA IMPORTANTE TROFEO 16 COMUNI"},"content":{"rendered":"<p>John Francis Della Pietra<\/p>\n<p>Una settimana importante<br \/>\nSettembrina<br \/>\nDal cielo azzurro<br \/>\nE dai grandi silenzi<br \/>\nChiss\u00e0<br \/>\nCosa accadr\u00e0<br \/>\nCos\u00ec nel suo bel mezzo<br \/>\nM&#8217;aspetto un auspicio<br \/>\nIl buio ha gi\u00e0 coperto ogni cosa<br \/>\nDomani forse all&#8217;alba<br \/>\nMi dico<br \/>\nPoi d &#8216;mprovviso<br \/>\nNon lo vedo<br \/>\nMa lo sento<br \/>\nUn acquazzone<br \/>\nCalmo ma deciso<br \/>\nBenefica acqua<br \/>\nPurificatrice<br \/>\nChe laver\u00e0 ogni cosa<br \/>\nDell&#8217;estate che finisce<br \/>\nCos\u00ec mi volgo attorno<br \/>\nNella notte<br \/>\nE percepisco<br \/>\nChe siam rimasti<br \/>\nNoi Agordini<br \/>\nCome sempre<br \/>\nSentinelle sui baluardi<br \/>\nDelle Dolomiti<br \/>\nLa vita ha ripreso<br \/>\nIl suo normale scorrer<br \/>\nLo comprendo meglio<br \/>\nAl mattino<br \/>\nQuella giovane et\u00e0<br \/>\nCarica di libri<br \/>\nChe va a scuola<br \/>\nEcco un po&#8217; alla volta<br \/>\nLa mia visione si schiara<br \/>\nLa pioggia ha ripulito tutto<br \/>\nAnche gli animi<br \/>\nPreludio<br \/>\nAlla festa<br \/>\nL&#8217;intravedo<br \/>\nLa moltitudine<br \/>\nLa folta torma<br \/>\nDel futuro<br \/>\nSenza distinzione<br \/>\nCon pari condizione<br \/>\nEd emozione<br \/>\nSon l\u00ec<br \/>\nIncuranti di tutto<br \/>\nPronti<br \/>\nPregni d&#8217;energia<br \/>\nPuri<br \/>\nCapaci e coscienti<br \/>\nD&#8217;esser<br \/>\nIl divenire<br \/>\nDa molto aspettano<br \/>\nDi mostrarsi<br \/>\nAssieme<br \/>\nFieri<br \/>\nIn questo nostro<br \/>\nMomento d&#8217;incontro<br \/>\nDi crescita<br \/>\nVerso il futuro<br \/>\nIl suggello d&#8217;appartenenza<br \/>\nAl territorio<br \/>\nLa partecipazione<br \/>\nDi questi meravigliosi<br \/>\nBimbi bimbe ragazzi ragazze giovani<br \/>\nAl trofeo 16 Comuni dell&#8217;agordino<br \/>\nIl palcoscenico<br \/>\nPi\u00f9 bello<br \/>\nLi vedo<br \/>\nSeri rispettosi impegnati<br \/>\nMa pure amichevoli<br \/>\nUn tutt&#8217; uno<br \/>\nEccoli<br \/>\nSiatene orgogliosi<br \/>\nPadri e madri<br \/>\nFamiglie<br \/>\nDei vostri<br \/>\nFigli e figlie<br \/>\nE chiunque<br \/>\nNe abbia la possibilit\u00e0<br \/>\nMorale o materiale<br \/>\nLi aiuti<br \/>\nLe Dolomiti<br \/>\nIn questa festa<br \/>\nIn questo<br \/>\nEquinozio d&#8217;autunno<br \/>\nSono splendide<br \/>\nVivono&#8230;<\/p>\n","protected":false},"excerpt":{"rendered":"<p>John Francis Della Pietra Una settimana importante Settembrina Dal cielo azzurro E dai grandi silenzi Chiss\u00e0 Cosa accadr\u00e0 Cos\u00ec nel suo bel mezzo M&#8217;aspetto un auspicio Il buio ha gi\u00e0 coperto ogni cosa Domani forse all&#8217;alba Mi dico Poi d &#8216;mprovviso Non lo vedo Ma lo sento Un acquazzone Calmo ma deciso Benefica acqua Purificatrice&hellip;<\/p>\n","protected":false},"author":1,"featured_media":99018,"comment_status":"closed","ping_status":"closed","sticky":false,"template":"","format":"standard","meta":{"_monsterinsights_skip_tracking":false,"_monsterinsights_sitenote_active":false,"_monsterinsights_sitenote_note":"","_monsterinsights_sitenote_category":0,"footnotes":""},"categories":[104,49],"tags":[],"class_list":["post-99475","post","type-post","status-publish","format-standard","has-post-thumbnail","hentry","category-evidenza_3","category-news-18","category-104","category-49","description-off"],"img_url":"https:\/\/www.radiopiu.net\/wordpress\/wp-content\/uploads\/2019\/09\/16-comuni-premiazioni-21.jpg","_links":{"self":[{"href":"https:\/\/www.radiopiu.net\/wordpress\/wp-json\/wp\/v2\/posts\/99475","targetHints":{"allow":["GET"]}}],"collection":[{"href":"https:\/\/www.radiopiu.net\/wordpress\/wp-json\/wp\/v2\/posts"}],"about":[{"href":"https:\/\/www.radiopiu.net\/wordpress\/wp-json\/wp\/v2\/types\/post"}],"author":[{"embeddable":true,"href":"https:\/\/www.radiopiu.net\/wordpress\/wp-json\/wp\/v2\/users\/1"}],"replies":[{"embeddable":true,"href":"https:\/\/www.radiopiu.net\/wordpress\/wp-json\/wp\/v2\/comments?post=99475"}],"version-history":[{"count":0,"href":"https:\/\/www.radiopiu.net\/wordpress\/wp-json\/wp\/v2\/posts\/99475\/revisions"}],"wp:featuredmedia":[{"embeddable":true,"href":"https:\/\/www.radiopiu.net\/wordpress\/wp-json\/wp\/v2\/media\/99018"}],"wp:attachment":[{"href":"https:\/\/www.radiopiu.net\/wordpress\/wp-json\/wp\/v2\/media?parent=99475"}],"wp:term":[{"taxonomy":"category","embeddable":true,"href":"https:\/\/www.radiopiu.net\/wordpress\/wp-json\/wp\/v2\/categories?post=99475"},{"taxonomy":"post_tag","embeddable":true,"href":"https:\/\/www.radiopiu.net\/wordpress\/wp-json\/wp\/v2\/tags?post=99475"}],"curies":[{"name":"wp","href":"https:\/\/api.w.org\/{rel}","templated":true}]}}