{"id":99557,"date":"2019-09-23T05:51:26","date_gmt":"2019-09-23T03:51:26","guid":{"rendered":"http:\/\/www.radiopiu.net\/wordpress\/?p=99557"},"modified":"2019-09-23T05:51:26","modified_gmt":"2019-09-23T03:51:26","slug":"black-out-lavori-incompiuti-e-la-forza-del-volontariato","status":"publish","type":"post","link":"https:\/\/www.radiopiu.net\/wordpress\/black-out-lavori-incompiuti-e-la-forza-del-volontariato\/","title":{"rendered":"BLACK OUT, LAVORI INCOMPIUTI E LA FORZA DEL VOLONTARIATO"},"content":{"rendered":"<p>&nbsp;<\/p>\n<h3><\/h3>\n<p><strong><a class=\"dt-pswp-item\" href=\"http:\/\/www.radiopiu.net\/wordpress\/wp-content\/uploads\/2015\/09\/ternapds.jpg\" data-dt-img-description=\"\" data-large_image_width=\"432\" data-large_image_height=\"287\"><img loading=\"lazy\" decoding=\"async\" class=\" wp-image-11357 alignleft\" src=\"http:\/\/www.radiopiu.net\/wordpress\/wp-content\/uploads\/2015\/09\/ternapds-300x199.jpg\" alt=\"\" width=\"300\" height=\"199\" \/><\/a>TAIBON<\/strong> Il ricordo di Vaia\u00a0 fa paura, quando il cielo diventa grigio o come ieri quando Taibon e non solo \u00e8 rimasto a lungo senza energia elettrica sia al mattino che nel pomeriggio per un cavo usurato. I tecnici di Enel Distribuzione lo hanno sostituito ma ci sono volute parecchie ore di lavoro. Al mattino dalle 9.30 alle 10 per sezionare le linee, nel pomeriggio per arrivare diritti sul guasto con la seconda interruzione dalle 15.30 alle 16.<\/p>\n<p>&nbsp;<\/p>\n<p>A proposito di Taibon,\u00a0 nel post Vaia sono stati fatti alcuni\u00a0 lavori in questi mesi, ma molti ne rimangono da fare eppure i soldi non mancano lo dicono tutti. Chi non si \u00e8 mai fermato \u00e8 l&#8217;esercito di volontari, prima in Valle di San Lucano al laghetto delle Peschiere dove sono stati rialzati gli alberi e sistemata l&#8217;area, nello scorso fine settimana a Listolade in Val Corpassa. Per il resto la situazione \u00e8 evidente basta dare uno sguardo alle pendici delle Pale di San Lucano dove si parlava di fare una strada per il recupero del legname, ma anche taglia fuoco perch\u00e8 un anno fa le fiamme sono arrivate fino a poche centinaia di metri dal paese. Sono state raccolte firme, sono state fatte pressioni dove serve ma la risposta \u00e8 stata silenzio assoluto. Gli alberi sono ancora a terra, il bosco \u00e8 nero ricordandoci che l\u00ec \u00e8 passato un incendio, che potrebbe ripetersi, che troverebbe legna da ardere ormai secca ad un anno da Vaia.\u00a0 (mm)<\/p>\n","protected":false},"excerpt":{"rendered":"<p>&nbsp; TAIBON Il ricordo di Vaia\u00a0 fa paura, quando il cielo diventa grigio o come ieri quando Taibon e non solo \u00e8 rimasto a lungo senza energia elettrica sia al mattino che nel pomeriggio per un cavo usurato. I tecnici di Enel Distribuzione lo hanno sostituito ma ci sono volute parecchie ore di lavoro. Al&hellip;<\/p>\n","protected":false},"author":1,"featured_media":0,"comment_status":"closed","ping_status":"closed","sticky":false,"template":"","format":"standard","meta":{"_monsterinsights_skip_tracking":false,"_monsterinsights_sitenote_active":false,"_monsterinsights_sitenote_note":"","_monsterinsights_sitenote_category":0,"footnotes":""},"categories":[51,49],"tags":[],"class_list":["post-99557","post","type-post","status-publish","format-standard","hentry","category-evidenza-top","category-news-18","category-51","category-49","description-off"],"img_url":false,"_links":{"self":[{"href":"https:\/\/www.radiopiu.net\/wordpress\/wp-json\/wp\/v2\/posts\/99557","targetHints":{"allow":["GET"]}}],"collection":[{"href":"https:\/\/www.radiopiu.net\/wordpress\/wp-json\/wp\/v2\/posts"}],"about":[{"href":"https:\/\/www.radiopiu.net\/wordpress\/wp-json\/wp\/v2\/types\/post"}],"author":[{"embeddable":true,"href":"https:\/\/www.radiopiu.net\/wordpress\/wp-json\/wp\/v2\/users\/1"}],"replies":[{"embeddable":true,"href":"https:\/\/www.radiopiu.net\/wordpress\/wp-json\/wp\/v2\/comments?post=99557"}],"version-history":[{"count":0,"href":"https:\/\/www.radiopiu.net\/wordpress\/wp-json\/wp\/v2\/posts\/99557\/revisions"}],"wp:attachment":[{"href":"https:\/\/www.radiopiu.net\/wordpress\/wp-json\/wp\/v2\/media?parent=99557"}],"wp:term":[{"taxonomy":"category","embeddable":true,"href":"https:\/\/www.radiopiu.net\/wordpress\/wp-json\/wp\/v2\/categories?post=99557"},{"taxonomy":"post_tag","embeddable":true,"href":"https:\/\/www.radiopiu.net\/wordpress\/wp-json\/wp\/v2\/tags?post=99557"}],"curies":[{"name":"wp","href":"https:\/\/api.w.org\/{rel}","templated":true}]}}