{"id":99624,"date":"2019-09-24T05:59:25","date_gmt":"2019-09-24T03:59:25","guid":{"rendered":"http:\/\/www.radiopiu.net\/wordpress\/?p=99624"},"modified":"2019-09-24T06:08:40","modified_gmt":"2019-09-24T04:08:40","slug":"interviste-telefoniche-lulss-invita-a-diffidare","status":"publish","type":"post","link":"https:\/\/www.radiopiu.net\/wordpress\/interviste-telefoniche-lulss-invita-a-diffidare\/","title":{"rendered":"INTERVISTE TELEFONICHE, L&#8217;ULSS INVITA A DIFFIDARE"},"content":{"rendered":"<p align=\"CENTER\">\n<blockquote>\n<p align=\"JUSTIFY\"><em><strong><span style=\"font-family: Tahoma, sans-serif;\">Dalla Ulss1: diffidate da richieste di interviste che non siano precedute dalla lettera di richiesta firmata dal Dipartimento di Prevenzione dell\u2019Ulss Dolomiti. <\/span><span style=\"font-family: Tahoma, sans-serif;\">In caso di dubbio \u00e8 possibile contattare il Dipartimento di Prevenzione allo 0439\/883835. Si segnala, infine, che nel caso si ricevano telefonate con richiesta di recarsi in ospedale o altrove per completare ipotetiche interviste sugli stili di vita, \u00e8 opportuno avvisare il 112.<\/span><\/strong><\/em><\/p>\n<\/blockquote>\n<p align=\"CENTER\">\n<p align=\"JUSTIFY\"><span style=\"font-family: Tahoma, sans-serif;\"><strong>FELTRE<\/strong>. Alcuni cittadini hanno segnalato al Dipartimento di Prevenzione di aver ricevuto delle interviste telefoniche in merito a stili e abitudini di vita, molto simili alle interviste che l\u2019ULSS effettua nell\u2019ambito del progetto PASSI. Secondo le segnalazioni, le telefonate si concludevano con l\u2019invito a recarsi, un giorno successivo preciso, all\u2019ospedale di Feltre od altro luogo dove sarebbero stati donati dei gadget. <\/span><span style=\"font-family: Tahoma, sans-serif;\">L\u2019Azienda Ulss Dolomiti \u00e8 estranea a questa iniziativa e raccomanda di diffidare di questo approccio. Il percorso che l\u2019Azienda Ulss attua per realizzare le interviste PASSI \u00e8 ben preciso. Le persone da intervistare sono selezionate sulla base di un elenco fornito dalla Regione del Veneto. Al campione selezionato viene inviata una lettera a domicilio in cui si chiede la disponibilit\u00e0 ad essere sottoposto ad una serie di domande su stili e abitudini di vita finalizzate a conoscere le abitudini della popolazione locale. Successivamente il destinatario viene contattato telefonicamente per fissare giorno e ora dell\u2019intervista. In tale occasione viene comunicato il nominato dell\u2019assistente sanitaria dell\u2019Ulss Dolomiti che effettuer\u00e0 l\u2019intervista. L\u2019intervista \u00e8 telefonica e si completa con un\u2019unica telefonata. <\/span><span style=\"font-family: Tahoma, sans-serif;\">Il progetto PASSI \u00e8 un progetto nazionale e regionale finalizzato a conoscere stili e abitudini di vita della popolazione di et\u00e0 compresa tra i 18 e i 65 anni di et\u00e0. I risultati di queste interviste sono confrontati a livello regionale e nazionale e sono fondamentali perch\u00e9 fornisco indicazioni per l\u2019attivazione di programmi di prevenzione primaria locali in modo mirato e rispondente ai bisogni della cittadinanza.<\/span><\/p>\n<p align=\"JUSTIFY\">\n","protected":false},"excerpt":{"rendered":"<p>Dalla Ulss1: diffidate da richieste di interviste che non siano precedute dalla lettera di richiesta firmata dal Dipartimento di Prevenzione dell\u2019Ulss Dolomiti. In caso di dubbio \u00e8 possibile contattare il Dipartimento di Prevenzione allo 0439\/883835. Si segnala, infine, che nel caso si ricevano telefonate con richiesta di recarsi in ospedale o altrove per completare ipotetiche&hellip;<\/p>\n","protected":false},"author":1,"featured_media":76822,"comment_status":"closed","ping_status":"closed","sticky":false,"template":"","format":"standard","meta":{"_monsterinsights_skip_tracking":false,"_monsterinsights_sitenote_active":false,"_monsterinsights_sitenote_note":"","_monsterinsights_sitenote_category":0,"footnotes":""},"categories":[49],"tags":[],"class_list":["post-99624","post","type-post","status-publish","format-standard","has-post-thumbnail","hentry","category-news-18","category-49","description-off"],"img_url":"https:\/\/www.radiopiu.net\/wordpress\/wp-content\/uploads\/2019\/02\/ospedale-di-feltre.jpeg","_links":{"self":[{"href":"https:\/\/www.radiopiu.net\/wordpress\/wp-json\/wp\/v2\/posts\/99624","targetHints":{"allow":["GET"]}}],"collection":[{"href":"https:\/\/www.radiopiu.net\/wordpress\/wp-json\/wp\/v2\/posts"}],"about":[{"href":"https:\/\/www.radiopiu.net\/wordpress\/wp-json\/wp\/v2\/types\/post"}],"author":[{"embeddable":true,"href":"https:\/\/www.radiopiu.net\/wordpress\/wp-json\/wp\/v2\/users\/1"}],"replies":[{"embeddable":true,"href":"https:\/\/www.radiopiu.net\/wordpress\/wp-json\/wp\/v2\/comments?post=99624"}],"version-history":[{"count":0,"href":"https:\/\/www.radiopiu.net\/wordpress\/wp-json\/wp\/v2\/posts\/99624\/revisions"}],"wp:featuredmedia":[{"embeddable":true,"href":"https:\/\/www.radiopiu.net\/wordpress\/wp-json\/wp\/v2\/media\/76822"}],"wp:attachment":[{"href":"https:\/\/www.radiopiu.net\/wordpress\/wp-json\/wp\/v2\/media?parent=99624"}],"wp:term":[{"taxonomy":"category","embeddable":true,"href":"https:\/\/www.radiopiu.net\/wordpress\/wp-json\/wp\/v2\/categories?post=99624"},{"taxonomy":"post_tag","embeddable":true,"href":"https:\/\/www.radiopiu.net\/wordpress\/wp-json\/wp\/v2\/tags?post=99624"}],"curies":[{"name":"wp","href":"https:\/\/api.w.org\/{rel}","templated":true}]}}