{"id":99660,"date":"2019-09-24T05:43:48","date_gmt":"2019-09-24T03:43:48","guid":{"rendered":"http:\/\/www.radiopiu.net\/wordpress\/?p=99660"},"modified":"2019-09-24T10:06:25","modified_gmt":"2019-09-24T08:06:25","slug":"giornale-radiopiu-24-settembre-2019-direttore-mirko-mezzacasa","status":"publish","type":"post","link":"https:\/\/www.radiopiu.net\/wordpress\/giornale-radiopiu-24-settembre-2019-direttore-mirko-mezzacasa\/","title":{"rendered":"GIORNALE RADIOPIU 24 SETTEMBRE 2019 DIRETTORE MIRKO MEZZACASA"},"content":{"rendered":"<p>&nbsp;<\/p>\n<p>&nbsp;<\/p>\n<h2>ALTRI ORDIGNI BELLICI SUL MONTE SIEF, SCATTA L&#8217;OPERAZIONE DI BONIFICA<\/h2>\n<p><strong><a class=\"dt-pswp-item\" href=\"http:\/\/www.radiopiu.net\/wordpress\/wp-content\/uploads\/2019\/09\/WhatsApp-Image-2019-09-23-at-19.00.36.jpeg\" data-dt-img-description=\"\" data-large_image_width=\"744\" data-large_image_height=\"1024\"><img loading=\"lazy\" decoding=\"async\" class=\"size-medium wp-image-99717 alignleft\" src=\"http:\/\/www.radiopiu.net\/wordpress\/wp-content\/uploads\/2019\/09\/WhatsApp-Image-2019-09-23-at-19.00.36-218x300.jpeg\" alt=\"\" width=\"218\" height=\"300\" srcset=\"https:\/\/www.radiopiu.net\/wordpress\/wp-content\/uploads\/2019\/09\/WhatsApp-Image-2019-09-23-at-19.00.36-218x300.jpeg 218w, https:\/\/www.radiopiu.net\/wordpress\/wp-content\/uploads\/2019\/09\/WhatsApp-Image-2019-09-23-at-19.00.36.jpeg 744w\" sizes=\"auto, (max-width: 218px) 100vw, 218px\" \/><\/a>LIVINALLONGO<\/strong> La montagna restituisce altri ordigni risalente all&#8217;ultima guerra, a 2184 metri di quota sul monte Sief.\u00a0 Sono stati ritrovati da alcuni escursionisti nel corso dell&#8217;estate anche se il &#8220;merito&#8221; va all&#8217;uragano Vaia che li ha fatti riaffiorare con la sua furia lo scorso 29 ottobre. In Prefettura si \u00e8 gi\u00e0 riunito l&#8217;apposito comitato che ha fatto scattare l&#8217;operazione di bonifica. Si tratta di tre granate da 210 e 149 millimetri.<a class=\"dt-pswp-item\" href=\"http:\/\/www.radiopiu.net\/wordpress\/wp-content\/uploads\/2019\/09\/WhatsApp-Image-2019-09-23-at-20.10.05.jpeg\" data-dt-img-description=\"\" data-large_image_width=\"623\" data-large_image_height=\"632\"><img loading=\"lazy\" decoding=\"async\" class=\"size-medium wp-image-99716 alignright\" src=\"http:\/\/www.radiopiu.net\/wordpress\/wp-content\/uploads\/2019\/09\/WhatsApp-Image-2019-09-23-at-20.10.05-296x300.jpeg\" alt=\"\" width=\"296\" height=\"300\" srcset=\"https:\/\/www.radiopiu.net\/wordpress\/wp-content\/uploads\/2019\/09\/WhatsApp-Image-2019-09-23-at-20.10.05-296x300.jpeg 296w, https:\/\/www.radiopiu.net\/wordpress\/wp-content\/uploads\/2019\/09\/WhatsApp-Image-2019-09-23-at-20.10.05.jpeg 623w\" sizes=\"auto, (max-width: 296px) 100vw, 296px\" \/><\/a>Sono state ritrovate lungo alcuni sentieri del Cai, il numero 21, il 21 D e il 21 C, ovvero nel &#8220;Teriol Ladin&#8221;. Nella riunione di coordinamento a Belluno sono state gi\u00e0 delineate le misure organizzative per lo svolgimento delle operazioni di bonifica occasionale del territorio da ordigni residuati. Le operazioni sono previste da oggi e per tre giorni. Per questo il sindaco Leandro Grones ha previsto per i tre giorni l&#8217;evacuazione delle persone da tutte le aree nelle localit\u00e0 di rinvenimento e per un raggio di 1500 metri. Vige pertanto il divieto di circolazione a pedoni e qualsiasi veicolo con il presidio dei sentieri assicurato dal Soccorso Alpino.e i trasgressori saranno sanzionati.<\/p>\n<blockquote><p><em>Cresce al contempo la preoccupazione dei cittadini di Rocca Pietore, Saviner in particolare,\u00a0 da anni protestano senza peraltro essere ascoltati,\u00a0 poich\u00e9 gli ordigni vengono fatti brillare spesso proprio in questa zona, gi\u00e0 martoriata dall&#8217;uragano Vaia, dove ci sono abitazioni, strutture ricettive e bambini che hanno scelto questo luogo per i loro giochi.\u00a0 Chiss\u00e0 se anche in questa occasione le amministrazioni competenti faranno orecchie da mercante, oppure se\u00a0 pretenderanno che gli ordigni vengano eventualmente fatti brillare in altre zone, lontano dalle abitazioni, dal sito turistico di Saviner, da una zona che di danni meterorologici ne ha avuti fin troppi. Lo sapremo tra qualche giorno, quando inevitabilmente s&#8217;alzer\u00e0 l&#8217;ennesima protesta a scoppio avvenuto.\u00a0<\/em><\/p><\/blockquote>\n<p>&nbsp;<\/p>\n<p>&nbsp;<\/p>\n<p>&nbsp;<\/p>\n<h3>SCONTRO A TRE TRA AUTOMOBILISTE<\/h3>\n<p><strong>SANTA GIUSTINA<\/strong> Nel pomeriggio di ieri\u00a0 in Via Feltre tamponamento tra tre autovetture con un ferito non grave.\u00a0 Una Land Rover\u00a0 condotta da l.Z.\u00a0 76 anni di Feltre si \u00e8 scontrata con un&#8217;auto condotta da\u00a0 C.T.\u00a0 45 anni di San Gregorio con a bordo D.G. 47 anni di Santa Giustina che ha dovuto ricorrere alle cure del Pronto Soccorso. Coinvolta una terza auto, una Fiata Panda condotta da A.T.\u00a0 48 anni di Sospirolo. Rilievi eseguiti dai Carabinieri di Santa Giustina<\/p>\n<p>&nbsp;<\/p>\n<p>&nbsp;<\/p>\n<p>&nbsp;<\/p>\n<h3>ECONCENTRI, LE NUOVE DISPOSIZIONI TOLGONO ANCORA SERVIZI AL CITTADINO, DA ROCCA PIETORE LA PROTESTA DELLA MINORANZA. VALPE DECIDE, IL CITTADINO PAGA E CRESCE LA SFIDUCIA PER L&#8217;ECONCENTRO&#8230; CHE NON C&#8217;E&#8217;.<\/h3>\n<p><strong><a class=\"dt-pswp-item\" href=\"http:\/\/www.radiopiu.net\/wordpress\/wp-content\/uploads\/2017\/03\/ECOCENTRO.jpg\" data-dt-img-description=\"\" data-large_image_width=\"593\" data-large_image_height=\"334\"><img loading=\"lazy\" decoding=\"async\" class=\"size-medium wp-image-30104 alignleft\" src=\"http:\/\/www.radiopiu.net\/wordpress\/wp-content\/uploads\/2017\/03\/ECOCENTRO-300x169.jpg\" alt=\"\" width=\"300\" height=\"169\" \/><\/a>ROCCA PIETORE<\/strong> Nuove disposizioni che danneggiano il cittadino costretto a fare chilometri per stoccare i rifiuti all&#8217;ecocentro. Nessun sconto in bolletta, stesso prezzo e servizi peggiori. purch\u00e8 gli amministratori non si schierino a fianco dei loro elettori visto che hanno scelto loro Valpe Ambiente e sono pure soci, sarebbe giusto trovassero\u00a0 le opportune soluzioni o comunque riparassero al danno che verr\u00e0 inevitabilmente creato con la speranza che la risposta non siano i boschi trasformati in discariche come ipotizzato tra le righe dalla minoranza consiliare di Rocca Pietore, la prima che ha alzato la voce a difesa del cittadino.<\/p>\n<p><strong>DI GIANNI SANTOMASO<\/strong><\/p>\n<audio class=\"wp-audio-shortcode\" id=\"audio-99660-1\" preload=\"none\" style=\"width: 100%;\" controls=\"controls\"><source type=\"audio\/mpeg\" src=\"http:\/\/www.radiopiu.net\/wordpress\/wp-content\/uploads\/2019\/09\/gianni-ecocentro.mp3?_=1\" \/><a href=\"http:\/\/www.radiopiu.net\/wordpress\/wp-content\/uploads\/2019\/09\/gianni-ecocentro.mp3\">http:\/\/www.radiopiu.net\/wordpress\/wp-content\/uploads\/2019\/09\/gianni-ecocentro.mp3<\/a><\/audio>\n<p>&nbsp;<\/p>\n<p><strong>L&#8217;INTERROGAZIONE DELLA MINORANZA DI ROCCA PIETORE DAL NOTIZIARIO DI IERI<\/strong><\/p>\n<p><em>&#8220;Essendo venuti a consocenza che secondo le nuove disposizione di Valpe, presso l&#8217;ecocentro dei Comuni di Rocca Pietore e Alleghe non vengono pi\u00f9 raccolti piccoli elettrodomestici, schermi e batterie per auto e moto, siamo a chiedere il perch\u00e9 non si sia agito prima di togliere un servizio ai cittadini. Il disagio \u00e8 forte per tutti gli abitanti del Comune di Rocca Pietore: per gettare uno di questi rifiuti adesso devono fare chilometri. Immaginiamo il cittadino di Laste, zona pi\u00f9 decentrata del Comune che deve scendere fino a Cencenighe per gettare un piccolo elettrodomestico. Non bisogner\u00e0 stupirsi se i cittadini cercheranno &#8220;vie alternative&#8221; per gettare i rifiuti. Nell&#8217;attesa di risolvere il problema si sarebbero almeno potute mettere due baracche da cantiere. Valpe non ha dato comunicazione della necessit\u00e0 di mettere a norma gli ecocentri secondo le nuove normative europee? Perch\u00e9 non si \u00e8 proceduto a farlo? Perch\u00e9 togliere servizi al cittadino? Chiediamo un pronto intervento delle istituzioni per risolvere il problema&#8221;<\/em><\/p>\n<p>&nbsp;<\/p>\n<p>&nbsp;<\/p>\n<p>&nbsp;<\/p>\n<p>&nbsp;<\/p>\n<h2>AGORDO NEL MIRINO DELLA CRIMINALITA&#8217;, ECCO LA PRONTA RISPOSTA DELLE ISTITUZIONI<\/h2>\n<p><strong><a class=\"dt-pswp-item\" href=\"http:\/\/www.radiopiu.net\/wordpress\/wp-content\/uploads\/2019\/09\/2e8545cf-9fc7-461c-90e0-f16be38ac48e.jpg\" data-dt-img-description=\"\" data-large_image_width=\"800\" data-large_image_height=\"600\"><img loading=\"lazy\" decoding=\"async\" class=\"size-medium wp-image-99610 alignleft\" src=\"http:\/\/www.radiopiu.net\/wordpress\/wp-content\/uploads\/2019\/09\/2e8545cf-9fc7-461c-90e0-f16be38ac48e-300x225.jpg\" alt=\"\" width=\"300\" height=\"225\" srcset=\"https:\/\/www.radiopiu.net\/wordpress\/wp-content\/uploads\/2019\/09\/2e8545cf-9fc7-461c-90e0-f16be38ac48e-300x225.jpg 300w, https:\/\/www.radiopiu.net\/wordpress\/wp-content\/uploads\/2019\/09\/2e8545cf-9fc7-461c-90e0-f16be38ac48e-768x576.jpg 768w, https:\/\/www.radiopiu.net\/wordpress\/wp-content\/uploads\/2019\/09\/2e8545cf-9fc7-461c-90e0-f16be38ac48e.jpg 800w\" sizes=\"auto, (max-width: 300px) 100vw, 300px\" \/><\/a><\/strong><\/p>\n<p>&nbsp;<\/p>\n<p><strong>AGORDO Due agordini sono stati denunciati a piede libero, il primo di 55 anni per furto di una bicicletta ed \u00e8 indagato anche per il possibile furto di un&#8217;auto, il secondo di 32 anni per aver rubato bottiglie di super alcoolici al supermercato SuperW di via 27 aprile.\u00a0<\/strong><\/p>\n<p>&nbsp;<\/p>\n<p>&nbsp;<\/p>\n<p><strong>IL SINDACO DI AGORDO ROBERTO CHISSALE&#8217;<\/strong><\/p>\n<audio class=\"wp-audio-shortcode\" id=\"audio-99660-2\" preload=\"none\" style=\"width: 100%;\" controls=\"controls\"><source type=\"audio\/mpeg\" src=\"http:\/\/www.radiopiu.net\/wordpress\/wp-content\/uploads\/2019\/09\/chissa.mp3?_=2\" \/><a href=\"http:\/\/www.radiopiu.net\/wordpress\/wp-content\/uploads\/2019\/09\/chissa.mp3\">http:\/\/www.radiopiu.net\/wordpress\/wp-content\/uploads\/2019\/09\/chissa.mp3<\/a><\/audio>\n<p>&nbsp;<\/p>\n<p>Il capoluogo soprattutto e l&#8217;Agordino sono sempre pi\u00f9 all&#8217;attenzione della Compagnia Carabinieri di Belluno. La paura della gente per gli episodi del passato dal &#8220;bronx&#8221; Coop, all&#8217;uccisione di cani, agli atti vandalici con l&#8217;incendio di cassonetti anche nei pressi di un distributore fino al ritrovamento di una siringa in un luogo frequentato di via Insurrezione non sono passati inosservati e in tempi brevi \u00e8 arrivata la risposta delle istituzioni.<\/p>\n<p>Per quattro giorni il territorio \u00e8 stato presidiato oltre che dalle pattuglie delle Stazioni Carabinieri dell\u2019Agordino, anche da una Squadra Operativa di Supporto. Questo particolare Reparto, dall\u2019acronimo S.O.S., \u00e8 stato istituito dall\u2019Arma dei Carabinieri a partire dal 2016 ed \u00e8 dislocato in tutti i Reggimenti e Battaglioni d\u2019Italia. Composto da personale altamente selezionato ed addestrato per intervenire in tutte quelle situazioni di crisi anche ad alto rischio, negli scorsi giorni la squadra ha presidiato le zone ritenute pi\u00f9 sensibili nel comune di Agordo, vigilando anche durante il Trofeo dei 16 Comuni Agordini dove si \u00e8 registrato un afflusso di oltre un migliaio di persone.<\/p>\n<blockquote><p><em>I numeri e i fatti concreti: 120 auto controllate, 150 persone identificate, 8 contravvenzioni elevate, due persone denunciate. per furto. V.I. 55 anni agordino \u00e8 stato denunciato per furto per essersi introdotto nel garage di una abitazione asportando una mountain bike . Sorpreso dal proprietario a pure provato ad allontanarsi ma \u00e8 stato fermato dallo stesso proprietario che si \u00e8 fatto restituire la bicicletta in attesa dell&#8217;arrivo dei Carabinieri. All&#8217;esame anche la possibilit\u00e0 del furto di un&#8217;auto\u00a0 Alfa Romeo rubata poco dopo l&#8217;episodio, parcheggiata poco distante con le chiavi inserite e rinvenuta un paio d&#8217;ore pi\u00f9 tardi vicino al Comune di residenza dell&#8217;uomo. Seconda denuncia per C.G.\u00a0 32 anni dell&#8217;agordino sorpreso con alcune bottiglie di alcoolici che aveva rubato poco prima dal supermercato SuperW di Agordo<\/em><\/p><\/blockquote>\n<p>&nbsp;<\/p>\n<div style=\"width: 640px;\" class=\"wp-video\"><video class=\"wp-video-shortcode\" id=\"video-99660-1\" width=\"640\" height=\"352\" preload=\"metadata\" controls=\"controls\"><source type=\"video\/mp4\" src=\"http:\/\/www.radiopiu.net\/wordpress\/wp-content\/uploads\/2019\/09\/t_video5783039783206913646.mp4?_=1\" \/><a href=\"http:\/\/www.radiopiu.net\/wordpress\/wp-content\/uploads\/2019\/09\/t_video5783039783206913646.mp4\">http:\/\/www.radiopiu.net\/wordpress\/wp-content\/uploads\/2019\/09\/t_video5783039783206913646.mp4<\/a><\/video><\/div>\n<p>&nbsp;<\/p>\n<p><strong><a class=\"dt-pswp-item\" href=\"http:\/\/www.radiopiu.net\/wordpress\/wp-content\/uploads\/2019\/09\/c4bb0175-0967-41a6-8b6a-631ec4497bc4.jpg\" data-dt-img-description=\"\" data-large_image_width=\"320\" data-large_image_height=\"180\"><img loading=\"lazy\" decoding=\"async\" class=\"size-medium wp-image-99609 alignleft\" src=\"http:\/\/www.radiopiu.net\/wordpress\/wp-content\/uploads\/2019\/09\/c4bb0175-0967-41a6-8b6a-631ec4497bc4-300x169.jpg\" alt=\"\" width=\"300\" height=\"169\" srcset=\"https:\/\/www.radiopiu.net\/wordpress\/wp-content\/uploads\/2019\/09\/c4bb0175-0967-41a6-8b6a-631ec4497bc4-300x169.jpg 300w, https:\/\/www.radiopiu.net\/wordpress\/wp-content\/uploads\/2019\/09\/c4bb0175-0967-41a6-8b6a-631ec4497bc4.jpg 320w\" sizes=\"auto, (max-width: 300px) 100vw, 300px\" \/><\/a>Lunedi 23 settembre<\/strong> la Stazione di Agordo, la Sezione Operativa, la Squadra Operativa di Supporto, ed il Nucleo Cinofili di Torreglia (PD), hanno proceduto al controllo atto a prevenire e contrastare l\u2019utilizzo e lo spaccio di sostanze stupefacenti presso l\u2019Istituto di Istruzione Superiore \u201cU. Follador \u2013 A. De Rossi\u201d di Agordo. Nel corso della mattinata, grazie alla collaborazione e disponibilit\u00e0 della preside\u00a0 Renata Dal Farra, il Maggiore Emanuela Cervellera Comandante della Compagnia Carabinieri di Belluno, ha potuto incontrare gli studenti illustrando loro le conseguenze che comporta l\u2019assunzione di sostanze stupefacenti e di alcolici, l\u2019errato utilizzo dei social network nonch\u00e9 far conoscere questi due reparti dell\u2019Arma dei Carabinieri: le S.O.S. e il Nucleo Cinofili con il cane Cyr che ha incuriosito gli studenti (video). Il controllo ha dato esito negativo, ma l\u2019obiettivo della collaborazione tra Arma dei Carabinieri e Istituti Scolastici del Bellunese \u00e8 quello di prevenire e informare i giovani sulle problematiche che affliggono le nuove generazioni.<\/p>\n<p>&nbsp;<\/p>\n<div style=\"width: 640px;\" class=\"wp-video\"><video class=\"wp-video-shortcode\" id=\"video-99660-2\" width=\"640\" height=\"352\" preload=\"metadata\" controls=\"controls\"><source type=\"video\/mp4\" src=\"http:\/\/www.radiopiu.net\/wordpress\/wp-content\/uploads\/2019\/09\/t_video5783039783206913645.mp4?_=2\" \/><a href=\"http:\/\/www.radiopiu.net\/wordpress\/wp-content\/uploads\/2019\/09\/t_video5783039783206913645.mp4\">http:\/\/www.radiopiu.net\/wordpress\/wp-content\/uploads\/2019\/09\/t_video5783039783206913645.mp4<\/a><\/video><\/div>\n<p>&nbsp;<\/p>\n<p>&nbsp;<\/p>\n<p>&nbsp;<\/p>\n<h2>LA LETTERA, A PROPOSITO DI AGORDO SCOLLEGATO DALLA POPOLAZIONE<\/h2>\n<p><strong>AGORDO<\/strong> Dopo i nostri servizi di ieri ci \u00e8 stata recapitata questa lettera firmata che volentieri pubblichiamo<\/p>\n<blockquote><p><a class=\"dt-pswp-item\" href=\"http:\/\/www.radiopiu.net\/wordpress\/wp-content\/uploads\/2019\/06\/21097-festa-agordo.jpg\" data-dt-img-description=\"\" data-large_image_width=\"450\" data-large_image_height=\"299\"><img loading=\"lazy\" decoding=\"async\" class=\"size-medium wp-image-89436 alignleft\" src=\"http:\/\/www.radiopiu.net\/wordpress\/wp-content\/uploads\/2019\/06\/21097-festa-agordo-300x199.jpg\" alt=\"\" width=\"300\" height=\"199\" srcset=\"https:\/\/www.radiopiu.net\/wordpress\/wp-content\/uploads\/2019\/06\/21097-festa-agordo-300x199.jpg 300w, https:\/\/www.radiopiu.net\/wordpress\/wp-content\/uploads\/2019\/06\/21097-festa-agordo.jpg 450w\" sizes=\"auto, (max-width: 300px) 100vw, 300px\" \/><\/a>A proposito di Agordo dentro e fuori dai social . Vedo questo paese come un angolo di paradiso ma scollegato dalla popolazione, gli agordini sono bravi nelle emergenze ma hanno un bello strato di invidia sociale e propensione alla polemica, meno alla soluzione dei problemi, sono offensiva? Forse franca. Quello che non \u00e8 \u201crisolvibile\u201d (disagio cani sciolti furti ecc) \u00e8 demandato mille volte perch\u00e8 nessuno si prende \u201cle responsabilit\u00e0\u201d o \u201cnon ha la competenza\u201d, ce la incartiamo invece andare in prefettura in massa. Siamo sempre pi\u00f9 connessi e sempre pi\u00f9 distanti ma non sar\u00e0 il bar o la piazza a unirci, ma l&#8217;amicizia, l\u2019orgoglio di appartenere a un luogo in cui per generazioni si \u00e8 lottato per vivere ma non ce ne ricordiamo pi\u00f9\u2026Sono le idee che nei momenti di crisi sollevano l\u2019economia ma se ne vedono poche. Dovrebbero averne i giovani? Gli interessa ? Sembra di no, non si sa. Agordo \u00e8 un paese per vecchi? Possiamo farne \u201cun\u2019idea\u201d? Che possa diventare un\u2019eccellenza nell\u2019ospitalit\u00e0 della terza et\u00e0, con un polo sanitario specializzato in geriatria e sulla longevit\u00e0? Con una comunit\u00e0 di assistenza che preveda l\u2019accoglienza di persone ancora autosufficienti che frequentino una universit\u00e0 per anziani? Pu\u00f2 essere che nella bottega di montagna si offra il prodotto tipico e un servizio di assistenza digitale? Visto che ad es tutta la pubblica amministrazione e i servizi stanno viaggiando sui media digitali ignorando la capacit\u00e0 degli anziani di fare le cose da soli? E il turismo? Chi di noi \u201cama\u201d i turisti? Li sentite i commenti nei supermercati in agosto? Agordo invidia e inneggia al rigore del Trentino ma poi in pochi si chinano a raccogliere una cartaccia, pochissimi eroi si chinano a raccogliere una siringa pericolosa per i figli aspettando \u201cchi di dovere\u201d, un ritornello velenoso che ha castrato l&#8217;iniziativa del singolo e sgrava la responsabilit\u00e0 della collettivit\u00e0. Che TIPO di turismo vogliamo e cosa possiamo offrire?\u2026.aspettiamo di avere le strutture? Abbiamo soldi? Possiamo essere accoglienti volere un turismo non di massa rispettoso, ambientalista che cerchi la pace e una vacanza un po\u2019 spartana ma genuina? Pu\u00f2 essere\u2026vedete cosa \u00e8 successo con l\u2019esperimento sulla vacanza disconnessa che ha proposto Dolomites Maadness, un indicatore fondamentale su cosa si possa proporre in agordino e ad Agordo che ne \u00e8 la porta. C\u2019\u00e8 tutta una comunit\u00e0 che sta andando in cortocircuito, tra il panico dello spopolamento, l\u2019inedia della pubblica amministrazione, il lavoro a singhiozzo, un contesto semi rurale che si ama e si odia ma soprattutto non si conosce. Dovremmo chiarirci le idee su COSA vogliamo e aiutare chi idee ne ha e non le esprime per non essere deriso o peggio boicottato. Nella storia dell\u2019agordino chi ha avuto successo viene sempre da fuori, facciamoci delle domande, le risposte le abbiamo sotto gli occhi. Aiutiamo chi vuole fare, critichiamo un po\u2019 meno, facciamo le gare a chi \u00e8 pi\u00f9 bravo non a chi demolisce pi\u00f9 in fretta con un odioso sarcasmo le iniziative del prossimo, e soprattutto se nei fatti non stiamo facendo nulla\u2026evitiamo di demolire l\u2019autostima delle persone e di un paese intero. (Iliana Comina)<\/p><\/blockquote>\n<p>&nbsp;<\/p>\n<blockquote>\n<h3><span style=\"color: #ff0000;\">ALLA RADIO &#8230;. <\/span>\u00a0OGGI ALLE 10.30 E 1900 OSPITE GIULIANO VANTAGGI DIRETTORE DELLA DMO\u00a0 \u00a0con \u00a0Renzo Minella, rappresentante delle associazioni di categoria all&#8217;interno di questo organismo, ci spiega cos&#8217;e&#8217; l&#8217;ente turistico ALLE 15.10 E 21 Sonia D&#8217;Agostini, presidente de Il Pettirosso Agordino ci parla dell&#8217;importante assemblea in programma per giovedi&#8217; 26 settembre alle 20 ad Agordo. ALLE 12.30 L&#8217;ALMANACCO LADINO 30^PUNTATA<\/h3>\n<\/blockquote>\n<p>&nbsp;<\/p>\n<p><strong>Gestione Servizi Pubblici informa che a SAN TOMASO AGORDINO nelle LOCALITA&#8217; PECOL E PIAIA , l&#8217;acqua erogata dall&#8217;acquedotto non \u00e8 potabile e pu\u00f2 essere usata per scopi alimentari SOLO PREVIA bollitura. GSP ha, comunque, gi\u00e0 adottato le necessarie misure per la disinfezione dell&#8217;acqua presente nei serbatoi e nella rete idrica con l&#8217;aggiunta di cloro. Ulteriori informazioni saranno fornite nei prossimi giorni<\/strong><\/p>\n<p>&nbsp;<\/p>\n<p>&nbsp;<\/p>\n<p>&nbsp;<\/p>\n<h3>INTERVISTE TELEFONICHE, L&#8217;ULSS INVITA A DIFFIDARE<\/h3>\n<blockquote>\n<p align=\"JUSTIFY\"><em><span style=\"font-family: Tahoma, sans-serif;\">Dalla Ulss1: diffidate da richieste di interviste che non siano precedute dalla lettera di richiesta firmata dal Dipartimento di Prevenzione dell\u2019Ulss Dolomiti. <\/span><span style=\"font-family: Tahoma, sans-serif;\">In caso di dubbio \u00e8 possibile contattare il Dipartimento di Prevenzione allo 0439\/883835. Si segnala, infine, che nel caso si ricevano telefonate con richiesta di recarsi in ospedale o altrove per completare ipotetiche interviste sugli stili di vita, \u00e8 opportuno avvisare il 112.<\/span><\/em><\/p>\n<\/blockquote>\n<p align=\"JUSTIFY\"><span style=\"font-family: Tahoma, sans-serif;\"><strong><a class=\"dt-pswp-item\" href=\"http:\/\/www.radiopiu.net\/wordpress\/wp-content\/uploads\/2019\/02\/ospedale-di-feltre.jpeg\" data-dt-img-description=\"\" data-large_image_width=\"650\" data-large_image_height=\"463\"><img loading=\"lazy\" decoding=\"async\" class=\"size-medium wp-image-76822 alignleft\" src=\"http:\/\/www.radiopiu.net\/wordpress\/wp-content\/uploads\/2019\/02\/ospedale-di-feltre-300x214.jpeg\" alt=\"\" width=\"300\" height=\"214\" srcset=\"https:\/\/www.radiopiu.net\/wordpress\/wp-content\/uploads\/2019\/02\/ospedale-di-feltre-300x214.jpeg 300w, https:\/\/www.radiopiu.net\/wordpress\/wp-content\/uploads\/2019\/02\/ospedale-di-feltre.jpeg 650w\" sizes=\"auto, (max-width: 300px) 100vw, 300px\" \/><\/a>FELTRE<\/strong>. Alcuni cittadini hanno segnalato al Dipartimento di Prevenzione di aver ricevuto delle interviste telefoniche in merito a stili e abitudini di vita, molto simili alle interviste che l\u2019ULSS effettua nell\u2019ambito del progetto PASSI. Secondo le segnalazioni, le telefonate si concludevano con l\u2019invito a recarsi, un giorno successivo preciso, all\u2019ospedale di Feltre od altro luogo dove sarebbero stati donati dei gadget. <\/span><span style=\"font-family: Tahoma, sans-serif;\">L\u2019Azienda Ulss Dolomiti \u00e8 estranea a questa iniziativa e raccomanda di diffidare di questo approccio. Il percorso che l\u2019Azienda Ulss attua per realizzare le interviste PASSI \u00e8 ben preciso. Le persone da intervistare sono selezionate sulla base di un elenco fornito dalla Regione del Veneto. Al campione selezionato viene inviata una lettera a domicilio in cui si chiede la disponibilit\u00e0 ad essere sottoposto ad una serie di domande su stili e abitudini di vita finalizzate a conoscere le abitudini della popolazione locale. Successivamente il destinatario viene contattato telefonicamente per fissare giorno e ora dell\u2019intervista. In tale occasione viene comunicato il nominato dell\u2019assistente sanitaria dell\u2019Ulss Dolomiti che effettuer\u00e0 l\u2019intervista. L\u2019intervista \u00e8 telefonica e si completa con un\u2019unica telefonata. <\/span><span style=\"font-family: Tahoma, sans-serif;\">Il progetto PASSI \u00e8 un progetto nazionale e regionale finalizzato a conoscere stili e abitudini di vita della popolazione di et\u00e0 compresa tra i 18 e i 65 anni di et\u00e0. I risultati di queste interviste sono confrontati a livello regionale e nazionale e sono fondamentali perch\u00e9 fornisco indicazioni per l\u2019attivazione di programmi di prevenzione primaria locali in modo mirato e rispondente ai bisogni della cittadinanza.<\/span><\/p>\n<blockquote>\n<p align=\"JUSTIFY\">\n<\/blockquote>\n<blockquote>\n<p align=\"JUSTIFY\">\n<\/blockquote>\n<h2 align=\"JUSTIFY\">L&#8217;IMPORTANZA DEGLI IDRANTI NEI NOSTRI PAESI<\/h2>\n<p align=\"JUSTIFY\"><strong><a class=\"dt-pswp-item\" href=\"http:\/\/www.radiopiu.net\/wordpress\/wp-content\/uploads\/2019\/09\/download-8.jpg\" data-dt-img-description=\"\" data-large_image_width=\"184\" data-large_image_height=\"274\"><img loading=\"lazy\" decoding=\"async\" class=\"wp-image-99664 alignleft\" src=\"http:\/\/www.radiopiu.net\/wordpress\/wp-content\/uploads\/2019\/09\/download-8.jpg\" alt=\"\" width=\"101\" height=\"150\" \/><\/a>ALLEGHE<\/strong> Arriva da l&#8217;Alleghe l&#8217;importante esempio, quell&#8217;idrante che ha contribuito a salvare l&#8217;abitazione di Silvano Da Pian, la scorsa domenica in frazione Cordella. L&#8217;acqua, le manichette, subito messe all&#8217;opera hanno aperto la strada al successivo intervento (in massa) dei vigili del fuoco. Ha messo in evidenza l&#8217;importanza di questi impianti soprattutto nelle frazioni ben oltre la strada regionale. Ne abbiamo parlato con il sindaco di Alleghe Danilo De Toni<\/p>\n<audio class=\"wp-audio-shortcode\" id=\"audio-99660-3\" preload=\"none\" style=\"width: 100%;\" controls=\"controls\"><source type=\"audio\/mpeg\" src=\"http:\/\/www.radiopiu.net\/wordpress\/wp-content\/uploads\/2019\/09\/DANILO-DE-TONI.mp3?_=3\" \/><a href=\"http:\/\/www.radiopiu.net\/wordpress\/wp-content\/uploads\/2019\/09\/DANILO-DE-TONI.mp3\">http:\/\/www.radiopiu.net\/wordpress\/wp-content\/uploads\/2019\/09\/DANILO-DE-TONI.mp3<\/a><\/audio>\n<h3 align=\"JUSTIFY\"><\/h3>\n<p>&nbsp;<\/p>\n<p>&nbsp;<\/p>\n<h2>TRASPORTO SCOLASTICO, CONFERMA DELLA GRATUITA&#8217; DEL SERVIZIO<\/h2>\n<p><strong><a class=\"dt-pswp-item\" href=\"http:\/\/www.radiopiu.net\/wordpress\/wp-content\/uploads\/2019\/09\/IMG-20190920-WA0024.jpg\" data-dt-img-description=\"\" data-large_image_width=\"1024\" data-large_image_height=\"768\"><img loading=\"lazy\" decoding=\"async\" class=\"size-medium wp-image-99726 alignleft\" src=\"http:\/\/www.radiopiu.net\/wordpress\/wp-content\/uploads\/2019\/09\/IMG-20190920-WA0024-300x225.jpg\" alt=\"\" width=\"300\" height=\"225\" srcset=\"https:\/\/www.radiopiu.net\/wordpress\/wp-content\/uploads\/2019\/09\/IMG-20190920-WA0024-300x225.jpg 300w, https:\/\/www.radiopiu.net\/wordpress\/wp-content\/uploads\/2019\/09\/IMG-20190920-WA0024-768x576.jpg 768w, https:\/\/www.radiopiu.net\/wordpress\/wp-content\/uploads\/2019\/09\/IMG-20190920-WA0024.jpg 1024w\" sizes=\"auto, (max-width: 300px) 100vw, 300px\" \/><\/a>ALPAGO<\/strong>\u00a0 Anno scolastico nuovo, buone pratiche vecchie, ovvero consolidate. La giunta del Comune di Alpago ha infatti deciso di mantenere gratuito il servizio di trasporto scolastico a beneficio dei circa 320 bambini &#8211; e delle loro famiglie &#8211; che frequentano le scuole dell\u2019infanzia, le primarie e le secondarie di primo grado situate nel territorio comunale. \u201cUn pronunciamento della Corte dei Conti, che aveva dichiarato come il servizio di trasporto scolastico dovesse essere a pagamento, ha aperto sulla questione un dibattito giurisprudenziale tutt\u2019ora in atto. Forti del fatto che nel nostro Comune il trasporto \u00e8 finanziato con risorse proprie dell\u2019avanzo di bilancio (e quindi non ricorrendo a nuovo debito), abbiamo deciso di proseguire sulla strada intrapresa dal momento della fusione del 2016, mantenendo il servizio gratuito anche per l\u2019anno scolastico 2019\/2020\u201d, commenta il sindaco del Comune di Alpago Umberto Soccal. Attualmente il servizio di trasporto scolastico \u00e8 garantito da 8 mezzi, 6 gestiti in proprio dal Comune di Alpago e 2 tramite azienda esterna, che collegano l\u2019asilo comunale di Farra, quelli parrocchiali di Pieve e Puos, oltre a tutti i plessi delle scuole elementari e medie. Vi \u00e8 inoltre in essere una convenzione con il Comune di Tambre, con oneri a carico del Comune di Alpago, per il trasporto dei bambini residenti nelle frazioni di Spert e Cansiglio. In questi primi giorni dopo l\u2019avvio del nuovo anno scolastico il servizio di trasporto non \u00e8 ancora definitivo, a causa dell\u2019incompleta definizione degli organici degli insegnanti e dell\u2019orario delle lezioni. Nell\u2019arco dei prossimi giorni la situazione dovrebbe andare a regime.<\/p>\n<blockquote><p><em>\u201cSiamo convinti che nell\u2019attuale contesto sociale ed economico, in un territorio per lo pi\u00f9 cos\u00ec frazionato come il nostro, il sostegno garantito alle famiglie con la gratuit\u00e0 del trasporto scolastico non possa e non debba venire meno\u201d, sottolinea ancora Soccal, che aggiunge: \u201cIn questa maniera siamo inoltre in grado di dare massima libert\u00e0 ai genitori nella scelta della scuola dove far educare i propri figli. Aver creato, di fatto, una rete di spostamenti a costo zero consente infatti alle famiglie di pianificare e gestire l\u2019istruzione dei figli in base alle preferenze e\/o alle necessit\u00e0 di orari o logistiche del proprio nucleo\u201d.<\/em><\/p><\/blockquote>\n<p>&nbsp;<\/p>\n<p>&nbsp;<\/p>\n<p>&nbsp;<\/p>\n<h3 align=\"JUSTIFY\"><\/h3>\n<blockquote>\n<h3 align=\"JUSTIFY\"><\/h3>\n<\/blockquote>\n<h3 align=\"JUSTIFY\">CARTOLINE DOLOMITICHE: LA PROVINCIA DI BELLUNO CERCA FOTOGRAFIE PER LA PROMOZIONE TURISTICA<\/h3>\n<p align=\"JUSTIFY\"><a class=\"dt-pswp-item\" href=\"http:\/\/www.radiopiu.net\/wordpress\/wp-content\/uploads\/2019\/09\/Palazzo-Ducale-e-Monte-Civetta.jpg\" data-dt-img-description=\"\" data-large_image_width=\"2000\" data-large_image_height=\"1333\"><img loading=\"lazy\" decoding=\"async\" class=\"size-medium wp-image-99628 alignleft\" src=\"http:\/\/www.radiopiu.net\/wordpress\/wp-content\/uploads\/2019\/09\/Palazzo-Ducale-e-Monte-Civetta-300x200.jpg\" alt=\"\" width=\"300\" height=\"200\" srcset=\"https:\/\/www.radiopiu.net\/wordpress\/wp-content\/uploads\/2019\/09\/Palazzo-Ducale-e-Monte-Civetta-300x200.jpg 300w, https:\/\/www.radiopiu.net\/wordpress\/wp-content\/uploads\/2019\/09\/Palazzo-Ducale-e-Monte-Civetta-768x512.jpg 768w, https:\/\/www.radiopiu.net\/wordpress\/wp-content\/uploads\/2019\/09\/Palazzo-Ducale-e-Monte-Civetta-1024x682.jpg 1024w, https:\/\/www.radiopiu.net\/wordpress\/wp-content\/uploads\/2019\/09\/Palazzo-Ducale-e-Monte-Civetta.jpg 2000w\" sizes=\"auto, (max-width: 300px) 100vw, 300px\" \/><\/a><strong>BELLUNO<\/strong> Uno scatto per cogliere i luoghi e il loro vissuto; per trasmettere emozioni e descrivere la magia delle Dolomiti. \u00c8 l&#8217;ultima iniziativa lanciata dalla Provincia di Belluno e dalla Dmo Dolomiti all&#8217;interno del piano marketing di promozione territoriale: una ricerca di fotografie che siano in grado di raccontare con un tocco narrativo nuovo ed emozionale quello che il territorio bellunese pu\u00f2 offrire ai visitatori.<br \/>\n\u00c8 il caso dell&#8217;ormai famosissimo scatto che mette insieme la laguna di Venezia, il campanile di San Marco e, dietro, le vette rosa Patrimonio UNESCO. Una cartolina perfetta (in allegato) che la Provincia ha acquistato da Nicol\u00f2 Miana, fotografo veneziano con origini agordine, per farne il testimonial del marchio &#8220;Dolomiti &#8211; The mountains of Venice&#8221;.<br \/>\nAdesso, per\u00f2, la ricerca continua. Proprio per questo \u00e8 stata avviata una campagna di selezione, finalizzata all\u2019acquisto di altri scatti che colgano nuove prospettive sulle Dolomiti bellunesi, che ne raccontino i profili e i fianchi millenari, la grazia della fauna che le popola e le tradizioni delle genti che ci abitano, la variet\u00e0 dei colori di fiori e piante, e la cristallinit\u00e0 delle acque che continuano a cesellarne la roccia. Foto che raccontino l\u2019uomo e la natura, la pace dei luoghi, ma anche l\u2019entusiasmo della scoperta, della conquista. I tempi lenti e le grandi passioni. Insomma, la natura complessa e preziosissima degli infiniti equilibri che rendono uniche le Dolomiti.<br \/>\nLa candidatura \u00e8 aperta esclusivamente a fotografi professionisti italiani e stranieri, in possesso di partita iva e dei requisiti per contrarre con la Pubblica Amministrazione. Per informazioni e candidature \u00e8 sufficiente scrivere all&#8217;indirizzo mail m.zucco@provincia.belluno.it (non ci sono scadenze). L\u2019acquisto delle immagini (attuali e future) \u00e8 reso possibile grazie al progetto \u201cVivere le Dolomiti &#8211; Attuazione piano di marketing territoriale\u201d finanziato dal Fondo Comuni di Confine.<\/p>\n<h3 align=\"JUSTIFY\"><\/h3>\n<p>&nbsp;<\/p>\n<p>&nbsp;<\/p>\n<h3 align=\"JUSTIFY\">AUTONOMIA. A VENEZIA INCONTRO ZAIA-BOCCIA. IL DOCUMENTO COMPLETO CHE IL VENETO HA CONSEGNATO AL MINISTRO<\/h3>\n<p>LE DICHIARAZIONI DEL PRESIDENTE LUCA ZAIA<\/p>\n<audio class=\"wp-audio-shortcode\" id=\"audio-99660-4\" preload=\"none\" style=\"width: 100%;\" controls=\"controls\"><source type=\"audio\/mpeg\" src=\"http:\/\/www.radiopiu.net\/wordpress\/wp-content\/uploads\/2019\/09\/ZAIA-1.mp3?_=4\" \/><a href=\"http:\/\/www.radiopiu.net\/wordpress\/wp-content\/uploads\/2019\/09\/ZAIA-1.mp3\">http:\/\/www.radiopiu.net\/wordpress\/wp-content\/uploads\/2019\/09\/ZAIA-1.mp3<\/a><\/audio>\n<p class=\"western\"><strong><a class=\"dt-pswp-item\" href=\"http:\/\/www.radiopiu.net\/wordpress\/wp-content\/uploads\/2019\/09\/DSC02085.jpg\" data-dt-img-description=\"\" data-large_image_width=\"4912\" data-large_image_height=\"3264\"><img loading=\"lazy\" decoding=\"async\" class=\"size-medium wp-image-99646 alignleft\" src=\"http:\/\/www.radiopiu.net\/wordpress\/wp-content\/uploads\/2019\/09\/DSC02085-300x199.jpg\" alt=\"\" width=\"300\" height=\"199\" srcset=\"https:\/\/www.radiopiu.net\/wordpress\/wp-content\/uploads\/2019\/09\/DSC02085-300x199.jpg 300w, https:\/\/www.radiopiu.net\/wordpress\/wp-content\/uploads\/2019\/09\/DSC02085-768x510.jpg 768w, https:\/\/www.radiopiu.net\/wordpress\/wp-content\/uploads\/2019\/09\/DSC02085-1024x680.jpg 1024w\" sizes=\"auto, (max-width: 300px) 100vw, 300px\" \/><\/a>VENEZIA\u00a0<\/strong> 83 pagine per esplicitare, in 4 capitoli, la Proposta della Regione del Veneto per l\u2019Autonomia differenziata in attuazione dell\u2019articolo 116, terzo comma, della Costituzione. E\u2019 il documento che il Presidente della Regione del Veneto, Luca Zaia, accompagnato dalla Delegazione Trattante della Regione, ha consegnato al Ministro per gli Affari Regionali, Francesco Boccia, giunto oggi in visita a Palazzo Balbi, primo appuntamento di un giro di incontri con le Regioni, a cominciare da Veneto, Emilia Romagna e Lombardia, che stanno chiedendo maggiori forme di autonomia. Nel corso della mattinata, il Ministro e il Governatore si sono intrattenuti per circa 45 minuti a colloquio bilaterale. Successivamente, l\u2019incontro allargato con l\u2019intera Delegazione Trattante del Veneto.<\/p>\n<div class=\"su-document su-u-responsive-media-yes\"><iframe loading=\"lazy\" src=\"\/\/docs.google.com\/viewer?embedded=true&url=http:\/\/www.radiopiu.net\/wordpress\/wp-content\/uploads\/2019\/09\/AUTONOMIA-DOCUMENTO-VENETO-23-SETTEMBRE-2019-1.pdf\" width=\"320\" height=\"340\" class=\"su-document\" title=\"\"><\/iframe><\/div>\n<p>&nbsp;<\/p>\n<p>&nbsp;<\/p>\n<p>&nbsp;<\/p>\n<h2>Fracasso (PD): \u201cAutonomia differenziata, soddisfatti dall\u2019incontro con Boccia:\u00a0al lavoro sui contenuti per dare le prime risposte in tempi rapidi\u201d<\/h2>\n<p><strong><a class=\"dt-pswp-item\" href=\"http:\/\/www.radiopiu.net\/wordpress\/wp-content\/uploads\/2019\/01\/fracassopic02-1030x579.jpg\" data-dt-img-description=\"\" data-large_image_width=\"1030\" data-large_image_height=\"579\"><img loading=\"lazy\" decoding=\"async\" class=\"size-medium wp-image-74235 alignleft\" src=\"http:\/\/www.radiopiu.net\/wordpress\/wp-content\/uploads\/2019\/01\/fracassopic02-1030x579-300x169.jpg\" alt=\"\" width=\"300\" height=\"169\" srcset=\"https:\/\/www.radiopiu.net\/wordpress\/wp-content\/uploads\/2019\/01\/fracassopic02-1030x579-300x169.jpg 300w, https:\/\/www.radiopiu.net\/wordpress\/wp-content\/uploads\/2019\/01\/fracassopic02-1030x579-768x432.jpg 768w, https:\/\/www.radiopiu.net\/wordpress\/wp-content\/uploads\/2019\/01\/fracassopic02-1030x579-1024x576.jpg 1024w, https:\/\/www.radiopiu.net\/wordpress\/wp-content\/uploads\/2019\/01\/fracassopic02-1030x579.jpg 1030w\" sizes=\"auto, (max-width: 300px) 100vw, 300px\" \/><\/a>VENEZIA<\/strong>\u00a0 \u201cSiamo in piena sintonia con il ministro Boccia, dobbiamo lavorare per arrivare all\u2019autonomia, tenendo il punto sui contenuti anzich\u00e9 sulla propaganda. Abbiamo apprezzato il fatto che abbia voluto incontrare i rappresentanti del territorio: non \u00e8 una questione formale, ma di sostanza\u201d. A dirlo \u00e8 Stefano Fracasso, capogruppo del Partito Democratico in Consiglio regionale al termine del confronto avuto, insieme ai colleghi e ai parlamentari veneti di Pd, M5S e LeU con il nuovo ministro per gli Affari Regionali, che in precedenza si era confrontato con il presidente Zaia. \u201c<em>Abbiamo constatato che \u00e8 gi\u00e0 \u2018sul pezzo\u2019, sta esaminando i dossier consegnati dal Governo precedente e siamo d\u2019accordo con la sua impostazione, procedere in modo pragmatico sui contenuti a partire dalla garanzia dei Livelli essenziali di prestazione su tutto il territorio, per evitare che la riforma possa poi incagliarsi in Parlamento. Il nodo del passaggio parlamentare, come ha ribadito il ministro, non \u00e8 negoziabile. Inoltre l\u2019abbiamo invitato, unanimemente, a dare le prime risposte in tempi rapidi, auspicando che il Governo assuma attivamente il ruolo di regista dell\u2019intera operazione\u201d.<\/em><\/p>\n<p>&nbsp;<\/p>\n<p>&nbsp;<\/p>\n<p>&nbsp;<\/p>\n<h3><b>LA FABBRICA INTELLIGENTE SBARCA A BELLUNO<\/b><\/h3>\n<p><strong>BELLUNO<\/strong> Dalla teoria alla pratica, a Villa Doglioni Dalmas si studia il caso Schneider Electric Italia, uno degli esempi pi\u00f9 significativi di \u201cfabbrica intelligente\u201d presenti a livello nazionale e mondiale. L\u2019invito \u00e8 aperto a tutti gli imprenditori e manager bellunesi interessati a capire come le nuove tecnologie stiano cambiando il volto del manifatturiero e quali occasioni e rischi comporti adeguarsi a un sistema in rapidissima evoluzione. Protagonista dell\u2019incontro \u2013 che si terr\u00e0 in sala Caldart gioved\u00ec alle 16 \u2013 sar\u00e0 Fabio Bonamassa, Plant Manager di Schneider Electric Italia, che presenter\u00e0 i risultati dell\u2019implementazione delle nuove tecnologie digitali nello stabilimento di Stezzano in provincia di Bergamo, dove \u00e8 presente una vera e propria \u201csmart factory\u201d, ritenuta tra le pi\u00f9 moderne e innovative al mondo.<\/p>\n<blockquote><p><em>\u00abEntreremo virtualmente in questa realt\u00e0 innovativa per capire come funziona una fabbrica intelligente e quale sar\u00e0 il futuro che ci attende &#8211; dice\u00a0 Stefano Giacomelli &#8211; in una provincia manifatturiera come la nostra\u00a0 tra le prime a livello italiano ed europeo,\u00a0 il tema dell\u2019Industria 4.0 \u00e8 di strettissima attualit\u00e0&#8221;.\u00a0<\/em><\/p><\/blockquote>\n<p>&nbsp;<\/p>\n<p>&nbsp;<\/p>\n<p>&nbsp;<\/p>\n<p>&nbsp;<\/p>\n<h3>ENTRANO NEL VIVO I LAVORI AL CENTRO ITTIOGENICO DI BOLZANO BELLUNESE<\/h3>\n<p><strong><a class=\"dt-pswp-item\" href=\"http:\/\/www.radiopiu.net\/wordpress\/wp-content\/uploads\/2019\/09\/Centro-Ittiogenico_vasche-2.jpg\" data-dt-img-description=\"\" data-large_image_width=\"1632\" data-large_image_height=\"1224\"><img loading=\"lazy\" decoding=\"async\" class=\" wp-image-99648 alignleft\" src=\"http:\/\/www.radiopiu.net\/wordpress\/wp-content\/uploads\/2019\/09\/Centro-Ittiogenico_vasche-2-300x225.jpg\" alt=\"\" width=\"191\" height=\"143\" srcset=\"https:\/\/www.radiopiu.net\/wordpress\/wp-content\/uploads\/2019\/09\/Centro-Ittiogenico_vasche-2-300x225.jpg 300w, https:\/\/www.radiopiu.net\/wordpress\/wp-content\/uploads\/2019\/09\/Centro-Ittiogenico_vasche-2-768x576.jpg 768w, https:\/\/www.radiopiu.net\/wordpress\/wp-content\/uploads\/2019\/09\/Centro-Ittiogenico_vasche-2-1024x768.jpg 1024w, https:\/\/www.radiopiu.net\/wordpress\/wp-content\/uploads\/2019\/09\/Centro-Ittiogenico_vasche-2.jpg 1632w\" sizes=\"auto, (max-width: 191px) 100vw, 191px\" \/><\/a>BELLUNO<\/strong> Ottobre sar\u00e0 un mese di grandi lavori per il Centro Ittiogenico della Provincia di Belluno, a Bolzano Bellunese. Dopo l\u2019avvio nei mesi scorsi dell\u2019operazione di restyling della struttura, le maestranze stanno aspettando soltanto il periodo di chiusura del locale bar-ristorante annesso (sempre di propriet\u00e0 della Provincia) per mettere mano alla parte fondamentale del cantiere, all&#8217;interno del complesso edilizio in cui si concentrano le attivit\u00e0 di allevamento e selezione genetica della fauna ittica, portate avanti dal Servizio Caccia e Pesca. Dopo la demolizione del vecchio edificio, il progetto prevede la ricostruzione a regola d\u2019arte, secondo la normativa sismica vigente. Con importanti novit\u00e0 anche per il locale bar-ristorante: sar\u00e0 realizzato un magazzino (struttura oggi non esistente) e lo spazio sar\u00e0 completamente riorganizzato, con la creazione di una terrazza <a class=\"dt-pswp-item\" href=\"http:\/\/www.radiopiu.net\/wordpress\/wp-content\/uploads\/2019\/09\/Centro-Ittiogenico_bar-ristorante.jpg\" data-dt-img-description=\"\" data-large_image_width=\"1632\" data-large_image_height=\"1224\"><img loading=\"lazy\" decoding=\"async\" class=\" wp-image-99650 alignright\" src=\"http:\/\/www.radiopiu.net\/wordpress\/wp-content\/uploads\/2019\/09\/Centro-Ittiogenico_bar-ristorante-300x225.jpg\" alt=\"\" width=\"253\" height=\"190\" srcset=\"https:\/\/www.radiopiu.net\/wordpress\/wp-content\/uploads\/2019\/09\/Centro-Ittiogenico_bar-ristorante-300x225.jpg 300w, https:\/\/www.radiopiu.net\/wordpress\/wp-content\/uploads\/2019\/09\/Centro-Ittiogenico_bar-ristorante-768x576.jpg 768w, https:\/\/www.radiopiu.net\/wordpress\/wp-content\/uploads\/2019\/09\/Centro-Ittiogenico_bar-ristorante-1024x768.jpg 1024w, https:\/\/www.radiopiu.net\/wordpress\/wp-content\/uploads\/2019\/09\/Centro-Ittiogenico_bar-ristorante.jpg 1632w\" sizes=\"auto, (max-width: 253px) 100vw, 253px\" \/><\/a>utilizzabile per l\u2019attivit\u00e0 commerciale, e con una rampa per l\u2019accesso delle persone con disabilit\u00e0.\u00a0 Il miglioramento funzionale del Centro Ittiogenico \u00e8 un progetto realizzato dagli uffici della Provincia di Belluno. L\u2019importo complessivo previsto ammonta a 500.000 euro (di cui 400.000 per lavori). I lavori sono stati consegnati il 14\u00a0maggio\u00a0alla ditta Ci.Mo.Ter. Srl di Rovigo, che si \u00e8 aggiudicata l\u2019appalto con un ribasso d\u2019asta del 13,332%. Il cantiere ha una durata prevista di 360 giorni.<\/p>\n<p><strong>IL CONSIGLIERE PROVINCIALE IVAN MINELLA<\/strong><\/p>\n<audio class=\"wp-audio-shortcode\" id=\"audio-99660-5\" preload=\"none\" style=\"width: 100%;\" controls=\"controls\"><source type=\"audio\/mpeg\" src=\"http:\/\/www.radiopiu.net\/wordpress\/wp-content\/uploads\/2019\/09\/IVAN-MINELLA.mp3?_=5\" \/><a href=\"http:\/\/www.radiopiu.net\/wordpress\/wp-content\/uploads\/2019\/09\/IVAN-MINELLA.mp3\">http:\/\/www.radiopiu.net\/wordpress\/wp-content\/uploads\/2019\/09\/IVAN-MINELLA.mp3<\/a><\/audio>\n<p>&nbsp;<\/p>\n<p>&nbsp;<\/p>\n<p>&nbsp;<\/p>\n<p>&nbsp;<\/p>\n<h2>INCONTRI D&#8217;ALT(r)A QUOTA, ULTIMO EVENTO<\/h2>\n<div class=\"gmail-page\" title=\"Page 1\"><a class=\"dt-pswp-item\" href=\"http:\/\/www.radiopiu.net\/wordpress\/wp-content\/uploads\/2019\/09\/pradidali-dolomiti-unesco-ph.piersante-bolzon_10.jpg\" data-dt-img-description=\"\" data-large_image_width=\"5424\" data-large_image_height=\"3616\"><img loading=\"lazy\" decoding=\"async\" class=\" wp-image-99635 alignleft\" src=\"http:\/\/www.radiopiu.net\/wordpress\/wp-content\/uploads\/2019\/09\/pradidali-dolomiti-unesco-ph.piersante-bolzon_10-300x200.jpg\" alt=\"\" width=\"239\" height=\"159\" srcset=\"https:\/\/www.radiopiu.net\/wordpress\/wp-content\/uploads\/2019\/09\/pradidali-dolomiti-unesco-ph.piersante-bolzon_10-300x200.jpg 300w, https:\/\/www.radiopiu.net\/wordpress\/wp-content\/uploads\/2019\/09\/pradidali-dolomiti-unesco-ph.piersante-bolzon_10-768x512.jpg 768w, https:\/\/www.radiopiu.net\/wordpress\/wp-content\/uploads\/2019\/09\/pradidali-dolomiti-unesco-ph.piersante-bolzon_10-1024x683.jpg 1024w\" sizes=\"auto, (max-width: 239px) 100vw, 239px\" \/><\/a>Si \u00e8 conclusa sabato la terza edizione della rassegna estiva ideata dalla Fondazione Dolomiti UNESCO.\u00a0 In una giornata baciata da un cielo terso e da un sole splendido, una quarantina di persone provenienti da piu\u0300 regioni d&#8217;Italia, hanno attraversato l&#8217;<b>altopiano delle Pale<\/b>, per poi dirigersi verso la val <b>Pradidali<\/b> in direzione dell&#8217;omonimo rifugio per assistere alla lettura scenica dello <b>scrittore feltrino Matteo Melchiorre<\/b> accompagnato dal contrabbasso di <b>Nelso Salton<\/b>.<\/div>\n<div class=\"gmail-page\" title=\"Page 1\">\n<div class=\"gmail-column\"><\/div>\n<div class=\"gmail-layoutArea\">\n<div class=\"gmail-column\">\n<div class=\"gmail-page\" title=\"Page 1\">\n<div class=\"gmail-layoutArea\">\n<blockquote>\n<div class=\"gmail-column\"><em><a class=\"dt-pswp-item\" href=\"http:\/\/www.radiopiu.net\/wordpress\/wp-content\/uploads\/2019\/09\/pradidali-dolomiti-unesco-ph.piersante-bolzon_22.jpg\" data-dt-img-description=\"\" data-large_image_width=\"5424\" data-large_image_height=\"3616\"><img loading=\"lazy\" decoding=\"async\" class=\"size-medium wp-image-99636 alignleft\" src=\"http:\/\/www.radiopiu.net\/wordpress\/wp-content\/uploads\/2019\/09\/pradidali-dolomiti-unesco-ph.piersante-bolzon_22-300x200.jpg\" alt=\"\" width=\"300\" height=\"200\" srcset=\"https:\/\/www.radiopiu.net\/wordpress\/wp-content\/uploads\/2019\/09\/pradidali-dolomiti-unesco-ph.piersante-bolzon_22-300x200.jpg 300w, https:\/\/www.radiopiu.net\/wordpress\/wp-content\/uploads\/2019\/09\/pradidali-dolomiti-unesco-ph.piersante-bolzon_22-768x512.jpg 768w, https:\/\/www.radiopiu.net\/wordpress\/wp-content\/uploads\/2019\/09\/pradidali-dolomiti-unesco-ph.piersante-bolzon_22-1024x683.jpg 1024w\" sizes=\"auto, (max-width: 300px) 100vw, 300px\" \/><\/a>&#8220;Il bilancio della rassegna di quest&#8217;anno &#8211; ha detto il <b>direttore della Fondazione Dolomiti UNESCO Marcella Morandini <\/b>&#8211; non puo\u0300 che essere positivo: molto l&#8217;interesse e numerosa la partecipazione anche all&#8217;incontro che si e\u0300 svolto in Comelico al Rifugio Berti \u2013 Vallon Popera. Anche in quell&#8217;occasione la generosita\u0300 di Alessandro Gilmozzi, chef stellato, delle guide e dei produttori locali chiamati a riempire di contenuti l&#8217;incontro, ha fatto la differenza. Grande soddisfazione anche dal workshop fotografico a cura del fotografo sostenitore Moreno Geremetta nel Parco Nazionale Dolomiti Bellunesi. Dieci fotografi hanno esplorato con il loro obiettivo i Van de Zita\u0300, un\u2019area di grande eccellenza geologica e paesaggistica lontana dalle rotte turistiche piu\u0300 frequentate. Purtroppo il geotrekking programmato al Rifugio Cava Buscada, in Val Zemola nel Parco Naturale delle Dolomiti Friulane, ha dovuto essere posticipato all&#8217;anno prossimo per maltempo. I partecipanti agli incontri delle varie edizioni ci hanno confermato la validita\u0300 di questa iniziativa perche\u0301 le competenze che acquisiscono, camminando nel cuore delle Dolomiti UNESCO, hanno un valore aggiunto che li sprona a conoscere sempre di piu\u0300 del Patrimonio Mondiale. E\u0300 anche in questo modo &#8211; ha concluso il direttore Morandini &#8211; che interpretiamo il mandato dell&#8217;UNESCO a valorizzare e promuovere il Bene Naturale Dolomiti<\/em>&#8220;<\/div>\n<\/blockquote>\n<\/div>\n<\/div>\n<\/div>\n<\/div>\n<\/div>\n<div><\/div>\n<div><\/div>\n<blockquote>\n<div><\/div>\n<\/blockquote>\n<div><\/div>\n<div><\/div>\n<div><\/div>\n<div><\/div>\n<blockquote>\n<div><\/div>\n<\/blockquote>\n<h3>CONSIGLIO COMUNALE A CENCENIGHE<\/h3>\n<div><strong>CENCENIGHE<\/strong> Giovedi alle 20.30 il sindaco Mauro Soppelsa presider\u00e0 il consiglio comunale per discutere i seguenti argomenti: proroga del termine per lo svolgimento delle funzioni associate di segreteria; settima variazione al bilancio di previsione; determinazioni in merito alla facolt\u00e0 di non redigere il bilancio consolidato<\/div>\n<blockquote>\n<div><\/div>\n<\/blockquote>\n<div><\/div>\n<blockquote>\n<div><\/div>\n<\/blockquote>\n<div>\n<h3>CONSIGLIO COMUNALE A CANALE D&#8217;AGORDO<\/h3>\n<p><strong>CANALE D&#8217;AGORDO<\/strong> I consiglieri sono stati convocati dal sindaco Flavio Colcergnan in sala riunioni del Municipio per venerdi 27 settembre alle 20. Ordine del giorno: variazioni al bilancio e stanziamenti di previsione 2019-2021.<\/p>\n<\/div>\n<p>&nbsp;<\/p>\n<blockquote><p>&nbsp;<\/p><\/blockquote>\n<p>&nbsp;<\/p>\n<blockquote><p>&nbsp;<\/p><\/blockquote>\n<h3>CONSIGLIO COMUNALE A ROCCA PIETORE<\/h3>\n<p><strong>ROCCA PIETORE<\/strong> Il sindaco Andrea De Bernardin ha convocato i consiglieri per lunedi alle 18.30. All&#8217;ordine del giorno: approvazione documento unico di programmazione;\u00a0 prelevamento dal fondo di riserva; variazioni al bilancio di previsione; piano delle alienazioni e valorizzazione patrimonio immobiliare; comunicazioni del sindaco<\/p>\n<div><\/div>\n<div><\/div>\n<blockquote>\n<div><\/div>\n<\/blockquote>\n<div><\/div>\n<h3><\/h3>\n<h3><\/h3>\n<blockquote>\n<h3><\/h3>\n<\/blockquote>\n<h3>ASSEMBLEA PETTIROSSO AGORDINO<\/h3>\n<div><strong>AGORDO\u00a0<\/strong> L\u2019Organizzazione di Volontariato Pettirosso Agordino ricorda che Giovedi 26 settembre 2019 alle ore 20,00 presso la sala don Tamis di Agordo \u00e8 convocata l\u2019Assemblea straordinaria (con la presenza del notaio) per l\u2019approvazione del nuovo statuto predisposto sulla base del Decreto Legislativo n.117 del 2017 che detta nuove norme per gli enti del terzo settore, cio\u00e8 per le associazioni che operano nel campo sociale. Vista l\u2019importanza dell\u2019incontro che tra l\u2019altro richiede, per la sua validit\u00e0, la partecipazione di una larga maggioranza, il Presidente invita tutti i soci ad essere presenti per l\u2019approvazione del nuovo statuto, condizione indispensabile per permettere all\u2019associazione di continuare a lavorare al meglio nel rispetto della nuova normativa.<\/div>\n<div><\/div>\n<div><\/div>\n<div><\/div>\n<blockquote>\n<div><\/div>\n<\/blockquote>\n<div><\/div>\n<div>http:\/\/www.radiopiu.net\/wordpress\/na-sera-ladina-con-premiazione-del-concorso-nazionale-mendranze-n-poejia\/<\/div>\n<div><\/div>\n<div><\/div>\n<div><\/div>\n<div><\/div>\n<div><\/div>\n<h3>IL VENETO LEGGE COINVOLGE\u00a0 1000 PICCOLI STUDENTI. VENERDI L&#8217;EVENTO APERTO AL PUBBLICO<\/h3>\n<p><strong><a class=\"dt-pswp-item\" href=\"http:\/\/www.radiopiu.net\/wordpress\/wp-content\/uploads\/2019\/06\/IC-FELTRE-Di-villa-in-villa-1.jpg\" data-dt-img-description=\"\" data-large_image_width=\"1600\" data-large_image_height=\"1200\"><img loading=\"lazy\" decoding=\"async\" class=\" wp-image-88379 alignleft\" src=\"http:\/\/www.radiopiu.net\/wordpress\/wp-content\/uploads\/2019\/06\/IC-FELTRE-Di-villa-in-villa-1-300x225.jpg\" alt=\"\" width=\"167\" height=\"125\" srcset=\"https:\/\/www.radiopiu.net\/wordpress\/wp-content\/uploads\/2019\/06\/IC-FELTRE-Di-villa-in-villa-1-300x225.jpg 300w, https:\/\/www.radiopiu.net\/wordpress\/wp-content\/uploads\/2019\/06\/IC-FELTRE-Di-villa-in-villa-1-768x576.jpg 768w, https:\/\/www.radiopiu.net\/wordpress\/wp-content\/uploads\/2019\/06\/IC-FELTRE-Di-villa-in-villa-1-1024x768.jpg 1024w, https:\/\/www.radiopiu.net\/wordpress\/wp-content\/uploads\/2019\/06\/IC-FELTRE-Di-villa-in-villa-1.jpg 1600w\" sizes=\"auto, (max-width: 167px) 100vw, 167px\" \/><\/a>FELTRE<\/strong> Venerd\u00ec 27 settembre si svolger\u00e0 in tutto il territorio regionale la maratona di lettura \u201cIl Veneto legge\u201d, promossa dall&#8217;Assessorato alla cultura della Regione Veneto in collaborazione con la sezione regionale dell&#8217;Associazione Biblioteche e l&#8217;Ufficio Scolastico Regionale. Si tratta di un&#8217;iniziativa volta a promuovere la lettura attraverso il coinvolgimento della collettivit\u00e0 dei lettori, impegnati a vario titolo nella preparazione e nella realizzazione dell\u2019evento. Per quanto riguarda la nostra citt\u00e0, il Polo Bibliotecario Feltrino propone tre giornate di maratona \u2013 aperte sia alla scuola primaria che alla scuola secondaria di primo grado \u2013 e un appuntamento riservato all&#8217;asilo nido comunale \u201cIl maggiocondolo\u201d. L&#8217;Amministrazione ha inoltre voluto coinvolgere nel progetto anche la Scuola presso il reparto di Pediatria di Feltre e la Casa di Riposo.<\/p>\n<p><strong>L&#8217;ASSESSORE ALLA CULTURA ALESSANDRO DEL BIANCO<\/strong><\/p>\n<audio class=\"wp-audio-shortcode\" id=\"audio-99660-6\" preload=\"none\" style=\"width: 100%;\" controls=\"controls\"><source type=\"audio\/mpeg\" src=\"http:\/\/www.radiopiu.net\/wordpress\/wp-content\/uploads\/2019\/09\/DEL-BIANCO.mp3?_=6\" \/><a href=\"http:\/\/www.radiopiu.net\/wordpress\/wp-content\/uploads\/2019\/09\/DEL-BIANCO.mp3\">http:\/\/www.radiopiu.net\/wordpress\/wp-content\/uploads\/2019\/09\/DEL-BIANCO.mp3<\/a><\/audio>\n<blockquote><p>PROGRAMMA COMPLETO MARTEDI 24, GIOVEDI 26 e VENERDI 27 SETTEMBRE SCUOLA PRIMARIA DI FELTRE &#8220;Guarda che Luna!&#8221; letture di Emanuela De Bacco, Matilda Sacchet, Ornella Favetti, Mauro Viani, Nicoletta Toigo e Lorenzo Luciani MARTEDI 24 SETTEMBRE &#8211; SCUOLA MEDIA ROCCA &#8220;Quando io ero la luna\u201d letture dal libro di Luigi Garlando a cura di Barbara Gallon e Patrizia Bertoli GIOVEDI 26 SETTEMBRE &#8211; REPARTO PEDIATRIA OSPEDALE DI FELTRE &#8211; ore 10.00 CASA DI RIPOSO DI FELTRE &#8211; ore 15.45 &#8220;Voglio la luna&#8221; letture di Roberto Faoro GIOVEDI 26 SETTEMBRE ASILO NIDO COMUNALE &#8211; ore 10.00 Cristina Garbujo legge &#8220;Il lupo mangione e la Luna e altri racconti&#8221; VENERDI 27 SETTEMBRE OSSERVATORIO DI ARSON \u2013 ore 20.30 \u201cEra il 20 luglio del &#8217;69: parole, musiche e immagini lunatiche\u201d letture a cura dei Caratteri atipici con le voci di Rosa Lusa, Antonella Tafner e Silvana Vignaga &#8211; intervento musicale di Chiara Sandi proiezione opere d&#8217;arte a cura di Lara Cossalter Intervento di Gabriele Vanin e visita guidata all&#8217;Osservatorio SABATO 28 SETTEMBRE PALAZZO BORGASIO &#8211; ore 10.00 Linda Canciani legge &#8220;Io mi mangio la Luna&#8221; per tutti i bambini da 0 a 8 anni. Gli ultimi due appuntamenti, venerd\u00ec 27 e sabato 28 ottobre, sono aperti al pubblico.<\/p><\/blockquote>\n<p>&nbsp;<\/p>\n<p>&nbsp;<\/p>\n<p>&nbsp;<\/p>\n<p>&nbsp;<\/p>\n<h3>INCANTO E DISINCANTO DELLA NATURA<\/h3>\n<blockquote><p><em>nelle parole di Dino Buzzati e Mario Rigoni Stern<\/em><\/p><\/blockquote>\n<p><strong>BELLUNO<\/strong> Si terr\u00e0 venerd\u00ec 27 settembre alle 18.00 presso il granaio di Villa Buzzati, in via Visome, 18. L&#8217;evento, organizzato in collaborazione con l&#8217;Associazione Culturale Villa Buzzati e col Csv Vicenza, unir\u00e0 l&#8217;ascolto di importanti pagine della letteratura veneta alle testimonianze di volontari del mondo della cultura, che hanno garantito il loro apporto nella solidariet\u00e0 post Vaia. Filo conduttore sar\u00e0 il tema del rapporto fra uomo e natura; il programma prevede la lettura di alcuni racconti di Dino Buzzati (a cura di un lettore vicentino) e di Mario Rigoni Stern (a cura di lettori bellunesi). Inoltre, si assister\u00e0 alla proiezione del cortometraggio &#8220;ComeAlberi&#8221;, a cura del Laboratorio \u201cInquadrati\u201d del Csv Belluno, e si ascolteranno le voci di alcuni volontari che hanno operato nell&#8217;emergenza Vaia. Le letture saranno eseguite da Marco Gianesini, Antonella Morassutti e Lorenzo Pradel, gli interventi musicali da Mos\u00e8 Andrich; coordina la serata Federico Brancaleone (Csv Belluno). L&#8217;evento, a ingresso libero, \u00e8 parte della maratona di lettura &#8220;Il Veneto legge&#8221;, promossa dall&#8217;assessorato alla cultura della Regione del Veneto.<\/p>\n<h3><\/h3>\n<h3><\/h3>\n<h3><\/h3>\n<h3>SCOPRI LA NATURA IN VALBELLUNA di RENATO BONA<\/h3>\n<p><strong><a class=\"dt-pswp-item\" href=\"http:\/\/www.radiopiu.net\/wordpress\/wp-content\/uploads\/2019\/09\/71097292_933688173675106_4195038486652256256_n.jpg\" data-dt-img-description=\"\" data-large_image_width=\"750\" data-large_image_height=\"960\"><img loading=\"lazy\" decoding=\"async\" class=\"size-medium wp-image-99734 alignleft\" src=\"http:\/\/www.radiopiu.net\/wordpress\/wp-content\/uploads\/2019\/09\/71097292_933688173675106_4195038486652256256_n-234x300.jpg\" alt=\"\" width=\"234\" height=\"300\" srcset=\"https:\/\/www.radiopiu.net\/wordpress\/wp-content\/uploads\/2019\/09\/71097292_933688173675106_4195038486652256256_n-234x300.jpg 234w, https:\/\/www.radiopiu.net\/wordpress\/wp-content\/uploads\/2019\/09\/71097292_933688173675106_4195038486652256256_n.jpg 750w\" sizes=\"auto, (max-width: 234px) 100vw, 234px\" \/><\/a>\u00a0BELLUNO<\/strong> La Biblioteca civica in collaborazione con la Cooperartiva Mazarol e l\u2019assessorato alle Politiche ambientali del Comune di Belluno hanno proposto per bambini tra i 4 ed i 12 anni, laboratori, sotto il titolo \u201cScopri la natura in Valbelluna\u201d attivit\u00e0 creative, giochi, letture, immagini, video, il riconoscimento delle tracce degli animali e tante altre curiosit\u00e0 sulla natura delle Dolomiti bellunesi. L\u2019iniziativa \u00e8 partita marted\u00ec 17 dalle 16,30 alle 18,30 sul tema: \u201cIo non ho paura del lupo\u201d. Riprende oggi, marted\u00ec 24, stesso orario, per occuparsi di: \u201cOrsi, orsacchiotti, orsatti\u201d. Marted\u00ec 1. ottobre, sempre dalle 16,30 alle 18,30, per affrontare il tema: \u201cBentornati grandi predatori naturali\u201d. Conclusione domenica 6 ottobre, dalle 9 alle 13, con una escursione guidata con attivit\u00e0 didattiche in Nevegal; ritrovo con le guide Mazarol nel parcheggio del bar-ristorante \u201cLa Casera\u201d in Nevegal; viene precisato dagli organizzatori che il percorso proposto \u00e8 facile e con poco dislivello in salita. E\u2019 previsto un massimo di 30 partecipanti per laboratorio, su prenotazione; laboratori ed escursione guidata sono gratuiti. Per altre informazioni e-o prenotazioni ci si deve rivolgere alla Biblioteca civica nella via Ripa 3 di Belluno, telefono 0437-9048093 o scrivendo all\u2019indirizzo e-mail: biblioteca@comune.belluno. NELLA FOTO: la riproduzione del volantino con l\u2019annuncio dell\u2019iniziativa<\/p>\n<p>&nbsp;<\/p>\n<p>&nbsp;<\/p>\n<p>&nbsp;<\/p>\n<p>&nbsp;<\/p>\n<p>&nbsp;<\/p>\n<p>&nbsp;<\/p>\n<p>&nbsp;<\/p>\n<p>&nbsp;<\/p>\n<h3><span style=\"color: #ff0000;\">L&#8217;OPINIONE<\/span><\/h3>\n<h3>FRANCO PIACENTINI, FELTRE<\/h3>\n<p><strong>\u201cLe demenze devono entrare nei LEA sanitari\u201d<\/strong><\/p>\n<blockquote><p>La realt\u00e0 delle demenze in Veneto parla 66.147 malati, dei quali 63.458 over 65 anni e 2.689 con meno di 65 anni. In Italia, il numero sale a un milione 241 mila persone colpite, il 50-60% delle quali con morbo di Alzheimer. Nella rete \u201ci care\u201d di umanizzazione \u201csocio \u2013 assistenziale &#8211; sanitaria\u201d del Veneto, svolgono una funzione fondamentale: i medici di medicina generale; gli specialisti; il personale infermieristico; gli addetti alla cura e all\u2019assistenza; i volontari; i familiari. Alla rete soggettiva si affianca la rete strutturale: specifici reparti ospedalieri; centri servizi alla persona; nuclei Alzheimer; servizi territoriali e domiciliari. In particolare 141 Centri per il Sollievo con 272 Comuni coinvolti; 125 Centri Diurni con 1.769 posti disponibili; 31 Centri per i Disturbi Cognitivi e le Demenze con 109 specialisti a disposizione. Nei giorni scorsi, nelle province del Veneto, si sono svolti degli eventi pubblici sulle problematiche delle persone con demenza: senile o Alzheimer. Sono state delle positive e condivisibili iniziative di valorizzazione dell&#8217;impegno delle pubbliche amministrazioni venete (Regione, Comuni, Aziende ULSS e IPAB &#8211; Centri Servizi alle Persone). Sono anche opportunit\u00e0 di riconoscimento e ringraziamento all&#8217;associazionismo e al volontariato per le loro preziose attivit\u00e0 di sussidiariet\u00e0 e di aiuto alle persone con demenza senile o con morbo di Alzheimer. Alla Regione (Assessore al Sociosanitario e Direzione Servizi Sociali) va dato merito di aver realizzato una qualifica rete di Centri Sollievo e di aver finanziato il Progetto STACCO (servizio di accompagnamento protetto attivo in cinque province del Veneto) per il trasporto sociale, con automezzi del volontariato, anche per persone con demenza non grave. Due opportunit\u00e0 per dare un po&#8217; di respiro ai familiari che accudiscono (amorevolmente) i propri congiunti con demenza. Sottolineate queste positivit\u00e0, non vanno dimenticate alcune criticit\u00e0. La pi\u00f9 evidente e urgentissima da risolvere, \u00e8 la questione nazionale del riconoscimento patologico a tutti gli effetti, come &#8220;malattie croniche&#8221;, delle demenze: senile e Alzheimer, da includere nei LEA sanitari, altrimenti la compartecipazione assistenziale (dai 50 ai 100 \u20acuro giornalieri) continuer\u00e0 ad essere a carico delle famiglie. La seconda questione, tutta veneta, \u00e8 l&#8217;incomprensibile, inaccettabile, ritardo della completa applicazione della L.R. n. 30 del 2009, chiesta dalle Organizzazioni sindacali CGIL CISL UIL e dalle Associazioni della disabilit\u00e0, sostenuta da oltre 200 mila firme dei cittadini veneti e approvata all&#8217;unanimit\u00e0 dal Consiglio regionale. In quella legge \u00e8 chiaramente prevista la costituzione del &#8220;Fondo Economico per la Disabilit\u00e0 e per la Non Autosufficienza&#8221; (ovviamente demenze incluse). Un fondo che per essere esigibile e per togliere la pesante compartecipazione, deve essere annualmente finanziato con almeno due miliardi di \u20acuro. Attualmente sono disponili circa 900 milioni di \u20acuro. Quindi, sar\u00e0 bene e opportuno che anche questi annosi e ben noti problemi, trovino attenzione, approfondimento e, soprattutto, rapida soluzione.<\/p><\/blockquote>\n<p>&nbsp;<\/p>\n<p>&nbsp;<\/p>\n<p>&nbsp;<\/p>\n<p>&nbsp;<\/p>\n<p>&nbsp;<\/p>\n<p><a class=\"dt-pswp-item\" href=\"http:\/\/www.radiopiu.net\/wordpress\/wp-content\/uploads\/2018\/09\/appuntamenti.jpeg\" data-dt-img-description=\"\" data-large_image_width=\"800\" data-large_image_height=\"100\"><img loading=\"lazy\" decoding=\"async\" class=\"aligncenter wp-image-61958 size-full\" src=\"http:\/\/www.radiopiu.net\/wordpress\/wp-content\/uploads\/2018\/09\/appuntamenti.jpeg\" alt=\"\" width=\"800\" height=\"100\" srcset=\"https:\/\/www.radiopiu.net\/wordpress\/wp-content\/uploads\/2018\/09\/appuntamenti.jpeg 800w, https:\/\/www.radiopiu.net\/wordpress\/wp-content\/uploads\/2018\/09\/appuntamenti-300x38.jpeg 300w, https:\/\/www.radiopiu.net\/wordpress\/wp-content\/uploads\/2018\/09\/appuntamenti-768x96.jpeg 768w\" sizes=\"auto, (max-width: 800px) 100vw, 800px\" \/><\/a><\/p>\n<p>&nbsp;<\/p>\n<h3>CON GLI ALPINI DI SAN GREGORIO<\/h3>\n<p>In occasione del Centenario dell\u2019ANA il Gruppo Alpini Gen. Nasci di San Gregorio nelle Alpi\u00a0 organizza la cerimonia di intitolazione dell\u2019area antistante la propria sede a \u201cPIAZZA ASSOCIAZIONE NAZIONALE ALPINI\u201d. Si terr\u00e0 Domenica 29 settembre 2019 con il seguente programma: 9.45 ritrovo Piazza Cavalieri di Vittorio Veneto, alzabandiera e omaggio floreale al Monumento ai Caduti,\u00a0 10\u00a0 Messa nella Chiesa Arcipretale,\u00a0 11.30 Sede Alpini localit\u00e0 Donada: Intitolazione \u201cPiazza Associazione Nazionale Alpini\u201d e scoprimento Targa in memoria dei soci andati avanti ore 12.00 Rinfresco<\/p>\n<p>&nbsp;<\/p>\n<h3><\/h3>\n<h3>BRETELLE LASCHE A PUOS D\u2019ALPAGO IL 28 SETTEMBRE<\/h3>\n<p><a class=\"dt-pswp-item\" href=\"http:\/\/www.radiopiu.net\/wordpress\/wp-content\/uploads\/2019\/09\/foto-bretelle-lasche_Alpago28set19.jpg\" data-dt-img-description=\"\" data-large_image_width=\"1024\" data-large_image_height=\"589\"><img loading=\"lazy\" decoding=\"async\" class=\"size-medium wp-image-99326 alignleft\" src=\"http:\/\/www.radiopiu.net\/wordpress\/wp-content\/uploads\/2019\/09\/foto-bretelle-lasche_Alpago28set19-300x173.jpg\" alt=\"\" width=\"300\" height=\"173\" srcset=\"https:\/\/www.radiopiu.net\/wordpress\/wp-content\/uploads\/2019\/09\/foto-bretelle-lasche_Alpago28set19-300x173.jpg 300w, https:\/\/www.radiopiu.net\/wordpress\/wp-content\/uploads\/2019\/09\/foto-bretelle-lasche_Alpago28set19-768x442.jpg 768w, https:\/\/www.radiopiu.net\/wordpress\/wp-content\/uploads\/2019\/09\/foto-bretelle-lasche_Alpago28set19.jpg 1024w\" sizes=\"auto, (max-width: 300px) 100vw, 300px\" \/><\/a><strong>ALPAGO<\/strong> I Gruppi \u201cInsieme si pu\u00f2\u2026\u201d dell\u2019Alpago e la compagnia teatrale delle Bretelle Lasche organizzano lo spettacolo di cabaret dalle opere di Stefano Benni \u201cIl Dottor Divago e altre storie\u201d. L\u2019appuntamento \u00e8 per sabato 28 settembre alle 20.30 presso la Casa della Giovent\u00f9 di Puos d\u2019Alpago. Lo spettacolo \u00e8 un insieme orchestrato di pezzi teatrali scritti da Stefano Benni, alcuni sotto forma di monologhi, altri per pi\u00f9 attori. \u201cDr. Divago\u201d, \u201cVolano\u201d, \u201cAmour Monet\u201d, \u201cLa canzone dell\u2019amor rifatto\u201d, \u201cMademoiselle Lycanthrope\u201d, \u201cLa Topastra\u201d, \u201cSherlock Barman\u201d concorrono insieme a dare un saggio del teatro ironico e sferzante di Stefano Benni, autore contemporaneo che con la sua prolifica produzione letteraria non smette di essere una delle voci pi\u00f9 critiche sulla societ\u00e0 e le contraddizioni del nostro tempo. L\u2019ingresso \u00e8 a offerta libera. L\u2019intero ricavato sar\u00e0 destinato a due\u00a0progetti dell\u2019associazione Insieme si pu\u00f2: \u201c10 scuole\u201d in Uganda e \u201cMalala\u201d sul nostro territorio,\u00a0per garantire il diritto all\u2019istruzione, libri e materiale scolastico ai bambini ugandesi e bellunesi in difficolt\u00e0.<\/p>\n<p>&nbsp;<\/p>\n<p>&nbsp;<\/p>\n<p>&nbsp;<\/p>\n<h3>SOSPIROLO ALLA MARATONA DI LETTURA<\/h3>\n<p><strong><a class=\"dt-pswp-item\" href=\"http:\/\/www.radiopiu.net\/wordpress\/wp-content\/uploads\/2019\/09\/Non-deluderci-luna.jpg\" data-dt-img-description=\"\" data-large_image_width=\"2482\" data-large_image_height=\"3510\"><img loading=\"lazy\" decoding=\"async\" class=\"size-medium wp-image-99325 alignleft\" src=\"http:\/\/www.radiopiu.net\/wordpress\/wp-content\/uploads\/2019\/09\/Non-deluderci-luna-212x300.jpg\" alt=\"\" width=\"212\" height=\"300\" srcset=\"https:\/\/www.radiopiu.net\/wordpress\/wp-content\/uploads\/2019\/09\/Non-deluderci-luna-212x300.jpg 212w, https:\/\/www.radiopiu.net\/wordpress\/wp-content\/uploads\/2019\/09\/Non-deluderci-luna-768x1086.jpg 768w, https:\/\/www.radiopiu.net\/wordpress\/wp-content\/uploads\/2019\/09\/Non-deluderci-luna-724x1024.jpg 724w\" sizes=\"auto, (max-width: 212px) 100vw, 212px\" \/><\/a>SOSPIROLO Venerdi 27 settembre <\/strong><strong>\u00a0<\/strong>anche la <strong>Biblioteca comunale di Sospirolo<\/strong> parteciper\u00e0 alla III^ edizione della Maratona di Lettura <strong><em>Il Veneto Legge<\/em><\/strong>, un progetto promosso dall\u2019Assessorato alla Cultura della Regione Veneto, in collaborazione con enti ed associazioni culturali varie del territorio regionale, che vede come protagonista il <strong>libro<\/strong> e la <strong>lettura<\/strong>. Sospirolo ha scelto come filo rosso delle sue letture le suggesioni letterarie collegate al tema della <strong>LUNA<\/strong>, per festeggiare i 50 anni dall&#8217;Allunaggio. Ecco le inziative in programma che coinvolgeranno Scuole e Biblioteca, e aperti alla libera partecipazione di tutta la cittadinanza: <strong>MARATONA PER LA SCUOLA PRIMARIA &#8211;<\/strong> <strong>dalle 9.00 alle 12.00, al Centro civico di Sospirolo<\/strong> \u00a0<strong><em>LA LUNA AL GUINZAGLIO<\/em><\/strong><strong> passeggiate interstellari al chiaro di luna<\/strong> \u00a0<strong>per le classi di Primo Ciclo <\/strong><strong><em>\u00a0 <\/em><\/strong><strong><em>A.A.A. LUNA VENDESI<\/em><\/strong><strong>&#8230;l&#8217;<em>Affare del Secolo<\/em><\/strong> \u00a0<strong>per le classi di Secondo Ciclo\u00a0<\/strong><br \/>\n<strong>dagli scritti <em>cosmici <\/em>e<em> lunari <\/em>di Gianni Rodari <\/strong>interpretati da <strong>Mariarosa Da Rolt<\/strong> e <strong>Laura Secco<\/strong> &#8211; <strong>MARATONA PER FAMIGLIE &#8211; <\/strong><strong>Centro civico di Sospirolo, ore 20.45 <\/strong><strong><em>NON DELUDERCI, LUNA! <\/em><\/strong>Un viaggio nello spazio e nel tempo, tra cronache e ricordi di allunaggio dagli scritti di <em>Dino<\/em> <em>Buzzati<\/em> e <em>Oriana Fallaci<\/em>, tra annotazioni scientifiche galileiane e poetiche fantasie a cavallo tra Otto e Novecento (<em>Leopardi, Pirandello, Malerba, Rigoni Stern, Scialoja, Rodari, Tognolini e Lamarque<\/em>) letture a cura dell\u2019<strong><em>Anonima Lettori srl <\/em><\/strong>consulenza scientifica e musicale di<strong> Renzo Crosato <\/strong><strong>SPETTACOLO PER FAMIGLIE <\/strong><strong>A PARTECIPAZIONE LIBERA E GRATUITA <\/strong>Il programma completo delle letture della Maratona, che coinvolgono l&#8217;intera provincia di Belluno \u00e8 percorribile sul sito <a href=\"https:\/\/ilvenetolegge.it\/maratona\/\">Il Veneto legge<\/a><\/p>\n<p>&nbsp;<\/p>\n<p>&nbsp;<\/p>\n<p>&nbsp;<\/p>\n<p>&nbsp;<\/p>\n<p><strong><a class=\"dt-pswp-item\" href=\"http:\/\/www.radiopiu.net\/wordpress\/wp-content\/uploads\/2018\/09\/viabilita.jpeg\" data-dt-img-description=\"\" data-large_image_width=\"800\" data-large_image_height=\"100\"><img loading=\"lazy\" decoding=\"async\" class=\"alignnone wp-image-61954 size-full\" src=\"http:\/\/www.radiopiu.net\/wordpress\/wp-content\/uploads\/2018\/09\/viabilita.jpeg\" alt=\"\" width=\"800\" height=\"100\" srcset=\"https:\/\/www.radiopiu.net\/wordpress\/wp-content\/uploads\/2018\/09\/viabilita.jpeg 800w, https:\/\/www.radiopiu.net\/wordpress\/wp-content\/uploads\/2018\/09\/viabilita-300x38.jpeg 300w, https:\/\/www.radiopiu.net\/wordpress\/wp-content\/uploads\/2018\/09\/viabilita-768x96.jpeg 768w\" sizes=\"auto, (max-width: 800px) 100vw, 800px\" \/><\/a><\/strong><\/p>\n<p><strong>Regionale 48 delle Dolomiti,<\/strong> localit\u00e0 San Giovanni di Livinallongo: da oggi\u00a0 al 4 ottobre dalle 8.30 alle 12 e dalle 13.30 alle 17.30 senso unico alternato e interruzioni della durata massima di 20 minuti.<\/p>\n<p><strong>Regionale 251 Val di Zoldo,<\/strong> Comune di Colle Santa Lucia: fino\u00a0 al 30 settembre con esclusione dei giorni festivi e prefestivi senso unico alternato.<\/p>\n<p><strong>Regionale 346 del San<\/strong> Pellegrino Comune di Falcade: dal 30 settembre al 18 ottobre escusi festivi e prefestivi, senso unico alternato.<\/p>\n<p><strong>Provinciale 563 di Salesei,<\/strong> Comune di Rocca Pietore: dal 30 settembre all&#8217;11 ottobre senso unico alternato regolato da movieri dalle 8 alle 18<\/p>\n<p>&nbsp;<\/p>\n<p>&nbsp;<\/p>\n<p><a class=\"dt-pswp-item\" href=\"http:\/\/www.radiopiu.net\/wordpress\/wp-content\/uploads\/2018\/09\/sport.jpg\" data-dt-img-description=\"\" data-large_image_width=\"800\" data-large_image_height=\"100\"><img loading=\"lazy\" decoding=\"async\" class=\"aligncenter wp-image-60761 size-full\" src=\"http:\/\/www.radiopiu.net\/wordpress\/wp-content\/uploads\/2018\/09\/sport.jpg\" alt=\"\" width=\"800\" height=\"100\" srcset=\"https:\/\/www.radiopiu.net\/wordpress\/wp-content\/uploads\/2018\/09\/sport.jpg 800w, https:\/\/www.radiopiu.net\/wordpress\/wp-content\/uploads\/2018\/09\/sport-300x38.jpg 300w, https:\/\/www.radiopiu.net\/wordpress\/wp-content\/uploads\/2018\/09\/sport-768x96.jpg 768w\" sizes=\"auto, (max-width: 800px) 100vw, 800px\" \/><\/a><\/p>\n<h2><\/h2>\n<h2>LUCA CAGNATI E LORENZO CAGNATI AGLI ITALIANI DI CORSA IN MONTAGNA<\/h2>\n<p>Si \u00e8 corso domenica scorsa il Campionato Italiano di corsa in montagna ad Arco di Trento. Nella gara su distanza classica Luca Cagnati e Lorenzo Cagnati hanno concluso la prova con un&#8217;ottima prestazione. Gli atleti della Valle del Biois sono arrivati nelle prime 15 posizioni. Per Luca Cagnati un ottavo posto assoluto. Nonostante tutto una buona prova per l&#8217;atleta che a met\u00e0 novembre voler\u00e0 in Argentina in vista dei Mondiali. Prima esperienza individuale per Lorenzo Cagnati che alla sua prima esperienza \u00e8 riuscito a piazzarsi in undicesima posizione.<\/p>\n<p><strong>LE IMPRESSIONI DI LUCA CAGNATI DOPO LA GARA<\/strong><\/p>\n<audio class=\"wp-audio-shortcode\" id=\"audio-99660-7\" preload=\"none\" style=\"width: 100%;\" controls=\"controls\"><source type=\"audio\/mpeg\" src=\"http:\/\/www.radiopiu.net\/wordpress\/wp-content\/uploads\/2019\/09\/LUCA-CAGNATI-ARCO.mp3?_=7\" \/><a href=\"http:\/\/www.radiopiu.net\/wordpress\/wp-content\/uploads\/2019\/09\/LUCA-CAGNATI-ARCO.mp3\">http:\/\/www.radiopiu.net\/wordpress\/wp-content\/uploads\/2019\/09\/LUCA-CAGNATI-ARCO.mp3<\/a><\/audio>\n<p><strong>LE PAROLE DI LORENZO CAGNATI<\/strong><\/p>\n<audio class=\"wp-audio-shortcode\" id=\"audio-99660-8\" preload=\"none\" style=\"width: 100%;\" controls=\"controls\"><source type=\"audio\/mpeg\" src=\"http:\/\/www.radiopiu.net\/wordpress\/wp-content\/uploads\/2019\/09\/LORENZO-CAGNATI-ARCO.mp3?_=8\" \/><a href=\"http:\/\/www.radiopiu.net\/wordpress\/wp-content\/uploads\/2019\/09\/LORENZO-CAGNATI-ARCO.mp3\">http:\/\/www.radiopiu.net\/wordpress\/wp-content\/uploads\/2019\/09\/LORENZO-CAGNATI-ARCO.mp3<\/a><\/audio>\n<h2><\/h2>\n<h2><\/h2>\n<h2><\/h2>\n<h2>CORSA CAMPESTRE CSI&#8230;IL CALENDARIO<\/h2>\n<p>E\u2019 stato ufficializzato ieri il calendario ufficiale del Campionato Provinciale CSI di corsa campestre. Un mese di gare che toccher\u00e0 4 percorsi provinciali. Si inizia il 3 novembre con la prima prova in terra feltrina, a Nemeggio organizzata dalla US Virtus Nemeggio. Il 10 novembre ci si a Lentiai, pi\u00f9 precisamente a Ronchena per la gara organizzata dalla Piave 2000. Il 17 novembre l\u2019US Cesio ospiter\u00e0 i corridori a Cesiomaggiore. Ultima gara in programma il 1 dicembre a Castion organizzata dal GS Castionese.<\/p>\n<p>&nbsp;<\/p>\n<p>&nbsp;<\/p>\n<p>&nbsp;<\/p>\n<p><a class=\"dt-pswp-item\" href=\"http:\/\/www.radiopiu.net\/wordpress\/wp-content\/uploads\/2018\/09\/WhatsApp-Image-2018-09-20-at-16.04.06.jpeg\" data-dt-img-description=\"\" data-large_image_width=\"800\" data-large_image_height=\"100\"><img loading=\"lazy\" decoding=\"async\" class=\"aligncenter wp-image-61378 size-full\" src=\"http:\/\/www.radiopiu.net\/wordpress\/wp-content\/uploads\/2018\/09\/WhatsApp-Image-2018-09-20-at-16.04.06.jpeg\" alt=\"\" width=\"800\" height=\"100\" srcset=\"https:\/\/www.radiopiu.net\/wordpress\/wp-content\/uploads\/2018\/09\/WhatsApp-Image-2018-09-20-at-16.04.06.jpeg 800w, https:\/\/www.radiopiu.net\/wordpress\/wp-content\/uploads\/2018\/09\/WhatsApp-Image-2018-09-20-at-16.04.06-300x38.jpeg 300w, https:\/\/www.radiopiu.net\/wordpress\/wp-content\/uploads\/2018\/09\/WhatsApp-Image-2018-09-20-at-16.04.06-768x96.jpeg 768w\" sizes=\"auto, (max-width: 800px) 100vw, 800px\" \/><\/a><\/p>\n<p><center><b>Martedi 24<\/b><\/center><\/p>\n<p align=\"JUSTIFY\"><b>Tempo atteso: <\/b>Tempo in netto miglioramento, con ampi spazi soleggiati e temporaneo transito di nubi alte e medio-alte nelle ore centrali e al primo pomeriggio, assieme a qualche modesto cumulo a ridosso dei rilievi. Clima decisamente fresco al primo mattino, relativamente mite di giorno in relazione al prolungato soleggiamento.<br \/>\n<b>Precipitazioni: <\/b>Assenti (0%).<br \/>\n<b>Temperature: <\/b>Minime in calo, pi\u00f9 marcato nelle valli (locali brinate fino sui 1000\/1200 m nei luoghi solitamente pi\u00f9 freddi); massime in generale rialzo, pi\u00f9 sensibile nelle valli. Sono previsti massimi di 20\/22\u00b0C nei fondovalle prealpini, 15\/16\u00b0C a 1000\/1200 m. Su Prealpi a 1500 m min 8\u00b0C max 12\u00b0C, a 2000 m min 5\u00b0C max 8\u00b0C. Su Dolomiti a 2000 m min 4\u00b0C max 8\u00b0C, a 3000 m min 0\u00b0C max 2\u00b0C.<br \/>\n<b>Venti: <\/b>Nelle valli perlopi\u00f9 deboli a regime di brezza, salvo rinforzi per brezze di monte su alcuni settori prealpini; in quota deboli dai quadranti occidentali, a 5-10 km\/h a 2000 m, 10-15 km\/h a 3000 m.<\/p>\n<hr \/>\n<p><center><b>Mercoledi 25<\/b><\/center><\/p>\n<p align=\"JUSTIFY\"><b>Tempo atteso: <\/b>Tempo da variabile al mattino, a leggermente instabile al pomeriggio, con nuvolosit\u00e0 irregolare, a tratti estesa, associata a qualche fenomeno pomeridiano. Atmosfera fresca ed umida con debole escursione termica giornaliera a tutte le quote.<br \/>\n<b>Precipitazioni: <\/b>Al mattino probabilit\u00e0 piuttosto bassa (0\/10%), al pomeriggio\/sera probabili piovaschi\/rovesci sparsi (60\/70%), con limite neve attorno ai 2600\/2700 m.<br \/>\n<b>Temperature: <\/b>Minime in ripresa nelle valli ed in calo in quota dove saranno osservate alla sera; massime in generale calo. Sono previsti massimi di 16\/17\u00b0C nei fondovalle prealpini, 12\/13\u00b0C a 1000\/1200 m. Su Prealpi a 1500 m min 7\u00b0C max 10\u00b0C, a 2000 m min 5\u00b0C max 7\u00b0C. Su Dolomiti a 2000 m min 4\u00b0C max 6\u00b0C, a 3000 m min -1\u00b0C max 1\u00b0C.<br \/>\n<b>Venti: <\/b>Nelle valli perlopi\u00f9 deboli di direzione variabile; in quota moderati da Sud-Ovest, anche tesi sulle vette pi\u00f9 alte, fino al primo pomeriggio, poi in attenuazione da Nord-Ovest, a 5-15 km\/h a 2000 m, 15-35 km\/h a 3000 m.<\/p>\n<hr \/>\n<p><center><b>Giovedi 26<\/b><\/center><\/p>\n<p align=\"JUSTIFY\">Tempo nuovamente ben soleggiato con cielo sereno o poco nuvoloso al mattino, salvo banchi di nubi basse mattutine nel catino bellunese. Sole e formazione e ristagno di stratocumuli a ridosso delle vette al pomeriggio. Aria tersa ed ottima visibilit\u00e0 in quota. Temperature minime in diminuzione e massime in ripresa. Venti deboli\/moderati nord-occidentali in quota e brezza perlopi\u00f9 deboli nelle valli.<\/p>\n<hr \/>\n<p><center><b>Venerdi 27<\/b><\/center><\/p>\n<p align=\"JUSTIFY\">Tempo soleggiato con cielo sereno al mattino, salvo nubi basse mattutine su alcuni settori prealpini. Al pomeriggio aumento della nuvolosit\u00e0 alta e medio-alta. Aria tersa ed ottima visibilit\u00e0 al mattino in quota. Temperature minime stazionarie nelle valli e in rialzo in quota, massime in generale aumento. Venti deboli\/moderati dai quadranti occidentali in quota e brezza perlopi\u00f9 deboli nelle valli. Previsore: R.L.Th.<\/p>\n<p align=\"JUSTIFY\">\n","protected":false},"excerpt":{"rendered":"<p>&nbsp; &nbsp; ALTRI ORDIGNI BELLICI SUL MONTE SIEF, SCATTA L&#8217;OPERAZIONE DI BONIFICA LIVINALLONGO La montagna restituisce altri ordigni risalente all&#8217;ultima guerra, a 2184 metri di quota sul monte Sief.\u00a0 Sono stati ritrovati da alcuni escursionisti nel corso dell&#8217;estate anche se il &#8220;merito&#8221; va all&#8217;uragano Vaia che li ha fatti riaffiorare con la sua furia lo&hellip;<\/p>\n","protected":false},"author":1,"featured_media":99628,"comment_status":"closed","ping_status":"closed","sticky":false,"template":"","format":"standard","meta":{"_monsterinsights_skip_tracking":false,"_monsterinsights_sitenote_active":false,"_monsterinsights_sitenote_note":"","_monsterinsights_sitenote_category":0,"footnotes":""},"categories":[86],"tags":[],"class_list":["post-99660","post","type-post","status-publish","format-standard","has-post-thumbnail","hentry","category-gr","category-86","description-off"],"img_url":"https:\/\/www.radiopiu.net\/wordpress\/wp-content\/uploads\/2019\/09\/Palazzo-Ducale-e-Monte-Civetta.jpg","_links":{"self":[{"href":"https:\/\/www.radiopiu.net\/wordpress\/wp-json\/wp\/v2\/posts\/99660","targetHints":{"allow":["GET"]}}],"collection":[{"href":"https:\/\/www.radiopiu.net\/wordpress\/wp-json\/wp\/v2\/posts"}],"about":[{"href":"https:\/\/www.radiopiu.net\/wordpress\/wp-json\/wp\/v2\/types\/post"}],"author":[{"embeddable":true,"href":"https:\/\/www.radiopiu.net\/wordpress\/wp-json\/wp\/v2\/users\/1"}],"replies":[{"embeddable":true,"href":"https:\/\/www.radiopiu.net\/wordpress\/wp-json\/wp\/v2\/comments?post=99660"}],"version-history":[{"count":0,"href":"https:\/\/www.radiopiu.net\/wordpress\/wp-json\/wp\/v2\/posts\/99660\/revisions"}],"wp:featuredmedia":[{"embeddable":true,"href":"https:\/\/www.radiopiu.net\/wordpress\/wp-json\/wp\/v2\/media\/99628"}],"wp:attachment":[{"href":"https:\/\/www.radiopiu.net\/wordpress\/wp-json\/wp\/v2\/media?parent=99660"}],"wp:term":[{"taxonomy":"category","embeddable":true,"href":"https:\/\/www.radiopiu.net\/wordpress\/wp-json\/wp\/v2\/categories?post=99660"},{"taxonomy":"post_tag","embeddable":true,"href":"https:\/\/www.radiopiu.net\/wordpress\/wp-json\/wp\/v2\/tags?post=99660"}],"curies":[{"name":"wp","href":"https:\/\/api.w.org\/{rel}","templated":true}]}}