{"id":99680,"date":"2019-09-25T06:13:04","date_gmt":"2019-09-25T04:13:04","guid":{"rendered":"http:\/\/www.radiopiu.net\/wordpress\/?p=99680"},"modified":"2019-09-25T06:13:56","modified_gmt":"2019-09-25T04:13:56","slug":"na-sera-ladina-con-premiazione-del-concorso-nazionale-mendranze-n-poejia","status":"publish","type":"post","link":"https:\/\/www.radiopiu.net\/wordpress\/na-sera-ladina-con-premiazione-del-concorso-nazionale-mendranze-n-poejia\/","title":{"rendered":"Na S\u00ebra Ladina con premiazione del Concorso Nazionale \u201cMendr\u00e1nze n Poejia\u201d."},"content":{"rendered":"<p><strong><a class=\"dt-pswp-item\" href=\"http:\/\/www.radiopiu.net\/wordpress\/wp-content\/uploads\/2019\/09\/Tasser-1.jpeg\" data-dt-img-description=\"\" data-large_image_width=\"1600\" data-large_image_height=\"900\"><img loading=\"lazy\" decoding=\"async\" class=\"size-medium wp-image-99690 alignleft\" src=\"http:\/\/www.radiopiu.net\/wordpress\/wp-content\/uploads\/2019\/09\/Tasser-1-300x169.jpeg\" alt=\"\" width=\"300\" height=\"169\" srcset=\"https:\/\/www.radiopiu.net\/wordpress\/wp-content\/uploads\/2019\/09\/Tasser-1-300x169.jpeg 300w, https:\/\/www.radiopiu.net\/wordpress\/wp-content\/uploads\/2019\/09\/Tasser-1-768x432.jpeg 768w, https:\/\/www.radiopiu.net\/wordpress\/wp-content\/uploads\/2019\/09\/Tasser-1-1024x576.jpeg 1024w, https:\/\/www.radiopiu.net\/wordpress\/wp-content\/uploads\/2019\/09\/Tasser-1.jpeg 1600w\" sizes=\"auto, (max-width: 300px) 100vw, 300px\" \/><\/a>LIVINALLONGO<\/strong> Sabato nella Sala Congressi di Arabba, gremita come nelle grandi occasioni, si \u00e8 conclusa la X\u00aa edizione del Concorso Nazionale di Poesia per le lingue minoritarie \u201cMendr\u00e1nze n Poejia\u201d. Il concorso era stato ideato nel 2005 dalla compianta maestra Teresa Pezzei, allora assessore del Comune di Livinallongo del Col di Lana, con l\u2019intenzione di tenere unite e vive le minoranze linguistiche d\u2019Italia tutelate dalla legge 482 del 1999. L\u2019obiettivo che si era prefissata Teresa Pezzei era quello di unire il sentimento identitario delle comunit\u00e0 minoritarie e condividere la voglia di far conoscere e valorizzare la propria lingua con la passione per la poesia, forma letteraria difficile ma che arricchisce il linguaggio e il patrimonio culturale di ogni minoranza linguistica. Per l\u2019occasione \u00e8 stato pubblicato anche un nuovo volume che raccoglie le poesie vincitrici delle ultime tre edizioni. Quest\u2019anno, la cerimonia di premiazione \u00e8 stata inserita in una serata culturalmente molto ricca, dal titolo \u201cNa S\u00ebra Ladina\u201d (una sera ladina), durante la quale si \u00e8 festeggiato il 15\u00b0 anniversario di fondazione dell\u2019Istitut Cultural Ladin Cesa de Jan e la 10\u00b0 edizione del concorso di poesia senza dimenticare i 10 anni dalla scomparsa dello studioso collese ed ex Presidente dell\u2019Istitut, il prof. Vito Pallabazzer. La serata si \u00e8 aperta ufficialmente con l\u2019Inn Ladin che ha preceduto il saluto del Sindaco di Livinallongo Leandro Grones; la serata, coordinata magistralmente dall\u2019ormai impareggiabile Gianpaolo Soratroi, si \u00e8<br \/>\navviata con un breve ma apprezzatissimo concerto della Banda da Fodom diretta dal M\u00b0 Giuliano Federa. Si sono succeduti poi gli interventi istituzionali della Presidente dell\u2019Istitut Elsa Zardini e della Presidente della \u201cUnion Generela dei Ladins dla Dolomites\u201d Milva Mussner.<br \/>\nSi \u00e8 arrivati quindi al cuore della serata, ovvero la premiazione del Concorso \u201cMendr\u00e1nze n Poejia\u201d\u00a0 <em>(foto, clicca per ingrandire: Foto di Raffaele Irsara, Leandro Grones e Giulia Tasser)<\/em><\/p>\n<p><a class=\"dt-pswp-item\" href=\"http:\/\/www.radiopiu.net\/wordpress\/wp-content\/uploads\/2019\/09\/Grones-2-1.jpg\" data-dt-img-description=\"\" data-large_image_width=\"2048\" data-large_image_height=\"1616\"><img loading=\"lazy\" decoding=\"async\" class=\"alignnone wp-image-99681\" src=\"http:\/\/www.radiopiu.net\/wordpress\/wp-content\/uploads\/2019\/09\/Grones-2-1-300x237.jpg\" alt=\"\" width=\"165\" height=\"130\" srcset=\"https:\/\/www.radiopiu.net\/wordpress\/wp-content\/uploads\/2019\/09\/Grones-2-1-300x237.jpg 300w, https:\/\/www.radiopiu.net\/wordpress\/wp-content\/uploads\/2019\/09\/Grones-2-1-768x606.jpg 768w, https:\/\/www.radiopiu.net\/wordpress\/wp-content\/uploads\/2019\/09\/Grones-2-1-1024x808.jpg 1024w, https:\/\/www.radiopiu.net\/wordpress\/wp-content\/uploads\/2019\/09\/Grones-2-1.jpg 2048w\" sizes=\"auto, (max-width: 165px) 100vw, 165px\" \/><\/a><a class=\"dt-pswp-item\" href=\"http:\/\/www.radiopiu.net\/wordpress\/wp-content\/uploads\/2019\/09\/Tasser-2.jpeg\" data-dt-img-description=\"\" data-large_image_width=\"1600\" data-large_image_height=\"900\"><img loading=\"lazy\" decoding=\"async\" class=\"alignnone wp-image-99682\" src=\"http:\/\/www.radiopiu.net\/wordpress\/wp-content\/uploads\/2019\/09\/Tasser-2-300x169.jpeg\" alt=\"\" width=\"234\" height=\"132\" srcset=\"https:\/\/www.radiopiu.net\/wordpress\/wp-content\/uploads\/2019\/09\/Tasser-2-300x169.jpeg 300w, https:\/\/www.radiopiu.net\/wordpress\/wp-content\/uploads\/2019\/09\/Tasser-2-768x432.jpeg 768w, https:\/\/www.radiopiu.net\/wordpress\/wp-content\/uploads\/2019\/09\/Tasser-2-1024x576.jpeg 1024w, https:\/\/www.radiopiu.net\/wordpress\/wp-content\/uploads\/2019\/09\/Tasser-2.jpeg 1600w\" sizes=\"auto, (max-width: 234px) 100vw, 234px\" \/><\/a><a class=\"dt-pswp-item\" href=\"http:\/\/www.radiopiu.net\/wordpress\/wp-content\/uploads\/2019\/09\/Irsara-4.jpg\" data-dt-img-description=\"\" data-large_image_width=\"1800\" data-large_image_height=\"1200\"><img loading=\"lazy\" decoding=\"async\" class=\"alignnone wp-image-99683\" src=\"http:\/\/www.radiopiu.net\/wordpress\/wp-content\/uploads\/2019\/09\/Irsara-4-300x200.jpg\" alt=\"\" width=\"195\" height=\"131\" srcset=\"https:\/\/www.radiopiu.net\/wordpress\/wp-content\/uploads\/2019\/09\/Irsara-4-300x200.jpg 300w, https:\/\/www.radiopiu.net\/wordpress\/wp-content\/uploads\/2019\/09\/Irsara-4-768x512.jpg 768w, https:\/\/www.radiopiu.net\/wordpress\/wp-content\/uploads\/2019\/09\/Irsara-4-1024x683.jpg 1024w, https:\/\/www.radiopiu.net\/wordpress\/wp-content\/uploads\/2019\/09\/Irsara-4.jpg 1800w\" sizes=\"auto, (max-width: 195px) 100vw, 195px\" \/><\/a><\/p>\n<blockquote><p><strong>Per la \u201csezione scuole\u201d sono state premiate le seguenti poesie:3\u00b0 premio alla Scuola Primaria Cristoforo Colombo di Mereto di Tomba (Udine), per la poesia dal titolo \u201cI nui\u201d \u2013 \u201cLe nuvole\u201d in lingua friulana, scritta dalle alunne Emma e Nicole 2\u00b0 premio alla Scuola Media \u201cErnesto Renon\u201d di Livinallongo\/Fodom (BL), per la poesia \u201cNos, n tosat\u201d \u2013 \u201cNoi, un bambino\u201d in lingua ladina, scritta dall\u2019alunna Grones Monika 1\u00b0 premio alla Classe IV della Scuola Primaria Pavel Petri\u010di\u010d di San Pietro al Natisone (Udine), per la poesia \u201cBene\u010dija\u201d \u2013 \u201cBenecia\u201d in lingua slovena delle Valli del Natisone.<\/strong><\/p>\n<p><strong>Per la \u201csezione poeti\u201d sono state premiate le seguenti poesie con la preziosa \u201cNaghena\u201d, simbolo del concorso ed opera in edizione unica ed irripetibile in oro ed argento incastonata su pietra preziosa, lavorata a mano dall\u2019artista \u201cMastro 7\u201d di Trento . 3\u00b0 premio: alla poesia \u201cTimetable\u201d \u2013 \u201cTimetable\u201d in lingua slovena, della Sig.ra Marina Cernetig con la seguente motivazione: \u201cCon pochi tratti e parole asciutte, l\u2019autore esprime il peso del quotidiano vivere che grava quasi a volerci schiacciare e quindi l\u2019anelito di fuggire per ritrovare, almeno per un momento, <\/strong><strong>l\u2019agognata pace, inseguita anche in un semplice frinire di cicale\u201d. 2\u00b0 premio: alla poesia \u201cFia\u201d \u2013 \u201cFiglia\u201d in lingua fodoma, della emozionatissima Sig.ra Antonietta Crepaz, con la seguente motivazione: \u201cCon parole semplici ma allo stesso tempo profonde e dense di significato, in modo originale il poeta richiama l\u2019attenzione sul ruolo meno consapevole e cantato della donna: quello di essere figlia\u201d. <\/strong><strong>1\u00b0 premio: alla poesia \u201c\u00c0ltaz nisn\u00f3ataz t\u00e0u\u0107\u201d \u2013\u201cVecchio cimbro inutile\u201d in lingua cimbra dei tredici comuni veronesi, del Sig. Andrea Oxilia, con la seguente motivazione: \u201cLa Giuria ha trovato la motivazione nei versi della poesia dove il poeta scrive: \u201c\u2026perch\u00e9 anche una lingua silente che dorme nel <\/strong><strong>giaciglio che nessuno vede pu\u00f2 nel sonno parlare\u2026\u201d e la Giuria ha saputo ascoltare questa lingua, che seppur cos\u00ec flebile ha profondamente emozionato e riscosso unanime consenso\u201d.<\/strong><\/p>\n<p><strong> Infine le poesie segnalate dalla Giuria e a cui \u00e8 andato il diploma di merito sono state cinque: &#8211; la poesia \u201cOjada\u201d \u2013 \u201cSguardo\u201d in lingua sarda, variante logudorese, del Sig. Luigi Angeli; &#8211; la poesia \u201cLa mort m\u2019apart\u00e9n\u201d \u2013 \u201cLa morte mi appartiene\u201d in lingua catalana, variante algherese della Sig.ra Anna Cinzia Paolucci; &#8211; la poesia \u201cS\u00ebira\u201d \u2013 \u201cSera\u201d in lingua ladina, variante gardenese, della Sig.ra Nadia Rungger; &#8211; la poesia \u201cDoe vie\u201d \u2013 \u201cDue vite\u201d in lingua francoprovenzale, della Sig.ra Rouja Meynet; &#8211; la poesia \u201cDa rente la fontana\u201d \u2013 \u201cAccanto alla fontana\u201d in lingua ladina, variante cadorina, della Sig.ra Eliana Olivotto<\/strong>.<\/p><\/blockquote>\n<p><a class=\"dt-pswp-item\" href=\"http:\/\/www.radiopiu.net\/wordpress\/wp-content\/uploads\/2019\/09\/Irsara-2.jpg\" data-dt-img-description=\"\" data-large_image_width=\"2781\" data-large_image_height=\"1973\"><img loading=\"lazy\" decoding=\"async\" class=\"alignnone wp-image-99684\" src=\"http:\/\/www.radiopiu.net\/wordpress\/wp-content\/uploads\/2019\/09\/Irsara-2-300x213.jpg\" alt=\"\" width=\"206\" height=\"146\" srcset=\"https:\/\/www.radiopiu.net\/wordpress\/wp-content\/uploads\/2019\/09\/Irsara-2-300x213.jpg 300w, https:\/\/www.radiopiu.net\/wordpress\/wp-content\/uploads\/2019\/09\/Irsara-2-768x545.jpg 768w, https:\/\/www.radiopiu.net\/wordpress\/wp-content\/uploads\/2019\/09\/Irsara-2-1024x726.jpg 1024w\" sizes=\"auto, (max-width: 206px) 100vw, 206px\" \/><\/a><a class=\"dt-pswp-item\" href=\"http:\/\/www.radiopiu.net\/wordpress\/wp-content\/uploads\/2019\/09\/Grones-4.jpg\" data-dt-img-description=\"\" data-large_image_width=\"1024\" data-large_image_height=\"670\"><img loading=\"lazy\" decoding=\"async\" class=\"alignnone wp-image-99685\" src=\"http:\/\/www.radiopiu.net\/wordpress\/wp-content\/uploads\/2019\/09\/Grones-4-300x196.jpg\" alt=\"\" width=\"227\" height=\"148\" srcset=\"https:\/\/www.radiopiu.net\/wordpress\/wp-content\/uploads\/2019\/09\/Grones-4-300x196.jpg 300w, https:\/\/www.radiopiu.net\/wordpress\/wp-content\/uploads\/2019\/09\/Grones-4-768x503.jpg 768w, https:\/\/www.radiopiu.net\/wordpress\/wp-content\/uploads\/2019\/09\/Grones-4.jpg 1024w\" sizes=\"auto, (max-width: 227px) 100vw, 227px\" \/><\/a><a class=\"dt-pswp-item\" href=\"http:\/\/www.radiopiu.net\/wordpress\/wp-content\/uploads\/2019\/09\/Grones-1.jpg\" data-dt-img-description=\"\" data-large_image_width=\"1562\" data-large_image_height=\"2046\"><img loading=\"lazy\" decoding=\"async\" class=\"alignnone wp-image-99686\" src=\"http:\/\/www.radiopiu.net\/wordpress\/wp-content\/uploads\/2019\/09\/Grones-1-229x300.jpg\" alt=\"\" width=\"154\" height=\"202\" srcset=\"https:\/\/www.radiopiu.net\/wordpress\/wp-content\/uploads\/2019\/09\/Grones-1-229x300.jpg 229w, https:\/\/www.radiopiu.net\/wordpress\/wp-content\/uploads\/2019\/09\/Grones-1-768x1006.jpg 768w, https:\/\/www.radiopiu.net\/wordpress\/wp-content\/uploads\/2019\/09\/Grones-1-782x1024.jpg 782w, https:\/\/www.radiopiu.net\/wordpress\/wp-content\/uploads\/2019\/09\/Grones-1.jpg 1562w\" sizes=\"auto, (max-width: 154px) 100vw, 154px\" \/><\/a><\/p>\n<p>&nbsp;<\/p>\n<p>&nbsp;<\/p>\n<p>E\u2019 seguito poi un piccolo sketch teatrale in lingua ladina realizzato dai ragazzi che hanno partecipato alle attivit\u00e0 del centro estivo \u201cIst\u00e9 Ladin\u201d, che fin dalle sue origini dedica sempre una particolare attenzione alla cultura e alla lingua ladina. Le curatrici sono state Lucia Foppa, Anna Valcozzena, Isabella Marchione e la prof. De Bartolo. Il teatro \u00e8 stato sviluppato sulla storia scritta dal Maestro Sergio Masarei dal titolo \u201cLa Madal\u00ebna\u201d.<\/p>\n<p>In occasione dei 15 anni di fondazione sono state poi consegnate due targhe di riconoscimento a due politici che molto si sono spesi per la \u201ccausa ladina\u201d: \uf0b7 l\u2019ex assessore provinciale ladino della provincia autonoma di Bolzano-S\u00fcdtirol, Florian Mussner, del quale \u00e8 stato soprattutto ricordato il grande lavoro svolto per concedere ai comuni di Livinallongo, Colle Santa Lucia e Cortina d\u2019Ampezzo di avere un proprio rappresentante nell\u2019Euregio Tirolo-Sudtirolo- Trentino e per aver reso possibile il recupero e la realizzazione del bellissimo vestito ladino-fodom ora diventato divisa ufficiale dalla Banda da Fodom. \uf0b7 l\u2019ex assessore regionale ladino della regione autonoma Trentino-S\u00fcdtirol, Beppe Detom\u00e0s, che grazie alla legge regionale n.3 del 2018, ha reso possibile l\u2019adesione e il sostegno formale della Regione Trentino-S\u00fcdtirol all\u2019Istitut Cultural Ladin Cesa de Jan.<\/p>\n<p>La ricca serata si \u00e8 conclusa con un ringraziamento particolare agli ex-presidenti dell\u2019Istitut che si sono susseguiti in questi primi 15 anni: vale a dire Paolo Frena, Giovanni Pellegrini, Luca Agostini. Un particolare premio alla memoria \u00e8 stato riservato al prof. Vito Pallabazzer mancato dieci anni fa e anch\u2019egli ex Presidente dell\u2019Istitut: a lui \u00e8 stata dedicata una apposita \u201claudatio\u201d letta e scritta da Beatrice Colcuc in suo onore. La serata non poteva concludersi che con il canto all\u2019unisono dell\u2019inno fodom \u201cUla che la Marmolada\u201d, sulle note della tradizionale \u201cBozner March\u201d suonata dalla Banda da Fodom.<\/p>\n<p><a class=\"dt-pswp-item\" href=\"http:\/\/www.radiopiu.net\/wordpress\/wp-content\/uploads\/2019\/09\/Grones-3.jpg\" data-dt-img-description=\"\" data-large_image_width=\"2048\" data-large_image_height=\"1986\"><img loading=\"lazy\" decoding=\"async\" class=\"alignnone wp-image-99687\" src=\"http:\/\/www.radiopiu.net\/wordpress\/wp-content\/uploads\/2019\/09\/Grones-3-300x291.jpg\" alt=\"\" width=\"139\" height=\"135\" srcset=\"https:\/\/www.radiopiu.net\/wordpress\/wp-content\/uploads\/2019\/09\/Grones-3-300x291.jpg 300w, https:\/\/www.radiopiu.net\/wordpress\/wp-content\/uploads\/2019\/09\/Grones-3-768x745.jpg 768w, https:\/\/www.radiopiu.net\/wordpress\/wp-content\/uploads\/2019\/09\/Grones-3-1024x993.jpg 1024w, https:\/\/www.radiopiu.net\/wordpress\/wp-content\/uploads\/2019\/09\/Grones-3.jpg 2048w\" sizes=\"auto, (max-width: 139px) 100vw, 139px\" \/><\/a><a class=\"dt-pswp-item\" href=\"http:\/\/www.radiopiu.net\/wordpress\/wp-content\/uploads\/2019\/09\/Irsara-1.jpg\" data-dt-img-description=\"\" data-large_image_width=\"2700\" data-large_image_height=\"1800\"><img loading=\"lazy\" decoding=\"async\" class=\"alignnone wp-image-99688\" src=\"http:\/\/www.radiopiu.net\/wordpress\/wp-content\/uploads\/2019\/09\/Irsara-1-300x200.jpg\" alt=\"\" width=\"204\" height=\"136\" srcset=\"https:\/\/www.radiopiu.net\/wordpress\/wp-content\/uploads\/2019\/09\/Irsara-1-300x200.jpg 300w, https:\/\/www.radiopiu.net\/wordpress\/wp-content\/uploads\/2019\/09\/Irsara-1-768x512.jpg 768w, https:\/\/www.radiopiu.net\/wordpress\/wp-content\/uploads\/2019\/09\/Irsara-1-1024x683.jpg 1024w\" sizes=\"auto, (max-width: 204px) 100vw, 204px\" \/><\/a><a class=\"dt-pswp-item\" href=\"http:\/\/www.radiopiu.net\/wordpress\/wp-content\/uploads\/2019\/09\/Irsara-3.jpg\" data-dt-img-description=\"\" data-large_image_width=\"2250\" data-large_image_height=\"1500\"><img loading=\"lazy\" decoding=\"async\" class=\"alignnone wp-image-99689\" src=\"http:\/\/www.radiopiu.net\/wordpress\/wp-content\/uploads\/2019\/09\/Irsara-3-300x200.jpg\" alt=\"\" width=\"201\" height=\"134\" srcset=\"https:\/\/www.radiopiu.net\/wordpress\/wp-content\/uploads\/2019\/09\/Irsara-3-300x200.jpg 300w, https:\/\/www.radiopiu.net\/wordpress\/wp-content\/uploads\/2019\/09\/Irsara-3-768x512.jpg 768w, https:\/\/www.radiopiu.net\/wordpress\/wp-content\/uploads\/2019\/09\/Irsara-3-1024x683.jpg 1024w\" sizes=\"auto, (max-width: 201px) 100vw, 201px\" \/><\/a><\/p>\n<p>&nbsp;<\/p>\n<p>&nbsp;<\/p>\n<p>&nbsp;<\/p>\n<p>&nbsp;<\/p>\n","protected":false},"excerpt":{"rendered":"<p>LIVINALLONGO Sabato nella Sala Congressi di Arabba, gremita come nelle grandi occasioni, si \u00e8 conclusa la X\u00aa edizione del Concorso Nazionale di Poesia per le lingue minoritarie \u201cMendr\u00e1nze n Poejia\u201d. Il concorso era stato ideato nel 2005 dalla compianta maestra Teresa Pezzei, allora assessore del Comune di Livinallongo del Col di Lana, con l\u2019intenzione di&hellip;<\/p>\n","protected":false},"author":1,"featured_media":99687,"comment_status":"closed","ping_status":"closed","sticky":false,"template":"","format":"standard","meta":{"_monsterinsights_skip_tracking":false,"_monsterinsights_sitenote_active":false,"_monsterinsights_sitenote_note":"","_monsterinsights_sitenote_category":0,"footnotes":""},"categories":[49],"tags":[],"class_list":["post-99680","post","type-post","status-publish","format-standard","has-post-thumbnail","hentry","category-news-18","category-49","description-off"],"img_url":"https:\/\/www.radiopiu.net\/wordpress\/wp-content\/uploads\/2019\/09\/Grones-3.jpg","_links":{"self":[{"href":"https:\/\/www.radiopiu.net\/wordpress\/wp-json\/wp\/v2\/posts\/99680","targetHints":{"allow":["GET"]}}],"collection":[{"href":"https:\/\/www.radiopiu.net\/wordpress\/wp-json\/wp\/v2\/posts"}],"about":[{"href":"https:\/\/www.radiopiu.net\/wordpress\/wp-json\/wp\/v2\/types\/post"}],"author":[{"embeddable":true,"href":"https:\/\/www.radiopiu.net\/wordpress\/wp-json\/wp\/v2\/users\/1"}],"replies":[{"embeddable":true,"href":"https:\/\/www.radiopiu.net\/wordpress\/wp-json\/wp\/v2\/comments?post=99680"}],"version-history":[{"count":0,"href":"https:\/\/www.radiopiu.net\/wordpress\/wp-json\/wp\/v2\/posts\/99680\/revisions"}],"wp:featuredmedia":[{"embeddable":true,"href":"https:\/\/www.radiopiu.net\/wordpress\/wp-json\/wp\/v2\/media\/99687"}],"wp:attachment":[{"href":"https:\/\/www.radiopiu.net\/wordpress\/wp-json\/wp\/v2\/media?parent=99680"}],"wp:term":[{"taxonomy":"category","embeddable":true,"href":"https:\/\/www.radiopiu.net\/wordpress\/wp-json\/wp\/v2\/categories?post=99680"},{"taxonomy":"post_tag","embeddable":true,"href":"https:\/\/www.radiopiu.net\/wordpress\/wp-json\/wp\/v2\/tags?post=99680"}],"curies":[{"name":"wp","href":"https:\/\/api.w.org\/{rel}","templated":true}]}}