{"id":99724,"date":"2019-09-24T05:30:26","date_gmt":"2019-09-24T03:30:26","guid":{"rendered":"http:\/\/www.radiopiu.net\/wordpress\/?p=99724"},"modified":"2019-09-24T08:19:34","modified_gmt":"2019-09-24T06:19:34","slug":"a-proposito-di-agordo-paradiso-scollegato-dalla-popolazione","status":"publish","type":"post","link":"https:\/\/www.radiopiu.net\/wordpress\/a-proposito-di-agordo-paradiso-scollegato-dalla-popolazione\/","title":{"rendered":"A PROPOSITO DI AGORDO, PARADISO SCOLLEGATO DALLA POPOLAZIONE"},"content":{"rendered":"<p><strong>AGORDO<\/strong> Dopo i nostri servizi di ieri ci \u00e8 stata recapitata questa lettera firmata che volentieri pubblichiamo<\/p>\n<blockquote><p><a class=\"dt-pswp-item\" href=\"http:\/\/www.radiopiu.net\/wordpress\/wp-content\/uploads\/2019\/06\/21097-festa-agordo.jpg\" data-dt-img-description=\"\" data-large_image_width=\"450\" data-large_image_height=\"299\"><img loading=\"lazy\" decoding=\"async\" class=\"size-medium wp-image-89436 alignleft\" src=\"http:\/\/www.radiopiu.net\/wordpress\/wp-content\/uploads\/2019\/06\/21097-festa-agordo-300x199.jpg\" alt=\"\" width=\"300\" height=\"199\" srcset=\"https:\/\/www.radiopiu.net\/wordpress\/wp-content\/uploads\/2019\/06\/21097-festa-agordo-300x199.jpg 300w, https:\/\/www.radiopiu.net\/wordpress\/wp-content\/uploads\/2019\/06\/21097-festa-agordo.jpg 450w\" sizes=\"auto, (max-width: 300px) 100vw, 300px\" \/><\/a>A proposito di Agordo dentro e fuori dai social . Vedo questo paese come un angolo di paradiso ma scollegato dalla popolazione, gli agordini sono bravi nelle emergenze ma hanno un bello strato di invidia sociale e propensione alla polemica, meno alla soluzione dei problemi, sono offensiva? Forse franca. Quello che non \u00e8 \u201crisolvibile\u201d (disagio cani sciolti furti ecc) \u00e8 demandato mille volte perch\u00e8 nessuno si prende \u201cle responsabilit\u00e0\u201d o \u201cnon ha la competenza\u201d, ce la incartiamo invece andare in prefettura in massa. Siamo sempre pi\u00f9 connessi e sempre pi\u00f9 distanti ma non sar\u00e0 il bar o la piazza a unirci, ma l&#8217;amicizia, l\u2019orgoglio di appartenere a un luogo in cui per generazioni si \u00e8 lottato per vivere ma non ce ne ricordiamo pi\u00f9\u2026Sono le idee che nei momenti di crisi sollevano l\u2019economia ma se ne vedono poche. Dovrebbero averne i giovani? Gli interessa ? Sembra di no, non si sa. Agordo \u00e8 un paese per vecchi? Possiamo farne \u201cun\u2019idea\u201d? Che possa diventare un\u2019eccellenza nell\u2019ospitalit\u00e0 della terza et\u00e0, con un polo sanitario specializzato in geriatria e sulla longevit\u00e0? Con una comunit\u00e0 di assistenza che preveda l\u2019accoglienza di persone ancora autosufficienti che frequentino una universit\u00e0 per anziani? Pu\u00f2 essere che nella bottega di montagna si offra il prodotto tipico e un servizio di assistenza digitale? Visto che ad es tutta la pubblica amministrazione e i servizi stanno viaggiando sui media digitali ignorando la capacit\u00e0 degli anziani di fare le cose da soli? E il turismo? Chi di noi \u201cama\u201d i turisti? Li sentite i commenti nei supermercati in agosto? Agordo invidia e inneggia al rigore del Trentino ma poi in pochi si chinano a raccogliere una cartaccia, pochissimi eroi si chinano a raccogliere una siringa pericolosa per i figli aspettando \u201cchi di dovere\u201d, un ritornello velenoso che ha castrato l&#8217;iniziativa del singolo e sgrava la responsabilit\u00e0 della collettivit\u00e0. Che TIPO di turismo vogliamo e cosa possiamo offrire?\u2026.aspettiamo di avere le strutture? Abbiamo soldi? Possiamo essere accoglienti volere un turismo non di massa rispettoso, ambientalista che cerchi la pace e una vacanza un po\u2019 spartana ma genuina? Pu\u00f2 essere\u2026vedete cosa \u00e8 successo con l\u2019esperimento sulla vacanza disconnessa che ha proposto Dolomites Maadness, un indicatore fondamentale su cosa si possa proporre in agordino e ad Agordo che ne \u00e8 la porta. C\u2019\u00e8 tutta una comunit\u00e0 che sta andando in cortocircuito, tra il panico dello spopolamento, l\u2019inedia della pubblica amministrazione, il lavoro a singhiozzo, un contesto semi rurale che si ama e si odia ma soprattutto non si conosce. Dovremmo chiarirci le idee su COSA vogliamo e aiutare chi idee ne ha e non le esprime per non essere deriso o peggio boicottato.Nella storia dell\u2019agordino chi ha avuto successo viene sempre da fuori, facciamoci delle domande, le risposte le abbiamo sotto gli occhi. Aiutiamo chi vuole fare, critichiamo un po\u2019 meno, facciamo le gare a chi \u00e8 pi\u00f9 bravo non a chi demolisce pi\u00f9 in fretta con un odioso sarcasmo le iniziative del prossimo, e soprattutto se nei fatti non stiamo facendo nulla\u2026evitiamo di demolire l\u2019autostima delle persone e di un paese intero. (Iliana Comina)<\/p><\/blockquote>\n","protected":false},"excerpt":{"rendered":"<p>AGORDO Dopo i nostri servizi di ieri ci \u00e8 stata recapitata questa lettera firmata che volentieri pubblichiamo A proposito di Agordo dentro e fuori dai social . Vedo questo paese come un angolo di paradiso ma scollegato dalla popolazione, gli agordini sono bravi nelle emergenze ma hanno un bello strato di invidia sociale e propensione&hellip;<\/p>\n","protected":false},"author":1,"featured_media":82483,"comment_status":"closed","ping_status":"closed","sticky":false,"template":"","format":"standard","meta":{"_monsterinsights_skip_tracking":false,"_monsterinsights_sitenote_active":false,"_monsterinsights_sitenote_note":"","_monsterinsights_sitenote_category":0,"footnotes":""},"categories":[103,49],"tags":[],"class_list":["post-99724","post","type-post","status-publish","format-standard","has-post-thumbnail","hentry","category-evidenza_2","category-news-18","category-103","category-49","description-off"],"img_url":"https:\/\/www.radiopiu.net\/wordpress\/wp-content\/uploads\/2019\/04\/agordo-3.jpeg","_links":{"self":[{"href":"https:\/\/www.radiopiu.net\/wordpress\/wp-json\/wp\/v2\/posts\/99724","targetHints":{"allow":["GET"]}}],"collection":[{"href":"https:\/\/www.radiopiu.net\/wordpress\/wp-json\/wp\/v2\/posts"}],"about":[{"href":"https:\/\/www.radiopiu.net\/wordpress\/wp-json\/wp\/v2\/types\/post"}],"author":[{"embeddable":true,"href":"https:\/\/www.radiopiu.net\/wordpress\/wp-json\/wp\/v2\/users\/1"}],"replies":[{"embeddable":true,"href":"https:\/\/www.radiopiu.net\/wordpress\/wp-json\/wp\/v2\/comments?post=99724"}],"version-history":[{"count":0,"href":"https:\/\/www.radiopiu.net\/wordpress\/wp-json\/wp\/v2\/posts\/99724\/revisions"}],"wp:featuredmedia":[{"embeddable":true,"href":"https:\/\/www.radiopiu.net\/wordpress\/wp-json\/wp\/v2\/media\/82483"}],"wp:attachment":[{"href":"https:\/\/www.radiopiu.net\/wordpress\/wp-json\/wp\/v2\/media?parent=99724"}],"wp:term":[{"taxonomy":"category","embeddable":true,"href":"https:\/\/www.radiopiu.net\/wordpress\/wp-json\/wp\/v2\/categories?post=99724"},{"taxonomy":"post_tag","embeddable":true,"href":"https:\/\/www.radiopiu.net\/wordpress\/wp-json\/wp\/v2\/tags?post=99724"}],"curies":[{"name":"wp","href":"https:\/\/api.w.org\/{rel}","templated":true}]}}