{"id":99781,"date":"2019-09-24T14:57:29","date_gmt":"2019-09-24T12:57:29","guid":{"rendered":"http:\/\/www.radiopiu.net\/wordpress\/?p=99781"},"modified":"2019-09-24T15:20:52","modified_gmt":"2019-09-24T13:20:52","slug":"lettera-al-ministro-boccia-presto-un-incontro","status":"publish","type":"post","link":"https:\/\/www.radiopiu.net\/wordpress\/lettera-al-ministro-boccia-presto-un-incontro\/","title":{"rendered":"LETTERA AL MINISTRO BOCCIA  \u00abPRESTO UN INCONTRO\u00bb"},"content":{"rendered":"<p align=\"LEFT\"><span style=\"color: #000000;\"><span style=\"font-family: Arial, sans-serif;\"><span style=\"font-size: large;\"><a class=\"dt-pswp-item\" href=\"http:\/\/www.radiopiu.net\/wordpress\/wp-content\/uploads\/2019\/09\/Andrea-Bona.jpg\" data-dt-img-description=\"\" data-large_image_width=\"1365\" data-large_image_height=\"1079\"><img loading=\"lazy\" decoding=\"async\" class=\"size-medium wp-image-99783 alignleft\" src=\"http:\/\/www.radiopiu.net\/wordpress\/wp-content\/uploads\/2019\/09\/Andrea-Bona-300x237.jpg\" alt=\"\" width=\"300\" height=\"237\" srcset=\"https:\/\/www.radiopiu.net\/wordpress\/wp-content\/uploads\/2019\/09\/Andrea-Bona-300x237.jpg 300w, https:\/\/www.radiopiu.net\/wordpress\/wp-content\/uploads\/2019\/09\/Andrea-Bona-768x607.jpg 768w, https:\/\/www.radiopiu.net\/wordpress\/wp-content\/uploads\/2019\/09\/Andrea-Bona-1024x809.jpg 1024w, https:\/\/www.radiopiu.net\/wordpress\/wp-content\/uploads\/2019\/09\/Andrea-Bona.jpg 1365w\" sizes=\"auto, (max-width: 300px) 100vw, 300px\" \/><\/a>\u00abAl pi\u00f9 presto incontreremo il Ministro per gli affari regionali e le autonomie, Francesco Boccia, e ribadiremo le necessit\u00e0 del Bellunese e la richiesta di rispetto del patto siglato nel 2015\u00bb: questo l&#8217;annuncio del presidente del movimento Belluno Autonoma Regione Dolomiti, Andrea Bona, dopo i contatti avuti con la segreteria del neo-ministro. <\/span><\/span><\/span><span style=\"color: #000000;\"><span style=\"font-family: Arial, sans-serif;\"><span style=\"font-size: large;\">\u00abNei giorni scorsi, in vista dell&#8217;incontro di ieri a Venezia tra il Ministro Boccia e il Presidente Zaia, abbiamo scritto al Ministro, illustrando l&#8217;attuale situazione della nostra provincia e dei nostri comuni, allegando anche il patto sottoscritto dal suo partito con il nostro movimento in occasione delle elezioni regionali del 2015\u00bb, sottolinea Bona. <\/span><\/span><\/span><span style=\"color: #000000;\"><span style=\"font-family: Arial, sans-serif;\"><span style=\"font-size: large;\">\u00abNella giornata di ieri, &#8211; aggiunge il presidente Bard \u2013 ho ricevuto la telefonata di Francesco Rana, capo di gabinetto del Ministro, che mi ha assicurato che Boccia ha preso visione dell&#8217;accordo e letto il documento, annunciandomi che al pi\u00f9 presto verremo convocati per un incontro. Da parte mia, oltre ai doverosi ringraziamenti, ho rimarcato l&#8217;urgenza di una risposta per il territorio bellunese ed ho evidenziato la forte presenza di minoranze linguistiche, oggi senza tutela. Attendiamo quindi una nuova telefonata da Roma: c&#8217;\u00e8 chi ci rappresenta e chi ha firmato quell&#8217;accordo che non si \u00e8 mosso e non vuole muoversi, noi andiamo avanti diritti verso i nostri obbiettivi, che sono autonomia e elettivit\u00e0 per la Provincia di Belluno\u00bb..<\/span><\/span><\/span><\/p>\n<p align=\"LEFT\"><span style=\"color: #000000;\"><span style=\"font-family: Arial, sans-serif;\"><span style=\"font-size: large;\"><i>\u00a0la lettera inviata al Ministro Boccia e, per conoscenza, al Ministro D&#8217;Inc\u00e0 e la copia dell&#8217;accordo firmato nel 2015.<\/i><\/span><\/span><\/span><\/p>\n<p align=\"LEFT\"><div class=\"su-document su-u-responsive-media-yes\"><iframe loading=\"lazy\" src=\"\/\/docs.google.com\/viewer?embedded=true&url=http:\/\/www.radiopiu.net\/wordpress\/wp-content\/uploads\/2019\/09\/Lettera-Ministro.pdf\" width=\"320\" height=\"340\" class=\"su-document\" title=\"\"><\/iframe><\/div>\n<p align=\"LEFT\"><span style=\"color: #000000;\"><span style=\"font-family: Arial, sans-serif;\"><span style=\"font-size: large;\"><i>l&#8217;accordo Bard &#8211; Partito Democratico-Elezioni regionali 2015<\/i><\/span><\/span><\/span><\/p>\n<p align=\"LEFT\"><div class=\"su-document su-u-responsive-media-yes\"><iframe loading=\"lazy\" src=\"\/\/docs.google.com\/viewer?embedded=true&url=http:\/\/www.radiopiu.net\/wordpress\/wp-content\/uploads\/2019\/09\/Accordo-BARD-Partito-Democratico-Elezioni-regionali-2015-1.pdf\" width=\"320\" height=\"340\" class=\"su-document\" title=\"\"><\/iframe><\/div>\n<p align=\"LEFT\">\n","protected":false},"excerpt":{"rendered":"<p>\u00abAl pi\u00f9 presto incontreremo il Ministro per gli affari regionali e le autonomie, Francesco Boccia, e ribadiremo le necessit\u00e0 del Bellunese e la richiesta di rispetto del patto siglato nel 2015\u00bb: questo l&#8217;annuncio del presidente del movimento Belluno Autonoma Regione Dolomiti, Andrea Bona, dopo i contatti avuti con la segreteria del neo-ministro. \u00abNei giorni scorsi,&hellip;<\/p>\n","protected":false},"author":1,"featured_media":99783,"comment_status":"closed","ping_status":"closed","sticky":false,"template":"","format":"standard","meta":{"_monsterinsights_skip_tracking":false,"_monsterinsights_sitenote_active":false,"_monsterinsights_sitenote_note":"","_monsterinsights_sitenote_category":0,"footnotes":""},"categories":[49],"tags":[],"class_list":["post-99781","post","type-post","status-publish","format-standard","has-post-thumbnail","hentry","category-news-18","category-49","description-off"],"img_url":"https:\/\/www.radiopiu.net\/wordpress\/wp-content\/uploads\/2019\/09\/Andrea-Bona.jpg","_links":{"self":[{"href":"https:\/\/www.radiopiu.net\/wordpress\/wp-json\/wp\/v2\/posts\/99781","targetHints":{"allow":["GET"]}}],"collection":[{"href":"https:\/\/www.radiopiu.net\/wordpress\/wp-json\/wp\/v2\/posts"}],"about":[{"href":"https:\/\/www.radiopiu.net\/wordpress\/wp-json\/wp\/v2\/types\/post"}],"author":[{"embeddable":true,"href":"https:\/\/www.radiopiu.net\/wordpress\/wp-json\/wp\/v2\/users\/1"}],"replies":[{"embeddable":true,"href":"https:\/\/www.radiopiu.net\/wordpress\/wp-json\/wp\/v2\/comments?post=99781"}],"version-history":[{"count":0,"href":"https:\/\/www.radiopiu.net\/wordpress\/wp-json\/wp\/v2\/posts\/99781\/revisions"}],"wp:featuredmedia":[{"embeddable":true,"href":"https:\/\/www.radiopiu.net\/wordpress\/wp-json\/wp\/v2\/media\/99783"}],"wp:attachment":[{"href":"https:\/\/www.radiopiu.net\/wordpress\/wp-json\/wp\/v2\/media?parent=99781"}],"wp:term":[{"taxonomy":"category","embeddable":true,"href":"https:\/\/www.radiopiu.net\/wordpress\/wp-json\/wp\/v2\/categories?post=99781"},{"taxonomy":"post_tag","embeddable":true,"href":"https:\/\/www.radiopiu.net\/wordpress\/wp-json\/wp\/v2\/tags?post=99781"}],"curies":[{"name":"wp","href":"https:\/\/api.w.org\/{rel}","templated":true}]}}