{"id":99823,"date":"2019-09-24T23:58:43","date_gmt":"2019-09-24T21:58:43","guid":{"rendered":"http:\/\/www.radiopiu.net\/wordpress\/?p=99823"},"modified":"2019-09-25T05:57:16","modified_gmt":"2019-09-25T03:57:16","slug":"a-san-tomaso-si-ricorda-manuel-costa-e-sebastiano-vattai","status":"publish","type":"post","link":"https:\/\/www.radiopiu.net\/wordpress\/a-san-tomaso-si-ricorda-manuel-costa-e-sebastiano-vattai\/","title":{"rendered":"A SAN TOMASO SI RICORDA MANUEL COSTA E SEBASTIANO VATTAI"},"content":{"rendered":"<p><a class=\"dt-pswp-item\" href=\"http:\/\/www.radiopiu.net\/wordpress\/wp-content\/uploads\/2019\/09\/MANIFESTO-TORNEO-MANULE-SAN-TOMASO.jpg\" data-dt-img-description=\"\" data-large_image_width=\"1465\" data-large_image_height=\"2048\"><img loading=\"lazy\" decoding=\"async\" class=\"size-medium wp-image-99824 alignleft\" src=\"http:\/\/www.radiopiu.net\/wordpress\/wp-content\/uploads\/2019\/09\/MANIFESTO-TORNEO-MANULE-SAN-TOMASO-215x300.jpg\" alt=\"\" width=\"215\" height=\"300\" srcset=\"https:\/\/www.radiopiu.net\/wordpress\/wp-content\/uploads\/2019\/09\/MANIFESTO-TORNEO-MANULE-SAN-TOMASO-215x300.jpg 215w, https:\/\/www.radiopiu.net\/wordpress\/wp-content\/uploads\/2019\/09\/MANIFESTO-TORNEO-MANULE-SAN-TOMASO-768x1074.jpg 768w, https:\/\/www.radiopiu.net\/wordpress\/wp-content\/uploads\/2019\/09\/MANIFESTO-TORNEO-MANULE-SAN-TOMASO-733x1024.jpg 733w, https:\/\/www.radiopiu.net\/wordpress\/wp-content\/uploads\/2019\/09\/MANIFESTO-TORNEO-MANULE-SAN-TOMASO.jpg 1465w\" sizes=\"auto, (max-width: 215px) 100vw, 215px\" \/><\/a>Ritorna l&#8217;appuntamento annuale con il calcio a 5 a San Tomaso Agordino. Per la terza volta consecutiva viene giocato all&#8217;Arena1082 il torneo organizzato dalle Nuove Leve MC e gli amici di Manuel Costa. Venerd\u00ec, sabato e domenica \u00e8 in programma \u201cIn campo sulle ali di un angelo\u201d, il torneo di calcetto maschile e femminile arrivato alla terza. In ambito maschile il Memorial \u00e8 dedicato a Manuel Costa ed inizier\u00e0 venerd\u00ec sera con le prime partite di qualificazione. 8 le squadre iscritte al torneo che si sfideranno per aggiudicarsi la fase finale in programma domenica pomeriggio con la finalissima prevista alle ore 18. In ambito femminile si giocher\u00e0 il Memorial Sebastiano Vattai con 3 squadre iscritte che nella mattinata di domenica si scontreranno a vicenda. Le due migliori si sfideranno nella finalissima delle ore 17.<\/p>\n","protected":false},"excerpt":{"rendered":"<p>Ritorna l&#8217;appuntamento annuale con il calcio a 5 a San Tomaso Agordino. Per la terza volta consecutiva viene giocato all&#8217;Arena1082 il torneo organizzato dalle Nuove Leve MC e gli amici di Manuel Costa. Venerd\u00ec, sabato e domenica \u00e8 in programma \u201cIn campo sulle ali di un angelo\u201d, il torneo di calcetto maschile e femminile arrivato&hellip;<\/p>\n","protected":false},"author":4,"featured_media":99824,"comment_status":"closed","ping_status":"closed","sticky":false,"template":"","format":"standard","meta":{"_monsterinsights_skip_tracking":false,"_monsterinsights_sitenote_active":false,"_monsterinsights_sitenote_note":"","_monsterinsights_sitenote_category":0,"footnotes":""},"categories":[49,72],"tags":[],"class_list":["post-99823","post","type-post","status-publish","format-standard","has-post-thumbnail","hentry","category-news-18","category-sport","category-49","category-72","description-off"],"img_url":"https:\/\/www.radiopiu.net\/wordpress\/wp-content\/uploads\/2019\/09\/MANIFESTO-TORNEO-MANULE-SAN-TOMASO.jpg","_links":{"self":[{"href":"https:\/\/www.radiopiu.net\/wordpress\/wp-json\/wp\/v2\/posts\/99823","targetHints":{"allow":["GET"]}}],"collection":[{"href":"https:\/\/www.radiopiu.net\/wordpress\/wp-json\/wp\/v2\/posts"}],"about":[{"href":"https:\/\/www.radiopiu.net\/wordpress\/wp-json\/wp\/v2\/types\/post"}],"author":[{"embeddable":true,"href":"https:\/\/www.radiopiu.net\/wordpress\/wp-json\/wp\/v2\/users\/4"}],"replies":[{"embeddable":true,"href":"https:\/\/www.radiopiu.net\/wordpress\/wp-json\/wp\/v2\/comments?post=99823"}],"version-history":[{"count":0,"href":"https:\/\/www.radiopiu.net\/wordpress\/wp-json\/wp\/v2\/posts\/99823\/revisions"}],"wp:featuredmedia":[{"embeddable":true,"href":"https:\/\/www.radiopiu.net\/wordpress\/wp-json\/wp\/v2\/media\/99824"}],"wp:attachment":[{"href":"https:\/\/www.radiopiu.net\/wordpress\/wp-json\/wp\/v2\/media?parent=99823"}],"wp:term":[{"taxonomy":"category","embeddable":true,"href":"https:\/\/www.radiopiu.net\/wordpress\/wp-json\/wp\/v2\/categories?post=99823"},{"taxonomy":"post_tag","embeddable":true,"href":"https:\/\/www.radiopiu.net\/wordpress\/wp-json\/wp\/v2\/tags?post=99823"}],"curies":[{"name":"wp","href":"https:\/\/api.w.org\/{rel}","templated":true}]}}