{"id":99913,"date":"2019-09-26T05:51:11","date_gmt":"2019-09-26T03:51:11","guid":{"rendered":"http:\/\/www.radiopiu.net\/wordpress\/?p=99913"},"modified":"2019-09-26T12:32:21","modified_gmt":"2019-09-26T10:32:21","slug":"giornale-radiopiu-26-settembre-2019-direttore-mirko-mezzacasa","status":"publish","type":"post","link":"https:\/\/www.radiopiu.net\/wordpress\/giornale-radiopiu-26-settembre-2019-direttore-mirko-mezzacasa\/","title":{"rendered":"GIORNALE RADIOPIU 26 SETTEMBRE 2019 DIRETTORE MIRKO MEZZACASA"},"content":{"rendered":"<p>&nbsp;<\/p>\n<p>&nbsp;<\/p>\n<p>&nbsp;<\/p>\n<blockquote><p><strong>Da ieri pomeriggio, fin dalla prima notizia della scomparsa di Massimiliano Max Pachner abbiamo impostato una pagina di ricordi e messaggi di cordoglio in continuo aggiornamento. La riproponiamo in questo notiziario con un messaggio di cordoglio alla famiglia dell&#8217; amminstratore sappadino.<\/strong><\/p><\/blockquote>\n<blockquote class=\"wp-embedded-content\" data-secret=\"CHPTIzcjku\"><p><a href=\"https:\/\/www.radiopiu.net\/wordpress\/e-morto-max-pachner\/\">E&#8217; MORTO MAX PACHNER<\/a><\/p><\/blockquote>\n<p><iframe loading=\"lazy\" title=\"&#8220;E&#8217; MORTO MAX PACHNER&#8221; &#8212; Radio Pi\u00f9\" class=\"wp-embedded-content\" sandbox=\"allow-scripts\" security=\"restricted\" style=\"position: absolute; clip: rect(1px, 1px, 1px, 1px);\" src=\"https:\/\/www.radiopiu.net\/wordpress\/e-morto-max-pachner\/embed\/#?secret=CHPTIzcjku\" data-secret=\"CHPTIzcjku\" width=\"600\" height=\"338\" frameborder=\"0\" marginwidth=\"0\" marginheight=\"0\" scrolling=\"no\"><\/iframe><\/p>\n<p>&nbsp;<\/p>\n<p>&nbsp;<\/p>\n<p>&nbsp;<\/p>\n<h3>DALLA PAGINA FACEBOOK DI DOLOMITICI:\u00a0 FORZA GIACOMO ZARDINI<\/h3>\n<p><strong>BELLUNO<\/strong> C&#8217;\u00e8 un popolo Dolomitico che fa il tifo per Giacomo la scorsa settimana vittima di un grave incidente in parete. Riportiamo il messaggio del 23 settembre a firma dei familiari:<\/p>\n<blockquote><p><em><a class=\"dt-pswp-item\" href=\"http:\/\/www.radiopiu.net\/wordpress\/wp-content\/uploads\/2019\/09\/42984084_2294837037212163_5729061828231692288_n.jpg\" data-dt-img-description=\"\" data-large_image_width=\"720\" data-large_image_height=\"726\"><img loading=\"lazy\" decoding=\"async\" class=\" wp-image-99999 alignleft\" src=\"http:\/\/www.radiopiu.net\/wordpress\/wp-content\/uploads\/2019\/09\/42984084_2294837037212163_5729061828231692288_n-298x300.jpg\" alt=\"\" width=\"238\" height=\"240\" srcset=\"https:\/\/www.radiopiu.net\/wordpress\/wp-content\/uploads\/2019\/09\/42984084_2294837037212163_5729061828231692288_n-298x300.jpg 298w, https:\/\/www.radiopiu.net\/wordpress\/wp-content\/uploads\/2019\/09\/42984084_2294837037212163_5729061828231692288_n-150x150.jpg 150w, https:\/\/www.radiopiu.net\/wordpress\/wp-content\/uploads\/2019\/09\/42984084_2294837037212163_5729061828231692288_n.jpg 720w\" sizes=\"auto, (max-width: 238px) 100vw, 238px\" \/><\/a>&#8220;Siamo i fratelli e sorelle, ci permettiamo di scrivere qui, per indirizzare la vostra E=mc\u00b2 e la vostra positivit\u00e0 nei confronti di nostro fratello Jack. le sue condizioni sono stabili, \u00e8 intubato e fortemente sedato per evitare movimenti, <\/em><em>le fratture al bacino sx, al pube, alle costole dalla 6a alla 9a destra e sx, davanti e dietro allo sterno col tempo sono risolvibili destano preoccupazioni il coccige e le sacrali fratturate e la 11a e 12a vertebra ma sembra non ci sia lesione midollare (il midollo si riattacca ma il tessuto cicatrizzale non connette) una sofferenza polmonare per una perforazione ma soprattutto per i numerosi schiacciamenti ai polmoni fanno presumere un peggioramento ma verr\u00e0 controllato con i farmaci e con la ventilazione ausiliaria verr\u00e0 operato il prima possibile per ridurre la frattura alle vertebre e per stabilizzare la colonna. sembra un referto medico fatto da un ke no s\u00e0 come non so la dinamica dell&#8217;incidente, ce la racconter\u00e0 lui quando si riprender\u00e0; &#8230; ma conoscendolo, rendendosi conto, nella caduta da 20 metri, ha radunato le forze tentando di gestire l&#8217;impatto contraendo il suo fisico nell&#8217;estremo tentativo di salvarsi&#8230; bhe sembra che la sua caparbiet\u00e0 e i suoi propositi e le anime buone che lo circondano abbiano avuto la meglio sulla morte. forza e corajo no te mancia&#8230; statin con nos\u00e7 , om bon ke on bisogn. Gramarz\u00e8 a dute a quelli che gli vogliono bene a quelli che leggendo queste parole riescono a riposare il cuore in affanno a quelli che gli rivolgono una preghiera a quelli che gli danno forza con la loro vicinanza e il loro pensiero.<\/em><\/p><\/blockquote>\n<p>&nbsp;<\/p>\n<p>&nbsp;<\/p>\n<h3>CHIUDE LA PROVINCIALE PER SAN TOMASO<\/h3>\n<p><strong>SAN TOMASO<\/strong> Veneto Strade informa che da\u00a0 domani e fino\u00a0 all&#8217;11 ottobre (sabato e festivi inclusi) tra le localit\u00e0 Pian Molin e Roi il traffico sar\u00e0 totalmente interdetto a tutti i veicoli per la posa di una condotta elettrica, l&#8217;interruzione lungo la provinciale 8 al chilometro 6 per un tratto di 340 metri.<\/p>\n<p>&nbsp;<\/p>\n<p>&nbsp;<\/p>\n<p><strong>SELVA DI CADORE. Nelle localit\u00e0 S.FOSCA, COSTA, ZANUOL, MARIN, CERNADOI, TRONCH, FRANCESCHIN, BERNART ,GIACOMOLONGO \u00e8 prevista la\u00a0 chiusura dell&#8217;acqua per oggi\u00a0 dalle 13 alle 18.30 per lavori.<\/strong><\/p>\n<p>&nbsp;<\/p>\n<blockquote><p>&nbsp;<\/p>\n<p>ACQUA INQUINATA A SAN TOMASO <strong>LOCALITA&#8217; PECOL E PIAIA\u00a0<\/strong><\/p><\/blockquote>\n<p>&nbsp;<\/p>\n<p>&nbsp;<\/p>\n<p>&nbsp;<\/p>\n<h2>EssilorLuxottica, posizionamento unico per trasformare e accelerare lo sviluppo del settore<\/h2>\n<blockquote><p><em>\u00a0Processo di integrazione ben avviato con progressi in diverse aree di attivit\u00e0. Intraprese le prime iniziative per la definizione del nuovo Gruppo integrato.\u00a0 Crescita dei ricavi mid-single digit nel lungo periodo, escludendo l\u2019effetto cambi e l\u2019impatto di eventuali acquisizioni strategiche, grazie ad una crescita equilibrata in tutte le aree geografiche e di business e a un contributo crescente dalle attivit\u00e0 Direct-to-Consumer e dai mercati in rapida crescita.\u00a0 \u25cf L\u2019utile netto\u00a0 e l\u2019utile operativo sono attesi in crescita pi\u00f9 sostenuta rispetto alle vendite nel lungo periodo<\/em><\/p><\/blockquote>\n<p><strong>LONDRA<\/strong> \u00a0EssilorLuxottica, \u00a0ha ospitato\u00a0 il Capital Markets Day 2019 a Londra, presentando la sua visione strategica, i progressi dell&#8217;integrazione e le guideline finanziarie di lungo periodo.<\/p>\n<blockquote><p>&nbsp;<\/p>\n<p><a class=\"dt-pswp-item\" href=\"http:\/\/www.radiopiu.net\/wordpress\/wp-content\/uploads\/2019\/09\/Essilor-Luxottica-483-306-px.jpg\" data-dt-img-description=\"\" data-large_image_width=\"483\" data-large_image_height=\"306\"><img loading=\"lazy\" decoding=\"async\" class=\"size-medium wp-image-100030 alignleft\" src=\"http:\/\/www.radiopiu.net\/wordpress\/wp-content\/uploads\/2019\/09\/Essilor-Luxottica-483-306-px-300x190.jpg\" alt=\"LUX\" width=\"300\" height=\"190\" srcset=\"https:\/\/www.radiopiu.net\/wordpress\/wp-content\/uploads\/2019\/09\/Essilor-Luxottica-483-306-px-300x190.jpg 300w, https:\/\/www.radiopiu.net\/wordpress\/wp-content\/uploads\/2019\/09\/Essilor-Luxottica-483-306-px.jpg 483w\" sizes=\"auto, (max-width: 300px) 100vw, 300px\" \/><\/a><em>\u201cE\u2019 un momento fondamentale per EssilorLuxottica perch\u00e9 abbiamo delineato con successo la nostra strategia e avviato le prime azioni concrete a supporto del processo di integrazione. I gruppi di lavoro stanno lavorando bene insieme e siamo entusiasti per il nostro futuro e quello dell&#8217;intero settore&#8221;, ha commentato Francesco Milleri, Vice Presidente e Amministratore Delegato di Luxottica Group. \u201cSiamo felici di aver condiviso i primi passi della realizzazione di EssilorLuxottica, presentando la nostra visione strategica per il settore dell\u2019eyecare e dell\u2019eyewear, le nostre ultime innovazioni e un aggiornamento sui progressi dell\u2019integrazione. Quando vedo la dedizione, il talento e la competenza dei nostri team in tutto il mondo, cresce la mia fiducia nel futuro&#8221;.<\/em><\/p><\/blockquote>\n<p><em>&#8220;Insieme faremo grandi cose per aiutare miliardi di persone bisognose in tutto il mondo a vedere meglio\u201d, ha aggiunto Laurent Vacherot, Amministratore Delegato di Essilor International. Visione strategica Nella presentazione agli investitori, EssilorLuxottica ha illustrato la sua visione strategica per il futuro che, mettendo insieme i punti di forza di Essilor e Luxottica, aprir\u00e0 nuove opportunit\u00e0 di crescita e aiuter\u00e0 il Gruppo a raggiungere il suo obiettivo di \u201caiutare il mondo a vedere meglio, vivere meglio e godere appieno della vita\u201d.<\/em><\/p>\n<p>&nbsp;<\/p>\n<p>LEGGI L&#8217;ARTICOLO COMPLETO<\/p>\n<blockquote class=\"wp-embedded-content\" data-secret=\"zcVNBzsVWc\"><p><a href=\"http:\/\/www.radiopiu.net\/wordpress\/essilorluxottica-posizionamento-unico-per-trasformare-e-accelerare-lo-sviluppo-del-settore-delleyecare-e-delleyewear-attraverso-il-suo-modello-di-business-aperto\/\">EssilorLuxottica, posizionamento unico per trasformare e accelerare lo sviluppo del settore dell\u2019eyecare e dell\u2019eyewear attraverso il suo modello di business aperto.<\/a><\/p><\/blockquote>\n<p><iframe loading=\"lazy\" title=\"&#8220;EssilorLuxottica, posizionamento unico per trasformare e accelerare lo sviluppo del settore dell\u2019eyecare e dell\u2019eyewear attraverso il suo modello di business aperto.&#8221; &#8212; Radio Pi\u00f9\" class=\"wp-embedded-content\" sandbox=\"allow-scripts\" security=\"restricted\" style=\"position: absolute; clip: rect(1px, 1px, 1px, 1px);\" src=\"http:\/\/www.radiopiu.net\/wordpress\/essilorluxottica-posizionamento-unico-per-trasformare-e-accelerare-lo-sviluppo-del-settore-delleyecare-e-delleyewear-attraverso-il-suo-modello-di-business-aperto\/embed\/#?secret=zcVNBzsVWc\" data-secret=\"zcVNBzsVWc\" width=\"600\" height=\"338\" frameborder=\"0\" marginwidth=\"0\" marginheight=\"0\" scrolling=\"no\"><\/iframe><\/p>\n<p>&nbsp;<\/p>\n<p>&nbsp;<\/p>\n<h2><a class=\"dt-pswp-item\" href=\"http:\/\/www.radiopiu.net\/wordpress\/wp-content\/uploads\/2019\/09\/70590270_2443532019065129_5155266695840923648_n.jpg\" data-dt-img-description=\"\" data-large_image_width=\"960\" data-large_image_height=\"540\"><img loading=\"lazy\" decoding=\"async\" class=\"size-medium wp-image-100032 alignleft\" src=\"http:\/\/www.radiopiu.net\/wordpress\/wp-content\/uploads\/2019\/09\/70590270_2443532019065129_5155266695840923648_n-300x169.jpg\" alt=\"\" width=\"300\" height=\"169\" srcset=\"https:\/\/www.radiopiu.net\/wordpress\/wp-content\/uploads\/2019\/09\/70590270_2443532019065129_5155266695840923648_n-300x169.jpg 300w, https:\/\/www.radiopiu.net\/wordpress\/wp-content\/uploads\/2019\/09\/70590270_2443532019065129_5155266695840923648_n-768x432.jpg 768w, https:\/\/www.radiopiu.net\/wordpress\/wp-content\/uploads\/2019\/09\/70590270_2443532019065129_5155266695840923648_n.jpg 960w\" sizes=\"auto, (max-width: 300px) 100vw, 300px\" \/><\/a>CONTROCORRENTE, IL MONDO TURISTICO LOCALE\u00a0 NELLE MANI NEI GIOVANI<\/h2>\n<p><strong>VOLTAGO<\/strong>\u00a0 Complimenti per la coraggiosa scelta a due giovani agordini, Jacopo Da Campo della famiglia voltaghese e Diletta del Din di Taibon hanno tagliato il nastro del nuovo\u00a0 \u201cStella Alpina\u201d: Eccoli i due bellissimi giovani in tenuta\u00a0 Jager-bar: Quella dei Da Campo \u00e8 una storia che continua, gi\u00e0 Duilio nel 1983 lasci\u00f2 tutto per tornare a Voltago ed aprire un&#8217;attivit\u00e0 commerciale, un alimentari che ancora oggi garantisce un servizio indispensabile per chi vive in zona Poi e per i turisti. Due generazioni, due esempi importanti per il futuro sviluppo della Conca Agordina.<\/p>\n<p><strong>\u201cStella Alpina\u201d: <\/strong>\u00a0dopo la saletta-pizza\u00a0 completati i lavori di ristrutturazione anche del Jager bar.<em> &#8220;Ci \u00e8 voluto un bel po\u2019 di sano coraggi<span class=\"text_exposed_show\">o\/pazzia per continuare ad investire nella nostra piccola realt\u00e0. <\/span><\/em><span class=\"text_exposed_show\"><em>Comunque ora \u00e8 fatta e non ci rimane che sperare nella risposta dei clienti&#8230;&#8221;<\/em> Dicono Jacopo e Diletta aprendo le porte alla nuova attivit\u00e0, alla nuova avventura. In Bocca al Lupo ragazzi!!<\/span><\/p>\n<p>LA PAGINA FACEBOOK<\/p>\n<div id=\"fb-root\"><\/div>\n<p><script async=\"1\" defer=\"1\" crossorigin=\"anonymous\" src=\"https:\/\/connect.facebook.net\/it_IT\/sdk.js#xfbml=1&amp;version=v6.0\"><\/script><\/p>\n<div class=\"fb-post\" data-href=\"https:\/\/www.facebook.com\/ilario.dacampo\/posts\/2443539799064351\" data-width=\"750\">\n<blockquote cite=\"https:\/\/www.facebook.com\/ilario.dacampo\/posts\/2443539799064351\" class=\"fb-xfbml-parse-ignore\">\n<p>Voltago &#8211; \u201cStella Alpina\u201d: apertura oggi del nuovo Jager-bar affidata a Diletta e Jacopo<\/p>\n<p>Pubblicato da <a href=\"https:\/\/www.facebook.com\/ilario.dacampo\">Ilario Da Campo<\/a> su&nbsp;<a href=\"https:\/\/www.facebook.com\/ilario.dacampo\/posts\/2443539799064351\">Marted\u00ec 24 settembre 2019<\/a><\/p><\/blockquote>\n<\/div>\n<p>&nbsp;<\/p>\n<p>&nbsp;<\/p>\n<p>&nbsp;<\/p>\n<p>&nbsp;<\/p>\n<h3>LA SEQUENZA FOTOGRAFICA DEL GIORNO, CON LA COLLABORAZIONE DI TIZIANO DE COL<\/h3>\n<p><strong>LA VALLE<\/strong> Ieri abbiamo pubblicato dall&#8217;archivio di Claudio Pra l&#8217;equinozio autunnale sul &#8220;foro&#8221; del Civetta, anche questa \u00e8 una bella storia. Sequenza di immagini rappresentanti il levare del sole nei giorni dell&#8217;equinozio di primavera ed in quello d&#8217;autunno, giusto al centro della &#8220;V&#8221; della Forcella degli Arbandoi, posta tra le Cime di Citt\u00e0 ed il Talvena. L&#8217;evento \u00e8 visibile dall&#8217;interno del cimitero di La Valle Agordina e per la precisione dalla posizione dove si trovava l&#8217;ingresso principale della antica Chiesa (sec XII\u00b0), distrutta dalla Boa del 1701. Il fatto che fosse visibile dall&#8217;ingresso principale dall&#8217;allora Chiesa lo rendeva sicuramente un importante calendario stagionale.<\/p>\n<p><a class=\"dt-pswp-item\" href=\"http:\/\/www.radiopiu.net\/wordpress\/wp-content\/uploads\/2019\/09\/DSCF2356.jpg\" data-dt-img-description=\"\" data-large_image_width=\"1704\" data-large_image_height=\"2272\"><img loading=\"lazy\" decoding=\"async\" class=\"alignnone size-medium wp-image-99968\" src=\"http:\/\/www.radiopiu.net\/wordpress\/wp-content\/uploads\/2019\/09\/DSCF2356-225x300.jpg\" alt=\"\" width=\"225\" height=\"300\" srcset=\"https:\/\/www.radiopiu.net\/wordpress\/wp-content\/uploads\/2019\/09\/DSCF2356-225x300.jpg 225w, https:\/\/www.radiopiu.net\/wordpress\/wp-content\/uploads\/2019\/09\/DSCF2356-768x1024.jpg 768w, https:\/\/www.radiopiu.net\/wordpress\/wp-content\/uploads\/2019\/09\/DSCF2356.jpg 1704w\" sizes=\"auto, (max-width: 225px) 100vw, 225px\" \/><\/a><a class=\"dt-pswp-item\" href=\"http:\/\/www.radiopiu.net\/wordpress\/wp-content\/uploads\/2019\/09\/DSCF2357-1.jpg\" data-dt-img-description=\"\" data-large_image_width=\"1704\" data-large_image_height=\"2272\"><img loading=\"lazy\" decoding=\"async\" class=\"alignnone size-medium wp-image-99969\" src=\"http:\/\/www.radiopiu.net\/wordpress\/wp-content\/uploads\/2019\/09\/DSCF2357-1-225x300.jpg\" alt=\"\" width=\"225\" height=\"300\" srcset=\"https:\/\/www.radiopiu.net\/wordpress\/wp-content\/uploads\/2019\/09\/DSCF2357-1-225x300.jpg 225w, https:\/\/www.radiopiu.net\/wordpress\/wp-content\/uploads\/2019\/09\/DSCF2357-1-768x1024.jpg 768w, https:\/\/www.radiopiu.net\/wordpress\/wp-content\/uploads\/2019\/09\/DSCF2357-1.jpg 1704w\" sizes=\"auto, (max-width: 225px) 100vw, 225px\" \/><\/a><a class=\"dt-pswp-item\" href=\"http:\/\/www.radiopiu.net\/wordpress\/wp-content\/uploads\/2019\/09\/DSCF2358.jpg\" data-dt-img-description=\"\" data-large_image_width=\"1704\" data-large_image_height=\"2272\"><img loading=\"lazy\" decoding=\"async\" class=\"alignnone size-medium wp-image-99970\" src=\"http:\/\/www.radiopiu.net\/wordpress\/wp-content\/uploads\/2019\/09\/DSCF2358-225x300.jpg\" alt=\"\" width=\"225\" height=\"300\" srcset=\"https:\/\/www.radiopiu.net\/wordpress\/wp-content\/uploads\/2019\/09\/DSCF2358-225x300.jpg 225w, https:\/\/www.radiopiu.net\/wordpress\/wp-content\/uploads\/2019\/09\/DSCF2358-768x1024.jpg 768w, https:\/\/www.radiopiu.net\/wordpress\/wp-content\/uploads\/2019\/09\/DSCF2358.jpg 1704w\" sizes=\"auto, (max-width: 225px) 100vw, 225px\" \/><\/a><a class=\"dt-pswp-item\" href=\"http:\/\/www.radiopiu.net\/wordpress\/wp-content\/uploads\/2019\/09\/DSCF2359.jpg\" data-dt-img-description=\"\" data-large_image_width=\"1704\" data-large_image_height=\"2272\"><img loading=\"lazy\" decoding=\"async\" class=\"alignnone wp-image-99972\" src=\"http:\/\/www.radiopiu.net\/wordpress\/wp-content\/uploads\/2019\/09\/DSCF2359-225x300.jpg\" alt=\"\" width=\"159\" height=\"212\" srcset=\"https:\/\/www.radiopiu.net\/wordpress\/wp-content\/uploads\/2019\/09\/DSCF2359-225x300.jpg 225w, https:\/\/www.radiopiu.net\/wordpress\/wp-content\/uploads\/2019\/09\/DSCF2359-768x1024.jpg 768w, https:\/\/www.radiopiu.net\/wordpress\/wp-content\/uploads\/2019\/09\/DSCF2359.jpg 1704w\" sizes=\"auto, (max-width: 159px) 100vw, 159px\" \/><\/a><a class=\"dt-pswp-item\" href=\"http:\/\/www.radiopiu.net\/wordpress\/wp-content\/uploads\/2019\/09\/DSCF2360.jpg\" data-dt-img-description=\"\" data-large_image_width=\"2272\" data-large_image_height=\"1704\"><img loading=\"lazy\" decoding=\"async\" class=\"alignnone wp-image-99973\" src=\"http:\/\/www.radiopiu.net\/wordpress\/wp-content\/uploads\/2019\/09\/DSCF2360-300x225.jpg\" alt=\"\" width=\"282\" height=\"211\" srcset=\"https:\/\/www.radiopiu.net\/wordpress\/wp-content\/uploads\/2019\/09\/DSCF2360-300x225.jpg 300w, https:\/\/www.radiopiu.net\/wordpress\/wp-content\/uploads\/2019\/09\/DSCF2360-768x576.jpg 768w, https:\/\/www.radiopiu.net\/wordpress\/wp-content\/uploads\/2019\/09\/DSCF2360-1024x768.jpg 1024w\" sizes=\"auto, (max-width: 282px) 100vw, 282px\" \/><\/a><a class=\"dt-pswp-item\" href=\"http:\/\/www.radiopiu.net\/wordpress\/wp-content\/uploads\/2019\/09\/DSCF2361.jpg\" data-dt-img-description=\"\" data-large_image_width=\"2272\" data-large_image_height=\"1704\"><img loading=\"lazy\" decoding=\"async\" class=\"alignnone wp-image-99974\" src=\"http:\/\/www.radiopiu.net\/wordpress\/wp-content\/uploads\/2019\/09\/DSCF2361-300x225.jpg\" alt=\"\" width=\"280\" height=\"210\" srcset=\"https:\/\/www.radiopiu.net\/wordpress\/wp-content\/uploads\/2019\/09\/DSCF2361-300x225.jpg 300w, https:\/\/www.radiopiu.net\/wordpress\/wp-content\/uploads\/2019\/09\/DSCF2361-768x576.jpg 768w, https:\/\/www.radiopiu.net\/wordpress\/wp-content\/uploads\/2019\/09\/DSCF2361-1024x768.jpg 1024w\" sizes=\"auto, (max-width: 280px) 100vw, 280px\" \/><\/a><\/p>\n<p>&nbsp;<\/p>\n<p>&nbsp;<\/p>\n<p>&nbsp;<\/p>\n<div class=\"_2cuy _3dgx\" data-block=\"true\" data-editor=\"ag2mp\" data-offset-key=\"bthcm-0-0\">\n<h2 class=\"_1mf _1mj\" data-offset-key=\"bthcm-0-0\"><span data-offset-key=\"bthcm-0-0\">BUONGIORNO AL SINDACO DI SELVA DI CADORE <\/span><\/h2>\n<\/div>\n<div class=\"_2cuy _3dgx\" data-block=\"true\" data-editor=\"ag2mp\" data-offset-key=\"4jdpp-0-0\">\n<h2 class=\"_1mf _1mj\" data-offset-key=\"4jdpp-0-0\"><span data-offset-key=\"4jdpp-0-0\">CHE SI FA?<\/span><\/h2>\n<\/div>\n<p><a class=\"dt-pswp-item\" href=\"http:\/\/www.radiopiu.net\/wordpress\/wp-content\/uploads\/2019\/09\/WhatsApp-Image-2019-09-26-at-08.18.08-2.jpeg\" data-dt-img-description=\"\" data-large_image_width=\"720\" data-large_image_height=\"1440\"><img loading=\"lazy\" decoding=\"async\" class=\"alignnone size-medium wp-image-100061\" src=\"http:\/\/www.radiopiu.net\/wordpress\/wp-content\/uploads\/2019\/09\/WhatsApp-Image-2019-09-26-at-08.18.08-2-150x300.jpeg\" alt=\"\" width=\"150\" height=\"300\" srcset=\"https:\/\/www.radiopiu.net\/wordpress\/wp-content\/uploads\/2019\/09\/WhatsApp-Image-2019-09-26-at-08.18.08-2-150x300.jpeg 150w, https:\/\/www.radiopiu.net\/wordpress\/wp-content\/uploads\/2019\/09\/WhatsApp-Image-2019-09-26-at-08.18.08-2-512x1024.jpeg 512w, https:\/\/www.radiopiu.net\/wordpress\/wp-content\/uploads\/2019\/09\/WhatsApp-Image-2019-09-26-at-08.18.08-2.jpeg 720w\" sizes=\"auto, (max-width: 150px) 100vw, 150px\" \/><\/a><a class=\"dt-pswp-item\" href=\"http:\/\/www.radiopiu.net\/wordpress\/wp-content\/uploads\/2019\/09\/WhatsApp-Image-2019-09-26-at-08.18.08-1.jpeg\" data-dt-img-description=\"\" data-large_image_width=\"720\" data-large_image_height=\"1440\"><img loading=\"lazy\" decoding=\"async\" class=\"alignnone size-medium wp-image-100062\" src=\"http:\/\/www.radiopiu.net\/wordpress\/wp-content\/uploads\/2019\/09\/WhatsApp-Image-2019-09-26-at-08.18.08-1-150x300.jpeg\" alt=\"\" width=\"150\" height=\"300\" srcset=\"https:\/\/www.radiopiu.net\/wordpress\/wp-content\/uploads\/2019\/09\/WhatsApp-Image-2019-09-26-at-08.18.08-1-150x300.jpeg 150w, https:\/\/www.radiopiu.net\/wordpress\/wp-content\/uploads\/2019\/09\/WhatsApp-Image-2019-09-26-at-08.18.08-1-512x1024.jpeg 512w, https:\/\/www.radiopiu.net\/wordpress\/wp-content\/uploads\/2019\/09\/WhatsApp-Image-2019-09-26-at-08.18.08-1.jpeg 720w\" sizes=\"auto, (max-width: 150px) 100vw, 150px\" \/><\/a><a class=\"dt-pswp-item\" href=\"http:\/\/www.radiopiu.net\/wordpress\/wp-content\/uploads\/2019\/09\/WhatsApp-Image-2019-09-26-at-08.18.08.jpeg\" data-dt-img-description=\"\" data-large_image_width=\"720\" data-large_image_height=\"1440\"><img loading=\"lazy\" decoding=\"async\" class=\"alignnone size-medium wp-image-100063\" src=\"http:\/\/www.radiopiu.net\/wordpress\/wp-content\/uploads\/2019\/09\/WhatsApp-Image-2019-09-26-at-08.18.08-150x300.jpeg\" alt=\"\" width=\"150\" height=\"300\" srcset=\"https:\/\/www.radiopiu.net\/wordpress\/wp-content\/uploads\/2019\/09\/WhatsApp-Image-2019-09-26-at-08.18.08-150x300.jpeg 150w, https:\/\/www.radiopiu.net\/wordpress\/wp-content\/uploads\/2019\/09\/WhatsApp-Image-2019-09-26-at-08.18.08-512x1024.jpeg 512w, https:\/\/www.radiopiu.net\/wordpress\/wp-content\/uploads\/2019\/09\/WhatsApp-Image-2019-09-26-at-08.18.08.jpeg 720w\" sizes=\"auto, (max-width: 150px) 100vw, 150px\" \/><\/a><\/p>\n<p>&nbsp;<\/p>\n<p>&nbsp;<\/p>\n<p>&nbsp;<\/p>\n<h3><a class=\"dt-pswp-item\" href=\"http:\/\/www.radiopiu.net\/wordpress\/wp-content\/uploads\/2019\/09\/download-12.jpg\" data-dt-img-description=\"\" data-large_image_width=\"259\" data-large_image_height=\"194\"><img loading=\"lazy\" decoding=\"async\" class=\" wp-image-99995 alignleft\" src=\"http:\/\/www.radiopiu.net\/wordpress\/wp-content\/uploads\/2019\/09\/download-12.jpg\" alt=\"\" width=\"226\" height=\"169\" \/><\/a>UN ASSESSORE DI QUA E UNO DI LA&#8217;, INTANTO LUNEDI IL CONSIGLIO DELL&#8217;UNIONE MONTANA LO PRESIEDE LUCHETTA CHE SALUTERA&#8217; PER LA TERZA VOLTA.<\/h3>\n<p>&nbsp;<\/p>\n<p>&nbsp;<\/p>\n<p><strong><span style=\"color: #ff0000;\">DI GIANNI SANTOMASO<\/span><\/strong><\/p>\n<audio class=\"wp-audio-shortcode\" id=\"audio-99913-1\" preload=\"none\" style=\"width: 100%;\" controls=\"controls\"><source type=\"audio\/mpeg\" src=\"http:\/\/www.radiopiu.net\/wordpress\/wp-content\/uploads\/2019\/09\/gianni-unione-montana.mp3?_=1\" \/><a href=\"http:\/\/www.radiopiu.net\/wordpress\/wp-content\/uploads\/2019\/09\/gianni-unione-montana.mp3\">http:\/\/www.radiopiu.net\/wordpress\/wp-content\/uploads\/2019\/09\/gianni-unione-montana.mp3<\/a><\/audio>\n<p>&nbsp;<\/p>\n<p>&nbsp;<\/p>\n<p>&nbsp;<\/p>\n<p>&nbsp;<\/p>\n<h2><a class=\"dt-pswp-item\" href=\"http:\/\/www.radiopiu.net\/wordpress\/wp-content\/uploads\/2019\/09\/nevegal-visentin-nogherazza.jpg\" data-dt-img-description=\"\" data-large_image_width=\"957\" data-large_image_height=\"714\"><img loading=\"lazy\" decoding=\"async\" class=\"size-medium wp-image-100022 alignleft\" src=\"http:\/\/www.radiopiu.net\/wordpress\/wp-content\/uploads\/2019\/09\/nevegal-visentin-nogherazza-300x224.jpg\" alt=\"\" width=\"300\" height=\"224\" srcset=\"https:\/\/www.radiopiu.net\/wordpress\/wp-content\/uploads\/2019\/09\/nevegal-visentin-nogherazza-300x224.jpg 300w, https:\/\/www.radiopiu.net\/wordpress\/wp-content\/uploads\/2019\/09\/nevegal-visentin-nogherazza-768x573.jpg 768w, https:\/\/www.radiopiu.net\/wordpress\/wp-content\/uploads\/2019\/09\/nevegal-visentin-nogherazza.jpg 957w\" sizes=\"auto, (max-width: 300px) 100vw, 300px\" \/><\/a>26 SETTEMBRE: LA MANUTENZIONE DEGLI IMPIANTI IN NEVEGAL NON E&#8217; ANCORA INIZIATA. IL COLLE AVRA&#8217; UNA STAGIONE INVERNALE?<\/h2>\n<p><strong>BELLUNO Certezze? Poche. Gli Sci Club della Valbelluna in allarme, c&#8217;\u00e8 il concreto rischio che i giovani non praticheranno lo sci.<\/strong><\/p>\n<p><strong>di DAMIANO TORMEN<\/strong><\/p>\n<p>(foto Nogherazza.it)<\/p>\n<audio class=\"wp-audio-shortcode\" id=\"audio-99913-2\" preload=\"none\" style=\"width: 100%;\" controls=\"controls\"><source type=\"audio\/mpeg\" src=\"http:\/\/www.radiopiu.net\/wordpress\/wp-content\/uploads\/2019\/09\/damiano-nevegal.mp3?_=2\" \/><a href=\"http:\/\/www.radiopiu.net\/wordpress\/wp-content\/uploads\/2019\/09\/damiano-nevegal.mp3\">http:\/\/www.radiopiu.net\/wordpress\/wp-content\/uploads\/2019\/09\/damiano-nevegal.mp3<\/a><\/audio>\n<p>&nbsp;<\/p>\n<p>&nbsp;<\/p>\n<p>&nbsp;<\/p>\n<p>&nbsp;<\/p>\n<h3>SCIOPERO GLOBALE PER IL CLIMA, LA CISL IN PIAZZA CON GLI STUDENTI<\/h3>\n<p><strong><a class=\"dt-pswp-item\" href=\"http:\/\/www.radiopiu.net\/wordpress\/wp-content\/uploads\/2019\/09\/download-11.jpg\" data-dt-img-description=\"\" data-large_image_width=\"318\" data-large_image_height=\"159\"><img loading=\"lazy\" decoding=\"async\" class=\" wp-image-99941 alignleft\" src=\"http:\/\/www.radiopiu.net\/wordpress\/wp-content\/uploads\/2019\/09\/download-11-300x150.jpg\" alt=\"\" width=\"230\" height=\"115\" srcset=\"https:\/\/www.radiopiu.net\/wordpress\/wp-content\/uploads\/2019\/09\/download-11-300x150.jpg 300w, https:\/\/www.radiopiu.net\/wordpress\/wp-content\/uploads\/2019\/09\/download-11.jpg 318w\" sizes=\"auto, (max-width: 230px) 100vw, 230px\" \/><\/a>BELLUNO\u00a0<\/strong> La Cisl Belluno Treviso sostiene lo sciopero globale per il clima e domani parteciper\u00e0 con due delegazioni alle manifestazioni studentesche di Treviso e di Belluno. In occasione del terzo Global Climate Strike proclamato dal movimento Fridays For Future per rivendicare una svolta decisa di lotta ai cambiamenti climatici, la Cisl territoriale sar\u00e0 in piazza &#8211; senza bandiere &#8211; con i giovani e la societ\u00e0 civile per rivendicare il diritto di vivere in un mondo sostenibile.\u00a0La Cisl, a livello nazionale, ha sottoscritto la Dichiarazione di Emergenza Climatica promossa dal movimento di Greta Thunberg e si \u00e8 impegnata a realizzare il monitoraggio dei consumi energetici di tutte le proprie sedi di lavoro e a verificare nel corso del tempo l\u2019efficacia della programmazione di interventi per la riduzione dell\u2019impatto delle attivit\u00e0 sull\u2019ambiente. Ha inoltre l\u2019obiettivo di definire nell\u2019ambito del Patto per la Fabbrica un capitolo specifico per una Fabbrica pi\u00f9 Verde e pi\u00f9 Solidale. (foto teleambiente.it)<\/p>\n<p><strong>AI MICROFONI DI RADIO PIU&#8217; IL SEGRETARIO GENERALE CISL CINZIA BONAN<\/strong><\/p>\n<audio class=\"wp-audio-shortcode\" id=\"audio-99913-3\" preload=\"none\" style=\"width: 100%;\" controls=\"controls\"><source type=\"audio\/mpeg\" src=\"http:\/\/www.radiopiu.net\/wordpress\/wp-content\/uploads\/2019\/09\/cinzia.mp3?_=3\" \/><a href=\"http:\/\/www.radiopiu.net\/wordpress\/wp-content\/uploads\/2019\/09\/cinzia.mp3\">http:\/\/www.radiopiu.net\/wordpress\/wp-content\/uploads\/2019\/09\/cinzia.mp3<\/a><\/audio>\n<p>&nbsp;<\/p>\n<p>&nbsp;<\/p>\n<p>&nbsp;<\/p>\n<h3>SEGNALETICA STRADALE ALL&#8217;INGRESSO DI FALCADE<\/h3>\n<p><strong><a class=\"dt-pswp-item\" href=\"http:\/\/www.radiopiu.net\/wordpress\/wp-content\/uploads\/2019\/09\/foto-cartelli-1_p001.jpg\" data-dt-img-description=\"\" data-large_image_width=\"1240\" data-large_image_height=\"1754\"><img loading=\"lazy\" decoding=\"async\" class=\" wp-image-99944 alignleft\" src=\"http:\/\/www.radiopiu.net\/wordpress\/wp-content\/uploads\/2019\/09\/foto-cartelli-1_p001-212x300.jpg\" alt=\"\" width=\"145\" height=\"205\" srcset=\"https:\/\/www.radiopiu.net\/wordpress\/wp-content\/uploads\/2019\/09\/foto-cartelli-1_p001-212x300.jpg 212w, https:\/\/www.radiopiu.net\/wordpress\/wp-content\/uploads\/2019\/09\/foto-cartelli-1_p001-768x1086.jpg 768w, https:\/\/www.radiopiu.net\/wordpress\/wp-content\/uploads\/2019\/09\/foto-cartelli-1_p001-724x1024.jpg 724w, https:\/\/www.radiopiu.net\/wordpress\/wp-content\/uploads\/2019\/09\/foto-cartelli-1_p001.jpg 1240w\" sizes=\"auto, (max-width: 145px) 100vw, 145px\" \/><\/a>FALCADE<\/strong> Alla vigilia dell&#8217;appuntamento con la Desemontegada il consigliere di minoranza Cesare Bon a nome della minoranza ha inviato una nuova interrogazione al sindaco di Falcade con richiesta di risposta in consiglio comunale. L&#8217;argomento \u00e8 la segnaletica stradale all&#8217;ingresso del\u00a0 paese\u00a0 e\u00a0 delle frazioni.<\/p>\n<blockquote><p><em>&#8220;In questi giorni che precedono la desmontegada\u00a0 &#8211; dice Cesare Bon &#8211; tutto il paese si sta mobilitando nel modo migliore per presentarsi agli ospiti che come ogni anno affluiranno numerosi per assistere all\u2019evento, \u00a0verranno accolti in un territorio comunale dove i cartelli indicativi sono, da anni per la maggior <\/em><em>parte in condizioni indecenti. La segnaletica \u00e8 il linguaggio con il quale l\u2019amministratore di una strada comunica agli utenti la disciplina della circolazione: regole, pericoli, indicazioni ed informazioni utili, \u00a0la manutenzione della segnaletica stradale, verticale ed orizzontale, \u00e8 in carico al Comune. Il cartello di ingresso al paese \u00e8 anche un biglietto da visita per il turismo <\/em><em>che In alcune strade del nostro paese la segnaletica stradale \u00e8 danneggiata, scarsamente visibile o non conforme alle normative&#8221;. <\/em><\/p><\/blockquote>\n<p>Dopo queste premesse l&#8217;interrogazione: si chiede al sindaco quali azioni l\u2019amministrazione comunale intenda intraprendere per ripristinare la segnaletica danneggiata o scarsa<\/p>\n<p><span style=\"color: #0000ff;\">DAL CORRIERE DELLE ALPI OGGI IN EDICOLA, GIANNI SANTOMASO<\/span><\/p>\n<audio class=\"wp-audio-shortcode\" id=\"audio-99913-4\" preload=\"none\" style=\"width: 100%;\" controls=\"controls\"><source type=\"audio\/mpeg\" src=\"http:\/\/www.radiopiu.net\/wordpress\/wp-content\/uploads\/2019\/09\/GIANNI-FALCADE-1.mp3?_=4\" \/><a href=\"http:\/\/www.radiopiu.net\/wordpress\/wp-content\/uploads\/2019\/09\/GIANNI-FALCADE-1.mp3\">http:\/\/www.radiopiu.net\/wordpress\/wp-content\/uploads\/2019\/09\/GIANNI-FALCADE-1.mp3<\/a><\/audio>\n<p>&nbsp;<\/p>\n<p>&nbsp;<\/p>\n<p>&nbsp;<\/p>\n<p>&nbsp;<\/p>\n<h3>UNA PIAZZA DA SISTEMARE E UNA NUOVA COPERTURA PER LE EX OFFICINE DEI &#8220;CONGE&#8221;<\/h3>\n<p><strong><a class=\"dt-pswp-item\" href=\"http:\/\/www.radiopiu.net\/wordpress\/wp-content\/uploads\/2019\/09\/92f6a598-d7a6-4bf6-9062-93be8060a592.jpg\" data-dt-img-description=\"\" data-large_image_width=\"1600\" data-large_image_height=\"901\"><img loading=\"lazy\" decoding=\"async\" class=\"size-medium wp-image-99977 alignleft\" src=\"http:\/\/www.radiopiu.net\/wordpress\/wp-content\/uploads\/2019\/09\/92f6a598-d7a6-4bf6-9062-93be8060a592-300x169.jpg\" alt=\"\" width=\"300\" height=\"169\" srcset=\"https:\/\/www.radiopiu.net\/wordpress\/wp-content\/uploads\/2019\/09\/92f6a598-d7a6-4bf6-9062-93be8060a592-300x169.jpg 300w, https:\/\/www.radiopiu.net\/wordpress\/wp-content\/uploads\/2019\/09\/92f6a598-d7a6-4bf6-9062-93be8060a592-768x432.jpg 768w, https:\/\/www.radiopiu.net\/wordpress\/wp-content\/uploads\/2019\/09\/92f6a598-d7a6-4bf6-9062-93be8060a592-1024x577.jpg 1024w, https:\/\/www.radiopiu.net\/wordpress\/wp-content\/uploads\/2019\/09\/92f6a598-d7a6-4bf6-9062-93be8060a592.jpg 1600w\" sizes=\"auto, (max-width: 300px) 100vw, 300px\" \/><\/a><\/strong><\/p>\n<p>&nbsp;<\/p>\n<p>&nbsp;<\/p>\n<p>&nbsp;<\/p>\n<p><strong>AGORDO\u00a0<\/strong><\/p>\n<p><strong>di GIANNI SANTOMASO<\/strong><\/p>\n<audio class=\"wp-audio-shortcode\" id=\"audio-99913-5\" preload=\"none\" style=\"width: 100%;\" controls=\"controls\"><source type=\"audio\/mpeg\" src=\"http:\/\/www.radiopiu.net\/wordpress\/wp-content\/uploads\/2019\/09\/GIANNI-AGORDO.mp3?_=5\" \/><a href=\"http:\/\/www.radiopiu.net\/wordpress\/wp-content\/uploads\/2019\/09\/GIANNI-AGORDO.mp3\">http:\/\/www.radiopiu.net\/wordpress\/wp-content\/uploads\/2019\/09\/GIANNI-AGORDO.mp3<\/a><\/audio>\n<p>&nbsp;<\/p>\n<p>&nbsp;<\/p>\n<p>&nbsp;<\/p>\n<p>&nbsp;<\/p>\n<h3>CONFERMATA LA LINEA AUTOBUS SANTO STEFANO-SAN CANDIDO<\/h3>\n<p><strong><a class=\"dt-pswp-item\" href=\"http:\/\/www.radiopiu.net\/wordpress\/wp-content\/uploads\/2018\/08\/dolomitibus.jpeg\" data-dt-img-description=\"\" data-large_image_width=\"621\" data-large_image_height=\"414\"><img loading=\"lazy\" decoding=\"async\" class=\" wp-image-59158 alignleft\" src=\"http:\/\/www.radiopiu.net\/wordpress\/wp-content\/uploads\/2018\/08\/dolomitibus-300x200.jpeg\" alt=\"\" width=\"179\" height=\"119\" srcset=\"https:\/\/www.radiopiu.net\/wordpress\/wp-content\/uploads\/2018\/08\/dolomitibus-300x200.jpeg 300w, https:\/\/www.radiopiu.net\/wordpress\/wp-content\/uploads\/2018\/08\/dolomitibus.jpeg 621w\" sizes=\"auto, (max-width: 179px) 100vw, 179px\" \/><\/a>BELLUNO<\/strong> La Provincia di Belluno conferma fino al 31 dicembre 2019 la linea di trasporto interregionale tra Santo Stefano di Cadore e San Candido in Pusteria. Il servizio, attivato dal settembre 2014, viene utilizzato dai lavoratori pendolari del Comelico che si recano a Sesto e San Candido, e rappresenta un collegamento indispensabile per molte persone. Lo scorso mese di giugno la Provincia Autonoma di Bolzano aveva sospeso la compartecipazione economica alla spesa e quindi la prosecuzione della linea era stata messa in dubbio. A seguito della sollecitazione dei Comuni del Comelico e della Pusteria, per\u00f2, la Provincia di Belluno \u00e8 riuscita a garantire la continuit\u00e0 per i mesi estivi, con una spesa di 99.375 euro per le corse dal 1\u00b0 luglio al 30 settembre. Adesso, il servizio proseguir\u00e0 fino a fine anno, grazie a un ulteriore investimento di 22.880 euro (anche la Provincia di Bolzano ha riattivato la propria partecipazione alla spesa).<\/p>\n<p><strong>IL PRESIDENTE DELLA PROVINCIA ROBERTO PADRIN\u00a0<\/strong><\/p>\n<audio class=\"wp-audio-shortcode\" id=\"audio-99913-6\" preload=\"none\" style=\"width: 100%;\" controls=\"controls\"><source type=\"audio\/mpeg\" src=\"http:\/\/www.radiopiu.net\/wordpress\/wp-content\/uploads\/2019\/09\/padrin-bus.mp3?_=6\" \/><a href=\"http:\/\/www.radiopiu.net\/wordpress\/wp-content\/uploads\/2019\/09\/padrin-bus.mp3\">http:\/\/www.radiopiu.net\/wordpress\/wp-content\/uploads\/2019\/09\/padrin-bus.mp3<\/a><\/audio>\n<p>Dal 1\u00b0 ottobre al 31 dicembre, la linea di trasporto Santo Stefano-San Candido avr\u00e0 tre coppie di corse andata\/ritorno (compresa la corsa storica che parte da Trieste). Partenze da Santo Stefano alle 6.55, 10.39 e 12.25; ritorni da San Candido stazione alle 9.15, 15.14 e 17.15. Di fatto, a fronte di una razionalizzazione resa necessaria per le disponibilit\u00e0 economiche, sono state mantenute tutte le corse che hanno registrato la maggiore affluenza.<\/p>\n<p><strong>IL CONSIGLIERE DELEGATO GIANLUCA LORENZI<\/strong><\/p>\n<audio class=\"wp-audio-shortcode\" id=\"audio-99913-7\" preload=\"none\" style=\"width: 100%;\" controls=\"controls\"><source type=\"audio\/mpeg\" src=\"http:\/\/www.radiopiu.net\/wordpress\/wp-content\/uploads\/2019\/09\/lorenzi-bus.mp3?_=7\" \/><a href=\"http:\/\/www.radiopiu.net\/wordpress\/wp-content\/uploads\/2019\/09\/lorenzi-bus.mp3\">http:\/\/www.radiopiu.net\/wordpress\/wp-content\/uploads\/2019\/09\/lorenzi-bus.mp3<\/a><\/audio>\n<p>&nbsp;<\/p>\n<p>La linea \u00e8 destinata a subire un\u2019ulteriore riorganizzazione a partire da gennaio, quando il servizio verr\u00e0 affidato secondo le indicazioni fornite dal competente Ente di governo (con delibera n. 16 del 31\/10\/2017). Gli uffici delle Province di Belluno e Bolzano stanno definendo il programma di esercizio da affidare, tenendo conto delle relazioni di traffico al Passo Monte Croce e delle risorse a disposizione.<\/p>\n<p>&nbsp;<\/p>\n<p>&nbsp;<\/p>\n<p>&nbsp;<\/p>\n<h3>TEMPI DI VESTIZIONE, COMUNICAZIONE UNITARIA<\/h3>\n<p><strong><a class=\"dt-pswp-item\" href=\"http:\/\/www.radiopiu.net\/wordpress\/wp-content\/uploads\/2016\/03\/ulss-1.jpg\" data-dt-img-description=\"\" data-large_image_width=\"150\" data-large_image_height=\"143\"><img loading=\"lazy\" decoding=\"async\" class=\"size-full wp-image-18104 alignleft\" src=\"http:\/\/www.radiopiu.net\/wordpress\/wp-content\/uploads\/2016\/03\/ulss-1.jpg\" alt=\"\" width=\"150\" height=\"143\" \/><\/a>BELLUNO<\/strong> Ieri importante l&#8217;incontro con la Direzione Ulss1 come richiesto dalla Cgil-Fp.\u00a0 Rispetto ai tempi di vestizione, la Direzione ha dato la massima disponibilit\u00e0 a cercare un accordo che garantisca tutti i lavoratori aventi diritto, previa analisi della portata economica e della disponibilit\u00e0 di risorse. La Regione, nei prossimi giorni si esprimer\u00e0 nel merito e i sindacati auspicano con l&#8217;iniezione di risorse utili a tal fine.<em> &#8220;Noi crediamo che questo sia fare sindacato e garantire tutti i lavoratori&#8221;. Andare dal giudice ha esiti incerti e gonfia le tasche degli avvocati. Ci reincontreremo il 10 ottobre per analizzare la questione alla luce di quanto emerger\u00e0 dall&#8217;incontro regionale&#8221;. <\/em>Lo dicono unitariamente le parti sindacali: Nursing Up, CGIL e UIL, e delegati Rsu di Nursing Up, CGIL e UIL.<\/p>\n<p><strong>AI MICROFONI DI RADIO PIU&#8217; GIANLUIGI DELLA GIACOMA segretario generale della della Cgil Funzione Pubblica di Belluno<\/strong><\/p>\n<audio class=\"wp-audio-shortcode\" id=\"audio-99913-8\" preload=\"none\" style=\"width: 100%;\" controls=\"controls\"><source type=\"audio\/mpeg\" src=\"http:\/\/www.radiopiu.net\/wordpress\/wp-content\/uploads\/2019\/09\/della-giacoma.mp3?_=8\" \/><a href=\"http:\/\/www.radiopiu.net\/wordpress\/wp-content\/uploads\/2019\/09\/della-giacoma.mp3\">http:\/\/www.radiopiu.net\/wordpress\/wp-content\/uploads\/2019\/09\/della-giacoma.mp3<\/a><\/audio>\n<p>&nbsp;<\/p>\n<p>&nbsp;<\/p>\n<p>&nbsp;<\/p>\n<h3>BOND: SODDISFAZIONE PER L&#8217;UFFICIO CONSIGLIO D&#8217;EUROPA<\/h3>\n<blockquote><p><em><strong>Cos\u00ec in una nota il deputato di Forza Italia Dario Bond.<\/strong><\/em><\/p><\/blockquote>\n<p><strong>DALLA RASSEGNA STAMPA DI RADIO PIU<\/strong><\/p>\n<audio class=\"wp-audio-shortcode\" id=\"audio-99913-9\" preload=\"none\" style=\"width: 100%;\" controls=\"controls\"><source type=\"audio\/mpeg\" src=\"http:\/\/www.radiopiu.net\/wordpress\/wp-content\/uploads\/2019\/09\/bond-europa.mp3?_=9\" \/><a href=\"http:\/\/www.radiopiu.net\/wordpress\/wp-content\/uploads\/2019\/09\/bond-europa.mp3\">http:\/\/www.radiopiu.net\/wordpress\/wp-content\/uploads\/2019\/09\/bond-europa.mp3<\/a><\/audio>\n<p><a class=\"dt-pswp-item\" href=\"http:\/\/www.radiopiu.net\/wordpress\/wp-content\/uploads\/2019\/07\/Dario-Bond.jpg\" data-dt-img-description=\"\" data-large_image_width=\"2449\" data-large_image_height=\"1633\"><img loading=\"lazy\" decoding=\"async\" class=\" wp-image-93051 alignleft\" src=\"http:\/\/www.radiopiu.net\/wordpress\/wp-content\/uploads\/2019\/07\/Dario-Bond-300x200.jpg\" alt=\"\" width=\"242\" height=\"161\" srcset=\"https:\/\/www.radiopiu.net\/wordpress\/wp-content\/uploads\/2019\/07\/Dario-Bond-300x200.jpg 300w, https:\/\/www.radiopiu.net\/wordpress\/wp-content\/uploads\/2019\/07\/Dario-Bond-768x512.jpg 768w, https:\/\/www.radiopiu.net\/wordpress\/wp-content\/uploads\/2019\/07\/Dario-Bond-1024x683.jpg 1024w\" sizes=\"auto, (max-width: 242px) 100vw, 242px\" \/><\/a>\u201cDesidero esprimere grande soddisfazione, per l\u2019approvazione della proposta di legge che autorizza il Presidente della Repubblica alla ratifica del Memorandum d\u2019intesa fra l\u2019Italia e il Consiglio d\u2019Europa, per far s\u00ec che il suo Ufficio presso Venezia ottenenga lo status giuridico internazionale di ufficio del Consiglio d\u2019Europa dedicato all\u2019attivit\u00e0 di cooperazione euro-mediterranea. Tale riconoscimento, porta alle attivit\u00e0 gi\u00e0 informalmente compiute un\u2019ufficialit\u00e0 che consentir\u00e0 alla citt\u00e0 di intensificare rapporti di primaria importanza con i Paesi dell\u2019area Mediterranea, in un momento in cui essi costituiscono fattore di crisi ma anche di opportunit\u00e0 per l\u2019Italia. Aprire un fronte a sud dell\u2019 Europa, in cui il Belpaese sia protagonista, \u00e8 infatti un passo fondamentale da compiere. Porre la citt\u00e0 di Venezia al centro, \u00e8 poi molto significativo: la storia, come diceva Vico, \u00e8 un cerchio e questo riconoscimento, torna a ridare alla ex repubblica marinara un peso notevole.\u201d<\/p>\n<p>&nbsp;<\/p>\n<p>&nbsp;<\/p>\n<p>&nbsp;<\/p>\n<p>&nbsp;<\/p>\n<h3>APPROVATO L&#8217;ORDINE DEL GIORNO PER IL RIPRISTINO FONDI DI CONFINE<\/h3>\n<blockquote><p><em>Provvedimento presentato dal Partito democratico<\/em><\/p><\/blockquote>\n<p>dalla rassegna stampa di RADIO PIU&#8217;<\/p>\n<audio class=\"wp-audio-shortcode\" id=\"audio-99913-10\" preload=\"none\" style=\"width: 100%;\" controls=\"controls\"><source type=\"audio\/mpeg\" src=\"http:\/\/www.radiopiu.net\/wordpress\/wp-content\/uploads\/2019\/09\/roger-fondi.mp3?_=10\" \/><a href=\"http:\/\/www.radiopiu.net\/wordpress\/wp-content\/uploads\/2019\/09\/roger-fondi.mp3\">http:\/\/www.radiopiu.net\/wordpress\/wp-content\/uploads\/2019\/09\/roger-fondi.mp3<\/a><\/audio>\n<p><strong><a class=\"dt-pswp-item\" href=\"http:\/\/www.radiopiu.net\/wordpress\/wp-content\/uploads\/2018\/05\/Roger_De_Menech_daticamera.jpg\" data-dt-img-description=\"\" data-large_image_width=\"165\" data-large_image_height=\"228\"><img loading=\"lazy\" decoding=\"async\" class=\"size-full wp-image-49599 alignleft\" src=\"http:\/\/www.radiopiu.net\/wordpress\/wp-content\/uploads\/2018\/05\/Roger_De_Menech_daticamera.jpg\" alt=\"\" width=\"165\" height=\"228\" \/><\/a>ROMA<\/strong>\u00a0 Ieri\u00a0 alla Camera, il Partito democratico ha presentato un ordine del giorno per ripristinare\u00a0 i finanziamenti ai Comuni che si sono fusi. Il provvedimento \u00e8 stato approvato dalla maggioranza e impegna il governo a trovare i circa 30 milioni di euro l\u2019anno mancanti per assicurare i contributi straordinari previsti dalla legge 7 agosto 2012, nr. 135. <em>\u00abLe fusioni dei Comuni portano maggiore efficienza della pubblica amministrazione locale nei confronti dei cittadini e consistenti risparmi di spesa per lo Stato\u00bb, ricorda il deputato veneto Roger De Menech. \u00abBisogna continuare a incentivarle perch\u00e9 sono parte di un processo virtuoso in cui tutti i soggetti coinvolti traggono vantaggi\u00bb, <\/em>In Veneto sono coinvolti 10 comuni a cui nel 2019 il governo della Lega e dei 5 Stelle ha tagliato il contributo straordinario per la fusione di circa il 30 per cento. Si tratta di Quero Vas (BL),\u2028Longarone (BL), Alpago (BL), Val di Zoldo (BL), Borgo Val Belluna (BL), Valbrenta (VI), Barbarano Mossano (VI), Val Liona (VI), Pieve del Grappa (TV) e Borgo Veneto (PD).<\/p>\n<p>&nbsp;<\/p>\n<p>&nbsp;<\/p>\n<p>&nbsp;<\/p>\n<blockquote><p>&nbsp;<\/p><\/blockquote>\n<h3><\/h3>\n<h3><\/h3>\n<h3>DOMANI\u00a0 LA TERZA EDIZIONE DELLA \u201cMARATONA DI LETTURA \u2013 IL VENETO LEGGE<\/h3>\n<p><strong>VENEZIA<\/strong>\u00a0 Libri e lettori di ogni et\u00e0, bambini e adulti, tornano a essere protagonisti venerd\u00ec 27 settembre per la terza edizione della \u201cMaratona di Lettura &#8211; Il Veneto Legge\u201d, iniziativa che si svolge nelle scuole, biblioteche e librerie ma anche nei luoghi del vivere quotidiano e che coinvolge le persone che amano leggere. Promossa dall\u2019assessorato alla cultura della Regione del Veneto in collaborazione con la sezione regionale dell\u2019Associazione Italiana Biblioteche AIB, l\u2019Ufficio Scolastico Regionale per il Veneto, MIUR Veneto, l\u2019Associazione Librai Italiani della Confcommercio Veneto e il Sindacato Italiano Librai e Cartolibrari SIL della Confesercenti Veneto, la manifestazione sta riscuotendo un successo crescente. Scopo dell\u2019iniziativa \u00e8 favorire la lettura di gruppo, leggere insieme ovunque e ad alta voce, nei luoghi dove si studia, si lavora, si educa e ci si diverte. Semplicemente, nei luoghi in cui si vive. Due i temi guida suggeriti per il 2019: uno legato alla figura di Giovanni Comisso a cinquant\u2019anni dalla sua scomparsa e agli autori italiani del \u2018900; l\u2019altro relativo alla letteratura di divulgazione scientifica, con un\u2019attenzione alle celebrazioni per i 50 anni dalla sbarco sulla luna e i 500 anni dalla scomparsa di Leonardo Da Vinci.<\/p>\n<p>&nbsp;<\/p>\n<p>&nbsp;<\/p>\n<p>&nbsp;<\/p>\n<h3>IERI ALLA RADIO, RENZO MINELLA E LA STAGIONE APPENA CONCLUSA<\/h3>\n<p><strong><a class=\"dt-pswp-item\" href=\"http:\/\/www.radiopiu.net\/wordpress\/wp-content\/uploads\/2017\/08\/renzo-minella-presidente-dolomiti-turismo.jpg\" data-dt-img-description=\"\" data-large_image_width=\"190\" data-large_image_height=\"270\"><img loading=\"lazy\" decoding=\"async\" class=\"wp-image-36028 alignleft\" src=\"http:\/\/www.radiopiu.net\/wordpress\/wp-content\/uploads\/2017\/08\/renzo-minella-presidente-dolomiti-turismo.jpg\" alt=\"\" width=\"101\" height=\"144\" \/><\/a><\/strong><\/p>\n<p>&nbsp;<\/p>\n<p>&nbsp;<\/p>\n<p><strong>RADIO PIU <\/strong>Renzo Minella, direttore marketing dell&#8217;area Falcade San Pellegrino traccia un bilancio della stagione che va concludendosi, con un occhio proiettato alla prossima stagione invernale.<\/p>\n<audio class=\"wp-audio-shortcode\" id=\"audio-99913-11\" preload=\"none\" style=\"width: 100%;\" controls=\"controls\"><source type=\"audio\/mpeg\" src=\"http:\/\/www.radiopiu.net\/wordpress\/wp-content\/uploads\/2019\/09\/renzo-minella-chiusura-stagione.mp3?_=11\" \/><a href=\"http:\/\/www.radiopiu.net\/wordpress\/wp-content\/uploads\/2019\/09\/renzo-minella-chiusura-stagione.mp3\">http:\/\/www.radiopiu.net\/wordpress\/wp-content\/uploads\/2019\/09\/renzo-minella-chiusura-stagione.mp3<\/a><\/audio>\n<p>&nbsp;<\/p>\n<p>&nbsp;<\/p>\n<p>&nbsp;<\/p>\n<p>&nbsp;<\/p>\n<h3>LA FERRARI DELLA POLIZIA LOCALE DI MILANO IN PIAZZA<\/h3>\n<blockquote><p><em>\u201cPensa alla vita, guida con la testa\u201d<\/em><\/p><\/blockquote>\n<p><strong><a class=\"dt-pswp-item\" href=\"http:\/\/www.radiopiu.net\/wordpress\/wp-content\/uploads\/2019\/09\/Ferrari-458-Spider-Polizia-Locale-Milano-4-1.jpeg\" data-dt-img-description=\"\" data-large_image_width=\"480\" data-large_image_height=\"480\"><img loading=\"lazy\" decoding=\"async\" class=\" wp-image-99980 alignleft\" src=\"http:\/\/www.radiopiu.net\/wordpress\/wp-content\/uploads\/2019\/09\/Ferrari-458-Spider-Polizia-Locale-Milano-4-1-300x300.jpeg\" alt=\"\" width=\"192\" height=\"192\" srcset=\"https:\/\/www.radiopiu.net\/wordpress\/wp-content\/uploads\/2019\/09\/Ferrari-458-Spider-Polizia-Locale-Milano-4-1-300x300.jpeg 300w, https:\/\/www.radiopiu.net\/wordpress\/wp-content\/uploads\/2019\/09\/Ferrari-458-Spider-Polizia-Locale-Milano-4-1-150x150.jpeg 150w, https:\/\/www.radiopiu.net\/wordpress\/wp-content\/uploads\/2019\/09\/Ferrari-458-Spider-Polizia-Locale-Milano-4-1.jpeg 480w\" sizes=\"auto, (max-width: 192px) 100vw, 192px\" \/><\/a>BELLUNO<\/strong> Torna anche quest&#8217;anno, in occasione di Sport in Piazza, \u201cPensa alla vita \u2026 guida con la testa!! Dall\u2019Adriatico alle Dolomiti\u201d, l&#8217;iniziativa di sicurezza stradale organizzata da ANVU Veneto &#8211; Associazione Professionale della Polizia Locale d\u2019Italia in collaborazione con le polizie locali e le associazioni attive sul tema. Tra le novit\u00e0 di quest&#8217;anno, la presenza in Piazza Duomo a Belluno della Ferrari 458 Spider sequestrata nel 2015 alla criminalit\u00e0 organizzata e dal 2017 assegnata alla Polizia Locale di Milano per progetti di educazione alla legalit\u00e0. L&#8217;appuntamento \u00e8 per sabato pomeriggio, dalle 14.30 alle 18.30: <a class=\"dt-pswp-item\" href=\"http:\/\/www.radiopiu.net\/wordpress\/wp-content\/uploads\/2019\/09\/Ferrari-458-Spider-Polizia-Locale-Milano-5-2.jpeg\" data-dt-img-description=\"\" data-large_image_width=\"1600\" data-large_image_height=\"999\"><img loading=\"lazy\" decoding=\"async\" class=\"size-medium wp-image-99981 alignright\" src=\"http:\/\/www.radiopiu.net\/wordpress\/wp-content\/uploads\/2019\/09\/Ferrari-458-Spider-Polizia-Locale-Milano-5-2-300x187.jpeg\" alt=\"\" width=\"300\" height=\"187\" srcset=\"https:\/\/www.radiopiu.net\/wordpress\/wp-content\/uploads\/2019\/09\/Ferrari-458-Spider-Polizia-Locale-Milano-5-2-300x187.jpeg 300w, https:\/\/www.radiopiu.net\/wordpress\/wp-content\/uploads\/2019\/09\/Ferrari-458-Spider-Polizia-Locale-Milano-5-2-768x480.jpeg 768w, https:\/\/www.radiopiu.net\/wordpress\/wp-content\/uploads\/2019\/09\/Ferrari-458-Spider-Polizia-Locale-Milano-5-2-1024x639.jpeg 1024w, https:\/\/www.radiopiu.net\/wordpress\/wp-content\/uploads\/2019\/09\/Ferrari-458-Spider-Polizia-Locale-Milano-5-2.jpeg 1600w\" sizes=\"auto, (max-width: 300px) 100vw, 300px\" \/><\/a>insieme alla Polizia Locale di Belluno e di Milano e al personale di ANVU, saranno presenti anche i volontari dell&#8217;AIFVS &#8211; Associazione Italiana Familiari Vittime della Strada, della Federazione Motociclistica d\u2019Italia e dell&#8217;Arcat Veneto &#8211; l&#8217;Associazione Regionale dei Club Alcologici Territoriali.<\/p>\n<blockquote><p><em>\u00abSaremo presenti in Piazza tutto il pomeriggio &#8211; spiega il comandante della Polizia Locale di Belluno, Gustavo Dalla C\u00e0 \u2013 saremo presenti in Piazza Duomo tutto il pomeriggio per fornire informazioni sulla nostra attivit\u00e0 e per illustrare le nostre attrezzature, dagli autovelox ai precursori fino agli etilometri\u00bb.<\/em><\/p><\/blockquote>\n<p><strong>IL SINDACO DI BELLUNO, JACOPO MASSARO\u00a0<\/strong><\/p>\n<audio class=\"wp-audio-shortcode\" id=\"audio-99913-12\" preload=\"none\" style=\"width: 100%;\" controls=\"controls\"><source type=\"audio\/mpeg\" src=\"http:\/\/www.radiopiu.net\/wordpress\/wp-content\/uploads\/2019\/09\/massaro-in-piazza.mp3?_=12\" \/><a href=\"http:\/\/www.radiopiu.net\/wordpress\/wp-content\/uploads\/2019\/09\/massaro-in-piazza.mp3\">http:\/\/www.radiopiu.net\/wordpress\/wp-content\/uploads\/2019\/09\/massaro-in-piazza.mp3<\/a><\/audio>\n<p>&nbsp;<\/p>\n<p>&nbsp;<\/p>\n<h2>BLOCCAVANO GLI UCCELLINI CON LA COLLA, DENUNCIATA UNA PASTICCERIA A CORTINA<br \/>\nLEGGI L&#8217;ARTICOLO PUBBLICATO DA DOLOMITI.IT<\/h2>\n<h1><a href=\"https:\/\/www.ildolomiti.it\/cronaca\/2019\/denunciata-da-due-clienti-una-pasticceria-di-cortina-bloccavano-gli-uccellini-con-la-colla-uno-ha-perso-le-piume-e-non-potra-piu-volare?fbclid=IwAR0fSnymV2cm_UQQ3ZLXz8XQDeFgUuee4wvLROmaboBrbuUlbQSrTZvQgjM\">CLICCA QUI<\/a><\/h1>\n<p>&nbsp;<\/p>\n<p>&nbsp;<\/p>\n<p>&nbsp;<\/p>\n<h2>COLLEGIO DEI GESUITI A BELLUNO 315 ANNI FA (SU DISEGNO DI POZZO) DI RENATO BONA<\/h2>\n<p><a class=\"dt-pswp-item\" href=\"http:\/\/www.radiopiu.net\/wordpress\/wp-content\/uploads\/2019\/09\/70720657_747977148960692_1841422710823976960_n.png\" data-dt-img-description=\"\" data-large_image_width=\"290\" data-large_image_height=\"189\"><img loading=\"lazy\" decoding=\"async\" class=\"size-full wp-image-100040 alignleft\" src=\"http:\/\/www.radiopiu.net\/wordpress\/wp-content\/uploads\/2019\/09\/70720657_747977148960692_1841422710823976960_n.png\" alt=\"\" width=\"290\" height=\"189\" \/><\/a><strong>BELLUNO<\/strong>recentoquindici anni or sono, nel 1704 veniva realizzato a Belluno, su disegno del trentino Andrea Pozzo, il grandioso convento dei gesuiti che nella citt\u00e0 del Piave erano predicatori apprezzati fin dal Cinquecento. L\u2019opera aveva avuto una lunga gestazione e nonostante ripetuti tentativi di attivazione di un collegio gesuita nel Cinque-Seicento, soltanto nel 1698, grazie alla generosit\u00e0 del nobile Giovanni Campelli, poterono insediarsi ed iniziare l\u2019insegnamento in una sede provvisoria, nella via della Motta. Ventiquattro anni dopo la realizzazione del convento, fu aperta al culto anche la nuova chiesa di Sant\u2019Ignazio, era il 1728 ma nove lustri pi\u00f9 tardi la comunit\u00e0 venne soppressa e l\u2019imponente struttura &#8211; come ricorda il sito beniculturali &#8211; venne adattata ad uso scolastico quindi anche del seminario vescovile e infine trasformata in caserma. Ora, a distanza di lustri dalla chiusura del Distretto militare sono previsti importanti lavori per il recupero dell\u2019ex convento. L\u2019esperta Marta Azzalini, in una delle serate organizzate tempo fa dalla Biblioteca civica bellunese ha avuto modo di ricordare che Andrea Pozzo, l\u2019\u201carchitetto dei gesuiti\u201d, realizz\u00f2 per la Compagnia di Ges\u00f9 dipinti, scenografie sacre, altari ed edifici ed in particolare a Belluno \u201cprogett\u00f2 il Collegio dei Gesuiti in un\u2019area all\u2019esterno del contesto urbano, in una parte dell\u2019immenso spazio che un tempo si chiamava \u201cFavola\u201d. <a class=\"dt-pswp-item\" href=\"http:\/\/www.radiopiu.net\/wordpress\/wp-content\/uploads\/2019\/09\/70825315_392270831451192_6570760300239257600_n.jpg\" data-dt-img-description=\"\" data-large_image_width=\"220\" data-large_image_height=\"292\"><img loading=\"lazy\" decoding=\"async\" class=\"size-full wp-image-100041 alignright\" src=\"http:\/\/www.radiopiu.net\/wordpress\/wp-content\/uploads\/2019\/09\/70825315_392270831451192_6570760300239257600_n.jpg\" alt=\"\" width=\"220\" height=\"292\" \/><\/a>Un complesso che, fondato nel 1704, conservava al suo interno magnifiche opere, come le due strepitose pale di Brustolon oggi nella chiesa di San Pietro&#8230; All\u2019indomani della soppressione della Compagnia, venne chiuso anche il Collegio bellunese che nel corso dei secoli mut\u00f2 destinazione d\u2019uso diventando sede militare e, durante la seconda guerra mondiale anche prigione della Gestapo\u2026 Requisito nel 1797 dagli occupanti francesi per utilizzo militare, che ne comport\u00f2 una parziale ristrutturazione interna con alterazione dei volumi originali, dal 1854 al 1862 fu sede dell\u2019Istituto Militare di Educazione Inferiore asburgico, quindi divenne la sede del Distretto militare provinciale fino alla sua soppressione avvenuta nel 1995\u201d. Ed ecco come l\u2019enciclopedia on line treccani.it ricorda &#8211; sintetizziamo &#8211; vita ed opere di Pozzo noto anche come Del P\u00f2zzo o Dal P\u00f2zzo: \u201c\u2026 scolaro dei gesuiti a Trento dove era nato nel 1642 (mor\u00ec a Vienna nel 1709), maestro dell&#8217;illusionismo pittorico barocco, nel 1665, a Milano, entr\u00f2 nella Compagnia di Ges\u00f9, dove raggiunse il grado di fratello coadiutore. Fu attivo a Milano, Genova, Mondov\u00ec, Torino prima di approdare a Roma chiamato da padre Oliva dove realizz\u00f2 alcune delle sue opere di rilievo: le decorazioni nella cosiddetta cappella della Vigna (nell&#8217;attuale convento dei Frati minori di Sant\u2019Antonio alle Terme a San Saba, 1682); quella del corridoio della Casa Professa, annessa alla chiesa del Ges\u00f9 (1682-86); nella chiesa di Sant\u2019 Ignazio, la finta cupola e la imponente decorazione della tribuna e della volta raffigurante la gloria del santo (1685-94) e la cappella con altare di San Luigi Gonzaga, la cappella con altare di S. Ignazio nella chiesa del Ges\u00f9 (1695-99); decorazioni dell&#8217;altare maggiore e della cupola della chiesa del Ges\u00f9 a Frascati (1699-1700). Da Roma invi\u00f2 anche, sempre per la Compagnia di Ges\u00f9, progetti per le chiese di Ragusa, Lubiana,Arezzo, Belluno\u2026 Nel 1703 fu invitato da Leopoldo I a recarsi a Vienna, dove rimase fino alla morte\u2026 Tra le opere viennesi va segnalata la decorazione dell&#8217;universit\u00e0, del palazzo Liechtenstein del collegio dei Gesuiti (1704-09)\u201d. NELLE FOTO (Wikipedia e Biblioteca Belluno): Il fabbricato dell\u2019ex Collegio dei gesuiti e poi Distretto militare; il progettista Andrea Pozzo.<\/p>\n<p>&nbsp;<\/p>\n<p>&nbsp;<\/p>\n<p>&nbsp;<\/p>\n<p>&nbsp;<\/p>\n<p>&nbsp;<\/p>\n<p>&nbsp;<\/p>\n<p>&nbsp;<\/p>\n<h3>IL CONSORZIO CEV INCONTRA LE AMMINISTRAZIONI<\/h3>\n<blockquote><p><em>il primo appuntamento il 27 settembre a San Gregorio nelle Alpi<\/em><\/p><\/blockquote>\n<p><strong>SAN GREGORIO NELLE ALPI<\/strong> Si terr\u00e0 domni\u00a0 alle 18 a San Gregorio nelle Alpi il primo di una serie di incontri a livello nazionale promossi dal Consorzio CEV per presentare agli amministratori locali i servizi e le opportunit\u00e0 offerte agli Enti soci.\u00a0 Una decina i sindaci del territorio hanno gi\u00e0 assicurato la loro presenza. \u00a0Consorzio CEV \u00e8 un\u2019aggregazione di Enti Pubblici specializzata nel fornire soluzioni innovative ed efficienti per le attivit\u00e0 delle Pubbliche Amministrazioni che vogliono attuare modelli di gestione virtuosi ed improntati al risparmio. Al momento i Soci sono 1089. Nel corso dell\u2019incontro si parler\u00e0 dunque di risparmio e sostenibilit\u00e0 per gli Enti locali, al fine di sensibilizzare le amministrazioni comunali verso scelte energetiche \u201cgreen\u201d e per sostenere e supportare le stesse nell\u2019attuazione dei vari bandi ed obiettivi da realizzare ma che, a causa di costi ingenti o annose norme burocratiche, risultano di difficile compimento.<\/p>\n<blockquote><p><em>\u201cCon quello di venerd\u00ec avvieremo ufficialmente questo progetto \u2013 afferma \u00a0Andrea Augusto Tasinato, presidente del CEV -, che ci avviciner\u00e0 ancora di pi\u00f9 ai nostri attuali Soci e permetter\u00e0 di conoscerne di nuovi. Vogliamo lavorare insieme per il raggiungimento di obiettivi comuni. Le loro esigenze sono le nostre e puntiamo in primis a dare risposte ai cittadini\u201d. <\/em><\/p><\/blockquote>\n<p>&nbsp;<\/p>\n<p>&nbsp;<\/p>\n<p>&nbsp;<\/p>\n<h3>ASSEGNATI I PREMI BEATO BERNARDINO E FELTRE LAVORO. GAZ RICONFERMATO ALLA PRESIDENZA DI FAMIGLIA FELTRINA<\/h3>\n<p><strong><a class=\"dt-pswp-item\" href=\"http:\/\/www.radiopiu.net\/wordpress\/wp-content\/uploads\/2019\/09\/Foto-E.-Gaz-1.jpg\" data-dt-img-description=\"\" data-large_image_width=\"250\" data-large_image_height=\"250\"><img loading=\"lazy\" decoding=\"async\" class=\" wp-image-99983 alignleft\" src=\"http:\/\/www.radiopiu.net\/wordpress\/wp-content\/uploads\/2019\/09\/Foto-E.-Gaz-1.jpg\" alt=\"\" width=\"218\" height=\"218\" srcset=\"https:\/\/www.radiopiu.net\/wordpress\/wp-content\/uploads\/2019\/09\/Foto-E.-Gaz-1.jpg 250w, https:\/\/www.radiopiu.net\/wordpress\/wp-content\/uploads\/2019\/09\/Foto-E.-Gaz-1-150x150.jpg 150w\" sizes=\"auto, (max-width: 218px) 100vw, 218px\" \/><\/a>FELTRE<\/strong> Il Consiglio Direttivo di Famiglia Feltrina ha scelto i vincitori dei tradizionali riconoscimenti d\u2019autunno che verranno consegnati nel corso dell\u2019assemblea in programma domenica 20 ottobre nella Sala degli Stemmi del Municipio di Feltre.<strong> Per quanto riguarda il premio \u201cBeato Bernardino\u201d,<\/strong> il consiglio ha individuato all&#8217;unanimit\u00e0 l&#8217;Universit\u00e0 degli Adulti\/Anziani di Feltre. Il sodalizio, guidato negli ultimi anni con passione e competenza da Carla Cecchet. <strong>Il Premio \u201cFeltre &amp; Lavoro<\/strong>\u201d, destinato ad attivit\u00e0 economiche radicate nel territorio che si sono particolarmente distinte per dinamicit\u00e0, soprattutto nella creazione di nuove opportunit\u00e0 di occupazione, \u00e8 invece stato assegnato alla ditta MICTU srl di Quero Vas. Attiva nel campo della costruzione di utensili di precisione per lavorazioni speciali, annovera ora oltre 140 clienti in Italia e in tutta Europa, tra i quali nomi del calibro di Luxottica, Marcolin, Oakley, Visard, Euromoda (catena del lusso francese). Alla premiazione prenderanno parte anche gli alunni degli Istituti superiori feltrini diplomatisi con il massimo dei voti, a cui l&#8217;associazione consegner\u00e0 un piccolo premio in pubblicazioni di ambito locale, e sar\u00e0 anche consegnata la Borsa di studio \u201cArrigo Luca\u201d destinata a studenti meritevoli e bisognosi che frequentano i corsi universitari che si tengono a Feltre. <strong>Nel corso della sua ultima riunione, il Consiglio Direttivo di Famiglia Feltrina ha anche rinnovato le cariche per il prossimo triennio<\/strong>. Enrico Gaz (foto) \u00e8 stato riconfermato alla guida del sodalizio, cos\u00ec come i vicepresidenti Carlo Barbante e Antonio Francesco Bortoli. Anche Mario Andreina e Manlio Doglioni continueranno ad occuparsi, rispettivamente, della tesoreria e della segreteria. I Revisori dei Conti per il prossimo triennio saranno Angelo Dalla Costa, Emiliano Oddone e Guido Zasio, coadiuvati da Angelo Pasquale Pioggia e Nicolino Pertile.<\/p>\n<p>&nbsp;<\/p>\n<p>&nbsp;<\/p>\n<p>&nbsp;<\/p>\n<p>&nbsp;<\/p>\n<h3>OGGI LA LEGA IN PIAZZA A LEVEGO<\/h3>\n<p><strong><a class=\"dt-pswp-item\" href=\"http:\/\/www.radiopiu.net\/wordpress\/wp-content\/uploads\/2016\/03\/lega-nord-liga-veneto-salvini-elezioni-regionali-2015.jpg\" data-dt-img-description=\"\" data-large_image_width=\"600\" data-large_image_height=\"300\"><img loading=\"lazy\" decoding=\"async\" class=\" wp-image-17192 alignleft\" src=\"http:\/\/www.radiopiu.net\/wordpress\/wp-content\/uploads\/2016\/03\/lega-nord-liga-veneto-salvini-elezioni-regionali-2015-300x150.jpg\" alt=\"\" width=\"228\" height=\"114\" \/><\/a>BELLUNO<\/strong> Con la presente si comunica che oggi dalle 17.30 alle\u00a0 19.00, presso il distributore Eni di Via Meassa a Levego la locale Sezione Cittadina della Lega terr\u00e0 un gazebo per incontrare la cittadinanza delle frazioni di Levego e Sagrogna con l&#8217;intento di raccogliere spunti, idee e progetti per le localit\u00e0 in questione. Questa occasione, prima di un autunnale giro delle principali frazioni e quartieri del capoluogo, vuole essere occasione di confronto tra il nostro gruppo in Consiglio Comunale e la cittadinanza. Come gi\u00e0 pi\u00f9 volte dimostrato in questi primi due anni e mezzo del secondo mandato del Sindaco Massaro abbiamo avuto modo di essere attenti e vigili controllori dello stato in cui versano molteplici parti della nostra citt\u00e0. Riteniamo quindi che sia giunto il momento di passare ad una fase successiva in cui anche i comuni cittadini, per mezzo di questi incontri, possano mettersi in gioco. Saranno presenti\u00a0il Capogruppo Lega in Consiglio Comunale Luciano Da Pian con la Consigliera Maria Filippin ed il Segretario Cittadino della Lega Paolo Luciani.<\/p>\n<p>&nbsp;<\/p>\n<p>&nbsp;<\/p>\n<p>&nbsp;<\/p>\n<h3>OGGI L&#8217;ASSEMBLEA PETTIROSSO AGORDINO<\/h3>\n<div><strong><a class=\"dt-pswp-item\" href=\"http:\/\/www.radiopiu.net\/wordpress\/wp-content\/uploads\/2019\/09\/e6e2e448-63c9-4884-8781-1f5c23a3da3f.jpg\" data-dt-img-description=\"\" data-large_image_width=\"1600\" data-large_image_height=\"1200\"><img loading=\"lazy\" decoding=\"async\" class=\" wp-image-99819 alignleft\" src=\"http:\/\/www.radiopiu.net\/wordpress\/wp-content\/uploads\/2019\/09\/e6e2e448-63c9-4884-8781-1f5c23a3da3f-300x225.jpg\" alt=\"\" width=\"219\" height=\"164\" srcset=\"https:\/\/www.radiopiu.net\/wordpress\/wp-content\/uploads\/2019\/09\/e6e2e448-63c9-4884-8781-1f5c23a3da3f-300x225.jpg 300w, https:\/\/www.radiopiu.net\/wordpress\/wp-content\/uploads\/2019\/09\/e6e2e448-63c9-4884-8781-1f5c23a3da3f-768x576.jpg 768w, https:\/\/www.radiopiu.net\/wordpress\/wp-content\/uploads\/2019\/09\/e6e2e448-63c9-4884-8781-1f5c23a3da3f-1024x768.jpg 1024w, https:\/\/www.radiopiu.net\/wordpress\/wp-content\/uploads\/2019\/09\/e6e2e448-63c9-4884-8781-1f5c23a3da3f.jpg 1600w\" sizes=\"auto, (max-width: 219px) 100vw, 219px\" \/><\/a>AGORDO\u00a0<\/strong><\/div>\n<div><\/div>\n<div><\/div>\n<div><strong>NOSTRA INTERVISTA ALLA PRESIDENTE SONIA D&#8217;AGOSTINI<\/strong><\/div>\n<div><\/div>\n<div>\n<audio class=\"wp-audio-shortcode\" id=\"audio-99913-13\" preload=\"none\" style=\"width: 100%;\" controls=\"controls\"><source type=\"audio\/mpeg\" src=\"http:\/\/www.radiopiu.net\/wordpress\/wp-content\/uploads\/2019\/09\/sonia-d-agostini-pettirosso.mp3?_=13\" \/><a href=\"http:\/\/www.radiopiu.net\/wordpress\/wp-content\/uploads\/2019\/09\/sonia-d-agostini-pettirosso.mp3\">http:\/\/www.radiopiu.net\/wordpress\/wp-content\/uploads\/2019\/09\/sonia-d-agostini-pettirosso.mp3<\/a><\/audio>\n<\/div>\n<div><\/div>\n<div><\/div>\n<blockquote>\n<div><\/div>\n<\/blockquote>\n<div><\/div>\n<div><\/div>\n<div><\/div>\n<div><\/div>\n<div><\/div>\n<blockquote>\n<div><\/div>\n<\/blockquote>\n<div><\/div>\n<div>\n<p><strong><a class=\"dt-pswp-item\" href=\"http:\/\/www.radiopiu.net\/wordpress\/wp-content\/uploads\/2019\/08\/download-6.jpg\" data-dt-img-description=\"\" data-large_image_width=\"300\" data-large_image_height=\"168\"><img loading=\"lazy\" decoding=\"async\" class=\" wp-image-95372 alignleft\" src=\"http:\/\/www.radiopiu.net\/wordpress\/wp-content\/uploads\/2019\/08\/download-6-300x168.jpg\" alt=\"\" width=\"161\" height=\"90\" \/><\/a>IL SALUTO DI UNA COMUNITA&#8217; AD UN GRANDE PARROCO, DON MARIO ZANON<\/strong><\/p>\n<p><strong>TAIBON<\/strong>\u00a0<strong>La comunit\u00e0 parrocchiale invita la popolazione domenica 6 ottobre alle 10 alla messa per salutare e ringraziare Don Mario per gli anni dedicati al servizio della comunit\u00e0.<\/strong><\/p>\n<\/div>\n<p>&nbsp;<\/p>\n<p>&nbsp;<\/p>\n<p>&nbsp;<\/p>\n<p>&nbsp;<\/p>\n<h3>CONVEGNO SUL PLURILINGUISMO E IDENTITA&#8217; CULTURALE LADINI-SARDO<\/h3>\n<p><strong><a class=\"dt-pswp-item\" href=\"http:\/\/www.radiopiu.net\/wordpress\/wp-content\/uploads\/2019\/09\/foto-tenores-2-Untana-Vona-di-Orgosolo-NU.jpg\" data-dt-img-description=\"\" data-large_image_width=\"700\" data-large_image_height=\"584\"><img loading=\"lazy\" decoding=\"async\" class=\" wp-image-99964 alignleft\" src=\"http:\/\/www.radiopiu.net\/wordpress\/wp-content\/uploads\/2019\/09\/foto-tenores-2-Untana-Vona-di-Orgosolo-NU-300x250.jpg\" alt=\"\" width=\"226\" height=\"188\" srcset=\"https:\/\/www.radiopiu.net\/wordpress\/wp-content\/uploads\/2019\/09\/foto-tenores-2-Untana-Vona-di-Orgosolo-NU-300x250.jpg 300w, https:\/\/www.radiopiu.net\/wordpress\/wp-content\/uploads\/2019\/09\/foto-tenores-2-Untana-Vona-di-Orgosolo-NU.jpg 700w\" sizes=\"auto, (max-width: 226px) 100vw, 226px\" \/><\/a>CORTINA<\/strong> L&#8217;associazione Circlo dei Sardi nel bellunese ha messo in cantiere alcune importanti iniziative tra cui il convegno sul plurilinguismo con l&#8217;esibizione del gruppo di canto a tenore &#8220;Untana Vona&#8221; di Orgosolom in programma sabato alle 16.30 in sala di Cultura Don Alver\u00e0.<\/p>\n<blockquote>\n<p align=\"JUSTIFY\"><em>Il Circolo, ricerca momenti di confronto e collaborazione con tutte le forze presenti nel tessuto sociale, con le Istituzioni pubbliche, Enti locali e Culturali, Turistici ed Ambientalistici, partecipando e contribuendo alla realizzazione di progetti che si collochino nel quadro di una programmazione territoriale delle attivit\u00e0 sportive, del tempo libero, della Cultura, della Didattica e della tutela dell\u2019Ambiente.<\/em><\/p>\n<\/blockquote>\n<div><\/div>\n<div><\/div>\n<div><\/div>\n<h3><\/h3>\n<blockquote><p>&nbsp;<\/p><\/blockquote>\n<div>\n<h3><\/h3>\n<\/div>\n<h3><\/h3>\n<blockquote><p>&nbsp;<\/p><\/blockquote>\n<div>\n<h3>VENT&#8217;ANNI PER L&#8217;ASSOCIAZIONE CULTURALE VESES<\/h3>\n<blockquote><p><em>Dal 3 ottobre la mostra \u201c20 \u2013 Tutti d&#8217;un fiato\u201d<\/em><\/p><\/blockquote>\n<p><strong><a class=\"dt-pswp-item\" href=\"http:\/\/www.radiopiu.net\/wordpress\/wp-content\/uploads\/2019\/09\/1-Copertina-veses-settembre-2019-1.jpg\" data-dt-img-description=\"\" data-large_image_width=\"2480\" data-large_image_height=\"3508\"><img loading=\"lazy\" decoding=\"async\" class=\" wp-image-99987 alignleft\" src=\"http:\/\/www.radiopiu.net\/wordpress\/wp-content\/uploads\/2019\/09\/1-Copertina-veses-settembre-2019-1-212x300.jpg\" alt=\"\" width=\"184\" height=\"260\" srcset=\"https:\/\/www.radiopiu.net\/wordpress\/wp-content\/uploads\/2019\/09\/1-Copertina-veses-settembre-2019-1-212x300.jpg 212w, https:\/\/www.radiopiu.net\/wordpress\/wp-content\/uploads\/2019\/09\/1-Copertina-veses-settembre-2019-1-768x1086.jpg 768w, https:\/\/www.radiopiu.net\/wordpress\/wp-content\/uploads\/2019\/09\/1-Copertina-veses-settembre-2019-1-724x1024.jpg 724w\" sizes=\"auto, (max-width: 184px) 100vw, 184px\" \/><\/a>SOSPIROLO<\/strong> Vent&#8217;anni per l&#8217;Associazione culturale Veses. Per celebrare l&#8217;importante traguardo sono previsti numerosi appuntamenti, a iniziare dalla mostra \u201c20 \u2013 Tutti d&#8217;un fiato\u201d che si terr\u00e0 gioved\u00ec 3 ottobre presso la sala parrocchiale in Piazza Maggiore a Santa Giustina alle 18.30. Tanti gli eventi organizzati in vent&#8217;anni, molte le pubblicazioni e le occasioni di collaborazione tra i volontari dei territori, tutte raccontate nel fiore all&#8217;occhiello dell&#8217;associazione che \u00e8 il mensile \u201cIl Veses \u2013 Finestre sulla Valbelluna\u201d. La rivista ogni mese celebra le molteplici attivit\u00e0 del volontariato, di cittadini, di imprese, spaziando dalla cultura locale alle bellezze paesaggistiche, dalla cronaca all&#8217;approfondimento, dalla storia all&#8217;attualit\u00e0, dal mondo dei giovani allo sport. In seguito, nel mese di novembre sar\u00e0 organizzata una giornata dedicata alle associazioni volontaristiche del territorio e, a met\u00e0 dicembre, l&#8217;associazione Veses avr\u00e0 l\u2019onore di ospitare il giornalista Ferruccio De Bortoli, gi\u00e0 direttore de \u201cIl Corriere della Sera\u201d e \u201cIl Sole 24 Ore\u201d, che parteciper\u00e0 all\u2019evento conclusivo.<\/p>\n<\/div>\n<div><\/div>\n<div><\/div>\n<div><\/div>\n<div><\/div>\n<div><\/div>\n<div><\/div>\n<div><\/div>\n<div><\/div>\n<blockquote>\n<div><\/div>\n<\/blockquote>\n<div><\/div>\n<div><\/div>\n<h3><\/h3>\n<h3><\/h3>\n<blockquote><p>&nbsp;<\/p><\/blockquote>\n<h3>LA RASSEGNA DEI FORMAGGI DI MALGA DOLOMITICI A VILLA PATT<\/h3>\n<div><strong><a class=\"dt-pswp-item\" href=\"http:\/\/www.radiopiu.net\/wordpress\/wp-content\/uploads\/2019\/09\/33\u00b0-Rassegna-Formaggi-Malga-Agordino-e-prov-Bl-Villa-Patt-Sedico-29-09-19.jpg\" data-dt-img-description=\"\" data-large_image_width=\"591\" data-large_image_height=\"1240\"><img loading=\"lazy\" decoding=\"async\" class=\"size-medium wp-image-99988 alignleft\" src=\"http:\/\/www.radiopiu.net\/wordpress\/wp-content\/uploads\/2019\/09\/33\u00b0-Rassegna-Formaggi-Malga-Agordino-e-prov-Bl-Villa-Patt-Sedico-29-09-19-143x300.jpg\" alt=\"\" width=\"143\" height=\"300\" srcset=\"https:\/\/www.radiopiu.net\/wordpress\/wp-content\/uploads\/2019\/09\/33\u00b0-Rassegna-Formaggi-Malga-Agordino-e-prov-Bl-Villa-Patt-Sedico-29-09-19-143x300.jpg 143w, https:\/\/www.radiopiu.net\/wordpress\/wp-content\/uploads\/2019\/09\/33\u00b0-Rassegna-Formaggi-Malga-Agordino-e-prov-Bl-Villa-Patt-Sedico-29-09-19-488x1024.jpg 488w, https:\/\/www.radiopiu.net\/wordpress\/wp-content\/uploads\/2019\/09\/33\u00b0-Rassegna-Formaggi-Malga-Agordino-e-prov-Bl-Villa-Patt-Sedico-29-09-19.jpg 591w\" sizes=\"auto, (max-width: 143px) 100vw, 143px\" \/><\/a>SEDICO<\/strong>\u00a0 Il singolare ed unico patrimonio dei Formaggi di Malga dolomitici ritorna domenica \u00a0a Villa Patt di Sedico con la tradizionale Rassegna dei formaggi di malga dell\u2019Agordino e della provincia di Belluno. C\u2019\u00e8 grande attesa per l\u2019edizione n. 33 della Rassegna dei formaggi di Malga dell\u2019Agordino e della<br \/>\nProvincia di Belluno ospitata domenica 29 settembre 2019 nella splendida location di Villa Patt a Sedico, grazie alla fattiva collaborazione della locale Associazione Pro Loco ed inserita nella ormai conosciutissima e partecipata Mostra Mercato Colori Sapori e Profumi d\u2019Autunno. E&#8217; prevista \u00a0alle<br \/>\n11.30 la degustazione gratuita per il pubblico ed alle 12 la cerimonia di premiazione.<\/div>\n<div><\/div>\n<div><\/div>\n<div><\/div>\n<div><\/div>\n<div><\/div>\n<blockquote>\n<div><strong>PER L&#8217;EVENTO DEL FINE SETTIMANA A SEDICO, L&#8217;INTERVISTA DI RADIO PIU:\u00a0<\/strong> Claudio Mezzavilla presidente della pro loco di Sedico ci presenta la manifestaizone Colori Sapori e Profumi d&#8217;autunno, in programma per sabato e domenica a Villa Patt di Sedico. La manifestazione sara&#8217; anticipata da due serate del giovedi&#8217; e venerdi<\/div>\n<\/blockquote>\n<div><\/div>\n<div>\n<audio class=\"wp-audio-shortcode\" id=\"audio-99913-14\" preload=\"none\" style=\"width: 100%;\" controls=\"controls\"><source type=\"audio\/mpeg\" src=\"http:\/\/www.radiopiu.net\/wordpress\/wp-content\/uploads\/2019\/09\/claudio-mezzavilla-scade-giovedi.mp3?_=14\" \/><a href=\"http:\/\/www.radiopiu.net\/wordpress\/wp-content\/uploads\/2019\/09\/claudio-mezzavilla-scade-giovedi.mp3\">http:\/\/www.radiopiu.net\/wordpress\/wp-content\/uploads\/2019\/09\/claudio-mezzavilla-scade-giovedi.mp3<\/a><\/audio>\n<\/div>\n<div><\/div>\n<div><\/div>\n<blockquote>\n<div><\/div>\n<\/blockquote>\n<div><\/div>\n<div><\/div>\n<div><\/div>\n<div><\/div>\n<div><\/div>\n<div><\/div>\n<blockquote>\n<div><\/div>\n<\/blockquote>\n<h3>CONSIGLIO COMUNALE A SAN TOMASO<\/h3>\n<p><strong>SAN TOMASO<\/strong>\u00a0 Il sindaco Moreno De Val firma l&#8217;ordine del giorno della seduta consiliare di domani, alle 20 in Municipio: elezione commissione elettorale, 12^ e 14^ variazione al bilancio, sclassica e sdemanializzazione della strada comunale vicinale di Avoscan per cessione e permuta con aree di propriet\u00e0 privata.<\/p>\n<blockquote>\n<div><\/div>\n<\/blockquote>\n<div>\n<h3>CONSIGLIO COMUNALE A CANALE D&#8217;AGORDO<\/h3>\n<p><strong>CANALE D&#8217;AGORDO<\/strong> I consiglieri sono stati convocati dal sindaco Flavio Colcergnan in sala riunioni del Municipio per\u00a0 domani\u00a0 alle 20. Ordine del giorno: variazioni al bilancio e stanziamenti di previsione 2019-2021.<\/p>\n<\/div>\n<blockquote><p>&nbsp;<\/p><\/blockquote>\n<h3>CONSIGLIO COMUNALE A ROCCA PIETORE<\/h3>\n<p><strong>ROCCA PIETORE<\/strong> Il sindaco Andrea De Bernardin ha convocato i consiglieri per lunedi alle 18.30. All&#8217;ordine del giorno: approvazione documento unico di programmazione;\u00a0 prelevamento dal fondo di riserva; variazioni al bilancio di previsione; piano delle alienazioni e valorizzazione patrimonio immobiliare; comunicazioni del sindaco<\/p>\n<p>&nbsp;<\/p>\n<h3>CERIMONIA DI CONCLUSIONE PROGETTO EMERGENZA<\/h3>\n<p><strong>FELTRE<\/strong> Sabato alle 11.30 cerimonia di conclusione del Master di primo livello in &#8220;Prevenzione ed emergenza in territorio montano e d&#8217;alta quota&#8221; in sala convegni dell&#8217;ospedale Santa Maria del Prato alla presenza del direttore del Master, Piero Maestrelli e del direttore generale Rasi Caldogno.<\/p>\n<p>&nbsp;<\/p>\n<p>&nbsp;<\/p>\n<p>&nbsp;<\/p>\n<p><a class=\"dt-pswp-item\" href=\"http:\/\/www.radiopiu.net\/wordpress\/wp-content\/uploads\/2018\/09\/appuntamenti.jpeg\" data-dt-img-description=\"\" data-large_image_width=\"800\" data-large_image_height=\"100\"><img loading=\"lazy\" decoding=\"async\" class=\"aligncenter wp-image-61958 size-full\" src=\"http:\/\/www.radiopiu.net\/wordpress\/wp-content\/uploads\/2018\/09\/appuntamenti.jpeg\" alt=\"\" width=\"800\" height=\"100\" srcset=\"https:\/\/www.radiopiu.net\/wordpress\/wp-content\/uploads\/2018\/09\/appuntamenti.jpeg 800w, https:\/\/www.radiopiu.net\/wordpress\/wp-content\/uploads\/2018\/09\/appuntamenti-300x38.jpeg 300w, https:\/\/www.radiopiu.net\/wordpress\/wp-content\/uploads\/2018\/09\/appuntamenti-768x96.jpeg 768w\" sizes=\"auto, (max-width: 800px) 100vw, 800px\" \/><\/a><\/p>\n<p>&nbsp;<\/p>\n<p>&nbsp;<\/p>\n<h3>AI GIOVEDI DELLA SALUTE\u00a0 LA CEFALEA<\/h3>\n<p><strong>BELLUNO<\/strong> Oggi alle 18, nella sala riunioni dell&#8217;ospedale San Martino di Belluno, nell&#8217;ambito dei Gioved\u00ec della Salute, il Dott. Franco Ferracci, Direttore della UOC di Neurologia di Belluno, parler\u00e0 della cefalea. Il titolo della presentazione &#8220;La cefalea 3.0&#8221; si riferisce alle recenti acquisizioni in materia di terapia profilattica.\u00a0 La cefalea \u00e8 un problema noto a tutti, sulle cui precise cause le conoscenze scientifiche sono molto limitate. L&#8217;impatto economico in termini di costi diretti, legati all&#8217;assistenza sanitaria e indiretti, dovuti alla ridotta produttivit\u00e0 lavorativa dei malati ammontano a 118 miliardi di euro nella comunit\u00e0 europea. Si tratta quindi di una condizione familiare a tutti ma complessa e delicata nella gestione. L&#8217;argomento sar\u00e0 di sicuro interesse per quanti vorranno partecipare all\u2019incontro.<\/p>\n<p>&nbsp;<\/p>\n<p>&nbsp;<\/p>\n<h3><a class=\"dt-pswp-item\" href=\"http:\/\/www.radiopiu.net\/wordpress\/wp-content\/uploads\/2019\/09\/IMG-20190925-WA0003.jpg\" data-dt-img-description=\"\" data-large_image_width=\"1600\" data-large_image_height=\"900\"><img loading=\"lazy\" decoding=\"async\" class=\" wp-image-99938 alignleft\" src=\"http:\/\/www.radiopiu.net\/wordpress\/wp-content\/uploads\/2019\/09\/IMG-20190925-WA0003-300x169.jpg\" alt=\"\" width=\"176\" height=\"99\" srcset=\"https:\/\/www.radiopiu.net\/wordpress\/wp-content\/uploads\/2019\/09\/IMG-20190925-WA0003-300x169.jpg 300w, https:\/\/www.radiopiu.net\/wordpress\/wp-content\/uploads\/2019\/09\/IMG-20190925-WA0003-768x432.jpg 768w, https:\/\/www.radiopiu.net\/wordpress\/wp-content\/uploads\/2019\/09\/IMG-20190925-WA0003-1024x576.jpg 1024w, https:\/\/www.radiopiu.net\/wordpress\/wp-content\/uploads\/2019\/09\/IMG-20190925-WA0003.jpg 1600w\" sizes=\"auto, (max-width: 176px) 100vw, 176px\" \/><\/a>DOMENICA INAUGURAZIONE DELLA RINNOVATA PIAZZOLA DEL RIFUGIO BOZ<\/h3>\n<p><strong>CESIOMAGGIORE\u00a0<\/strong> Sar\u00e0 inaugurata domenica prossima, 29 settembre, la piazzola per l&#8217;atterraggio dell&#8217;elicottero del Rifugio Boz, rinnovata con due giornate di lavoro dal Soccorso alpino di Feltre. Nel decennale dalla loro scomparsa, la piazzola sar\u00e0 intitolata all&#8217;equipaggio di Falco, Dario, Fabrizio, Marco e Stefano, precipitato a Rio Gere il 22 agosto del 2009. La piccola cerimonia si terr\u00e0 alle 11.<\/p>\n<p>&nbsp;<\/p>\n<p>&nbsp;<\/p>\n<h3>\u201cGIORNATA DELLA ROSA- ALLE SPONDE DEL VESES\u201d<\/h3>\n<p><em>A S.Giustina la nuova edizione della tradizionale marcia non competitiva<\/em><\/p>\n<p><strong>SANTA GIUSTINA<\/strong> Domenica si svolger\u00e0 la nuova edizione della \u201cGiornata della Rosa-alle sponde del Veses\u201d, tradizionale marcia non competitiva, che unisce, con due diversi percorsi, podisti ed atleti formati a semplici camminatori, appassionati e famiglie. La manifestazione \u00e8 nata nei primi anni \u201990 per iniziativa dell\u2019AIPD (Associazione Italiana persone con sindrome di Down), sezione provinciale di Belluno<\/p>\n<p>&nbsp;<\/p>\n<p>&nbsp;<\/p>\n<p><strong>CAPRILE<\/strong> &#8220;Impara a fai calzetti&#8221;, corso gratuito di maglia con gioco ferri corti. Corso di 4 lezioni presso la sede Cai di Caprile. Il sabato pomeriggio dal 5 ottobre dalle 14 alle 16, massimo 8 persone. Info 328 5384339<\/p>\n<p>&nbsp;<\/p>\n<p>&nbsp;<\/p>\n<p><strong><a class=\"dt-pswp-item\" href=\"http:\/\/www.radiopiu.net\/wordpress\/wp-content\/uploads\/2018\/09\/viabilita.jpeg\" data-dt-img-description=\"\" data-large_image_width=\"800\" data-large_image_height=\"100\"><img loading=\"lazy\" decoding=\"async\" class=\"alignnone wp-image-61954 size-full\" src=\"http:\/\/www.radiopiu.net\/wordpress\/wp-content\/uploads\/2018\/09\/viabilita.jpeg\" alt=\"\" width=\"800\" height=\"100\" srcset=\"https:\/\/www.radiopiu.net\/wordpress\/wp-content\/uploads\/2018\/09\/viabilita.jpeg 800w, https:\/\/www.radiopiu.net\/wordpress\/wp-content\/uploads\/2018\/09\/viabilita-300x38.jpeg 300w, https:\/\/www.radiopiu.net\/wordpress\/wp-content\/uploads\/2018\/09\/viabilita-768x96.jpeg 768w\" sizes=\"auto, (max-width: 800px) 100vw, 800px\" \/><\/a><\/strong><\/p>\n<p><strong>Regionale 48 delle Dolomiti,<\/strong> localit\u00e0 San Giovanni di Livinallongo: fino al 4 ottobre dalle 8.30 alle 12 e dalle 13.30 alle 17.30 senso unico alternato e interruzioni della durata massima di 20 minuti.<\/p>\n<p><strong>Regionale 251 Val di Zoldo,<\/strong> Comune di Colle Santa Lucia: fino\u00a0 al 30 settembre con esclusione dei giorni festivi e prefestivi senso unico alternato.<\/p>\n<p><strong>Regionale 346 del San<\/strong> Pellegrino Comune di Falcade: dal 30 settembre al 18 ottobre escusi festivi e prefestivi, senso unico alternato.<\/p>\n<p><strong>Provinciale 563 di Salesei,<\/strong> Comune di Rocca Pietore: dal 30 settembre all&#8217;11 ottobre senso unico alternato regolato da movieri dalle 8 alle 18<\/p>\n<p>&nbsp;<\/p>\n<p>&nbsp;<\/p>\n<p>&nbsp;<\/p>\n<p><a class=\"dt-pswp-item\" href=\"http:\/\/www.radiopiu.net\/wordpress\/wp-content\/uploads\/2018\/09\/sport.jpg\" data-dt-img-description=\"\" data-large_image_width=\"800\" data-large_image_height=\"100\"><img loading=\"lazy\" decoding=\"async\" class=\"aligncenter wp-image-60761 size-full\" src=\"http:\/\/www.radiopiu.net\/wordpress\/wp-content\/uploads\/2018\/09\/sport.jpg\" alt=\"\" width=\"800\" height=\"100\" srcset=\"https:\/\/www.radiopiu.net\/wordpress\/wp-content\/uploads\/2018\/09\/sport.jpg 800w, https:\/\/www.radiopiu.net\/wordpress\/wp-content\/uploads\/2018\/09\/sport-300x38.jpg 300w, https:\/\/www.radiopiu.net\/wordpress\/wp-content\/uploads\/2018\/09\/sport-768x96.jpg 768w\" sizes=\"auto, (max-width: 800px) 100vw, 800px\" \/><\/a><\/p>\n<h2><\/h2>\n<p>&nbsp;<\/p>\n<h1 class=\"title style-scope ytd-video-primary-info-renderer\">David Norris New Signing for the Milton Keynes Lightning<\/h1>\n<blockquote><p><em><strong>IL COMUNICATO STAMPA DELL&#8217;ALLEGHE HOCKEY\u00a0<\/strong><\/em><\/p><\/blockquote>\n<p><img loading=\"lazy\" decoding=\"async\" class=\"alignleft size-medium wp-image-22338\" src=\"https:\/\/i2.wp.com\/www.alleghehockey.com\/wp-content\/uploads\/2019\/09\/David-Norris-face.jpg?resize=200%2C300\" sizes=\"auto, (max-width: 200px) 100vw, 200px\" srcset=\"https:\/\/i2.wp.com\/www.alleghehockey.com\/wp-content\/uploads\/2019\/09\/David-Norris-face.jpg?resize=200%2C300 200w, https:\/\/i2.wp.com\/www.alleghehockey.com\/wp-content\/uploads\/2019\/09\/David-Norris-face.jpg?resize=85%2C128 85w, https:\/\/i2.wp.com\/www.alleghehockey.com\/wp-content\/uploads\/2019\/09\/David-Norris-face.jpg?resize=21%2C32 21w, https:\/\/i2.wp.com\/www.alleghehockey.com\/wp-content\/uploads\/2019\/09\/David-Norris-face.jpg?w=300 300w\" alt=\"\" width=\"200\" height=\"300\" data-attachment-id=\"22338\" data-permalink=\"http:\/\/www.alleghehockey.com\/david-norris-nuovo-straniero-delle-civette\/david-norris-face\/\" data-orig-file=\"https:\/\/i2.wp.com\/www.alleghehockey.com\/wp-content\/uploads\/2019\/09\/David-Norris-face.jpg?fit=300%2C450\" data-orig-size=\"300,450\" data-comments-opened=\"1\" data-image-meta=\"{&quot;aperture&quot;:&quot;0&quot;,&quot;credit&quot;:&quot;&quot;,&quot;camera&quot;:&quot;&quot;,&quot;caption&quot;:&quot;&quot;,&quot;created_timestamp&quot;:&quot;0&quot;,&quot;copyright&quot;:&quot;&quot;,&quot;focal_length&quot;:&quot;0&quot;,&quot;iso&quot;:&quot;0&quot;,&quot;shutter_speed&quot;:&quot;0&quot;,&quot;title&quot;:&quot;&quot;,&quot;orientation&quot;:&quot;0&quot;}\" data-image-title=\"David Norris face\" data-image-description=\"\" data-medium-file=\"https:\/\/i2.wp.com\/www.alleghehockey.com\/wp-content\/uploads\/2019\/09\/David-Norris-face.jpg?fit=200%2C300\" data-large-file=\"https:\/\/i2.wp.com\/www.alleghehockey.com\/wp-content\/uploads\/2019\/09\/David-Norris-face.jpg?fit=300%2C450\" \/>Dopo qualche giorno di telefonate e trattative, abbiamo il piacere e una certa soddisfazione di comunicare ai tifosi e appassionati sparsi in provincia e non solo, l\u2019arrivo sulle sponde del lago di David Norris, attaccante Canadese di 26 anni con una struttura fisica rilevante, ben 188 cm x 93 kg.<br \/>\nQuesto giocatore era gi\u00e0 da qualche tempo nelle mire del nostro allenatore Juhani Matikainen ed insieme al nostro sempre presente Presidente Renato Rossi \u00e8 stato accontentato.<\/p>\n<p>David, nato a Calgary e in possesso del doppio passaporto canadese e britannico \u00e8 cresciuto nelle leghe giovanili dell\u2019Alberta per poi approdare al campionato universitario NCAA dove ha militato nell\u2019American International College e nella Arizona State University. Proviene dai Milton Keynes Lightning della EIHL, la prima lega inglese, dove in 32 partite ha segnato 5 goal e 13 assist per un totale di 18 punti.<\/p>\n<p>Come Societ\u00e0 Alleghe Hockey abbiamo la speranza che questo impegno da parte nostra sia gradito ai tifosi e appassionati, per questo Vi chiediamo: \u201cVenite allo Stadio, i Ragazzi e la Societ\u00e0 hanno bisogno di Voi del Vostro supporto!\u201d<\/p>\n<p><iframe loading=\"lazy\" title=\"David Norris New Signing for the Milton Keynes Lightning [2018\/19 Season]\" width=\"1200\" height=\"675\" src=\"https:\/\/www.youtube.com\/embed\/ICxHYrcx7xI?feature=oembed\" frameborder=\"0\" allow=\"accelerometer; autoplay; encrypted-media; gyroscope; picture-in-picture\" allowfullscreen><\/iframe><\/p>\n<p>&nbsp;<\/p>\n<p>&nbsp;<\/p>\n<h2>STASERA ALLEGHE IN CAMPO AL DE TONI<\/h2>\n<p><a class=\"dt-pswp-item\" href=\"http:\/\/www.radiopiu.net\/wordpress\/wp-content\/uploads\/2019\/08\/logo-alleghe-hockey.png\" data-dt-img-description=\"\" data-large_image_width=\"547\" data-large_image_height=\"512\"><img loading=\"lazy\" decoding=\"async\" class=\" wp-image-95699 alignleft\" src=\"http:\/\/www.radiopiu.net\/wordpress\/wp-content\/uploads\/2019\/08\/logo-alleghe-hockey-300x281.png\" alt=\"\" width=\"231\" height=\"216\" srcset=\"https:\/\/www.radiopiu.net\/wordpress\/wp-content\/uploads\/2019\/08\/logo-alleghe-hockey-300x281.png 300w, https:\/\/www.radiopiu.net\/wordpress\/wp-content\/uploads\/2019\/08\/logo-alleghe-hockey.png 547w\" sizes=\"auto, (max-width: 231px) 100vw, 231px\" \/><\/a>Si gioca questa sera la seconda giornata della IHL. Alleghe in campo al De Toni contro il Pergine. Le civette escono da una sonora sconfitta nella partita d&#8217;esordio contro il Merano e questa sera dovranno dare il massimo per battere i trentini. Agordini che avevano tenuto il passo dei meranesi per 40&#8242;, poi il crollo fisico e mentale che ha permesso agli altoatesini di mettere a segno un gol dopo l&#8217;altro. Pergine che \u00e8 in fondo alla classifica dopo aver perso domenica scorsa con il Varese e che arriver\u00e0 agguerrito in riva al lago di Alleghe. Una partita importante per gli alleghesi che vogliono staccarsi dal fondo classifica al pi\u00f9 presto cercando di racimolare pi\u00f9 punti possibili in questa prima parte della stagione. Ancora fuori rosa Carlo Lorenzi che non scender\u00e0 in campo a causa di un infortunio nel pre campionato. Nel frattempo la squadra di Matikainen sta tastando il terreno per far arrivare ad Alleghe un&#8217;altro giocatore dopo l&#8217;esclusione del finlandese Viitanen arrivato al De Toni fuori forma. Questa sera alle ore 20:30 l&#8217;Alleghe sfider\u00e0 il Pergine, diretta su Radio Pi\u00f9 all&#8217;interno di \u201cHockey Al Punto Giusto\u201d.<\/p>\n<p>&nbsp;<\/p>\n<p>&nbsp;<\/p>\n<p>&nbsp;<\/p>\n<p>&nbsp;<\/p>\n<h3>AL VIA IL 5 OTTOBRE LA DOLOMITI RESCUE RACE 2019<\/h3>\n<p><strong><a class=\"dt-pswp-item\" href=\"http:\/\/www.radiopiu.net\/wordpress\/wp-content\/uploads\/2018\/08\/soccorsoalpino.jpg\" data-dt-img-description=\"\" data-large_image_width=\"1200\" data-large_image_height=\"1200\"><img loading=\"lazy\" decoding=\"async\" class=\" wp-image-59164 alignleft\" src=\"http:\/\/www.radiopiu.net\/wordpress\/wp-content\/uploads\/2018\/08\/soccorsoalpino-300x300.jpg\" alt=\"\" width=\"191\" height=\"191\" srcset=\"https:\/\/www.radiopiu.net\/wordpress\/wp-content\/uploads\/2018\/08\/soccorsoalpino-300x300.jpg 300w, https:\/\/www.radiopiu.net\/wordpress\/wp-content\/uploads\/2018\/08\/soccorsoalpino-150x150.jpg 150w, https:\/\/www.radiopiu.net\/wordpress\/wp-content\/uploads\/2018\/08\/soccorsoalpino-768x768.jpg 768w, https:\/\/www.radiopiu.net\/wordpress\/wp-content\/uploads\/2018\/08\/soccorsoalpino-1024x1024.jpg 1024w, https:\/\/www.radiopiu.net\/wordpress\/wp-content\/uploads\/2018\/08\/soccorsoalpino.jpg 1200w\" sizes=\"auto, (max-width: 191px) 100vw, 191px\" \/><\/a>PIEVE DI CADORE\u00a0<\/strong> Sono attese 60 squadre alla nona edizione della Dolomiti Rescue Race, la gara internazionale riservata ai componenti del Soccorso alpino e speleologico in Italia &#8211; Corpo nazionale soccorso alpino e speleologico e altri enti &#8211; e dei mountain rescue team europei, che si svolger\u00e0 sabato 5 ottobre a Pieve di Cadore, con prove tecniche e di resistenza. All&#8217;evento, nato con lo scopo di incontrarsi, confrontarsi e stringere nuove amicizie in un contesto diverso da quello operativo e di intervento, parteciperanno quest&#8217;anno, oltre a squadre provenienti da tutte le regioni italiane, anche soccorritori di Polonia, Scozia, Romania, Slovenia, Croazia, Repubblica Ceca, Slovacchia e Serbia.<br \/>\nLa Dolomiti Rescue Race \u00e8 una competizione tecnica per squadre di quattro elementi ognuna, equipaggiati con materiale specifico. La partenza della gara, alle 8.30, avviene a Praciadelan di Calalzo di Cadore (BL), gli atleti salgono ai Piani del Monte Antelao e a Forcella Piria, per proseguire in cresta, calarsi poi con le corde doppie, raggiungere la vallata, attrezzare la barella e con questa arrivare al traguardo in Piazza Tiziano a Pieve di Cadore (BL), dove i primi arrivi sono attesi attorno alle 10.30. Il dislivello in salita \u00e8 di 1.250 metri, in discesa di 1.440 metri per 15 chilometri di sviluppo. L&#8217;edizione dello scorso anno \u00e8 stata vinta dalla Slovenia.<\/p>\n<p>&nbsp;<\/p>\n<p>&nbsp;<\/p>\n<h2>A SAN TOMASO SI RICORDA MANUEL COSTA E SEBASTIANO VATTAI<\/h2>\n<p><a class=\"dt-pswp-item\" href=\"http:\/\/www.radiopiu.net\/wordpress\/wp-content\/uploads\/2019\/09\/MANIFESTO-TORNEO-MANULE-SAN-TOMASO.jpg\" data-dt-img-description=\"\" data-large_image_width=\"1465\" data-large_image_height=\"2048\"><img loading=\"lazy\" decoding=\"async\" class=\"size-medium wp-image-99824 alignleft\" src=\"http:\/\/www.radiopiu.net\/wordpress\/wp-content\/uploads\/2019\/09\/MANIFESTO-TORNEO-MANULE-SAN-TOMASO-215x300.jpg\" alt=\"\" width=\"215\" height=\"300\" srcset=\"https:\/\/www.radiopiu.net\/wordpress\/wp-content\/uploads\/2019\/09\/MANIFESTO-TORNEO-MANULE-SAN-TOMASO-215x300.jpg 215w, https:\/\/www.radiopiu.net\/wordpress\/wp-content\/uploads\/2019\/09\/MANIFESTO-TORNEO-MANULE-SAN-TOMASO-768x1074.jpg 768w, https:\/\/www.radiopiu.net\/wordpress\/wp-content\/uploads\/2019\/09\/MANIFESTO-TORNEO-MANULE-SAN-TOMASO-733x1024.jpg 733w, https:\/\/www.radiopiu.net\/wordpress\/wp-content\/uploads\/2019\/09\/MANIFESTO-TORNEO-MANULE-SAN-TOMASO.jpg 1465w\" sizes=\"auto, (max-width: 215px) 100vw, 215px\" \/><\/a>Ritorna l&#8217;appuntamento annuale con il calcio a 5 a San Tomaso Agordino. Per la terza volta consecutiva viene giocato all&#8217;Arena1082 il torneo organizzato dalle Nuove Leve MC e gli amici di Manuel Costa. Venerd\u00ec, sabato e domenica \u00e8 in programma \u201cIn campo sulle ali di un angelo\u201d, il torneo di calcetto maschile e femminile arrivato alla terza. In ambito maschile il Memorial \u00e8 dedicato a Manuel Costa ed inizier\u00e0 venerd\u00ec sera con le prime partite di qualificazione. 8 le squadre iscritte al torneo che si sfideranno per aggiudicarsi la fase finale in programma domenica pomeriggio con la finalissima prevista alle ore 18. In ambito femminile si giocher\u00e0 il Memorial Sebastiano Vattai con 3 squadre iscritte che nella mattinata di domenica si scontreranno a vicenda. Le due migliori si sfideranno nella finalissima delle ore 17.<\/p>\n<p>&nbsp;<\/p>\n<p>&nbsp;<\/p>\n<p>&nbsp;<\/p>\n<p>&nbsp;<\/p>\n<p><a class=\"dt-pswp-item\" href=\"http:\/\/www.radiopiu.net\/wordpress\/wp-content\/uploads\/2018\/09\/WhatsApp-Image-2018-09-20-at-16.04.06.jpeg\" data-dt-img-description=\"\" data-large_image_width=\"800\" data-large_image_height=\"100\"><img loading=\"lazy\" decoding=\"async\" class=\"aligncenter wp-image-61378 size-full\" src=\"http:\/\/www.radiopiu.net\/wordpress\/wp-content\/uploads\/2018\/09\/WhatsApp-Image-2018-09-20-at-16.04.06.jpeg\" alt=\"\" width=\"800\" height=\"100\" srcset=\"https:\/\/www.radiopiu.net\/wordpress\/wp-content\/uploads\/2018\/09\/WhatsApp-Image-2018-09-20-at-16.04.06.jpeg 800w, https:\/\/www.radiopiu.net\/wordpress\/wp-content\/uploads\/2018\/09\/WhatsApp-Image-2018-09-20-at-16.04.06-300x38.jpeg 300w, https:\/\/www.radiopiu.net\/wordpress\/wp-content\/uploads\/2018\/09\/WhatsApp-Image-2018-09-20-at-16.04.06-768x96.jpeg 768w\" sizes=\"auto, (max-width: 800px) 100vw, 800px\" \/><\/a><\/p>\n<p>&nbsp;<\/p>\n<p><center><b>Giovedi 26<\/b><\/center><b>Tempo atteso: <\/b>Tempo nuovamente ben soleggiato con cielo sereno o poco nuvoloso al mattino, salvo banchi di nubi basse e nebbie mattutine nel catino bellunese, in graduale dissolvimento. Sole e transito di nubi alte tra le ore centrali e il primo pomeriggio, poi ampi rasserenamenti fino a cielo sereno alla sera. Aria tersa ed ottima visibilit\u00e0 in quota. Clima fresco al primo mattino e di nuovo pi\u00f9 mite di giorno, specie nei fondovalle pi\u00f9 assolati.<br \/>\n<b>Precipitazioni: <\/b>Assenti (0%).<br \/>\n<b>Temperature: <\/b>Minime in calo, pi\u00f9 marcato nelle valli; massime in generale rialzo, pi\u00f9 sensibile nelle valli. Sono previsti massimi di 20\/22\u00b0C nei fondovalle prealpini, di 14\/16\u00b0C a 1000\/1200 m. Su Prealpi a 1500 m min 7\u00b0C max 12\u00b0C, a 2000 m min 5\u00b0C max 9\u00b0C. Su Dolomiti a 2000 m min 4\u00b0C max 9\u00b0C, a 3000 m min -1\u00b0C max 2\u00b0C.<br \/>\n<b>Venti: <\/b>Nelle valli perlopi\u00f9 deboli a regime di brezza; in quota deboli\/moderati da Nord-Ovest, a 5-10 km\/h a 2000 m, a 15-25 km\/h a 3000 m.<\/p>\n<hr \/>\n<p><center><b>Venerdi 27<\/b><\/center><b>Tempo atteso: <\/b>Tempo soleggiato con cielo sereno al mattino, salvo nubi basse mattutine e serali su alcuni settori prealpini. In alcuni momenti del giorno passaggio di nubi alte in grado di velare il cielo. Aria tersa ed ottima visibilit\u00e0 in quota. Clima diurno particolarmente mite per il periodo, specie in quota.<br \/>\n<b>Precipitazioni: <\/b>Assenti (0%).<br \/>\n<b>Temperature: <\/b>In generale ripresa a tutte le quote. Sono previsti massimi di 22\/24\u00b0C nei fondovalle prealpini, di 17\/19\u00b0C a 1000\/1200 m. Su Prealpi a 1500 m min 10\u00b0C max 13\u00b0C, a 2000 m min 8\u00b0C max 10\u00b0C. Su Dolomiti a 2000 m min 7\u00b0C max 11\u00b0C, a 3000 m min 3\u00b0C max 5\u00b0C.<br \/>\n<b>Venti: <\/b>Nelle valli perlopi\u00f9 deboli a regime di brezza; in quota deboli\/moderati dai quadranti occidentali sulle cime pi\u00f9 alte, da Sud Sud-Est a 1500\/2000 m, a 5-10 km\/h a 2000 m, a 15-20 km\/h a 3000 m.<\/p>\n<hr \/>\n<p><center><b>Sabato 28<\/b><\/center>Tempo soleggiato in alta quota e in alcune valli dolomitiche, specie quelle settentrionali, altrove il il rischio di essere immersi in una coltre di nubi basse fino sui 2000\/2200 m sar\u00e0 alto sulle Prealpi e parte delle Dolomiti meridionali. Il dissolvimento di queste ultime potrebbe non avvenire sulle Prealpi ed essere solo parziale sulle Dolomiti. In questo contesto assai umido l&#8217;insidia pioviggine non sar\u00e0 del tutto da escludere. In quota temperature in leggero aumento; nelle valli minime in rialzo e massime in calo. Venti deboli\/moderati dai quadranti occidentali in quota e deboli di direzione variabile nelle valli.<\/p>\n<hr \/>\n<p><center><b>Domenica 29<\/b><\/center>Estese nubi basse su tutta la montagna veneta, mentre il sole sar\u00e0 presente sopra i 2200\/2400 m, anche se parzialmente velato da nubi alte. La coltre di nubi basse sar\u00e0 spesso prsistente, mantenendo condizioni di tempo uggioso e fresco con debole escursione termica diurna nelle valli. In questo contesto non sar\u00e0 da escludere qualche pioviggina. Temperature senza variazioni di rilievo rispetto a sabato. Venti deboli\/moderati dai quadranti occidentali in quota e deboli di direzione variabile nelle valli. Previsore: R.L.Th.<\/p>\n","protected":false},"excerpt":{"rendered":"<p>&nbsp; &nbsp; &nbsp; Da ieri pomeriggio, fin dalla prima notizia della scomparsa di Massimiliano Max Pachner abbiamo impostato una pagina di ricordi e messaggi di cordoglio in continuo aggiornamento. La riproponiamo in questo notiziario con un messaggio di cordoglio alla famiglia dell&#8217; amminstratore sappadino. E&#8217; MORTO MAX PACHNER &nbsp; &nbsp; &nbsp; DALLA PAGINA FACEBOOK DI&hellip;<\/p>\n","protected":false},"author":1,"featured_media":99999,"comment_status":"closed","ping_status":"closed","sticky":false,"template":"","format":"standard","meta":{"_monsterinsights_skip_tracking":false,"_monsterinsights_sitenote_active":false,"_monsterinsights_sitenote_note":"","_monsterinsights_sitenote_category":0,"footnotes":""},"categories":[86],"tags":[],"class_list":["post-99913","post","type-post","status-publish","format-standard","has-post-thumbnail","hentry","category-gr","category-86","description-off"],"img_url":"https:\/\/www.radiopiu.net\/wordpress\/wp-content\/uploads\/2019\/09\/42984084_2294837037212163_5729061828231692288_n.jpg","_links":{"self":[{"href":"https:\/\/www.radiopiu.net\/wordpress\/wp-json\/wp\/v2\/posts\/99913","targetHints":{"allow":["GET"]}}],"collection":[{"href":"https:\/\/www.radiopiu.net\/wordpress\/wp-json\/wp\/v2\/posts"}],"about":[{"href":"https:\/\/www.radiopiu.net\/wordpress\/wp-json\/wp\/v2\/types\/post"}],"author":[{"embeddable":true,"href":"https:\/\/www.radiopiu.net\/wordpress\/wp-json\/wp\/v2\/users\/1"}],"replies":[{"embeddable":true,"href":"https:\/\/www.radiopiu.net\/wordpress\/wp-json\/wp\/v2\/comments?post=99913"}],"version-history":[{"count":0,"href":"https:\/\/www.radiopiu.net\/wordpress\/wp-json\/wp\/v2\/posts\/99913\/revisions"}],"wp:featuredmedia":[{"embeddable":true,"href":"https:\/\/www.radiopiu.net\/wordpress\/wp-json\/wp\/v2\/media\/99999"}],"wp:attachment":[{"href":"https:\/\/www.radiopiu.net\/wordpress\/wp-json\/wp\/v2\/media?parent=99913"}],"wp:term":[{"taxonomy":"category","embeddable":true,"href":"https:\/\/www.radiopiu.net\/wordpress\/wp-json\/wp\/v2\/categories?post=99913"},{"taxonomy":"post_tag","embeddable":true,"href":"https:\/\/www.radiopiu.net\/wordpress\/wp-json\/wp\/v2\/tags?post=99913"}],"curies":[{"name":"wp","href":"https:\/\/api.w.org\/{rel}","templated":true}]}}